{"id":11017,"date":"2020-05-20T17:17:48","date_gmt":"2020-05-20T15:17:48","guid":{"rendered":"https:\/\/evertonfc.cz\/?p=11017"},"modified":"2020-05-25T10:31:47","modified_gmt":"2020-05-25T08:31:47","slug":"everton-bude-obliekat-hummel","status":"publish","type":"post","link":"https:\/\/evertonfc.cz\/index.php\/2020\/05\/20\/everton-bude-obliekat-hummel\/","title":{"rendered":"Everton bude oblieka\u0165 Hummel"},"content":{"rendered":"<h4>The Toffees dnes ozn\u00e1mili nov\u00e9ho dod\u00e1vate\u013ea dresov od nasleduj\u00facej sez\u00f3ny. V\u00a0rekordnej trojro\u010dnej zmluve sa zaviazali s\u00a0d\u00e1nskou zna\u010dkou \u0161portov\u00e9ho oble\u010denia.<\/h4>\n<p>Toto \u201etechnick\u00e9 partnerstvo\u201c, ako upres\u0148uje ofici\u00e1lna str\u00e1nka, bude ma\u0165 za \u00falohu oblieka\u0165 mu\u017esk\u00e9, \u017eensk\u00e9 t\u00edmy, ako aj akad\u00e9miu a\u00a0cel\u00fd realiza\u010dn\u00fd\u00a0t\u00edm, vr\u00e1tane person\u00e1lu Everton in the Community. Nahrad\u00ed tak Umbro, ktor\u00e9 s\u00a0klubom spolupracovalo od roku 2014 a bude pokra\u010dova\u0165 a\u017e do konca sez\u00f3ny 2019\/20.<\/p>\n<h4>V\u00fdkonn\u00e1 riadite\u013eka Evertonu, Denise Barrett-Baxendale:<\/h4>\n<blockquote><p><em>\u201eJe skuto\u010dne d\u00f4le\u017eit\u00e9, aby sme z na\u0161ich komer\u010dn\u00fdch zml\u00fav vy\u0165a\u017eili maxim\u00e1lnu hodnotu a toto je rekordn\u00e1 dohoda o technickom partnerstve v\u00a0hist\u00f3rii Evertonu. Je tie\u017e d\u00f4le\u017eit\u00e9, aby sme spolupracovali so zna\u010dkami, ktor\u00e9 zdie\u013eaj\u00fa na\u0161e amb\u00edcie, a v\u0161etci sme ohromen\u00ed originalitou spolo\u010dnosti Hummel, z\u00e1v\u00e4zkom ku kvalite a\u00a0v\u00edziou \u010deli\u0165 o\u010dak\u00e1vaniam.\u201c<\/em><\/p><\/blockquote>\n<p>Everton odmietol zverejni\u0165 v\u00fd\u0161ku kontraktu spolupr\u00e1ce, ale ako u\u017e uviedol, ide o\u00a0rekordn\u00fa sumu, \u010do znamen\u00e1, \u017ee klub sa jednozna\u010dne pos\u00fava smerom dopredu pri\u00a0snahe dobehn\u00fa\u0165 konkurenciu. P\u00f4vodn\u00e1 dohoda s\u00a0Umbro pri p\u00e4\u0165ro\u010dnej zmluve mala prinies\u0165 do Goodison Parku odhadovan\u00fdch 6 mili\u00f3nov libier ro\u010dne.<\/p>\n<p>V\u00a0marci 2019 dokonca ne\u010dakane ohl\u00e1sili pred\u013a\u017eenie st\u00e1vaj\u00facej dohody s\u00a0miernym nav\u00fd\u0161en\u00edm. O\u010dividne to v\u0161ak ambici\u00f3znemu vedeniu nesta\u010dilo a\u00a0kontrakt s\u00a0Hummelom sa preto odhaduje na dvojn\u00e1sobok. Umbro malo toti\u017e v\u00a0podmienkach mo\u017enos\u0165 dorovna\u0165 ak\u00fako\u013evek vy\u0161\u0161iu ponuku od konkurencie. Aspo\u0148 to tvrd\u00ed denn\u00edk Liverpool Echo, ktor\u00fd na z\u00e1ver dod\u00e1va, \u017ee pri vtedaj\u0161om pred\u013a\u017een\u00ed spolupr\u00e1ce s\u00a0Umbro si Everton vy\u017eiadal klauzulu o\u00a0pred\u010dasnom ukon\u010den\u00ed spolupr\u00e1ce, ak sa spom\u00ednan\u00e1 vy\u0161\u0161ia ponuka od Umbra n\u00e1jde. V\u00a0s\u00fa\u010dasnosti vraj podobn\u00e9 podmienky v\u00a0zmluve s\u00a0d\u00e1nskou spolo\u010dnos\u0165ou nie s\u00fa.<\/p>\n<h4>Finan\u010dn\u00fd a obchodn\u00fd riadite\u013e Evertonu, Sasha Ryazantsev:<\/h4>\n<blockquote><p><em>\u201eHummel je dobre zaveden\u00e1 a re\u0161pektovan\u00e1 zna\u010dka vo futbale, ktor\u00e1 kladie fan\u00fa\u0161ikov do srdca produktu. Po\u010das na\u0161ich diskusi\u00ed boli ich z\u00e1v\u00e4zky a v\u00e1\u0161e\u0148 pre n\u00e1\u0161 klub a hodnoty ve\u013emi p\u00f4sobiv\u00e9. Je to vzru\u0161uj\u00face partnerstvo, preto\u017ee m\u00e1me spolo\u010dn\u00fa v\u00edziu pre bud\u00facnos\u0165 klubu.\u201c<\/em><\/p><\/blockquote>\n<p>D\u00e1nska zna\u010dka Hummel, zalo\u017een\u00e1 v roku 1923, je jednou z najstar\u0161\u00edch zna\u010diek v kolekt\u00edvnom \u0161porte na svete, s neuverite\u013en\u00fdm futbalov\u00fdm dedi\u010dstvom. Pod\u013ea dohody sa Karamelky navy\u0161e exkluz\u00edvne stan\u00fa glob\u00e1lnou vlajkovou lo\u010fou tejto spolo\u010dnosti, ktor\u00e1 vo svojom portf\u00f3liu aktu\u00e1lne nezah\u0155\u0148a hodnotnej\u0161\u00ed futbalov\u00fd klub. V minulosti v\u0161ak obliekala Real Madrid \u010di Benficu Lisabon, a aktu\u00e1lne D\u00e1nsky a Litovsk\u00fd n\u00e1rodn\u00fd t\u00edm.<\/p>\n<h4>V\u00fdkonn\u00fd riadite\u013e spolo\u010dnosti Hummel, Allan Vad Nielsen:<\/h4>\n<blockquote><p><em>\u201eVstup do Premier League je neoddelite\u013enou s\u00fa\u010das\u0165ou na\u0161ich ambici\u00f3znych pl\u00e1nov rastu, medzin\u00e1rodnej expanzie a zamerania na \u0161port. Na\u010dasovanie je tie\u017e perfektn\u00e9, preto\u017ee je to 50. v\u00fdro\u010die klubovej legendy Alana Balla, ktor\u00fd uv\u00e1dza na trh Spojen\u00e9ho kr\u00e1\u013eovstva svoje legend\u00e1rne biele kopa\u010dky. Everton sa te\u0161\u00ed z\u00a0mas\u00edvnej podpory doma aj v\u00a0zahrani\u010d\u00ed, \u010do poskytuje fantastick\u00fa platformu pre na\u0161e zapojenie sa a pozit\u00edvny v\u00fdh\u013ead do bud\u00facnosti.\u201c<\/em><\/p><\/blockquote>\n<p>Spolo\u010dnos\u0165 Hummel sa taktie\u017e pripoj\u00ed k ofici\u00e1lnemu maloobchodn\u00e9mu partnerovi Fanatics pri poskytovan\u00ed ofici\u00e1lnych produktov fan\u00fa\u0161ikom Evertonu kdeko\u013evek na svete. Fanatics, svetov\u00fd l\u00edder v oblasti \u0161portov\u00e9ho tovaru s licenciou, v s\u00fa\u010dasnosti prev\u00e1dzkuje maloobchodn\u00e9 predajne klubu Everton One a Everton Two v Liverpoole, ako aj evertondirect.com, ofici\u00e1lny internetov\u00fd obchod klubu.<\/p>\n<p>D\u00e1tum predstavenia nov\u00fdch s\u00e1d dresov, tr\u00e9ningov\u00e9ho a cestovn\u00e9ho oble\u010denia, pre nadch\u00e1dzaj\u00facu sez\u00f3nu od zna\u010dky Hummel e\u0161te nie je stanoven\u00fd a na internete sa moment\u00e1lne nach\u00e1dzaj\u00fa len koncepty fan\u00fa\u0161ikov.<\/p>\n<p><span style=\"text-decoration: underline;\">Zoznam zn\u00e1mej\u0161\u00edch futbalov\u00fdch klubov, ktor\u00e9 aktu\u00e1lne oblieka Hummel:<\/span><\/p>\n<table style=\"width: 100%; height: 713px;\">\n<tbody>\n<tr style=\"height: 40px;\">\n<td style=\"height: 40px; width: 42.9333%;\"><span class=\"flagicon\"><a title=\"England\" href=\"https:\/\/en.wikipedia.org\/wiki\/England\"><img loading=\"lazy\" decoding=\"async\" class=\"thumbborder\" src=\"https:\/\/upload.wikimedia.org\/wikipedia\/en\/thumb\/b\/be\/Flag_of_England.svg\/23px-Flag_of_England.svg.png\" srcset=\"\/\/upload.wikimedia.org\/wikipedia\/en\/thumb\/b\/be\/Flag_of_England.svg\/35px-Flag_of_England.svg.png 1.5x, \/\/upload.wikimedia.org\/wikipedia\/en\/thumb\/b\/be\/Flag_of_England.svg\/46px-Flag_of_England.svg.png 2x\" alt=\"England\" width=\"23\" height=\"14\" data-file-width=\"800\" data-file-height=\"480\" \/><\/a><\/span>\u00a0Bristol City (od 2020\/21)<\/td>\n<td style=\"height: 40px; width: 56.8%;\"><span class=\"flagicon\"><a title=\"Germany\" href=\"https:\/\/en.wikipedia.org\/wiki\/Germany\"><img loading=\"lazy\" decoding=\"async\" class=\"thumbborder\" src=\"https:\/\/upload.wikimedia.org\/wikipedia\/en\/thumb\/b\/ba\/Flag_of_Germany.svg\/23px-Flag_of_Germany.svg.png\" srcset=\"\/\/upload.wikimedia.org\/wikipedia\/en\/thumb\/b\/ba\/Flag_of_Germany.svg\/35px-Flag_of_Germany.svg.png 1.5x, \/\/upload.wikimedia.org\/wikipedia\/en\/thumb\/b\/ba\/Flag_of_Germany.svg\/46px-Flag_of_Germany.svg.png 2x\" alt=\"Germany\" width=\"23\" height=\"14\" data-file-width=\"1000\" data-file-height=\"600\" \/><\/a><\/span>\u00a0Greuther F\u00fcrth (do 2019\/20)<\/td>\n<\/tr>\n<tr style=\"height: 40px;\">\n<td style=\"height: 40px; width: 42.9333%;\"><span class=\"flagicon\"><a title=\"England\" href=\"https:\/\/en.wikipedia.org\/wiki\/England\"><img loading=\"lazy\" decoding=\"async\" class=\"thumbborder\" src=\"https:\/\/upload.wikimedia.org\/wikipedia\/en\/thumb\/b\/be\/Flag_of_England.svg\/23px-Flag_of_England.svg.png\" srcset=\"\/\/upload.wikimedia.org\/wikipedia\/en\/thumb\/b\/be\/Flag_of_England.svg\/35px-Flag_of_England.svg.png 1.5x, \/\/upload.wikimedia.org\/wikipedia\/en\/thumb\/b\/be\/Flag_of_England.svg\/46px-Flag_of_England.svg.png 2x\" alt=\"England\" width=\"23\" height=\"14\" data-file-width=\"800\" data-file-height=\"480\" \/><\/a><\/span>\u00a0Cambridge United<\/td>\n<td style=\"height: 40px; width: 56.8%;\"><span class=\"flagicon\"><a title=\"Germany\" href=\"https:\/\/en.wikipedia.org\/wiki\/Germany\"><img loading=\"lazy\" decoding=\"async\" class=\"thumbborder\" src=\"https:\/\/upload.wikimedia.org\/wikipedia\/en\/thumb\/b\/ba\/Flag_of_Germany.svg\/23px-Flag_of_Germany.svg.png\" srcset=\"\/\/upload.wikimedia.org\/wikipedia\/en\/thumb\/b\/ba\/Flag_of_Germany.svg\/35px-Flag_of_Germany.svg.png 1.5x, \/\/upload.wikimedia.org\/wikipedia\/en\/thumb\/b\/ba\/Flag_of_Germany.svg\/46px-Flag_of_Germany.svg.png 2x\" alt=\"Germany\" width=\"23\" height=\"14\" data-file-width=\"1000\" data-file-height=\"600\" \/><\/a><\/span>\u00a0SC Freiburg<\/td>\n<\/tr>\n<tr style=\"height: 40px;\">\n<td style=\"height: 40px; width: 42.9333%;\"><span class=\"flagicon\"><a title=\"\" href=\"https:\/\/en.wikipedia.org\/wiki\/England\"><img loading=\"lazy\" decoding=\"async\" class=\"thumbborder\" src=\"https:\/\/upload.wikimedia.org\/wikipedia\/en\/thumb\/b\/be\/Flag_of_England.svg\/23px-Flag_of_England.svg.png\" srcset=\"\/\/upload.wikimedia.org\/wikipedia\/en\/thumb\/b\/be\/Flag_of_England.svg\/35px-Flag_of_England.svg.png 1.5x, \/\/upload.wikimedia.org\/wikipedia\/en\/thumb\/b\/be\/Flag_of_England.svg\/46px-Flag_of_England.svg.png 2x\" alt=\"England\" width=\"23\" height=\"14\" data-file-width=\"800\" data-file-height=\"480\" \/><\/a><\/span>\u00a0Charlton Athletic<\/td>\n<td style=\"height: 40px; width: 56.8%;\"><\/td>\n<\/tr>\n<tr style=\"height: 40px;\">\n<td style=\"height: 40px; width: 42.9333%;\"><span class=\"flagicon\"><a title=\"\" href=\"https:\/\/en.wikipedia.org\/wiki\/England\"><img loading=\"lazy\" decoding=\"async\" class=\"thumbborder\" src=\"https:\/\/upload.wikimedia.org\/wikipedia\/en\/thumb\/b\/be\/Flag_of_England.svg\/23px-Flag_of_England.svg.png\" srcset=\"\/\/upload.wikimedia.org\/wikipedia\/en\/thumb\/b\/be\/Flag_of_England.svg\/35px-Flag_of_England.svg.png 1.5x, \/\/upload.wikimedia.org\/wikipedia\/en\/thumb\/b\/be\/Flag_of_England.svg\/46px-Flag_of_England.svg.png 2x\" alt=\"England\" width=\"23\" height=\"14\" data-file-width=\"800\" data-file-height=\"480\" \/><\/a><\/span>\u00a0Coventry City<\/td>\n<td style=\"height: 40px; width: 56.8%;\"><span class=\"flagicon\"><a title=\"\" href=\"https:\/\/en.wikipedia.org\/wiki\/Denmark\"><img loading=\"lazy\" decoding=\"async\" class=\"thumbborder\" src=\"https:\/\/upload.wikimedia.org\/wikipedia\/commons\/thumb\/9\/9c\/Flag_of_Denmark.svg\/20px-Flag_of_Denmark.svg.png\" srcset=\"\/\/upload.wikimedia.org\/wikipedia\/commons\/thumb\/9\/9c\/Flag_of_Denmark.svg\/31px-Flag_of_Denmark.svg.png 1.5x, \/\/upload.wikimedia.org\/wikipedia\/commons\/thumb\/9\/9c\/Flag_of_Denmark.svg\/40px-Flag_of_Denmark.svg.png 2x\" alt=\"Denmark\" width=\"20\" height=\"15\" data-file-width=\"512\" data-file-height=\"387\" \/><\/a><\/span>\u00a0Aalborg<\/td>\n<\/tr>\n<tr style=\"height: 40px;\">\n<td style=\"height: 40px; width: 42.9333%;\"><span class=\"flagicon\"><a title=\"England\" href=\"https:\/\/en.wikipedia.org\/wiki\/England\"><img loading=\"lazy\" decoding=\"async\" class=\"thumbborder\" src=\"https:\/\/upload.wikimedia.org\/wikipedia\/en\/thumb\/b\/be\/Flag_of_England.svg\/23px-Flag_of_England.svg.png\" srcset=\"\/\/upload.wikimedia.org\/wikipedia\/en\/thumb\/b\/be\/Flag_of_England.svg\/35px-Flag_of_England.svg.png 1.5x, \/\/upload.wikimedia.org\/wikipedia\/en\/thumb\/b\/be\/Flag_of_England.svg\/46px-Flag_of_England.svg.png 2x\" alt=\"England\" width=\"23\" height=\"14\" data-file-width=\"800\" data-file-height=\"480\" \/><\/a><\/span>\u00a0Fleetwood Town<\/td>\n<td style=\"height: 40px; width: 56.8%;\"><span class=\"flagicon\"><a title=\"Denmark\" href=\"https:\/\/en.wikipedia.org\/wiki\/Denmark\"><img loading=\"lazy\" decoding=\"async\" class=\"thumbborder\" src=\"https:\/\/upload.wikimedia.org\/wikipedia\/commons\/thumb\/9\/9c\/Flag_of_Denmark.svg\/20px-Flag_of_Denmark.svg.png\" srcset=\"\/\/upload.wikimedia.org\/wikipedia\/commons\/thumb\/9\/9c\/Flag_of_Denmark.svg\/31px-Flag_of_Denmark.svg.png 1.5x, \/\/upload.wikimedia.org\/wikipedia\/commons\/thumb\/9\/9c\/Flag_of_Denmark.svg\/40px-Flag_of_Denmark.svg.png 2x\" alt=\"Denmark\" width=\"20\" height=\"15\" data-file-width=\"512\" data-file-height=\"387\" \/><\/a><\/span>\u00a0Aarhus GF<\/td>\n<\/tr>\n<tr style=\"height: 40px;\">\n<td style=\"height: 40px; width: 42.9333%;\"><span class=\"flagicon\"><a title=\"\" href=\"https:\/\/en.wikipedia.org\/wiki\/England\"><img loading=\"lazy\" decoding=\"async\" class=\"thumbborder\" src=\"https:\/\/upload.wikimedia.org\/wikipedia\/en\/thumb\/b\/be\/Flag_of_England.svg\/23px-Flag_of_England.svg.png\" srcset=\"\/\/upload.wikimedia.org\/wikipedia\/en\/thumb\/b\/be\/Flag_of_England.svg\/35px-Flag_of_England.svg.png 1.5x, \/\/upload.wikimedia.org\/wikipedia\/en\/thumb\/b\/be\/Flag_of_England.svg\/46px-Flag_of_England.svg.png 2x\" alt=\"England\" width=\"23\" height=\"14\" data-file-width=\"800\" data-file-height=\"480\" \/><\/a><\/span>\u00a0Oldham Athletic<\/td>\n<td style=\"height: 40px; width: 56.8%;\"><span class=\"flagicon\"><a title=\"\" href=\"https:\/\/en.wikipedia.org\/wiki\/Denmark\"><img loading=\"lazy\" decoding=\"async\" class=\"thumbborder\" src=\"https:\/\/upload.wikimedia.org\/wikipedia\/commons\/thumb\/9\/9c\/Flag_of_Denmark.svg\/20px-Flag_of_Denmark.svg.png\" srcset=\"\/\/upload.wikimedia.org\/wikipedia\/commons\/thumb\/9\/9c\/Flag_of_Denmark.svg\/31px-Flag_of_Denmark.svg.png 1.5x, \/\/upload.wikimedia.org\/wikipedia\/commons\/thumb\/9\/9c\/Flag_of_Denmark.svg\/40px-Flag_of_Denmark.svg.png 2x\" alt=\"Denmark\" width=\"20\" height=\"15\" data-file-width=\"512\" data-file-height=\"387\" \/><\/a><\/span>\u00a0Br\u00f8ndby IF<\/td>\n<\/tr>\n<tr style=\"height: 40px;\">\n<td style=\"height: 40px; width: 42.9333%;\"><span class=\"flagicon\"><a title=\"\" href=\"https:\/\/en.wikipedia.org\/wiki\/England\"><img loading=\"lazy\" decoding=\"async\" class=\"thumbborder\" src=\"https:\/\/upload.wikimedia.org\/wikipedia\/en\/thumb\/b\/be\/Flag_of_England.svg\/23px-Flag_of_England.svg.png\" srcset=\"\/\/upload.wikimedia.org\/wikipedia\/en\/thumb\/b\/be\/Flag_of_England.svg\/35px-Flag_of_England.svg.png 1.5x, \/\/upload.wikimedia.org\/wikipedia\/en\/thumb\/b\/be\/Flag_of_England.svg\/46px-Flag_of_England.svg.png 2x\" alt=\"England\" width=\"23\" height=\"14\" data-file-width=\"800\" data-file-height=\"480\" \/><\/a><\/span>\u00a0Middlesbrough<\/td>\n<td style=\"height: 40px; width: 56.8%;\"><span class=\"flagicon\"><a title=\"\" href=\"https:\/\/en.wikipedia.org\/wiki\/Denmark\"><img loading=\"lazy\" decoding=\"async\" class=\"thumbborder\" src=\"https:\/\/upload.wikimedia.org\/wikipedia\/commons\/thumb\/9\/9c\/Flag_of_Denmark.svg\/20px-Flag_of_Denmark.svg.png\" srcset=\"\/\/upload.wikimedia.org\/wikipedia\/commons\/thumb\/9\/9c\/Flag_of_Denmark.svg\/31px-Flag_of_Denmark.svg.png 1.5x, \/\/upload.wikimedia.org\/wikipedia\/commons\/thumb\/9\/9c\/Flag_of_Denmark.svg\/40px-Flag_of_Denmark.svg.png 2x\" alt=\"Denmark\" width=\"20\" height=\"15\" data-file-width=\"512\" data-file-height=\"387\" \/><\/a><\/span>\u00a0Odense<\/td>\n<\/tr>\n<tr style=\"height: 40px;\">\n<td style=\"height: 40px; width: 42.9333%;\"><span class=\"flagicon\"><a title=\"England\" href=\"https:\/\/en.wikipedia.org\/wiki\/England\"><img loading=\"lazy\" decoding=\"async\" class=\"thumbborder\" src=\"https:\/\/upload.wikimedia.org\/wikipedia\/en\/thumb\/b\/be\/Flag_of_England.svg\/23px-Flag_of_England.svg.png\" srcset=\"\/\/upload.wikimedia.org\/wikipedia\/en\/thumb\/b\/be\/Flag_of_England.svg\/35px-Flag_of_England.svg.png 1.5x, \/\/upload.wikimedia.org\/wikipedia\/en\/thumb\/b\/be\/Flag_of_England.svg\/46px-Flag_of_England.svg.png 2x\" alt=\"England\" width=\"23\" height=\"14\" data-file-width=\"800\" data-file-height=\"480\" \/><\/a><\/span>\u00a0Southend United (od 2020\/21)<\/td>\n<td style=\"height: 40px; width: 56.8%;\"><span class=\"flagicon\"><a title=\"\" href=\"https:\/\/en.wikipedia.org\/wiki\/Denmark\"><img loading=\"lazy\" decoding=\"async\" class=\"thumbborder\" src=\"https:\/\/upload.wikimedia.org\/wikipedia\/commons\/thumb\/9\/9c\/Flag_of_Denmark.svg\/20px-Flag_of_Denmark.svg.png\" srcset=\"\/\/upload.wikimedia.org\/wikipedia\/commons\/thumb\/9\/9c\/Flag_of_Denmark.svg\/31px-Flag_of_Denmark.svg.png 1.5x, \/\/upload.wikimedia.org\/wikipedia\/commons\/thumb\/9\/9c\/Flag_of_Denmark.svg\/40px-Flag_of_Denmark.svg.png 2x\" alt=\"Denmark\" width=\"20\" height=\"15\" data-file-width=\"512\" data-file-height=\"387\" \/><\/a><\/span>\u00a0S\u00f8nderjyskE<\/td>\n<\/tr>\n<tr style=\"height: 40px;\">\n<td style=\"height: 40px; width: 42.9333%;\"><\/td>\n<td style=\"height: 40px; width: 56.8%;\"><span class=\"flagicon\"><a title=\"\" href=\"https:\/\/en.wikipedia.org\/wiki\/Denmark\"><img loading=\"lazy\" decoding=\"async\" class=\"thumbborder\" src=\"https:\/\/upload.wikimedia.org\/wikipedia\/commons\/thumb\/9\/9c\/Flag_of_Denmark.svg\/20px-Flag_of_Denmark.svg.png\" srcset=\"\/\/upload.wikimedia.org\/wikipedia\/commons\/thumb\/9\/9c\/Flag_of_Denmark.svg\/31px-Flag_of_Denmark.svg.png 1.5x, \/\/upload.wikimedia.org\/wikipedia\/commons\/thumb\/9\/9c\/Flag_of_Denmark.svg\/40px-Flag_of_Denmark.svg.png 2x\" alt=\"Denmark\" width=\"20\" height=\"15\" data-file-width=\"512\" data-file-height=\"387\" \/><\/a><\/span>\u00a0Vejle Boldklub<\/td>\n<\/tr>\n<tr style=\"height: 40px;\">\n<td style=\"height: 40px; width: 42.9333%;\"><span class=\"flagicon\"><a title=\"\" href=\"https:\/\/en.wikipedia.org\/wiki\/Netherlands\"><img loading=\"lazy\" decoding=\"async\" class=\"thumbborder\" src=\"https:\/\/upload.wikimedia.org\/wikipedia\/commons\/thumb\/2\/20\/Flag_of_the_Netherlands.svg\/23px-Flag_of_the_Netherlands.svg.png\" srcset=\"\/\/upload.wikimedia.org\/wikipedia\/commons\/thumb\/2\/20\/Flag_of_the_Netherlands.svg\/35px-Flag_of_the_Netherlands.svg.png 1.5x, \/\/upload.wikimedia.org\/wikipedia\/commons\/thumb\/2\/20\/Flag_of_the_Netherlands.svg\/45px-Flag_of_the_Netherlands.svg.png 2x\" alt=\"Netherlands\" width=\"23\" height=\"15\" data-file-width=\"900\" data-file-height=\"600\" \/><\/a><\/span>\u00a0FC Emmen<\/td>\n<td style=\"height: 40px; width: 56.8%;\"><\/td>\n<\/tr>\n<tr style=\"height: 40px;\">\n<td style=\"height: 40px; width: 42.9333%;\"><span class=\"flagicon\"><a title=\"Netherlands\" href=\"https:\/\/en.wikipedia.org\/wiki\/Netherlands\"><img loading=\"lazy\" decoding=\"async\" class=\"thumbborder\" src=\"https:\/\/upload.wikimedia.org\/wikipedia\/commons\/thumb\/2\/20\/Flag_of_the_Netherlands.svg\/23px-Flag_of_the_Netherlands.svg.png\" srcset=\"\/\/upload.wikimedia.org\/wikipedia\/commons\/thumb\/2\/20\/Flag_of_the_Netherlands.svg\/35px-Flag_of_the_Netherlands.svg.png 1.5x, \/\/upload.wikimedia.org\/wikipedia\/commons\/thumb\/2\/20\/Flag_of_the_Netherlands.svg\/45px-Flag_of_the_Netherlands.svg.png 2x\" alt=\"Netherlands\" width=\"23\" height=\"15\" data-file-width=\"900\" data-file-height=\"600\" \/><\/a><\/span>\u00a0Go Ahead Eagles<\/td>\n<td style=\"height: 40px; width: 56.8%;\"><span class=\"flagicon\"><a title=\"Norway\" href=\"https:\/\/en.wikipedia.org\/wiki\/Norway\"><img loading=\"lazy\" decoding=\"async\" class=\"thumbborder\" src=\"https:\/\/upload.wikimedia.org\/wikipedia\/commons\/thumb\/d\/d9\/Flag_of_Norway.svg\/21px-Flag_of_Norway.svg.png\" srcset=\"\/\/upload.wikimedia.org\/wikipedia\/commons\/thumb\/d\/d9\/Flag_of_Norway.svg\/32px-Flag_of_Norway.svg.png 1.5x, \/\/upload.wikimedia.org\/wikipedia\/commons\/thumb\/d\/d9\/Flag_of_Norway.svg\/41px-Flag_of_Norway.svg.png 2x\" alt=\"Norway\" width=\"21\" height=\"15\" data-file-width=\"1100\" data-file-height=\"800\" \/><\/a><\/span>\u00a0Lyn Fotball<\/td>\n<\/tr>\n<tr style=\"height: 40px;\">\n<td style=\"height: 40px; width: 42.9333%;\"><\/td>\n<td style=\"height: 40px; width: 56.8%;\"><span class=\"flagicon\"><a title=\"\" href=\"https:\/\/en.wikipedia.org\/wiki\/Norway\"><img loading=\"lazy\" decoding=\"async\" class=\"thumbborder\" src=\"https:\/\/upload.wikimedia.org\/wikipedia\/commons\/thumb\/d\/d9\/Flag_of_Norway.svg\/21px-Flag_of_Norway.svg.png\" srcset=\"\/\/upload.wikimedia.org\/wikipedia\/commons\/thumb\/d\/d9\/Flag_of_Norway.svg\/32px-Flag_of_Norway.svg.png 1.5x, \/\/upload.wikimedia.org\/wikipedia\/commons\/thumb\/d\/d9\/Flag_of_Norway.svg\/41px-Flag_of_Norway.svg.png 2x\" alt=\"Norway\" width=\"21\" height=\"15\" data-file-width=\"1100\" data-file-height=\"800\" \/><\/a><\/span>\u00a0Odds Ballklubb<\/td>\n<\/tr>\n<tr style=\"height: 40px;\">\n<td style=\"height: 40px; width: 42.9333%;\"><span class=\"flagicon\"><a title=\"Portugal\" href=\"https:\/\/en.wikipedia.org\/wiki\/Portugal\"><img loading=\"lazy\" decoding=\"async\" class=\"thumbborder\" src=\"https:\/\/upload.wikimedia.org\/wikipedia\/commons\/thumb\/5\/5c\/Flag_of_Portugal.svg\/23px-Flag_of_Portugal.svg.png\" srcset=\"\/\/upload.wikimedia.org\/wikipedia\/commons\/thumb\/5\/5c\/Flag_of_Portugal.svg\/35px-Flag_of_Portugal.svg.png 1.5x, \/\/upload.wikimedia.org\/wikipedia\/commons\/thumb\/5\/5c\/Flag_of_Portugal.svg\/45px-Flag_of_Portugal.svg.png 2x\" alt=\"Portugal\" width=\"23\" height=\"15\" data-file-width=\"600\" data-file-height=\"400\" \/><\/a><\/span>\u00a0C.D. Nacional<\/td>\n<td style=\"height: 40px; width: 56.8%;\"><\/td>\n<\/tr>\n<tr style=\"height: 40px;\">\n<td style=\"height: 40px; width: 42.9333%;\"><span class=\"flagicon\"><a title=\"\" href=\"https:\/\/en.wikipedia.org\/wiki\/Portugal\"><img loading=\"lazy\" decoding=\"async\" class=\"thumbborder\" src=\"https:\/\/upload.wikimedia.org\/wikipedia\/commons\/thumb\/5\/5c\/Flag_of_Portugal.svg\/23px-Flag_of_Portugal.svg.png\" srcset=\"\/\/upload.wikimedia.org\/wikipedia\/commons\/thumb\/5\/5c\/Flag_of_Portugal.svg\/35px-Flag_of_Portugal.svg.png 1.5x, \/\/upload.wikimedia.org\/wikipedia\/commons\/thumb\/5\/5c\/Flag_of_Portugal.svg\/45px-Flag_of_Portugal.svg.png 2x\" alt=\"Portugal\" width=\"23\" height=\"15\" data-file-width=\"600\" data-file-height=\"400\" \/><\/a><\/span>\u00a0S.C. Braga<\/td>\n<td style=\"height: 40px; width: 56.8%;\"><span class=\"flagicon\"><a title=\"\" href=\"https:\/\/en.wikipedia.org\/wiki\/Scotland\"><img loading=\"lazy\" decoding=\"async\" class=\"thumbborder\" src=\"https:\/\/upload.wikimedia.org\/wikipedia\/commons\/thumb\/1\/10\/Flag_of_Scotland.svg\/23px-Flag_of_Scotland.svg.png\" srcset=\"\/\/upload.wikimedia.org\/wikipedia\/commons\/thumb\/1\/10\/Flag_of_Scotland.svg\/35px-Flag_of_Scotland.svg.png 1.5x, \/\/upload.wikimedia.org\/wikipedia\/commons\/thumb\/1\/10\/Flag_of_Scotland.svg\/46px-Flag_of_Scotland.svg.png 2x\" alt=\"Scotland\" width=\"23\" height=\"14\" data-file-width=\"1000\" data-file-height=\"600\" \/><\/a><\/span>\u00a0Kilmarnock<\/td>\n<\/tr>\n<tr style=\"height: 40px;\">\n<td style=\"height: 40px; width: 42.9333%;\"><span class=\"flagicon\"><a title=\"Portugal\" href=\"https:\/\/en.wikipedia.org\/wiki\/Portugal\"><img loading=\"lazy\" decoding=\"async\" class=\"thumbborder\" src=\"https:\/\/upload.wikimedia.org\/wikipedia\/commons\/thumb\/5\/5c\/Flag_of_Portugal.svg\/23px-Flag_of_Portugal.svg.png\" srcset=\"\/\/upload.wikimedia.org\/wikipedia\/commons\/thumb\/5\/5c\/Flag_of_Portugal.svg\/35px-Flag_of_Portugal.svg.png 1.5x, \/\/upload.wikimedia.org\/wikipedia\/commons\/thumb\/5\/5c\/Flag_of_Portugal.svg\/45px-Flag_of_Portugal.svg.png 2x\" alt=\"Portugal\" width=\"23\" height=\"15\" data-file-width=\"600\" data-file-height=\"400\" \/><\/a><\/span>\u00a0Vit\u00f3ria Set\u00fabal<\/td>\n<td style=\"height: 40px; width: 56.8%;\"><span class=\"flagicon\"><a title=\"\" href=\"https:\/\/en.wikipedia.org\/wiki\/Scotland\"><img loading=\"lazy\" decoding=\"async\" class=\"thumbborder\" src=\"https:\/\/upload.wikimedia.org\/wikipedia\/commons\/thumb\/1\/10\/Flag_of_Scotland.svg\/23px-Flag_of_Scotland.svg.png\" srcset=\"\/\/upload.wikimedia.org\/wikipedia\/commons\/thumb\/1\/10\/Flag_of_Scotland.svg\/35px-Flag_of_Scotland.svg.png 1.5x, \/\/upload.wikimedia.org\/wikipedia\/commons\/thumb\/1\/10\/Flag_of_Scotland.svg\/46px-Flag_of_Scotland.svg.png 2x\" alt=\"Scotland\" width=\"23\" height=\"14\" data-file-width=\"1000\" data-file-height=\"600\" \/><\/a><\/span> Glasgow Rangers<\/td>\n<\/tr>\n<tr style=\"height: 40px;\">\n<td style=\"height: 40px; width: 42.9333%;\"><\/td>\n<td style=\"height: 40px; width: 56.8%;\"><\/td>\n<\/tr>\n<tr style=\"height: 40px;\">\n<td style=\"height: 40px; width: 42.9333%;\"><span class=\"flagicon\"><a title=\"\" href=\"https:\/\/en.wikipedia.org\/wiki\/Spain\"><img loading=\"lazy\" decoding=\"async\" class=\"thumbborder\" src=\"https:\/\/upload.wikimedia.org\/wikipedia\/en\/thumb\/9\/9a\/Flag_of_Spain.svg\/23px-Flag_of_Spain.svg.png\" srcset=\"\/\/upload.wikimedia.org\/wikipedia\/en\/thumb\/9\/9a\/Flag_of_Spain.svg\/35px-Flag_of_Spain.svg.png 1.5x, \/\/upload.wikimedia.org\/wikipedia\/en\/thumb\/9\/9a\/Flag_of_Spain.svg\/45px-Flag_of_Spain.svg.png 2x\" alt=\"Spain\" width=\"23\" height=\"15\" data-file-width=\"750\" data-file-height=\"500\" \/><\/a><\/span>\u00a0Elche<\/td>\n<td style=\"height: 40px; width: 56.8%;\"><span class=\"flagicon\"><a title=\"Slovakia\" href=\"https:\/\/en.wikipedia.org\/wiki\/Slovakia\"><img loading=\"lazy\" decoding=\"async\" class=\"thumbborder\" src=\"https:\/\/upload.wikimedia.org\/wikipedia\/commons\/thumb\/e\/e6\/Flag_of_Slovakia.svg\/23px-Flag_of_Slovakia.svg.png\" srcset=\"\/\/upload.wikimedia.org\/wikipedia\/commons\/thumb\/e\/e6\/Flag_of_Slovakia.svg\/35px-Flag_of_Slovakia.svg.png 1.5x, \/\/upload.wikimedia.org\/wikipedia\/commons\/thumb\/e\/e6\/Flag_of_Slovakia.svg\/45px-Flag_of_Slovakia.svg.png 2x\" alt=\"Slovakia\" width=\"23\" height=\"15\" data-file-width=\"512\" data-file-height=\"341\" \/><\/a><\/span>\u00a0FK Senica<\/td>\n<\/tr>\n<tr>\n<td style=\"width: 42.9333%;\"><span class=\"flagicon\"><a title=\"Spain\" href=\"https:\/\/en.wikipedia.org\/wiki\/Spain\"><img loading=\"lazy\" decoding=\"async\" class=\"thumbborder\" src=\"https:\/\/upload.wikimedia.org\/wikipedia\/en\/thumb\/9\/9a\/Flag_of_Spain.svg\/23px-Flag_of_Spain.svg.png\" srcset=\"\/\/upload.wikimedia.org\/wikipedia\/en\/thumb\/9\/9a\/Flag_of_Spain.svg\/35px-Flag_of_Spain.svg.png 1.5x, \/\/upload.wikimedia.org\/wikipedia\/en\/thumb\/9\/9a\/Flag_of_Spain.svg\/45px-Flag_of_Spain.svg.png 2x\" alt=\"Spain\" width=\"23\" height=\"15\" data-file-width=\"750\" data-file-height=\"500\" \/><\/a>\u00a0Las Palmas<\/span><\/td>\n<td style=\"width: 56.8%;\"><span class=\"flagicon\"><a title=\"\" href=\"https:\/\/en.wikipedia.org\/wiki\/Slovakia\"><img loading=\"lazy\" decoding=\"async\" class=\"thumbborder\" src=\"https:\/\/upload.wikimedia.org\/wikipedia\/commons\/thumb\/e\/e6\/Flag_of_Slovakia.svg\/23px-Flag_of_Slovakia.svg.png\" srcset=\"\/\/upload.wikimedia.org\/wikipedia\/commons\/thumb\/e\/e6\/Flag_of_Slovakia.svg\/35px-Flag_of_Slovakia.svg.png 1.5x, \/\/upload.wikimedia.org\/wikipedia\/commons\/thumb\/e\/e6\/Flag_of_Slovakia.svg\/45px-Flag_of_Slovakia.svg.png 2x\" alt=\"Slovakia\" width=\"23\" height=\"15\" data-file-width=\"512\" data-file-height=\"341\" \/><\/a><\/span>\u00a0Inter Bratislava<\/td>\n<\/tr>\n<tr>\n<td style=\"width: 42.9333%;\"><span class=\"flagicon\"><a title=\"\" href=\"https:\/\/en.wikipedia.org\/wiki\/Spain\"><img loading=\"lazy\" decoding=\"async\" class=\"thumbborder\" src=\"https:\/\/upload.wikimedia.org\/wikipedia\/en\/thumb\/9\/9a\/Flag_of_Spain.svg\/23px-Flag_of_Spain.svg.png\" srcset=\"\/\/upload.wikimedia.org\/wikipedia\/en\/thumb\/9\/9a\/Flag_of_Spain.svg\/35px-Flag_of_Spain.svg.png 1.5x, \/\/upload.wikimedia.org\/wikipedia\/en\/thumb\/9\/9a\/Flag_of_Spain.svg\/45px-Flag_of_Spain.svg.png 2x\" alt=\"Spain\" width=\"23\" height=\"15\" data-file-width=\"750\" data-file-height=\"500\" \/><\/a>\u00a0Osasuna<\/span><\/td>\n<td style=\"width: 56.8%;\"><span class=\"flagicon\"><a title=\"\" href=\"https:\/\/en.wikipedia.org\/wiki\/Austria\"><img loading=\"lazy\" decoding=\"async\" class=\"thumbborder\" src=\"https:\/\/upload.wikimedia.org\/wikipedia\/commons\/thumb\/4\/41\/Flag_of_Austria.svg\/23px-Flag_of_Austria.svg.png\" srcset=\"\/\/upload.wikimedia.org\/wikipedia\/commons\/thumb\/4\/41\/Flag_of_Austria.svg\/35px-Flag_of_Austria.svg.png 1.5x, \/\/upload.wikimedia.org\/wikipedia\/commons\/thumb\/4\/41\/Flag_of_Austria.svg\/45px-Flag_of_Austria.svg.png 2x\" alt=\"Austria\" width=\"23\" height=\"15\" data-file-width=\"900\" data-file-height=\"600\" \/><\/a><\/span>\u00a0SV Ried<\/td>\n<\/tr>\n<\/tbody>\n<\/table>\n<p style=\"text-align: right;\"><em>(foto zdroj: evertonfc.com)<\/em><\/p>\n","protected":false},"excerpt":{"rendered":"<p>The Toffees dnes ozn\u00e1mili nov\u00e9ho dod\u00e1vate\u013ea dresov od nasleduj\u00facej sez\u00f3ny. V rekordnej trojro\u010dnej zmluve sa zaviazali s d\u00e1nskou zna\u010dkou \u0161portov\u00e9ho oble\u010denia.<\/p>\n","protected":false},"author":1,"featured_media":11018,"comment_status":"open","ping_status":"closed","sticky":false,"template":"","format":"standard","meta":{"_eb_attr":"","_monsterinsights_skip_tracking":false,"_monsterinsights_sitenote_active":false,"_monsterinsights_sitenote_note":"","_monsterinsights_sitenote_category":0,"footnotes":""},"categories":[42],"tags":[],"yoast_head":"<!-- This site is optimized with the Yoast SEO plugin v23.4 - https:\/\/yoast.com\/wordpress\/plugins\/seo\/ -->\n<title>Everton bude oblieka\u0165 Hummel - Official Czech &amp; Slovak Everton Supporters&#039; Club<\/title>\n<meta name=\"robots\" content=\"index, follow, max-snippet:-1, max-image-preview:large, max-video-preview:-1\" \/>\n<link rel=\"canonical\" href=\"https:\/\/evertonfc.cz\/index.php\/2020\/05\/20\/everton-bude-obliekat-hummel\/\" \/>\n<meta property=\"og:locale\" content=\"cs_CZ\" \/>\n<meta property=\"og:type\" content=\"article\" \/>\n<meta property=\"og:title\" content=\"Everton bude oblieka\u0165 Hummel - Official Czech &amp; Slovak Everton Supporters&#039; Club\" \/>\n<meta property=\"og:description\" content=\"The Toffees dnes ozn\u00e1mili nov\u00e9ho dod\u00e1vate\u013ea dresov od nasleduj\u00facej sez\u00f3ny. V rekordnej trojro\u010dnej zmluve sa zaviazali s d\u00e1nskou zna\u010dkou \u0161portov\u00e9ho oble\u010denia.\" \/>\n<meta property=\"og:url\" content=\"https:\/\/evertonfc.cz\/index.php\/2020\/05\/20\/everton-bude-obliekat-hummel\/\" \/>\n<meta property=\"og:site_name\" content=\"Official Czech &amp; Slovak Everton Supporters&#039; Club\" \/>\n<meta property=\"article:publisher\" content=\"https:\/\/www.facebook.com\/everton.fans.cz.sk\" \/>\n<meta property=\"article:published_time\" content=\"2020-05-20T15:17:48+00:00\" \/>\n<meta property=\"article:modified_time\" content=\"2020-05-25T08:31:47+00:00\" \/>\n<meta property=\"og:image\" content=\"https:\/\/evertonfc.cz\/wp-content\/uploads\/2020\/05\/Everton-Hummel-20-5-2020.jpg\" \/>\n\t<meta property=\"og:image:width\" content=\"720\" \/>\n\t<meta property=\"og:image:height\" content=\"405\" \/>\n\t<meta property=\"og:image:type\" content=\"image\/jpeg\" \/>\n<meta name=\"author\" content=\"BlueBlooded\" \/>\n<meta name=\"twitter:card\" content=\"summary_large_image\" \/>\n<meta name=\"twitter:label1\" content=\"Napsal(a)\" \/>\n\t<meta name=\"twitter:data1\" content=\"BlueBlooded\" \/>\n\t<meta name=\"twitter:label2\" content=\"Odhadovan\u00e1 doba \u010dten\u00ed\" \/>\n\t<meta name=\"twitter:data2\" content=\"4 minuty\" \/>\n<script type=\"application\/ld+json\" class=\"yoast-schema-graph\">{\"@context\":\"https:\/\/schema.org\",\"@graph\":[{\"@type\":\"Article\",\"@id\":\"https:\/\/evertonfc.cz\/index.php\/2020\/05\/20\/everton-bude-obliekat-hummel\/#article\",\"isPartOf\":{\"@id\":\"https:\/\/evertonfc.cz\/index.php\/2020\/05\/20\/everton-bude-obliekat-hummel\/\"},\"author\":{\"name\":\"BlueBlooded\",\"@id\":\"https:\/\/evertonfc.cz\/#\/schema\/person\/d4493b8cbea51532597fbc4685698916\"},\"headline\":\"Everton bude oblieka\u0165 Hummel\",\"datePublished\":\"2020-05-20T15:17:48+00:00\",\"dateModified\":\"2020-05-25T08:31:47+00:00\",\"mainEntityOfPage\":{\"@id\":\"https:\/\/evertonfc.cz\/index.php\/2020\/05\/20\/everton-bude-obliekat-hummel\/\"},\"wordCount\":766,\"commentCount\":2,\"publisher\":{\"@id\":\"https:\/\/evertonfc.cz\/#organization\"},\"image\":{\"@id\":\"https:\/\/evertonfc.cz\/index.php\/2020\/05\/20\/everton-bude-obliekat-hummel\/#primaryimage\"},\"thumbnailUrl\":\"https:\/\/evertonfc.cz\/wp-content\/uploads\/2020\/05\/Everton-Hummel-20-5-2020.jpg\",\"articleSection\":[\"Aktuality\"],\"inLanguage\":\"cs\",\"potentialAction\":[{\"@type\":\"CommentAction\",\"name\":\"Comment\",\"target\":[\"https:\/\/evertonfc.cz\/index.php\/2020\/05\/20\/everton-bude-obliekat-hummel\/#respond\"]}]},{\"@type\":\"WebPage\",\"@id\":\"https:\/\/evertonfc.cz\/index.php\/2020\/05\/20\/everton-bude-obliekat-hummel\/\",\"url\":\"https:\/\/evertonfc.cz\/index.php\/2020\/05\/20\/everton-bude-obliekat-hummel\/\",\"name\":\"Everton bude oblieka\u0165 Hummel - Official Czech &amp; Slovak Everton Supporters&#039; Club\",\"isPartOf\":{\"@id\":\"https:\/\/evertonfc.cz\/#website\"},\"primaryImageOfPage\":{\"@id\":\"https:\/\/evertonfc.cz\/index.php\/2020\/05\/20\/everton-bude-obliekat-hummel\/#primaryimage\"},\"image\":{\"@id\":\"https:\/\/evertonfc.cz\/index.php\/2020\/05\/20\/everton-bude-obliekat-hummel\/#primaryimage\"},\"thumbnailUrl\":\"https:\/\/evertonfc.cz\/wp-content\/uploads\/2020\/05\/Everton-Hummel-20-5-2020.jpg\",\"datePublished\":\"2020-05-20T15:17:48+00:00\",\"dateModified\":\"2020-05-25T08:31:47+00:00\",\"breadcrumb\":{\"@id\":\"https:\/\/evertonfc.cz\/index.php\/2020\/05\/20\/everton-bude-obliekat-hummel\/#breadcrumb\"},\"inLanguage\":\"cs\",\"potentialAction\":[{\"@type\":\"ReadAction\",\"target\":[\"https:\/\/evertonfc.cz\/index.php\/2020\/05\/20\/everton-bude-obliekat-hummel\/\"]}]},{\"@type\":\"ImageObject\",\"inLanguage\":\"cs\",\"@id\":\"https:\/\/evertonfc.cz\/index.php\/2020\/05\/20\/everton-bude-obliekat-hummel\/#primaryimage\",\"url\":\"https:\/\/evertonfc.cz\/wp-content\/uploads\/2020\/05\/Everton-Hummel-20-5-2020.jpg\",\"contentUrl\":\"https:\/\/evertonfc.cz\/wp-content\/uploads\/2020\/05\/Everton-Hummel-20-5-2020.jpg\",\"width\":720,\"height\":405},{\"@type\":\"BreadcrumbList\",\"@id\":\"https:\/\/evertonfc.cz\/index.php\/2020\/05\/20\/everton-bude-obliekat-hummel\/#breadcrumb\",\"itemListElement\":[{\"@type\":\"ListItem\",\"position\":1,\"name\":\"Home\",\"item\":\"https:\/\/evertonfc.cz\/\"},{\"@type\":\"ListItem\",\"position\":2,\"name\":\"Everton bude oblieka\u0165 Hummel\"}]},{\"@type\":\"WebSite\",\"@id\":\"https:\/\/evertonfc.cz\/#website\",\"url\":\"https:\/\/evertonfc.cz\/\",\"name\":\"Official Czech &amp; Slovak Everton Supporters&#039; Club\",\"description\":\"\",\"publisher\":{\"@id\":\"https:\/\/evertonfc.cz\/#organization\"},\"potentialAction\":[{\"@type\":\"SearchAction\",\"target\":{\"@type\":\"EntryPoint\",\"urlTemplate\":\"https:\/\/evertonfc.cz\/?s={search_term_string}\"},\"query-input\":{\"@type\":\"PropertyValueSpecification\",\"valueRequired\":true,\"valueName\":\"search_term_string\"}}],\"inLanguage\":\"cs\"},{\"@type\":\"Organization\",\"@id\":\"https:\/\/evertonfc.cz\/#organization\",\"name\":\"Official Czech & Slovak Everton Supporters' Club\",\"url\":\"https:\/\/evertonfc.cz\/\",\"logo\":{\"@type\":\"ImageObject\",\"inLanguage\":\"cs\",\"@id\":\"https:\/\/evertonfc.cz\/#\/schema\/logo\/image\/\",\"url\":\"https:\/\/evertonfc.cz\/wp-content\/uploads\/2019\/05\/logo.png\",\"contentUrl\":\"https:\/\/evertonfc.cz\/wp-content\/uploads\/2019\/05\/logo.png\",\"width\":112,\"height\":112,\"caption\":\"Official Czech & Slovak Everton Supporters' Club\"},\"image\":{\"@id\":\"https:\/\/evertonfc.cz\/#\/schema\/logo\/image\/\"},\"sameAs\":[\"https:\/\/www.facebook.com\/everton.fans.cz.sk\"]},{\"@type\":\"Person\",\"@id\":\"https:\/\/evertonfc.cz\/#\/schema\/person\/d4493b8cbea51532597fbc4685698916\",\"name\":\"BlueBlooded\",\"url\":\"https:\/\/evertonfc.cz\/index.php\/author\/admin\/\"}]}<\/script>\n<!-- \/ Yoast SEO plugin. -->","yoast_head_json":{"title":"Everton bude oblieka\u0165 Hummel - Official Czech &amp; Slovak Everton Supporters&#039; Club","robots":{"index":"index","follow":"follow","max-snippet":"max-snippet:-1","max-image-preview":"max-image-preview:large","max-video-preview":"max-video-preview:-1"},"canonical":"https:\/\/evertonfc.cz\/index.php\/2020\/05\/20\/everton-bude-obliekat-hummel\/","og_locale":"cs_CZ","og_type":"article","og_title":"Everton bude oblieka\u0165 Hummel - Official Czech &amp; Slovak Everton Supporters&#039; Club","og_description":"The Toffees dnes ozn\u00e1mili nov\u00e9ho dod\u00e1vate\u013ea dresov od nasleduj\u00facej sez\u00f3ny. V rekordnej trojro\u010dnej zmluve sa zaviazali s d\u00e1nskou zna\u010dkou \u0161portov\u00e9ho oble\u010denia.","og_url":"https:\/\/evertonfc.cz\/index.php\/2020\/05\/20\/everton-bude-obliekat-hummel\/","og_site_name":"Official Czech &amp; Slovak Everton Supporters&#039; Club","article_publisher":"https:\/\/www.facebook.com\/everton.fans.cz.sk","article_published_time":"2020-05-20T15:17:48+00:00","article_modified_time":"2020-05-25T08:31:47+00:00","og_image":[{"width":720,"height":405,"url":"https:\/\/evertonfc.cz\/wp-content\/uploads\/2020\/05\/Everton-Hummel-20-5-2020.jpg","type":"image\/jpeg"}],"author":"BlueBlooded","twitter_card":"summary_large_image","twitter_misc":{"Napsal(a)":"BlueBlooded","Odhadovan\u00e1 doba \u010dten\u00ed":"4 minuty"},"schema":{"@context":"https:\/\/schema.org","@graph":[{"@type":"Article","@id":"https:\/\/evertonfc.cz\/index.php\/2020\/05\/20\/everton-bude-obliekat-hummel\/#article","isPartOf":{"@id":"https:\/\/evertonfc.cz\/index.php\/2020\/05\/20\/everton-bude-obliekat-hummel\/"},"author":{"name":"BlueBlooded","@id":"https:\/\/evertonfc.cz\/#\/schema\/person\/d4493b8cbea51532597fbc4685698916"},"headline":"Everton bude oblieka\u0165 Hummel","datePublished":"2020-05-20T15:17:48+00:00","dateModified":"2020-05-25T08:31:47+00:00","mainEntityOfPage":{"@id":"https:\/\/evertonfc.cz\/index.php\/2020\/05\/20\/everton-bude-obliekat-hummel\/"},"wordCount":766,"commentCount":2,"publisher":{"@id":"https:\/\/evertonfc.cz\/#organization"},"image":{"@id":"https:\/\/evertonfc.cz\/index.php\/2020\/05\/20\/everton-bude-obliekat-hummel\/#primaryimage"},"thumbnailUrl":"https:\/\/evertonfc.cz\/wp-content\/uploads\/2020\/05\/Everton-Hummel-20-5-2020.jpg","articleSection":["Aktuality"],"inLanguage":"cs","potentialAction":[{"@type":"CommentAction","name":"Comment","target":["https:\/\/evertonfc.cz\/index.php\/2020\/05\/20\/everton-bude-obliekat-hummel\/#respond"]}]},{"@type":"WebPage","@id":"https:\/\/evertonfc.cz\/index.php\/2020\/05\/20\/everton-bude-obliekat-hummel\/","url":"https:\/\/evertonfc.cz\/index.php\/2020\/05\/20\/everton-bude-obliekat-hummel\/","name":"Everton bude oblieka\u0165 Hummel - Official Czech &amp; Slovak Everton Supporters&#039; Club","isPartOf":{"@id":"https:\/\/evertonfc.cz\/#website"},"primaryImageOfPage":{"@id":"https:\/\/evertonfc.cz\/index.php\/2020\/05\/20\/everton-bude-obliekat-hummel\/#primaryimage"},"image":{"@id":"https:\/\/evertonfc.cz\/index.php\/2020\/05\/20\/everton-bude-obliekat-hummel\/#primaryimage"},"thumbnailUrl":"https:\/\/evertonfc.cz\/wp-content\/uploads\/2020\/05\/Everton-Hummel-20-5-2020.jpg","datePublished":"2020-05-20T15:17:48+00:00","dateModified":"2020-05-25T08:31:47+00:00","breadcrumb":{"@id":"https:\/\/evertonfc.cz\/index.php\/2020\/05\/20\/everton-bude-obliekat-hummel\/#breadcrumb"},"inLanguage":"cs","potentialAction":[{"@type":"ReadAction","target":["https:\/\/evertonfc.cz\/index.php\/2020\/05\/20\/everton-bude-obliekat-hummel\/"]}]},{"@type":"ImageObject","inLanguage":"cs","@id":"https:\/\/evertonfc.cz\/index.php\/2020\/05\/20\/everton-bude-obliekat-hummel\/#primaryimage","url":"https:\/\/evertonfc.cz\/wp-content\/uploads\/2020\/05\/Everton-Hummel-20-5-2020.jpg","contentUrl":"https:\/\/evertonfc.cz\/wp-content\/uploads\/2020\/05\/Everton-Hummel-20-5-2020.jpg","width":720,"height":405},{"@type":"BreadcrumbList","@id":"https:\/\/evertonfc.cz\/index.php\/2020\/05\/20\/everton-bude-obliekat-hummel\/#breadcrumb","itemListElement":[{"@type":"ListItem","position":1,"name":"Home","item":"https:\/\/evertonfc.cz\/"},{"@type":"ListItem","position":2,"name":"Everton bude oblieka\u0165 Hummel"}]},{"@type":"WebSite","@id":"https:\/\/evertonfc.cz\/#website","url":"https:\/\/evertonfc.cz\/","name":"Official Czech &amp; Slovak Everton Supporters&#039; Club","description":"","publisher":{"@id":"https:\/\/evertonfc.cz\/#organization"},"potentialAction":[{"@type":"SearchAction","target":{"@type":"EntryPoint","urlTemplate":"https:\/\/evertonfc.cz\/?s={search_term_string}"},"query-input":{"@type":"PropertyValueSpecification","valueRequired":true,"valueName":"search_term_string"}}],"inLanguage":"cs"},{"@type":"Organization","@id":"https:\/\/evertonfc.cz\/#organization","name":"Official Czech & Slovak Everton Supporters' Club","url":"https:\/\/evertonfc.cz\/","logo":{"@type":"ImageObject","inLanguage":"cs","@id":"https:\/\/evertonfc.cz\/#\/schema\/logo\/image\/","url":"https:\/\/evertonfc.cz\/wp-content\/uploads\/2019\/05\/logo.png","contentUrl":"https:\/\/evertonfc.cz\/wp-content\/uploads\/2019\/05\/logo.png","width":112,"height":112,"caption":"Official Czech & Slovak Everton Supporters' Club"},"image":{"@id":"https:\/\/evertonfc.cz\/#\/schema\/logo\/image\/"},"sameAs":["https:\/\/www.facebook.com\/everton.fans.cz.sk"]},{"@type":"Person","@id":"https:\/\/evertonfc.cz\/#\/schema\/person\/d4493b8cbea51532597fbc4685698916","name":"BlueBlooded","url":"https:\/\/evertonfc.cz\/index.php\/author\/admin\/"}]}},"_links":{"self":[{"href":"https:\/\/evertonfc.cz\/index.php\/wp-json\/wp\/v2\/posts\/11017"}],"collection":[{"href":"https:\/\/evertonfc.cz\/index.php\/wp-json\/wp\/v2\/posts"}],"about":[{"href":"https:\/\/evertonfc.cz\/index.php\/wp-json\/wp\/v2\/types\/post"}],"author":[{"embeddable":true,"href":"https:\/\/evertonfc.cz\/index.php\/wp-json\/wp\/v2\/users\/1"}],"replies":[{"embeddable":true,"href":"https:\/\/evertonfc.cz\/index.php\/wp-json\/wp\/v2\/comments?post=11017"}],"version-history":[{"count":6,"href":"https:\/\/evertonfc.cz\/index.php\/wp-json\/wp\/v2\/posts\/11017\/revisions"}],"predecessor-version":[{"id":11033,"href":"https:\/\/evertonfc.cz\/index.php\/wp-json\/wp\/v2\/posts\/11017\/revisions\/11033"}],"wp:featuredmedia":[{"embeddable":true,"href":"https:\/\/evertonfc.cz\/index.php\/wp-json\/wp\/v2\/media\/11018"}],"wp:attachment":[{"href":"https:\/\/evertonfc.cz\/index.php\/wp-json\/wp\/v2\/media?parent=11017"}],"wp:term":[{"taxonomy":"category","embeddable":true,"href":"https:\/\/evertonfc.cz\/index.php\/wp-json\/wp\/v2\/categories?post=11017"},{"taxonomy":"post_tag","embeddable":true,"href":"https:\/\/evertonfc.cz\/index.php\/wp-json\/wp\/v2\/tags?post=11017"}],"curies":[{"name":"wp","href":"https:\/\/api.w.org\/{rel}","templated":true}]}}