{"id":11028,"date":"2020-05-21T13:12:11","date_gmt":"2020-05-21T11:12:11","guid":{"rendered":"https:\/\/evertonfc.cz\/?p=11028"},"modified":"2021-02-08T08:29:22","modified_gmt":"2021-02-08T07:29:22","slug":"co-bude-dale-s-baningimem","status":"publish","type":"post","link":"https:\/\/evertonfc.cz\/index.php\/2020\/05\/21\/co-bude-dale-s-baningimem\/","title":{"rendered":"Co bude d\u00e1le s Baningimem?"},"content":{"rendered":"<h4>Mana\u017eer Evertonu Carlo Ancelotti se netaj\u00ed z\u00e1m\u011brem vylep\u0161it st\u0159ed pole o energick\u00e9ho hr\u00e1\u010de, kter\u00fd t\u00fdmu v leto\u0161n\u00ed sez\u00f3n\u011b citeln\u011b chyb\u00ed.<\/h4>\n<p>Je tak\u00e9 o\u010dek\u00e1v\u00e1no, \u017ee italsk\u00fd strat\u00e9g si p\u0159ivede vlastn\u00edho z\u00e1lo\u017en\u00edka. Relevantn\u00ed zdroje spojuj\u00ed Toffees s kapit\u00e1nem Southamptonu Pierrem-Emilem Hojbjergem a b\u00fdval\u00fdm Ancellotiho sv\u011b\u0159encem v Neapoli Allanem.<\/p>\n<p>Sh\u00e1n\u011bn\u00ed energick\u00e9ho z\u00e1lo\u017en\u00edka p\u0159itom nemuselo b\u00fdt na po\u0159adu dne, kdyby sv\u00e9 p\u0159edpoklady naplnil talentovan\u00fd Beni Baningime, je\u0161t\u011b p\u0159ed n\u011bkolika m\u011bs\u00edci tipovan\u00fd za n\u00e1stupce Idrissy Gueye, nyn\u00ed u\u017e obl\u00e9kaj\u00edc\u00edho barvy pa\u0159\u00ed\u017esk\u00e9ho Saint-Germain.<\/p>\n<p>Star\u00e9 moudr\u00e9 r\u010den\u00ed ale \u0159\u00edk\u00e1: <em>\u201eKdyby nebylo kdyby, nebylo by chyby.\u201c<\/em> Baningimeho p\u0159\u00edklad n\u00e1zorn\u011b ukazuje, \u017ee pro mlad\u00e9 hr\u00e1\u010de v Premier League snad nikdy nebylo t\u011b\u017e\u0161\u00ed natrvalo se prosadit v A-t\u00fdmu. Propast mezi ml\u00e1de\u017enick\u00fdm a seniorsk\u00fdm fotbalem na nejvy\u0161\u0161\u00ed ostrovn\u00ed \u00farovni je pro mnoh\u00e9 nep\u0159ekonateln\u00e1.<\/p>\n<p>Baningime vtrhl do velk\u00e9ho fotbalu jako voda. Debutoval ve sv\u00fdch 19 letech na podzim roku 2017 v utk\u00e1n\u00ed Ligov\u00e9ho poh\u00e1ru na Stamford Bridge. Odchovance Evertonu nasadil do z\u00e1kladn\u00ed sestavy tehdej\u0161\u00ed do\u010dasn\u00fd mana\u017eer David Unsworth, kter\u00fd ho vedl v mistrovsk\u00e9m v\u00fdb\u011bru klubu do 23 let.<\/p>\n<p>Baningimeho premi\u00e9ra p\u0159i\u0161la ne\u010dekan\u011b, na posledn\u00edch chv\u00edli toti\u017e zastoupil nemocn\u00e9ho Morgana Schneiderlina. Hozenou rukavici v\u0161ak zvedl a podal v\u00fdborn\u00fd v\u00fdkon. Fanou\u0161ci Toffees dodnes vzpom\u00ednaj\u00ed na jeho <a href=\"https:\/\/twitter.com\/rbrejsa\/status\/1263049127392350209\" target=\"_blank\" rel=\"noopener noreferrer\">bezchybn\u00fd skluz<\/a> proti Ethanovi Ampaduovi.<\/p>\n<p>I p\u0159es prohru 1:2 Unsworth v poz\u00e1pasov\u00e9m rozhovoru ne\u0161et\u0159il chv\u00e1lou na adresu kon\u017esk\u00e9ho rod\u00e1ka: <em>\u201eB\u011bhem posledn\u00edch 18 m\u011bs\u00edc\u016f se Beni prezentuje v tom nejlep\u0161\u00edm mo\u017en\u00e9m sv\u011btle. Jeho schopnosti, fyzick\u00e1 kondice a povaha ho p\u0159edur\u010duj\u00ed ke kari\u00e9\u0159e v Premier League.\u201c<\/em><\/p>\n<p>Do konce ro\u010dn\u00edku 2017\/18 nasko\u010dil Baningime i do osmi z\u00e1pas\u016f Premier League a byl tipov\u00e1n na budouc\u00ed oporu z\u00e1lo\u017en\u00ed \u0159ady Evertonu.<\/p>\n<p>Osmi\u010dka start\u016f na jeho kont\u011b ale sv\u00edt\u00ed i po dvou letech. Neuspokojivou bilanci je\u0161t\u011b nav\u00edc podtrhuje ojedin\u011bl\u00e9 vystoupen\u00ed b\u011bhem p\u016flro\u010dn\u00edho hostov\u00e1n\u00ed v druholigov\u00e9m Wiganu p\u0159ed rokem.<\/p>\n<p>Baningime ve sv\u00fdch \u0161estn\u00e1cti letech platil za jednoho z nejlep\u0161\u00edch mlad\u00fdch defenzivn\u00edch st\u0159edopola\u0159\u016f v Anglii, jeho b\u00fdval\u00fd spoluhr\u00e1\u010d Wayne Rooney mu p\u0159edpov\u00eddal hv\u011bzdnou budoucnost, realita je v\u0161ak jin\u00e1.<\/p>\n<p>Nyn\u00ed, v 21 letech, op\u011bt nab\u00edr\u00e1 sebev\u011bdom\u00ed pod veden\u00edm sv\u00e9ho mentora Unswortha v ml\u00e1de\u017enick\u00e9m t\u00fdmu Evertonu do 23 let.<\/p>\n<p>Baningimeho srazilo ne\u00fasp\u011b\u0161n\u00e9 hostov\u00e1n\u00ed ve Wiganu, kam zam\u00ed\u0159il v lednu 2019 pot\u00e9, co se v \u00favodn\u00ed polovin\u011b ro\u010dn\u00edku neprobojoval do prvn\u00ed mu\u017estva Evertonu, jeho\u017e ot\u011b\u017e\u00ed se b\u011bhem p\u0159edch\u00e1zej\u00edc\u00edho l\u00e9ta ujal Marco Silva.<\/p>\n<p>K Latics zam\u00ed\u0159il d\u00edky doporu\u010den\u00ed sportovn\u00edho \u0159editele Joa Royla, jen\u017e se na Goodison Parku \u0159ad\u00ed mezi klubov\u00e9 legendy a pod mana\u017eerem Mart\u00ednezem m\u011bl na starost v\u00fdvoj mlad\u00fdch hr\u00e1\u010d\u016f.<\/p>\n<p>U\u017e p\u0159i p\u0159estupu se v kulo\u00e1rech \u0161u\u0161kalo, \u017ee se jedn\u00e1 sp\u00ed\u0161e o transfer z iniciativy Royla ne\u017e mana\u017eera Wiganu Paula Cooka, kter\u00fd se pr\u00fd s Baningimem ani nesetkal p\u0159ed uzav\u0159en\u00edm p\u0159\u00edchodu. Obavy se pozd\u011bji potvrdily.<\/p>\n<p>Baningime nen\u00ed typick\u00fdm fotbalistou. Je siln\u011b k\u0159es\u0165ansky zalo\u017een\u00fd, tich\u00fd a ohledupln\u00fd. Od sv\u00e9ho mana\u017eera pot\u0159ebuje c\u00edtit d\u016fv\u011bru a tak\u00e9 l\u00e1sku, co\u017e mu Unsworth projevoval. Ve Wiganu, kde p\u016fsobil jako mlad\u00edk na hostov\u00e1n\u00ed bez budoucnosti v klubu, se podobn\u00e9ho zach\u00e1zen\u00ed nedo\u010dkal.<\/p>\n<p>Po cel\u00e9 hostov\u00e1n\u00ed ho nav\u00edc su\u017eovaly neustupuj\u00edc\u00ed bolesti kotn\u00edku, je\u017e ho limitovaly i p\u0159i oby\u010dejn\u00e9m v\u00fdklusu. Jedin\u00e9 odehran\u00e9 utk\u00e1n\u00ed za \u0161est m\u011bs\u00edc\u016f asi nejl\u00e9pe reflektuje jeho nepovedenou anab\u00e1zi ve Wiganu.<\/p>\n<p>V\u00a0l\u00e9t\u011b 2019 po n\u00e1vratu z DW Stadium fotbalistovi z\u00e1stupci aktivn\u011b sh\u00e1n\u011bli jin\u00e9 p\u016fsobi\u0161t\u011b pro dal\u0161\u00ed hostov\u00e1n\u00ed. Nejvehementn\u011bj\u0161\u00ed z\u00e1jem projevovalo d\u00e1nsk\u00e9 Brondby, z v\u00fdp\u016fj\u010dky nakonec ale se\u0161lo z finan\u010dn\u00edch d\u016fvod\u016f v posledn\u00ed den p\u0159estupov\u00e9ho okna. Baningimeho to ale nakonec nemrzelo, r\u00e1d se op\u011bt p\u0159ipojil k Unsworthov\u011b v\u00fdb\u011bru do 23 let v Evertonu a b\u011bhem leto\u0161n\u00ed sez\u00f3ny se postupn\u011b p\u0159ibl\u00ed\u017eil ke sv\u00e9 v\u00fdkonnosti p\u0159ed odchodem do Wiganu.<\/p>\n<p>Pro Ancelottiho se v\u0161ak patrn\u011b nejedn\u00e1 o dosta\u010duj\u00edc\u00ed \u00farove\u0148, aby mu dal \u0161anci v\u00a0A-t\u00fdmu, a tak Baningimeho, v\u00e1zan\u00e9ho v\u00a0Evertonu smlouvu do roku 2022 s\u00a0t\u00fddenn\u00edm platem okolo osmi tis\u00edc liber, \u010dek\u00e1 dal\u0161\u00ed l\u00e9to ve znamen\u00ed hled\u00e1n\u00ed t\u00fdmu na hostov\u00e1n\u00ed.<\/p>\n<p>St\u00e1le jenom 21let\u00fd talent bude m\u00edt je\u0161t\u011b dostatek prostoru nasko\u010dit na cestu vedouc\u00ed k \u00fasp\u011b\u0161n\u00e9 kari\u00e9\u0159e prvoligov\u00e9ho hr\u00e1\u010de, pravd\u011bpodobn\u011b ale v jin\u00e9m dresu ne\u017e v barv\u011b \u201eThe Royal Blue\u201c.<\/p>\n","protected":false},"excerpt":{"rendered":"<p>Mana\u017eer Evertonu Carlo Ancelotti se netaj\u00ed z\u00e1m\u011brem vylep\u0161it st\u0159ed pole o energick\u00e9ho hr\u00e1\u010de, kter\u00fd t\u00fdmu v leto\u0161n\u00ed sez\u00f3n\u011b citeln\u011b chyb\u00ed.<\/p>\n","protected":false},"author":6,"featured_media":11025,"comment_status":"open","ping_status":"closed","sticky":false,"template":"","format":"standard","meta":{"_eb_attr":"","_monsterinsights_skip_tracking":false,"_monsterinsights_sitenote_active":false,"_monsterinsights_sitenote_note":"","_monsterinsights_sitenote_category":0,"footnotes":""},"categories":[39],"tags":[],"yoast_head":"<!-- This site is optimized with the Yoast SEO plugin v23.4 - https:\/\/yoast.com\/wordpress\/plugins\/seo\/ -->\n<title>Co bude d\u00e1le s Baningimem? - Official Czech &amp; Slovak Everton Supporters&#039; Club<\/title>\n<meta name=\"description\" content=\"Mana\u017eer Evertonu Carlo Ancelotti se netaj\u00ed z\u00e1m\u011brem vylep\u0161it st\u0159ed pole o energick\u00e9ho hr\u00e1\u010de, kter\u00fd t\u00fdmu v leto\u0161n\u00ed sez\u00f3n\u011b citeln\u011b chyb\u00ed.\" \/>\n<meta name=\"robots\" content=\"index, follow, max-snippet:-1, max-image-preview:large, max-video-preview:-1\" \/>\n<link rel=\"canonical\" href=\"https:\/\/evertonfc.cz\/index.php\/2020\/05\/21\/co-bude-dale-s-baningimem\/\" \/>\n<meta property=\"og:locale\" content=\"cs_CZ\" \/>\n<meta property=\"og:type\" content=\"article\" \/>\n<meta property=\"og:title\" content=\"Co bude d\u00e1le s Baningimem? - Official Czech &amp; Slovak Everton Supporters&#039; Club\" \/>\n<meta property=\"og:description\" content=\"Mana\u017eer Evertonu Carlo Ancelotti se netaj\u00ed z\u00e1m\u011brem vylep\u0161it st\u0159ed pole o energick\u00e9ho hr\u00e1\u010de, kter\u00fd t\u00fdmu v leto\u0161n\u00ed sez\u00f3n\u011b citeln\u011b chyb\u00ed.\" \/>\n<meta property=\"og:url\" content=\"https:\/\/evertonfc.cz\/index.php\/2020\/05\/21\/co-bude-dale-s-baningimem\/\" \/>\n<meta property=\"og:site_name\" content=\"Official Czech &amp; Slovak Everton Supporters&#039; Club\" \/>\n<meta property=\"article:publisher\" content=\"https:\/\/www.facebook.com\/everton.fans.cz.sk\" \/>\n<meta property=\"article:published_time\" content=\"2020-05-21T11:12:11+00:00\" \/>\n<meta property=\"article:modified_time\" content=\"2021-02-08T07:29:22+00:00\" \/>\n<meta property=\"og:image\" content=\"https:\/\/evertonfc.cz\/wp-content\/uploads\/2020\/05\/baningime_21_5_2020.jpg\" \/>\n\t<meta property=\"og:image:width\" content=\"720\" \/>\n\t<meta property=\"og:image:height\" content=\"405\" \/>\n\t<meta property=\"og:image:type\" content=\"image\/jpeg\" \/>\n<meta name=\"author\" content=\"Ri\u010di\" \/>\n<meta name=\"twitter:card\" content=\"summary_large_image\" \/>\n<meta name=\"twitter:creator\" content=\"@rbrejsa\" \/>\n<meta name=\"twitter:label1\" content=\"Napsal(a)\" \/>\n\t<meta name=\"twitter:data1\" content=\"Ri\u010di\" \/>\n\t<meta name=\"twitter:label2\" content=\"Odhadovan\u00e1 doba \u010dten\u00ed\" \/>\n\t<meta name=\"twitter:data2\" content=\"3 minuty\" \/>\n<script type=\"application\/ld+json\" class=\"yoast-schema-graph\">{\"@context\":\"https:\/\/schema.org\",\"@graph\":[{\"@type\":\"Article\",\"@id\":\"https:\/\/evertonfc.cz\/index.php\/2020\/05\/21\/co-bude-dale-s-baningimem\/#article\",\"isPartOf\":{\"@id\":\"https:\/\/evertonfc.cz\/index.php\/2020\/05\/21\/co-bude-dale-s-baningimem\/\"},\"author\":{\"name\":\"Ri\u010di\",\"@id\":\"https:\/\/evertonfc.cz\/#\/schema\/person\/f7a5daedb2ffee98480bc70e191aaef1\"},\"headline\":\"Co bude d\u00e1le s Baningimem?\",\"datePublished\":\"2020-05-21T11:12:11+00:00\",\"dateModified\":\"2021-02-08T07:29:22+00:00\",\"mainEntityOfPage\":{\"@id\":\"https:\/\/evertonfc.cz\/index.php\/2020\/05\/21\/co-bude-dale-s-baningimem\/\"},\"wordCount\":880,\"commentCount\":2,\"publisher\":{\"@id\":\"https:\/\/evertonfc.cz\/#organization\"},\"image\":{\"@id\":\"https:\/\/evertonfc.cz\/index.php\/2020\/05\/21\/co-bude-dale-s-baningimem\/#primaryimage\"},\"thumbnailUrl\":\"https:\/\/evertonfc.cz\/wp-content\/uploads\/2020\/05\/baningime_21_5_2020.jpg\",\"articleSection\":[\"Blog\"],\"inLanguage\":\"cs\",\"potentialAction\":[{\"@type\":\"CommentAction\",\"name\":\"Comment\",\"target\":[\"https:\/\/evertonfc.cz\/index.php\/2020\/05\/21\/co-bude-dale-s-baningimem\/#respond\"]}]},{\"@type\":\"WebPage\",\"@id\":\"https:\/\/evertonfc.cz\/index.php\/2020\/05\/21\/co-bude-dale-s-baningimem\/\",\"url\":\"https:\/\/evertonfc.cz\/index.php\/2020\/05\/21\/co-bude-dale-s-baningimem\/\",\"name\":\"Co bude d\u00e1le s Baningimem? - Official Czech &amp; Slovak Everton Supporters&#039; Club\",\"isPartOf\":{\"@id\":\"https:\/\/evertonfc.cz\/#website\"},\"primaryImageOfPage\":{\"@id\":\"https:\/\/evertonfc.cz\/index.php\/2020\/05\/21\/co-bude-dale-s-baningimem\/#primaryimage\"},\"image\":{\"@id\":\"https:\/\/evertonfc.cz\/index.php\/2020\/05\/21\/co-bude-dale-s-baningimem\/#primaryimage\"},\"thumbnailUrl\":\"https:\/\/evertonfc.cz\/wp-content\/uploads\/2020\/05\/baningime_21_5_2020.jpg\",\"datePublished\":\"2020-05-21T11:12:11+00:00\",\"dateModified\":\"2021-02-08T07:29:22+00:00\",\"description\":\"Mana\u017eer Evertonu Carlo Ancelotti se netaj\u00ed z\u00e1m\u011brem vylep\u0161it st\u0159ed pole o energick\u00e9ho hr\u00e1\u010de, kter\u00fd t\u00fdmu v leto\u0161n\u00ed sez\u00f3n\u011b citeln\u011b chyb\u00ed.\",\"breadcrumb\":{\"@id\":\"https:\/\/evertonfc.cz\/index.php\/2020\/05\/21\/co-bude-dale-s-baningimem\/#breadcrumb\"},\"inLanguage\":\"cs\",\"potentialAction\":[{\"@type\":\"ReadAction\",\"target\":[\"https:\/\/evertonfc.cz\/index.php\/2020\/05\/21\/co-bude-dale-s-baningimem\/\"]}]},{\"@type\":\"ImageObject\",\"inLanguage\":\"cs\",\"@id\":\"https:\/\/evertonfc.cz\/index.php\/2020\/05\/21\/co-bude-dale-s-baningimem\/#primaryimage\",\"url\":\"https:\/\/evertonfc.cz\/wp-content\/uploads\/2020\/05\/baningime_21_5_2020.jpg\",\"contentUrl\":\"https:\/\/evertonfc.cz\/wp-content\/uploads\/2020\/05\/baningime_21_5_2020.jpg\",\"width\":720,\"height\":405},{\"@type\":\"BreadcrumbList\",\"@id\":\"https:\/\/evertonfc.cz\/index.php\/2020\/05\/21\/co-bude-dale-s-baningimem\/#breadcrumb\",\"itemListElement\":[{\"@type\":\"ListItem\",\"position\":1,\"name\":\"Home\",\"item\":\"https:\/\/evertonfc.cz\/\"},{\"@type\":\"ListItem\",\"position\":2,\"name\":\"Co bude d\u00e1le s Baningimem?\"}]},{\"@type\":\"WebSite\",\"@id\":\"https:\/\/evertonfc.cz\/#website\",\"url\":\"https:\/\/evertonfc.cz\/\",\"name\":\"Official Czech &amp; Slovak Everton Supporters&#039; Club\",\"description\":\"\",\"publisher\":{\"@id\":\"https:\/\/evertonfc.cz\/#organization\"},\"potentialAction\":[{\"@type\":\"SearchAction\",\"target\":{\"@type\":\"EntryPoint\",\"urlTemplate\":\"https:\/\/evertonfc.cz\/?s={search_term_string}\"},\"query-input\":{\"@type\":\"PropertyValueSpecification\",\"valueRequired\":true,\"valueName\":\"search_term_string\"}}],\"inLanguage\":\"cs\"},{\"@type\":\"Organization\",\"@id\":\"https:\/\/evertonfc.cz\/#organization\",\"name\":\"Official Czech & Slovak Everton Supporters' Club\",\"url\":\"https:\/\/evertonfc.cz\/\",\"logo\":{\"@type\":\"ImageObject\",\"inLanguage\":\"cs\",\"@id\":\"https:\/\/evertonfc.cz\/#\/schema\/logo\/image\/\",\"url\":\"https:\/\/evertonfc.cz\/wp-content\/uploads\/2019\/05\/logo.png\",\"contentUrl\":\"https:\/\/evertonfc.cz\/wp-content\/uploads\/2019\/05\/logo.png\",\"width\":112,\"height\":112,\"caption\":\"Official Czech & Slovak Everton Supporters' Club\"},\"image\":{\"@id\":\"https:\/\/evertonfc.cz\/#\/schema\/logo\/image\/\"},\"sameAs\":[\"https:\/\/www.facebook.com\/everton.fans.cz.sk\"]},{\"@type\":\"Person\",\"@id\":\"https:\/\/evertonfc.cz\/#\/schema\/person\/f7a5daedb2ffee98480bc70e191aaef1\",\"name\":\"Ri\u010di\",\"sameAs\":[\"https:\/\/x.com\/rbrejsa\"],\"url\":\"https:\/\/evertonfc.cz\/index.php\/author\/rici\/\"}]}<\/script>\n<!-- \/ Yoast SEO plugin. -->","yoast_head_json":{"title":"Co bude d\u00e1le s Baningimem? - Official Czech &amp; Slovak Everton Supporters&#039; Club","description":"Mana\u017eer Evertonu Carlo Ancelotti se netaj\u00ed z\u00e1m\u011brem vylep\u0161it st\u0159ed pole o energick\u00e9ho hr\u00e1\u010de, kter\u00fd t\u00fdmu v leto\u0161n\u00ed sez\u00f3n\u011b citeln\u011b chyb\u00ed.","robots":{"index":"index","follow":"follow","max-snippet":"max-snippet:-1","max-image-preview":"max-image-preview:large","max-video-preview":"max-video-preview:-1"},"canonical":"https:\/\/evertonfc.cz\/index.php\/2020\/05\/21\/co-bude-dale-s-baningimem\/","og_locale":"cs_CZ","og_type":"article","og_title":"Co bude d\u00e1le s Baningimem? - Official Czech &amp; Slovak Everton Supporters&#039; Club","og_description":"Mana\u017eer Evertonu Carlo Ancelotti se netaj\u00ed z\u00e1m\u011brem vylep\u0161it st\u0159ed pole o energick\u00e9ho hr\u00e1\u010de, kter\u00fd t\u00fdmu v leto\u0161n\u00ed sez\u00f3n\u011b citeln\u011b chyb\u00ed.","og_url":"https:\/\/evertonfc.cz\/index.php\/2020\/05\/21\/co-bude-dale-s-baningimem\/","og_site_name":"Official Czech &amp; Slovak Everton Supporters&#039; Club","article_publisher":"https:\/\/www.facebook.com\/everton.fans.cz.sk","article_published_time":"2020-05-21T11:12:11+00:00","article_modified_time":"2021-02-08T07:29:22+00:00","og_image":[{"width":720,"height":405,"url":"https:\/\/evertonfc.cz\/wp-content\/uploads\/2020\/05\/baningime_21_5_2020.jpg","type":"image\/jpeg"}],"author":"Ri\u010di","twitter_card":"summary_large_image","twitter_creator":"@rbrejsa","twitter_misc":{"Napsal(a)":"Ri\u010di","Odhadovan\u00e1 doba \u010dten\u00ed":"3 minuty"},"schema":{"@context":"https:\/\/schema.org","@graph":[{"@type":"Article","@id":"https:\/\/evertonfc.cz\/index.php\/2020\/05\/21\/co-bude-dale-s-baningimem\/#article","isPartOf":{"@id":"https:\/\/evertonfc.cz\/index.php\/2020\/05\/21\/co-bude-dale-s-baningimem\/"},"author":{"name":"Ri\u010di","@id":"https:\/\/evertonfc.cz\/#\/schema\/person\/f7a5daedb2ffee98480bc70e191aaef1"},"headline":"Co bude d\u00e1le s Baningimem?","datePublished":"2020-05-21T11:12:11+00:00","dateModified":"2021-02-08T07:29:22+00:00","mainEntityOfPage":{"@id":"https:\/\/evertonfc.cz\/index.php\/2020\/05\/21\/co-bude-dale-s-baningimem\/"},"wordCount":880,"commentCount":2,"publisher":{"@id":"https:\/\/evertonfc.cz\/#organization"},"image":{"@id":"https:\/\/evertonfc.cz\/index.php\/2020\/05\/21\/co-bude-dale-s-baningimem\/#primaryimage"},"thumbnailUrl":"https:\/\/evertonfc.cz\/wp-content\/uploads\/2020\/05\/baningime_21_5_2020.jpg","articleSection":["Blog"],"inLanguage":"cs","potentialAction":[{"@type":"CommentAction","name":"Comment","target":["https:\/\/evertonfc.cz\/index.php\/2020\/05\/21\/co-bude-dale-s-baningimem\/#respond"]}]},{"@type":"WebPage","@id":"https:\/\/evertonfc.cz\/index.php\/2020\/05\/21\/co-bude-dale-s-baningimem\/","url":"https:\/\/evertonfc.cz\/index.php\/2020\/05\/21\/co-bude-dale-s-baningimem\/","name":"Co bude d\u00e1le s Baningimem? - Official Czech &amp; Slovak Everton Supporters&#039; Club","isPartOf":{"@id":"https:\/\/evertonfc.cz\/#website"},"primaryImageOfPage":{"@id":"https:\/\/evertonfc.cz\/index.php\/2020\/05\/21\/co-bude-dale-s-baningimem\/#primaryimage"},"image":{"@id":"https:\/\/evertonfc.cz\/index.php\/2020\/05\/21\/co-bude-dale-s-baningimem\/#primaryimage"},"thumbnailUrl":"https:\/\/evertonfc.cz\/wp-content\/uploads\/2020\/05\/baningime_21_5_2020.jpg","datePublished":"2020-05-21T11:12:11+00:00","dateModified":"2021-02-08T07:29:22+00:00","description":"Mana\u017eer Evertonu Carlo Ancelotti se netaj\u00ed z\u00e1m\u011brem vylep\u0161it st\u0159ed pole o energick\u00e9ho hr\u00e1\u010de, kter\u00fd t\u00fdmu v leto\u0161n\u00ed sez\u00f3n\u011b citeln\u011b chyb\u00ed.","breadcrumb":{"@id":"https:\/\/evertonfc.cz\/index.php\/2020\/05\/21\/co-bude-dale-s-baningimem\/#breadcrumb"},"inLanguage":"cs","potentialAction":[{"@type":"ReadAction","target":["https:\/\/evertonfc.cz\/index.php\/2020\/05\/21\/co-bude-dale-s-baningimem\/"]}]},{"@type":"ImageObject","inLanguage":"cs","@id":"https:\/\/evertonfc.cz\/index.php\/2020\/05\/21\/co-bude-dale-s-baningimem\/#primaryimage","url":"https:\/\/evertonfc.cz\/wp-content\/uploads\/2020\/05\/baningime_21_5_2020.jpg","contentUrl":"https:\/\/evertonfc.cz\/wp-content\/uploads\/2020\/05\/baningime_21_5_2020.jpg","width":720,"height":405},{"@type":"BreadcrumbList","@id":"https:\/\/evertonfc.cz\/index.php\/2020\/05\/21\/co-bude-dale-s-baningimem\/#breadcrumb","itemListElement":[{"@type":"ListItem","position":1,"name":"Home","item":"https:\/\/evertonfc.cz\/"},{"@type":"ListItem","position":2,"name":"Co bude d\u00e1le s Baningimem?"}]},{"@type":"WebSite","@id":"https:\/\/evertonfc.cz\/#website","url":"https:\/\/evertonfc.cz\/","name":"Official Czech &amp; Slovak Everton Supporters&#039; Club","description":"","publisher":{"@id":"https:\/\/evertonfc.cz\/#organization"},"potentialAction":[{"@type":"SearchAction","target":{"@type":"EntryPoint","urlTemplate":"https:\/\/evertonfc.cz\/?s={search_term_string}"},"query-input":{"@type":"PropertyValueSpecification","valueRequired":true,"valueName":"search_term_string"}}],"inLanguage":"cs"},{"@type":"Organization","@id":"https:\/\/evertonfc.cz\/#organization","name":"Official Czech & Slovak Everton Supporters' Club","url":"https:\/\/evertonfc.cz\/","logo":{"@type":"ImageObject","inLanguage":"cs","@id":"https:\/\/evertonfc.cz\/#\/schema\/logo\/image\/","url":"https:\/\/evertonfc.cz\/wp-content\/uploads\/2019\/05\/logo.png","contentUrl":"https:\/\/evertonfc.cz\/wp-content\/uploads\/2019\/05\/logo.png","width":112,"height":112,"caption":"Official Czech & Slovak Everton Supporters' Club"},"image":{"@id":"https:\/\/evertonfc.cz\/#\/schema\/logo\/image\/"},"sameAs":["https:\/\/www.facebook.com\/everton.fans.cz.sk"]},{"@type":"Person","@id":"https:\/\/evertonfc.cz\/#\/schema\/person\/f7a5daedb2ffee98480bc70e191aaef1","name":"Ri\u010di","sameAs":["https:\/\/x.com\/rbrejsa"],"url":"https:\/\/evertonfc.cz\/index.php\/author\/rici\/"}]}},"_links":{"self":[{"href":"https:\/\/evertonfc.cz\/index.php\/wp-json\/wp\/v2\/posts\/11028"}],"collection":[{"href":"https:\/\/evertonfc.cz\/index.php\/wp-json\/wp\/v2\/posts"}],"about":[{"href":"https:\/\/evertonfc.cz\/index.php\/wp-json\/wp\/v2\/types\/post"}],"author":[{"embeddable":true,"href":"https:\/\/evertonfc.cz\/index.php\/wp-json\/wp\/v2\/users\/6"}],"replies":[{"embeddable":true,"href":"https:\/\/evertonfc.cz\/index.php\/wp-json\/wp\/v2\/comments?post=11028"}],"version-history":[{"count":5,"href":"https:\/\/evertonfc.cz\/index.php\/wp-json\/wp\/v2\/posts\/11028\/revisions"}],"predecessor-version":[{"id":14016,"href":"https:\/\/evertonfc.cz\/index.php\/wp-json\/wp\/v2\/posts\/11028\/revisions\/14016"}],"wp:featuredmedia":[{"embeddable":true,"href":"https:\/\/evertonfc.cz\/index.php\/wp-json\/wp\/v2\/media\/11025"}],"wp:attachment":[{"href":"https:\/\/evertonfc.cz\/index.php\/wp-json\/wp\/v2\/media?parent=11028"}],"wp:term":[{"taxonomy":"category","embeddable":true,"href":"https:\/\/evertonfc.cz\/index.php\/wp-json\/wp\/v2\/categories?post=11028"},{"taxonomy":"post_tag","embeddable":true,"href":"https:\/\/evertonfc.cz\/index.php\/wp-json\/wp\/v2\/tags?post=11028"}],"curies":[{"name":"wp","href":"https:\/\/api.w.org\/{rel}","templated":true}]}}