{"id":11035,"date":"2020-05-25T09:54:29","date_gmt":"2020-05-25T07:54:29","guid":{"rendered":"https:\/\/evertonfc.cz\/?p=11035"},"modified":"2021-11-16T13:02:18","modified_gmt":"2021-11-16T12:02:18","slug":"legenda-colin-harvey","status":"publish","type":"post","link":"https:\/\/evertonfc.cz\/index.php\/2020\/05\/25\/legenda-colin-harvey\/","title":{"rendered":"Legenda: Colin Harvey"},"content":{"rendered":"<h4><em>\u201eJak byste cht\u011bl, aby si v\u00e1s lid\u00e9 pamatovali?\u201c \u201e\u017de jsem hr\u00e1l za Everton a \u017ee jsem byl Evertonian.\u201c<\/em><\/h4>\n<p>V historii klubu existuj\u00ed pam\u00e1tn\u00e9 debuty. T\u0159eba Paul Bracewell poprv\u00e9 nastoupil za klub v Poh\u00e1ru Charity proti RS. Francis Jeffers poprv\u00e9 p\u0159et\u00e1hl modr\u00fd dres p\u0159es hlavu na Old Trafford a poprv\u00e9 v z\u00e1kladn\u00ed sestav\u011b byl na Anfield Road. Ale asi nic nem\u00e1 na prvn\u00ed start Colina Harveyho za \u00e1\u010dko. V 18 na San Siru! Jimmy Gabriel byl toti\u017e zran\u011bn\u00fd a mana\u017eer Harry Catterick posunul na jeho m\u00edsto Dennise Stevense. A pr\u00e1v\u011b na jeho m\u00edst\u011b (tedy spojky) Harvey debutoval. Inter zvl\u00e1dl v prvn\u00edm utk\u00e1n\u00ed na Goodison Parku remizovat, doma si postup zajistil brankou Jaira ze za\u010d\u00e1tku druh\u00e9ho polo\u010dasu. Nakonec vyhr\u00e1l cel\u00fd ro\u010dn\u00edk, kdy\u017e ve fin\u00e1le porazil Benficu Lisabon na stejn\u00e9m stadionu brankou stejn\u00e9ho st\u0159elce.<\/p>\n<p>Ale zp\u011bt k \u00fapln\u00fdm za\u010d\u00e1tk\u016fm. Eric Idle ve filmu o Rutles prohl\u00e1sil:<em> \u201eHe was born in Liverpool, grew up in Liverpool, lives in Liverpool and of course he supports Everton\u201c.<\/em> A sed\u00ed to zcela p\u0159esn\u011b pr\u00e1v\u011b na \u201eb\u00edl\u00e9ho Pel\u00e9ho\u201c. Pro\u0161el ml\u00e1de\u017enick\u00fdmi v\u00fdb\u011bry, st\u00e1val b\u011bhem nejhor\u0161\u00edho obdob\u00ed v historii klubu (prvn\u00ed polovina 50. let 20. stolet\u00ed) v Boys\u00b4Pen a \u010dasem za\u010dal hern\u011b sv\u00e9 vrstevn\u00edky p\u0159evy\u0161ovat. Co ho od nich tedy kvalitativn\u011b odd\u011blovalo?Rychlost, v\u00fddr\u017e, skv\u011bl\u00fd prvn\u00ed dotek. Hr\u00e1l na pozici \u0161estky. <em>\u201eDostal se na vrchol, proto\u017ee si p\u0159id\u00e1val. V\u017edy z\u016fstal po konci tr\u00e9ninku dal\u0161\u00ed p\u016flhodinu\u201c<\/em>, vzpom\u00edn\u00e1 Terry Darracott, jeho spoluhr\u00e1\u010d a pozd\u011bji \u0161\u00e9f skautingu klubu.<\/p>\n<p>Dal\u0161\u00ed spoluhr\u00e1\u010d, Alex Young, chv\u00e1lil jeho odhodl\u00e1n\u00ed \u2013 aby Harvey neskon\u010dil v ni\u017e\u0161\u00edch sout\u011b\u017e\u00edch, tak musel p\u0159ibrat a zrychlit. \u201e<em>Stal se z n\u011bj skv\u011bl\u00fd fotbalista \u2013 expert na p\u0159esn\u00e9 a n\u00e1padit\u00e9 p\u0159ihr\u00e1vky. P\u0159ihraj a b\u011b\u017e \u2013 to byl on. Nesobeck\u00fd, odv\u00e1\u017en\u00fd a velmi dovedn\u00fd.\u201c <\/em>Ze za\u010d\u00e1tku ale nebyl obl\u00edbencem fanou\u0161k\u016f, jako spojka a k\u0159\u00eddlo byl p\u0159ed brankou ukvapen\u00fd a celkem \u010dasto sv\u00e9 \u0161ance neprom\u011b\u0148oval. Catterick ho tedy posunul dozadu \u2013 a tam se na\u0161el.<\/p>\n<p>V sez\u00f3n\u011b 1965-66 u\u017e pravideln\u011b hr\u00e1val v z\u00e1kladn\u00ed sestav\u011b a pr\u00e1v\u011b jeho branka rozhodla nerv\u00f3zn\u00ed a vyrovnan\u00e9 semifin\u00e1le Anglick\u00e9ho poh\u00e1ru s Manchesterem United na h\u0159i\u0161ti Boltonu. Kdy\u017e Everton slavn\u011b oto\u010dil fin\u00e1le proti Sheffieldu Wednesday (\u017eivotn\u00ed z\u00e1pas Mika Trebilcocka), tak si do\u0161el do l\u00f3\u017ee fotbalov\u00e9ho svatost\u00e1nku ve Wembley pro zlatou medaili za v\u00edt\u011bzstv\u00ed v Anglick\u00e9m poh\u00e1ru. V 21 \u2026<\/p>\n<p>V dal\u0161\u00edch dvou letech sestavil Catterick \u201eSvatou trojici\u201c. Nejd\u0159\u00edv se mu poda\u0159ilo koupit \u010derstv\u00e9ho mistra sv\u011bta, tedy Alana Balla. V\u00fdkony Evertonu \u0161ly nahoru, stejn\u011b jako tabulkov\u00e9 um\u00edst\u011bn\u00ed, z jeden\u00e1ct\u00e9ho m\u00edsta bylo \u0161est\u00e9. Ale teprve p\u0159\u00edchod Howarda Kendalla z Prestonu dokon\u010dil d\u00edlo. I legenda Manchesteru United George Best prohl\u00e1sil, \u017ee bylo pot\u011b\u0161en\u00ed na n\u011b koukat. P\u0159itom ka\u017ed\u00fd z nich byl typov\u011b jin\u00fd. Kendallovy skluzy dosahovaly kvalit vskutku pluskalovsk\u00fdch, Harvey byl rozehr\u00e1va\u010dem t\u00e9hle trojice a Ball vep\u0159edu m\u011bl na starost g\u00f3l d\u00e1t \u010di na n\u011bj p\u0159ihr\u00e1t.<\/p>\n<p>V\u00fdsledkem byla tabulkov\u00e1 stabilizace a postup do fin\u00e1le Anglick\u00e9ho poh\u00e1ru. Tam ale WBA brankou Aistla ze za\u010d\u00e1tku prodlou\u017een\u00ed vyhr\u00e1l. To se ji\u017e v Evertonu za\u010dal prosazovat hro\u0165\u00e1k Joe Royle. I v sez\u00f3n\u011b 1968-69 pokra\u010doval vzestup klubu, v lize skon\u010dil t\u0159et\u00ed a v semifin\u00e1le Anglick\u00e9ho poh\u00e1ru ho vy\u0159adil Manchester City, pozd\u011bj\u0161\u00ed to v\u00edt\u011bz. Takov\u00e9 v\u00fdkony nemohla p\u0159ehl\u00e9dnout reprezentace, a tak se v roce 1969 z\u00fa\u010dastnil s \u00e1\u010dkem turn\u00e9 po Ji\u017en\u00ed Americe, to u\u017e hr\u00e1l za juniorsk\u00fd v\u00fdb\u011br do 23 let. Na h\u0159i\u0161t\u011b ale nevb\u011bhl, nakonec odehr\u00e1l v n\u00e1rodn\u00edm dresu pouze jeden z\u00e1pas \u2013 a to v kvalifikaci na Euro 1972 na Malt\u011b.<\/p>\n<p>Ale zp\u011bt ke klubov\u00e9 kari\u00e9\u0159e. Sez\u00f3na 1969-1970 skon\u010dila pro klub slavn\u011b \u2013 v\u00fdhrou v lize. Titul byl z\u00edsk\u00e1n dom\u00e1c\u00edm v\u00edt\u011bzstv\u00edm nad WBA 2:0, p\u0159i\u010dem\u017e Harvey p\u0159i prvn\u00ed brance uk\u00e1zal Anglii, \u010demu se n\u011bkolik let zp\u00e1tky \u0159\u00edkalo v \u010ceskoslovensku \u201eMasopust\u016fv slalom\u201c. To byla celkem satisfakce, musel kv\u016fli infekci v oku vynechat v sez\u00f3n\u011b dva m\u011bs\u00edce, na\u0161t\u011bst\u00ed l\u00e9\u010dba zabrala. A kdy\u017e z\u00edskal Everton Poh\u00e1r Charity v\u00fdhrou 2:1 nad Chelsea na jej\u00edm h\u0159i\u0161ti, tak nebylo pochyb o tom, kdo byl v t\u00e9hle sez\u00f3n\u011b kr\u00e1lem anglick\u00e9ho fotbalu. Vzadu nebylo mo\u017en\u00e9 p\u0159ej\u00edt p\u0159es Briana Labona, co pro\u0161lo, to pochytal spolehliv\u00fd Gordon West a vep\u0159edu se o st\u0159\u00edlen\u00ed branek staral prim\u00e1rn\u011b Joe Royle po p\u0159ihr\u00e1vk\u00e1ch t\u0159eba pr\u00e1v\u011b Alana Balla. Jen\u017ee v\u0161ichni v\u00edme, \u017ee z vrcholu vede cesta pouze jedn\u00edm sm\u011brem.<\/p>\n<p>O\u010dek\u00e1v\u00e1n\u00ed Evertonians ohledn\u011b \u201esvat\u00e9 trojice\u201c samoz\u0159ejm\u011b byla velk\u00e1, v sez\u00f3n\u011b 1970\/71 jim slou\u017eilo zdrav\u00ed, ale t\u00fdm za\u010dal hodn\u011b prohr\u00e1vat. Obh\u00e1jce titulu skon\u010dil a\u017e \u010dtrn\u00e1ct\u00fd! Reakce klubu? <em>\u201eAle ano, p\u00e1nov\u00e9 z Arsenalu, prod\u00e1me V\u00e1m za t\u011bch 220 tis\u00edc liber Alana Balla\u201c.<\/em> Harvey za\u010dal hr\u00e1t kv\u016fli zran\u011bn\u00edm \u010d\u00edm d\u00e1l t\u00edm m\u00e9n\u011b. Kdy\u017e se Catterick\u016fv n\u00e1stupce Bingham zakoukal do Martina Dobsona, tak byl prod\u00e1n do Sheffieldu Wednesday za 70 tis\u00edc liber, aby mohl na Goodison Park p\u0159ij\u00edt rod\u00e1k z Rishtonu za 300 tis\u00edc. Harvey m\u011bl vlekl\u00e9 probl\u00e9my s bokem, v Sheffieldu odehr\u00e1l dva roky stylem \u201etr\u00e9nuju jen v p\u00e1tek a v sobotu hraju\u201c. Bylo jasn\u00e9, \u017ee takhle to d\u00e1l nem\u016f\u017ee j\u00edt a po dvou sez\u00f3n\u00e1ch za Sovy ukon\u010dil kari\u00e9ru.<\/p>\n<p>Vr\u00e1til se na Goodison Park jako tren\u00e9r mlad\u00edk\u016f. Dohl\u00ed\u017eel na rozvoj nap\u0159\u00edklad Kevina Ratcliffa nebo Garyho Stevense. Kdy\u017e se v roce 1981 vr\u00e1til do Evertonu Howard Kendall na pozici mana\u017eera, tak ud\u011blal z Harveyho tren\u00e9ra rezervn\u00edho t\u00fdmu a o dva roky pozd\u011bji dokonce pov\u00fd\u0161il na pozici jeho asistenta. Je ji\u017e tradic\u00ed, \u017ee asistenti vedou tr\u00e9nink, Harvey si vzal na starost i rozbory u videa. O dva tituly a jeden vyhran\u00fd Anglick\u00fd poh\u00e1r si Kendall uv\u011bdomil, \u017ee chce zkusit \u0161t\u011bst\u00ed v cizin\u011b. Harvey tak byl logickou volbou (jako\u017eto n\u00e1sledovn\u00edk) na pozici mana\u017eera, a\u010d s touto pozic\u00ed nem\u011bl zku\u0161enosti.<\/p>\n<p><em>\u201eKa\u017ed\u00fd v klubu Harveyho obrovsky uzn\u00e1val. M\u011bl na n\u00e1\u0161 \u00fasp\u011bch pod Kendallem velk\u00fd vliv.\u201c<\/em>, \u0159ekl Graeme Sharpe, dal\u0161\u00ed klubov\u00e1 legenda. Jen\u017ee v sez\u00f3n\u011b 1987-1988 skon\u010dil Everton a\u017e \u010dtvrt\u00fd. Za\u010dalo b\u00fdt jasn\u00e9, \u017ee je \u010das koupit n\u00e1hrady. A tak p\u0159i\u0161el Tony Cottee, jeho\u017e p\u0159estup za 2,2 milionu liber byla cca 3 t\u00fddny britsk\u00fd rekord. Everton za\u010dal dob\u0159e, ale postupem \u010dasu mu do\u0161el v lize dech. Hrdinov\u00e9 z p\u011btaosmdes\u00e1t\u00e9ho (ti, kte\u0159\u00ed zbyli) le\u0161tili lavi\u010dku. Pov\u00eddalo se, \u017ee v \u0161atn\u011b zu\u0159il genera\u010dn\u00ed konflikt. V\u00fdsledek? Everton skon\u010dil osm\u00fd, dostal se ale do fin\u00e1le Anglick\u00e9ho poh\u00e1ru. Tam sice proti RS dvakr\u00e1t vyrovnal, ale p\u0159esto prohr\u00e1l v prodlou\u017een\u00ed.<\/p>\n<p>I v l\u00e9t\u011b 1989 se investovalo. Byli koupeni hr\u00e1\u010di jako Whiteside nebo Keown. Op\u011bt p\u0159ipom\u00ednal klub vytrvalce, kter\u00fd p\u0159ep\u00e1lil start. Tentokr\u00e1t ale skon\u010dil m\u00edrn\u011b v\u00fd\u0161e, na \u0161est\u00e9 pozici. Za\u010dalo ale b\u00fdt jasn\u00e9, \u017ee Harvey nezvl\u00e1d\u00e1 kabinu a nejednotnost hr\u00e1\u010d\u016f se stala ve\u0159ejn\u011b zn\u00e1mou. Na usmi\u0159ovac\u00ed akci v \u010d\u00ednsk\u00e9 restauraci dokonce do\u0161lo na p\u011bsti mezi Sheedym a Keownem. V l\u00e9t\u011b 1990 po\u017e\u00e1dal o p\u0159estup brank\u00e1\u0159 Southall, ale nebyl pu\u0161t\u011bn. Tentokr\u00e1t ale Harvey nep\u0159edvedl ani dobr\u00fd start. Kdy\u017e byl klub v listopadu na 18. pozici a vypadl z Ligov\u00e9ho poh\u00e1ru se Sheffieldem United, tak to byla posledn\u00ed kapka. Byl vyhozen\u2026 ale v klubu z\u016fstal. Jako asistent navr\u00e1tiv\u0161\u00edho se Kendalla.<\/p>\n<p>Ale ani jeden s pr\u016fm\u011brn\u00fdm k\u00e1drem nesvedl z\u00e1zraky. Everton sice nehr\u00e1l o z\u00e1chranu, ale stal se t\u00fdmem st\u0159edu tabulky. A kdy\u017e Kendall v prosinci 1993 rezignoval, tak t\u00fdm p\u0159evzal Mike Walker, kter\u00fd kv\u016fli tomu opustil Norwich City. N\u00e1sledn\u011b Harvey opustil Everton.. S\u00e1m na t\u011bch dva\u00a0a\u00a0p\u016fl roku, kdy byl mana\u017eerem klubu, vzpom\u00edn\u00e1 jako na nejv\u00edc frustruj\u00edc\u00ed obdob\u00ed sv\u00e9 kari\u00e9ry. <em>\u201eMus\u00edm to pova\u017eovat za ne\u00fasp\u011bch kv\u016fli tomu, \u017ee jsme nic nevyhr\u00e1li.\u201c<\/em><\/p>\n<p>V listopadu roku 1994 k\u00fdvl Sharpovi, \u017ee mu bude d\u011blat v Oldhamu asistenta. Klubu se ale neda\u0159ilo, a tak spole\u010dn\u011b ode\u0161li v b\u0159eznu 1997. Kdo si mysl\u00ed, \u017ee se Harvey znovu vr\u00e1til do Evertonu, tak m\u00e1 bod, to se psal \u010dervenec t\u00e9ho\u017e roku. Pozice? \u0158editel tr\u00e9nov\u00e1n\u00ed mlad\u00fdch. S t\u00edm ji\u017e m\u011bl zku\u0161enosti z minulosti. O rok pozd\u011bji zvedali Tony Hibbert, Francis Jeffers a Leon Osman nad hlavu poh\u00e1r pro v\u00edt\u011bze Anglick\u00e9ho poh\u00e1ru mlad\u00fdch. A jak je ohodnotil Harvey? <em>\u201eNejlep\u0161\u00ed fotbalov\u00fd t\u00fdm, se kter\u00fdm jsem kdy pracoval\u201c.<\/em> Rozum\u011bl zjevn\u011b i anga\u017eov\u00e1n\u00ed mlad\u00fdch, pr\u00e1v\u011b on byl t\u00edm, kdo urychlil fotbalov\u00fd r\u016fst Wayna Rooneyho, kdy\u017e ho nechal hr\u00e1t ve 14 za t\u00fdm do 19 let.<\/p>\n<p>V 16 pak debutoval za \u00e1\u010dko a jeho g\u00f3l proti Arsenalu se stal klubov\u011b legend\u00e1rn\u00edm sekundu po sv\u00e9m vst\u0159elen\u00ed. Na konci t\u00e9hle sez\u00f3ny, 2002-2003, ozn\u00e1mil, \u017ee kon\u010d\u00ed kari\u00e9ru ve veden\u00ed klubu. D\u016fvod? Dlouholet\u00e9 probl\u00e9my s bokem. Nebyla to ale tak \u00fapln\u011b pravda, v listopadu 2007 k\u00fdvl Garymu Megsonovi, \u017ee bude d\u011blat \u0161\u00e9fa skaut\u016f pro Bolton. A odkud se znali? Megson hr\u00e1l dv\u011b sez\u00f3ny za Everton v dob\u011b, kdy mlad\u00e9 tr\u00e9noval. Ve funkci skon\u010dil v \u010dervenci 2012.<\/p>\n<p>Na z\u00e1v\u011br ocituji Tonyho Cotteeho. <em><strong>\u201eColin Harvey byl mu\u017e, pro kter\u00e9ho byl Everton cel\u00fd jeho \u017eivot.\u201c<\/strong><\/em><\/p>\n<p style=\"text-align: right;\"><span style=\"font-size: 8pt;\">(foto zdroj: evertonfc.com)<\/span><\/p>\n<h4><strong>Mana\u017eersk\u00e9 statistiky podle evertonfc.com: <\/strong><\/h4>\n<table style=\"height: 80px; width: 100%;\" width=\"100%\">\n<tbody>\n<tr style=\"height: 40px;\">\n<td style=\"height: 80px; border-style: ridge;\" rowspan=\"2\" width=\"101\"><strong>Everton:\u00a0<\/strong><em>sez\u00f3ny 1987 \u2013 1990<\/em><\/td>\n<td style=\"height: 40px; text-align: center; border-style: ridge;\" width=\"64\"><strong>z\u00e1pasy<\/strong><\/td>\n<td style=\"height: 40px; text-align: center; border-style: ridge;\" width=\"64\"><strong>v\u00fdhry<\/strong><\/td>\n<td style=\"height: 40px; text-align: center; border-style: ridge;\" width=\"64\"><strong>rem\u00edzy<\/strong><\/td>\n<td style=\"height: 40px; text-align: center; border-style: ridge;\" width=\"64\"><strong>prohry<\/strong><\/td>\n<\/tr>\n<tr style=\"height: 40px;\">\n<td style=\"height: 40px; text-align: center; border-style: ridge;\" width=\"64\">170<\/td>\n<td style=\"height: 40px; text-align: center; border-style: ridge;\" width=\"64\">70<\/td>\n<td style=\"height: 40px; text-align: center; border-style: ridge;\" width=\"64\">52<\/td>\n<td style=\"height: 40px; text-align: center; border-style: ridge;\" width=\"64\">46<\/td>\n<\/tr>\n<\/tbody>\n<\/table>\n<h4><strong>Hr\u00e1\u010dsk\u00e9 statistiky podle 11v11.com:<br \/>\n<\/strong><\/h4>\n<table style=\"height: 121px; width: 100%;\" width=\"100%\">\n<tbody>\n<tr style=\"height: 40px;\">\n<td style=\"height: 121px; width: 15.2%; border-style: ridge;\" rowspan=\"3\" width=\"101\"><strong>Everton:<\/strong>\u00a0sez\u00f3ny <em>1963 \u2013 1975<\/em><\/td>\n<td style=\"text-align: center; height: 40px; width: 16.6667%; border-style: ridge;\" colspan=\"2\" width=\"128\"><strong>Liga<\/strong><\/td>\n<td style=\"text-align: center; height: 40px; width: 16.9333%; border-style: ridge;\" colspan=\"2\" width=\"128\"><strong>FA Cup<\/strong><\/td>\n<td style=\"text-align: center; height: 40px; width: 16.9333%; border-style: ridge;\" colspan=\"2\" width=\"128\"><strong>Ligov\u00fd poh\u00e1r<\/strong><\/td>\n<td style=\"text-align: center; height: 40px; width: 16.9333%; border-style: ridge;\" colspan=\"2\" width=\"128\"><strong>Evropsk\u00e9 poh\u00e1ry<\/strong><\/td>\n<td style=\"text-align: center; height: 40px; width: 17.0667%; border-style: ridge;\" colspan=\"2\" width=\"128\"><strong>Celkem<\/strong><\/td>\n<\/tr>\n<tr style=\"height: 41px;\">\n<td style=\"text-align: center; height: 41px; width: 8.4%; border-style: ridge;\" width=\"64\"><em>z\u00e1pasy<\/em><\/td>\n<td style=\"text-align: center; height: 41px; width: 8.26667%; border-style: ridge;\" width=\"64\"><em>g\u00f3ly<\/em><\/td>\n<td style=\"text-align: center; height: 41px; width: 8.53333%; border-style: ridge;\" width=\"64\"><em>z\u00e1pasy<\/em><\/td>\n<td style=\"text-align: center; height: 41px; width: 8.4%; border-style: ridge;\" width=\"64\"><em>g\u00f3ly<\/em><\/td>\n<td style=\"text-align: center; height: 41px; width: 8.53333%; border-style: ridge;\" width=\"64\"><em>z\u00e1pasy<\/em><\/td>\n<td style=\"text-align: center; height: 41px; width: 8.4%; border-style: ridge;\" width=\"64\"><em>g\u00f3ly<\/em><\/td>\n<td style=\"text-align: center; height: 41px; width: 8.53333%; border-style: ridge;\" width=\"64\"><em>z\u00e1pasy<\/em><\/td>\n<td style=\"text-align: center; height: 41px; width: 8.4%; border-style: ridge;\" width=\"64\"><em>g\u00f3ly<\/em><\/td>\n<td style=\"text-align: center; height: 41px; width: 8.53333%; border-style: ridge;\" width=\"64\"><em>z\u00e1pasy<\/em><\/td>\n<td style=\"text-align: center; height: 41px; width: 8.53333%; border-style: ridge;\" width=\"64\"><em>g\u00f3ly<\/em><\/td>\n<\/tr>\n<tr style=\"height: 40px;\">\n<td style=\"text-align: center; height: 40px; width: 8.4%; border-style: ridge;\" width=\"64\">317<\/td>\n<td style=\"text-align: center; height: 40px; width: 8.26667%; border-style: ridge;\" width=\"64\">18<\/td>\n<td style=\"text-align: center; height: 40px; width: 8.53333%; border-style: ridge;\" width=\"64\">35<\/td>\n<td style=\"text-align: center; height: 40px; width: 8.4%; border-style: ridge;\" width=\"64\">4<\/td>\n<td style=\"text-align: center; height: 40px; width: 8.53333%; border-style: ridge;\" width=\"64\">11<\/td>\n<td style=\"text-align: center; height: 40px; width: 8.4%; border-style: ridge;\" width=\"64\">&#8211;<\/td>\n<td style=\"text-align: center; height: 40px; width: 8.53333%; border-style: ridge;\" width=\"64\">19<\/td>\n<td style=\"text-align: center; height: 40px; width: 8.4%; border-style: ridge;\" width=\"64\">2<\/td>\n<td style=\"text-align: center; height: 40px; width: 8.53333%; border-style: ridge;\" width=\"64\">382<\/td>\n<td style=\"text-align: center; height: 40px; width: 8.53333%; border-style: ridge;\" width=\"64\">24<\/td>\n<\/tr>\n<\/tbody>\n<\/table>\n","protected":false},"excerpt":{"rendered":"<p>\u201eJak byste cht\u011bl, aby si v\u00e1s lid\u00e9 pamatovali?\u201c \u201e\u017de jsem hr\u00e1l za Everton a \u017ee jsem byl Evertonian.\u201c<\/p>\n","protected":false},"author":12,"featured_media":11037,"comment_status":"open","ping_status":"closed","sticky":false,"template":"","format":"standard","meta":{"_eb_attr":"","_monsterinsights_skip_tracking":false,"_monsterinsights_sitenote_active":false,"_monsterinsights_sitenote_note":"","_monsterinsights_sitenote_category":0,"footnotes":""},"categories":[11],"tags":[],"yoast_head":"<!-- This site is optimized with the Yoast SEO plugin v23.4 - https:\/\/yoast.com\/wordpress\/plugins\/seo\/ -->\n<title>Legenda: Colin Harvey - Official Czech &amp; Slovak Everton Supporters&#039; Club<\/title>\n<meta name=\"robots\" content=\"index, follow, max-snippet:-1, max-image-preview:large, max-video-preview:-1\" \/>\n<link rel=\"canonical\" href=\"https:\/\/evertonfc.cz\/index.php\/2020\/05\/25\/legenda-colin-harvey\/\" \/>\n<meta property=\"og:locale\" content=\"cs_CZ\" \/>\n<meta property=\"og:type\" content=\"article\" \/>\n<meta property=\"og:title\" content=\"Legenda: Colin Harvey - Official Czech &amp; Slovak Everton Supporters&#039; Club\" \/>\n<meta property=\"og:description\" content=\"\u201eJak byste cht\u011bl, aby si v\u00e1s lid\u00e9 pamatovali?\u201c \u201e\u017de jsem hr\u00e1l za Everton a \u017ee jsem byl Evertonian.\u201c\" \/>\n<meta property=\"og:url\" content=\"https:\/\/evertonfc.cz\/index.php\/2020\/05\/25\/legenda-colin-harvey\/\" \/>\n<meta property=\"og:site_name\" content=\"Official Czech &amp; Slovak Everton Supporters&#039; Club\" \/>\n<meta property=\"article:publisher\" content=\"https:\/\/www.facebook.com\/everton.fans.cz.sk\" \/>\n<meta property=\"article:published_time\" content=\"2020-05-25T07:54:29+00:00\" \/>\n<meta property=\"article:modified_time\" content=\"2021-11-16T12:02:18+00:00\" \/>\n<meta property=\"og:image\" content=\"https:\/\/evertonfc.cz\/wp-content\/uploads\/2020\/05\/Colin-Harvey-evertonfc.com-18-5-2020.jpg\" \/>\n\t<meta property=\"og:image:width\" content=\"720\" \/>\n\t<meta property=\"og:image:height\" content=\"405\" \/>\n\t<meta property=\"og:image:type\" content=\"image\/jpeg\" \/>\n<meta name=\"author\" content=\"Javor\" \/>\n<meta name=\"twitter:card\" content=\"summary_large_image\" \/>\n<meta name=\"twitter:creator\" content=\"@LoudinJan\" \/>\n<meta name=\"twitter:label1\" content=\"Napsal(a)\" \/>\n\t<meta name=\"twitter:data1\" content=\"Javor\" \/>\n\t<meta name=\"twitter:label2\" content=\"Odhadovan\u00e1 doba \u010dten\u00ed\" \/>\n\t<meta name=\"twitter:data2\" content=\"7 minut\" \/>\n<script type=\"application\/ld+json\" class=\"yoast-schema-graph\">{\"@context\":\"https:\/\/schema.org\",\"@graph\":[{\"@type\":\"Article\",\"@id\":\"https:\/\/evertonfc.cz\/index.php\/2020\/05\/25\/legenda-colin-harvey\/#article\",\"isPartOf\":{\"@id\":\"https:\/\/evertonfc.cz\/index.php\/2020\/05\/25\/legenda-colin-harvey\/\"},\"author\":{\"name\":\"Javor\",\"@id\":\"https:\/\/evertonfc.cz\/#\/schema\/person\/b30daf6a5852f4811f8207a17ec1bf78\"},\"headline\":\"Legenda: Colin Harvey\",\"datePublished\":\"2020-05-25T07:54:29+00:00\",\"dateModified\":\"2021-11-16T12:02:18+00:00\",\"mainEntityOfPage\":{\"@id\":\"https:\/\/evertonfc.cz\/index.php\/2020\/05\/25\/legenda-colin-harvey\/\"},\"wordCount\":1839,\"commentCount\":1,\"publisher\":{\"@id\":\"https:\/\/evertonfc.cz\/#organization\"},\"image\":{\"@id\":\"https:\/\/evertonfc.cz\/index.php\/2020\/05\/25\/legenda-colin-harvey\/#primaryimage\"},\"thumbnailUrl\":\"https:\/\/evertonfc.cz\/wp-content\/uploads\/2020\/05\/Colin-Harvey-evertonfc.com-18-5-2020.jpg\",\"articleSection\":[\"Legendy\"],\"inLanguage\":\"cs\",\"potentialAction\":[{\"@type\":\"CommentAction\",\"name\":\"Comment\",\"target\":[\"https:\/\/evertonfc.cz\/index.php\/2020\/05\/25\/legenda-colin-harvey\/#respond\"]}]},{\"@type\":\"WebPage\",\"@id\":\"https:\/\/evertonfc.cz\/index.php\/2020\/05\/25\/legenda-colin-harvey\/\",\"url\":\"https:\/\/evertonfc.cz\/index.php\/2020\/05\/25\/legenda-colin-harvey\/\",\"name\":\"Legenda: Colin Harvey - Official Czech &amp; Slovak Everton Supporters&#039; Club\",\"isPartOf\":{\"@id\":\"https:\/\/evertonfc.cz\/#website\"},\"primaryImageOfPage\":{\"@id\":\"https:\/\/evertonfc.cz\/index.php\/2020\/05\/25\/legenda-colin-harvey\/#primaryimage\"},\"image\":{\"@id\":\"https:\/\/evertonfc.cz\/index.php\/2020\/05\/25\/legenda-colin-harvey\/#primaryimage\"},\"thumbnailUrl\":\"https:\/\/evertonfc.cz\/wp-content\/uploads\/2020\/05\/Colin-Harvey-evertonfc.com-18-5-2020.jpg\",\"datePublished\":\"2020-05-25T07:54:29+00:00\",\"dateModified\":\"2021-11-16T12:02:18+00:00\",\"breadcrumb\":{\"@id\":\"https:\/\/evertonfc.cz\/index.php\/2020\/05\/25\/legenda-colin-harvey\/#breadcrumb\"},\"inLanguage\":\"cs\",\"potentialAction\":[{\"@type\":\"ReadAction\",\"target\":[\"https:\/\/evertonfc.cz\/index.php\/2020\/05\/25\/legenda-colin-harvey\/\"]}]},{\"@type\":\"ImageObject\",\"inLanguage\":\"cs\",\"@id\":\"https:\/\/evertonfc.cz\/index.php\/2020\/05\/25\/legenda-colin-harvey\/#primaryimage\",\"url\":\"https:\/\/evertonfc.cz\/wp-content\/uploads\/2020\/05\/Colin-Harvey-evertonfc.com-18-5-2020.jpg\",\"contentUrl\":\"https:\/\/evertonfc.cz\/wp-content\/uploads\/2020\/05\/Colin-Harvey-evertonfc.com-18-5-2020.jpg\",\"width\":720,\"height\":405},{\"@type\":\"BreadcrumbList\",\"@id\":\"https:\/\/evertonfc.cz\/index.php\/2020\/05\/25\/legenda-colin-harvey\/#breadcrumb\",\"itemListElement\":[{\"@type\":\"ListItem\",\"position\":1,\"name\":\"Home\",\"item\":\"https:\/\/evertonfc.cz\/\"},{\"@type\":\"ListItem\",\"position\":2,\"name\":\"Legenda: Colin Harvey\"}]},{\"@type\":\"WebSite\",\"@id\":\"https:\/\/evertonfc.cz\/#website\",\"url\":\"https:\/\/evertonfc.cz\/\",\"name\":\"Official Czech &amp; Slovak Everton Supporters&#039; Club\",\"description\":\"\",\"publisher\":{\"@id\":\"https:\/\/evertonfc.cz\/#organization\"},\"potentialAction\":[{\"@type\":\"SearchAction\",\"target\":{\"@type\":\"EntryPoint\",\"urlTemplate\":\"https:\/\/evertonfc.cz\/?s={search_term_string}\"},\"query-input\":{\"@type\":\"PropertyValueSpecification\",\"valueRequired\":true,\"valueName\":\"search_term_string\"}}],\"inLanguage\":\"cs\"},{\"@type\":\"Organization\",\"@id\":\"https:\/\/evertonfc.cz\/#organization\",\"name\":\"Official Czech & Slovak Everton Supporters' Club\",\"url\":\"https:\/\/evertonfc.cz\/\",\"logo\":{\"@type\":\"ImageObject\",\"inLanguage\":\"cs\",\"@id\":\"https:\/\/evertonfc.cz\/#\/schema\/logo\/image\/\",\"url\":\"https:\/\/evertonfc.cz\/wp-content\/uploads\/2019\/05\/logo.png\",\"contentUrl\":\"https:\/\/evertonfc.cz\/wp-content\/uploads\/2019\/05\/logo.png\",\"width\":112,\"height\":112,\"caption\":\"Official Czech & Slovak Everton Supporters' Club\"},\"image\":{\"@id\":\"https:\/\/evertonfc.cz\/#\/schema\/logo\/image\/\"},\"sameAs\":[\"https:\/\/www.facebook.com\/everton.fans.cz.sk\"]},{\"@type\":\"Person\",\"@id\":\"https:\/\/evertonfc.cz\/#\/schema\/person\/b30daf6a5852f4811f8207a17ec1bf78\",\"name\":\"Javor\",\"sameAs\":[\"https:\/\/x.com\/LoudinJan\"],\"url\":\"https:\/\/evertonfc.cz\/index.php\/author\/javor\/\"}]}<\/script>\n<!-- \/ Yoast SEO plugin. -->","yoast_head_json":{"title":"Legenda: Colin Harvey - Official Czech &amp; Slovak Everton Supporters&#039; Club","robots":{"index":"index","follow":"follow","max-snippet":"max-snippet:-1","max-image-preview":"max-image-preview:large","max-video-preview":"max-video-preview:-1"},"canonical":"https:\/\/evertonfc.cz\/index.php\/2020\/05\/25\/legenda-colin-harvey\/","og_locale":"cs_CZ","og_type":"article","og_title":"Legenda: Colin Harvey - Official Czech &amp; Slovak Everton Supporters&#039; Club","og_description":"\u201eJak byste cht\u011bl, aby si v\u00e1s lid\u00e9 pamatovali?\u201c \u201e\u017de jsem hr\u00e1l za Everton a \u017ee jsem byl Evertonian.\u201c","og_url":"https:\/\/evertonfc.cz\/index.php\/2020\/05\/25\/legenda-colin-harvey\/","og_site_name":"Official Czech &amp; Slovak Everton Supporters&#039; Club","article_publisher":"https:\/\/www.facebook.com\/everton.fans.cz.sk","article_published_time":"2020-05-25T07:54:29+00:00","article_modified_time":"2021-11-16T12:02:18+00:00","og_image":[{"width":720,"height":405,"url":"https:\/\/evertonfc.cz\/wp-content\/uploads\/2020\/05\/Colin-Harvey-evertonfc.com-18-5-2020.jpg","type":"image\/jpeg"}],"author":"Javor","twitter_card":"summary_large_image","twitter_creator":"@LoudinJan","twitter_misc":{"Napsal(a)":"Javor","Odhadovan\u00e1 doba \u010dten\u00ed":"7 minut"},"schema":{"@context":"https:\/\/schema.org","@graph":[{"@type":"Article","@id":"https:\/\/evertonfc.cz\/index.php\/2020\/05\/25\/legenda-colin-harvey\/#article","isPartOf":{"@id":"https:\/\/evertonfc.cz\/index.php\/2020\/05\/25\/legenda-colin-harvey\/"},"author":{"name":"Javor","@id":"https:\/\/evertonfc.cz\/#\/schema\/person\/b30daf6a5852f4811f8207a17ec1bf78"},"headline":"Legenda: Colin Harvey","datePublished":"2020-05-25T07:54:29+00:00","dateModified":"2021-11-16T12:02:18+00:00","mainEntityOfPage":{"@id":"https:\/\/evertonfc.cz\/index.php\/2020\/05\/25\/legenda-colin-harvey\/"},"wordCount":1839,"commentCount":1,"publisher":{"@id":"https:\/\/evertonfc.cz\/#organization"},"image":{"@id":"https:\/\/evertonfc.cz\/index.php\/2020\/05\/25\/legenda-colin-harvey\/#primaryimage"},"thumbnailUrl":"https:\/\/evertonfc.cz\/wp-content\/uploads\/2020\/05\/Colin-Harvey-evertonfc.com-18-5-2020.jpg","articleSection":["Legendy"],"inLanguage":"cs","potentialAction":[{"@type":"CommentAction","name":"Comment","target":["https:\/\/evertonfc.cz\/index.php\/2020\/05\/25\/legenda-colin-harvey\/#respond"]}]},{"@type":"WebPage","@id":"https:\/\/evertonfc.cz\/index.php\/2020\/05\/25\/legenda-colin-harvey\/","url":"https:\/\/evertonfc.cz\/index.php\/2020\/05\/25\/legenda-colin-harvey\/","name":"Legenda: Colin Harvey - Official Czech &amp; Slovak Everton Supporters&#039; Club","isPartOf":{"@id":"https:\/\/evertonfc.cz\/#website"},"primaryImageOfPage":{"@id":"https:\/\/evertonfc.cz\/index.php\/2020\/05\/25\/legenda-colin-harvey\/#primaryimage"},"image":{"@id":"https:\/\/evertonfc.cz\/index.php\/2020\/05\/25\/legenda-colin-harvey\/#primaryimage"},"thumbnailUrl":"https:\/\/evertonfc.cz\/wp-content\/uploads\/2020\/05\/Colin-Harvey-evertonfc.com-18-5-2020.jpg","datePublished":"2020-05-25T07:54:29+00:00","dateModified":"2021-11-16T12:02:18+00:00","breadcrumb":{"@id":"https:\/\/evertonfc.cz\/index.php\/2020\/05\/25\/legenda-colin-harvey\/#breadcrumb"},"inLanguage":"cs","potentialAction":[{"@type":"ReadAction","target":["https:\/\/evertonfc.cz\/index.php\/2020\/05\/25\/legenda-colin-harvey\/"]}]},{"@type":"ImageObject","inLanguage":"cs","@id":"https:\/\/evertonfc.cz\/index.php\/2020\/05\/25\/legenda-colin-harvey\/#primaryimage","url":"https:\/\/evertonfc.cz\/wp-content\/uploads\/2020\/05\/Colin-Harvey-evertonfc.com-18-5-2020.jpg","contentUrl":"https:\/\/evertonfc.cz\/wp-content\/uploads\/2020\/05\/Colin-Harvey-evertonfc.com-18-5-2020.jpg","width":720,"height":405},{"@type":"BreadcrumbList","@id":"https:\/\/evertonfc.cz\/index.php\/2020\/05\/25\/legenda-colin-harvey\/#breadcrumb","itemListElement":[{"@type":"ListItem","position":1,"name":"Home","item":"https:\/\/evertonfc.cz\/"},{"@type":"ListItem","position":2,"name":"Legenda: Colin Harvey"}]},{"@type":"WebSite","@id":"https:\/\/evertonfc.cz\/#website","url":"https:\/\/evertonfc.cz\/","name":"Official Czech &amp; Slovak Everton Supporters&#039; Club","description":"","publisher":{"@id":"https:\/\/evertonfc.cz\/#organization"},"potentialAction":[{"@type":"SearchAction","target":{"@type":"EntryPoint","urlTemplate":"https:\/\/evertonfc.cz\/?s={search_term_string}"},"query-input":{"@type":"PropertyValueSpecification","valueRequired":true,"valueName":"search_term_string"}}],"inLanguage":"cs"},{"@type":"Organization","@id":"https:\/\/evertonfc.cz\/#organization","name":"Official Czech & Slovak Everton Supporters' Club","url":"https:\/\/evertonfc.cz\/","logo":{"@type":"ImageObject","inLanguage":"cs","@id":"https:\/\/evertonfc.cz\/#\/schema\/logo\/image\/","url":"https:\/\/evertonfc.cz\/wp-content\/uploads\/2019\/05\/logo.png","contentUrl":"https:\/\/evertonfc.cz\/wp-content\/uploads\/2019\/05\/logo.png","width":112,"height":112,"caption":"Official Czech & Slovak Everton Supporters' Club"},"image":{"@id":"https:\/\/evertonfc.cz\/#\/schema\/logo\/image\/"},"sameAs":["https:\/\/www.facebook.com\/everton.fans.cz.sk"]},{"@type":"Person","@id":"https:\/\/evertonfc.cz\/#\/schema\/person\/b30daf6a5852f4811f8207a17ec1bf78","name":"Javor","sameAs":["https:\/\/x.com\/LoudinJan"],"url":"https:\/\/evertonfc.cz\/index.php\/author\/javor\/"}]}},"_links":{"self":[{"href":"https:\/\/evertonfc.cz\/index.php\/wp-json\/wp\/v2\/posts\/11035"}],"collection":[{"href":"https:\/\/evertonfc.cz\/index.php\/wp-json\/wp\/v2\/posts"}],"about":[{"href":"https:\/\/evertonfc.cz\/index.php\/wp-json\/wp\/v2\/types\/post"}],"author":[{"embeddable":true,"href":"https:\/\/evertonfc.cz\/index.php\/wp-json\/wp\/v2\/users\/12"}],"replies":[{"embeddable":true,"href":"https:\/\/evertonfc.cz\/index.php\/wp-json\/wp\/v2\/comments?post=11035"}],"version-history":[{"count":6,"href":"https:\/\/evertonfc.cz\/index.php\/wp-json\/wp\/v2\/posts\/11035\/revisions"}],"predecessor-version":[{"id":16954,"href":"https:\/\/evertonfc.cz\/index.php\/wp-json\/wp\/v2\/posts\/11035\/revisions\/16954"}],"wp:featuredmedia":[{"embeddable":true,"href":"https:\/\/evertonfc.cz\/index.php\/wp-json\/wp\/v2\/media\/11037"}],"wp:attachment":[{"href":"https:\/\/evertonfc.cz\/index.php\/wp-json\/wp\/v2\/media?parent=11035"}],"wp:term":[{"taxonomy":"category","embeddable":true,"href":"https:\/\/evertonfc.cz\/index.php\/wp-json\/wp\/v2\/categories?post=11035"},{"taxonomy":"post_tag","embeddable":true,"href":"https:\/\/evertonfc.cz\/index.php\/wp-json\/wp\/v2\/tags?post=11035"}],"curies":[{"name":"wp","href":"https:\/\/api.w.org\/{rel}","templated":true}]}}