{"id":11046,"date":"2020-05-24T13:50:29","date_gmt":"2020-05-24T11:50:29","guid":{"rendered":"https:\/\/evertonfc.cz\/?p=11046"},"modified":"2021-02-08T08:29:07","modified_gmt":"2021-02-08T07:29:07","slug":"everton-meni-prestupove-plany-musi-setrit","status":"publish","type":"post","link":"https:\/\/evertonfc.cz\/index.php\/2020\/05\/24\/everton-meni-prestupove-plany-musi-setrit\/","title":{"rendered":"Everton m\u011bn\u00ed p\u0159estupov\u00e9 pl\u00e1ny, mus\u00ed \u0161et\u0159it"},"content":{"rendered":"<h4>Everton pr\u00fd v letn\u00edm p\u0159estupov\u00e9m okn\u011b nebude utr\u00e1cet velk\u00e9 \u010d\u00e1stky za nov\u00e9 hr\u00e1\u010de, naopak se bude zam\u011b\u0159ovat na z\u00edsk\u00e1v\u00e1n\u00ed posil na hostov\u00e1n\u00ed nebo prost\u0159ednictv\u00edm v\u00fdm\u011bn.<\/h4>\n<p>Informaci p\u0159inesl dob\u0159e informovan\u00fd redaktor Phil Kirkbride z den\u00edku Liverpool Echo.<\/p>\n<p>P\u0159estupov\u00e9 pl\u00e1ny Toffees budou muset doznat zna\u010dn\u00fdch zm\u011bn z d\u016fvodu finan\u010dn\u00ed nejistoty zp\u016fsoben\u00e9 pandemi\u00ed nov\u00e9ho koronaviru.<\/p>\n<p>Obecn\u011b se o\u010dek\u00e1v\u00e1, \u017ee st\u0159\u00eddm\u011bji budou obchodovat t\u00e9m\u011b\u0159 v\u0161echny celky Premier League, jak ale uv\u00e1d\u00ed Liverpool Echo, Everton bude cht\u00edt nov\u00e9 tv\u00e1\u0159e p\u0159iv\u00e1d\u011bt na hostov\u00e1n\u00ed nebo je vym\u011b\u0148ovat za sv\u00e9 kmenov\u00e9 hr\u00e1\u010de.<\/p>\n<p>P\u0159ed vypuknut\u00edm epidemie Everton \u00fasp\u011b\u0161n\u011b pokro\u010dil v jedn\u00e1n\u00edch o p\u0159\u00edchodu stopera Lille Gabriela, nyn\u00ed je ale anga\u017eov\u00e1n\u00ed Brazilce nejist\u00e9 kv\u016fli jeho vysok\u00e9 cen\u011b 30 milion\u016f liber.<\/p>\n<p>C\u00edlem klubu nicm\u00e9n\u011b z\u016fst\u00e1v\u00e1 zbavit se co nejv\u00edce necht\u011bn\u00fdch hr\u00e1\u010d\u016f (jejich po\u010det je a\u017e dvojcifern\u00fd), aby se mohly u\u0161et\u0159en\u00e9 pen\u00edze investovat do posil.<\/p>\n<p>Ve znovu otev\u0159en\u00e9m p\u0159estupov\u00e9m okn\u011b \u2013 term\u00edn st\u00e1le je\u0161t\u011b nen\u00ed zn\u00e1m \u2013 bude v\u0161ak t\u011b\u017ek\u00e9 zbavit se nepot\u0159ebn\u00fdch jmen na trval\u00fd p\u0159estup, tak\u017ee i v tomto p\u0159\u00edpad\u011b budou pravd\u011bpodobn\u011b p\u0159eva\u017eovat hostov\u00e1n\u00ed.<\/p>\n<p>Toffees podle den\u00edku Liverpool Echo up\u0159ednostn\u00ed na p\u0159estupov\u00e9m poli kvalitu p\u0159ed kvantitou a nebudou utr\u00e1cet velk\u00e9 \u010d\u00e1stky. Rad\u011bji pr\u00fd p\u0159ivedou nejv\u00edce cht\u011bnou posilu na hostov\u00e1n\u00ed, ne\u017e aby m\u00e9n\u011b preferovan\u00e9ho hr\u00e1\u010de kupovali.<\/p>\n<p>Zaj\u00edm\u00e1v\u00e1 je rovn\u011b\u017e informace o z\u00e1jmu o \u00fato\u010dn\u00edka rakousk\u00e9ho Red Bull Salzburgu <a href=\"https:\/\/www.transfermarkt.com\/hee-chan-hwang\/profil\/spieler\/292246\" target=\"_blank\" rel=\"noopener noreferrer\">Hwang Hee-chana<\/a>.<\/p>\n<p>Nadch\u00e1zej\u00edc\u00ed obdob\u00ed \u0161et\u0159ivosti klub\u016f Premier League nazna\u010dil Manchester United. Jeden z nejbohat\u0161\u00edch celk\u016f na sv\u011bt\u011b v tomto t\u00fddnu odhalil sv\u00e9 \u00fa\u010detnictv\u00ed pro t\u0159et\u00ed \u010dtvrtlet\u00ed, v n\u011bm\u017e uv\u00e1d\u00ed n\u00e1r\u016fst dluhu a tak\u00e9 ve sv\u00e9m rozpo\u010dtu po\u010d\u00edt\u00e1 s vr\u00e1cen\u00edm 20 milion\u016f liber televizn\u00edm stanic\u00edm kv\u016fli epidemii koronaviru.<\/p>\n<p>V\u0161ichni v\u010detn\u011b Evertonu ale \u010dekaj\u00ed na krok mezin\u00e1rodn\u00ed fotbalov\u00e9 asociace UEFA, zda neuprav\u00ed podm\u00ednky FFP, aby kluby nebyly v nejbli\u017e\u0161\u00ed dob\u011b po epidemii tolik omezov\u00e1ny p\u0159i hr\u00e1\u010dsk\u00fdch investic\u00edch.<\/p>\n","protected":false},"excerpt":{"rendered":"<p>Everton pr\u00fd v letn\u00edm p\u0159estupov\u00e9m okn\u011b nebude utr\u00e1cet velk\u00e9 \u010d\u00e1stky za nov\u00e9 hr\u00e1\u010de, naopak se bude zam\u011b\u0159ovat na z\u00edsk\u00e1v\u00e1n\u00ed posil na hostov\u00e1n\u00ed nebo prost\u0159ednictv\u00edm v\u00fdm\u011bn.<\/p>\n","protected":false},"author":6,"featured_media":11044,"comment_status":"open","ping_status":"closed","sticky":false,"template":"","format":"standard","meta":{"_eb_attr":"","_monsterinsights_skip_tracking":false,"_monsterinsights_sitenote_active":false,"_monsterinsights_sitenote_note":"","_monsterinsights_sitenote_category":0,"footnotes":""},"categories":[42],"tags":[],"yoast_head":"<!-- This site is optimized with the Yoast SEO plugin v23.4 - https:\/\/yoast.com\/wordpress\/plugins\/seo\/ -->\n<title>Everton m\u011bn\u00ed p\u0159estupov\u00e9 pl\u00e1ny, mus\u00ed \u0161et\u0159it - Official Czech &amp; Slovak Everton Supporters&#039; Club<\/title>\n<meta name=\"description\" content=\"Everton pr\u00fd v letn\u00edm p\u0159estupov\u00e9m okn\u011b nebude utr\u00e1cet velk\u00e9 \u010d\u00e1stky za nov\u00e9 hr\u00e1\u010de, naopak se bude zam\u011b\u0159ovat na z\u00edsk\u00e1v\u00e1n\u00ed posil na hostov\u00e1n\u00ed nebo prost\u0159ednictv\u00edm v\u00fdm\u011bn.\" \/>\n<meta name=\"robots\" content=\"index, follow, max-snippet:-1, max-image-preview:large, max-video-preview:-1\" \/>\n<link rel=\"canonical\" href=\"https:\/\/evertonfc.cz\/index.php\/2020\/05\/24\/everton-meni-prestupove-plany-musi-setrit\/\" \/>\n<meta property=\"og:locale\" content=\"cs_CZ\" \/>\n<meta property=\"og:type\" content=\"article\" \/>\n<meta property=\"og:title\" content=\"Everton m\u011bn\u00ed p\u0159estupov\u00e9 pl\u00e1ny, mus\u00ed \u0161et\u0159it - Official Czech &amp; Slovak Everton Supporters&#039; Club\" \/>\n<meta property=\"og:description\" content=\"Everton pr\u00fd v letn\u00edm p\u0159estupov\u00e9m okn\u011b nebude utr\u00e1cet velk\u00e9 \u010d\u00e1stky za nov\u00e9 hr\u00e1\u010de, naopak se bude zam\u011b\u0159ovat na z\u00edsk\u00e1v\u00e1n\u00ed posil na hostov\u00e1n\u00ed nebo prost\u0159ednictv\u00edm v\u00fdm\u011bn.\" \/>\n<meta property=\"og:url\" content=\"https:\/\/evertonfc.cz\/index.php\/2020\/05\/24\/everton-meni-prestupove-plany-musi-setrit\/\" \/>\n<meta property=\"og:site_name\" content=\"Official Czech &amp; Slovak Everton Supporters&#039; Club\" \/>\n<meta property=\"article:publisher\" content=\"https:\/\/www.facebook.com\/everton.fans.cz.sk\" \/>\n<meta property=\"article:published_time\" content=\"2020-05-24T11:50:29+00:00\" \/>\n<meta property=\"article:modified_time\" content=\"2021-02-08T07:29:07+00:00\" \/>\n<meta property=\"og:image\" content=\"https:\/\/evertonfc.cz\/wp-content\/uploads\/2020\/05\/brands_24_5_2020.jpg\" \/>\n\t<meta property=\"og:image:width\" content=\"720\" \/>\n\t<meta property=\"og:image:height\" content=\"405\" \/>\n\t<meta property=\"og:image:type\" content=\"image\/jpeg\" \/>\n<meta name=\"author\" content=\"Ri\u010di\" \/>\n<meta name=\"twitter:card\" content=\"summary_large_image\" \/>\n<meta name=\"twitter:creator\" content=\"@rbrejsa\" \/>\n<meta name=\"twitter:label1\" content=\"Napsal(a)\" \/>\n\t<meta name=\"twitter:data1\" content=\"Ri\u010di\" \/>\n\t<meta name=\"twitter:label2\" content=\"Odhadovan\u00e1 doba \u010dten\u00ed\" \/>\n\t<meta name=\"twitter:data2\" content=\"2 minuty\" \/>\n<script type=\"application\/ld+json\" class=\"yoast-schema-graph\">{\"@context\":\"https:\/\/schema.org\",\"@graph\":[{\"@type\":\"Article\",\"@id\":\"https:\/\/evertonfc.cz\/index.php\/2020\/05\/24\/everton-meni-prestupove-plany-musi-setrit\/#article\",\"isPartOf\":{\"@id\":\"https:\/\/evertonfc.cz\/index.php\/2020\/05\/24\/everton-meni-prestupove-plany-musi-setrit\/\"},\"author\":{\"name\":\"Ri\u010di\",\"@id\":\"https:\/\/evertonfc.cz\/#\/schema\/person\/f7a5daedb2ffee98480bc70e191aaef1\"},\"headline\":\"Everton m\u011bn\u00ed p\u0159estupov\u00e9 pl\u00e1ny, mus\u00ed \u0161et\u0159it\",\"datePublished\":\"2020-05-24T11:50:29+00:00\",\"dateModified\":\"2021-02-08T07:29:07+00:00\",\"mainEntityOfPage\":{\"@id\":\"https:\/\/evertonfc.cz\/index.php\/2020\/05\/24\/everton-meni-prestupove-plany-musi-setrit\/\"},\"wordCount\":418,\"commentCount\":5,\"publisher\":{\"@id\":\"https:\/\/evertonfc.cz\/#organization\"},\"image\":{\"@id\":\"https:\/\/evertonfc.cz\/index.php\/2020\/05\/24\/everton-meni-prestupove-plany-musi-setrit\/#primaryimage\"},\"thumbnailUrl\":\"https:\/\/evertonfc.cz\/wp-content\/uploads\/2020\/05\/brands_24_5_2020.jpg\",\"articleSection\":[\"Aktuality\"],\"inLanguage\":\"cs\",\"potentialAction\":[{\"@type\":\"CommentAction\",\"name\":\"Comment\",\"target\":[\"https:\/\/evertonfc.cz\/index.php\/2020\/05\/24\/everton-meni-prestupove-plany-musi-setrit\/#respond\"]}]},{\"@type\":\"WebPage\",\"@id\":\"https:\/\/evertonfc.cz\/index.php\/2020\/05\/24\/everton-meni-prestupove-plany-musi-setrit\/\",\"url\":\"https:\/\/evertonfc.cz\/index.php\/2020\/05\/24\/everton-meni-prestupove-plany-musi-setrit\/\",\"name\":\"Everton m\u011bn\u00ed p\u0159estupov\u00e9 pl\u00e1ny, mus\u00ed \u0161et\u0159it - Official Czech &amp; Slovak Everton Supporters&#039; Club\",\"isPartOf\":{\"@id\":\"https:\/\/evertonfc.cz\/#website\"},\"primaryImageOfPage\":{\"@id\":\"https:\/\/evertonfc.cz\/index.php\/2020\/05\/24\/everton-meni-prestupove-plany-musi-setrit\/#primaryimage\"},\"image\":{\"@id\":\"https:\/\/evertonfc.cz\/index.php\/2020\/05\/24\/everton-meni-prestupove-plany-musi-setrit\/#primaryimage\"},\"thumbnailUrl\":\"https:\/\/evertonfc.cz\/wp-content\/uploads\/2020\/05\/brands_24_5_2020.jpg\",\"datePublished\":\"2020-05-24T11:50:29+00:00\",\"dateModified\":\"2021-02-08T07:29:07+00:00\",\"description\":\"Everton pr\u00fd v letn\u00edm p\u0159estupov\u00e9m okn\u011b nebude utr\u00e1cet velk\u00e9 \u010d\u00e1stky za nov\u00e9 hr\u00e1\u010de, naopak se bude zam\u011b\u0159ovat na z\u00edsk\u00e1v\u00e1n\u00ed posil na hostov\u00e1n\u00ed nebo prost\u0159ednictv\u00edm v\u00fdm\u011bn.\",\"breadcrumb\":{\"@id\":\"https:\/\/evertonfc.cz\/index.php\/2020\/05\/24\/everton-meni-prestupove-plany-musi-setrit\/#breadcrumb\"},\"inLanguage\":\"cs\",\"potentialAction\":[{\"@type\":\"ReadAction\",\"target\":[\"https:\/\/evertonfc.cz\/index.php\/2020\/05\/24\/everton-meni-prestupove-plany-musi-setrit\/\"]}]},{\"@type\":\"ImageObject\",\"inLanguage\":\"cs\",\"@id\":\"https:\/\/evertonfc.cz\/index.php\/2020\/05\/24\/everton-meni-prestupove-plany-musi-setrit\/#primaryimage\",\"url\":\"https:\/\/evertonfc.cz\/wp-content\/uploads\/2020\/05\/brands_24_5_2020.jpg\",\"contentUrl\":\"https:\/\/evertonfc.cz\/wp-content\/uploads\/2020\/05\/brands_24_5_2020.jpg\",\"width\":720,\"height\":405},{\"@type\":\"BreadcrumbList\",\"@id\":\"https:\/\/evertonfc.cz\/index.php\/2020\/05\/24\/everton-meni-prestupove-plany-musi-setrit\/#breadcrumb\",\"itemListElement\":[{\"@type\":\"ListItem\",\"position\":1,\"name\":\"Home\",\"item\":\"https:\/\/evertonfc.cz\/\"},{\"@type\":\"ListItem\",\"position\":2,\"name\":\"Everton m\u011bn\u00ed p\u0159estupov\u00e9 pl\u00e1ny, mus\u00ed \u0161et\u0159it\"}]},{\"@type\":\"WebSite\",\"@id\":\"https:\/\/evertonfc.cz\/#website\",\"url\":\"https:\/\/evertonfc.cz\/\",\"name\":\"Official Czech &amp; Slovak Everton Supporters&#039; Club\",\"description\":\"\",\"publisher\":{\"@id\":\"https:\/\/evertonfc.cz\/#organization\"},\"potentialAction\":[{\"@type\":\"SearchAction\",\"target\":{\"@type\":\"EntryPoint\",\"urlTemplate\":\"https:\/\/evertonfc.cz\/?s={search_term_string}\"},\"query-input\":{\"@type\":\"PropertyValueSpecification\",\"valueRequired\":true,\"valueName\":\"search_term_string\"}}],\"inLanguage\":\"cs\"},{\"@type\":\"Organization\",\"@id\":\"https:\/\/evertonfc.cz\/#organization\",\"name\":\"Official Czech & Slovak Everton Supporters' Club\",\"url\":\"https:\/\/evertonfc.cz\/\",\"logo\":{\"@type\":\"ImageObject\",\"inLanguage\":\"cs\",\"@id\":\"https:\/\/evertonfc.cz\/#\/schema\/logo\/image\/\",\"url\":\"https:\/\/evertonfc.cz\/wp-content\/uploads\/2019\/05\/logo.png\",\"contentUrl\":\"https:\/\/evertonfc.cz\/wp-content\/uploads\/2019\/05\/logo.png\",\"width\":112,\"height\":112,\"caption\":\"Official Czech & Slovak Everton Supporters' Club\"},\"image\":{\"@id\":\"https:\/\/evertonfc.cz\/#\/schema\/logo\/image\/\"},\"sameAs\":[\"https:\/\/www.facebook.com\/everton.fans.cz.sk\"]},{\"@type\":\"Person\",\"@id\":\"https:\/\/evertonfc.cz\/#\/schema\/person\/f7a5daedb2ffee98480bc70e191aaef1\",\"name\":\"Ri\u010di\",\"sameAs\":[\"https:\/\/x.com\/rbrejsa\"],\"url\":\"https:\/\/evertonfc.cz\/index.php\/author\/rici\/\"}]}<\/script>\n<!-- \/ Yoast SEO plugin. -->","yoast_head_json":{"title":"Everton m\u011bn\u00ed p\u0159estupov\u00e9 pl\u00e1ny, mus\u00ed \u0161et\u0159it - Official Czech &amp; Slovak Everton Supporters&#039; Club","description":"Everton pr\u00fd v letn\u00edm p\u0159estupov\u00e9m okn\u011b nebude utr\u00e1cet velk\u00e9 \u010d\u00e1stky za nov\u00e9 hr\u00e1\u010de, naopak se bude zam\u011b\u0159ovat na z\u00edsk\u00e1v\u00e1n\u00ed posil na hostov\u00e1n\u00ed nebo prost\u0159ednictv\u00edm v\u00fdm\u011bn.","robots":{"index":"index","follow":"follow","max-snippet":"max-snippet:-1","max-image-preview":"max-image-preview:large","max-video-preview":"max-video-preview:-1"},"canonical":"https:\/\/evertonfc.cz\/index.php\/2020\/05\/24\/everton-meni-prestupove-plany-musi-setrit\/","og_locale":"cs_CZ","og_type":"article","og_title":"Everton m\u011bn\u00ed p\u0159estupov\u00e9 pl\u00e1ny, mus\u00ed \u0161et\u0159it - Official Czech &amp; Slovak Everton Supporters&#039; Club","og_description":"Everton pr\u00fd v letn\u00edm p\u0159estupov\u00e9m okn\u011b nebude utr\u00e1cet velk\u00e9 \u010d\u00e1stky za nov\u00e9 hr\u00e1\u010de, naopak se bude zam\u011b\u0159ovat na z\u00edsk\u00e1v\u00e1n\u00ed posil na hostov\u00e1n\u00ed nebo prost\u0159ednictv\u00edm v\u00fdm\u011bn.","og_url":"https:\/\/evertonfc.cz\/index.php\/2020\/05\/24\/everton-meni-prestupove-plany-musi-setrit\/","og_site_name":"Official Czech &amp; Slovak Everton Supporters&#039; Club","article_publisher":"https:\/\/www.facebook.com\/everton.fans.cz.sk","article_published_time":"2020-05-24T11:50:29+00:00","article_modified_time":"2021-02-08T07:29:07+00:00","og_image":[{"width":720,"height":405,"url":"https:\/\/evertonfc.cz\/wp-content\/uploads\/2020\/05\/brands_24_5_2020.jpg","type":"image\/jpeg"}],"author":"Ri\u010di","twitter_card":"summary_large_image","twitter_creator":"@rbrejsa","twitter_misc":{"Napsal(a)":"Ri\u010di","Odhadovan\u00e1 doba \u010dten\u00ed":"2 minuty"},"schema":{"@context":"https:\/\/schema.org","@graph":[{"@type":"Article","@id":"https:\/\/evertonfc.cz\/index.php\/2020\/05\/24\/everton-meni-prestupove-plany-musi-setrit\/#article","isPartOf":{"@id":"https:\/\/evertonfc.cz\/index.php\/2020\/05\/24\/everton-meni-prestupove-plany-musi-setrit\/"},"author":{"name":"Ri\u010di","@id":"https:\/\/evertonfc.cz\/#\/schema\/person\/f7a5daedb2ffee98480bc70e191aaef1"},"headline":"Everton m\u011bn\u00ed p\u0159estupov\u00e9 pl\u00e1ny, mus\u00ed \u0161et\u0159it","datePublished":"2020-05-24T11:50:29+00:00","dateModified":"2021-02-08T07:29:07+00:00","mainEntityOfPage":{"@id":"https:\/\/evertonfc.cz\/index.php\/2020\/05\/24\/everton-meni-prestupove-plany-musi-setrit\/"},"wordCount":418,"commentCount":5,"publisher":{"@id":"https:\/\/evertonfc.cz\/#organization"},"image":{"@id":"https:\/\/evertonfc.cz\/index.php\/2020\/05\/24\/everton-meni-prestupove-plany-musi-setrit\/#primaryimage"},"thumbnailUrl":"https:\/\/evertonfc.cz\/wp-content\/uploads\/2020\/05\/brands_24_5_2020.jpg","articleSection":["Aktuality"],"inLanguage":"cs","potentialAction":[{"@type":"CommentAction","name":"Comment","target":["https:\/\/evertonfc.cz\/index.php\/2020\/05\/24\/everton-meni-prestupove-plany-musi-setrit\/#respond"]}]},{"@type":"WebPage","@id":"https:\/\/evertonfc.cz\/index.php\/2020\/05\/24\/everton-meni-prestupove-plany-musi-setrit\/","url":"https:\/\/evertonfc.cz\/index.php\/2020\/05\/24\/everton-meni-prestupove-plany-musi-setrit\/","name":"Everton m\u011bn\u00ed p\u0159estupov\u00e9 pl\u00e1ny, mus\u00ed \u0161et\u0159it - Official Czech &amp; Slovak Everton Supporters&#039; Club","isPartOf":{"@id":"https:\/\/evertonfc.cz\/#website"},"primaryImageOfPage":{"@id":"https:\/\/evertonfc.cz\/index.php\/2020\/05\/24\/everton-meni-prestupove-plany-musi-setrit\/#primaryimage"},"image":{"@id":"https:\/\/evertonfc.cz\/index.php\/2020\/05\/24\/everton-meni-prestupove-plany-musi-setrit\/#primaryimage"},"thumbnailUrl":"https:\/\/evertonfc.cz\/wp-content\/uploads\/2020\/05\/brands_24_5_2020.jpg","datePublished":"2020-05-24T11:50:29+00:00","dateModified":"2021-02-08T07:29:07+00:00","description":"Everton pr\u00fd v letn\u00edm p\u0159estupov\u00e9m okn\u011b nebude utr\u00e1cet velk\u00e9 \u010d\u00e1stky za nov\u00e9 hr\u00e1\u010de, naopak se bude zam\u011b\u0159ovat na z\u00edsk\u00e1v\u00e1n\u00ed posil na hostov\u00e1n\u00ed nebo prost\u0159ednictv\u00edm v\u00fdm\u011bn.","breadcrumb":{"@id":"https:\/\/evertonfc.cz\/index.php\/2020\/05\/24\/everton-meni-prestupove-plany-musi-setrit\/#breadcrumb"},"inLanguage":"cs","potentialAction":[{"@type":"ReadAction","target":["https:\/\/evertonfc.cz\/index.php\/2020\/05\/24\/everton-meni-prestupove-plany-musi-setrit\/"]}]},{"@type":"ImageObject","inLanguage":"cs","@id":"https:\/\/evertonfc.cz\/index.php\/2020\/05\/24\/everton-meni-prestupove-plany-musi-setrit\/#primaryimage","url":"https:\/\/evertonfc.cz\/wp-content\/uploads\/2020\/05\/brands_24_5_2020.jpg","contentUrl":"https:\/\/evertonfc.cz\/wp-content\/uploads\/2020\/05\/brands_24_5_2020.jpg","width":720,"height":405},{"@type":"BreadcrumbList","@id":"https:\/\/evertonfc.cz\/index.php\/2020\/05\/24\/everton-meni-prestupove-plany-musi-setrit\/#breadcrumb","itemListElement":[{"@type":"ListItem","position":1,"name":"Home","item":"https:\/\/evertonfc.cz\/"},{"@type":"ListItem","position":2,"name":"Everton m\u011bn\u00ed p\u0159estupov\u00e9 pl\u00e1ny, mus\u00ed \u0161et\u0159it"}]},{"@type":"WebSite","@id":"https:\/\/evertonfc.cz\/#website","url":"https:\/\/evertonfc.cz\/","name":"Official Czech &amp; Slovak Everton Supporters&#039; Club","description":"","publisher":{"@id":"https:\/\/evertonfc.cz\/#organization"},"potentialAction":[{"@type":"SearchAction","target":{"@type":"EntryPoint","urlTemplate":"https:\/\/evertonfc.cz\/?s={search_term_string}"},"query-input":{"@type":"PropertyValueSpecification","valueRequired":true,"valueName":"search_term_string"}}],"inLanguage":"cs"},{"@type":"Organization","@id":"https:\/\/evertonfc.cz\/#organization","name":"Official Czech & Slovak Everton Supporters' Club","url":"https:\/\/evertonfc.cz\/","logo":{"@type":"ImageObject","inLanguage":"cs","@id":"https:\/\/evertonfc.cz\/#\/schema\/logo\/image\/","url":"https:\/\/evertonfc.cz\/wp-content\/uploads\/2019\/05\/logo.png","contentUrl":"https:\/\/evertonfc.cz\/wp-content\/uploads\/2019\/05\/logo.png","width":112,"height":112,"caption":"Official Czech & Slovak Everton Supporters' Club"},"image":{"@id":"https:\/\/evertonfc.cz\/#\/schema\/logo\/image\/"},"sameAs":["https:\/\/www.facebook.com\/everton.fans.cz.sk"]},{"@type":"Person","@id":"https:\/\/evertonfc.cz\/#\/schema\/person\/f7a5daedb2ffee98480bc70e191aaef1","name":"Ri\u010di","sameAs":["https:\/\/x.com\/rbrejsa"],"url":"https:\/\/evertonfc.cz\/index.php\/author\/rici\/"}]}},"_links":{"self":[{"href":"https:\/\/evertonfc.cz\/index.php\/wp-json\/wp\/v2\/posts\/11046"}],"collection":[{"href":"https:\/\/evertonfc.cz\/index.php\/wp-json\/wp\/v2\/posts"}],"about":[{"href":"https:\/\/evertonfc.cz\/index.php\/wp-json\/wp\/v2\/types\/post"}],"author":[{"embeddable":true,"href":"https:\/\/evertonfc.cz\/index.php\/wp-json\/wp\/v2\/users\/6"}],"replies":[{"embeddable":true,"href":"https:\/\/evertonfc.cz\/index.php\/wp-json\/wp\/v2\/comments?post=11046"}],"version-history":[{"count":3,"href":"https:\/\/evertonfc.cz\/index.php\/wp-json\/wp\/v2\/posts\/11046\/revisions"}],"predecessor-version":[{"id":14015,"href":"https:\/\/evertonfc.cz\/index.php\/wp-json\/wp\/v2\/posts\/11046\/revisions\/14015"}],"wp:featuredmedia":[{"embeddable":true,"href":"https:\/\/evertonfc.cz\/index.php\/wp-json\/wp\/v2\/media\/11044"}],"wp:attachment":[{"href":"https:\/\/evertonfc.cz\/index.php\/wp-json\/wp\/v2\/media?parent=11046"}],"wp:term":[{"taxonomy":"category","embeddable":true,"href":"https:\/\/evertonfc.cz\/index.php\/wp-json\/wp\/v2\/categories?post=11046"},{"taxonomy":"post_tag","embeddable":true,"href":"https:\/\/evertonfc.cz\/index.php\/wp-json\/wp\/v2\/tags?post=11046"}],"curies":[{"name":"wp","href":"https:\/\/api.w.org\/{rel}","templated":true}]}}