{"id":11050,"date":"2020-05-26T06:10:24","date_gmt":"2020-05-26T04:10:24","guid":{"rendered":"https:\/\/evertonfc.cz\/?p=11050"},"modified":"2020-05-26T06:09:55","modified_gmt":"2020-05-26T04:09:55","slug":"kviz-s-keaneom","status":"publish","type":"post","link":"https:\/\/evertonfc.cz\/index.php\/2020\/05\/26\/kviz-s-keaneom\/","title":{"rendered":"Kv\u00edz s Keaneom"},"content":{"rendered":"<h4>V z\u00e1pasov\u00fdch programoch tejto sez\u00f3ny sa hr\u00e1\u010dov p\u00fdtali r\u00f4zne ot\u00e1zky \u2013 od ob\u013e\u00faben\u00fdch filmov a\u017e po jedlo. Ak chcete zisti\u0165 viac o Michaelovi, \u010d\u00edtajte nasleduj\u00face riadky.<\/h4>\n<p><strong><em>Detsk\u00fd idol?<\/em><\/strong><\/p>\n<p>Vo futbale to bol Rio Ferdinand. Ale tie\u017e som bol ve\u013ek\u00fdm fan\u00fa\u0161ikom Tigera Woodsa. V\u017edy som r\u00e1d sledoval golf a\u00a0on bol m\u00f4j ob\u013e\u00faben\u00fd hr\u00e1\u010d.<\/p>\n<p><strong><em>Prv\u00fd p\u00e1r kopa\u010diek?<\/em><\/strong><\/p>\n<p>Mysl\u00edm, \u017ee to boli Adidas Predators. Tie star\u0161ie, boli naozaj pekn\u00e9.<\/p>\n<p><strong><em>Ob\u013e\u00faben\u00e1 skupina, spev\u00e1k?<\/em><\/strong><\/p>\n<p>Ak by som mal vybra\u0165 jednu, bola by to <em>Oasis.<\/em> Som z\u00a0Manchesteru, tam s\u00fa legend\u00e1rni. Maj\u00fa niektor\u00e9 skvel\u00e9 skladby.<\/p>\n<p><em>(Britsk\u00e1 rockov\u00e1 skupina, zalo\u017een\u00e1 v Manchesteri bratmi Liamom a Noelom Gallagherovcami, ktor\u00e1 p\u00f4sobila v rokoch 1991 \u2013 2009. Predala celosvetovo vy\u0161e 75 mili\u00f3nov albumov a je dr\u017eite\u013eom mnoh\u00fdch hudobn\u00fdch ocenen\u00ed.)<\/em><\/p>\n<p><strong><em>Inicia\u010dn\u00e1 piese\u0148 v Evertone?<\/em><\/strong><\/p>\n<p>Spieval som <a href=\"https:\/\/www.youtube.com\/watch?v=-crsuEOlUO0\" target=\"_blank\" rel=\"noopener noreferrer\"><em>Ain\u2019t No Mountain High Enough <\/em><\/a>(Marvin Gaye &amp; Tammi Terrell, 1967). I\u0161lo to tak dobre, ako som len mohol d\u00fafa\u0165.<\/p>\n<p><strong><em>Ob\u013e\u00faben\u00fd TV program?<\/em><\/strong><\/p>\n<p><a href=\"https:\/\/www.csfd.cz\/film\/525549-papirovy-dum-netflix-verze\/prehled\/\" target=\"_blank\" rel=\"noopener noreferrer\"><em>Money Heist<\/em><\/a> od Netlfixu je brilantn\u00fd. Rozhodne by som ho odporu\u010dil.<\/p>\n<p><em>(\u0160panielska krimin\u00e1lna dr\u00e1ma o l\u00fape\u017eiach. Z\u00edskala nieko\u013eko ocenen\u00ed vr\u00e1tane najlep\u0161ej dramatickej s\u00e9rie na Emmy Awards. Kritici oce\u0148uj\u00fa jej prepracovan\u00fd pr\u00edbeh, medzi\u013eudsk\u00e9 dr\u00e1my, r\u00e9\u017eiu a za snahu inovova\u0165 \u0161panielsku telev\u00edziu.)<\/em><\/p>\n<p><strong><em>Naj\u0165a\u017e\u0161\u00ed protivn\u00edk vo futbale?<\/em><\/strong><\/p>\n<p>Takto pomimo, v\u00a0letnej pr\u00edprave, som hral proti Cristianovi Ronaldovi, ke\u010f som bol v\u00a0Manchesteri United. Ale ke\u010f sa zamysl\u00edm, kto proti mne hral v\u00a0s\u00fa\u0165a\u017en\u00fdch z\u00e1pasoch, vy\u010dnieva Diego Costa. Hral som proti nemu na Stamford Bridge za Burnley. Bol svetov\u00e1 trieda. Jeho n\u00e1behy boli excelentn\u00e9 a\u00a0tvrdo pracoval pre t\u00edm. Obrancovia to s\u00a0n\u00edm mali ve\u013emi \u0165a\u017ek\u00e9.<\/p>\n<p><strong><em>Ob\u013e\u00faben\u00e9 jedlo?<\/em><\/strong><\/p>\n<p>Keby som si mohol na nie\u010dom pochutna\u0165, bola by to \u010d\u00edna.<\/p>\n<p><strong><em>Jedlo, ktor\u00e9 nezn\u00e1\u0161a?<\/em><\/strong><\/p>\n<p>Sushi, to si rozhodne ned\u00e1m!<\/p>\n<p><strong><em>Ak\u00fa super schopnos\u0165 by si vybral?<\/em><\/strong><\/p>\n<p>Asi by to bolo lietanie. Mohol by som cestova\u0165 kamko\u013evek a\u00a0vyhn\u00fa\u0165 sa z\u00e1pcham.<\/p>\n<p><strong><em>Najlep\u0161\u00ed kamar\u00e1t vo futbale?<\/em><\/strong><\/p>\n<p>Okrem m\u00f4jho brata dvoj\u010da\u0165a Willa, najlep\u0161\u00ed kamo\u0161 je George Boyd. Stretli sme sa v\u00a0Burnley. Pri\u0161li sme do klubu v\u00a0rovnak\u00fd \u010das, a\u00a0takisto sme aj odi\u0161li. Zvykli sme spolu cestova\u0165 na tr\u00e9ningy ka\u017ed\u00fd de\u0148. Ve\u013emi som sa n\u00edm a\u00a0s\u00a0jeho rodinou spriatelil.<\/p>\n<p><em>(George Boyd, 34 ro\u010dn\u00fd anglick\u00fd kr\u00eddeln\u00edk, ktor\u00fd aktu\u00e1lne hr\u00e1 za Peterborough United v League One.)<\/em><\/p>\n<p style=\"text-align: right;\"><span style=\"font-size: 8pt;\">(foto zdroj: Bryn Lennon)<\/span><\/p>\n","protected":false},"excerpt":{"rendered":"<p>V z\u00e1pasov\u00fdch programoch tejto sez\u00f3ny sa hr\u00e1\u010dov p\u00fdtali r\u00f4zne ot\u00e1zky \u2013 od ob\u013e\u00faben\u00fdch filmov a\u017e po jedlo. Ak chcete zisti\u0165 viac o Michaelovi, \u010d\u00edtajte nasleduj\u00face riadky.<\/p>\n","protected":false},"author":1,"featured_media":11051,"comment_status":"open","ping_status":"closed","sticky":false,"template":"","format":"standard","meta":{"_eb_attr":"","_monsterinsights_skip_tracking":false,"_monsterinsights_sitenote_active":false,"_monsterinsights_sitenote_note":"","_monsterinsights_sitenote_category":0,"footnotes":""},"categories":[1],"tags":[],"yoast_head":"<!-- This site is optimized with the Yoast SEO plugin v23.4 - https:\/\/yoast.com\/wordpress\/plugins\/seo\/ -->\n<title>Kv\u00edz s Keaneom - Official Czech &amp; Slovak Everton Supporters&#039; Club<\/title>\n<meta name=\"robots\" content=\"index, follow, max-snippet:-1, max-image-preview:large, max-video-preview:-1\" \/>\n<link rel=\"canonical\" href=\"https:\/\/evertonfc.cz\/index.php\/2020\/05\/26\/kviz-s-keaneom\/\" \/>\n<meta property=\"og:locale\" content=\"cs_CZ\" \/>\n<meta property=\"og:type\" content=\"article\" \/>\n<meta property=\"og:title\" content=\"Kv\u00edz s Keaneom - Official Czech &amp; Slovak Everton Supporters&#039; Club\" \/>\n<meta property=\"og:description\" content=\"V z\u00e1pasov\u00fdch programoch tejto sez\u00f3ny sa hr\u00e1\u010dov p\u00fdtali r\u00f4zne ot\u00e1zky \u2013 od ob\u013e\u00faben\u00fdch filmov a\u017e po jedlo. Ak chcete zisti\u0165 viac o Michaelovi, \u010d\u00edtajte nasleduj\u00face riadky.\" \/>\n<meta property=\"og:url\" content=\"https:\/\/evertonfc.cz\/index.php\/2020\/05\/26\/kviz-s-keaneom\/\" \/>\n<meta property=\"og:site_name\" content=\"Official Czech &amp; Slovak Everton Supporters&#039; Club\" \/>\n<meta property=\"article:publisher\" content=\"https:\/\/www.facebook.com\/everton.fans.cz.sk\" \/>\n<meta property=\"article:published_time\" content=\"2020-05-26T04:10:24+00:00\" \/>\n<meta property=\"article:modified_time\" content=\"2020-05-26T04:09:55+00:00\" \/>\n<meta property=\"og:image\" content=\"https:\/\/evertonfc.cz\/wp-content\/uploads\/2020\/05\/Michael-Keane-by-Bryn-Lennon-24-5-2020.jpg\" \/>\n\t<meta property=\"og:image:width\" content=\"720\" \/>\n\t<meta property=\"og:image:height\" content=\"405\" \/>\n\t<meta property=\"og:image:type\" content=\"image\/jpeg\" \/>\n<meta name=\"author\" content=\"BlueBlooded\" \/>\n<meta name=\"twitter:card\" content=\"summary_large_image\" \/>\n<meta name=\"twitter:label1\" content=\"Napsal(a)\" \/>\n\t<meta name=\"twitter:data1\" content=\"BlueBlooded\" \/>\n\t<meta name=\"twitter:label2\" content=\"Odhadovan\u00e1 doba \u010dten\u00ed\" \/>\n\t<meta name=\"twitter:data2\" content=\"2 minuty\" \/>\n<script type=\"application\/ld+json\" class=\"yoast-schema-graph\">{\"@context\":\"https:\/\/schema.org\",\"@graph\":[{\"@type\":\"Article\",\"@id\":\"https:\/\/evertonfc.cz\/index.php\/2020\/05\/26\/kviz-s-keaneom\/#article\",\"isPartOf\":{\"@id\":\"https:\/\/evertonfc.cz\/index.php\/2020\/05\/26\/kviz-s-keaneom\/\"},\"author\":{\"name\":\"BlueBlooded\",\"@id\":\"https:\/\/evertonfc.cz\/#\/schema\/person\/d4493b8cbea51532597fbc4685698916\"},\"headline\":\"Kv\u00edz s Keaneom\",\"datePublished\":\"2020-05-26T04:10:24+00:00\",\"dateModified\":\"2020-05-26T04:09:55+00:00\",\"mainEntityOfPage\":{\"@id\":\"https:\/\/evertonfc.cz\/index.php\/2020\/05\/26\/kviz-s-keaneom\/\"},\"wordCount\":443,\"commentCount\":0,\"publisher\":{\"@id\":\"https:\/\/evertonfc.cz\/#organization\"},\"image\":{\"@id\":\"https:\/\/evertonfc.cz\/index.php\/2020\/05\/26\/kviz-s-keaneom\/#primaryimage\"},\"thumbnailUrl\":\"https:\/\/evertonfc.cz\/wp-content\/uploads\/2020\/05\/Michael-Keane-by-Bryn-Lennon-24-5-2020.jpg\",\"articleSection\":[\"Rozhovory\"],\"inLanguage\":\"cs\",\"potentialAction\":[{\"@type\":\"CommentAction\",\"name\":\"Comment\",\"target\":[\"https:\/\/evertonfc.cz\/index.php\/2020\/05\/26\/kviz-s-keaneom\/#respond\"]}]},{\"@type\":\"WebPage\",\"@id\":\"https:\/\/evertonfc.cz\/index.php\/2020\/05\/26\/kviz-s-keaneom\/\",\"url\":\"https:\/\/evertonfc.cz\/index.php\/2020\/05\/26\/kviz-s-keaneom\/\",\"name\":\"Kv\u00edz s Keaneom - Official Czech &amp; Slovak Everton Supporters&#039; Club\",\"isPartOf\":{\"@id\":\"https:\/\/evertonfc.cz\/#website\"},\"primaryImageOfPage\":{\"@id\":\"https:\/\/evertonfc.cz\/index.php\/2020\/05\/26\/kviz-s-keaneom\/#primaryimage\"},\"image\":{\"@id\":\"https:\/\/evertonfc.cz\/index.php\/2020\/05\/26\/kviz-s-keaneom\/#primaryimage\"},\"thumbnailUrl\":\"https:\/\/evertonfc.cz\/wp-content\/uploads\/2020\/05\/Michael-Keane-by-Bryn-Lennon-24-5-2020.jpg\",\"datePublished\":\"2020-05-26T04:10:24+00:00\",\"dateModified\":\"2020-05-26T04:09:55+00:00\",\"breadcrumb\":{\"@id\":\"https:\/\/evertonfc.cz\/index.php\/2020\/05\/26\/kviz-s-keaneom\/#breadcrumb\"},\"inLanguage\":\"cs\",\"potentialAction\":[{\"@type\":\"ReadAction\",\"target\":[\"https:\/\/evertonfc.cz\/index.php\/2020\/05\/26\/kviz-s-keaneom\/\"]}]},{\"@type\":\"ImageObject\",\"inLanguage\":\"cs\",\"@id\":\"https:\/\/evertonfc.cz\/index.php\/2020\/05\/26\/kviz-s-keaneom\/#primaryimage\",\"url\":\"https:\/\/evertonfc.cz\/wp-content\/uploads\/2020\/05\/Michael-Keane-by-Bryn-Lennon-24-5-2020.jpg\",\"contentUrl\":\"https:\/\/evertonfc.cz\/wp-content\/uploads\/2020\/05\/Michael-Keane-by-Bryn-Lennon-24-5-2020.jpg\",\"width\":720,\"height\":405},{\"@type\":\"BreadcrumbList\",\"@id\":\"https:\/\/evertonfc.cz\/index.php\/2020\/05\/26\/kviz-s-keaneom\/#breadcrumb\",\"itemListElement\":[{\"@type\":\"ListItem\",\"position\":1,\"name\":\"Home\",\"item\":\"https:\/\/evertonfc.cz\/\"},{\"@type\":\"ListItem\",\"position\":2,\"name\":\"Kv\u00edz s Keaneom\"}]},{\"@type\":\"WebSite\",\"@id\":\"https:\/\/evertonfc.cz\/#website\",\"url\":\"https:\/\/evertonfc.cz\/\",\"name\":\"Official Czech &amp; Slovak Everton Supporters&#039; Club\",\"description\":\"\",\"publisher\":{\"@id\":\"https:\/\/evertonfc.cz\/#organization\"},\"potentialAction\":[{\"@type\":\"SearchAction\",\"target\":{\"@type\":\"EntryPoint\",\"urlTemplate\":\"https:\/\/evertonfc.cz\/?s={search_term_string}\"},\"query-input\":{\"@type\":\"PropertyValueSpecification\",\"valueRequired\":true,\"valueName\":\"search_term_string\"}}],\"inLanguage\":\"cs\"},{\"@type\":\"Organization\",\"@id\":\"https:\/\/evertonfc.cz\/#organization\",\"name\":\"Official Czech & Slovak Everton Supporters' Club\",\"url\":\"https:\/\/evertonfc.cz\/\",\"logo\":{\"@type\":\"ImageObject\",\"inLanguage\":\"cs\",\"@id\":\"https:\/\/evertonfc.cz\/#\/schema\/logo\/image\/\",\"url\":\"https:\/\/evertonfc.cz\/wp-content\/uploads\/2019\/05\/logo.png\",\"contentUrl\":\"https:\/\/evertonfc.cz\/wp-content\/uploads\/2019\/05\/logo.png\",\"width\":112,\"height\":112,\"caption\":\"Official Czech & Slovak Everton Supporters' Club\"},\"image\":{\"@id\":\"https:\/\/evertonfc.cz\/#\/schema\/logo\/image\/\"},\"sameAs\":[\"https:\/\/www.facebook.com\/everton.fans.cz.sk\"]},{\"@type\":\"Person\",\"@id\":\"https:\/\/evertonfc.cz\/#\/schema\/person\/d4493b8cbea51532597fbc4685698916\",\"name\":\"BlueBlooded\",\"url\":\"https:\/\/evertonfc.cz\/index.php\/author\/admin\/\"}]}<\/script>\n<!-- \/ Yoast SEO plugin. -->","yoast_head_json":{"title":"Kv\u00edz s Keaneom - Official Czech &amp; Slovak Everton Supporters&#039; Club","robots":{"index":"index","follow":"follow","max-snippet":"max-snippet:-1","max-image-preview":"max-image-preview:large","max-video-preview":"max-video-preview:-1"},"canonical":"https:\/\/evertonfc.cz\/index.php\/2020\/05\/26\/kviz-s-keaneom\/","og_locale":"cs_CZ","og_type":"article","og_title":"Kv\u00edz s Keaneom - Official Czech &amp; Slovak Everton Supporters&#039; Club","og_description":"V z\u00e1pasov\u00fdch programoch tejto sez\u00f3ny sa hr\u00e1\u010dov p\u00fdtali r\u00f4zne ot\u00e1zky \u2013 od ob\u013e\u00faben\u00fdch filmov a\u017e po jedlo. Ak chcete zisti\u0165 viac o Michaelovi, \u010d\u00edtajte nasleduj\u00face riadky.","og_url":"https:\/\/evertonfc.cz\/index.php\/2020\/05\/26\/kviz-s-keaneom\/","og_site_name":"Official Czech &amp; Slovak Everton Supporters&#039; Club","article_publisher":"https:\/\/www.facebook.com\/everton.fans.cz.sk","article_published_time":"2020-05-26T04:10:24+00:00","article_modified_time":"2020-05-26T04:09:55+00:00","og_image":[{"width":720,"height":405,"url":"https:\/\/evertonfc.cz\/wp-content\/uploads\/2020\/05\/Michael-Keane-by-Bryn-Lennon-24-5-2020.jpg","type":"image\/jpeg"}],"author":"BlueBlooded","twitter_card":"summary_large_image","twitter_misc":{"Napsal(a)":"BlueBlooded","Odhadovan\u00e1 doba \u010dten\u00ed":"2 minuty"},"schema":{"@context":"https:\/\/schema.org","@graph":[{"@type":"Article","@id":"https:\/\/evertonfc.cz\/index.php\/2020\/05\/26\/kviz-s-keaneom\/#article","isPartOf":{"@id":"https:\/\/evertonfc.cz\/index.php\/2020\/05\/26\/kviz-s-keaneom\/"},"author":{"name":"BlueBlooded","@id":"https:\/\/evertonfc.cz\/#\/schema\/person\/d4493b8cbea51532597fbc4685698916"},"headline":"Kv\u00edz s Keaneom","datePublished":"2020-05-26T04:10:24+00:00","dateModified":"2020-05-26T04:09:55+00:00","mainEntityOfPage":{"@id":"https:\/\/evertonfc.cz\/index.php\/2020\/05\/26\/kviz-s-keaneom\/"},"wordCount":443,"commentCount":0,"publisher":{"@id":"https:\/\/evertonfc.cz\/#organization"},"image":{"@id":"https:\/\/evertonfc.cz\/index.php\/2020\/05\/26\/kviz-s-keaneom\/#primaryimage"},"thumbnailUrl":"https:\/\/evertonfc.cz\/wp-content\/uploads\/2020\/05\/Michael-Keane-by-Bryn-Lennon-24-5-2020.jpg","articleSection":["Rozhovory"],"inLanguage":"cs","potentialAction":[{"@type":"CommentAction","name":"Comment","target":["https:\/\/evertonfc.cz\/index.php\/2020\/05\/26\/kviz-s-keaneom\/#respond"]}]},{"@type":"WebPage","@id":"https:\/\/evertonfc.cz\/index.php\/2020\/05\/26\/kviz-s-keaneom\/","url":"https:\/\/evertonfc.cz\/index.php\/2020\/05\/26\/kviz-s-keaneom\/","name":"Kv\u00edz s Keaneom - Official Czech &amp; Slovak Everton Supporters&#039; Club","isPartOf":{"@id":"https:\/\/evertonfc.cz\/#website"},"primaryImageOfPage":{"@id":"https:\/\/evertonfc.cz\/index.php\/2020\/05\/26\/kviz-s-keaneom\/#primaryimage"},"image":{"@id":"https:\/\/evertonfc.cz\/index.php\/2020\/05\/26\/kviz-s-keaneom\/#primaryimage"},"thumbnailUrl":"https:\/\/evertonfc.cz\/wp-content\/uploads\/2020\/05\/Michael-Keane-by-Bryn-Lennon-24-5-2020.jpg","datePublished":"2020-05-26T04:10:24+00:00","dateModified":"2020-05-26T04:09:55+00:00","breadcrumb":{"@id":"https:\/\/evertonfc.cz\/index.php\/2020\/05\/26\/kviz-s-keaneom\/#breadcrumb"},"inLanguage":"cs","potentialAction":[{"@type":"ReadAction","target":["https:\/\/evertonfc.cz\/index.php\/2020\/05\/26\/kviz-s-keaneom\/"]}]},{"@type":"ImageObject","inLanguage":"cs","@id":"https:\/\/evertonfc.cz\/index.php\/2020\/05\/26\/kviz-s-keaneom\/#primaryimage","url":"https:\/\/evertonfc.cz\/wp-content\/uploads\/2020\/05\/Michael-Keane-by-Bryn-Lennon-24-5-2020.jpg","contentUrl":"https:\/\/evertonfc.cz\/wp-content\/uploads\/2020\/05\/Michael-Keane-by-Bryn-Lennon-24-5-2020.jpg","width":720,"height":405},{"@type":"BreadcrumbList","@id":"https:\/\/evertonfc.cz\/index.php\/2020\/05\/26\/kviz-s-keaneom\/#breadcrumb","itemListElement":[{"@type":"ListItem","position":1,"name":"Home","item":"https:\/\/evertonfc.cz\/"},{"@type":"ListItem","position":2,"name":"Kv\u00edz s Keaneom"}]},{"@type":"WebSite","@id":"https:\/\/evertonfc.cz\/#website","url":"https:\/\/evertonfc.cz\/","name":"Official Czech &amp; Slovak Everton Supporters&#039; Club","description":"","publisher":{"@id":"https:\/\/evertonfc.cz\/#organization"},"potentialAction":[{"@type":"SearchAction","target":{"@type":"EntryPoint","urlTemplate":"https:\/\/evertonfc.cz\/?s={search_term_string}"},"query-input":{"@type":"PropertyValueSpecification","valueRequired":true,"valueName":"search_term_string"}}],"inLanguage":"cs"},{"@type":"Organization","@id":"https:\/\/evertonfc.cz\/#organization","name":"Official Czech & Slovak Everton Supporters' Club","url":"https:\/\/evertonfc.cz\/","logo":{"@type":"ImageObject","inLanguage":"cs","@id":"https:\/\/evertonfc.cz\/#\/schema\/logo\/image\/","url":"https:\/\/evertonfc.cz\/wp-content\/uploads\/2019\/05\/logo.png","contentUrl":"https:\/\/evertonfc.cz\/wp-content\/uploads\/2019\/05\/logo.png","width":112,"height":112,"caption":"Official Czech & Slovak Everton Supporters' Club"},"image":{"@id":"https:\/\/evertonfc.cz\/#\/schema\/logo\/image\/"},"sameAs":["https:\/\/www.facebook.com\/everton.fans.cz.sk"]},{"@type":"Person","@id":"https:\/\/evertonfc.cz\/#\/schema\/person\/d4493b8cbea51532597fbc4685698916","name":"BlueBlooded","url":"https:\/\/evertonfc.cz\/index.php\/author\/admin\/"}]}},"_links":{"self":[{"href":"https:\/\/evertonfc.cz\/index.php\/wp-json\/wp\/v2\/posts\/11050"}],"collection":[{"href":"https:\/\/evertonfc.cz\/index.php\/wp-json\/wp\/v2\/posts"}],"about":[{"href":"https:\/\/evertonfc.cz\/index.php\/wp-json\/wp\/v2\/types\/post"}],"author":[{"embeddable":true,"href":"https:\/\/evertonfc.cz\/index.php\/wp-json\/wp\/v2\/users\/1"}],"replies":[{"embeddable":true,"href":"https:\/\/evertonfc.cz\/index.php\/wp-json\/wp\/v2\/comments?post=11050"}],"version-history":[{"count":4,"href":"https:\/\/evertonfc.cz\/index.php\/wp-json\/wp\/v2\/posts\/11050\/revisions"}],"predecessor-version":[{"id":11055,"href":"https:\/\/evertonfc.cz\/index.php\/wp-json\/wp\/v2\/posts\/11050\/revisions\/11055"}],"wp:featuredmedia":[{"embeddable":true,"href":"https:\/\/evertonfc.cz\/index.php\/wp-json\/wp\/v2\/media\/11051"}],"wp:attachment":[{"href":"https:\/\/evertonfc.cz\/index.php\/wp-json\/wp\/v2\/media?parent=11050"}],"wp:term":[{"taxonomy":"category","embeddable":true,"href":"https:\/\/evertonfc.cz\/index.php\/wp-json\/wp\/v2\/categories?post=11050"},{"taxonomy":"post_tag","embeddable":true,"href":"https:\/\/evertonfc.cz\/index.php\/wp-json\/wp\/v2\/tags?post=11050"}],"curies":[{"name":"wp","href":"https:\/\/api.w.org\/{rel}","templated":true}]}}