{"id":11056,"date":"2020-05-27T06:30:48","date_gmt":"2020-05-27T04:30:48","guid":{"rendered":"https:\/\/evertonfc.cz\/?p=11056"},"modified":"2020-05-27T07:39:33","modified_gmt":"2020-05-27T05:39:33","slug":"prekona-hummel-fantaziu-fanusikov","status":"publish","type":"post","link":"https:\/\/evertonfc.cz\/index.php\/2020\/05\/27\/prekona-hummel-fantaziu-fanusikov\/","title":{"rendered":"Prekon\u00e1 Hummel fant\u00e1ziu fan\u00fa\u0161ikov?"},"content":{"rendered":"<h4><span lang=\"SK\">Evertonians sa \u010dinili a my sme pre v\u00e1s z\u00a0Twitteru vybrali tie najlep\u0161ie koncepty dresov od nov\u00e9ho sponzora Hummel, ktor\u00fd bude oblieka\u0165 Everton od bud\u00facej sez\u00f3ny.<\/span><\/h4>\n<p><span lang=\"SK\">Nad\u0161enie a vzru\u0161enie z nie\u010doho nov\u00e9ho sa niekedy ned\u00e1 zastavi\u0165. A aby ste upokojili svoju myse\u013e, \u010dasto ju zamestn\u00e1vate pr\u00e1ve \u010dinnos\u0165ou spojen\u00fa s dan\u00fdm subjektom. Asi takto nejak vznikaj\u00fa koncepty fan\u00fa\u0161ikov, te\u0161iace oko t\u00fdch menej graficky zdatn\u00fdch. Samozrejme, zvykn\u00fa sa pridru\u017ei\u0165 aj profesion\u00e1li. Tu je m\u00f4j osobn\u00fd v\u00fdber:<\/span><\/p>\n<h4>Kompletn\u00e9 sady<\/h4>\n<p><span lang=\"SK\">Tieto prv\u00e9 tri sady mi utkveli v\u00a0hlave najviac. Oce\u0148ujem kompletnos\u0165 \u2013 dom\u00e1ci, hos\u0165ovsk\u00fd aj alternat\u00edvny. A\u00a0<em>Byrne Graphics<\/em> si ma z\u00edskal asi najviac. Najm\u00e4 dom\u00e1ci p\u00f4sob\u00ed jednoducho a origin\u00e1lne, re\u0161pektuje kr\u00e1\u013eovsk\u00fa modr\u00fa a bez kompromisov za\u010dle\u0148uje na ruk\u00e1voch nutn\u00e9 log\u00e1. Farebn\u00e1 kombin\u00e1cia tretej sady v podobe karamelu tie\u017e stoj\u00ed za to. <em>LonGdaY Kit<\/em> oslov\u00ed netradi\u010dnou, no inovat\u00edvnou vonkaj\u0161ou sadou a\u00a0nekaz\u00ed ni\u010d ani pri ostatn\u00fdch. <em>Job<\/em>-u by som vytkol len tret\u00ed dres s \u010diarov\u00fdm k\u00f3dom. Druh\u00fd n\u00e1padne pripom\u00edna hos\u0165ovsk\u00fd Nike zo sez\u00f3ny 2013\/14.<\/span><\/p>\n<blockquote class=\"twitter-tweet\" data-width=\"550\" data-dnt=\"true\">\n<p lang=\"en\" dir=\"ltr\">&#8211; <a href=\"https:\/\/twitter.com\/Everton?ref_src=twsrc%5Etfw\">@Everton<\/a> x <a href=\"https:\/\/twitter.com\/hummel1923?ref_src=twsrc%5Etfw\">@hummel1923<\/a> concept kits<\/p>\n<p>Likes\/Retweets are appreciated.<a href=\"https:\/\/twitter.com\/hashtag\/EvertonFC?src=hash&amp;ref_src=twsrc%5Etfw\">#EvertonFC<\/a>  <a href=\"https:\/\/twitter.com\/hashtag\/Everton?src=hash&amp;ref_src=twsrc%5Etfw\">#Everton<\/a> <a href=\"https:\/\/twitter.com\/hashtag\/Toffees?src=hash&amp;ref_src=twsrc%5Etfw\">#Toffees<\/a> <a href=\"https:\/\/twitter.com\/hashtag\/GoodisonPark?src=hash&amp;ref_src=twsrc%5Etfw\">#GoodisonPark<\/a> <a href=\"https:\/\/twitter.com\/hashtag\/Hummel?src=hash&amp;ref_src=twsrc%5Etfw\">#Hummel<\/a> <a href=\"https:\/\/twitter.com\/hashtag\/SwissX?src=hash&amp;ref_src=twsrc%5Etfw\">#SwissX<\/a> <a href=\"https:\/\/twitter.com\/hashtag\/kitconcepts?src=hash&amp;ref_src=twsrc%5Etfw\">#kitconcepts<\/a> <a href=\"https:\/\/twitter.com\/hashtag\/conceptkits?src=hash&amp;ref_src=twsrc%5Etfw\">#conceptkits<\/a> <a href=\"https:\/\/twitter.com\/hashtag\/footballkits?src=hash&amp;ref_src=twsrc%5Etfw\">#footballkits<\/a> <a href=\"https:\/\/t.co\/rxIQOZ2iKc\">pic.twitter.com\/rxIQOZ2iKc<\/a><\/p>\n<p>&mdash; Byrne Graphics (@ByrneGraphics) <a href=\"https:\/\/twitter.com\/ByrneGraphics\/status\/1257391390931156995?ref_src=twsrc%5Etfw\">May 4, 2020<\/a><\/p><\/blockquote>\n<p><script async src=\"https:\/\/platform.twitter.com\/widgets.js\" charset=\"utf-8\"><\/script><\/p>\n<blockquote class=\"twitter-tweet\" data-width=\"550\" data-dnt=\"true\">\n<p lang=\"fr\" dir=\"ltr\">Everton FC x Hummel x Concepts Kits<a href=\"https:\/\/twitter.com\/hashtag\/Everton?src=hash&amp;ref_src=twsrc%5Etfw\">#Everton<\/a> <a href=\"https:\/\/twitter.com\/hashtag\/EvertonFC?src=hash&amp;ref_src=twsrc%5Etfw\">#EvertonFC<\/a> <a href=\"https:\/\/twitter.com\/hashtag\/Toffees?src=hash&amp;ref_src=twsrc%5Etfw\">#Toffees<\/a> <a href=\"https:\/\/twitter.com\/hashtag\/Hummel?src=hash&amp;ref_src=twsrc%5Etfw\">#Hummel<\/a> <a href=\"https:\/\/twitter.com\/hashtag\/PremierLeague?src=hash&amp;ref_src=twsrc%5Etfw\">#PremierLeague<\/a> <a href=\"https:\/\/twitter.com\/EFCFrance?ref_src=twsrc%5Etfw\">@EFCFrance<\/a> <a href=\"https:\/\/twitter.com\/Geoffreyj21?ref_src=twsrc%5Etfw\">@Geoffreyj21<\/a> <a href=\"https:\/\/twitter.com\/PLFrance_?ref_src=twsrc%5Etfw\">@PLFrance_<\/a> <a href=\"https:\/\/twitter.com\/hashtag\/kitconcept?src=hash&amp;ref_src=twsrc%5Etfw\">#kitconcept<\/a> <a href=\"https:\/\/twitter.com\/hashtag\/footballkit?src=hash&amp;ref_src=twsrc%5Etfw\">#footballkit<\/a><\/p>\n<p>RT &amp; Like Appr\u00e9ci\u00e9s \/ Appreciated <a href=\"https:\/\/t.co\/N24dzihJVJ\">pic.twitter.com\/N24dzihJVJ<\/a><\/p>\n<p>&mdash; LonGdaY Kit (@longday15120478) <a href=\"https:\/\/twitter.com\/longday15120478\/status\/1251812591069999111?ref_src=twsrc%5Etfw\">April 19, 2020<\/a><\/p><\/blockquote>\n<p><script async src=\"https:\/\/platform.twitter.com\/widgets.js\" charset=\"utf-8\"><\/script><\/p>\n<blockquote class=\"twitter-tweet\" data-width=\"550\" data-dnt=\"true\">\n<p lang=\"en\" dir=\"ltr\">Everton FC x Hummel concepts.<\/p>\n<p>Please rate 1-10. Thoughts about these designs?<a href=\"https:\/\/twitter.com\/hashtag\/everton?src=hash&amp;ref_src=twsrc%5Etfw\">#everton<\/a> <a href=\"https:\/\/twitter.com\/hashtag\/liverpool?src=hash&amp;ref_src=twsrc%5Etfw\">#liverpool<\/a> <a href=\"https:\/\/twitter.com\/hashtag\/efc?src=hash&amp;ref_src=twsrc%5Etfw\">#efc<\/a> <a href=\"https:\/\/twitter.com\/hashtag\/evertonfc?src=hash&amp;ref_src=twsrc%5Etfw\">#evertonfc<\/a> <a href=\"https:\/\/twitter.com\/hashtag\/evertonpark?src=hash&amp;ref_src=twsrc%5Etfw\">#evertonpark<\/a> <a href=\"https:\/\/twitter.com\/hashtag\/toffees?src=hash&amp;ref_src=twsrc%5Etfw\">#toffees<\/a> <a href=\"https:\/\/twitter.com\/hashtag\/thetoffees?src=hash&amp;ref_src=twsrc%5Etfw\">#thetoffees<\/a> <a href=\"https:\/\/twitter.com\/hashtag\/richarlison?src=hash&amp;ref_src=twsrc%5Etfw\">#richarlison<\/a> <a href=\"https:\/\/twitter.com\/hashtag\/ancelotti?src=hash&amp;ref_src=twsrc%5Etfw\">#ancelotti<\/a> <a href=\"https:\/\/twitter.com\/hashtag\/umbro?src=hash&amp;ref_src=twsrc%5Etfw\">#umbro<\/a> <a href=\"https:\/\/twitter.com\/hashtag\/footballdesign?src=hash&amp;ref_src=twsrc%5Etfw\">#footballdesign<\/a> <a href=\"https:\/\/twitter.com\/hashtag\/hummel?src=hash&amp;ref_src=twsrc%5Etfw\">#hummel<\/a> <a href=\"https:\/\/twitter.com\/Everton?ref_src=twsrc%5Etfw\">@Everton<\/a> <a href=\"https:\/\/t.co\/aUDZn4LZL4\">pic.twitter.com\/aUDZn4LZL4<\/a><\/p>\n<p>&mdash; Job &#8211; Eenhoopjob Football Kit Designs (@eenhoopjob) <a href=\"https:\/\/twitter.com\/eenhoopjob\/status\/1217179271376097287?ref_src=twsrc%5Etfw\">January 14, 2020<\/a><\/p><\/blockquote>\n<p><script async src=\"https:\/\/platform.twitter.com\/widgets.js\" charset=\"utf-8\"><\/script><\/p>\n<p><span lang=\"SK\"><em>Twitkits<\/em> ide na istotu, zbyto\u010dne nekomplikuje a vol\u00ed zn\u00e1me farby. Najviac ohlasov ur\u010dite z\u00edska za alternat\u00edvnu sadu. Farebn\u00e9 zladenie sivohnedej a pieskovo \u017eltej by si na\u0161lo uplatnenie ako na ihrisku, tak v \u0161atn\u00edku be\u017en\u00e9ho Evertoniana. <em>Luke<\/em> by mal vynecha\u0165 pavu\u010dinov\u00fd \u0161t\u00fdl z dom\u00e1ceho dresu a <em>KonceptKitz<\/em> menej razi\u0165 vzorovanie.<\/span><\/p>\n<blockquote class=\"twitter-tweet\" data-width=\"550\" data-dnt=\"true\">\n<p lang=\"en\" dir=\"ltr\"><a href=\"https:\/\/twitter.com\/hashtag\/Everton?src=hash&amp;ref_src=twsrc%5Etfw\">#Everton<\/a> <a href=\"https:\/\/twitter.com\/hashtag\/Hummel?src=hash&amp;ref_src=twsrc%5Etfw\">#Hummel<\/a> Concept H, A &amp; 3rd Kits! Let me know what you think and if you have any design requests! <a href=\"https:\/\/t.co\/K4eeItSvIX\">pic.twitter.com\/K4eeItSvIX<\/a><\/p>\n<p>&mdash; twitkits (@twitkits1) <a href=\"https:\/\/twitter.com\/twitkits1\/status\/1217088709453021185?ref_src=twsrc%5Etfw\">January 14, 2020<\/a><\/p><\/blockquote>\n<p><script async src=\"https:\/\/platform.twitter.com\/widgets.js\" charset=\"utf-8\"><\/script><\/p>\n<blockquote class=\"twitter-tweet\" data-width=\"550\" data-dnt=\"true\">\n<p lang=\"en\" dir=\"ltr\">Everton Hummel Concept Shirts <a href=\"https:\/\/t.co\/mEPlzR1GLA\">pic.twitter.com\/mEPlzR1GLA<\/a><\/p>\n<p>&mdash; luke (@_luke_1878_) <a href=\"https:\/\/twitter.com\/_luke_1878_\/status\/1215958355233189888?ref_src=twsrc%5Etfw\">January 11, 2020<\/a><\/p><\/blockquote>\n<p><script async src=\"https:\/\/platform.twitter.com\/widgets.js\" charset=\"utf-8\"><\/script><\/p>\n<blockquote class=\"twitter-tweet\" data-width=\"550\" data-dnt=\"true\">\n<p lang=\"en\" dir=\"ltr\">Continuing the Hummel kick this week &#8211; and given the rumours about <a href=\"https:\/\/twitter.com\/Everton?ref_src=twsrc%5Etfw\">@Everton<\/a> switching kit supplier &#8211; we&#39;ve mocked up a couple of Toffees designs of our own. Home or Away? If you like these, please give us a follow &#8211; always great to welcome new followers ? <a href=\"https:\/\/twitter.com\/hashtag\/Everton?src=hash&amp;ref_src=twsrc%5Etfw\">#Everton<\/a> <a href=\"https:\/\/twitter.com\/hashtag\/EFC?src=hash&amp;ref_src=twsrc%5Etfw\">#EFC<\/a> <a href=\"https:\/\/twitter.com\/hashtag\/Toffess?src=hash&amp;ref_src=twsrc%5Etfw\">#Toffess<\/a> <a href=\"https:\/\/t.co\/6WNfgWLtTk\">pic.twitter.com\/6WNfgWLtTk<\/a><\/p>\n<p>&mdash; KonceptKitz (@KonceptKitz) <a href=\"https:\/\/twitter.com\/KonceptKitz\/status\/1215944600428384257?ref_src=twsrc%5Etfw\">January 11, 2020<\/a><\/p><\/blockquote>\n<p><script async src=\"https:\/\/platform.twitter.com\/widgets.js\" charset=\"utf-8\"><\/script><\/p>\n<h4>Dom\u00e1ce dresy<\/h4>\n<p><span lang=\"SK\">Odvaha sa vypl\u00e1ca. Aspo\u0148 u\u00a0m\u0148a v\u00a0pr\u00edpade <em>twitkits<\/em>. Jeho kr\u00e1\u013eovsky modr\u00fd prototyp prekon\u00e1va stereotypy a\u00a0bol by jednozna\u010dn\u00fdm o\u017eiven\u00edm posledn\u00fdch sez\u00f3n. Stav\u00edm sa, \u017ee by pozit\u00edvne vynikal v\u00a0celej Premie League. <em>Sam<\/em> sa takisto nedal zahanbi\u0165 a\u00a0raz\u00ed u\u00a0fan\u00fa\u0161ikov na citliv\u00fdch miestach. Nen\u00e1siln\u00fd vzor nen\u00e1padne dop\u013a\u0148a minimalistick\u00fdmi prvkami Hummelu a\u00a0ako \u010dere\u0161ni\u010dku na torte si nech\u00e1va miesto loga klubu Rupertovu ve\u017eu. <\/span><\/p>\n<blockquote class=\"twitter-tweet\" data-width=\"550\" data-dnt=\"true\">\n<p lang=\"und\" dir=\"ltr\"><a href=\"https:\/\/t.co\/WfEZaQk5Zg\">https:\/\/t.co\/WfEZaQk5Zg<\/a> <a href=\"https:\/\/t.co\/J2UgMmfpq7\">pic.twitter.com\/J2UgMmfpq7<\/a><\/p>\n<p>&mdash; twitkits (@twitkits1) <a href=\"https:\/\/twitter.com\/twitkits1\/status\/1217420464185839620?ref_src=twsrc%5Etfw\">January 15, 2020<\/a><\/p><\/blockquote>\n<p><script async src=\"https:\/\/platform.twitter.com\/widgets.js\" charset=\"utf-8\"><\/script><\/p>\n<blockquote class=\"twitter-tweet\" data-width=\"550\" data-dnt=\"true\">\n<p lang=\"und\" dir=\"ltr\">? ? <a href=\"https:\/\/t.co\/9uZA573XgL\">pic.twitter.com\/9uZA573XgL<\/a><\/p>\n<p>&mdash; Sam (@evertalks) <a href=\"https:\/\/twitter.com\/evertalks\/status\/1264592639069949952?ref_src=twsrc%5Etfw\">May 24, 2020<\/a><\/p><\/blockquote>\n<p><script async src=\"https:\/\/platform.twitter.com\/widgets.js\" charset=\"utf-8\"><\/script><\/p>\n<p><span lang=\"SK\"><em>Stylo<\/em> m\u00e1 asi najre\u00e1lnej\u0161\u00ed podobu, ako by vyzeral dom\u00e1ci dres pre t\u00fato sez\u00f3nu. Nie\u010do podobn\u00e9 m\u00e1 aktu\u00e1lne aj Charlton Athletic. <em>Callum Bigmore<\/em> raz\u00ed retro \u0161t\u00fdl a\u00a0komu sa p\u00e1\u010dil minuloro\u010dn\u00fd dom\u00e1ci dres, neobanoval by aj pri tomto. <em>Stephen Paddy Dyson<\/em> by to v\u0161ak v\u00a0rozstrele jednozna\u010dne vyhral. V\u00a0jednoduchosti je toti\u017e kr\u00e1sa.<\/span><\/p>\n<blockquote class=\"twitter-tweet\" data-width=\"550\" data-dnt=\"true\">\n<p lang=\"en\" dir=\"ltr\">Everton x Hummel ??<a href=\"https:\/\/twitter.com\/Everton?ref_src=twsrc%5Etfw\">@Everton<\/a> <a href=\"https:\/\/twitter.com\/hummel1923?ref_src=twsrc%5Etfw\">@hummel1923<\/a> \/\/ <a href=\"https:\/\/twitter.com\/hashtag\/EFC?src=hash&amp;ref_src=twsrc%5Etfw\">#EFC<\/a> <a href=\"https:\/\/twitter.com\/hashtag\/COYB?src=hash&amp;ref_src=twsrc%5Etfw\">#COYB<\/a> <a href=\"https:\/\/twitter.com\/hashtag\/Hummel?src=hash&amp;ref_src=twsrc%5Etfw\">#Hummel<\/a> <a href=\"https:\/\/twitter.com\/hashtag\/Everton?src=hash&amp;ref_src=twsrc%5Etfw\">#Everton<\/a> <a href=\"https:\/\/twitter.com\/hashtag\/SportsDesign?src=hash&amp;ref_src=twsrc%5Etfw\">#SportsDesign<\/a> <a href=\"https:\/\/twitter.com\/hashtag\/Concept?src=hash&amp;ref_src=twsrc%5Etfw\">#Concept<\/a> <a href=\"https:\/\/t.co\/WvPMBOtmjG\">pic.twitter.com\/WvPMBOtmjG<\/a><\/p>\n<p>&mdash; Stylo. (@StyloDZN) <a href=\"https:\/\/twitter.com\/StyloDZN\/status\/1216290916987809793?ref_src=twsrc%5Etfw\">January 12, 2020<\/a><\/p><\/blockquote>\n<p><script async src=\"https:\/\/platform.twitter.com\/widgets.js\" charset=\"utf-8\"><\/script><\/p>\n<blockquote class=\"twitter-tweet\" data-width=\"550\" data-dnt=\"true\">\n<p lang=\"en\" dir=\"ltr\">Everton kit concept. 2020\/21. <a href=\"https:\/\/twitter.com\/hashtag\/everton?src=hash&amp;ref_src=twsrc%5Etfw\">#everton<\/a> <a href=\"https:\/\/twitter.com\/hashtag\/hummel?src=hash&amp;ref_src=twsrc%5Etfw\">#hummel<\/a> <a href=\"https:\/\/twitter.com\/Everton?ref_src=twsrc%5Etfw\">@Everton<\/a> <a href=\"https:\/\/twitter.com\/hummel1923?ref_src=twsrc%5Etfw\">@hummel1923<\/a> <a href=\"https:\/\/twitter.com\/RBMersey?ref_src=twsrc%5Etfw\">@RBMersey<\/a> <a href=\"https:\/\/twitter.com\/EvertonNewsFeed?ref_src=twsrc%5Etfw\">@EvertonNewsFeed<\/a> <a href=\"https:\/\/t.co\/v6ZihYu3MG\">pic.twitter.com\/v6ZihYu3MG<\/a><\/p>\n<p>&mdash; Callum Bigmore (@calzyb) <a href=\"https:\/\/twitter.com\/calzyb\/status\/1263190510660980742?ref_src=twsrc%5Etfw\">May 20, 2020<\/a><\/p><\/blockquote>\n<p><script async src=\"https:\/\/platform.twitter.com\/widgets.js\" charset=\"utf-8\"><\/script><\/p>\n<blockquote class=\"twitter-tweet\" data-width=\"550\" data-dnt=\"true\">\n<p lang=\"en\" dir=\"ltr\">Everton x Hummel concept kits now up on Behance <a href=\"https:\/\/t.co\/eyxhmlAgBD\">https:\/\/t.co\/eyxhmlAgBD<\/a> <a href=\"https:\/\/t.co\/Oo6ZNl4oJw\">pic.twitter.com\/Oo6ZNl4oJw<\/a><\/p>\n<p>&mdash; Stephen Paddy Dyson (@SDysonX) <a href=\"https:\/\/twitter.com\/SDysonX\/status\/1263432353508200454?ref_src=twsrc%5Etfw\">May 21, 2020<\/a><\/p><\/blockquote>\n<p><script async src=\"https:\/\/platform.twitter.com\/widgets.js\" charset=\"utf-8\"><\/script><\/p>\n<h4>Ostatn\u00e9<\/h4>\n<p><em>Twitkits<\/em> op\u00e4\u0165 vyzer\u00e1 ako priamo z\u00a0tov\u00e1rne. Everton m\u00e1 \u010diernu v\u00a0ob\u013eube, rovnako tak jeho fan\u00fa\u0161ikovia. Na tom sa ned\u00e1 ni\u010d pokazi\u0165.<em> Everton Designs<\/em> si viem absol\u00fatne predstavi\u0165 ako dvoji\u010dku k\u00a0dom\u00e1cemu n\u00e1vrhu <em>Stephen Paddy Dyson<\/em>. Tie dve k\u00a0sebe jednoducho patria. \u010co sa t\u00fdka oran\u017eov\u00fdch verzi\u00ed, <em>KonceptKitz<\/em> pon\u00faka hne\u010f nieko\u013eko mo\u017enost\u00ed. U m\u0148a vyhr\u00e1va druh\u00e1, s neodolate\u013en\u00fdm l\u00edm\u010dekom. <span lang=\"SK\"><em>Everton Designs<\/em> s\u00a0Holgateom na obr\u00e1zku sa zase dostal do pozornosti samotn\u00e9ho Hummelu, ktor\u00fd ho pretweetol.<\/span><\/p>\n<blockquote class=\"twitter-tweet\" data-width=\"550\" data-dnt=\"true\">\n<p lang=\"und\" dir=\"ltr\"> <a href=\"https:\/\/t.co\/KTQiM6KKix\">pic.twitter.com\/KTQiM6KKix<\/a><\/p>\n<p>&mdash; twitkits (@twitkits1) <a href=\"https:\/\/twitter.com\/twitkits1\/status\/1217101979140444167?ref_src=twsrc%5Etfw\">January 14, 2020<\/a><\/p><\/blockquote>\n<p><script async src=\"https:\/\/platform.twitter.com\/widgets.js\" charset=\"utf-8\"><\/script><\/p>\n<blockquote class=\"twitter-tweet\" data-width=\"550\" data-dnt=\"true\">\n<p lang=\"en\" dir=\"ltr\">Everton\/Hummel away\/third kit concept? <a href=\"https:\/\/t.co\/mLxU3eWUKR\">pic.twitter.com\/mLxU3eWUKR<\/a><\/p>\n<p>&mdash; Everton Designs (@EvertonDesigns) <a href=\"https:\/\/twitter.com\/EvertonDesigns\/status\/1217903972759089152?ref_src=twsrc%5Etfw\">January 16, 2020<\/a><\/p><\/blockquote>\n<p><script async src=\"https:\/\/platform.twitter.com\/widgets.js\" charset=\"utf-8\"><\/script><\/p>\n<blockquote class=\"twitter-tweet\" data-width=\"550\" data-dnt=\"true\">\n<p lang=\"und\" dir=\"ltr\"><a href=\"https:\/\/t.co\/DNsMHiaUjQ\">pic.twitter.com\/DNsMHiaUjQ<\/a><\/p>\n<p>&mdash; Everton Designs (@EvertonDesigns) <a href=\"https:\/\/twitter.com\/EvertonDesigns\/status\/1264576374465081344?ref_src=twsrc%5Etfw\">May 24, 2020<\/a><\/p><\/blockquote>\n<p><script async src=\"https:\/\/platform.twitter.com\/widgets.js\" charset=\"utf-8\"><\/script><\/p>\n<blockquote class=\"twitter-tweet\" data-width=\"550\" data-dnt=\"true\">\n<p lang=\"en\" dir=\"ltr\">As a little thank you for the unreal response to yesterday&#39;s concepts, we&#39;ve four variations on the amber <a href=\"https:\/\/twitter.com\/Everton?ref_src=twsrc%5Etfw\">@Everton<\/a> <a href=\"https:\/\/twitter.com\/hummel?ref_src=twsrc%5Etfw\">@Hummel<\/a> away shirt that many of you requested. 1,2,3 or 4? You choose! Again, if you like any of it, please do drop us a follow ? <a href=\"https:\/\/twitter.com\/hashtag\/EFC?src=hash&amp;ref_src=twsrc%5Etfw\">#EFC<\/a> <a href=\"https:\/\/twitter.com\/hashtag\/Everton?src=hash&amp;ref_src=twsrc%5Etfw\">#Everton<\/a> <a href=\"https:\/\/twitter.com\/hashtag\/Toffees?src=hash&amp;ref_src=twsrc%5Etfw\">#Toffees<\/a> <a href=\"https:\/\/t.co\/yWJl4xooqi\">pic.twitter.com\/yWJl4xooqi<\/a><\/p>\n<p>&mdash; KonceptKitz (@KonceptKitz) <a href=\"https:\/\/twitter.com\/KonceptKitz\/status\/1216400592056344577?ref_src=twsrc%5Etfw\">January 12, 2020<\/a><\/p><\/blockquote>\n<p><script async src=\"https:\/\/platform.twitter.com\/widgets.js\" charset=\"utf-8\"><\/script><\/p>\n<p style=\"text-align: center;\"><em>P\u00e1\u010dia sa v\u00e1m n\u00e1vrhy fan\u00fa\u0161ikov?\u00a0Dajte n\u00e1m vedie\u0165 aj svoj n\u00e1zor v koment\u00e1roch!<\/em><\/p>\n<p style=\"text-align: right;\"><span style=\"font-size: 8pt;\"><em>(zdroj: Twitter)<\/em><\/span><\/p>\n","protected":false},"excerpt":{"rendered":"<p>Evertonians sa \u010dinili a my sme pre v\u00e1s z Twitteru vybrali tie najlep\u0161ie koncepty dresov od nov\u00e9ho sponzora Hummel, ktor\u00fd bude oblieka\u0165 Everton od bud\u00facej sez\u00f3ny.<\/p>\n","protected":false},"author":1,"featured_media":11057,"comment_status":"open","ping_status":"closed","sticky":false,"template":"","format":"standard","meta":{"_eb_attr":"","_monsterinsights_skip_tracking":false,"_monsterinsights_sitenote_active":false,"_monsterinsights_sitenote_note":"","_monsterinsights_sitenote_category":0,"footnotes":""},"categories":[39],"tags":[],"yoast_head":"<!-- This site is optimized with the Yoast SEO plugin v23.4 - https:\/\/yoast.com\/wordpress\/plugins\/seo\/ -->\n<title>Prekon\u00e1 Hummel fant\u00e1ziu fan\u00fa\u0161ikov? - Official Czech &amp; Slovak Everton Supporters&#039; Club<\/title>\n<meta name=\"robots\" content=\"index, follow, max-snippet:-1, max-image-preview:large, max-video-preview:-1\" \/>\n<link rel=\"canonical\" href=\"https:\/\/evertonfc.cz\/index.php\/2020\/05\/27\/prekona-hummel-fantaziu-fanusikov\/\" \/>\n<meta property=\"og:locale\" content=\"cs_CZ\" \/>\n<meta property=\"og:type\" content=\"article\" \/>\n<meta property=\"og:title\" content=\"Prekon\u00e1 Hummel fant\u00e1ziu fan\u00fa\u0161ikov? - Official Czech &amp; Slovak Everton Supporters&#039; Club\" \/>\n<meta property=\"og:description\" content=\"Evertonians sa \u010dinili a my sme pre v\u00e1s z Twitteru vybrali tie najlep\u0161ie koncepty dresov od nov\u00e9ho sponzora Hummel, ktor\u00fd bude oblieka\u0165 Everton od bud\u00facej sez\u00f3ny.\" \/>\n<meta property=\"og:url\" content=\"https:\/\/evertonfc.cz\/index.php\/2020\/05\/27\/prekona-hummel-fantaziu-fanusikov\/\" \/>\n<meta property=\"og:site_name\" content=\"Official Czech &amp; Slovak Everton Supporters&#039; Club\" \/>\n<meta property=\"article:publisher\" content=\"https:\/\/www.facebook.com\/everton.fans.cz.sk\" \/>\n<meta property=\"article:published_time\" content=\"2020-05-27T04:30:48+00:00\" \/>\n<meta property=\"article:modified_time\" content=\"2020-05-27T05:39:33+00:00\" \/>\n<meta property=\"og:image\" content=\"https:\/\/evertonfc.cz\/wp-content\/uploads\/2020\/05\/Kits-by-Hummel-24-5-2020.jpg\" \/>\n\t<meta property=\"og:image:width\" content=\"720\" \/>\n\t<meta property=\"og:image:height\" content=\"405\" \/>\n\t<meta property=\"og:image:type\" content=\"image\/jpeg\" \/>\n<meta name=\"author\" content=\"BlueBlooded\" \/>\n<meta name=\"twitter:card\" content=\"summary_large_image\" \/>\n<meta name=\"twitter:label1\" content=\"Napsal(a)\" \/>\n\t<meta name=\"twitter:data1\" content=\"BlueBlooded\" \/>\n\t<meta name=\"twitter:label2\" content=\"Odhadovan\u00e1 doba \u010dten\u00ed\" \/>\n\t<meta name=\"twitter:data2\" content=\"3 minuty\" \/>\n<script type=\"application\/ld+json\" class=\"yoast-schema-graph\">{\"@context\":\"https:\/\/schema.org\",\"@graph\":[{\"@type\":\"Article\",\"@id\":\"https:\/\/evertonfc.cz\/index.php\/2020\/05\/27\/prekona-hummel-fantaziu-fanusikov\/#article\",\"isPartOf\":{\"@id\":\"https:\/\/evertonfc.cz\/index.php\/2020\/05\/27\/prekona-hummel-fantaziu-fanusikov\/\"},\"author\":{\"name\":\"BlueBlooded\",\"@id\":\"https:\/\/evertonfc.cz\/#\/schema\/person\/d4493b8cbea51532597fbc4685698916\"},\"headline\":\"Prekon\u00e1 Hummel fant\u00e1ziu fan\u00fa\u0161ikov?\",\"datePublished\":\"2020-05-27T04:30:48+00:00\",\"dateModified\":\"2020-05-27T05:39:33+00:00\",\"mainEntityOfPage\":{\"@id\":\"https:\/\/evertonfc.cz\/index.php\/2020\/05\/27\/prekona-hummel-fantaziu-fanusikov\/\"},\"wordCount\":618,\"commentCount\":2,\"publisher\":{\"@id\":\"https:\/\/evertonfc.cz\/#organization\"},\"image\":{\"@id\":\"https:\/\/evertonfc.cz\/index.php\/2020\/05\/27\/prekona-hummel-fantaziu-fanusikov\/#primaryimage\"},\"thumbnailUrl\":\"https:\/\/evertonfc.cz\/wp-content\/uploads\/2020\/05\/Kits-by-Hummel-24-5-2020.jpg\",\"articleSection\":[\"Blog\"],\"inLanguage\":\"cs\",\"potentialAction\":[{\"@type\":\"CommentAction\",\"name\":\"Comment\",\"target\":[\"https:\/\/evertonfc.cz\/index.php\/2020\/05\/27\/prekona-hummel-fantaziu-fanusikov\/#respond\"]}]},{\"@type\":\"WebPage\",\"@id\":\"https:\/\/evertonfc.cz\/index.php\/2020\/05\/27\/prekona-hummel-fantaziu-fanusikov\/\",\"url\":\"https:\/\/evertonfc.cz\/index.php\/2020\/05\/27\/prekona-hummel-fantaziu-fanusikov\/\",\"name\":\"Prekon\u00e1 Hummel fant\u00e1ziu fan\u00fa\u0161ikov? - Official Czech &amp; Slovak Everton Supporters&#039; Club\",\"isPartOf\":{\"@id\":\"https:\/\/evertonfc.cz\/#website\"},\"primaryImageOfPage\":{\"@id\":\"https:\/\/evertonfc.cz\/index.php\/2020\/05\/27\/prekona-hummel-fantaziu-fanusikov\/#primaryimage\"},\"image\":{\"@id\":\"https:\/\/evertonfc.cz\/index.php\/2020\/05\/27\/prekona-hummel-fantaziu-fanusikov\/#primaryimage\"},\"thumbnailUrl\":\"https:\/\/evertonfc.cz\/wp-content\/uploads\/2020\/05\/Kits-by-Hummel-24-5-2020.jpg\",\"datePublished\":\"2020-05-27T04:30:48+00:00\",\"dateModified\":\"2020-05-27T05:39:33+00:00\",\"breadcrumb\":{\"@id\":\"https:\/\/evertonfc.cz\/index.php\/2020\/05\/27\/prekona-hummel-fantaziu-fanusikov\/#breadcrumb\"},\"inLanguage\":\"cs\",\"potentialAction\":[{\"@type\":\"ReadAction\",\"target\":[\"https:\/\/evertonfc.cz\/index.php\/2020\/05\/27\/prekona-hummel-fantaziu-fanusikov\/\"]}]},{\"@type\":\"ImageObject\",\"inLanguage\":\"cs\",\"@id\":\"https:\/\/evertonfc.cz\/index.php\/2020\/05\/27\/prekona-hummel-fantaziu-fanusikov\/#primaryimage\",\"url\":\"https:\/\/evertonfc.cz\/wp-content\/uploads\/2020\/05\/Kits-by-Hummel-24-5-2020.jpg\",\"contentUrl\":\"https:\/\/evertonfc.cz\/wp-content\/uploads\/2020\/05\/Kits-by-Hummel-24-5-2020.jpg\",\"width\":720,\"height\":405},{\"@type\":\"BreadcrumbList\",\"@id\":\"https:\/\/evertonfc.cz\/index.php\/2020\/05\/27\/prekona-hummel-fantaziu-fanusikov\/#breadcrumb\",\"itemListElement\":[{\"@type\":\"ListItem\",\"position\":1,\"name\":\"Home\",\"item\":\"https:\/\/evertonfc.cz\/\"},{\"@type\":\"ListItem\",\"position\":2,\"name\":\"Prekon\u00e1 Hummel fant\u00e1ziu fan\u00fa\u0161ikov?\"}]},{\"@type\":\"WebSite\",\"@id\":\"https:\/\/evertonfc.cz\/#website\",\"url\":\"https:\/\/evertonfc.cz\/\",\"name\":\"Official Czech &amp; Slovak Everton Supporters&#039; Club\",\"description\":\"\",\"publisher\":{\"@id\":\"https:\/\/evertonfc.cz\/#organization\"},\"potentialAction\":[{\"@type\":\"SearchAction\",\"target\":{\"@type\":\"EntryPoint\",\"urlTemplate\":\"https:\/\/evertonfc.cz\/?s={search_term_string}\"},\"query-input\":{\"@type\":\"PropertyValueSpecification\",\"valueRequired\":true,\"valueName\":\"search_term_string\"}}],\"inLanguage\":\"cs\"},{\"@type\":\"Organization\",\"@id\":\"https:\/\/evertonfc.cz\/#organization\",\"name\":\"Official Czech & Slovak Everton Supporters' Club\",\"url\":\"https:\/\/evertonfc.cz\/\",\"logo\":{\"@type\":\"ImageObject\",\"inLanguage\":\"cs\",\"@id\":\"https:\/\/evertonfc.cz\/#\/schema\/logo\/image\/\",\"url\":\"https:\/\/evertonfc.cz\/wp-content\/uploads\/2019\/05\/logo.png\",\"contentUrl\":\"https:\/\/evertonfc.cz\/wp-content\/uploads\/2019\/05\/logo.png\",\"width\":112,\"height\":112,\"caption\":\"Official Czech & Slovak Everton Supporters' Club\"},\"image\":{\"@id\":\"https:\/\/evertonfc.cz\/#\/schema\/logo\/image\/\"},\"sameAs\":[\"https:\/\/www.facebook.com\/everton.fans.cz.sk\"]},{\"@type\":\"Person\",\"@id\":\"https:\/\/evertonfc.cz\/#\/schema\/person\/d4493b8cbea51532597fbc4685698916\",\"name\":\"BlueBlooded\",\"url\":\"https:\/\/evertonfc.cz\/index.php\/author\/admin\/\"}]}<\/script>\n<!-- \/ Yoast SEO plugin. -->","yoast_head_json":{"title":"Prekon\u00e1 Hummel fant\u00e1ziu fan\u00fa\u0161ikov? - Official Czech &amp; Slovak Everton Supporters&#039; Club","robots":{"index":"index","follow":"follow","max-snippet":"max-snippet:-1","max-image-preview":"max-image-preview:large","max-video-preview":"max-video-preview:-1"},"canonical":"https:\/\/evertonfc.cz\/index.php\/2020\/05\/27\/prekona-hummel-fantaziu-fanusikov\/","og_locale":"cs_CZ","og_type":"article","og_title":"Prekon\u00e1 Hummel fant\u00e1ziu fan\u00fa\u0161ikov? - Official Czech &amp; Slovak Everton Supporters&#039; Club","og_description":"Evertonians sa \u010dinili a my sme pre v\u00e1s z Twitteru vybrali tie najlep\u0161ie koncepty dresov od nov\u00e9ho sponzora Hummel, ktor\u00fd bude oblieka\u0165 Everton od bud\u00facej sez\u00f3ny.","og_url":"https:\/\/evertonfc.cz\/index.php\/2020\/05\/27\/prekona-hummel-fantaziu-fanusikov\/","og_site_name":"Official Czech &amp; Slovak Everton Supporters&#039; Club","article_publisher":"https:\/\/www.facebook.com\/everton.fans.cz.sk","article_published_time":"2020-05-27T04:30:48+00:00","article_modified_time":"2020-05-27T05:39:33+00:00","og_image":[{"width":720,"height":405,"url":"https:\/\/evertonfc.cz\/wp-content\/uploads\/2020\/05\/Kits-by-Hummel-24-5-2020.jpg","type":"image\/jpeg"}],"author":"BlueBlooded","twitter_card":"summary_large_image","twitter_misc":{"Napsal(a)":"BlueBlooded","Odhadovan\u00e1 doba \u010dten\u00ed":"3 minuty"},"schema":{"@context":"https:\/\/schema.org","@graph":[{"@type":"Article","@id":"https:\/\/evertonfc.cz\/index.php\/2020\/05\/27\/prekona-hummel-fantaziu-fanusikov\/#article","isPartOf":{"@id":"https:\/\/evertonfc.cz\/index.php\/2020\/05\/27\/prekona-hummel-fantaziu-fanusikov\/"},"author":{"name":"BlueBlooded","@id":"https:\/\/evertonfc.cz\/#\/schema\/person\/d4493b8cbea51532597fbc4685698916"},"headline":"Prekon\u00e1 Hummel fant\u00e1ziu fan\u00fa\u0161ikov?","datePublished":"2020-05-27T04:30:48+00:00","dateModified":"2020-05-27T05:39:33+00:00","mainEntityOfPage":{"@id":"https:\/\/evertonfc.cz\/index.php\/2020\/05\/27\/prekona-hummel-fantaziu-fanusikov\/"},"wordCount":618,"commentCount":2,"publisher":{"@id":"https:\/\/evertonfc.cz\/#organization"},"image":{"@id":"https:\/\/evertonfc.cz\/index.php\/2020\/05\/27\/prekona-hummel-fantaziu-fanusikov\/#primaryimage"},"thumbnailUrl":"https:\/\/evertonfc.cz\/wp-content\/uploads\/2020\/05\/Kits-by-Hummel-24-5-2020.jpg","articleSection":["Blog"],"inLanguage":"cs","potentialAction":[{"@type":"CommentAction","name":"Comment","target":["https:\/\/evertonfc.cz\/index.php\/2020\/05\/27\/prekona-hummel-fantaziu-fanusikov\/#respond"]}]},{"@type":"WebPage","@id":"https:\/\/evertonfc.cz\/index.php\/2020\/05\/27\/prekona-hummel-fantaziu-fanusikov\/","url":"https:\/\/evertonfc.cz\/index.php\/2020\/05\/27\/prekona-hummel-fantaziu-fanusikov\/","name":"Prekon\u00e1 Hummel fant\u00e1ziu fan\u00fa\u0161ikov? - Official Czech &amp; Slovak Everton Supporters&#039; Club","isPartOf":{"@id":"https:\/\/evertonfc.cz\/#website"},"primaryImageOfPage":{"@id":"https:\/\/evertonfc.cz\/index.php\/2020\/05\/27\/prekona-hummel-fantaziu-fanusikov\/#primaryimage"},"image":{"@id":"https:\/\/evertonfc.cz\/index.php\/2020\/05\/27\/prekona-hummel-fantaziu-fanusikov\/#primaryimage"},"thumbnailUrl":"https:\/\/evertonfc.cz\/wp-content\/uploads\/2020\/05\/Kits-by-Hummel-24-5-2020.jpg","datePublished":"2020-05-27T04:30:48+00:00","dateModified":"2020-05-27T05:39:33+00:00","breadcrumb":{"@id":"https:\/\/evertonfc.cz\/index.php\/2020\/05\/27\/prekona-hummel-fantaziu-fanusikov\/#breadcrumb"},"inLanguage":"cs","potentialAction":[{"@type":"ReadAction","target":["https:\/\/evertonfc.cz\/index.php\/2020\/05\/27\/prekona-hummel-fantaziu-fanusikov\/"]}]},{"@type":"ImageObject","inLanguage":"cs","@id":"https:\/\/evertonfc.cz\/index.php\/2020\/05\/27\/prekona-hummel-fantaziu-fanusikov\/#primaryimage","url":"https:\/\/evertonfc.cz\/wp-content\/uploads\/2020\/05\/Kits-by-Hummel-24-5-2020.jpg","contentUrl":"https:\/\/evertonfc.cz\/wp-content\/uploads\/2020\/05\/Kits-by-Hummel-24-5-2020.jpg","width":720,"height":405},{"@type":"BreadcrumbList","@id":"https:\/\/evertonfc.cz\/index.php\/2020\/05\/27\/prekona-hummel-fantaziu-fanusikov\/#breadcrumb","itemListElement":[{"@type":"ListItem","position":1,"name":"Home","item":"https:\/\/evertonfc.cz\/"},{"@type":"ListItem","position":2,"name":"Prekon\u00e1 Hummel fant\u00e1ziu fan\u00fa\u0161ikov?"}]},{"@type":"WebSite","@id":"https:\/\/evertonfc.cz\/#website","url":"https:\/\/evertonfc.cz\/","name":"Official Czech &amp; Slovak Everton Supporters&#039; Club","description":"","publisher":{"@id":"https:\/\/evertonfc.cz\/#organization"},"potentialAction":[{"@type":"SearchAction","target":{"@type":"EntryPoint","urlTemplate":"https:\/\/evertonfc.cz\/?s={search_term_string}"},"query-input":{"@type":"PropertyValueSpecification","valueRequired":true,"valueName":"search_term_string"}}],"inLanguage":"cs"},{"@type":"Organization","@id":"https:\/\/evertonfc.cz\/#organization","name":"Official Czech & Slovak Everton Supporters' Club","url":"https:\/\/evertonfc.cz\/","logo":{"@type":"ImageObject","inLanguage":"cs","@id":"https:\/\/evertonfc.cz\/#\/schema\/logo\/image\/","url":"https:\/\/evertonfc.cz\/wp-content\/uploads\/2019\/05\/logo.png","contentUrl":"https:\/\/evertonfc.cz\/wp-content\/uploads\/2019\/05\/logo.png","width":112,"height":112,"caption":"Official Czech & Slovak Everton Supporters' Club"},"image":{"@id":"https:\/\/evertonfc.cz\/#\/schema\/logo\/image\/"},"sameAs":["https:\/\/www.facebook.com\/everton.fans.cz.sk"]},{"@type":"Person","@id":"https:\/\/evertonfc.cz\/#\/schema\/person\/d4493b8cbea51532597fbc4685698916","name":"BlueBlooded","url":"https:\/\/evertonfc.cz\/index.php\/author\/admin\/"}]}},"_links":{"self":[{"href":"https:\/\/evertonfc.cz\/index.php\/wp-json\/wp\/v2\/posts\/11056"}],"collection":[{"href":"https:\/\/evertonfc.cz\/index.php\/wp-json\/wp\/v2\/posts"}],"about":[{"href":"https:\/\/evertonfc.cz\/index.php\/wp-json\/wp\/v2\/types\/post"}],"author":[{"embeddable":true,"href":"https:\/\/evertonfc.cz\/index.php\/wp-json\/wp\/v2\/users\/1"}],"replies":[{"embeddable":true,"href":"https:\/\/evertonfc.cz\/index.php\/wp-json\/wp\/v2\/comments?post=11056"}],"version-history":[{"count":19,"href":"https:\/\/evertonfc.cz\/index.php\/wp-json\/wp\/v2\/posts\/11056\/revisions"}],"predecessor-version":[{"id":11097,"href":"https:\/\/evertonfc.cz\/index.php\/wp-json\/wp\/v2\/posts\/11056\/revisions\/11097"}],"wp:featuredmedia":[{"embeddable":true,"href":"https:\/\/evertonfc.cz\/index.php\/wp-json\/wp\/v2\/media\/11057"}],"wp:attachment":[{"href":"https:\/\/evertonfc.cz\/index.php\/wp-json\/wp\/v2\/media?parent=11056"}],"wp:term":[{"taxonomy":"category","embeddable":true,"href":"https:\/\/evertonfc.cz\/index.php\/wp-json\/wp\/v2\/categories?post=11056"},{"taxonomy":"post_tag","embeddable":true,"href":"https:\/\/evertonfc.cz\/index.php\/wp-json\/wp\/v2\/tags?post=11056"}],"curies":[{"name":"wp","href":"https:\/\/api.w.org\/{rel}","templated":true}]}}