{"id":11108,"date":"2020-06-02T10:40:44","date_gmt":"2020-06-02T08:40:44","guid":{"rendered":"https:\/\/evertonfc.cz\/?p=11108"},"modified":"2020-06-02T10:40:44","modified_gmt":"2020-06-02T08:40:44","slug":"kviz-s-gordonom","status":"publish","type":"post","link":"https:\/\/evertonfc.cz\/index.php\/2020\/06\/02\/kviz-s-gordonom\/","title":{"rendered":"Kv\u00edz s Gordonom"},"content":{"rendered":"<h4><span lang=\"SK\">V z\u00e1pasov\u00fdch programoch tejto sez\u00f3ny sa hr\u00e1\u010dov p\u00fdtali r\u00f4zne ot\u00e1zky \u2013 od ob\u013e\u00faben\u00fdch filmov a\u017e po jedlo. Ak chcete zisti\u0165 viac o Anthonym, \u010d\u00edtajte nasleduj\u00face riadky.<\/span><\/h4>\n<p><strong><em>Ob\u013e\u00faben\u00e1 skupina, spev\u00e1k?<\/em><\/strong><\/p>\n<p>Drake. M\u00e1m dos\u0165 r\u00e1d hip-hop a\u00a0R&amp;B, a\u00a0on je moment\u00e1lne na vrchole.<\/p>\n<p><strong><em>Kto m\u00e1 najtvrd\u0161iu strelu v Evertone?<\/em><\/strong><\/p>\n<p>Richarlison. Miluje strie\u013ea\u0165 pri ka\u017edej pr\u00edle\u017eitosti, ako v\u00e4\u010d\u0161ina \u00fato\u010dn\u00edkov. M\u00e1 pre strelu skvel\u00fd cit, ale taktie\u017e sa do toho dok\u00e1\u017ee poriadne oprie\u0165.<\/p>\n<p><strong><em>Naj\u0165a\u017e\u0161\u00ed protivn\u00edk vo futbale?<\/em><\/strong><\/p>\n<p>Povedal by som, \u017ee Leighton Baines na tr\u00e9ningu. \u013dudia si m\u00f4\u017eu myslie\u0165, \u017ee ke\u010f u\u017e je star\u0161\u00ed, tak je aj pomal\u0161\u00ed, ale z\u00a0r\u00fdchlosti v\u00f4bec ni\u010d nestratil! Je neuverite\u013en\u00fd, v\u00a0ka\u017edom smere. V\u00a0kvalite aj v\u00a0pracovnej mor\u00e1lke.<\/p>\n<p><strong><em>Prv\u00e1 celebritn\u00e1 l\u00e1ska?<\/em><\/strong><\/p>\n<p>Jennifer Aniston. Preto\u017ee milujem Priate\u013eov!<\/p>\n<p><strong><em>Najlep\u0161\u00ed kamar\u00e1t vo futbale?<\/em><\/strong><\/p>\n<p>V\u00a0Evertone je to Dennis Adeniran. Tie\u017e sme dobr\u00ed kamar\u00e1ti s\u00a0Tommym Doyleom z\u00a0Manchesteru City. To je \u010fal\u0161\u00ed mlad\u00fd hr\u00e1\u010d, ktor\u00fd debutoval v\u00a0prvom t\u00edme t\u00fato sez\u00f3nu.<\/p>\n<p><strong><em>Najlep\u0161\u00ed moment v\u00a0doteraj\u0161ej kari\u00e9re?<\/em><\/strong><\/p>\n<p>Vyberiem m\u00f4j debut v\u00a0Goodisone, ke\u010f som striedal proti Leicesteru v\u00a0poh\u00e1ri. Bolo to nie\u010do, o\u00a0\u010dom som sn\u00edval odkedy som mal p\u00e4\u0165 rokov.<\/p>\n<p><strong><em>M\u00e1 nejak\u00e9 tetovania?<\/em><\/strong><\/p>\n<p>Nie, a\u00a0ani nepl\u00e1nujem nejak\u00e9 ma\u0165!<\/p>\n<p><strong><em>Ob\u013e\u00faben\u00e9 jedlo?<\/em><\/strong><\/p>\n<p>Kura s\u00a0cestovinami. Ako atl\u00e9ti nie\u010do tak\u00e9 potrebujeme. Av\u0161ak, ak by som si mal na nie\u010dom pochutna\u0165, bola by to pizza.<\/p>\n<p><strong><em>Jedlo, ktor\u00e9 nezn\u00e1\u0161a?<\/em><\/strong><\/p>\n<p>Nie som ve\u013ek\u00fd fan\u00fa\u0161ik ol\u00edv.<\/p>\n<p><strong><em>Jeho prez\u00fdvka?<\/em><\/strong><\/p>\n<p>Ka\u017ed\u00fd ma vol\u00e1 inak! Niekto Ant (mravec) a\u00a0ve\u013ea spoluhr\u00e1\u010dov z\u00a0prv\u00e9ho t\u00edmu ma vol\u00e1 Gords.<\/p>\n<p><strong><em>Najz\u00e1bavnej\u0161ia osoba vo futbale?<\/em><\/strong><\/p>\n<p>Asi by som povedal, \u017ee Djibril Sidib\u00e9. Je ve\u013emi energick\u00fd. A\u00a0tie\u017e Fabian Delph. M\u00e1 ten anglick\u00fd humor zo starej \u0161koly, ktor\u00e9mu rozumiem.<\/p>\n<p><strong><em>Kde by chcel \u017ei\u0165?<\/em><\/strong><\/p>\n<p>Ak by som si mal vybra\u0165, pravdepodobne by to bolo Los Angeles. Len kv\u00f4li po\u010dasiu. Viem, \u017ee som celkom bled\u00fd, ale rad\u0161ej by som b\u00fdval niekde kde je teplo, ako niekde v\u00a0zime!<\/p>\n<p><strong><em>\u010co mu lezie na nervy?<\/em><\/strong><\/p>\n<p>Nie je toho ve\u013ea, \u010do ma roz\u010du\u013euje, preto\u017ee som tak\u00fd uvo\u013enen\u00fd \u010dlovek. \u010co ma vyt\u00e1\u010da, s\u00fa veci na ihrisku. Ak nerob\u00edm to, \u010do by som mal robi\u0165 &#8211; preto\u017ee som si stanovil tak\u00e9 vysok\u00e9 \u0161tandardy.<\/p>\n<p><strong><em>\u010co ho motivuje?<\/em><\/strong><\/p>\n<p>By\u0165 tou najlep\u0161ou verziou sam\u00e9ho seba, akou m\u00f4\u017eem by\u0165. Pozer\u00e1m sa sp\u00e4tne, kde som bol pred rokom, a kde som teraz. A je to na m\u00edle \u010faleko. Takto o rok chcem, aby to bolo rovnak\u00e9. Chcem sa obzrie\u0165 a c\u00edti\u0165, \u017ee som omnoho lep\u0161\u00ed, ne\u017e ak\u00fd som teraz.<\/p>\n<p><strong><em>Kto ho pozn\u00e1 najlep\u0161ie?<\/em><\/strong><\/p>\n<p>Moja priate\u013eka. Je ako m\u00f4j najlep\u0161\u00ed kamar\u00e1t. Vie o mne v\u0161etko, tak\u017ee to mus\u00ed by\u0165 ona.<\/p>\n<p><strong><em>Ak by votrelci spustili inv\u00e1ziu, koho by vybral, aby n\u00e1s zachr\u00e1nil?<\/em><\/strong><\/p>\n<p>Idem s Yerrym. Sta\u010d\u00ed sa len pozrie\u0165 na jeho ve\u013ekos\u0165. Nemysl\u00edm si, \u017ee by mimozem\u0161\u0165ania chceli ma\u0165 nie\u010do do\u010dinenia s Yerrym. Ja by som len st\u00e1l za n\u00edm a nechal ho bojova\u0165 za m\u0148a.<\/p>\n<p style=\"text-align: right;\"><em><span style=\"font-size: 8pt;\">(foto zdroj: evertonfc.com)<\/span><\/em><\/p>\n","protected":false},"excerpt":{"rendered":"<p>V z\u00e1pasov\u00fdch programoch tejto sez\u00f3ny sa hr\u00e1\u010dov p\u00fdtali r\u00f4zne ot\u00e1zky \u2013 od ob\u013e\u00faben\u00fdch filmov a\u017e po jedlo. Ak chcete zisti\u0165 viac o Anthonym, \u010d\u00edtajte nasleduj\u00face riadky.<\/p>\n","protected":false},"author":1,"featured_media":11109,"comment_status":"open","ping_status":"closed","sticky":false,"template":"","format":"standard","meta":{"_eb_attr":"","_monsterinsights_skip_tracking":false,"_monsterinsights_sitenote_active":false,"_monsterinsights_sitenote_note":"","_monsterinsights_sitenote_category":0,"footnotes":""},"categories":[1],"tags":[],"yoast_head":"<!-- This site is optimized with the Yoast SEO plugin v23.4 - https:\/\/yoast.com\/wordpress\/plugins\/seo\/ -->\n<title>Kv\u00edz s Gordonom - Official Czech &amp; Slovak Everton Supporters&#039; Club<\/title>\n<meta name=\"robots\" content=\"index, follow, max-snippet:-1, max-image-preview:large, max-video-preview:-1\" \/>\n<link rel=\"canonical\" href=\"https:\/\/evertonfc.cz\/index.php\/2020\/06\/02\/kviz-s-gordonom\/\" \/>\n<meta property=\"og:locale\" content=\"cs_CZ\" \/>\n<meta property=\"og:type\" content=\"article\" \/>\n<meta property=\"og:title\" content=\"Kv\u00edz s Gordonom - Official Czech &amp; Slovak Everton Supporters&#039; Club\" \/>\n<meta property=\"og:description\" content=\"V z\u00e1pasov\u00fdch programoch tejto sez\u00f3ny sa hr\u00e1\u010dov p\u00fdtali r\u00f4zne ot\u00e1zky \u2013 od ob\u013e\u00faben\u00fdch filmov a\u017e po jedlo. Ak chcete zisti\u0165 viac o Anthonym, \u010d\u00edtajte nasleduj\u00face riadky.\" \/>\n<meta property=\"og:url\" content=\"https:\/\/evertonfc.cz\/index.php\/2020\/06\/02\/kviz-s-gordonom\/\" \/>\n<meta property=\"og:site_name\" content=\"Official Czech &amp; Slovak Everton Supporters&#039; Club\" \/>\n<meta property=\"article:publisher\" content=\"https:\/\/www.facebook.com\/everton.fans.cz.sk\" \/>\n<meta property=\"article:published_time\" content=\"2020-06-02T08:40:44+00:00\" \/>\n<meta property=\"og:image\" content=\"https:\/\/evertonfc.cz\/wp-content\/uploads\/2020\/06\/Anthony-Gordon-evertonfc.com-2-6-2020.jpg\" \/>\n\t<meta property=\"og:image:width\" content=\"720\" \/>\n\t<meta property=\"og:image:height\" content=\"405\" \/>\n\t<meta property=\"og:image:type\" content=\"image\/jpeg\" \/>\n<meta name=\"author\" content=\"BlueBlooded\" \/>\n<meta name=\"twitter:card\" content=\"summary_large_image\" \/>\n<meta name=\"twitter:label1\" content=\"Napsal(a)\" \/>\n\t<meta name=\"twitter:data1\" content=\"BlueBlooded\" \/>\n\t<meta name=\"twitter:label2\" content=\"Odhadovan\u00e1 doba \u010dten\u00ed\" \/>\n\t<meta name=\"twitter:data2\" content=\"3 minuty\" \/>\n<script type=\"application\/ld+json\" class=\"yoast-schema-graph\">{\"@context\":\"https:\/\/schema.org\",\"@graph\":[{\"@type\":\"Article\",\"@id\":\"https:\/\/evertonfc.cz\/index.php\/2020\/06\/02\/kviz-s-gordonom\/#article\",\"isPartOf\":{\"@id\":\"https:\/\/evertonfc.cz\/index.php\/2020\/06\/02\/kviz-s-gordonom\/\"},\"author\":{\"name\":\"BlueBlooded\",\"@id\":\"https:\/\/evertonfc.cz\/#\/schema\/person\/d4493b8cbea51532597fbc4685698916\"},\"headline\":\"Kv\u00edz s Gordonom\",\"datePublished\":\"2020-06-02T08:40:44+00:00\",\"dateModified\":\"2020-06-02T08:40:44+00:00\",\"mainEntityOfPage\":{\"@id\":\"https:\/\/evertonfc.cz\/index.php\/2020\/06\/02\/kviz-s-gordonom\/\"},\"wordCount\":571,\"commentCount\":0,\"publisher\":{\"@id\":\"https:\/\/evertonfc.cz\/#organization\"},\"image\":{\"@id\":\"https:\/\/evertonfc.cz\/index.php\/2020\/06\/02\/kviz-s-gordonom\/#primaryimage\"},\"thumbnailUrl\":\"https:\/\/evertonfc.cz\/wp-content\/uploads\/2020\/06\/Anthony-Gordon-evertonfc.com-2-6-2020.jpg\",\"articleSection\":[\"Rozhovory\"],\"inLanguage\":\"cs\",\"potentialAction\":[{\"@type\":\"CommentAction\",\"name\":\"Comment\",\"target\":[\"https:\/\/evertonfc.cz\/index.php\/2020\/06\/02\/kviz-s-gordonom\/#respond\"]}]},{\"@type\":\"WebPage\",\"@id\":\"https:\/\/evertonfc.cz\/index.php\/2020\/06\/02\/kviz-s-gordonom\/\",\"url\":\"https:\/\/evertonfc.cz\/index.php\/2020\/06\/02\/kviz-s-gordonom\/\",\"name\":\"Kv\u00edz s Gordonom - Official Czech &amp; Slovak Everton Supporters&#039; Club\",\"isPartOf\":{\"@id\":\"https:\/\/evertonfc.cz\/#website\"},\"primaryImageOfPage\":{\"@id\":\"https:\/\/evertonfc.cz\/index.php\/2020\/06\/02\/kviz-s-gordonom\/#primaryimage\"},\"image\":{\"@id\":\"https:\/\/evertonfc.cz\/index.php\/2020\/06\/02\/kviz-s-gordonom\/#primaryimage\"},\"thumbnailUrl\":\"https:\/\/evertonfc.cz\/wp-content\/uploads\/2020\/06\/Anthony-Gordon-evertonfc.com-2-6-2020.jpg\",\"datePublished\":\"2020-06-02T08:40:44+00:00\",\"dateModified\":\"2020-06-02T08:40:44+00:00\",\"breadcrumb\":{\"@id\":\"https:\/\/evertonfc.cz\/index.php\/2020\/06\/02\/kviz-s-gordonom\/#breadcrumb\"},\"inLanguage\":\"cs\",\"potentialAction\":[{\"@type\":\"ReadAction\",\"target\":[\"https:\/\/evertonfc.cz\/index.php\/2020\/06\/02\/kviz-s-gordonom\/\"]}]},{\"@type\":\"ImageObject\",\"inLanguage\":\"cs\",\"@id\":\"https:\/\/evertonfc.cz\/index.php\/2020\/06\/02\/kviz-s-gordonom\/#primaryimage\",\"url\":\"https:\/\/evertonfc.cz\/wp-content\/uploads\/2020\/06\/Anthony-Gordon-evertonfc.com-2-6-2020.jpg\",\"contentUrl\":\"https:\/\/evertonfc.cz\/wp-content\/uploads\/2020\/06\/Anthony-Gordon-evertonfc.com-2-6-2020.jpg\",\"width\":720,\"height\":405},{\"@type\":\"BreadcrumbList\",\"@id\":\"https:\/\/evertonfc.cz\/index.php\/2020\/06\/02\/kviz-s-gordonom\/#breadcrumb\",\"itemListElement\":[{\"@type\":\"ListItem\",\"position\":1,\"name\":\"Home\",\"item\":\"https:\/\/evertonfc.cz\/\"},{\"@type\":\"ListItem\",\"position\":2,\"name\":\"Kv\u00edz s Gordonom\"}]},{\"@type\":\"WebSite\",\"@id\":\"https:\/\/evertonfc.cz\/#website\",\"url\":\"https:\/\/evertonfc.cz\/\",\"name\":\"Official Czech &amp; Slovak Everton Supporters&#039; Club\",\"description\":\"\",\"publisher\":{\"@id\":\"https:\/\/evertonfc.cz\/#organization\"},\"potentialAction\":[{\"@type\":\"SearchAction\",\"target\":{\"@type\":\"EntryPoint\",\"urlTemplate\":\"https:\/\/evertonfc.cz\/?s={search_term_string}\"},\"query-input\":{\"@type\":\"PropertyValueSpecification\",\"valueRequired\":true,\"valueName\":\"search_term_string\"}}],\"inLanguage\":\"cs\"},{\"@type\":\"Organization\",\"@id\":\"https:\/\/evertonfc.cz\/#organization\",\"name\":\"Official Czech & Slovak Everton Supporters' Club\",\"url\":\"https:\/\/evertonfc.cz\/\",\"logo\":{\"@type\":\"ImageObject\",\"inLanguage\":\"cs\",\"@id\":\"https:\/\/evertonfc.cz\/#\/schema\/logo\/image\/\",\"url\":\"https:\/\/evertonfc.cz\/wp-content\/uploads\/2019\/05\/logo.png\",\"contentUrl\":\"https:\/\/evertonfc.cz\/wp-content\/uploads\/2019\/05\/logo.png\",\"width\":112,\"height\":112,\"caption\":\"Official Czech & Slovak Everton Supporters' Club\"},\"image\":{\"@id\":\"https:\/\/evertonfc.cz\/#\/schema\/logo\/image\/\"},\"sameAs\":[\"https:\/\/www.facebook.com\/everton.fans.cz.sk\"]},{\"@type\":\"Person\",\"@id\":\"https:\/\/evertonfc.cz\/#\/schema\/person\/d4493b8cbea51532597fbc4685698916\",\"name\":\"BlueBlooded\",\"url\":\"https:\/\/evertonfc.cz\/index.php\/author\/admin\/\"}]}<\/script>\n<!-- \/ Yoast SEO plugin. -->","yoast_head_json":{"title":"Kv\u00edz s Gordonom - Official Czech &amp; Slovak Everton Supporters&#039; Club","robots":{"index":"index","follow":"follow","max-snippet":"max-snippet:-1","max-image-preview":"max-image-preview:large","max-video-preview":"max-video-preview:-1"},"canonical":"https:\/\/evertonfc.cz\/index.php\/2020\/06\/02\/kviz-s-gordonom\/","og_locale":"cs_CZ","og_type":"article","og_title":"Kv\u00edz s Gordonom - Official Czech &amp; Slovak Everton Supporters&#039; Club","og_description":"V z\u00e1pasov\u00fdch programoch tejto sez\u00f3ny sa hr\u00e1\u010dov p\u00fdtali r\u00f4zne ot\u00e1zky \u2013 od ob\u013e\u00faben\u00fdch filmov a\u017e po jedlo. Ak chcete zisti\u0165 viac o Anthonym, \u010d\u00edtajte nasleduj\u00face riadky.","og_url":"https:\/\/evertonfc.cz\/index.php\/2020\/06\/02\/kviz-s-gordonom\/","og_site_name":"Official Czech &amp; Slovak Everton Supporters&#039; Club","article_publisher":"https:\/\/www.facebook.com\/everton.fans.cz.sk","article_published_time":"2020-06-02T08:40:44+00:00","og_image":[{"width":720,"height":405,"url":"https:\/\/evertonfc.cz\/wp-content\/uploads\/2020\/06\/Anthony-Gordon-evertonfc.com-2-6-2020.jpg","type":"image\/jpeg"}],"author":"BlueBlooded","twitter_card":"summary_large_image","twitter_misc":{"Napsal(a)":"BlueBlooded","Odhadovan\u00e1 doba \u010dten\u00ed":"3 minuty"},"schema":{"@context":"https:\/\/schema.org","@graph":[{"@type":"Article","@id":"https:\/\/evertonfc.cz\/index.php\/2020\/06\/02\/kviz-s-gordonom\/#article","isPartOf":{"@id":"https:\/\/evertonfc.cz\/index.php\/2020\/06\/02\/kviz-s-gordonom\/"},"author":{"name":"BlueBlooded","@id":"https:\/\/evertonfc.cz\/#\/schema\/person\/d4493b8cbea51532597fbc4685698916"},"headline":"Kv\u00edz s Gordonom","datePublished":"2020-06-02T08:40:44+00:00","dateModified":"2020-06-02T08:40:44+00:00","mainEntityOfPage":{"@id":"https:\/\/evertonfc.cz\/index.php\/2020\/06\/02\/kviz-s-gordonom\/"},"wordCount":571,"commentCount":0,"publisher":{"@id":"https:\/\/evertonfc.cz\/#organization"},"image":{"@id":"https:\/\/evertonfc.cz\/index.php\/2020\/06\/02\/kviz-s-gordonom\/#primaryimage"},"thumbnailUrl":"https:\/\/evertonfc.cz\/wp-content\/uploads\/2020\/06\/Anthony-Gordon-evertonfc.com-2-6-2020.jpg","articleSection":["Rozhovory"],"inLanguage":"cs","potentialAction":[{"@type":"CommentAction","name":"Comment","target":["https:\/\/evertonfc.cz\/index.php\/2020\/06\/02\/kviz-s-gordonom\/#respond"]}]},{"@type":"WebPage","@id":"https:\/\/evertonfc.cz\/index.php\/2020\/06\/02\/kviz-s-gordonom\/","url":"https:\/\/evertonfc.cz\/index.php\/2020\/06\/02\/kviz-s-gordonom\/","name":"Kv\u00edz s Gordonom - Official Czech &amp; Slovak Everton Supporters&#039; Club","isPartOf":{"@id":"https:\/\/evertonfc.cz\/#website"},"primaryImageOfPage":{"@id":"https:\/\/evertonfc.cz\/index.php\/2020\/06\/02\/kviz-s-gordonom\/#primaryimage"},"image":{"@id":"https:\/\/evertonfc.cz\/index.php\/2020\/06\/02\/kviz-s-gordonom\/#primaryimage"},"thumbnailUrl":"https:\/\/evertonfc.cz\/wp-content\/uploads\/2020\/06\/Anthony-Gordon-evertonfc.com-2-6-2020.jpg","datePublished":"2020-06-02T08:40:44+00:00","dateModified":"2020-06-02T08:40:44+00:00","breadcrumb":{"@id":"https:\/\/evertonfc.cz\/index.php\/2020\/06\/02\/kviz-s-gordonom\/#breadcrumb"},"inLanguage":"cs","potentialAction":[{"@type":"ReadAction","target":["https:\/\/evertonfc.cz\/index.php\/2020\/06\/02\/kviz-s-gordonom\/"]}]},{"@type":"ImageObject","inLanguage":"cs","@id":"https:\/\/evertonfc.cz\/index.php\/2020\/06\/02\/kviz-s-gordonom\/#primaryimage","url":"https:\/\/evertonfc.cz\/wp-content\/uploads\/2020\/06\/Anthony-Gordon-evertonfc.com-2-6-2020.jpg","contentUrl":"https:\/\/evertonfc.cz\/wp-content\/uploads\/2020\/06\/Anthony-Gordon-evertonfc.com-2-6-2020.jpg","width":720,"height":405},{"@type":"BreadcrumbList","@id":"https:\/\/evertonfc.cz\/index.php\/2020\/06\/02\/kviz-s-gordonom\/#breadcrumb","itemListElement":[{"@type":"ListItem","position":1,"name":"Home","item":"https:\/\/evertonfc.cz\/"},{"@type":"ListItem","position":2,"name":"Kv\u00edz s Gordonom"}]},{"@type":"WebSite","@id":"https:\/\/evertonfc.cz\/#website","url":"https:\/\/evertonfc.cz\/","name":"Official Czech &amp; Slovak Everton Supporters&#039; Club","description":"","publisher":{"@id":"https:\/\/evertonfc.cz\/#organization"},"potentialAction":[{"@type":"SearchAction","target":{"@type":"EntryPoint","urlTemplate":"https:\/\/evertonfc.cz\/?s={search_term_string}"},"query-input":{"@type":"PropertyValueSpecification","valueRequired":true,"valueName":"search_term_string"}}],"inLanguage":"cs"},{"@type":"Organization","@id":"https:\/\/evertonfc.cz\/#organization","name":"Official Czech & Slovak Everton Supporters' Club","url":"https:\/\/evertonfc.cz\/","logo":{"@type":"ImageObject","inLanguage":"cs","@id":"https:\/\/evertonfc.cz\/#\/schema\/logo\/image\/","url":"https:\/\/evertonfc.cz\/wp-content\/uploads\/2019\/05\/logo.png","contentUrl":"https:\/\/evertonfc.cz\/wp-content\/uploads\/2019\/05\/logo.png","width":112,"height":112,"caption":"Official Czech & Slovak Everton Supporters' Club"},"image":{"@id":"https:\/\/evertonfc.cz\/#\/schema\/logo\/image\/"},"sameAs":["https:\/\/www.facebook.com\/everton.fans.cz.sk"]},{"@type":"Person","@id":"https:\/\/evertonfc.cz\/#\/schema\/person\/d4493b8cbea51532597fbc4685698916","name":"BlueBlooded","url":"https:\/\/evertonfc.cz\/index.php\/author\/admin\/"}]}},"_links":{"self":[{"href":"https:\/\/evertonfc.cz\/index.php\/wp-json\/wp\/v2\/posts\/11108"}],"collection":[{"href":"https:\/\/evertonfc.cz\/index.php\/wp-json\/wp\/v2\/posts"}],"about":[{"href":"https:\/\/evertonfc.cz\/index.php\/wp-json\/wp\/v2\/types\/post"}],"author":[{"embeddable":true,"href":"https:\/\/evertonfc.cz\/index.php\/wp-json\/wp\/v2\/users\/1"}],"replies":[{"embeddable":true,"href":"https:\/\/evertonfc.cz\/index.php\/wp-json\/wp\/v2\/comments?post=11108"}],"version-history":[{"count":1,"href":"https:\/\/evertonfc.cz\/index.php\/wp-json\/wp\/v2\/posts\/11108\/revisions"}],"predecessor-version":[{"id":11110,"href":"https:\/\/evertonfc.cz\/index.php\/wp-json\/wp\/v2\/posts\/11108\/revisions\/11110"}],"wp:featuredmedia":[{"embeddable":true,"href":"https:\/\/evertonfc.cz\/index.php\/wp-json\/wp\/v2\/media\/11109"}],"wp:attachment":[{"href":"https:\/\/evertonfc.cz\/index.php\/wp-json\/wp\/v2\/media?parent=11108"}],"wp:term":[{"taxonomy":"category","embeddable":true,"href":"https:\/\/evertonfc.cz\/index.php\/wp-json\/wp\/v2\/categories?post=11108"},{"taxonomy":"post_tag","embeddable":true,"href":"https:\/\/evertonfc.cz\/index.php\/wp-json\/wp\/v2\/tags?post=11108"}],"curies":[{"name":"wp","href":"https:\/\/api.w.org\/{rel}","templated":true}]}}