{"id":11113,"date":"2020-06-03T06:49:03","date_gmt":"2020-06-03T04:49:03","guid":{"rendered":"https:\/\/evertonfc.cz\/?p=11113"},"modified":"2020-06-08T10:37:03","modified_gmt":"2020-06-08T08:37:03","slug":"nemecke-sebavedomie","status":"publish","type":"post","link":"https:\/\/evertonfc.cz\/index.php\/2020\/06\/03\/nemecke-sebavedomie\/","title":{"rendered":"Nemeck\u00e9 sebavedomie"},"content":{"rendered":"<h4>Nikdy nie je \u013eahk\u00e9 opusti\u0165 domov a\u00a0vyda\u0165 sa do nezn\u00e1ma. Absol\u00fatneho. Scouser Kenny v\u0161ak obavy prekonal a\u00a0teraz profituje z\u00a0drsn\u00e9ho prostredia prec\u00edznej ligy.<\/h4>\n<p>Jeho aj Davida Wagnera vyspovedal po\u010das tejto sez\u00f3ny inews.co.uk a\u00a0Jonjoe ne\u0161etril slovami chv\u00e1ly na adresu b\u00fdval\u00e9ho kou\u010da Huddersfieldu, ktor\u00fd si ho do svojho nov\u00e9ho zamestnania na z\u00e1pade Nemecka po\u017ei\u010dal. Vyhliadol si ho u\u017e po\u010das jeho particip\u00e1cie s\u00a0ml\u00e1de\u017en\u00edckymi v\u00fdbermi Anglicka U19, U20 aj U21. Spolo\u010dn\u00fd z\u00e1pas Evertonu proti The Terriers jeho \u00fasudok len potvrdil. U\u017e po p\u00e1r t\u00fd\u017ed\u0148och, \u010do ho z\u00edskal pre Schalke, sa nechal po\u010du\u0165, \u017ee Kenny je jeden z\u00a0najlep\u0161\u00edch podpisov, ak\u00e9 spravili on\u00e9 leto.<\/p>\n<p><em>\u201eMal som dobr\u00fa predstavu o Jonjoeovi, a potom ako som pri\u0161iel do Schalke, v\u0161etci sme sa zhodli, \u017ee mus\u00edme podp\u00edsa\u0165 prav\u00e9ho obrancu. Hne\u010f, \u010do som sa dozvedel, \u017ee si nem\u00f4\u017eeme dovoli\u0165 k\u00fapi\u0165 niekoho kv\u00f4li finan\u010dn\u00fdm obmedzeniam, Jonjoe bol jedn\u00fdm z prv\u00fdch mien, ktor\u00e9 som dal na st\u00f4l, ke\u010f som diskutoval s veden\u00edm. Na\u0161\u0165astie s\u00fahlasili, \u017ee sa ho pok\u00fasia z\u00edska\u0165 a on sa chvalabohu rozhodol prida\u0165 k n\u00e1m. Zatia\u013e si vedie \u00fa\u017easne a strelil fantastick\u00fd g\u00f3l proti Herthe Berl\u00edn.\u201c<\/em><\/p>\n<h4>Nemeck\u00e1 prec\u00edznos\u0165 br\u00fasi talenty<\/h4>\n<p>Wagner dokonca nev\u00e1hal s tvrden\u00edm, \u017ee \u010do sa t\u00fdka fan\u00fa\u0161ikov Die K\u00f6nigsblauen, mlad\u00fd Jonjoe u\u017e patr\u00ed medzi ob\u013e\u00fabencov. Vyzdvihuje tie\u017e jeho odvahu a vysvet\u013euje, pre\u010do pr\u00e1ve Bundesliga je t\u00fdm spr\u00e1vnym miestom pre v\u00fdvoj nielen Kennyho, ale v\u0161etk\u00fdch mlad\u00fdch hr\u00e1\u010dov, o \u010dom sved\u010dia ich po\u010detn\u00e9 \u00faspe\u0161n\u00e9 osudy.<\/p>\n<p><em>\u201eMysl\u00edm si, \u017ee je to ve\u013emi s\u00fa\u0165a\u017eiv\u00e1 liga, s\u00a0vysok\u00fdm \u0161tandardom a\u00a0kvalitou. M\u00e1te tu ve\u013emi dobr\u00e9 zariadenia a tie\u017e \u0161tadi\u00f3ny, ktor\u00e9 s\u00fa zvy\u010dajne vypredan\u00e9. A\u00a0to je skvel\u00e1 platforma. Pod\u013ea m\u0148a je to jeden z\u00a0najlep\u0161\u00edch krokov, ktor\u00e9 m\u00f4\u017ee mlad\u00fd britsk\u00fd futbalista urobi\u0165 v\u00a0Eur\u00f3pe, ak nie je schopn\u00fd sa prebi\u0165 do vlastn\u00e9ho t\u00edmu v\u00a0PL.\u201c<\/em><\/p>\n<p><em>\u201ePr\u00eds\u0165 do Bundesligy, mus\u00edte by\u0165 \u2013 a na\u0161\u0165astie Jonjoe je \u2013 ve\u013emi odv\u00e1\u017eny, preto\u017ee ke\u010f opust\u00edte svoju domovinu a pohodln\u00fa z\u00f3nu, mali by ste ma\u0165 siln\u00fd charakter. Nie ka\u017ed\u00fd hr\u00e1\u010d je dostato\u010dne smel\u00fd, aby sa tak rozhodol. Niekedy s\u00fa preto viac naklonen\u00ed hraniu v Championship, alebo aj v League One, preto\u017ee m\u00f4\u017eu osta\u0165 doma.\u201c<\/em><\/p>\n<p>Prv\u00fd a\u00a0zatia\u013e jedin\u00fd g\u00f3l Kennyho pri\u0161iel u\u017e v\u00a0jeho tre\u0165om z\u00e1pase. Bolo to v\u00a0dom\u00e1cej Veltins Arene proti Herthe Berl\u00edn. Stretnutie sa bl\u00ed\u017eilo ku koncu a\u00a0Kenny poslal dom\u00e1cich u\u017e do trojg\u00f3lov\u00e9ho vedenia strelou zo svojej prava\u010dky. Prihral mu na\u0148 jeho n\u00e1protivok, \u013eav\u00fd obranca Oczipka. Wagner si na ich zapojen\u00ed v\u00a0\u00fatoku zaklad\u00e1.<\/p>\n<p><em>\u201eTo je presne, \u010do m\u00e1m r\u00e1d \u2013 moji krajn\u00ed obrancovia vysoko a\u00a0ak je to mo\u017en\u00e9, v\u00a0s\u00faperovej \u0161estn\u00e1stke. Jeden centroval a\u00a0druh\u00fd sk\u00f3roval. Bolo to v\u00a085. min\u00fate a\u00a0to ukazuje, ako dobre s\u00fa na tom kondi\u010dne, ke\u010f si dok\u00e1\u017eu nabehn\u00fa\u0165 a\u017e do s\u00faperovho v\u00e1pna.\u201c<\/em><\/p>\n<h4>Odvaha pos\u00fava \u010falej<\/h4>\n<p>Jonjoe je prototyp hr\u00e1\u010da, \u010dloveka, ak\u00e9ho chc\u00fa fan\u00fa\u0161ikovia na Merseyside, obzvl\u00e1\u0161\u0165 v\u00a0modrej \u010dasti L4, vidie\u0165 na ihrisku. Nezlomn\u00fd, vytrvalo pracuj\u00faci a\u00a0poctiv\u00fd miestny chlapec. V\u00a0\u017eiari reflektorov v\u0161ak niet miesta pre chyby. A\u00a0tie s\u00fa potrebn\u00e9 na napredovanie. Krok dopredu toti\u017e v\u017edy sprev\u00e1dzaj\u00fa dva vzad. No a\u00a0ke\u010f\u017ee\u00a0amb\u00edcie sa nie v\u017edy sp\u00e1jaj\u00fa s\u00a0trpezlivos\u0165ou, jedin\u00e1 cesta ma n\u00e1zov odv\u00e1\u017ena.<\/p>\n<p><em>\u201eKe\u010f som bol v Evertone, nehral som tak \u010dasto ako som chcel. A hra\u0165 ka\u017ed\u00fdch p\u00e4\u0165, \u0161es\u0165, sedem t\u00fd\u017ed\u0148ov, nem\u00f4\u017eete by\u0165 pripraven\u00fd na z\u00e1pas. Nez\u00e1le\u017e\u00ed ko\u013eko tr\u00e9nujte, alebo ako tvrdo, potrebujete hra\u0165. Ne\u017e som sem pri\u0161iel, ve\u013ea som sa s tr\u00e9nerom (Wagnerom, pozn. redakcie) rozpr\u00e1val a naozaj ma presved\u010dil pr\u00eds\u0165 a hra\u0165 za Schalke. Samozrejme, je to ve\u013ek\u00fd klub s bohatou hist\u00f3riou, tak\u017ee som sa r\u00e1d pridal. Ale mysl\u00edm, \u017ee je to v\u0161etko o tr\u00e9nerovi. Sp\u00f4sob, ak\u00fdm mi dodal sebavedomie v mojej hre a nechal ma uk\u00e1za\u0165 \u013eudom moje siln\u00e9 str\u00e1nky, to naozaj oce\u0148ujem. Ve\u013emi mi to pomohlo zlep\u0161i\u0165 sa, nielen vo futbale, ale aj mimo neho.\u201c<\/em><\/p>\n<p>Kenny st\u00e1le pracuje na svojej nem\u010dine. Sna\u017e\u00ed sa ju pou\u017e\u00edva\u0165 v\u017edy ke\u010f mu to slovn\u00e1 z\u00e1soba dovol\u00ed. Je to v\u00fdzva pre ka\u017ed\u00e9ho, no nie v\u0161etci s\u00fa odhodlan\u00ed ju aj podst\u00fapi\u0165. Aj ke\u010f maj\u00fa rodinn\u00e9 z\u00e1zemiu rovnak\u00e9 siln\u00e9 ako on.<\/p>\n<p><em>\u201eIste\u017ee, v\u017edy je to \u0165a\u017ek\u00e9, ale te\u0161il som sa, \u017ee vyjdem zo svojej komfortnej z\u00f3ny. Okam\u017eite som sa chcel zapoji\u0165. Nechcel som by\u0165 hr\u00e1\u010dom, aj ke\u010f keby som tu bol iba na jeden rok, ktor\u00fd si pri\u0161iel len zahra\u0165 futbal. Chcel som by\u0165 skuto\u010dnou s\u00fa\u010das\u0165ou Schalke. Chcel som z\u00edska\u0165 predstavu o\u00a0\u017eivote tu, jazyku, a\u00a0v\u0161etko vstreba\u0165. Moja rodina a\u00a0priatelia za mnou \u010dasto chodia. Pr\u00eddu a\u00a0podporia ma, tak\u017ee ke\u010f som s\u00a0nimi, domov je skuto\u010dne kdeko\u013evek. Hlavne moja mama a\u00a0otec, v\u017edy s\u00fa tu pre m\u0148a. Ve\u013ea sa nalietaj\u00fa a\u00a0chodia na z\u00e1pasy.\u201c<\/em><\/p>\n<h4>Vedenie tr\u00e9nera<\/h4>\n<p>Ako u\u017e spom\u00ednal Wagner, r\u00e1d po \u00fato\u010dnej str\u00e1nke dominuje z\u00e1pasu. Jeho t\u00edmy dr\u017eia loptu a\u00a0h\u013eadaj\u00fa \u010do najviac pr\u00edle\u017eitost\u00ed. To sa t\u00fdka aj Kennyho, ktor\u00fd sa obvykle n\u00e1jde na poz\u00edcii wingbacka. Odtia\u013e dobre pressuje s\u00fapera, je agres\u00edvny v\u00a0obrann\u00fdch z\u00e1krokoch a\u00a0vie si napriek svojej v\u00fd\u0161ke poradi\u0165 aj vo vzdu\u0161n\u00fdch s\u00fabojoch pri br\u00e1nen\u00ed \u0161tandardn\u00fdch situ\u00e1cii, ke\u010f ako jeden z\u00a0m\u00e1la br\u00e1ni osobne.<\/p>\n<p><em>\u201eTakticky odo m\u0148a vy\u017eaduje dosta\u0165 sa dopredu, by\u0165 viac v\u00a0\u0161estn\u00e1stke a\u00a0pok\u00fasi\u0165 sa poskytn\u00fa\u0165 spoluhr\u00e1\u010dom viac pr\u00edle\u017eitost\u00ed na vytvorenie \u0161anc\u00ed. Tie\u017e v\u00a0obrane je fantastick\u00fd v\u00a0tom, \u017ee vy\u017eaduje by\u0165 viac agres\u00edvny a viac iniciat\u00edvny. Pod\u013ea m\u0148a mi to naozaj pomohlo v\u00a0tejto sez\u00f3ne zlep\u0161i\u0165 moju hru. Mysl\u00edm, \u017ee naj\u0165a\u017e\u0161\u00ed z\u00e1pas bol pre m\u0148a vonku proti Bayernu Mn\u00edchov. Nepretr\u017eite maj\u00fa loptu a\u00a0ke\u010f ju ob\u010das z\u00edskate, je to naozaj \u0165a\u017ek\u00e9.\u201c<\/em><\/p>\n<p>Odhalili sa v\u0161ak aj nedostatky. Jonjoe nie je pr\u00e1ve r\u00fdchlostn\u00fd typ. Ve\u013emi vz\u00e1cne zvykne pre\u0161printova\u0165 svojho oponenta sp\u00f4sobom, ak\u00fdm to praktizuje napr\u00edklad Coleman. A\u00a0rovnak\u00fd probl\u00e9m sa objavuje aj v\u00a0obr\u00e1tenej situ\u00e1cii. Ke\u010f s\u00faper raz Kennyho ob\u00edde, zriedkavo sa Scouser dok\u00e1\u017ee vr\u00e1ti\u0165 do boja.<\/p>\n<h4>V\u010fak za tvrd\u00fa \u0161kolu<\/h4>\n<p>Schalke pod Wagnerom za\u017eilo men\u0161iu renesanciu t\u00fato sez\u00f3nu, ke\u010f sa dok\u00e1zali spam\u00e4ta\u0165 so sez\u00f3ny, kedy takmer zost\u00fapili. Aktu\u00e1lny ro\u010dn\u00edk za\u010dali bojova\u0165 o eur\u00f3pske prie\u010dky. Na jar ich v\u0161ak op\u00e4\u0165 zastihla strata formy a aj po re\u0161tarte sa tr\u00e1pia, dokonca e\u0161te viac, ke\u010f nevyhrali posledn\u00fdch desa\u0165 z\u00e1pasov. To v\u0161ak neznamen\u00e1, \u017ee to nejak\u00fdm sp\u00f4sobom dehonestuje pozit\u00edva, \u00fa\u017eitok, \u010di inak preva\u017ene spo\u013eahliv\u00e9 v\u00fdkony n\u00e1\u0161ho prav\u00e9ho obrancu. Ten pod\u013ea vlastn\u00fdch slov st\u00e1le &#8222;\u00faprimne nevie&#8220;, \u010do a kde bude v jeho kari\u00e9re nasledova\u0165. D\u00fafajme, \u017ee \u00faspech a v Evertone.<\/p>\n<p><em>\u201eBolo to pre m\u0148a prospe\u0161n\u00e9 sem pr\u00eds\u0165 a uvedomi\u0165 si, ak\u00e1 je v skuto\u010dnosti Bundesliga. O\u010dividne, ve\u013ek\u00e9 \u010fakujem dl\u017e\u00edm Evertonu, \u017ee ma sem pustil a\u00a0nechal ma tak hra\u0165.\u201c<\/em><\/p>\n<p style=\"text-align: right;\"><span style=\"font-size: 8pt;\">(foto zdroj: bundesliga.com)<\/span><\/p>\n","protected":false},"excerpt":{"rendered":"<p>Nikdy nie je \u013eahk\u00e9 opusti\u0165 domov a vyda\u0165 sa do nezn\u00e1ma. Absol\u00fatneho. Scouser Kenny v\u0161ak obavy prekonal a teraz profituje z drsn\u00e9ho prostredia prec\u00edznej ligy.<\/p>\n","protected":false},"author":1,"featured_media":11112,"comment_status":"open","ping_status":"closed","sticky":false,"template":"","format":"standard","meta":{"_eb_attr":"","_monsterinsights_skip_tracking":false,"_monsterinsights_sitenote_active":false,"_monsterinsights_sitenote_note":"","_monsterinsights_sitenote_category":0,"footnotes":""},"categories":[1],"tags":[],"yoast_head":"<!-- This site is optimized with the Yoast SEO plugin v23.4 - https:\/\/yoast.com\/wordpress\/plugins\/seo\/ -->\n<title>Nemeck\u00e9 sebavedomie - Official Czech &amp; Slovak Everton Supporters&#039; Club<\/title>\n<meta name=\"robots\" content=\"index, follow, max-snippet:-1, max-image-preview:large, max-video-preview:-1\" \/>\n<link rel=\"canonical\" href=\"https:\/\/evertonfc.cz\/index.php\/2020\/06\/03\/nemecke-sebavedomie\/\" \/>\n<meta property=\"og:locale\" content=\"cs_CZ\" \/>\n<meta property=\"og:type\" content=\"article\" \/>\n<meta property=\"og:title\" content=\"Nemeck\u00e9 sebavedomie - Official Czech &amp; Slovak Everton Supporters&#039; Club\" \/>\n<meta property=\"og:description\" content=\"Nikdy nie je \u013eahk\u00e9 opusti\u0165 domov a vyda\u0165 sa do nezn\u00e1ma. Absol\u00fatneho. Scouser Kenny v\u0161ak obavy prekonal a teraz profituje z drsn\u00e9ho prostredia prec\u00edznej ligy.\" \/>\n<meta property=\"og:url\" content=\"https:\/\/evertonfc.cz\/index.php\/2020\/06\/03\/nemecke-sebavedomie\/\" \/>\n<meta property=\"og:site_name\" content=\"Official Czech &amp; Slovak Everton Supporters&#039; Club\" \/>\n<meta property=\"article:publisher\" content=\"https:\/\/www.facebook.com\/everton.fans.cz.sk\" \/>\n<meta property=\"article:published_time\" content=\"2020-06-03T04:49:03+00:00\" \/>\n<meta property=\"article:modified_time\" content=\"2020-06-08T08:37:03+00:00\" \/>\n<meta property=\"og:image\" content=\"https:\/\/evertonfc.cz\/wp-content\/uploads\/2020\/06\/Kenny-bundesliga.com-2-6-2020.png\" \/>\n\t<meta property=\"og:image:width\" content=\"720\" \/>\n\t<meta property=\"og:image:height\" content=\"405\" \/>\n\t<meta property=\"og:image:type\" content=\"image\/png\" \/>\n<meta name=\"author\" content=\"BlueBlooded\" \/>\n<meta name=\"twitter:card\" content=\"summary_large_image\" \/>\n<meta name=\"twitter:label1\" content=\"Napsal(a)\" \/>\n\t<meta name=\"twitter:data1\" content=\"BlueBlooded\" \/>\n\t<meta name=\"twitter:label2\" content=\"Odhadovan\u00e1 doba \u010dten\u00ed\" \/>\n\t<meta name=\"twitter:data2\" content=\"7 minut\" \/>\n<script type=\"application\/ld+json\" class=\"yoast-schema-graph\">{\"@context\":\"https:\/\/schema.org\",\"@graph\":[{\"@type\":\"Article\",\"@id\":\"https:\/\/evertonfc.cz\/index.php\/2020\/06\/03\/nemecke-sebavedomie\/#article\",\"isPartOf\":{\"@id\":\"https:\/\/evertonfc.cz\/index.php\/2020\/06\/03\/nemecke-sebavedomie\/\"},\"author\":{\"name\":\"BlueBlooded\",\"@id\":\"https:\/\/evertonfc.cz\/#\/schema\/person\/d4493b8cbea51532597fbc4685698916\"},\"headline\":\"Nemeck\u00e9 sebavedomie\",\"datePublished\":\"2020-06-03T04:49:03+00:00\",\"dateModified\":\"2020-06-08T08:37:03+00:00\",\"mainEntityOfPage\":{\"@id\":\"https:\/\/evertonfc.cz\/index.php\/2020\/06\/03\/nemecke-sebavedomie\/\"},\"wordCount\":1355,\"commentCount\":3,\"publisher\":{\"@id\":\"https:\/\/evertonfc.cz\/#organization\"},\"image\":{\"@id\":\"https:\/\/evertonfc.cz\/index.php\/2020\/06\/03\/nemecke-sebavedomie\/#primaryimage\"},\"thumbnailUrl\":\"https:\/\/evertonfc.cz\/wp-content\/uploads\/2020\/06\/Kenny-bundesliga.com-2-6-2020.png\",\"articleSection\":[\"Rozhovory\"],\"inLanguage\":\"cs\",\"potentialAction\":[{\"@type\":\"CommentAction\",\"name\":\"Comment\",\"target\":[\"https:\/\/evertonfc.cz\/index.php\/2020\/06\/03\/nemecke-sebavedomie\/#respond\"]}]},{\"@type\":\"WebPage\",\"@id\":\"https:\/\/evertonfc.cz\/index.php\/2020\/06\/03\/nemecke-sebavedomie\/\",\"url\":\"https:\/\/evertonfc.cz\/index.php\/2020\/06\/03\/nemecke-sebavedomie\/\",\"name\":\"Nemeck\u00e9 sebavedomie - Official Czech &amp; Slovak Everton Supporters&#039; Club\",\"isPartOf\":{\"@id\":\"https:\/\/evertonfc.cz\/#website\"},\"primaryImageOfPage\":{\"@id\":\"https:\/\/evertonfc.cz\/index.php\/2020\/06\/03\/nemecke-sebavedomie\/#primaryimage\"},\"image\":{\"@id\":\"https:\/\/evertonfc.cz\/index.php\/2020\/06\/03\/nemecke-sebavedomie\/#primaryimage\"},\"thumbnailUrl\":\"https:\/\/evertonfc.cz\/wp-content\/uploads\/2020\/06\/Kenny-bundesliga.com-2-6-2020.png\",\"datePublished\":\"2020-06-03T04:49:03+00:00\",\"dateModified\":\"2020-06-08T08:37:03+00:00\",\"breadcrumb\":{\"@id\":\"https:\/\/evertonfc.cz\/index.php\/2020\/06\/03\/nemecke-sebavedomie\/#breadcrumb\"},\"inLanguage\":\"cs\",\"potentialAction\":[{\"@type\":\"ReadAction\",\"target\":[\"https:\/\/evertonfc.cz\/index.php\/2020\/06\/03\/nemecke-sebavedomie\/\"]}]},{\"@type\":\"ImageObject\",\"inLanguage\":\"cs\",\"@id\":\"https:\/\/evertonfc.cz\/index.php\/2020\/06\/03\/nemecke-sebavedomie\/#primaryimage\",\"url\":\"https:\/\/evertonfc.cz\/wp-content\/uploads\/2020\/06\/Kenny-bundesliga.com-2-6-2020.png\",\"contentUrl\":\"https:\/\/evertonfc.cz\/wp-content\/uploads\/2020\/06\/Kenny-bundesliga.com-2-6-2020.png\",\"width\":720,\"height\":405},{\"@type\":\"BreadcrumbList\",\"@id\":\"https:\/\/evertonfc.cz\/index.php\/2020\/06\/03\/nemecke-sebavedomie\/#breadcrumb\",\"itemListElement\":[{\"@type\":\"ListItem\",\"position\":1,\"name\":\"Home\",\"item\":\"https:\/\/evertonfc.cz\/\"},{\"@type\":\"ListItem\",\"position\":2,\"name\":\"Nemeck\u00e9 sebavedomie\"}]},{\"@type\":\"WebSite\",\"@id\":\"https:\/\/evertonfc.cz\/#website\",\"url\":\"https:\/\/evertonfc.cz\/\",\"name\":\"Official Czech &amp; Slovak Everton Supporters&#039; Club\",\"description\":\"\",\"publisher\":{\"@id\":\"https:\/\/evertonfc.cz\/#organization\"},\"potentialAction\":[{\"@type\":\"SearchAction\",\"target\":{\"@type\":\"EntryPoint\",\"urlTemplate\":\"https:\/\/evertonfc.cz\/?s={search_term_string}\"},\"query-input\":{\"@type\":\"PropertyValueSpecification\",\"valueRequired\":true,\"valueName\":\"search_term_string\"}}],\"inLanguage\":\"cs\"},{\"@type\":\"Organization\",\"@id\":\"https:\/\/evertonfc.cz\/#organization\",\"name\":\"Official Czech & Slovak Everton Supporters' Club\",\"url\":\"https:\/\/evertonfc.cz\/\",\"logo\":{\"@type\":\"ImageObject\",\"inLanguage\":\"cs\",\"@id\":\"https:\/\/evertonfc.cz\/#\/schema\/logo\/image\/\",\"url\":\"https:\/\/evertonfc.cz\/wp-content\/uploads\/2019\/05\/logo.png\",\"contentUrl\":\"https:\/\/evertonfc.cz\/wp-content\/uploads\/2019\/05\/logo.png\",\"width\":112,\"height\":112,\"caption\":\"Official Czech & Slovak Everton Supporters' Club\"},\"image\":{\"@id\":\"https:\/\/evertonfc.cz\/#\/schema\/logo\/image\/\"},\"sameAs\":[\"https:\/\/www.facebook.com\/everton.fans.cz.sk\"]},{\"@type\":\"Person\",\"@id\":\"https:\/\/evertonfc.cz\/#\/schema\/person\/d4493b8cbea51532597fbc4685698916\",\"name\":\"BlueBlooded\",\"url\":\"https:\/\/evertonfc.cz\/index.php\/author\/admin\/\"}]}<\/script>\n<!-- \/ Yoast SEO plugin. -->","yoast_head_json":{"title":"Nemeck\u00e9 sebavedomie - Official Czech &amp; Slovak Everton Supporters&#039; Club","robots":{"index":"index","follow":"follow","max-snippet":"max-snippet:-1","max-image-preview":"max-image-preview:large","max-video-preview":"max-video-preview:-1"},"canonical":"https:\/\/evertonfc.cz\/index.php\/2020\/06\/03\/nemecke-sebavedomie\/","og_locale":"cs_CZ","og_type":"article","og_title":"Nemeck\u00e9 sebavedomie - Official Czech &amp; Slovak Everton Supporters&#039; Club","og_description":"Nikdy nie je \u013eahk\u00e9 opusti\u0165 domov a vyda\u0165 sa do nezn\u00e1ma. Absol\u00fatneho. Scouser Kenny v\u0161ak obavy prekonal a teraz profituje z drsn\u00e9ho prostredia prec\u00edznej ligy.","og_url":"https:\/\/evertonfc.cz\/index.php\/2020\/06\/03\/nemecke-sebavedomie\/","og_site_name":"Official Czech &amp; Slovak Everton Supporters&#039; Club","article_publisher":"https:\/\/www.facebook.com\/everton.fans.cz.sk","article_published_time":"2020-06-03T04:49:03+00:00","article_modified_time":"2020-06-08T08:37:03+00:00","og_image":[{"width":720,"height":405,"url":"https:\/\/evertonfc.cz\/wp-content\/uploads\/2020\/06\/Kenny-bundesliga.com-2-6-2020.png","type":"image\/png"}],"author":"BlueBlooded","twitter_card":"summary_large_image","twitter_misc":{"Napsal(a)":"BlueBlooded","Odhadovan\u00e1 doba \u010dten\u00ed":"7 minut"},"schema":{"@context":"https:\/\/schema.org","@graph":[{"@type":"Article","@id":"https:\/\/evertonfc.cz\/index.php\/2020\/06\/03\/nemecke-sebavedomie\/#article","isPartOf":{"@id":"https:\/\/evertonfc.cz\/index.php\/2020\/06\/03\/nemecke-sebavedomie\/"},"author":{"name":"BlueBlooded","@id":"https:\/\/evertonfc.cz\/#\/schema\/person\/d4493b8cbea51532597fbc4685698916"},"headline":"Nemeck\u00e9 sebavedomie","datePublished":"2020-06-03T04:49:03+00:00","dateModified":"2020-06-08T08:37:03+00:00","mainEntityOfPage":{"@id":"https:\/\/evertonfc.cz\/index.php\/2020\/06\/03\/nemecke-sebavedomie\/"},"wordCount":1355,"commentCount":3,"publisher":{"@id":"https:\/\/evertonfc.cz\/#organization"},"image":{"@id":"https:\/\/evertonfc.cz\/index.php\/2020\/06\/03\/nemecke-sebavedomie\/#primaryimage"},"thumbnailUrl":"https:\/\/evertonfc.cz\/wp-content\/uploads\/2020\/06\/Kenny-bundesliga.com-2-6-2020.png","articleSection":["Rozhovory"],"inLanguage":"cs","potentialAction":[{"@type":"CommentAction","name":"Comment","target":["https:\/\/evertonfc.cz\/index.php\/2020\/06\/03\/nemecke-sebavedomie\/#respond"]}]},{"@type":"WebPage","@id":"https:\/\/evertonfc.cz\/index.php\/2020\/06\/03\/nemecke-sebavedomie\/","url":"https:\/\/evertonfc.cz\/index.php\/2020\/06\/03\/nemecke-sebavedomie\/","name":"Nemeck\u00e9 sebavedomie - Official Czech &amp; Slovak Everton Supporters&#039; Club","isPartOf":{"@id":"https:\/\/evertonfc.cz\/#website"},"primaryImageOfPage":{"@id":"https:\/\/evertonfc.cz\/index.php\/2020\/06\/03\/nemecke-sebavedomie\/#primaryimage"},"image":{"@id":"https:\/\/evertonfc.cz\/index.php\/2020\/06\/03\/nemecke-sebavedomie\/#primaryimage"},"thumbnailUrl":"https:\/\/evertonfc.cz\/wp-content\/uploads\/2020\/06\/Kenny-bundesliga.com-2-6-2020.png","datePublished":"2020-06-03T04:49:03+00:00","dateModified":"2020-06-08T08:37:03+00:00","breadcrumb":{"@id":"https:\/\/evertonfc.cz\/index.php\/2020\/06\/03\/nemecke-sebavedomie\/#breadcrumb"},"inLanguage":"cs","potentialAction":[{"@type":"ReadAction","target":["https:\/\/evertonfc.cz\/index.php\/2020\/06\/03\/nemecke-sebavedomie\/"]}]},{"@type":"ImageObject","inLanguage":"cs","@id":"https:\/\/evertonfc.cz\/index.php\/2020\/06\/03\/nemecke-sebavedomie\/#primaryimage","url":"https:\/\/evertonfc.cz\/wp-content\/uploads\/2020\/06\/Kenny-bundesliga.com-2-6-2020.png","contentUrl":"https:\/\/evertonfc.cz\/wp-content\/uploads\/2020\/06\/Kenny-bundesliga.com-2-6-2020.png","width":720,"height":405},{"@type":"BreadcrumbList","@id":"https:\/\/evertonfc.cz\/index.php\/2020\/06\/03\/nemecke-sebavedomie\/#breadcrumb","itemListElement":[{"@type":"ListItem","position":1,"name":"Home","item":"https:\/\/evertonfc.cz\/"},{"@type":"ListItem","position":2,"name":"Nemeck\u00e9 sebavedomie"}]},{"@type":"WebSite","@id":"https:\/\/evertonfc.cz\/#website","url":"https:\/\/evertonfc.cz\/","name":"Official Czech &amp; Slovak Everton Supporters&#039; Club","description":"","publisher":{"@id":"https:\/\/evertonfc.cz\/#organization"},"potentialAction":[{"@type":"SearchAction","target":{"@type":"EntryPoint","urlTemplate":"https:\/\/evertonfc.cz\/?s={search_term_string}"},"query-input":{"@type":"PropertyValueSpecification","valueRequired":true,"valueName":"search_term_string"}}],"inLanguage":"cs"},{"@type":"Organization","@id":"https:\/\/evertonfc.cz\/#organization","name":"Official Czech & Slovak Everton Supporters' Club","url":"https:\/\/evertonfc.cz\/","logo":{"@type":"ImageObject","inLanguage":"cs","@id":"https:\/\/evertonfc.cz\/#\/schema\/logo\/image\/","url":"https:\/\/evertonfc.cz\/wp-content\/uploads\/2019\/05\/logo.png","contentUrl":"https:\/\/evertonfc.cz\/wp-content\/uploads\/2019\/05\/logo.png","width":112,"height":112,"caption":"Official Czech & Slovak Everton Supporters' Club"},"image":{"@id":"https:\/\/evertonfc.cz\/#\/schema\/logo\/image\/"},"sameAs":["https:\/\/www.facebook.com\/everton.fans.cz.sk"]},{"@type":"Person","@id":"https:\/\/evertonfc.cz\/#\/schema\/person\/d4493b8cbea51532597fbc4685698916","name":"BlueBlooded","url":"https:\/\/evertonfc.cz\/index.php\/author\/admin\/"}]}},"_links":{"self":[{"href":"https:\/\/evertonfc.cz\/index.php\/wp-json\/wp\/v2\/posts\/11113"}],"collection":[{"href":"https:\/\/evertonfc.cz\/index.php\/wp-json\/wp\/v2\/posts"}],"about":[{"href":"https:\/\/evertonfc.cz\/index.php\/wp-json\/wp\/v2\/types\/post"}],"author":[{"embeddable":true,"href":"https:\/\/evertonfc.cz\/index.php\/wp-json\/wp\/v2\/users\/1"}],"replies":[{"embeddable":true,"href":"https:\/\/evertonfc.cz\/index.php\/wp-json\/wp\/v2\/comments?post=11113"}],"version-history":[{"count":4,"href":"https:\/\/evertonfc.cz\/index.php\/wp-json\/wp\/v2\/posts\/11113\/revisions"}],"predecessor-version":[{"id":11119,"href":"https:\/\/evertonfc.cz\/index.php\/wp-json\/wp\/v2\/posts\/11113\/revisions\/11119"}],"wp:featuredmedia":[{"embeddable":true,"href":"https:\/\/evertonfc.cz\/index.php\/wp-json\/wp\/v2\/media\/11112"}],"wp:attachment":[{"href":"https:\/\/evertonfc.cz\/index.php\/wp-json\/wp\/v2\/media?parent=11113"}],"wp:term":[{"taxonomy":"category","embeddable":true,"href":"https:\/\/evertonfc.cz\/index.php\/wp-json\/wp\/v2\/categories?post=11113"},{"taxonomy":"post_tag","embeddable":true,"href":"https:\/\/evertonfc.cz\/index.php\/wp-json\/wp\/v2\/tags?post=11113"}],"curies":[{"name":"wp","href":"https:\/\/api.w.org\/{rel}","templated":true}]}}