{"id":11130,"date":"2020-06-10T12:26:57","date_gmt":"2020-06-10T10:26:57","guid":{"rendered":"https:\/\/evertonfc.cz\/?p=11130"},"modified":"2020-06-11T09:15:43","modified_gmt":"2020-06-11T07:15:43","slug":"derby-v-nedelu-vecer","status":"publish","type":"post","link":"https:\/\/evertonfc.cz\/index.php\/2020\/06\/10\/derby-v-nedelu-vecer\/","title":{"rendered":"Derby, nede\u013ea ve\u010der, Goodison!"},"content":{"rendered":"<h4><span lang=\"SK\">Premier League potvrdila d\u00e1tumy prv\u00fdch troch z\u00e1pasov Evertonu po re\u0161tarte s\u00fa\u0165a\u017ee. Stretnutia s\u00a0Liverpoolom, Norwichom a\u00a0Leicesterom odohr\u00e1me v priebehu 11 dn\u00ed.<\/span><\/h4>\n<p style=\"text-align: center;\"><span style=\"text-decoration: underline;\"><em>AKTUALIZ\u00c1CIA 10.6.2020 :<\/em><\/span><\/p>\n<p><span lang=\"SK\">Derby Evertonu proti Liverpoolu sa uskuto\u010dn\u00ed za zatvoren\u00fdmi dverami v Goodison Parku v nede\u013eu 21. j\u00fana o 20.00. Rozhodnutie hra\u0165 na dom\u00e1com \u0161tadi\u00f3ne klubu dnes odobrila miestna Poradensk\u00e1 skupina pre bezpe\u010dnos\u0165 \u0161tadi\u00f3nov po pozit\u00edvnych rokovaniach medzi klubom, mestskou radou Liverpoolu, pol\u00edciou Merseyside, f\u00f3rom fan\u00fa\u0161ikov Evertonu, The Blue Union, Liverpool Football Club a Spirit of Shankly. <\/span><span lang=\"SK\">To znamen\u00e1, \u017ee Everton odohr\u00e1 v\u0161etk\u00fdch p\u00e4\u0165 zost\u00e1vaj\u00facich dom\u00e1cich stretnut\u00ed v sez\u00f3ne 2019\/20 za zatvoren\u00fdmi dverami v Goodison Parku.<\/span><\/p>\n<hr \/>\n<p><span lang=\"SK\">236. Merseyside derby bolo p\u00f4vodne pl\u00e1novan\u00e9 v polovici marca, av\u0161ak bolo odlo\u017een\u00e9 potom, \u010do sa Premier League preru\u0161ila v d\u00f4sledku kr\u00edzy koronav\u00edrusu. Ligovej odvety s\u00a0The Reds sa v\u0161ak do\u010dk\u00e1me, a\u00a0to v nede\u013eu 21. j\u00fana. V\u00fdkop je napl\u00e1novan\u00fd na 20:00 stredoeur\u00f3pskeho \u010dasu. Z\u00e1pas sa bude v\u00a0Brit\u00e1nii vysiela\u0165 na\u017eivo na kan\u00e1li Sky Pick, zatia\u013e v\u0161ak nebolo dohodnut\u00e9 dejisko, kde sa bude kona\u0165.<\/span><\/p>\n<p><span lang=\"SK\">V pondelok sa stretne bezpe\u010dnostn\u00e1 poradn\u00e1 skupina mestskej rady Liverpoolu, aby rozhodla, \u010di sa z\u00e1pas bude hra\u0165 v pr\u00e1zdnom Goodison Parku alebo na neutr\u00e1lnom \u0161tadi\u00f3ne. Kluby sa z bezpe\u010dnostn\u00fdch d\u00f4vodov dohodli na pou\u017eit\u00ed neutr\u00e1lnych miest pre rizikov\u00e9 z\u00e1pasy, kone\u010dn\u00e9 rozhodnutie v\u0161ak ost\u00e1va na miestnych \u00faradoch.<\/span><\/p>\n<p><span lang=\"SK\">Minul\u00fd t\u00fd\u017ede\u0148 Merseyside Police uviedla, \u017ee nebude ma\u0165 probl\u00e9m s derby, ktor\u00e9 by sa konalo v Goodison Parku, aj ke\u010f Liverpool je na pokraji zaistenia titulu. To priamo odporovalo slov\u00e1m ved\u00faceho jednotky britskej futbalovej pol\u00edcie, z\u00e1stupcu hlavn\u00e9ho predstavite\u013ea Marka Robertsa z pol\u00edcie South Yorkshire, ktor\u00fd uviedol, \u017ee stretnutie patr\u00ed medzi \u0161esticu, ktor\u00e9 sa pova\u017euj\u00fa za vysok\u00e9 riziko a o\u010dak\u00e1va sa, \u017ee sa bud\u00fa hra\u0165 inde.<\/span><\/p>\n<h4>Zmeny v\u00a0pravidl\u00e1ch a novinky<\/h4>\n<p><span lang=\"SK\">Na stretnut\u00ed klubov Premier League sa dohodlo, \u017ee t\u00edmy m\u00f4\u017eu po\u010das zvy\u0161nej \u010dasti sez\u00f3ny pou\u017e\u00edva\u0165 p\u00e4\u0165 striedan\u00ed, zatia\u013e \u010do hlasovan\u00edm sa zv\u00fd\u0161il aj po\u010det hr\u00e1\u010dov na lavi\u010dke zo siedmich na dev\u00e4\u0165 n\u00e1hradn\u00edkov. V d\u00f4sledku toho sa zv\u00fd\u0161i po\u010det hr\u00e1\u010dov v\u00a0z\u00e1pasovej zostave z 18 na 20. Striedania m\u00f4\u017eu by\u0165 po\u010das hry uskuto\u010dnen\u00e9 iba trikr\u00e1t.<\/span><\/p>\n<p><span lang=\"SK\">Zauj\u00edmavos\u0165ou je, \u017ee v\u0161etk\u00fdch 92 zost\u00e1vaj\u00facich duelov sa bude vysiela\u0165 ako po\u010das majstrovstiev sveta, \u010di\u017ee ka\u017ed\u00fd de\u0148 v priamom prenose. Zabezpe\u010dia to vysielacie spolo\u010dnosti Sky Sports, BT, Amazon a\u00a0BBC. Rozvrh na \u010fal\u0161ie obdobie zatia\u013e nie je dokon\u010den\u00fd a po\u010diato\u010dn\u00e9 tri kol\u00e1 sa st\u00e1le m\u00f4\u017eu zmeni\u0165.<\/span><\/p>\n<p><span lang=\"SK\">Sky Sports navy\u0161e ozn\u00e1mila, \u017ee vo vysielan\u00ed bud\u00fa k dispoz\u00edcii zvuky div\u00e1kov na trib\u00fanach. Vysielac\u00ed gigant ozn\u00e1mil t\u00fato nov\u00fa inovat\u00edvnu technol\u00f3giu v spolupr\u00e1ci s EA SPORTS FIFA. S\u013eubuj\u00fa klubom na mieru \u0161it\u00e9 chor\u00e1ly a atmosf\u00e9ru davu. Div\u00e1ci si m\u00f4\u017eu zvoli\u0165 kan\u00e1l Sky, ktor\u00fd bud\u00fa sledova\u0165 s pridan\u00fdm zvukom alebo bez.<\/span><\/p>\n<h4>\u010eal\u0161\u00ed program<\/h4>\n<p><span lang=\"SK\">Nasleduj\u00faci z\u00e1pas po derby je v\u00fdlet na ihrisko \u0161tvr\u0165finalistov FA Cupu, Norwich City, a to v stredu 24. j\u00fana. S v\u00fdkopom o 19:00, ktor\u00fd bude druh\u00fdm zo \u0161tyroch duelov vysielan\u00fdch na\u017eivo na BBC Sport. Bude tomu tak prv\u00fdkr\u00e1t od vzniku s\u00fa\u0165a\u017ee Premier League v roku 1992. \u0160tvr\u0165fin\u00e1le FA Cupu sa kon\u00e1 nasleduj\u00faci v\u00edkend, \u010do znamen\u00e1, \u017ee \u010fal\u0161ie stretnutie Karameliek sa uskuto\u010dn\u00ed a\u017e v stredu 1. j\u00fala. Vtedy na dom\u00e1com tr\u00e1vniku priv\u00edtame Leicester City, ktor\u00e1 nah\u00e1\u0148a Ligu majstrov. Z\u00e1pas od\u0161tartuje o 19:00.<\/span><\/p>\n<p style=\"text-align: right;\"><span style=\"font-size: 8pt;\">(foto zdroj: Sky Sports)<\/span><\/p>\n<table style=\"width: 98.8%; height: 247px;\" width=\"566\">\n<tbody>\n<tr style=\"height: 32px;\">\n<td style=\"height: 32px; width: 49.8667%;\" width=\"283\"><span style=\"font-size: 10pt;\"><em><span style=\"text-decoration: underline;\">Proviz\u00f3rne term\u00edny zvy\u0161n\u00fdch z\u00e1pasov:<\/span><\/em><\/span><\/td>\n<td style=\"height: 32px; width: 48.8%;\" width=\"283\"><\/td>\n<\/tr>\n<tr style=\"height: 41px;\">\n<td style=\"height: 41px; width: 49.8667%;\"><span style=\"font-size: 10pt;\"><strong>Tottenham Hotspur<\/strong> (v) 16.00 &#8211; 4. j\u00fal<\/span><\/td>\n<td style=\"height: 41px; width: 48.8%; border-style: solid;\" width=\"283\"><span style=\"font-size: 10pt;\"><em><span style=\"text-decoration: underline;\">Potvrden\u00e9 z\u00e1pasy:<\/span><\/em><\/span><\/td>\n<\/tr>\n<tr style=\"height: 41px;\">\n<td style=\"height: 41px; width: 49.8667%;\"><span style=\"font-size: 10pt;\"><strong>Southampton<\/strong> (d) 21:00 &#8211; 8. j\u00fal<\/span><\/td>\n<td style=\"height: 41px; width: 48.8%; border-style: solid;\"><span style=\"font-size: 10pt;\"><strong>Liverpool<\/strong> (d) 19:00 &#8211; 21. j\u00fan (Sky, NBC)<\/span><\/td>\n<\/tr>\n<tr style=\"height: 41px;\">\n<td style=\"height: 41px; width: 49.8667%;\"><span style=\"font-size: 10pt;\"><strong>Wolverhampton<\/strong> (v) 16:00 &#8211; 11. j\u00fal<\/span><\/td>\n<td style=\"height: 41px; width: 48.8%; border-style: solid;\"><span style=\"font-size: 10pt;\"><strong>Norwich City<\/strong> (v) 19:00 &#8211; 24. j\u00fan (BBC)<\/span><\/td>\n<\/tr>\n<tr style=\"height: 41px;\">\n<td style=\"height: 41px; width: 49.8667%;\"><span style=\"font-size: 10pt;\"><strong>Aston Villa<\/strong> (d) 21:00 &#8211; 15. j\u00fal<\/span><\/td>\n<td style=\"height: 41px; width: 48.8%; border-style: solid;\"><span style=\"font-size: 10pt;\"><strong>Leicester City<\/strong> (d) 19:00 &#8211; 1. j\u00fal (Sky, NBC)<\/span><\/td>\n<\/tr>\n<tr style=\"height: 10px;\">\n<td style=\"height: 10px; width: 49.8667%;\"><span style=\"font-size: 10pt;\"><strong>Sheffield United<\/strong> (v) 16:00 &#8211; 18. j\u00fal<\/span><\/td>\n<td style=\"height: 10px; width: 48.8%;\"><\/td>\n<\/tr>\n<tr style=\"height: 41px;\">\n<td style=\"width: 49.8667%; height: 41px;\"><span style=\"font-size: 10pt;\"><strong>Bournemouth <\/strong>(d) 16:00 &#8211; 26. j\u00fal<\/span><\/td>\n<td style=\"width: 48.8%; height: 41px;\"><span style=\"font-size: 10pt;\"><strong>\u00a0<\/strong><\/span><\/td>\n<\/tr>\n<\/tbody>\n<\/table>\n","protected":false},"excerpt":{"rendered":"<p>Premier League potvrdila d\u00e1tumy prv\u00fdch troch z\u00e1pasov Evertonu po re\u0161tarte s\u00fa\u0165a\u017ee. Stretnutia s Liverpoolom, Norwichom a Leicesterom odohr\u00e1me v priebehu 11 dn\u00ed.<\/p>\n","protected":false},"author":1,"featured_media":11129,"comment_status":"open","ping_status":"closed","sticky":false,"template":"","format":"standard","meta":{"_eb_attr":"","_monsterinsights_skip_tracking":false,"_monsterinsights_sitenote_active":false,"_monsterinsights_sitenote_note":"","_monsterinsights_sitenote_category":0,"footnotes":""},"categories":[42],"tags":[],"yoast_head":"<!-- This site is optimized with the Yoast SEO plugin v23.4 - https:\/\/yoast.com\/wordpress\/plugins\/seo\/ -->\n<title>Derby, nede\u013ea ve\u010der, Goodison! - Official Czech &amp; Slovak Everton Supporters&#039; Club<\/title>\n<meta name=\"robots\" content=\"index, follow, max-snippet:-1, max-image-preview:large, max-video-preview:-1\" \/>\n<link rel=\"canonical\" href=\"https:\/\/evertonfc.cz\/index.php\/2020\/06\/10\/derby-v-nedelu-vecer\/\" \/>\n<meta property=\"og:locale\" content=\"cs_CZ\" \/>\n<meta property=\"og:type\" content=\"article\" \/>\n<meta property=\"og:title\" content=\"Derby, nede\u013ea ve\u010der, Goodison! - Official Czech &amp; Slovak Everton Supporters&#039; Club\" \/>\n<meta property=\"og:description\" content=\"Premier League potvrdila d\u00e1tumy prv\u00fdch troch z\u00e1pasov Evertonu po re\u0161tarte s\u00fa\u0165a\u017ee. Stretnutia s Liverpoolom, Norwichom a Leicesterom odohr\u00e1me v priebehu 11 dn\u00ed.\" \/>\n<meta property=\"og:url\" content=\"https:\/\/evertonfc.cz\/index.php\/2020\/06\/10\/derby-v-nedelu-vecer\/\" \/>\n<meta property=\"og:site_name\" content=\"Official Czech &amp; Slovak Everton Supporters&#039; Club\" \/>\n<meta property=\"article:publisher\" content=\"https:\/\/www.facebook.com\/everton.fans.cz.sk\" \/>\n<meta property=\"article:published_time\" content=\"2020-06-10T10:26:57+00:00\" \/>\n<meta property=\"article:modified_time\" content=\"2020-06-11T07:15:43+00:00\" \/>\n<meta property=\"og:image\" content=\"https:\/\/evertonfc.cz\/wp-content\/uploads\/2020\/06\/skysports-goodison-park-6-6-2020.jpg\" \/>\n\t<meta property=\"og:image:width\" content=\"720\" \/>\n\t<meta property=\"og:image:height\" content=\"405\" \/>\n\t<meta property=\"og:image:type\" content=\"image\/jpeg\" \/>\n<meta name=\"author\" content=\"BlueBlooded\" \/>\n<meta name=\"twitter:card\" content=\"summary_large_image\" \/>\n<meta name=\"twitter:label1\" content=\"Napsal(a)\" \/>\n\t<meta name=\"twitter:data1\" content=\"BlueBlooded\" \/>\n\t<meta name=\"twitter:label2\" content=\"Odhadovan\u00e1 doba \u010dten\u00ed\" \/>\n\t<meta name=\"twitter:data2\" content=\"4 minuty\" \/>\n<script type=\"application\/ld+json\" class=\"yoast-schema-graph\">{\"@context\":\"https:\/\/schema.org\",\"@graph\":[{\"@type\":\"Article\",\"@id\":\"https:\/\/evertonfc.cz\/index.php\/2020\/06\/10\/derby-v-nedelu-vecer\/#article\",\"isPartOf\":{\"@id\":\"https:\/\/evertonfc.cz\/index.php\/2020\/06\/10\/derby-v-nedelu-vecer\/\"},\"author\":{\"name\":\"BlueBlooded\",\"@id\":\"https:\/\/evertonfc.cz\/#\/schema\/person\/d4493b8cbea51532597fbc4685698916\"},\"headline\":\"Derby, nede\u013ea ve\u010der, Goodison!\",\"datePublished\":\"2020-06-10T10:26:57+00:00\",\"dateModified\":\"2020-06-11T07:15:43+00:00\",\"mainEntityOfPage\":{\"@id\":\"https:\/\/evertonfc.cz\/index.php\/2020\/06\/10\/derby-v-nedelu-vecer\/\"},\"wordCount\":727,\"commentCount\":10,\"publisher\":{\"@id\":\"https:\/\/evertonfc.cz\/#organization\"},\"image\":{\"@id\":\"https:\/\/evertonfc.cz\/index.php\/2020\/06\/10\/derby-v-nedelu-vecer\/#primaryimage\"},\"thumbnailUrl\":\"https:\/\/evertonfc.cz\/wp-content\/uploads\/2020\/06\/skysports-goodison-park-6-6-2020.jpg\",\"articleSection\":[\"Aktuality\"],\"inLanguage\":\"cs\",\"potentialAction\":[{\"@type\":\"CommentAction\",\"name\":\"Comment\",\"target\":[\"https:\/\/evertonfc.cz\/index.php\/2020\/06\/10\/derby-v-nedelu-vecer\/#respond\"]}]},{\"@type\":\"WebPage\",\"@id\":\"https:\/\/evertonfc.cz\/index.php\/2020\/06\/10\/derby-v-nedelu-vecer\/\",\"url\":\"https:\/\/evertonfc.cz\/index.php\/2020\/06\/10\/derby-v-nedelu-vecer\/\",\"name\":\"Derby, nede\u013ea ve\u010der, Goodison! - Official Czech &amp; Slovak Everton Supporters&#039; Club\",\"isPartOf\":{\"@id\":\"https:\/\/evertonfc.cz\/#website\"},\"primaryImageOfPage\":{\"@id\":\"https:\/\/evertonfc.cz\/index.php\/2020\/06\/10\/derby-v-nedelu-vecer\/#primaryimage\"},\"image\":{\"@id\":\"https:\/\/evertonfc.cz\/index.php\/2020\/06\/10\/derby-v-nedelu-vecer\/#primaryimage\"},\"thumbnailUrl\":\"https:\/\/evertonfc.cz\/wp-content\/uploads\/2020\/06\/skysports-goodison-park-6-6-2020.jpg\",\"datePublished\":\"2020-06-10T10:26:57+00:00\",\"dateModified\":\"2020-06-11T07:15:43+00:00\",\"breadcrumb\":{\"@id\":\"https:\/\/evertonfc.cz\/index.php\/2020\/06\/10\/derby-v-nedelu-vecer\/#breadcrumb\"},\"inLanguage\":\"cs\",\"potentialAction\":[{\"@type\":\"ReadAction\",\"target\":[\"https:\/\/evertonfc.cz\/index.php\/2020\/06\/10\/derby-v-nedelu-vecer\/\"]}]},{\"@type\":\"ImageObject\",\"inLanguage\":\"cs\",\"@id\":\"https:\/\/evertonfc.cz\/index.php\/2020\/06\/10\/derby-v-nedelu-vecer\/#primaryimage\",\"url\":\"https:\/\/evertonfc.cz\/wp-content\/uploads\/2020\/06\/skysports-goodison-park-6-6-2020.jpg\",\"contentUrl\":\"https:\/\/evertonfc.cz\/wp-content\/uploads\/2020\/06\/skysports-goodison-park-6-6-2020.jpg\",\"width\":720,\"height\":405},{\"@type\":\"BreadcrumbList\",\"@id\":\"https:\/\/evertonfc.cz\/index.php\/2020\/06\/10\/derby-v-nedelu-vecer\/#breadcrumb\",\"itemListElement\":[{\"@type\":\"ListItem\",\"position\":1,\"name\":\"Home\",\"item\":\"https:\/\/evertonfc.cz\/\"},{\"@type\":\"ListItem\",\"position\":2,\"name\":\"Derby, nede\u013ea ve\u010der, Goodison!\"}]},{\"@type\":\"WebSite\",\"@id\":\"https:\/\/evertonfc.cz\/#website\",\"url\":\"https:\/\/evertonfc.cz\/\",\"name\":\"Official Czech &amp; Slovak Everton Supporters&#039; Club\",\"description\":\"\",\"publisher\":{\"@id\":\"https:\/\/evertonfc.cz\/#organization\"},\"potentialAction\":[{\"@type\":\"SearchAction\",\"target\":{\"@type\":\"EntryPoint\",\"urlTemplate\":\"https:\/\/evertonfc.cz\/?s={search_term_string}\"},\"query-input\":{\"@type\":\"PropertyValueSpecification\",\"valueRequired\":true,\"valueName\":\"search_term_string\"}}],\"inLanguage\":\"cs\"},{\"@type\":\"Organization\",\"@id\":\"https:\/\/evertonfc.cz\/#organization\",\"name\":\"Official Czech & Slovak Everton Supporters' Club\",\"url\":\"https:\/\/evertonfc.cz\/\",\"logo\":{\"@type\":\"ImageObject\",\"inLanguage\":\"cs\",\"@id\":\"https:\/\/evertonfc.cz\/#\/schema\/logo\/image\/\",\"url\":\"https:\/\/evertonfc.cz\/wp-content\/uploads\/2019\/05\/logo.png\",\"contentUrl\":\"https:\/\/evertonfc.cz\/wp-content\/uploads\/2019\/05\/logo.png\",\"width\":112,\"height\":112,\"caption\":\"Official Czech & Slovak Everton Supporters' Club\"},\"image\":{\"@id\":\"https:\/\/evertonfc.cz\/#\/schema\/logo\/image\/\"},\"sameAs\":[\"https:\/\/www.facebook.com\/everton.fans.cz.sk\"]},{\"@type\":\"Person\",\"@id\":\"https:\/\/evertonfc.cz\/#\/schema\/person\/d4493b8cbea51532597fbc4685698916\",\"name\":\"BlueBlooded\",\"url\":\"https:\/\/evertonfc.cz\/index.php\/author\/admin\/\"}]}<\/script>\n<!-- \/ Yoast SEO plugin. -->","yoast_head_json":{"title":"Derby, nede\u013ea ve\u010der, Goodison! - Official Czech &amp; Slovak Everton Supporters&#039; Club","robots":{"index":"index","follow":"follow","max-snippet":"max-snippet:-1","max-image-preview":"max-image-preview:large","max-video-preview":"max-video-preview:-1"},"canonical":"https:\/\/evertonfc.cz\/index.php\/2020\/06\/10\/derby-v-nedelu-vecer\/","og_locale":"cs_CZ","og_type":"article","og_title":"Derby, nede\u013ea ve\u010der, Goodison! - Official Czech &amp; Slovak Everton Supporters&#039; Club","og_description":"Premier League potvrdila d\u00e1tumy prv\u00fdch troch z\u00e1pasov Evertonu po re\u0161tarte s\u00fa\u0165a\u017ee. Stretnutia s Liverpoolom, Norwichom a Leicesterom odohr\u00e1me v priebehu 11 dn\u00ed.","og_url":"https:\/\/evertonfc.cz\/index.php\/2020\/06\/10\/derby-v-nedelu-vecer\/","og_site_name":"Official Czech &amp; Slovak Everton Supporters&#039; Club","article_publisher":"https:\/\/www.facebook.com\/everton.fans.cz.sk","article_published_time":"2020-06-10T10:26:57+00:00","article_modified_time":"2020-06-11T07:15:43+00:00","og_image":[{"width":720,"height":405,"url":"https:\/\/evertonfc.cz\/wp-content\/uploads\/2020\/06\/skysports-goodison-park-6-6-2020.jpg","type":"image\/jpeg"}],"author":"BlueBlooded","twitter_card":"summary_large_image","twitter_misc":{"Napsal(a)":"BlueBlooded","Odhadovan\u00e1 doba \u010dten\u00ed":"4 minuty"},"schema":{"@context":"https:\/\/schema.org","@graph":[{"@type":"Article","@id":"https:\/\/evertonfc.cz\/index.php\/2020\/06\/10\/derby-v-nedelu-vecer\/#article","isPartOf":{"@id":"https:\/\/evertonfc.cz\/index.php\/2020\/06\/10\/derby-v-nedelu-vecer\/"},"author":{"name":"BlueBlooded","@id":"https:\/\/evertonfc.cz\/#\/schema\/person\/d4493b8cbea51532597fbc4685698916"},"headline":"Derby, nede\u013ea ve\u010der, Goodison!","datePublished":"2020-06-10T10:26:57+00:00","dateModified":"2020-06-11T07:15:43+00:00","mainEntityOfPage":{"@id":"https:\/\/evertonfc.cz\/index.php\/2020\/06\/10\/derby-v-nedelu-vecer\/"},"wordCount":727,"commentCount":10,"publisher":{"@id":"https:\/\/evertonfc.cz\/#organization"},"image":{"@id":"https:\/\/evertonfc.cz\/index.php\/2020\/06\/10\/derby-v-nedelu-vecer\/#primaryimage"},"thumbnailUrl":"https:\/\/evertonfc.cz\/wp-content\/uploads\/2020\/06\/skysports-goodison-park-6-6-2020.jpg","articleSection":["Aktuality"],"inLanguage":"cs","potentialAction":[{"@type":"CommentAction","name":"Comment","target":["https:\/\/evertonfc.cz\/index.php\/2020\/06\/10\/derby-v-nedelu-vecer\/#respond"]}]},{"@type":"WebPage","@id":"https:\/\/evertonfc.cz\/index.php\/2020\/06\/10\/derby-v-nedelu-vecer\/","url":"https:\/\/evertonfc.cz\/index.php\/2020\/06\/10\/derby-v-nedelu-vecer\/","name":"Derby, nede\u013ea ve\u010der, Goodison! - Official Czech &amp; Slovak Everton Supporters&#039; Club","isPartOf":{"@id":"https:\/\/evertonfc.cz\/#website"},"primaryImageOfPage":{"@id":"https:\/\/evertonfc.cz\/index.php\/2020\/06\/10\/derby-v-nedelu-vecer\/#primaryimage"},"image":{"@id":"https:\/\/evertonfc.cz\/index.php\/2020\/06\/10\/derby-v-nedelu-vecer\/#primaryimage"},"thumbnailUrl":"https:\/\/evertonfc.cz\/wp-content\/uploads\/2020\/06\/skysports-goodison-park-6-6-2020.jpg","datePublished":"2020-06-10T10:26:57+00:00","dateModified":"2020-06-11T07:15:43+00:00","breadcrumb":{"@id":"https:\/\/evertonfc.cz\/index.php\/2020\/06\/10\/derby-v-nedelu-vecer\/#breadcrumb"},"inLanguage":"cs","potentialAction":[{"@type":"ReadAction","target":["https:\/\/evertonfc.cz\/index.php\/2020\/06\/10\/derby-v-nedelu-vecer\/"]}]},{"@type":"ImageObject","inLanguage":"cs","@id":"https:\/\/evertonfc.cz\/index.php\/2020\/06\/10\/derby-v-nedelu-vecer\/#primaryimage","url":"https:\/\/evertonfc.cz\/wp-content\/uploads\/2020\/06\/skysports-goodison-park-6-6-2020.jpg","contentUrl":"https:\/\/evertonfc.cz\/wp-content\/uploads\/2020\/06\/skysports-goodison-park-6-6-2020.jpg","width":720,"height":405},{"@type":"BreadcrumbList","@id":"https:\/\/evertonfc.cz\/index.php\/2020\/06\/10\/derby-v-nedelu-vecer\/#breadcrumb","itemListElement":[{"@type":"ListItem","position":1,"name":"Home","item":"https:\/\/evertonfc.cz\/"},{"@type":"ListItem","position":2,"name":"Derby, nede\u013ea ve\u010der, Goodison!"}]},{"@type":"WebSite","@id":"https:\/\/evertonfc.cz\/#website","url":"https:\/\/evertonfc.cz\/","name":"Official Czech &amp; Slovak Everton Supporters&#039; Club","description":"","publisher":{"@id":"https:\/\/evertonfc.cz\/#organization"},"potentialAction":[{"@type":"SearchAction","target":{"@type":"EntryPoint","urlTemplate":"https:\/\/evertonfc.cz\/?s={search_term_string}"},"query-input":{"@type":"PropertyValueSpecification","valueRequired":true,"valueName":"search_term_string"}}],"inLanguage":"cs"},{"@type":"Organization","@id":"https:\/\/evertonfc.cz\/#organization","name":"Official Czech & Slovak Everton Supporters' Club","url":"https:\/\/evertonfc.cz\/","logo":{"@type":"ImageObject","inLanguage":"cs","@id":"https:\/\/evertonfc.cz\/#\/schema\/logo\/image\/","url":"https:\/\/evertonfc.cz\/wp-content\/uploads\/2019\/05\/logo.png","contentUrl":"https:\/\/evertonfc.cz\/wp-content\/uploads\/2019\/05\/logo.png","width":112,"height":112,"caption":"Official Czech & Slovak Everton Supporters' Club"},"image":{"@id":"https:\/\/evertonfc.cz\/#\/schema\/logo\/image\/"},"sameAs":["https:\/\/www.facebook.com\/everton.fans.cz.sk"]},{"@type":"Person","@id":"https:\/\/evertonfc.cz\/#\/schema\/person\/d4493b8cbea51532597fbc4685698916","name":"BlueBlooded","url":"https:\/\/evertonfc.cz\/index.php\/author\/admin\/"}]}},"_links":{"self":[{"href":"https:\/\/evertonfc.cz\/index.php\/wp-json\/wp\/v2\/posts\/11130"}],"collection":[{"href":"https:\/\/evertonfc.cz\/index.php\/wp-json\/wp\/v2\/posts"}],"about":[{"href":"https:\/\/evertonfc.cz\/index.php\/wp-json\/wp\/v2\/types\/post"}],"author":[{"embeddable":true,"href":"https:\/\/evertonfc.cz\/index.php\/wp-json\/wp\/v2\/users\/1"}],"replies":[{"embeddable":true,"href":"https:\/\/evertonfc.cz\/index.php\/wp-json\/wp\/v2\/comments?post=11130"}],"version-history":[{"count":15,"href":"https:\/\/evertonfc.cz\/index.php\/wp-json\/wp\/v2\/posts\/11130\/revisions"}],"predecessor-version":[{"id":11161,"href":"https:\/\/evertonfc.cz\/index.php\/wp-json\/wp\/v2\/posts\/11130\/revisions\/11161"}],"wp:featuredmedia":[{"embeddable":true,"href":"https:\/\/evertonfc.cz\/index.php\/wp-json\/wp\/v2\/media\/11129"}],"wp:attachment":[{"href":"https:\/\/evertonfc.cz\/index.php\/wp-json\/wp\/v2\/media?parent=11130"}],"wp:term":[{"taxonomy":"category","embeddable":true,"href":"https:\/\/evertonfc.cz\/index.php\/wp-json\/wp\/v2\/categories?post=11130"},{"taxonomy":"post_tag","embeddable":true,"href":"https:\/\/evertonfc.cz\/index.php\/wp-json\/wp\/v2\/tags?post=11130"}],"curies":[{"name":"wp","href":"https:\/\/api.w.org\/{rel}","templated":true}]}}