{"id":11141,"date":"2020-06-08T10:36:09","date_gmt":"2020-06-08T08:36:09","guid":{"rendered":"https:\/\/evertonfc.cz\/?p=11141"},"modified":"2020-06-23T09:27:12","modified_gmt":"2020-06-23T07:27:12","slug":"gordon-bude-hrat-tvrdi-ancelotti","status":"publish","type":"post","link":"https:\/\/evertonfc.cz\/index.php\/2020\/06\/08\/gordon-bude-hrat-tvrdi-ancelotti\/","title":{"rendered":"Gordon bude hra\u0165, tvrd\u00ed Ancelotti"},"content":{"rendered":"<h4><span lang=\"SK\">K\u00fdm predch\u00e1dzaj\u00faci mana\u017e\u00e9r nedoprial debut \u017eiadnemu odchovancovi akad\u00e9mie, Ancelotti nev\u00e1hal zapoji\u0165 Gordona potom, \u010do ho Goodison Parku predstavil Ferguson.<\/span><\/h4>\n<p>Anthony, rod\u00e1k z\u00a0Liverpoolu, ktor\u00fd do svojich jeden\u00e1stich rokov hr\u00e1val za miestny Frameline Juniors FC, si v\u00a0tejto sez\u00f3ne prip\u00edsal u\u017e tri z\u00e1rezy za A\u00a0t\u00edm. V\u0161etky pri\u0161li z\u00a0lavi\u010dky, a\u00a0hoci ani v\u00a0jednom stretnut\u00ed Everton nevyhral, dev\u00e4tn\u00e1s\u0165ro\u010dn\u00e9ho \u00fato\u010dn\u00edka to\u00a0mrzie\u0165 nemus\u00ed, preto\u017ee za 64 min\u00fat akcie by len m\u00e1lokto obr\u00e1til svet naruby.<\/p>\n<p>Jubilejn\u00fd p\u00e4\u0165desiaty odchovanec klubu, ktor\u00fd ok\u00fasil Premie League, pravdepodobne pri\u0161iel na sc\u00e9nu v tom spr\u00e1vnom \u010dase. Koronakr\u00edza ovplyvn\u00ed aj svet futbalu a ten spolu s Evertonom bude musie\u0165 za\u010da\u0165 \u0161etri\u0165. A pr\u00e1ve vtedy sa z\u00edde trpezliv\u00e1 pr\u00e1ca s dom\u00e1cou liah\u0148ou. Carla Ancelottiho spolu s Davidom Unsworthom o novom nevybr\u00fasenom diamante vyspovedal novin\u00e1r Paul Joyce z The Times. Viera v neho Talianovi rozhodne nech\u00fdba.<\/p>\n<p><em>\u201eAnthony je hr\u00e1\u010d s\u00a0mno\u017estvom talentu. A ak m\u00e1 mlad\u00fd hr\u00e1\u010d kvalitu a\u00a0schopnosti, potom nie je \u0165a\u017ek\u00e9 mu d\u00f4verova\u0165. Samozrejme, to, \u017ee je mlad\u00fd znamen\u00e1, \u017ee sa mus\u00ed zlep\u0161i\u0165, ale to je norm\u00e1lne. M\u00e1 v\u0161etko potrebn\u00e9, aby hral v\u00a0prvom t\u00edme. V\u00a0posledn\u00fdch z\u00e1pasoch, ktor\u00e9 n\u00e1m ost\u00e1vaj\u00fa do konca sez\u00f3ny bude ma\u0165 pr\u00edle\u017eitos\u0165 znova hra\u0165.\u201c<\/em><\/p>\n<h4>Pracoval na sebe aj po\u010das karant\u00e9ny<\/h4>\n<p>Mlad\u00fd futbalista odst\u00e1vku pre COVID-19 vraj tr\u00e1vil v\u00a0posil\u0148ovni, kde sa sna\u017eil nabra\u0165 hmotu navy\u0161e. Carlo si pod\u013ea vlastn\u00fdch slov nejak\u00e9 v\u00fdznamn\u00e9 zmeny nev\u0161imol. <em>\u201ePracoval na sebe, ale nemus\u00ed. Mo\u017eno ak bude silnej\u0161\u00ed, strat\u00ed nie\u010do z\u00a0in\u00fdch schopnost\u00ed\u201c<\/em>. Gordon sa najlep\u0161ie c\u00edti na kraji z\u00e1lohy alebo v\u00a0jej kreat\u00edvnom srdci. Disponuje dokonca r\u00fdchlos\u0165ou potrebnou pre \u00fato\u010dn\u00edka, ktor\u00fd zabieha za obranu.<\/p>\n<p><em>\u201ePredov\u0161etk\u00fdm m\u00e1 obrovsk\u00e9 technick\u00e9 zru\u010dnosti. Vie ich kombinova\u0165 s\u00a0fyzickou kond\u00edciou a\u00a0odolnos\u0165ou, tak\u017ee si mysl\u00edm, \u017ee by nemal probl\u00e9m hra\u0165 aj ako z\u00e1lo\u017en\u00edk. Ke\u010f za\u010dal s\u00a0nami tr\u00e9nova\u0165, dal som ho na\u013eavo. Viedol si ve\u013emi dobre a\u00a0pod\u013ea m\u0148a tie\u017e zvl\u00e1dne poz\u00edciu \u010d\u00edsla desa\u0165. V\u00a0poslednej tretine je ve\u013emi schopn\u00fd a\u00a0m\u00e1m s\u00a0n\u00edm trpezlivos\u0165. V\u0161etci hr\u00e1\u010di z\u00a0akad\u00e9mie s\u00fa pre n\u00e1s naozaj d\u00f4le\u017eit\u00ed. \u010c\u00edm viacej ich m\u00e1me, t\u00fdm v\u00e4\u010d\u0161ia je \u0161anca na \u00faspech.\u201c<\/em><\/p>\n<p>Toti\u017e to nie s\u00fa len pr\u00e1zdne re\u010di. V\u00a0Parme zo sedemn\u00e1s\u0165ro\u010dn\u00e9ho Buffona spravil brank\u00e1rsku st\u00e1licu a\u00a0nesk\u00f4r v\u00a0mil\u00e1nskom AC \u017eiaril dvadsa\u0165jedenro\u010dn\u00fd Kak\u00e1 pr\u00e1ve v\u010faka priestoru, ktor\u00fd mu dodal Ancelotti.<\/p>\n<p><em>\u201eZo sk\u00fasenosti, ktor\u00fa m\u00e1m z\u00a0Mil\u00e1na e\u0161te ako hr\u00e1\u010d, kde bol fantastick\u00fd t\u00edm, viem, \u017ee bol postaven\u00fd na hr\u00e1\u010doch z\u00a0akad\u00e9mie. Je pravda, \u017ee sa n\u00e1m darilo potom ako pri\u0161li Ruud Gullit, Marco Van Basten a Frank Rijkaard. Ale na za\u010diatku boli hr\u00e1\u010di ako Franco Baresi a Paolo Maldini v\u0161etko z\u00a0akad\u00e9mie. A\u00a0t\u00edto hr\u00e1\u010di mali pocit spolupatri\u010dnosti, odli\u0161n\u00ed od ostatn\u00fdch.\u201c<\/em><\/p>\n<h4>Vedenie zhora je d\u00f4le\u017eit\u00e9<\/h4>\n<p>Gordona, ako aj in\u00fdch, si pravidelne ber\u00fa na staros\u0165 Unsworth, v neposlednom rade aj Marcel Brands, \u0161portov\u00fd riadite\u013e klubu. Ten si udr\u017euje podrobn\u00fd preh\u013ead o v\u0161etk\u00fdch ml\u00e1de\u017en\u00edckych t\u00edmoch a pravidelne nav\u0161tevuje z\u00e1pasy nielen B t\u00edmu. Pri U23, z ktor\u00e9ho sa Anthony prebil do A\u010dka, je k\u013e\u00fa\u010dov\u00fd individu\u00e1lny pr\u00edstup k jednotlivcom, zaru\u010duj\u00faci \u010do najlep\u0161\u00ed v\u00fdvoj schopnost\u00ed konkr\u00e9tneho hr\u00e1\u010da. B\u00fdval\u00ed obranca Evertonu je v tomto expert.<\/p>\n<p><em>\u201eMlad\u00fdm hr\u00e1\u010dom mus\u00edte poveda\u0165, \u010do od nich chcete a\u00a0uk\u00e1za\u0165 im, \u010do o\u010dak\u00e1vate. P\u00fa\u0161\u0165ate im vide\u00e1 ich z\u00e1pasov a\u00a0porovn\u00e1vate s\u00a0hr\u00e1\u010dmi z\u00a0prv\u00e9ho t\u00edmu, ktor\u00ed toho robia na ihrisku viac. Jedno poobedie sme si ja a\u00a0Marcel sadli s\u00a0Anthonym a\u00a0uk\u00e1zali mu d\u00e1ta v\u0161etk\u00fdch hr\u00e1\u010dov prv\u00e9ho t\u00edmu zo v\u0161etk\u00fdch oblast\u00ed a\u00a0fyzick\u00e9ho v\u00fdkonu. Porovnali sme to s\u00a0jeho \u00fadajmi a\u00a0on ihne\u010f spoznal, \u017ee mus\u00ed robi\u0165 viac.\u201c<\/em><\/p>\n<p><em>\u201eJe mojou pr\u00e1cou na to poukazova\u0165 v\u00a0z\u00e1pasoch<\/em>.\u201c hovor\u00ed Unsworth<em>. \u201ePo\u010das tr\u00e9ningu, ke\u010f stopneme n\u00e1cvik, m\u00f4\u017ee by\u0165 p\u00e4\u0165 metrov mimo poz\u00edcie. To sa m\u00f4\u017ee zda\u0165 bezv\u00fdznamn\u00e9, ale k\u013eudne to m\u00f4\u017ee by\u0165 rozdiel medzi hr\u00e1\u010dom, ktor\u00fd v\u00e1m ujde a\u00a0d\u00e1 g\u00f3l. Str\u00e1vili sme t\u00fdm stovky a\u00a0stovky hod\u00edn. Je to pr\u00edklad nie\u010doho, \u010do sa d\u00e1 s\u00a0mlad\u00fdmi hr\u00e1\u010dmi natr\u00e9nova\u0165. V\u00fdber miesta, pozi\u010dn\u00e1 hra bez lopty. V\u0161etko toto nem\u00e1 Anthony od pr\u00edrody, ale stane sa to jeho druhou prirodzenos\u0165ou. Dar\u00ed sa mu v\u00a0tom fantasticky.\u201c<\/em><\/p>\n<p><em>\u201eV \u00fato\u010dnej tretine sme jeho v\u00fdvoj v\u00a0podstate nechali na neho. M\u00e1 vynikaj\u00facu techniku,<\/em> <em>elektrizuj\u00facu r\u00fdchlos\u0165 a dok\u00e1\u017ee veci ako len p\u00e1r hr\u00e1\u010dov \u2013 vytv\u00e1ra\u0165 g\u00f3ly a \u0161ance. Ako postupoval vekov\u00fdmi kateg\u00f3riami, bol len lep\u0161\u00ed a lep\u0161\u00ed.\u201c<\/em><\/p>\n<p>Mana\u017e\u00e9r U23 sa netaj\u00ed t\u00fdm, \u017ee Anthonyho bud\u00facnos\u0165 je pod\u013ea neho v\u00a0\u00fatoku. Aj na Finch Farm bol ned\u00e1vno viden\u00fd v\u00a0spolo\u010dn\u00fdch tr\u00e9ningoch s\u00a0Richarlisonom, no doposia\u013e hral na \u013eavej alebo na pravej strane. \u010ci sa nie\u010do zmen\u00ed, uvid\u00edme v\u00a0nasleduj\u00facich t\u00fd\u017ed\u0148och a\u00a0mesiacoch. D\u00f4le\u017eit\u00e9 v\u0161ak je, aby bol v\u00f4bec na ihrisku.<\/p>\n<p style=\"text-align: right;\"><em><span style=\"font-size: 8pt;\">(foto zdroj: Tony McArdle \/ Everton FC)<\/span><\/em><\/p>\n","protected":false},"excerpt":{"rendered":"<p>K\u00fdm predch\u00e1dzaj\u00faci mana\u017e\u00e9r nedoprial debut \u017eiadnemu odchovancovi akad\u00e9mie, Ancelotti nev\u00e1hal zapoji\u0165 Gordona potom, \u010do ho Goodison Parku predstavil Ferguson.<\/p>\n","protected":false},"author":1,"featured_media":11140,"comment_status":"open","ping_status":"closed","sticky":false,"template":"","format":"standard","meta":{"_eb_attr":"","_monsterinsights_skip_tracking":false,"_monsterinsights_sitenote_active":false,"_monsterinsights_sitenote_note":"","_monsterinsights_sitenote_category":0,"footnotes":""},"categories":[1],"tags":[],"yoast_head":"<!-- This site is optimized with the Yoast SEO plugin v23.4 - https:\/\/yoast.com\/wordpress\/plugins\/seo\/ -->\n<title>Gordon bude hra\u0165, tvrd\u00ed Ancelotti - Official Czech &amp; Slovak Everton Supporters&#039; Club<\/title>\n<meta name=\"robots\" content=\"index, follow, max-snippet:-1, max-image-preview:large, max-video-preview:-1\" \/>\n<link rel=\"canonical\" href=\"https:\/\/evertonfc.cz\/index.php\/2020\/06\/08\/gordon-bude-hrat-tvrdi-ancelotti\/\" \/>\n<meta property=\"og:locale\" content=\"cs_CZ\" \/>\n<meta property=\"og:type\" content=\"article\" \/>\n<meta property=\"og:title\" content=\"Gordon bude hra\u0165, tvrd\u00ed Ancelotti - Official Czech &amp; Slovak Everton Supporters&#039; Club\" \/>\n<meta property=\"og:description\" content=\"K\u00fdm predch\u00e1dzaj\u00faci mana\u017e\u00e9r nedoprial debut \u017eiadnemu odchovancovi akad\u00e9mie, Ancelotti nev\u00e1hal zapoji\u0165 Gordona potom, \u010do ho Goodison Parku predstavil Ferguson.\" \/>\n<meta property=\"og:url\" content=\"https:\/\/evertonfc.cz\/index.php\/2020\/06\/08\/gordon-bude-hrat-tvrdi-ancelotti\/\" \/>\n<meta property=\"og:site_name\" content=\"Official Czech &amp; Slovak Everton Supporters&#039; Club\" \/>\n<meta property=\"article:publisher\" content=\"https:\/\/www.facebook.com\/everton.fans.cz.sk\" \/>\n<meta property=\"article:published_time\" content=\"2020-06-08T08:36:09+00:00\" \/>\n<meta property=\"article:modified_time\" content=\"2020-06-23T07:27:12+00:00\" \/>\n<meta property=\"og:image\" content=\"https:\/\/evertonfc.cz\/wp-content\/uploads\/2020\/06\/gordon-ancelotti-tony-mcardle-evertonfc.png\" \/>\n\t<meta property=\"og:image:width\" content=\"720\" \/>\n\t<meta property=\"og:image:height\" content=\"405\" \/>\n\t<meta property=\"og:image:type\" content=\"image\/png\" \/>\n<meta name=\"author\" content=\"BlueBlooded\" \/>\n<meta name=\"twitter:card\" content=\"summary_large_image\" \/>\n<meta name=\"twitter:label1\" content=\"Napsal(a)\" \/>\n\t<meta name=\"twitter:data1\" content=\"BlueBlooded\" \/>\n\t<meta name=\"twitter:label2\" content=\"Odhadovan\u00e1 doba \u010dten\u00ed\" \/>\n\t<meta name=\"twitter:data2\" content=\"5 minut\" \/>\n<script type=\"application\/ld+json\" class=\"yoast-schema-graph\">{\"@context\":\"https:\/\/schema.org\",\"@graph\":[{\"@type\":\"Article\",\"@id\":\"https:\/\/evertonfc.cz\/index.php\/2020\/06\/08\/gordon-bude-hrat-tvrdi-ancelotti\/#article\",\"isPartOf\":{\"@id\":\"https:\/\/evertonfc.cz\/index.php\/2020\/06\/08\/gordon-bude-hrat-tvrdi-ancelotti\/\"},\"author\":{\"name\":\"BlueBlooded\",\"@id\":\"https:\/\/evertonfc.cz\/#\/schema\/person\/d4493b8cbea51532597fbc4685698916\"},\"headline\":\"Gordon bude hra\u0165, tvrd\u00ed Ancelotti\",\"datePublished\":\"2020-06-08T08:36:09+00:00\",\"dateModified\":\"2020-06-23T07:27:12+00:00\",\"mainEntityOfPage\":{\"@id\":\"https:\/\/evertonfc.cz\/index.php\/2020\/06\/08\/gordon-bude-hrat-tvrdi-ancelotti\/\"},\"wordCount\":987,\"commentCount\":2,\"publisher\":{\"@id\":\"https:\/\/evertonfc.cz\/#organization\"},\"image\":{\"@id\":\"https:\/\/evertonfc.cz\/index.php\/2020\/06\/08\/gordon-bude-hrat-tvrdi-ancelotti\/#primaryimage\"},\"thumbnailUrl\":\"https:\/\/evertonfc.cz\/wp-content\/uploads\/2020\/06\/gordon-ancelotti-tony-mcardle-evertonfc.png\",\"articleSection\":[\"Rozhovory\"],\"inLanguage\":\"cs\",\"potentialAction\":[{\"@type\":\"CommentAction\",\"name\":\"Comment\",\"target\":[\"https:\/\/evertonfc.cz\/index.php\/2020\/06\/08\/gordon-bude-hrat-tvrdi-ancelotti\/#respond\"]}]},{\"@type\":\"WebPage\",\"@id\":\"https:\/\/evertonfc.cz\/index.php\/2020\/06\/08\/gordon-bude-hrat-tvrdi-ancelotti\/\",\"url\":\"https:\/\/evertonfc.cz\/index.php\/2020\/06\/08\/gordon-bude-hrat-tvrdi-ancelotti\/\",\"name\":\"Gordon bude hra\u0165, tvrd\u00ed Ancelotti - Official Czech &amp; Slovak Everton Supporters&#039; Club\",\"isPartOf\":{\"@id\":\"https:\/\/evertonfc.cz\/#website\"},\"primaryImageOfPage\":{\"@id\":\"https:\/\/evertonfc.cz\/index.php\/2020\/06\/08\/gordon-bude-hrat-tvrdi-ancelotti\/#primaryimage\"},\"image\":{\"@id\":\"https:\/\/evertonfc.cz\/index.php\/2020\/06\/08\/gordon-bude-hrat-tvrdi-ancelotti\/#primaryimage\"},\"thumbnailUrl\":\"https:\/\/evertonfc.cz\/wp-content\/uploads\/2020\/06\/gordon-ancelotti-tony-mcardle-evertonfc.png\",\"datePublished\":\"2020-06-08T08:36:09+00:00\",\"dateModified\":\"2020-06-23T07:27:12+00:00\",\"breadcrumb\":{\"@id\":\"https:\/\/evertonfc.cz\/index.php\/2020\/06\/08\/gordon-bude-hrat-tvrdi-ancelotti\/#breadcrumb\"},\"inLanguage\":\"cs\",\"potentialAction\":[{\"@type\":\"ReadAction\",\"target\":[\"https:\/\/evertonfc.cz\/index.php\/2020\/06\/08\/gordon-bude-hrat-tvrdi-ancelotti\/\"]}]},{\"@type\":\"ImageObject\",\"inLanguage\":\"cs\",\"@id\":\"https:\/\/evertonfc.cz\/index.php\/2020\/06\/08\/gordon-bude-hrat-tvrdi-ancelotti\/#primaryimage\",\"url\":\"https:\/\/evertonfc.cz\/wp-content\/uploads\/2020\/06\/gordon-ancelotti-tony-mcardle-evertonfc.png\",\"contentUrl\":\"https:\/\/evertonfc.cz\/wp-content\/uploads\/2020\/06\/gordon-ancelotti-tony-mcardle-evertonfc.png\",\"width\":720,\"height\":405},{\"@type\":\"BreadcrumbList\",\"@id\":\"https:\/\/evertonfc.cz\/index.php\/2020\/06\/08\/gordon-bude-hrat-tvrdi-ancelotti\/#breadcrumb\",\"itemListElement\":[{\"@type\":\"ListItem\",\"position\":1,\"name\":\"Home\",\"item\":\"https:\/\/evertonfc.cz\/\"},{\"@type\":\"ListItem\",\"position\":2,\"name\":\"Gordon bude hra\u0165, tvrd\u00ed Ancelotti\"}]},{\"@type\":\"WebSite\",\"@id\":\"https:\/\/evertonfc.cz\/#website\",\"url\":\"https:\/\/evertonfc.cz\/\",\"name\":\"Official Czech &amp; Slovak Everton Supporters&#039; Club\",\"description\":\"\",\"publisher\":{\"@id\":\"https:\/\/evertonfc.cz\/#organization\"},\"potentialAction\":[{\"@type\":\"SearchAction\",\"target\":{\"@type\":\"EntryPoint\",\"urlTemplate\":\"https:\/\/evertonfc.cz\/?s={search_term_string}\"},\"query-input\":{\"@type\":\"PropertyValueSpecification\",\"valueRequired\":true,\"valueName\":\"search_term_string\"}}],\"inLanguage\":\"cs\"},{\"@type\":\"Organization\",\"@id\":\"https:\/\/evertonfc.cz\/#organization\",\"name\":\"Official Czech & Slovak Everton Supporters' Club\",\"url\":\"https:\/\/evertonfc.cz\/\",\"logo\":{\"@type\":\"ImageObject\",\"inLanguage\":\"cs\",\"@id\":\"https:\/\/evertonfc.cz\/#\/schema\/logo\/image\/\",\"url\":\"https:\/\/evertonfc.cz\/wp-content\/uploads\/2019\/05\/logo.png\",\"contentUrl\":\"https:\/\/evertonfc.cz\/wp-content\/uploads\/2019\/05\/logo.png\",\"width\":112,\"height\":112,\"caption\":\"Official Czech & Slovak Everton Supporters' Club\"},\"image\":{\"@id\":\"https:\/\/evertonfc.cz\/#\/schema\/logo\/image\/\"},\"sameAs\":[\"https:\/\/www.facebook.com\/everton.fans.cz.sk\"]},{\"@type\":\"Person\",\"@id\":\"https:\/\/evertonfc.cz\/#\/schema\/person\/d4493b8cbea51532597fbc4685698916\",\"name\":\"BlueBlooded\",\"url\":\"https:\/\/evertonfc.cz\/index.php\/author\/admin\/\"}]}<\/script>\n<!-- \/ Yoast SEO plugin. -->","yoast_head_json":{"title":"Gordon bude hra\u0165, tvrd\u00ed Ancelotti - Official Czech &amp; Slovak Everton Supporters&#039; Club","robots":{"index":"index","follow":"follow","max-snippet":"max-snippet:-1","max-image-preview":"max-image-preview:large","max-video-preview":"max-video-preview:-1"},"canonical":"https:\/\/evertonfc.cz\/index.php\/2020\/06\/08\/gordon-bude-hrat-tvrdi-ancelotti\/","og_locale":"cs_CZ","og_type":"article","og_title":"Gordon bude hra\u0165, tvrd\u00ed Ancelotti - Official Czech &amp; Slovak Everton Supporters&#039; Club","og_description":"K\u00fdm predch\u00e1dzaj\u00faci mana\u017e\u00e9r nedoprial debut \u017eiadnemu odchovancovi akad\u00e9mie, Ancelotti nev\u00e1hal zapoji\u0165 Gordona potom, \u010do ho Goodison Parku predstavil Ferguson.","og_url":"https:\/\/evertonfc.cz\/index.php\/2020\/06\/08\/gordon-bude-hrat-tvrdi-ancelotti\/","og_site_name":"Official Czech &amp; Slovak Everton Supporters&#039; Club","article_publisher":"https:\/\/www.facebook.com\/everton.fans.cz.sk","article_published_time":"2020-06-08T08:36:09+00:00","article_modified_time":"2020-06-23T07:27:12+00:00","og_image":[{"width":720,"height":405,"url":"https:\/\/evertonfc.cz\/wp-content\/uploads\/2020\/06\/gordon-ancelotti-tony-mcardle-evertonfc.png","type":"image\/png"}],"author":"BlueBlooded","twitter_card":"summary_large_image","twitter_misc":{"Napsal(a)":"BlueBlooded","Odhadovan\u00e1 doba \u010dten\u00ed":"5 minut"},"schema":{"@context":"https:\/\/schema.org","@graph":[{"@type":"Article","@id":"https:\/\/evertonfc.cz\/index.php\/2020\/06\/08\/gordon-bude-hrat-tvrdi-ancelotti\/#article","isPartOf":{"@id":"https:\/\/evertonfc.cz\/index.php\/2020\/06\/08\/gordon-bude-hrat-tvrdi-ancelotti\/"},"author":{"name":"BlueBlooded","@id":"https:\/\/evertonfc.cz\/#\/schema\/person\/d4493b8cbea51532597fbc4685698916"},"headline":"Gordon bude hra\u0165, tvrd\u00ed Ancelotti","datePublished":"2020-06-08T08:36:09+00:00","dateModified":"2020-06-23T07:27:12+00:00","mainEntityOfPage":{"@id":"https:\/\/evertonfc.cz\/index.php\/2020\/06\/08\/gordon-bude-hrat-tvrdi-ancelotti\/"},"wordCount":987,"commentCount":2,"publisher":{"@id":"https:\/\/evertonfc.cz\/#organization"},"image":{"@id":"https:\/\/evertonfc.cz\/index.php\/2020\/06\/08\/gordon-bude-hrat-tvrdi-ancelotti\/#primaryimage"},"thumbnailUrl":"https:\/\/evertonfc.cz\/wp-content\/uploads\/2020\/06\/gordon-ancelotti-tony-mcardle-evertonfc.png","articleSection":["Rozhovory"],"inLanguage":"cs","potentialAction":[{"@type":"CommentAction","name":"Comment","target":["https:\/\/evertonfc.cz\/index.php\/2020\/06\/08\/gordon-bude-hrat-tvrdi-ancelotti\/#respond"]}]},{"@type":"WebPage","@id":"https:\/\/evertonfc.cz\/index.php\/2020\/06\/08\/gordon-bude-hrat-tvrdi-ancelotti\/","url":"https:\/\/evertonfc.cz\/index.php\/2020\/06\/08\/gordon-bude-hrat-tvrdi-ancelotti\/","name":"Gordon bude hra\u0165, tvrd\u00ed Ancelotti - Official Czech &amp; Slovak Everton Supporters&#039; Club","isPartOf":{"@id":"https:\/\/evertonfc.cz\/#website"},"primaryImageOfPage":{"@id":"https:\/\/evertonfc.cz\/index.php\/2020\/06\/08\/gordon-bude-hrat-tvrdi-ancelotti\/#primaryimage"},"image":{"@id":"https:\/\/evertonfc.cz\/index.php\/2020\/06\/08\/gordon-bude-hrat-tvrdi-ancelotti\/#primaryimage"},"thumbnailUrl":"https:\/\/evertonfc.cz\/wp-content\/uploads\/2020\/06\/gordon-ancelotti-tony-mcardle-evertonfc.png","datePublished":"2020-06-08T08:36:09+00:00","dateModified":"2020-06-23T07:27:12+00:00","breadcrumb":{"@id":"https:\/\/evertonfc.cz\/index.php\/2020\/06\/08\/gordon-bude-hrat-tvrdi-ancelotti\/#breadcrumb"},"inLanguage":"cs","potentialAction":[{"@type":"ReadAction","target":["https:\/\/evertonfc.cz\/index.php\/2020\/06\/08\/gordon-bude-hrat-tvrdi-ancelotti\/"]}]},{"@type":"ImageObject","inLanguage":"cs","@id":"https:\/\/evertonfc.cz\/index.php\/2020\/06\/08\/gordon-bude-hrat-tvrdi-ancelotti\/#primaryimage","url":"https:\/\/evertonfc.cz\/wp-content\/uploads\/2020\/06\/gordon-ancelotti-tony-mcardle-evertonfc.png","contentUrl":"https:\/\/evertonfc.cz\/wp-content\/uploads\/2020\/06\/gordon-ancelotti-tony-mcardle-evertonfc.png","width":720,"height":405},{"@type":"BreadcrumbList","@id":"https:\/\/evertonfc.cz\/index.php\/2020\/06\/08\/gordon-bude-hrat-tvrdi-ancelotti\/#breadcrumb","itemListElement":[{"@type":"ListItem","position":1,"name":"Home","item":"https:\/\/evertonfc.cz\/"},{"@type":"ListItem","position":2,"name":"Gordon bude hra\u0165, tvrd\u00ed Ancelotti"}]},{"@type":"WebSite","@id":"https:\/\/evertonfc.cz\/#website","url":"https:\/\/evertonfc.cz\/","name":"Official Czech &amp; Slovak Everton Supporters&#039; Club","description":"","publisher":{"@id":"https:\/\/evertonfc.cz\/#organization"},"potentialAction":[{"@type":"SearchAction","target":{"@type":"EntryPoint","urlTemplate":"https:\/\/evertonfc.cz\/?s={search_term_string}"},"query-input":{"@type":"PropertyValueSpecification","valueRequired":true,"valueName":"search_term_string"}}],"inLanguage":"cs"},{"@type":"Organization","@id":"https:\/\/evertonfc.cz\/#organization","name":"Official Czech & Slovak Everton Supporters' Club","url":"https:\/\/evertonfc.cz\/","logo":{"@type":"ImageObject","inLanguage":"cs","@id":"https:\/\/evertonfc.cz\/#\/schema\/logo\/image\/","url":"https:\/\/evertonfc.cz\/wp-content\/uploads\/2019\/05\/logo.png","contentUrl":"https:\/\/evertonfc.cz\/wp-content\/uploads\/2019\/05\/logo.png","width":112,"height":112,"caption":"Official Czech & Slovak Everton Supporters' Club"},"image":{"@id":"https:\/\/evertonfc.cz\/#\/schema\/logo\/image\/"},"sameAs":["https:\/\/www.facebook.com\/everton.fans.cz.sk"]},{"@type":"Person","@id":"https:\/\/evertonfc.cz\/#\/schema\/person\/d4493b8cbea51532597fbc4685698916","name":"BlueBlooded","url":"https:\/\/evertonfc.cz\/index.php\/author\/admin\/"}]}},"_links":{"self":[{"href":"https:\/\/evertonfc.cz\/index.php\/wp-json\/wp\/v2\/posts\/11141"}],"collection":[{"href":"https:\/\/evertonfc.cz\/index.php\/wp-json\/wp\/v2\/posts"}],"about":[{"href":"https:\/\/evertonfc.cz\/index.php\/wp-json\/wp\/v2\/types\/post"}],"author":[{"embeddable":true,"href":"https:\/\/evertonfc.cz\/index.php\/wp-json\/wp\/v2\/users\/1"}],"replies":[{"embeddable":true,"href":"https:\/\/evertonfc.cz\/index.php\/wp-json\/wp\/v2\/comments?post=11141"}],"version-history":[{"count":4,"href":"https:\/\/evertonfc.cz\/index.php\/wp-json\/wp\/v2\/posts\/11141\/revisions"}],"predecessor-version":[{"id":11145,"href":"https:\/\/evertonfc.cz\/index.php\/wp-json\/wp\/v2\/posts\/11141\/revisions\/11145"}],"wp:featuredmedia":[{"embeddable":true,"href":"https:\/\/evertonfc.cz\/index.php\/wp-json\/wp\/v2\/media\/11140"}],"wp:attachment":[{"href":"https:\/\/evertonfc.cz\/index.php\/wp-json\/wp\/v2\/media?parent=11141"}],"wp:term":[{"taxonomy":"category","embeddable":true,"href":"https:\/\/evertonfc.cz\/index.php\/wp-json\/wp\/v2\/categories?post=11141"},{"taxonomy":"post_tag","embeddable":true,"href":"https:\/\/evertonfc.cz\/index.php\/wp-json\/wp\/v2\/tags?post=11141"}],"curies":[{"name":"wp","href":"https:\/\/api.w.org\/{rel}","templated":true}]}}