{"id":11163,"date":"2020-06-12T10:38:52","date_gmt":"2020-06-12T08:38:52","guid":{"rendered":"https:\/\/evertonfc.cz\/?p=11163"},"modified":"2020-06-12T10:43:40","modified_gmt":"2020-06-12T08:43:40","slug":"zmeny-pravidiel-prestupoveho-okna","status":"publish","type":"post","link":"https:\/\/evertonfc.cz\/index.php\/2020\/06\/12\/zmeny-pravidiel-prestupoveho-okna\/","title":{"rendered":"Zmeny pravidiel prestupov\u00e9ho okna"},"content":{"rendered":"<h4>Medzin\u00e1rodn\u00e1 futbalov\u00e1 feder\u00e1cia ozn\u00e1mila do\u010dasn\u00e9 zmeny pravidiel t\u00fdkaj\u00facich sa prestupov hr\u00e1\u010dov v nasleduj\u00facom letnom obdob\u00ed. Prin\u00e1\u0161ame men\u0161\u00ed s\u00fahrn.<\/h4>\n<ul style=\"list-style-type: circle;\">\n<li><strong><em>Hr\u00e1\u010di m\u00f4\u017eu by\u0165 registrovan\u00ed a\u017e v troch r\u00f4znych kluboch po\u010das tej istej sez\u00f3ny.<\/em><\/strong><\/li>\n<\/ul>\n<p>Svetov\u00fd spr\u00e1vny org\u00e1n z ob\u00e1v aby sa predi\u0161lo ve\u013ek\u00e9mu po\u010dtu nezamestnan\u00fdch hr\u00e1\u010dov ur\u010dil, \u017ee futbalisti m\u00f4\u017eu teraz by\u0165 zaregistrovan\u00ed maxim\u00e1lne v troch kluboch &#8211; namiesto obvykl\u00fdch dvoch. A po\u010das tej istej sez\u00f3ny m\u00f4\u017eu hra\u0165 v ofici\u00e1lnych z\u00e1pasoch za tri rozli\u010dn\u00e9 kluby. Av\u0161ak pre hr\u00e1\u010dov ako Hakim Ziyech a \u010fal\u0161\u00edch, ktor\u00ed u\u017e dokon\u010dili svoj prestup do anglick\u00fdch klubov na bud\u00facu sez\u00f3nu, t\u00e1to zmena pravidla neznamen\u00e1, \u017ee m\u00f4\u017eu hra\u0165 v posledn\u00fdch z\u00e1pasoch aktu\u00e1lne obnovenej sez\u00f3ny.<\/p>\n<ul style=\"list-style-type: circle;\">\n<li><em><strong>Prestupov\u00e9 okno sa m\u00f4\u017ee otvori\u0165 pred koncom aktu\u00e1lnej sez\u00f3ny.<\/strong><\/em><\/li>\n<\/ul>\n<p>Pod\u013ea nov\u00fdch do\u010dasn\u00fdch predpisov s cie\u013eom uprednostni\u0165 kluby, aby dokon\u010dili svoju sez\u00f3nu 2019-20 s p\u00f4vodn\u00fdm t\u00edmom, poskytla FIFA flexibilitu n\u00e1rodn\u00fdm asoci\u00e1ci\u00e1m. Umo\u017enila im t\u00fdm spr\u00e1vne pl\u00e1nova\u0165 svoj futbalov\u00fd kalend\u00e1r. To znamen\u00e1, \u017ee tie, ktor\u00e9 hraj\u00fa pod\u013ea dvojro\u010dn\u00e9ho kalend\u00e1ra, m\u00f4\u017eu za ur\u010dit\u00fdch podmienok za\u010da\u0165 prv\u00e9 registra\u010dn\u00e9 obdobie (t.j. letn\u00e9) pre sez\u00f3nu 2020\/21 pred ukon\u010den\u00edm sez\u00f3ny 2019\/20.<\/p>\n<h4>\u010co to znamen\u00e1 pre Everton?<\/h4>\n<p>FIFA stanovila parametre a pon\u00fakla potrebn\u00e9 usmernenia a regula\u010dn\u00e9 zmeny, je v\u0161ak na jednotliv\u00fdch \u010dlensk\u00fdch asoci\u00e1ci\u00e1ch, aby potvrdili svoje d\u00e1tumy otvorenia a ukon\u010denia prestupov\u00e9ho obdobia. Preto hoci tieto nov\u00e9 zmeny umo\u017e\u0148uj\u00fa \u010dlensk\u00fdm zdru\u017eeniam otv\u00e1ra\u0165 okn\u00e1 okam\u017eite, ak si to \u017eelaj\u00fa, neznamen\u00e1 to, \u017ee kluby v Anglicku bud\u00fa ma\u0165 zrazu povolen\u00e9 obchodova\u0165 s hr\u00e1\u010dmi.<\/p>\n<p>Gener\u00e1lny riadite\u013e Premier League Richard Masters u\u017e povedal, \u017ee kluby nebud\u00fa m\u00f4c\u0165 hr\u00e1\u010dov podpisova\u0165 minim\u00e1lne do 25. j\u00fala. \u010ci\u017ee po ukon\u010den\u00ed oneskorenej kampane 2019\/20. Anglick\u00e1 futbalov\u00e1 asoci\u00e1cia diskutuje dokonca o premiestnen\u00ed prestupov\u00e9ho obdobia do augusta s koncom v okt\u00f3bri, aby vytvorila konsenzus s ostatn\u00fdmi krajinami. To d\u00e1va zmysel.<\/p>\n<p>Zvy\u0161ok Eur\u00f3py si ale a\u017e tak\u00e9to starosti o\u010dividne nerob\u00ed. Franc\u00fazska futbalov\u00e1 feder\u00e1cia (FFF) otvorila svoje dom\u00e1ce okno v pondelok, pri\u010dom ich ligy u\u017e boli zru\u0161en\u00e9 kv\u00f4li pand\u00e9mii koronav\u00edrusu. Ale tie\u017e sa predpoklad\u00e1, \u017ee medzin\u00e1rodn\u00e9 prestupy sa udej\u00fa a\u017e od augusta do okt\u00f3bra. Talianska futbalov\u00e1 feder\u00e1cia (FIGC) u\u017e medzi\u010dasom potvrdila, \u017ee ich prestupov\u00e9 okno sa uskuto\u010dn\u00ed od 1. septembra do 5. okt\u00f3bra a sez\u00f3na Serie A sa m\u00e1 tie\u017e obnovi\u0165 koncom tohto mesiaca.<\/p>\n<p style=\"text-align: right;\"><span style=\"font-size: 8pt;\">(foto zdroj: FIFA)<\/span><\/p>\n","protected":false},"excerpt":{"rendered":"<p>Medzin\u00e1rodn\u00e1 futbalov\u00e1 feder\u00e1cia ozn\u00e1mila do\u010dasn\u00e9 zmeny pravidiel t\u00fdkaj\u00facich sa prestupov hr\u00e1\u010dov v nasleduj\u00facom letnom obdob\u00ed. Prin\u00e1\u0161ame men\u0161\u00ed s\u00fahrn.<\/p>\n","protected":false},"author":1,"featured_media":11171,"comment_status":"open","ping_status":"closed","sticky":false,"template":"","format":"standard","meta":{"_eb_attr":"","_monsterinsights_skip_tracking":false,"_monsterinsights_sitenote_active":false,"_monsterinsights_sitenote_note":"","_monsterinsights_sitenote_category":0,"footnotes":""},"categories":[42],"tags":[],"yoast_head":"<!-- This site is optimized with the Yoast SEO plugin v23.4 - https:\/\/yoast.com\/wordpress\/plugins\/seo\/ -->\n<title>Zmeny pravidiel prestupov\u00e9ho okna - Official Czech &amp; Slovak Everton Supporters&#039; Club<\/title>\n<meta name=\"robots\" content=\"index, follow, max-snippet:-1, max-image-preview:large, max-video-preview:-1\" \/>\n<link rel=\"canonical\" href=\"https:\/\/evertonfc.cz\/index.php\/2020\/06\/12\/zmeny-pravidiel-prestupoveho-okna\/\" \/>\n<meta property=\"og:locale\" content=\"cs_CZ\" \/>\n<meta property=\"og:type\" content=\"article\" \/>\n<meta property=\"og:title\" content=\"Zmeny pravidiel prestupov\u00e9ho okna - Official Czech &amp; Slovak Everton Supporters&#039; Club\" \/>\n<meta property=\"og:description\" content=\"Medzin\u00e1rodn\u00e1 futbalov\u00e1 feder\u00e1cia ozn\u00e1mila do\u010dasn\u00e9 zmeny pravidiel t\u00fdkaj\u00facich sa prestupov hr\u00e1\u010dov v nasleduj\u00facom letnom obdob\u00ed. Prin\u00e1\u0161ame men\u0161\u00ed s\u00fahrn.\" \/>\n<meta property=\"og:url\" content=\"https:\/\/evertonfc.cz\/index.php\/2020\/06\/12\/zmeny-pravidiel-prestupoveho-okna\/\" \/>\n<meta property=\"og:site_name\" content=\"Official Czech &amp; Slovak Everton Supporters&#039; Club\" \/>\n<meta property=\"article:publisher\" content=\"https:\/\/www.facebook.com\/everton.fans.cz.sk\" \/>\n<meta property=\"article:published_time\" content=\"2020-06-12T08:38:52+00:00\" \/>\n<meta property=\"article:modified_time\" content=\"2020-06-12T08:43:40+00:00\" \/>\n<meta property=\"og:image\" content=\"https:\/\/evertonfc.cz\/wp-content\/uploads\/2020\/06\/FIFA-logo-12-6-2020.png\" \/>\n\t<meta property=\"og:image:width\" content=\"720\" \/>\n\t<meta property=\"og:image:height\" content=\"405\" \/>\n\t<meta property=\"og:image:type\" content=\"image\/png\" \/>\n<meta name=\"author\" content=\"BlueBlooded\" \/>\n<meta name=\"twitter:card\" content=\"summary_large_image\" \/>\n<meta name=\"twitter:label1\" content=\"Napsal(a)\" \/>\n\t<meta name=\"twitter:data1\" content=\"BlueBlooded\" \/>\n\t<meta name=\"twitter:label2\" content=\"Odhadovan\u00e1 doba \u010dten\u00ed\" \/>\n\t<meta name=\"twitter:data2\" content=\"2 minuty\" \/>\n<script type=\"application\/ld+json\" class=\"yoast-schema-graph\">{\"@context\":\"https:\/\/schema.org\",\"@graph\":[{\"@type\":\"Article\",\"@id\":\"https:\/\/evertonfc.cz\/index.php\/2020\/06\/12\/zmeny-pravidiel-prestupoveho-okna\/#article\",\"isPartOf\":{\"@id\":\"https:\/\/evertonfc.cz\/index.php\/2020\/06\/12\/zmeny-pravidiel-prestupoveho-okna\/\"},\"author\":{\"name\":\"BlueBlooded\",\"@id\":\"https:\/\/evertonfc.cz\/#\/schema\/person\/d4493b8cbea51532597fbc4685698916\"},\"headline\":\"Zmeny pravidiel prestupov\u00e9ho okna\",\"datePublished\":\"2020-06-12T08:38:52+00:00\",\"dateModified\":\"2020-06-12T08:43:40+00:00\",\"mainEntityOfPage\":{\"@id\":\"https:\/\/evertonfc.cz\/index.php\/2020\/06\/12\/zmeny-pravidiel-prestupoveho-okna\/\"},\"wordCount\":478,\"commentCount\":0,\"publisher\":{\"@id\":\"https:\/\/evertonfc.cz\/#organization\"},\"image\":{\"@id\":\"https:\/\/evertonfc.cz\/index.php\/2020\/06\/12\/zmeny-pravidiel-prestupoveho-okna\/#primaryimage\"},\"thumbnailUrl\":\"https:\/\/evertonfc.cz\/wp-content\/uploads\/2020\/06\/FIFA-logo-12-6-2020.png\",\"articleSection\":[\"Aktuality\"],\"inLanguage\":\"cs\",\"potentialAction\":[{\"@type\":\"CommentAction\",\"name\":\"Comment\",\"target\":[\"https:\/\/evertonfc.cz\/index.php\/2020\/06\/12\/zmeny-pravidiel-prestupoveho-okna\/#respond\"]}]},{\"@type\":\"WebPage\",\"@id\":\"https:\/\/evertonfc.cz\/index.php\/2020\/06\/12\/zmeny-pravidiel-prestupoveho-okna\/\",\"url\":\"https:\/\/evertonfc.cz\/index.php\/2020\/06\/12\/zmeny-pravidiel-prestupoveho-okna\/\",\"name\":\"Zmeny pravidiel prestupov\u00e9ho okna - Official Czech &amp; Slovak Everton Supporters&#039; Club\",\"isPartOf\":{\"@id\":\"https:\/\/evertonfc.cz\/#website\"},\"primaryImageOfPage\":{\"@id\":\"https:\/\/evertonfc.cz\/index.php\/2020\/06\/12\/zmeny-pravidiel-prestupoveho-okna\/#primaryimage\"},\"image\":{\"@id\":\"https:\/\/evertonfc.cz\/index.php\/2020\/06\/12\/zmeny-pravidiel-prestupoveho-okna\/#primaryimage\"},\"thumbnailUrl\":\"https:\/\/evertonfc.cz\/wp-content\/uploads\/2020\/06\/FIFA-logo-12-6-2020.png\",\"datePublished\":\"2020-06-12T08:38:52+00:00\",\"dateModified\":\"2020-06-12T08:43:40+00:00\",\"breadcrumb\":{\"@id\":\"https:\/\/evertonfc.cz\/index.php\/2020\/06\/12\/zmeny-pravidiel-prestupoveho-okna\/#breadcrumb\"},\"inLanguage\":\"cs\",\"potentialAction\":[{\"@type\":\"ReadAction\",\"target\":[\"https:\/\/evertonfc.cz\/index.php\/2020\/06\/12\/zmeny-pravidiel-prestupoveho-okna\/\"]}]},{\"@type\":\"ImageObject\",\"inLanguage\":\"cs\",\"@id\":\"https:\/\/evertonfc.cz\/index.php\/2020\/06\/12\/zmeny-pravidiel-prestupoveho-okna\/#primaryimage\",\"url\":\"https:\/\/evertonfc.cz\/wp-content\/uploads\/2020\/06\/FIFA-logo-12-6-2020.png\",\"contentUrl\":\"https:\/\/evertonfc.cz\/wp-content\/uploads\/2020\/06\/FIFA-logo-12-6-2020.png\",\"width\":720,\"height\":405},{\"@type\":\"BreadcrumbList\",\"@id\":\"https:\/\/evertonfc.cz\/index.php\/2020\/06\/12\/zmeny-pravidiel-prestupoveho-okna\/#breadcrumb\",\"itemListElement\":[{\"@type\":\"ListItem\",\"position\":1,\"name\":\"Home\",\"item\":\"https:\/\/evertonfc.cz\/\"},{\"@type\":\"ListItem\",\"position\":2,\"name\":\"Zmeny pravidiel prestupov\u00e9ho okna\"}]},{\"@type\":\"WebSite\",\"@id\":\"https:\/\/evertonfc.cz\/#website\",\"url\":\"https:\/\/evertonfc.cz\/\",\"name\":\"Official Czech &amp; Slovak Everton Supporters&#039; Club\",\"description\":\"\",\"publisher\":{\"@id\":\"https:\/\/evertonfc.cz\/#organization\"},\"potentialAction\":[{\"@type\":\"SearchAction\",\"target\":{\"@type\":\"EntryPoint\",\"urlTemplate\":\"https:\/\/evertonfc.cz\/?s={search_term_string}\"},\"query-input\":{\"@type\":\"PropertyValueSpecification\",\"valueRequired\":true,\"valueName\":\"search_term_string\"}}],\"inLanguage\":\"cs\"},{\"@type\":\"Organization\",\"@id\":\"https:\/\/evertonfc.cz\/#organization\",\"name\":\"Official Czech & Slovak Everton Supporters' Club\",\"url\":\"https:\/\/evertonfc.cz\/\",\"logo\":{\"@type\":\"ImageObject\",\"inLanguage\":\"cs\",\"@id\":\"https:\/\/evertonfc.cz\/#\/schema\/logo\/image\/\",\"url\":\"https:\/\/evertonfc.cz\/wp-content\/uploads\/2019\/05\/logo.png\",\"contentUrl\":\"https:\/\/evertonfc.cz\/wp-content\/uploads\/2019\/05\/logo.png\",\"width\":112,\"height\":112,\"caption\":\"Official Czech & Slovak Everton Supporters' Club\"},\"image\":{\"@id\":\"https:\/\/evertonfc.cz\/#\/schema\/logo\/image\/\"},\"sameAs\":[\"https:\/\/www.facebook.com\/everton.fans.cz.sk\"]},{\"@type\":\"Person\",\"@id\":\"https:\/\/evertonfc.cz\/#\/schema\/person\/d4493b8cbea51532597fbc4685698916\",\"name\":\"BlueBlooded\",\"url\":\"https:\/\/evertonfc.cz\/index.php\/author\/admin\/\"}]}<\/script>\n<!-- \/ Yoast SEO plugin. -->","yoast_head_json":{"title":"Zmeny pravidiel prestupov\u00e9ho okna - Official Czech &amp; Slovak Everton Supporters&#039; Club","robots":{"index":"index","follow":"follow","max-snippet":"max-snippet:-1","max-image-preview":"max-image-preview:large","max-video-preview":"max-video-preview:-1"},"canonical":"https:\/\/evertonfc.cz\/index.php\/2020\/06\/12\/zmeny-pravidiel-prestupoveho-okna\/","og_locale":"cs_CZ","og_type":"article","og_title":"Zmeny pravidiel prestupov\u00e9ho okna - Official Czech &amp; Slovak Everton Supporters&#039; Club","og_description":"Medzin\u00e1rodn\u00e1 futbalov\u00e1 feder\u00e1cia ozn\u00e1mila do\u010dasn\u00e9 zmeny pravidiel t\u00fdkaj\u00facich sa prestupov hr\u00e1\u010dov v nasleduj\u00facom letnom obdob\u00ed. Prin\u00e1\u0161ame men\u0161\u00ed s\u00fahrn.","og_url":"https:\/\/evertonfc.cz\/index.php\/2020\/06\/12\/zmeny-pravidiel-prestupoveho-okna\/","og_site_name":"Official Czech &amp; Slovak Everton Supporters&#039; Club","article_publisher":"https:\/\/www.facebook.com\/everton.fans.cz.sk","article_published_time":"2020-06-12T08:38:52+00:00","article_modified_time":"2020-06-12T08:43:40+00:00","og_image":[{"width":720,"height":405,"url":"https:\/\/evertonfc.cz\/wp-content\/uploads\/2020\/06\/FIFA-logo-12-6-2020.png","type":"image\/png"}],"author":"BlueBlooded","twitter_card":"summary_large_image","twitter_misc":{"Napsal(a)":"BlueBlooded","Odhadovan\u00e1 doba \u010dten\u00ed":"2 minuty"},"schema":{"@context":"https:\/\/schema.org","@graph":[{"@type":"Article","@id":"https:\/\/evertonfc.cz\/index.php\/2020\/06\/12\/zmeny-pravidiel-prestupoveho-okna\/#article","isPartOf":{"@id":"https:\/\/evertonfc.cz\/index.php\/2020\/06\/12\/zmeny-pravidiel-prestupoveho-okna\/"},"author":{"name":"BlueBlooded","@id":"https:\/\/evertonfc.cz\/#\/schema\/person\/d4493b8cbea51532597fbc4685698916"},"headline":"Zmeny pravidiel prestupov\u00e9ho okna","datePublished":"2020-06-12T08:38:52+00:00","dateModified":"2020-06-12T08:43:40+00:00","mainEntityOfPage":{"@id":"https:\/\/evertonfc.cz\/index.php\/2020\/06\/12\/zmeny-pravidiel-prestupoveho-okna\/"},"wordCount":478,"commentCount":0,"publisher":{"@id":"https:\/\/evertonfc.cz\/#organization"},"image":{"@id":"https:\/\/evertonfc.cz\/index.php\/2020\/06\/12\/zmeny-pravidiel-prestupoveho-okna\/#primaryimage"},"thumbnailUrl":"https:\/\/evertonfc.cz\/wp-content\/uploads\/2020\/06\/FIFA-logo-12-6-2020.png","articleSection":["Aktuality"],"inLanguage":"cs","potentialAction":[{"@type":"CommentAction","name":"Comment","target":["https:\/\/evertonfc.cz\/index.php\/2020\/06\/12\/zmeny-pravidiel-prestupoveho-okna\/#respond"]}]},{"@type":"WebPage","@id":"https:\/\/evertonfc.cz\/index.php\/2020\/06\/12\/zmeny-pravidiel-prestupoveho-okna\/","url":"https:\/\/evertonfc.cz\/index.php\/2020\/06\/12\/zmeny-pravidiel-prestupoveho-okna\/","name":"Zmeny pravidiel prestupov\u00e9ho okna - Official Czech &amp; Slovak Everton Supporters&#039; Club","isPartOf":{"@id":"https:\/\/evertonfc.cz\/#website"},"primaryImageOfPage":{"@id":"https:\/\/evertonfc.cz\/index.php\/2020\/06\/12\/zmeny-pravidiel-prestupoveho-okna\/#primaryimage"},"image":{"@id":"https:\/\/evertonfc.cz\/index.php\/2020\/06\/12\/zmeny-pravidiel-prestupoveho-okna\/#primaryimage"},"thumbnailUrl":"https:\/\/evertonfc.cz\/wp-content\/uploads\/2020\/06\/FIFA-logo-12-6-2020.png","datePublished":"2020-06-12T08:38:52+00:00","dateModified":"2020-06-12T08:43:40+00:00","breadcrumb":{"@id":"https:\/\/evertonfc.cz\/index.php\/2020\/06\/12\/zmeny-pravidiel-prestupoveho-okna\/#breadcrumb"},"inLanguage":"cs","potentialAction":[{"@type":"ReadAction","target":["https:\/\/evertonfc.cz\/index.php\/2020\/06\/12\/zmeny-pravidiel-prestupoveho-okna\/"]}]},{"@type":"ImageObject","inLanguage":"cs","@id":"https:\/\/evertonfc.cz\/index.php\/2020\/06\/12\/zmeny-pravidiel-prestupoveho-okna\/#primaryimage","url":"https:\/\/evertonfc.cz\/wp-content\/uploads\/2020\/06\/FIFA-logo-12-6-2020.png","contentUrl":"https:\/\/evertonfc.cz\/wp-content\/uploads\/2020\/06\/FIFA-logo-12-6-2020.png","width":720,"height":405},{"@type":"BreadcrumbList","@id":"https:\/\/evertonfc.cz\/index.php\/2020\/06\/12\/zmeny-pravidiel-prestupoveho-okna\/#breadcrumb","itemListElement":[{"@type":"ListItem","position":1,"name":"Home","item":"https:\/\/evertonfc.cz\/"},{"@type":"ListItem","position":2,"name":"Zmeny pravidiel prestupov\u00e9ho okna"}]},{"@type":"WebSite","@id":"https:\/\/evertonfc.cz\/#website","url":"https:\/\/evertonfc.cz\/","name":"Official Czech &amp; Slovak Everton Supporters&#039; Club","description":"","publisher":{"@id":"https:\/\/evertonfc.cz\/#organization"},"potentialAction":[{"@type":"SearchAction","target":{"@type":"EntryPoint","urlTemplate":"https:\/\/evertonfc.cz\/?s={search_term_string}"},"query-input":{"@type":"PropertyValueSpecification","valueRequired":true,"valueName":"search_term_string"}}],"inLanguage":"cs"},{"@type":"Organization","@id":"https:\/\/evertonfc.cz\/#organization","name":"Official Czech & Slovak Everton Supporters' Club","url":"https:\/\/evertonfc.cz\/","logo":{"@type":"ImageObject","inLanguage":"cs","@id":"https:\/\/evertonfc.cz\/#\/schema\/logo\/image\/","url":"https:\/\/evertonfc.cz\/wp-content\/uploads\/2019\/05\/logo.png","contentUrl":"https:\/\/evertonfc.cz\/wp-content\/uploads\/2019\/05\/logo.png","width":112,"height":112,"caption":"Official Czech & Slovak Everton Supporters' Club"},"image":{"@id":"https:\/\/evertonfc.cz\/#\/schema\/logo\/image\/"},"sameAs":["https:\/\/www.facebook.com\/everton.fans.cz.sk"]},{"@type":"Person","@id":"https:\/\/evertonfc.cz\/#\/schema\/person\/d4493b8cbea51532597fbc4685698916","name":"BlueBlooded","url":"https:\/\/evertonfc.cz\/index.php\/author\/admin\/"}]}},"_links":{"self":[{"href":"https:\/\/evertonfc.cz\/index.php\/wp-json\/wp\/v2\/posts\/11163"}],"collection":[{"href":"https:\/\/evertonfc.cz\/index.php\/wp-json\/wp\/v2\/posts"}],"about":[{"href":"https:\/\/evertonfc.cz\/index.php\/wp-json\/wp\/v2\/types\/post"}],"author":[{"embeddable":true,"href":"https:\/\/evertonfc.cz\/index.php\/wp-json\/wp\/v2\/users\/1"}],"replies":[{"embeddable":true,"href":"https:\/\/evertonfc.cz\/index.php\/wp-json\/wp\/v2\/comments?post=11163"}],"version-history":[{"count":6,"href":"https:\/\/evertonfc.cz\/index.php\/wp-json\/wp\/v2\/posts\/11163\/revisions"}],"predecessor-version":[{"id":11170,"href":"https:\/\/evertonfc.cz\/index.php\/wp-json\/wp\/v2\/posts\/11163\/revisions\/11170"}],"wp:featuredmedia":[{"embeddable":true,"href":"https:\/\/evertonfc.cz\/index.php\/wp-json\/wp\/v2\/media\/11171"}],"wp:attachment":[{"href":"https:\/\/evertonfc.cz\/index.php\/wp-json\/wp\/v2\/media?parent=11163"}],"wp:term":[{"taxonomy":"category","embeddable":true,"href":"https:\/\/evertonfc.cz\/index.php\/wp-json\/wp\/v2\/categories?post=11163"},{"taxonomy":"post_tag","embeddable":true,"href":"https:\/\/evertonfc.cz\/index.php\/wp-json\/wp\/v2\/tags?post=11163"}],"curies":[{"name":"wp","href":"https:\/\/api.w.org\/{rel}","templated":true}]}}