{"id":11178,"date":"2020-06-23T10:20:40","date_gmt":"2020-06-23T08:20:40","guid":{"rendered":"https:\/\/evertonfc.cz\/?p=11178"},"modified":"2020-07-01T10:02:12","modified_gmt":"2020-07-01T08:02:12","slug":"zpet-do-minulosti-sezona-1969-70","status":"publish","type":"post","link":"https:\/\/evertonfc.cz\/index.php\/2020\/06\/23\/zpet-do-minulosti-sezona-1969-70\/","title":{"rendered":"Zp\u011bt do minulosti: Sezona 1969\/70"},"content":{"rendered":"<h4><strong>Je srpen 1969. Brouci chod\u00ed po p\u0159echodu, Neil Armstrong se n\u011bkolik t\u00fddn\u016f zp\u011bt pro\u0161el po M\u011bs\u00edci a Evertonians opr\u00e1vn\u011bn\u011b o\u010dek\u00e1vaj\u00ed\u00a0<\/strong><strong>vysok\u00e9 ligov\u00e9 um\u00edst\u011bn\u00ed.<\/strong><\/h4>\n<p>V sez\u00f3n\u011b 1967-68 skon\u010dil Everton p\u00e1t\u00fd, v t\u00e9 dal\u0161\u00ed ji\u017e t\u0159et\u00ed. A do sez\u00f3ny, o kter\u00e9 je \u0159e\u010d, rozhodn\u011b vstoupil jako jako jeden z kandid\u00e1t\u016f titulu. Pro za\u010d\u00e1tek m\u011bl t\u011b\u017ek\u00fd los &#8211; v prvn\u00edch sedmi z\u00e1pasech dvakr\u00e1t proti Manchesteru United, na Arsenalu a doma proti obh\u00e1jc\u016fm titulu z Leedsu United. To klub zjevn\u011b motivovalo &#8211; z prvn\u00edch dvou utk\u00e1n\u00ed na Highbury a Old Trafford vyt\u011b\u017eil Everton dv\u011b v\u00fdhry a sk\u00f3re 3:0. John Hurst sk\u00f3roval v obou z\u00e1pasech, co\u017e Joe Royle dnes komentuje slovy <em>&#8222;St\u00e1le mi p\u0159ipom\u00edn\u00e1, \u017ee byl tehdy kr\u00e1lem st\u0159elc\u016f.<\/em>&#8222;.<\/p>\n<p>Dal\u0161\u00ed v\u00fdsledky? V\u00fdhra 2:1 doma nad Crystal Palace a odveta na stejn\u00e9m h\u0159i\u0161ti proti Manchesteru United, kter\u00e9mu na zp\u00e1te\u010dn\u00ed cestu p\u0159ibalili Ball, Morrissey a Royle popul\u00e1rn\u00ed &#8222;trojku&#8220;. Tabulka? Jeden ze t\u0159\u00ed t\u00fdm\u016f, kter\u00fd neztratil bod a nejlep\u0161\u00ed sk\u00f3re &#8211; 1. m\u00edsto po \u010dty\u0159ech kolech. Prvn\u00ed ztr\u00e1ta bodu byla zaznamen\u00e1na v p\u00e1t\u00e9m kole, holt u\u017e tehdy se neodj\u00ed\u017ed\u011blo z modr\u00e9 \u010d\u00e1sti Manchesteru s v\u00edt\u011bzstv\u00edm. Ale dv\u011b dom\u00e1c\u00ed v\u00edt\u011bzstv\u00ed nad Sheffieldem Wednesday a pr\u00e1v\u011b Leedsem United znamenala (v\u00edt\u011bznou branku vs\u00edtil Royle p\u0159\u00edmo do \u0161ibenice, kdy\u017e Husbandovi utekl m\u00ed\u010d), \u017ee kdy\u017e se srpen p\u0159eklopil v z\u00e1\u0159\u00ed, tak m\u011bl Everton jednobodov\u00fd n\u00e1skok na m\u011bstsk\u00e9 rivaly.<\/p>\n<p>Po v\u00edt\u011bzstv\u00ed v Ligov\u00e9m poh\u00e1ru v Darlingtonu p\u0159i\u0161la m\u00edrn\u00e1 sprcha &#8211; prvn\u00ed ligov\u00e1 prohra na h\u0159i\u0161ti Derby County v jednozna\u010dn\u00e9m \u0161l\u00e1gru kola, kdy t\u0159et\u00ed hostil prvn\u00edho. I nad\u00e1le se ale vyhr\u00e1valo a kdy\u017e ne, tak to byla rem\u00edza v Ligov\u00e9m poh\u00e1ru, konkr\u00e9tn\u011b na Highbury. Opakovan\u00fd z\u00e1pas pak rozhodl jedinou brankou z\u00e1pasu Howard Kendall (v dal\u0161\u00edm kole n\u00e1s vy\u0159adil Manchester City). Tabulka po ne\u00fapln\u00e9m 20. kole mluvila jasn\u011b: 1. Everton se 33 body, 2. Leeds United 29 bod\u016f. Joe Royle prvn\u00ed v tabulce st\u0159elc\u016f.<\/p>\n<p>Z \u00fasp\u011b\u0161n\u00e9 \u0161\u0148\u016fry stoj\u00ed za zm\u00ednku dom\u00e1c\u00ed v\u00fdhra 6:2 nad Stoke City. A pak p\u0159i\u0161lo dom\u00e1c\u00ed Merseyside derby. Host\u00e9 do n\u011bj \u0161li z pozice m\u00edrn\u00fdch outsider\u016f jako \u010dtvrt\u00ed &#8211; a vyhr\u00e1li 3:0, p\u0159i\u010dem\u017e vlastn\u00ed branka Sandyho Browna (neobsazen\u00fd hlavi\u010dkoval do pr\u00e1zdn\u00e9 kysny) je dodnes ob\u010das p\u0159ipom\u00edn\u00e1na. Gordon West (o kter\u00e9m spoluhr\u00e1\u010d John Hurst prohl\u00e1sil, \u017ee by se mohl \u017eivit jako komik) m\u00ed\u010d se zaujet\u00edm jen pozoroval. To v\u0161e vid\u011blo 57 tis\u00edc div\u00e1k\u016f.<\/p>\n<p><em>Znamenalo to, \u017ee mus\u00edme vyhr\u00e1t na Anfieldu, jinak by se n\u00e1m posm\u00edvali.&#8220; , <\/em>komentuje to v sou\u010dasnosti Royle. Reakce t\u00fdmu? T\u0159i v\u00fdhry v \u0159ad\u011b 1:0, ale prohra v Leedsu 27. prosince zdramatizovala sez\u00f3nu &#8211; nyn\u00ed vedli Toffees pouze o bod p\u0159ed sv\u00fdmi p\u0159emo\u017eiteli, ale m\u011bli z\u00e1pas k dobru.<\/p>\n<p>To ji\u017e bylo n\u011bjakou dobu jasn\u00e9, \u017ee se boj o titul z\u00fa\u017eil pr\u00e1v\u011b na tyhle dva t\u00fdmy &#8211; dva t\u00fdmy s nejlep\u0161\u00ed obranou a dva t\u00fdmy s nejlep\u0161\u00edm \u00fatokem v lize. Toffees si pro\u0161li kriz\u00ed na p\u0159elomu ledna a \u00fanora &#8211; ze \u010dty\u0159 dom\u00e1c\u00edch z\u00e1pas\u016f v \u0159ad\u011b vyhr\u00e1li pouze jednou a t\u0159ikr\u00e1t remizovali, p\u0159i\u010dm\u017e z Anglick\u00e9ho poh\u00e1ru vypadli p\u0159i prvn\u00ed p\u0159\u00edle\u017eitosti na h\u0159i\u0161ti druholigov\u00e9ho Sheffieldu United. A kandid\u00e1t na titul by m\u011bl doma t\u00fdmy st\u0159edu tabulky por\u00e1\u017eet (Newcastle odjel dom\u016f s opravdu ne\u010dekan\u00fdm bodem).<\/p>\n<p>Leeds ale nenasadil zrovna k trh\u00e1ku, a tak tabulka z 28. \u00fanora mluvila jasn\u011b. 1. Leeds United &#8211; 51 bod\u016f, 34 z\u00e1pas\u016f, 2. Everton &#8211; 49 bod\u016f, 33 z\u00e1pas\u016f, 3. Chelsea &#8211; 42 bod\u016f, 31 z\u00e1pas\u016f. Ligov\u00e1 situace t\u00fdmu ze st\u0159edn\u00ed Anglie byla komplikov\u00e1na poh\u00e1rov\u00fdm \u00fasp\u011bchem &#8211; trvalo 3 z\u00e1pasy, ne\u017e v semifin\u00e1le Anglick\u00e9ho poh\u00e1ru p\u0159e\u0161li p\u0159es Manchester United a v t\u00e9\u017ee f\u00e1zi PMEZ je vy\u0159adil Celtic Glasgow. Fin\u00e1le proti Chelsea se taky muselo opakovat a \u0161lo do prodlou\u017een\u00ed. Nakonec v\u00edt\u011bzn\u00fd g\u00f3l vst\u0159elil na Old Trafford obr\u00e1nce Chelsea Webb.<\/p>\n<p>Ale od konce \u00fanora zvl\u00e1dl Everton par\u00e1dn\u00ed fini\u0161 &#8211; vyhr\u00e1l osmkr\u00e1t v \u0159ad\u011b! V\u00edt\u011bzstv\u00ed 21. b\u0159ezna na Anfield Road titul p\u0159ibl\u00ed\u017eilo a dom\u00e1c\u00ed v\u00fdhra 1. dubna nad WBA ho zajistila. V\u00edt\u011bznou branku zaji\u0161\u0165uj\u00edc\u00ed titul vs\u00edtil ve 20. minut\u011b Alan Whittle, kter\u00fd b\u011bhem t\u00e9to s\u00e9rie skoroval v \u0161esti utk\u00e1n\u00edch v \u0159ad\u011b. Kdy\u017e se odj\u00ed\u017ed\u011blo po bezbrankov\u00e9 rem\u00edze v posledn\u00edm kole ze Sunderlandu (17 bod\u016f z 18 mo\u017en\u00fdch), tak bylo sly\u0161et v autobusu jedin\u00fd zvuk &#8211; jak se otv\u00edraj\u00ed lahve. Zato Leeds uvadl &#8211; z posledn\u00edch 10 z\u00e1pas\u016f sezony vyhr\u00e1l pouze jednou. Kone\u010dn\u00e1 tabulka &#8211; 1. Everton 66 bod\u016f, 2. Leeds United 57 bod\u016f, 3. Chelsea 55 bod\u016f.<\/p>\n<p>A na z\u00e1v\u011br trocha statistik. Toffees porazili ka\u017ed\u00e9ho sv\u00e9ho ligov\u00e9ho soupe\u0159e b\u011bhem t\u00e9to sez\u00f3ny aspo\u0148 jednou. Joe Royle celou sez\u00f3nu bojoval o kr\u00e1le st\u0159elc\u016f, t\u00edm se stal Jeff Astle s 25 brankami, legenda West Bromwiche. Royle d\u011blil druhou p\u0159\u00ed\u010dku s Peterem Osgoodem z Chelsea, oba vs\u00edtili 23 branek. Mana\u017eer Harry Catterick s\u00e1zel na osv\u011bd\u010denou sestavu, \u010dtve\u0159ice Hurst-Royle-West-Wright nastoupila do v\u0161ech z\u00e1pas\u016f, Morrissey chyb\u011bl jednou.<\/p>\n<p>Druh\u00fdm nejlep\u0161\u00edm st\u0159elcem t\u00fdmu se stal Alan Whittle. Str\u00fdc Toma Daviese na 11 branek pot\u0159eboval jenom 15 z\u00e1pas\u016f. Everton v sestav\u011b West &#8211; T. Wright, S. Brown, Kendall, Labone, Harvey, Husband, Ball, Royle, Hurst, Morrissey nastoupil mezi b\u0159eznem 1968 a listopadem 1969 35x, \u010d\u00edm\u017e dr\u017e\u00ed klubov\u00fd rekord v historii klubu v kategorii &#8222;nej\u010dast\u011bj\u0161\u00ed z\u00e1kladn\u00ed sestava&#8220;.<\/p>\n<p style=\"text-align: right;\"><em><span style=\"font-size: 8pt;\">(foto zdroj: thetoffeeblues.wixsite.com)<\/span><\/em><\/p>\n","protected":false},"excerpt":{"rendered":"<p>Je srpen 1969. Brouci chod\u00ed po p\u0159echodu, Neil Armstrong se n\u011bkolik t\u00fddn\u016f zp\u011bt pro\u0161el po M\u011bs\u00edci a Evertonians opr\u00e1vn\u011bn\u011b o\u010dek\u00e1vaj\u00ed\u00a0vysok\u00e9 ligov\u00e9 um\u00edst\u011bn\u00ed.<\/p>\n","protected":false},"author":12,"featured_media":11196,"comment_status":"open","ping_status":"closed","sticky":false,"template":"","format":"standard","meta":{"_eb_attr":"","_monsterinsights_skip_tracking":false,"_monsterinsights_sitenote_active":false,"_monsterinsights_sitenote_note":"","_monsterinsights_sitenote_category":0,"footnotes":""},"categories":[15],"tags":[],"yoast_head":"<!-- This site is optimized with the Yoast SEO plugin v23.4 - https:\/\/yoast.com\/wordpress\/plugins\/seo\/ -->\n<title>Zp\u011bt do minulosti: Sezona 1969\/70 - Official Czech &amp; Slovak Everton Supporters&#039; Club<\/title>\n<meta name=\"robots\" content=\"index, follow, max-snippet:-1, max-image-preview:large, max-video-preview:-1\" \/>\n<link rel=\"canonical\" href=\"https:\/\/evertonfc.cz\/index.php\/2020\/06\/23\/zpet-do-minulosti-sezona-1969-70\/\" \/>\n<meta property=\"og:locale\" content=\"cs_CZ\" \/>\n<meta property=\"og:type\" content=\"article\" \/>\n<meta property=\"og:title\" content=\"Zp\u011bt do minulosti: Sezona 1969\/70 - Official Czech &amp; Slovak Everton Supporters&#039; Club\" \/>\n<meta property=\"og:description\" content=\"Je srpen 1969. Brouci chod\u00ed po p\u0159echodu, Neil Armstrong se n\u011bkolik t\u00fddn\u016f zp\u011bt pro\u0161el po M\u011bs\u00edci a Evertonians opr\u00e1vn\u011bn\u011b o\u010dek\u00e1vaj\u00ed\u00a0vysok\u00e9 ligov\u00e9 um\u00edst\u011bn\u00ed.\" \/>\n<meta property=\"og:url\" content=\"https:\/\/evertonfc.cz\/index.php\/2020\/06\/23\/zpet-do-minulosti-sezona-1969-70\/\" \/>\n<meta property=\"og:site_name\" content=\"Official Czech &amp; Slovak Everton Supporters&#039; Club\" \/>\n<meta property=\"article:publisher\" content=\"https:\/\/www.facebook.com\/everton.fans.cz.sk\" \/>\n<meta property=\"article:published_time\" content=\"2020-06-23T08:20:40+00:00\" \/>\n<meta property=\"article:modified_time\" content=\"2020-07-01T08:02:12+00:00\" \/>\n<meta property=\"og:image\" content=\"https:\/\/evertonfc.cz\/wp-content\/uploads\/2020\/06\/Everton-1969-70.jpg\" \/>\n\t<meta property=\"og:image:width\" content=\"720\" \/>\n\t<meta property=\"og:image:height\" content=\"405\" \/>\n\t<meta property=\"og:image:type\" content=\"image\/jpeg\" \/>\n<meta name=\"author\" content=\"Javor\" \/>\n<meta name=\"twitter:card\" content=\"summary_large_image\" \/>\n<meta name=\"twitter:creator\" content=\"@LoudinJan\" \/>\n<meta name=\"twitter:label1\" content=\"Napsal(a)\" \/>\n\t<meta name=\"twitter:data1\" content=\"Javor\" \/>\n\t<meta name=\"twitter:label2\" content=\"Odhadovan\u00e1 doba \u010dten\u00ed\" \/>\n\t<meta name=\"twitter:data2\" content=\"5 minut\" \/>\n<script type=\"application\/ld+json\" class=\"yoast-schema-graph\">{\"@context\":\"https:\/\/schema.org\",\"@graph\":[{\"@type\":\"Article\",\"@id\":\"https:\/\/evertonfc.cz\/index.php\/2020\/06\/23\/zpet-do-minulosti-sezona-1969-70\/#article\",\"isPartOf\":{\"@id\":\"https:\/\/evertonfc.cz\/index.php\/2020\/06\/23\/zpet-do-minulosti-sezona-1969-70\/\"},\"author\":{\"name\":\"Javor\",\"@id\":\"https:\/\/evertonfc.cz\/#\/schema\/person\/b30daf6a5852f4811f8207a17ec1bf78\"},\"headline\":\"Zp\u011bt do minulosti: Sezona 1969\/70\",\"datePublished\":\"2020-06-23T08:20:40+00:00\",\"dateModified\":\"2020-07-01T08:02:12+00:00\",\"mainEntityOfPage\":{\"@id\":\"https:\/\/evertonfc.cz\/index.php\/2020\/06\/23\/zpet-do-minulosti-sezona-1969-70\/\"},\"wordCount\":1053,\"commentCount\":0,\"publisher\":{\"@id\":\"https:\/\/evertonfc.cz\/#organization\"},\"image\":{\"@id\":\"https:\/\/evertonfc.cz\/index.php\/2020\/06\/23\/zpet-do-minulosti-sezona-1969-70\/#primaryimage\"},\"thumbnailUrl\":\"https:\/\/evertonfc.cz\/wp-content\/uploads\/2020\/06\/Everton-1969-70.jpg\",\"articleSection\":[\"Zhodnocen\u00ed sez\u00f3n\"],\"inLanguage\":\"cs\",\"potentialAction\":[{\"@type\":\"CommentAction\",\"name\":\"Comment\",\"target\":[\"https:\/\/evertonfc.cz\/index.php\/2020\/06\/23\/zpet-do-minulosti-sezona-1969-70\/#respond\"]}]},{\"@type\":\"WebPage\",\"@id\":\"https:\/\/evertonfc.cz\/index.php\/2020\/06\/23\/zpet-do-minulosti-sezona-1969-70\/\",\"url\":\"https:\/\/evertonfc.cz\/index.php\/2020\/06\/23\/zpet-do-minulosti-sezona-1969-70\/\",\"name\":\"Zp\u011bt do minulosti: Sezona 1969\/70 - Official Czech &amp; Slovak Everton Supporters&#039; Club\",\"isPartOf\":{\"@id\":\"https:\/\/evertonfc.cz\/#website\"},\"primaryImageOfPage\":{\"@id\":\"https:\/\/evertonfc.cz\/index.php\/2020\/06\/23\/zpet-do-minulosti-sezona-1969-70\/#primaryimage\"},\"image\":{\"@id\":\"https:\/\/evertonfc.cz\/index.php\/2020\/06\/23\/zpet-do-minulosti-sezona-1969-70\/#primaryimage\"},\"thumbnailUrl\":\"https:\/\/evertonfc.cz\/wp-content\/uploads\/2020\/06\/Everton-1969-70.jpg\",\"datePublished\":\"2020-06-23T08:20:40+00:00\",\"dateModified\":\"2020-07-01T08:02:12+00:00\",\"breadcrumb\":{\"@id\":\"https:\/\/evertonfc.cz\/index.php\/2020\/06\/23\/zpet-do-minulosti-sezona-1969-70\/#breadcrumb\"},\"inLanguage\":\"cs\",\"potentialAction\":[{\"@type\":\"ReadAction\",\"target\":[\"https:\/\/evertonfc.cz\/index.php\/2020\/06\/23\/zpet-do-minulosti-sezona-1969-70\/\"]}]},{\"@type\":\"ImageObject\",\"inLanguage\":\"cs\",\"@id\":\"https:\/\/evertonfc.cz\/index.php\/2020\/06\/23\/zpet-do-minulosti-sezona-1969-70\/#primaryimage\",\"url\":\"https:\/\/evertonfc.cz\/wp-content\/uploads\/2020\/06\/Everton-1969-70.jpg\",\"contentUrl\":\"https:\/\/evertonfc.cz\/wp-content\/uploads\/2020\/06\/Everton-1969-70.jpg\",\"width\":720,\"height\":405},{\"@type\":\"BreadcrumbList\",\"@id\":\"https:\/\/evertonfc.cz\/index.php\/2020\/06\/23\/zpet-do-minulosti-sezona-1969-70\/#breadcrumb\",\"itemListElement\":[{\"@type\":\"ListItem\",\"position\":1,\"name\":\"Home\",\"item\":\"https:\/\/evertonfc.cz\/\"},{\"@type\":\"ListItem\",\"position\":2,\"name\":\"Zp\u011bt do minulosti: Sezona 1969\/70\"}]},{\"@type\":\"WebSite\",\"@id\":\"https:\/\/evertonfc.cz\/#website\",\"url\":\"https:\/\/evertonfc.cz\/\",\"name\":\"Official Czech &amp; Slovak Everton Supporters&#039; Club\",\"description\":\"\",\"publisher\":{\"@id\":\"https:\/\/evertonfc.cz\/#organization\"},\"potentialAction\":[{\"@type\":\"SearchAction\",\"target\":{\"@type\":\"EntryPoint\",\"urlTemplate\":\"https:\/\/evertonfc.cz\/?s={search_term_string}\"},\"query-input\":{\"@type\":\"PropertyValueSpecification\",\"valueRequired\":true,\"valueName\":\"search_term_string\"}}],\"inLanguage\":\"cs\"},{\"@type\":\"Organization\",\"@id\":\"https:\/\/evertonfc.cz\/#organization\",\"name\":\"Official Czech & Slovak Everton Supporters' Club\",\"url\":\"https:\/\/evertonfc.cz\/\",\"logo\":{\"@type\":\"ImageObject\",\"inLanguage\":\"cs\",\"@id\":\"https:\/\/evertonfc.cz\/#\/schema\/logo\/image\/\",\"url\":\"https:\/\/evertonfc.cz\/wp-content\/uploads\/2019\/05\/logo.png\",\"contentUrl\":\"https:\/\/evertonfc.cz\/wp-content\/uploads\/2019\/05\/logo.png\",\"width\":112,\"height\":112,\"caption\":\"Official Czech & Slovak Everton Supporters' Club\"},\"image\":{\"@id\":\"https:\/\/evertonfc.cz\/#\/schema\/logo\/image\/\"},\"sameAs\":[\"https:\/\/www.facebook.com\/everton.fans.cz.sk\"]},{\"@type\":\"Person\",\"@id\":\"https:\/\/evertonfc.cz\/#\/schema\/person\/b30daf6a5852f4811f8207a17ec1bf78\",\"name\":\"Javor\",\"sameAs\":[\"https:\/\/x.com\/LoudinJan\"],\"url\":\"https:\/\/evertonfc.cz\/index.php\/author\/javor\/\"}]}<\/script>\n<!-- \/ Yoast SEO plugin. -->","yoast_head_json":{"title":"Zp\u011bt do minulosti: Sezona 1969\/70 - Official Czech &amp; Slovak Everton Supporters&#039; Club","robots":{"index":"index","follow":"follow","max-snippet":"max-snippet:-1","max-image-preview":"max-image-preview:large","max-video-preview":"max-video-preview:-1"},"canonical":"https:\/\/evertonfc.cz\/index.php\/2020\/06\/23\/zpet-do-minulosti-sezona-1969-70\/","og_locale":"cs_CZ","og_type":"article","og_title":"Zp\u011bt do minulosti: Sezona 1969\/70 - Official Czech &amp; Slovak Everton Supporters&#039; Club","og_description":"Je srpen 1969. Brouci chod\u00ed po p\u0159echodu, Neil Armstrong se n\u011bkolik t\u00fddn\u016f zp\u011bt pro\u0161el po M\u011bs\u00edci a Evertonians opr\u00e1vn\u011bn\u011b o\u010dek\u00e1vaj\u00ed\u00a0vysok\u00e9 ligov\u00e9 um\u00edst\u011bn\u00ed.","og_url":"https:\/\/evertonfc.cz\/index.php\/2020\/06\/23\/zpet-do-minulosti-sezona-1969-70\/","og_site_name":"Official Czech &amp; Slovak Everton Supporters&#039; Club","article_publisher":"https:\/\/www.facebook.com\/everton.fans.cz.sk","article_published_time":"2020-06-23T08:20:40+00:00","article_modified_time":"2020-07-01T08:02:12+00:00","og_image":[{"width":720,"height":405,"url":"https:\/\/evertonfc.cz\/wp-content\/uploads\/2020\/06\/Everton-1969-70.jpg","type":"image\/jpeg"}],"author":"Javor","twitter_card":"summary_large_image","twitter_creator":"@LoudinJan","twitter_misc":{"Napsal(a)":"Javor","Odhadovan\u00e1 doba \u010dten\u00ed":"5 minut"},"schema":{"@context":"https:\/\/schema.org","@graph":[{"@type":"Article","@id":"https:\/\/evertonfc.cz\/index.php\/2020\/06\/23\/zpet-do-minulosti-sezona-1969-70\/#article","isPartOf":{"@id":"https:\/\/evertonfc.cz\/index.php\/2020\/06\/23\/zpet-do-minulosti-sezona-1969-70\/"},"author":{"name":"Javor","@id":"https:\/\/evertonfc.cz\/#\/schema\/person\/b30daf6a5852f4811f8207a17ec1bf78"},"headline":"Zp\u011bt do minulosti: Sezona 1969\/70","datePublished":"2020-06-23T08:20:40+00:00","dateModified":"2020-07-01T08:02:12+00:00","mainEntityOfPage":{"@id":"https:\/\/evertonfc.cz\/index.php\/2020\/06\/23\/zpet-do-minulosti-sezona-1969-70\/"},"wordCount":1053,"commentCount":0,"publisher":{"@id":"https:\/\/evertonfc.cz\/#organization"},"image":{"@id":"https:\/\/evertonfc.cz\/index.php\/2020\/06\/23\/zpet-do-minulosti-sezona-1969-70\/#primaryimage"},"thumbnailUrl":"https:\/\/evertonfc.cz\/wp-content\/uploads\/2020\/06\/Everton-1969-70.jpg","articleSection":["Zhodnocen\u00ed sez\u00f3n"],"inLanguage":"cs","potentialAction":[{"@type":"CommentAction","name":"Comment","target":["https:\/\/evertonfc.cz\/index.php\/2020\/06\/23\/zpet-do-minulosti-sezona-1969-70\/#respond"]}]},{"@type":"WebPage","@id":"https:\/\/evertonfc.cz\/index.php\/2020\/06\/23\/zpet-do-minulosti-sezona-1969-70\/","url":"https:\/\/evertonfc.cz\/index.php\/2020\/06\/23\/zpet-do-minulosti-sezona-1969-70\/","name":"Zp\u011bt do minulosti: Sezona 1969\/70 - Official Czech &amp; Slovak Everton Supporters&#039; Club","isPartOf":{"@id":"https:\/\/evertonfc.cz\/#website"},"primaryImageOfPage":{"@id":"https:\/\/evertonfc.cz\/index.php\/2020\/06\/23\/zpet-do-minulosti-sezona-1969-70\/#primaryimage"},"image":{"@id":"https:\/\/evertonfc.cz\/index.php\/2020\/06\/23\/zpet-do-minulosti-sezona-1969-70\/#primaryimage"},"thumbnailUrl":"https:\/\/evertonfc.cz\/wp-content\/uploads\/2020\/06\/Everton-1969-70.jpg","datePublished":"2020-06-23T08:20:40+00:00","dateModified":"2020-07-01T08:02:12+00:00","breadcrumb":{"@id":"https:\/\/evertonfc.cz\/index.php\/2020\/06\/23\/zpet-do-minulosti-sezona-1969-70\/#breadcrumb"},"inLanguage":"cs","potentialAction":[{"@type":"ReadAction","target":["https:\/\/evertonfc.cz\/index.php\/2020\/06\/23\/zpet-do-minulosti-sezona-1969-70\/"]}]},{"@type":"ImageObject","inLanguage":"cs","@id":"https:\/\/evertonfc.cz\/index.php\/2020\/06\/23\/zpet-do-minulosti-sezona-1969-70\/#primaryimage","url":"https:\/\/evertonfc.cz\/wp-content\/uploads\/2020\/06\/Everton-1969-70.jpg","contentUrl":"https:\/\/evertonfc.cz\/wp-content\/uploads\/2020\/06\/Everton-1969-70.jpg","width":720,"height":405},{"@type":"BreadcrumbList","@id":"https:\/\/evertonfc.cz\/index.php\/2020\/06\/23\/zpet-do-minulosti-sezona-1969-70\/#breadcrumb","itemListElement":[{"@type":"ListItem","position":1,"name":"Home","item":"https:\/\/evertonfc.cz\/"},{"@type":"ListItem","position":2,"name":"Zp\u011bt do minulosti: Sezona 1969\/70"}]},{"@type":"WebSite","@id":"https:\/\/evertonfc.cz\/#website","url":"https:\/\/evertonfc.cz\/","name":"Official Czech &amp; Slovak Everton Supporters&#039; Club","description":"","publisher":{"@id":"https:\/\/evertonfc.cz\/#organization"},"potentialAction":[{"@type":"SearchAction","target":{"@type":"EntryPoint","urlTemplate":"https:\/\/evertonfc.cz\/?s={search_term_string}"},"query-input":{"@type":"PropertyValueSpecification","valueRequired":true,"valueName":"search_term_string"}}],"inLanguage":"cs"},{"@type":"Organization","@id":"https:\/\/evertonfc.cz\/#organization","name":"Official Czech & Slovak Everton Supporters' Club","url":"https:\/\/evertonfc.cz\/","logo":{"@type":"ImageObject","inLanguage":"cs","@id":"https:\/\/evertonfc.cz\/#\/schema\/logo\/image\/","url":"https:\/\/evertonfc.cz\/wp-content\/uploads\/2019\/05\/logo.png","contentUrl":"https:\/\/evertonfc.cz\/wp-content\/uploads\/2019\/05\/logo.png","width":112,"height":112,"caption":"Official Czech & Slovak Everton Supporters' Club"},"image":{"@id":"https:\/\/evertonfc.cz\/#\/schema\/logo\/image\/"},"sameAs":["https:\/\/www.facebook.com\/everton.fans.cz.sk"]},{"@type":"Person","@id":"https:\/\/evertonfc.cz\/#\/schema\/person\/b30daf6a5852f4811f8207a17ec1bf78","name":"Javor","sameAs":["https:\/\/x.com\/LoudinJan"],"url":"https:\/\/evertonfc.cz\/index.php\/author\/javor\/"}]}},"_links":{"self":[{"href":"https:\/\/evertonfc.cz\/index.php\/wp-json\/wp\/v2\/posts\/11178"}],"collection":[{"href":"https:\/\/evertonfc.cz\/index.php\/wp-json\/wp\/v2\/posts"}],"about":[{"href":"https:\/\/evertonfc.cz\/index.php\/wp-json\/wp\/v2\/types\/post"}],"author":[{"embeddable":true,"href":"https:\/\/evertonfc.cz\/index.php\/wp-json\/wp\/v2\/users\/12"}],"replies":[{"embeddable":true,"href":"https:\/\/evertonfc.cz\/index.php\/wp-json\/wp\/v2\/comments?post=11178"}],"version-history":[{"count":5,"href":"https:\/\/evertonfc.cz\/index.php\/wp-json\/wp\/v2\/posts\/11178\/revisions"}],"predecessor-version":[{"id":11302,"href":"https:\/\/evertonfc.cz\/index.php\/wp-json\/wp\/v2\/posts\/11178\/revisions\/11302"}],"wp:featuredmedia":[{"embeddable":true,"href":"https:\/\/evertonfc.cz\/index.php\/wp-json\/wp\/v2\/media\/11196"}],"wp:attachment":[{"href":"https:\/\/evertonfc.cz\/index.php\/wp-json\/wp\/v2\/media?parent=11178"}],"wp:term":[{"taxonomy":"category","embeddable":true,"href":"https:\/\/evertonfc.cz\/index.php\/wp-json\/wp\/v2\/categories?post=11178"},{"taxonomy":"post_tag","embeddable":true,"href":"https:\/\/evertonfc.cz\/index.php\/wp-json\/wp\/v2\/tags?post=11178"}],"curies":[{"name":"wp","href":"https:\/\/api.w.org\/{rel}","templated":true}]}}