{"id":11182,"date":"2020-06-20T15:18:40","date_gmt":"2020-06-20T13:18:40","guid":{"rendered":"https:\/\/evertonfc.cz\/?p=11182"},"modified":"2020-06-20T16:50:35","modified_gmt":"2020-06-20T14:50:35","slug":"preview-everton-liverpool-9","status":"publish","type":"post","link":"https:\/\/evertonfc.cz\/index.php\/2020\/06\/20\/preview-everton-liverpool-9\/","title":{"rendered":"Preview: Everton \u2013 Liverpool"},"content":{"rendered":"<h4>236. Merseyside derby zaznamen\u00e1 historick\u00fd m\u00ed\u013enik. Prv\u00fdkr\u00e1t sa bude hra\u0165 pred pr\u00e1zdnymi trib\u00fanami a Everton m\u00e1 tak na v\u00fdber. \u017diadna podpora alebo \u017eiadny tlak?<\/h4>\n<p>Bude to presne 103 dn\u00ed. To\u013eko trvaj\u00faci sp\u00e1nok vyzn\u00e1va\u010dov kr\u00e1\u013eovskej modrej, zapr\u00ed\u010dinen\u00fd celosvetovou pand\u00e9miou koronav\u00edrusu. V\u00a0nede\u013eu mu v\u0161ak odzvon\u00ed. Bud\u00ed\u010dek od v\u0161etk\u00fdch nekone\u010dn\u00fdch obmedzen\u00ed a\u00a0deprimuj\u00facich spr\u00e1v. Pr\u00edde n\u00e1val adrenal\u00ednu a\u00a0dev\u00e4\u0165desiatmin\u00fatov\u00e9 z\u00e1sobovanie dopam\u00ednmi.<\/p>\n<p>Tak\u017ee rekapitul\u00e1cia pre hibernuj\u00facich \u010ditate\u013eov, ktor\u00ed sem po\u010das odst\u00e1vky vrcholov\u00e9ho \u0161portu zabudli chodi\u0165. Everton stihol do preru\u0161enia ligy, to jest povestn\u00fd piatok 13. marca, odohra\u0165 29 ligov\u00fdch z\u00e1pasov. V\u00a0nich nazbieral len 37 sedem bodov, \u010di\u017ee slab\u00e1 12. prie\u010dka. Stihol op\u00e4\u0165 vymeni\u0165 tr\u00e9nera a\u00a0vypadn\u00fa\u0165 z\u00a0obidvoch poh\u00e1rov.<\/p>\n<p>Viac novic Ancelotti za dvan\u00e1s\u0165 z\u00e1pasov nestihol. P\u00e4\u0165 v\u00fdhier, tri rem\u00edzy a\u00a0\u0161tyri prehry. Na za\u010diatku jari sa s\u00edce vznietil optimizmus neskor\u00e9ho \u00fatoku na poh\u00e1rov\u00e9 prie\u010dky, ale ak si nalejeme \u010dist\u00e9ho, s\u00a0aktu\u00e1lnym k\u00e1drom decimovan\u00fdm zraneniami budeme radi, ak sa n\u00e1m podar\u00ed si zachova\u0165 tv\u00e1r a\u00a0ak\u00fa tak\u00fa formu.<\/p>\n<p>T\u00e1 sa toti\u017e pred tromi mesiacmi trochu vytratila pri v\u00fdbuchu na\u00a0Stamford Bridge. Ve\u013ea \u010dasu na spytovanie svedomia mali hr\u00e1\u010di, ale aj mana\u017e\u00e9r, ktor\u00fd si nepom\u00e1hal neefekt\u00edvnym stavan\u00edm hr\u00e1\u010dov mimo svoje poz\u00edcie. A teraz sa naskyt\u00e1 aj ot\u00e1zka, \u010do sprav\u00ed s\u00a0mentalitou cel\u00e9ho t\u00edmu absencia v\u00e1\u0161ne na z\u00edvaj\u00facich trib\u00fanach?<\/p>\n<p>U\u017e re\u0161tart Bundesligy potvrdil, \u017ee v\u00fdhoda dom\u00e1ceho prostredia sa stala absol\u00fatne irelevantnou a\u00a0dopl\u00e1caj\u00fa na to slab\u0161\u00ed, neschopn\u00ed vyburcovania sa k\u00a0nadpriemern\u00fdm v\u00fdkonom. Pri Evertone je v\u0161ak tento fakt diskutabiln\u00fd. V\u0161etci toti\u017e vieme o\u00a0dlhodobom probl\u00e9me kab\u00edny, ktorej ako keby svetl\u00e1 reflektorov prid\u00e1vali z\u00e1va\u017eia na nohy. V\u00a0na\u0161om pr\u00edpade to teda m\u00f4\u017ee vystreli\u0165 naozaj akoko\u013evek.<\/p>\n<h4><strong>Zranenia a novinky zo \u0161atne<\/strong><\/h4>\n<p>Ako iste viete aj z\u00a0n\u00e1\u0161ho spravodajstva, stop\u00e9r Yerry Mina, z\u00e1lo\u017en\u00edci Jean-Philippe Gbamin, Fabian Delph a Morgan Schneiderlin, kr\u00eddeln\u00edk Theo Walcott a \u00fato\u010dn\u00edk Cenk Tosun s\u00fa v\u0161etci zranen\u00ed a\u00a0v\u00a0derby ur\u010dite nenast\u00fapia. Jedin\u00e9 pozit\u00edvum prin\u00e1\u0161a Gomes, ktor\u00fd je do duelu pripraven\u00fd nast\u00fapi\u0165.<\/p>\n<p>The Toffees, na rozdiel od svojho protivn\u00edka, po\u010das trojt\u00fd\u017ed\u0148ovej pr\u00edpravy neodohrali \u017eiadny priate\u013esk\u00fd z\u00e1pas s\u00a0in\u00fdm t\u00edmom. Taliansky \u0161\u00e9f potvrdil, \u017ee pr\u00e1ve kv\u00f4li obav\u00e1m z\u00a0\u010fal\u0161\u00edch zranen\u00ed. Miesto toho malo mu\u017estvo len 60 min\u00fatov\u00fd tr\u00e9ningov\u00fd z\u00e1pas v\u00a0Goodison Parku, kde proti sebe nast\u00fapili dva t\u00edmy zlo\u017een\u00e9 z hr\u00e1\u010dov \u00c1\u010dka a\u00a0U23.<\/p>\n<p>Ancelotti prekvapivo prezradil, \u017ee novo zranen\u00fd Gbamin sa pred p\u00e1r d\u0148ami \u010derstvo stal otcom. To by mu mohlo psychicky pom\u00f4c\u0165 prekona\u0165 obrovsk\u00e9 sklamanie z\u00a0prvej katastrof\u00e1lnej sez\u00f3ny na L4. Tie\u017e sa Carlo priznal, \u017ee do konca sez\u00f3ny nebude s\u00a0t\u00edmom predv\u00e1dza\u0165 \u017eiadne taktick\u00e9 zmeny. Hern\u00fd syst\u00e9m ost\u00e1va rovnak\u00fd a\u00a0on spolu s\u00a0realiza\u010dn\u00fdm t\u00edmom sa s\u00fastredia predov\u0161etk\u00fdm na fyzick\u00fd stav hr\u00e1\u010dov.<\/p>\n<p>\u010co sa t\u00fdka prestupov, Schneiderlin nebol na tla\u010dovej konferencii v\u00f4bec spomenut\u00fd. Okolo jeho osoby sa zintenz\u00edv\u0148uj\u00fa spr\u00e1vy o\u00a0odchode, a\u00a0najm\u00e4 tuzemsk\u00e9 m\u00e9dia referuj\u00fa o\u00a0hotovej veci. Anglick\u00e1 tla\u010d je ale zdr\u017eanlivej\u0161ia. Medzit\u00fdm, Everton nechal vypr\u0161a\u0165 k\u00fapnu opciu na Franc\u00faza Sidib\u00e9ho. Prav\u00fd obranca na hos\u0165ovan\u00ed z\u00a0Monaka mohol na Merseyside prest\u00fapi\u0165 natrvalo za necel\u00fdch trin\u00e1s\u0165 mili\u00f3nov libier.<\/p>\n<p>Posledn\u00e1 spr\u00e1va &#8211; na Finch Farm sa vr\u00e1til Muhamed Be\u0161i\u0107. Ten aj v\u010faka svojmu agentovi nepred\u013a\u017eil hos\u0165ovanie so Sheffieldom United a\u00a0po zvy\u0161ok ro\u010dn\u00edka Karamelk\u00e1m zrejme nepom\u00f4\u017ee, nako\u013eko nebol na konci janu\u00e1ra registrovan\u00fd v\u00a025-\u010dlennom k\u00e1dri klubu. Pre jeho particip\u00e1ciu by sa musela oslovi\u0165 The FA pre povolenie. M\u00e1 posledn\u00fd rok na zmluve a\u00a0za The Blades odohral 13 z\u00e1pasov.<\/p>\n<h4><strong>\u0160peci\u00e1lne opatrenia<\/strong><\/h4>\n<p>Atmosf\u00e9ra Starej D\u00e1my bude nejak\u00fd ten \u010das \u00faplne odli\u0161n\u00e1. \u017diadne Toffee Ladies. Sir\u00e9na a\u00a0Z-Cars sa miesto dunenia bud\u00fa len plytko odr\u00e1\u017ea\u0165 od pr\u00e1zdnych sedadiel. Na\u0161\u0165astie prekryt\u00fdch aspo\u0148 vlajkami fan\u00fa\u0161ikov, ktor\u00ed v\u00a0spolupr\u00e1ci s\u00a0klubom pripravili aj obrovsk\u00fd transparent venovan\u00fd Howardovi Kendallovi. A\u00a0namiesto opakovan\u00fdch z\u00e1berov bude teraz ve\u013ek\u00e1 obrazovka na \u0161tadi\u00f3ne premieta\u0165 odkazy fan\u00fa\u0161ikov.<\/p>\n<div id=\"attachment_11185\" style=\"width: 650px\" class=\"wp-caption aligncenter\"><img loading=\"lazy\" decoding=\"async\" aria-describedby=\"caption-attachment-11185\" class=\"wp-image-11185 size-full\" src=\"https:\/\/evertonfc.cz\/wp-content\/uploads\/2020\/06\/training-evertonfc.com-20-6-2020.jpg\" alt=\"\" width=\"640\" height=\"400\" srcset=\"https:\/\/evertonfc.cz\/wp-content\/uploads\/2020\/06\/training-evertonfc.com-20-6-2020.jpg 640w, https:\/\/evertonfc.cz\/wp-content\/uploads\/2020\/06\/training-evertonfc.com-20-6-2020-300x188.jpg 300w\" sizes=\"(max-width: 640px) 100vw, 640px\" \/><p id=\"caption-attachment-11185\" class=\"wp-caption-text\">Pr\u00edsna hygiena na tr\u00e9ningu: &#8222;Preboha, nekop do tej lopty! Nie je vydezinfikovan\u00e1&#8230;&#8220;<\/p><\/div>\n<p>Nov\u00fd norm\u00e1l bude spo\u010d\u00edva\u0165 v dvoch \u0161atniach pre Everton, dom\u00e1cej aj hos\u0165ovskej, z ktor\u00fdch vyjd\u00fa na ihrisko tunelom, ale a\u017e po rozhodcoch. Rival sa bude prezlieka\u0165 na parkovisku za trib\u00fanou Park End, v takzvan\u00fdch Portakabin. Na ihrisko pr\u00eddu odtia\u013e. Namiesto pod\u00e1va\u010dov l\u00f4pt z akad\u00e9mie bud\u00fa pozd\u013a\u017e ihriska umiesten\u00e9 cel\u00e9 sady l\u00f4pt, ktor\u00e9 umo\u017enia plynul\u00e9 pokra\u010dovanie bez zdr\u017eiavania. Nain\u0161talovan\u00e9 bud\u00fa tie\u017e nepreh\u013eadn\u00e9 sie\u0165oviny v rohoch \u0161tadi\u00f3na pre odradenie zvedavcov a zdru\u017euj\u00facich sa nedisciplinovan\u00fdch fan\u00fa\u0161ikov. Na cest\u00e1ch okolo \u0161tadi\u00f3na bud\u00fa do\u010dasn\u00e9 z\u00e1vory.<\/p>\n<h4><strong>A rival in unknown is still a rival<\/strong><\/h4>\n<p>Ment\u00e1lny blok v derby je v klube ve\u013emi dobre zn\u00e1my. Treba d\u00fafa\u0165, \u017ee ne\u00fa\u010das\u0165 div\u00e1kov hr\u00e1\u010dom pom\u00f4\u017ee. Pri telev\u00edznych obrazovk\u00e1ch ich bude s\u00edce o to viac, ale psychika si ich \u013eah\u0161ie pripust\u00ed zo\u010di-vo\u010di. Je zbyto\u010dn\u00e9 rozobera\u0165 formu s\u00fapera, ke\u010f nikto tri mesiace s\u00fa\u0165a\u017en\u00fd z\u00e1pas nehral. Susedia akur\u00e1t zdolali v priate\u013eskom z\u00e1pase druholigov\u00fd Blackburn 6:0, ale v\u00fdpovedn\u00fa hodnotu to nem\u00e1.<\/p>\n<p>Liverpool m\u00e1 mas\u00edvny 22 bodov\u00fd n\u00e1skok, a\u00a0v\u010faka ned\u00e1vnej v\u00fdhre Manchesteru City nad Arsenalom si nem\u00f4\u017ee zabezpe\u010di\u0165 titul u\u017e na na\u0161ej p\u00f4de. St\u00e1le im v\u0161ak sta\u010d\u00ed na spe\u010datenie len \u0161es\u0165 bodov bez oh\u013eadu na v\u00fdsledky ostatn\u00fdch. Preto bud\u00fa ur\u010dite uvo\u013enen\u00ed a\u00a0hra\u0165 bez tlaku.<\/p>\n<p>Mana\u017e\u00e9r Klopp zo stretnutia nevyl\u00fa\u010dil Salaha ani Robertsona, hoci obaja mali men\u0161ie zdravotn\u00e9 probl\u00e9my. Ich \u0161tart je preto ot\u00e1zny. Brank\u00e1r Alisson by u\u017e mal by\u0165 v\u00a0poriadku po bedrovom zranen\u00ed. Kopa\u010dky v\u0161ak s istotou neobuje Shaqiri pre probl\u00e9my s l\u00fdtkom a\u00a0Clyne pre koleno.<\/p>\n<hr \/>\n<h4 style=\"text-align: center;\"><strong>Michael Ball (Everton FC 1996-2001)<\/strong><\/h4>\n<blockquote><p><em>\u201ePr\u00edle\u017eitostne som tam hral <\/em>(v pr\u00e1zdnom Goodison Parku, pozn.red.)<em> a boli to len dva t\u00edmy a ich tr\u00e9nersk\u00fd person\u00e1l. Bolo to ve\u013emi odli\u0161n\u00e9. V Goodisone sa v\u0161etko oz\u00fdva. Je to dos\u0165 desiv\u00e9. M\u00f4\u017eete po\u010du\u0165 pokriky z lavi\u010dky a ka\u017ed\u00fd v\u00fdkrik od spoluhr\u00e1\u010dov aj protihr\u00e1\u010dov. Hluk sa \u0161\u00edri okolo pr\u00e1zdnych trib\u00fan a odr\u00e1\u017ea sa sp\u00e4\u0165. Po\u010dujete zvuk ka\u017edej hlavi\u010dky a chrupnutie ka\u017ed\u00e9ho s\u00faboja. Zdalo sa mi, \u017ee som nikdy nehral na takej \u00farovni ako som chcel. A mysl\u00edm, \u017ee nedostatok hluku a fan\u00fa\u0161ikov bol pravdepodobne d\u00f4vod.\u201c<\/em><\/p><\/blockquote>\n<h3 style=\"text-align: center;\"><span style=\"color: #3366ff;\"><strong><em>Up The Toffees !!!<\/em><\/strong><\/span><\/h3>\n<p style=\"text-align: right;\"><span style=\"font-size: 8pt;\">(fotozdroj: liverpoolfc.com \/ evertonfc.com)<\/span><\/p>\n<p><strong>\u010co:<\/strong> Everton FC \u2013 Liverpool FC, 30. kolo Premier League<br \/>\n<strong>Kedy:<\/strong> 21.6. 2020 od 20:00 SE\u010c<br \/>\n<strong>Ako:<\/strong> Premier Sport \u2013 priamy prenos<br \/>\n<strong>Kde:<\/strong> Goodison Park \u2013 Goodison Rd, Liverpool L4 4EL (bez div\u00e1kov)<br \/>\n<strong>Rozhodca:<\/strong> Mike Dean <strong>Asistenti:<\/strong> S. Bennett, D. Cann <strong>\u0160tvrt\u00fd rozhodca:<\/strong> A. Taylor<br \/>\n<strong>VAR: <\/strong>C. Kavanagh <strong>Asistent VAR: <\/strong>Stephen Child <strong>N\u00e1hradn\u00fd rozhodca: <\/strong>J. Mainwaring<\/p>\n","protected":false},"excerpt":{"rendered":"<p>236. Merseyside derby zaznamen\u00e1 historick\u00fd m\u00ed\u013enik. Prv\u00fdkr\u00e1t sa bude hra\u0165 pred pr\u00e1zdnymi trib\u00fanami a Everton m\u00e1 tak na v\u00fdber. \u017diadna podpora alebo \u017eiadny tlak?<\/p>\n","protected":false},"author":1,"featured_media":11183,"comment_status":"open","ping_status":"closed","sticky":false,"template":"","format":"standard","meta":{"_eb_attr":"","_monsterinsights_skip_tracking":false,"_monsterinsights_sitenote_active":false,"_monsterinsights_sitenote_note":"","_monsterinsights_sitenote_category":0,"footnotes":""},"categories":[4],"tags":[],"yoast_head":"<!-- This site is optimized with the Yoast SEO plugin v23.4 - https:\/\/yoast.com\/wordpress\/plugins\/seo\/ -->\n<title>Preview: Everton \u2013 Liverpool - Official Czech &amp; Slovak Everton Supporters&#039; Club<\/title>\n<meta name=\"robots\" content=\"index, follow, max-snippet:-1, max-image-preview:large, max-video-preview:-1\" \/>\n<link rel=\"canonical\" href=\"https:\/\/evertonfc.cz\/index.php\/2020\/06\/20\/preview-everton-liverpool-9\/\" \/>\n<meta property=\"og:locale\" content=\"cs_CZ\" \/>\n<meta property=\"og:type\" content=\"article\" \/>\n<meta property=\"og:title\" content=\"Preview: Everton \u2013 Liverpool - Official Czech &amp; Slovak Everton Supporters&#039; Club\" \/>\n<meta property=\"og:description\" content=\"236. Merseyside derby zaznamen\u00e1 historick\u00fd m\u00ed\u013enik. Prv\u00fdkr\u00e1t sa bude hra\u0165 pred pr\u00e1zdnymi trib\u00fanami a Everton m\u00e1 tak na v\u00fdber. \u017diadna podpora alebo \u017eiadny tlak?\" \/>\n<meta property=\"og:url\" content=\"https:\/\/evertonfc.cz\/index.php\/2020\/06\/20\/preview-everton-liverpool-9\/\" \/>\n<meta property=\"og:site_name\" content=\"Official Czech &amp; Slovak Everton Supporters&#039; Club\" \/>\n<meta property=\"article:publisher\" content=\"https:\/\/www.facebook.com\/everton.fans.cz.sk\" \/>\n<meta property=\"article:published_time\" content=\"2020-06-20T13:18:40+00:00\" \/>\n<meta property=\"article:modified_time\" content=\"2020-06-20T14:50:35+00:00\" \/>\n<meta property=\"og:image\" content=\"https:\/\/evertonfc.cz\/wp-content\/uploads\/2020\/06\/Everton-Liverpool-lfc.com-20-6-2020.jpeg\" \/>\n\t<meta property=\"og:image:width\" content=\"720\" \/>\n\t<meta property=\"og:image:height\" content=\"405\" \/>\n\t<meta property=\"og:image:type\" content=\"image\/jpeg\" \/>\n<meta name=\"author\" content=\"BlueBlooded\" \/>\n<meta name=\"twitter:card\" content=\"summary_large_image\" \/>\n<meta name=\"twitter:label1\" content=\"Napsal(a)\" \/>\n\t<meta name=\"twitter:data1\" content=\"BlueBlooded\" \/>\n\t<meta name=\"twitter:label2\" content=\"Odhadovan\u00e1 doba \u010dten\u00ed\" \/>\n\t<meta name=\"twitter:data2\" content=\"6 minut\" \/>\n<script type=\"application\/ld+json\" class=\"yoast-schema-graph\">{\"@context\":\"https:\/\/schema.org\",\"@graph\":[{\"@type\":\"Article\",\"@id\":\"https:\/\/evertonfc.cz\/index.php\/2020\/06\/20\/preview-everton-liverpool-9\/#article\",\"isPartOf\":{\"@id\":\"https:\/\/evertonfc.cz\/index.php\/2020\/06\/20\/preview-everton-liverpool-9\/\"},\"author\":{\"name\":\"BlueBlooded\",\"@id\":\"https:\/\/evertonfc.cz\/#\/schema\/person\/d4493b8cbea51532597fbc4685698916\"},\"headline\":\"Preview: Everton \u2013 Liverpool\",\"datePublished\":\"2020-06-20T13:18:40+00:00\",\"dateModified\":\"2020-06-20T14:50:35+00:00\",\"mainEntityOfPage\":{\"@id\":\"https:\/\/evertonfc.cz\/index.php\/2020\/06\/20\/preview-everton-liverpool-9\/\"},\"wordCount\":1299,\"commentCount\":18,\"publisher\":{\"@id\":\"https:\/\/evertonfc.cz\/#organization\"},\"image\":{\"@id\":\"https:\/\/evertonfc.cz\/index.php\/2020\/06\/20\/preview-everton-liverpool-9\/#primaryimage\"},\"thumbnailUrl\":\"https:\/\/evertonfc.cz\/wp-content\/uploads\/2020\/06\/Everton-Liverpool-lfc.com-20-6-2020.jpeg\",\"articleSection\":[\"Z\u00e1pasy\"],\"inLanguage\":\"cs\",\"potentialAction\":[{\"@type\":\"CommentAction\",\"name\":\"Comment\",\"target\":[\"https:\/\/evertonfc.cz\/index.php\/2020\/06\/20\/preview-everton-liverpool-9\/#respond\"]}]},{\"@type\":\"WebPage\",\"@id\":\"https:\/\/evertonfc.cz\/index.php\/2020\/06\/20\/preview-everton-liverpool-9\/\",\"url\":\"https:\/\/evertonfc.cz\/index.php\/2020\/06\/20\/preview-everton-liverpool-9\/\",\"name\":\"Preview: Everton \u2013 Liverpool - Official Czech &amp; Slovak Everton Supporters&#039; Club\",\"isPartOf\":{\"@id\":\"https:\/\/evertonfc.cz\/#website\"},\"primaryImageOfPage\":{\"@id\":\"https:\/\/evertonfc.cz\/index.php\/2020\/06\/20\/preview-everton-liverpool-9\/#primaryimage\"},\"image\":{\"@id\":\"https:\/\/evertonfc.cz\/index.php\/2020\/06\/20\/preview-everton-liverpool-9\/#primaryimage\"},\"thumbnailUrl\":\"https:\/\/evertonfc.cz\/wp-content\/uploads\/2020\/06\/Everton-Liverpool-lfc.com-20-6-2020.jpeg\",\"datePublished\":\"2020-06-20T13:18:40+00:00\",\"dateModified\":\"2020-06-20T14:50:35+00:00\",\"breadcrumb\":{\"@id\":\"https:\/\/evertonfc.cz\/index.php\/2020\/06\/20\/preview-everton-liverpool-9\/#breadcrumb\"},\"inLanguage\":\"cs\",\"potentialAction\":[{\"@type\":\"ReadAction\",\"target\":[\"https:\/\/evertonfc.cz\/index.php\/2020\/06\/20\/preview-everton-liverpool-9\/\"]}]},{\"@type\":\"ImageObject\",\"inLanguage\":\"cs\",\"@id\":\"https:\/\/evertonfc.cz\/index.php\/2020\/06\/20\/preview-everton-liverpool-9\/#primaryimage\",\"url\":\"https:\/\/evertonfc.cz\/wp-content\/uploads\/2020\/06\/Everton-Liverpool-lfc.com-20-6-2020.jpeg\",\"contentUrl\":\"https:\/\/evertonfc.cz\/wp-content\/uploads\/2020\/06\/Everton-Liverpool-lfc.com-20-6-2020.jpeg\",\"width\":720,\"height\":405},{\"@type\":\"BreadcrumbList\",\"@id\":\"https:\/\/evertonfc.cz\/index.php\/2020\/06\/20\/preview-everton-liverpool-9\/#breadcrumb\",\"itemListElement\":[{\"@type\":\"ListItem\",\"position\":1,\"name\":\"Home\",\"item\":\"https:\/\/evertonfc.cz\/\"},{\"@type\":\"ListItem\",\"position\":2,\"name\":\"Preview: Everton \u2013 Liverpool\"}]},{\"@type\":\"WebSite\",\"@id\":\"https:\/\/evertonfc.cz\/#website\",\"url\":\"https:\/\/evertonfc.cz\/\",\"name\":\"Official Czech &amp; Slovak Everton Supporters&#039; Club\",\"description\":\"\",\"publisher\":{\"@id\":\"https:\/\/evertonfc.cz\/#organization\"},\"potentialAction\":[{\"@type\":\"SearchAction\",\"target\":{\"@type\":\"EntryPoint\",\"urlTemplate\":\"https:\/\/evertonfc.cz\/?s={search_term_string}\"},\"query-input\":{\"@type\":\"PropertyValueSpecification\",\"valueRequired\":true,\"valueName\":\"search_term_string\"}}],\"inLanguage\":\"cs\"},{\"@type\":\"Organization\",\"@id\":\"https:\/\/evertonfc.cz\/#organization\",\"name\":\"Official Czech & Slovak Everton Supporters' Club\",\"url\":\"https:\/\/evertonfc.cz\/\",\"logo\":{\"@type\":\"ImageObject\",\"inLanguage\":\"cs\",\"@id\":\"https:\/\/evertonfc.cz\/#\/schema\/logo\/image\/\",\"url\":\"https:\/\/evertonfc.cz\/wp-content\/uploads\/2019\/05\/logo.png\",\"contentUrl\":\"https:\/\/evertonfc.cz\/wp-content\/uploads\/2019\/05\/logo.png\",\"width\":112,\"height\":112,\"caption\":\"Official Czech & Slovak Everton Supporters' Club\"},\"image\":{\"@id\":\"https:\/\/evertonfc.cz\/#\/schema\/logo\/image\/\"},\"sameAs\":[\"https:\/\/www.facebook.com\/everton.fans.cz.sk\"]},{\"@type\":\"Person\",\"@id\":\"https:\/\/evertonfc.cz\/#\/schema\/person\/d4493b8cbea51532597fbc4685698916\",\"name\":\"BlueBlooded\",\"url\":\"https:\/\/evertonfc.cz\/index.php\/author\/admin\/\"}]}<\/script>\n<!-- \/ Yoast SEO plugin. -->","yoast_head_json":{"title":"Preview: Everton \u2013 Liverpool - Official Czech &amp; Slovak Everton Supporters&#039; Club","robots":{"index":"index","follow":"follow","max-snippet":"max-snippet:-1","max-image-preview":"max-image-preview:large","max-video-preview":"max-video-preview:-1"},"canonical":"https:\/\/evertonfc.cz\/index.php\/2020\/06\/20\/preview-everton-liverpool-9\/","og_locale":"cs_CZ","og_type":"article","og_title":"Preview: Everton \u2013 Liverpool - Official Czech &amp; Slovak Everton Supporters&#039; Club","og_description":"236. Merseyside derby zaznamen\u00e1 historick\u00fd m\u00ed\u013enik. Prv\u00fdkr\u00e1t sa bude hra\u0165 pred pr\u00e1zdnymi trib\u00fanami a Everton m\u00e1 tak na v\u00fdber. \u017diadna podpora alebo \u017eiadny tlak?","og_url":"https:\/\/evertonfc.cz\/index.php\/2020\/06\/20\/preview-everton-liverpool-9\/","og_site_name":"Official Czech &amp; Slovak Everton Supporters&#039; Club","article_publisher":"https:\/\/www.facebook.com\/everton.fans.cz.sk","article_published_time":"2020-06-20T13:18:40+00:00","article_modified_time":"2020-06-20T14:50:35+00:00","og_image":[{"width":720,"height":405,"url":"https:\/\/evertonfc.cz\/wp-content\/uploads\/2020\/06\/Everton-Liverpool-lfc.com-20-6-2020.jpeg","type":"image\/jpeg"}],"author":"BlueBlooded","twitter_card":"summary_large_image","twitter_misc":{"Napsal(a)":"BlueBlooded","Odhadovan\u00e1 doba \u010dten\u00ed":"6 minut"},"schema":{"@context":"https:\/\/schema.org","@graph":[{"@type":"Article","@id":"https:\/\/evertonfc.cz\/index.php\/2020\/06\/20\/preview-everton-liverpool-9\/#article","isPartOf":{"@id":"https:\/\/evertonfc.cz\/index.php\/2020\/06\/20\/preview-everton-liverpool-9\/"},"author":{"name":"BlueBlooded","@id":"https:\/\/evertonfc.cz\/#\/schema\/person\/d4493b8cbea51532597fbc4685698916"},"headline":"Preview: Everton \u2013 Liverpool","datePublished":"2020-06-20T13:18:40+00:00","dateModified":"2020-06-20T14:50:35+00:00","mainEntityOfPage":{"@id":"https:\/\/evertonfc.cz\/index.php\/2020\/06\/20\/preview-everton-liverpool-9\/"},"wordCount":1299,"commentCount":18,"publisher":{"@id":"https:\/\/evertonfc.cz\/#organization"},"image":{"@id":"https:\/\/evertonfc.cz\/index.php\/2020\/06\/20\/preview-everton-liverpool-9\/#primaryimage"},"thumbnailUrl":"https:\/\/evertonfc.cz\/wp-content\/uploads\/2020\/06\/Everton-Liverpool-lfc.com-20-6-2020.jpeg","articleSection":["Z\u00e1pasy"],"inLanguage":"cs","potentialAction":[{"@type":"CommentAction","name":"Comment","target":["https:\/\/evertonfc.cz\/index.php\/2020\/06\/20\/preview-everton-liverpool-9\/#respond"]}]},{"@type":"WebPage","@id":"https:\/\/evertonfc.cz\/index.php\/2020\/06\/20\/preview-everton-liverpool-9\/","url":"https:\/\/evertonfc.cz\/index.php\/2020\/06\/20\/preview-everton-liverpool-9\/","name":"Preview: Everton \u2013 Liverpool - Official Czech &amp; Slovak Everton Supporters&#039; Club","isPartOf":{"@id":"https:\/\/evertonfc.cz\/#website"},"primaryImageOfPage":{"@id":"https:\/\/evertonfc.cz\/index.php\/2020\/06\/20\/preview-everton-liverpool-9\/#primaryimage"},"image":{"@id":"https:\/\/evertonfc.cz\/index.php\/2020\/06\/20\/preview-everton-liverpool-9\/#primaryimage"},"thumbnailUrl":"https:\/\/evertonfc.cz\/wp-content\/uploads\/2020\/06\/Everton-Liverpool-lfc.com-20-6-2020.jpeg","datePublished":"2020-06-20T13:18:40+00:00","dateModified":"2020-06-20T14:50:35+00:00","breadcrumb":{"@id":"https:\/\/evertonfc.cz\/index.php\/2020\/06\/20\/preview-everton-liverpool-9\/#breadcrumb"},"inLanguage":"cs","potentialAction":[{"@type":"ReadAction","target":["https:\/\/evertonfc.cz\/index.php\/2020\/06\/20\/preview-everton-liverpool-9\/"]}]},{"@type":"ImageObject","inLanguage":"cs","@id":"https:\/\/evertonfc.cz\/index.php\/2020\/06\/20\/preview-everton-liverpool-9\/#primaryimage","url":"https:\/\/evertonfc.cz\/wp-content\/uploads\/2020\/06\/Everton-Liverpool-lfc.com-20-6-2020.jpeg","contentUrl":"https:\/\/evertonfc.cz\/wp-content\/uploads\/2020\/06\/Everton-Liverpool-lfc.com-20-6-2020.jpeg","width":720,"height":405},{"@type":"BreadcrumbList","@id":"https:\/\/evertonfc.cz\/index.php\/2020\/06\/20\/preview-everton-liverpool-9\/#breadcrumb","itemListElement":[{"@type":"ListItem","position":1,"name":"Home","item":"https:\/\/evertonfc.cz\/"},{"@type":"ListItem","position":2,"name":"Preview: Everton \u2013 Liverpool"}]},{"@type":"WebSite","@id":"https:\/\/evertonfc.cz\/#website","url":"https:\/\/evertonfc.cz\/","name":"Official Czech &amp; Slovak Everton Supporters&#039; Club","description":"","publisher":{"@id":"https:\/\/evertonfc.cz\/#organization"},"potentialAction":[{"@type":"SearchAction","target":{"@type":"EntryPoint","urlTemplate":"https:\/\/evertonfc.cz\/?s={search_term_string}"},"query-input":{"@type":"PropertyValueSpecification","valueRequired":true,"valueName":"search_term_string"}}],"inLanguage":"cs"},{"@type":"Organization","@id":"https:\/\/evertonfc.cz\/#organization","name":"Official Czech & Slovak Everton Supporters' Club","url":"https:\/\/evertonfc.cz\/","logo":{"@type":"ImageObject","inLanguage":"cs","@id":"https:\/\/evertonfc.cz\/#\/schema\/logo\/image\/","url":"https:\/\/evertonfc.cz\/wp-content\/uploads\/2019\/05\/logo.png","contentUrl":"https:\/\/evertonfc.cz\/wp-content\/uploads\/2019\/05\/logo.png","width":112,"height":112,"caption":"Official Czech & Slovak Everton Supporters' Club"},"image":{"@id":"https:\/\/evertonfc.cz\/#\/schema\/logo\/image\/"},"sameAs":["https:\/\/www.facebook.com\/everton.fans.cz.sk"]},{"@type":"Person","@id":"https:\/\/evertonfc.cz\/#\/schema\/person\/d4493b8cbea51532597fbc4685698916","name":"BlueBlooded","url":"https:\/\/evertonfc.cz\/index.php\/author\/admin\/"}]}},"_links":{"self":[{"href":"https:\/\/evertonfc.cz\/index.php\/wp-json\/wp\/v2\/posts\/11182"}],"collection":[{"href":"https:\/\/evertonfc.cz\/index.php\/wp-json\/wp\/v2\/posts"}],"about":[{"href":"https:\/\/evertonfc.cz\/index.php\/wp-json\/wp\/v2\/types\/post"}],"author":[{"embeddable":true,"href":"https:\/\/evertonfc.cz\/index.php\/wp-json\/wp\/v2\/users\/1"}],"replies":[{"embeddable":true,"href":"https:\/\/evertonfc.cz\/index.php\/wp-json\/wp\/v2\/comments?post=11182"}],"version-history":[{"count":8,"href":"https:\/\/evertonfc.cz\/index.php\/wp-json\/wp\/v2\/posts\/11182\/revisions"}],"predecessor-version":[{"id":11192,"href":"https:\/\/evertonfc.cz\/index.php\/wp-json\/wp\/v2\/posts\/11182\/revisions\/11192"}],"wp:featuredmedia":[{"embeddable":true,"href":"https:\/\/evertonfc.cz\/index.php\/wp-json\/wp\/v2\/media\/11183"}],"wp:attachment":[{"href":"https:\/\/evertonfc.cz\/index.php\/wp-json\/wp\/v2\/media?parent=11182"}],"wp:term":[{"taxonomy":"category","embeddable":true,"href":"https:\/\/evertonfc.cz\/index.php\/wp-json\/wp\/v2\/categories?post=11182"},{"taxonomy":"post_tag","embeddable":true,"href":"https:\/\/evertonfc.cz\/index.php\/wp-json\/wp\/v2\/tags?post=11182"}],"curies":[{"name":"wp","href":"https:\/\/api.w.org\/{rel}","templated":true}]}}