{"id":11199,"date":"2020-06-22T18:15:39","date_gmt":"2020-06-22T16:15:39","guid":{"rendered":"https:\/\/evertonfc.cz\/?p=11199"},"modified":"2020-06-26T11:52:57","modified_gmt":"2020-06-26T09:52:57","slug":"everton-liverpool-00-3","status":"publish","type":"post","link":"https:\/\/evertonfc.cz\/index.php\/2020\/06\/22\/everton-liverpool-00-3\/","title":{"rendered":"Everton &#8211; Liverpool 0:0"},"content":{"rendered":"<h4>V adapta\u010dn\u00edm z\u00e1pase m\u011bl bl\u00ed\u017ee k v\u00fdh\u0159e Everton, ale Tom Davies holt nen\u00ed Lukaku&#8230;<\/h4>\n<p>Zat\u00edmco sestava \u00fatoku a obrann\u00e9 p\u011btky nep\u0159ekvapila, tak z\u00e1loha ve slo\u017een\u00ed Iwobi-Davies-Gomes-Gordon m\u00edrn\u011b p\u0159ekvapila. Na lavi\u010dku se dostali t\u00e9\u017e dva brank\u00e1\u0159i (Stekelenburg a Virginia) a dokonce i Martina, o kter\u00e9m ani \u010dlov\u011bk nev\u00ed, \u017ee je je\u0161t\u011b v klubu. V t\u00fdmu host\u016f nemohl nastoupit zran\u011bn\u00fd Robertson a trochu p\u0159ekvapil i fakt, \u017ee cel\u00e9 utk\u00e1n\u00ed str\u00e1vil na lavi\u010dce n\u00e1hradn\u00edk\u016f Salah.<\/p>\n<p>Prvn\u00ed slu\u0161nou \u0161anci m\u011bl Richarlison, le\u010d Alisson byl ve st\u0159ehu a st\u0159\u00edlen\u00fd centr lapil. Postupem \u010dasu se ale obraz hry ust\u00e1lil &#8211; host\u00e9 p\u0159ev\u00e1\u017en\u011b dr\u017e\u00ed m\u00ed\u010d a dob\u00fdvaj\u00ed branku, Everton organizovan\u011b br\u00e1n\u00ed a kdy\u017e to jde, tak pos\u00edl\u00e1 m\u00ed\u010d p\u0159ev\u00e1\u017en\u011b na kopa\u010dky Richarlisona (a n\u011bkdy i Calverta-Lewina), kte\u0159\u00ed jsou schopni prosadit se v souboj\u00edch jeden na jednoho. Ob\u010dasn\u00fdm faul\u016fm se ale vyhnout nedalo, a tak m\u011bli host\u00e9 n\u011bkolik nebezpe\u010dn\u00fdch trestn\u00fdch kop\u016f. V\u011bt\u0161inou ale p\u0159edvedli (p\u0159ev\u00e1\u017en\u011b Alexander-Arnold), jak se trestn\u00fd kop zahr\u00e1vat nem\u00e1.<\/p>\n<p>V polovin\u011b prvn\u00edho polo\u010dasu fauloval na p\u016flce Milner pr\u00e1v\u011b Richarlisona, ten se hned chytil za koleno, ale na\u0161t\u011bst\u00ed ho nem\u00e1 zran\u011bn\u00e9. Zaskakuj\u00edc\u00ed lev\u00fd obr\u00e1nce ale vid\u011bl opr\u00e1vn\u011bn\u011b \u017elutou kartu. O chvilku pozd\u011bji vysouval Iwobi Gordina, ale m\u00ed\u010d byl p\u0159\u00edli\u0161 rychl\u00fd. Zaznamen\u00e1n\u00edhodn\u00e9 \u0161ance? Firmino ve slu\u0161n\u00e9 pozici netrefuje za\u0159\u00edzen\u00ed, Alexander-Arnold z trest\u0148\u00e1ku v\u00fdjime\u010dn\u011b ano, ale Pickford bezpe\u010dn\u011b nadvakr\u00e1t kryje.<\/p>\n<p>Ze za\u010d\u00e1tku druh\u00e9ho polo\u010dasu d\u011blal probl\u00e9my Man\u00e9, Digne za faul na n\u011bj dostal \u017elutou kartu. To ji\u017e byl na h\u0159i\u0161ti Sigurdsson, kdy\u017e vyst\u0159\u00eddal solidn\u011b hraj\u00edc\u00edho Gordona. Asi nep\u0159ekvap\u00ed, kdy\u017e nap\u00ed\u0161u, \u017ee hlavn\u00ed \u00fato\u010dnou hrozbou Evertonu byl Richarlison. A kdy\u017e se neujala st\u0159ela Wijnalduma, tak se dom\u00e1c\u00ed osm\u011blili v posledn\u00edch deseti minut\u00e1ch sm\u011brem dop\u0159edu.<\/p>\n<p>P\u0159ihr\u00e1vka RIcharlisona po zemi do v\u00e1pna na\u0161la patu Calverta-Lewina, jeho st\u0159elu vyrazil Alisson jen do strany a k m\u00ed\u010di se jako prvn\u00ed dostal Davies. Jeho st\u0159elu z prvn\u00ed te\u010duje m\u00edrn\u011b Gomez, Alisson zbyte\u010dn\u011b a marn\u011b d\u011bl\u00e1 provaz na prvn\u00ed ty\u010di a kulat\u00fd nesmysl se odr\u00e1\u017e\u00ed od ty\u010de vzd\u00e1len\u011bj\u0161\u00ed do h\u0159i\u0161t\u011b, kde van Dijk nep\u0159esv\u011bd\u010div\u011b odkop\u00e1v\u00e1 na roh. P\u0159ihl\u00ed\u017eej\u00edc\u00ed Iwobi si d\u00e1v\u00e1 hlavu do dlan\u00ed&#8230;<\/p>\n<p>O dv\u011b minuty pozd\u011bji se zkou\u0161\u00ed zapsat do st\u0159eleck\u00e9 listiny Richarlison, ale Allison chytil. Posledn\u00ed re\u00e1lnou \u0161anci na branku m\u011bli host\u00e9 v nastaven\u00e9m \u010dase, kdy trestn\u00fd kop kousek za v\u00e1pnem zahr\u00e1l solidn\u011b Fabinho, ale Pickford vyrazil m\u00ed\u010d nad b\u0159evno.<\/p>\n<p>Celkov\u011b jedna ze zaj\u00edmav\u011bj\u0161\u00edch bezbrankov\u00fdch rem\u00edz, dobr\u00fd z\u00e1pas odehr\u00e1li Gordon, Iwobi a Richarlison. Solidn\u00ed vstup do ligy po vynucen\u00e9 p\u0159est\u00e1vce.<\/p>\n<p style=\"text-align: right;\"><span style=\"font-size: 8pt;\">(foto zdroj: Everton FC)<\/span><\/p>\n<hr \/>\n<p><strong>Karty:<\/strong>\u00a0<span data-source=\"lightstreamer\" data-grid=\"main\" data-item=\"item_598036\" data-field=\"cards\"> 40. M. Keane, 61. Digne \u2013 20. Milner, 85. Origi\u00a0<\/span><\/p>\n<p><strong>Everton FC:<\/strong>\u00a0<span data-source=\"lightstreamer\" data-grid=\"main\" data-item=\"item_598036\" data-field=\"report1\">Pickford \u2013 Coleman, Holgate, M. Keane (90+3. Kean), Digne \u2013 Gordon (60. Sigurdsson), A. Gomes, Davies, Iwobi (88. Bernard) \u2013 Richarlison, Calvert-Lewin<\/span><\/p>\n<p><strong>Liverpool FC:<\/strong>\u00a0<span data-source=\"lightstreamer\" data-grid=\"main\" data-item=\"item_598036\" data-field=\"report2\">Alisson \u2013 Alexander-Arnold, van Dijk, Matip (73. Lovren), Milner (43. Joe Gomez) \u2013 Henderson, Fabinho, Ke\u00efta (65. Wijnaldum) \u2013 Minamino (46. Oxlade-Chamberlain), Firmino (65. Origi), Man\u00e9<\/span><\/p>\n<p><strong>Rozhod\u010d\u00ed:<\/strong> Mike <span data-source=\"lightstreamer\" data-grid=\"main\" data-item=\"item_598036\" data-field=\"referees\">Dean\u00a0 <\/span><span data-source=\"lightstreamer\" data-grid=\"main\" data-item=\"item_598036\" data-field=\"referees\"><strong>Div\u00e1ci:<\/strong> bez div\u00e1k\u016f<\/span><\/p>\n","protected":false},"excerpt":{"rendered":"<p>V adapta\u010dn\u00edm z\u00e1pase m\u011bl bl\u00ed\u017ee k v\u00fdh\u0159e Everton, ale Tom Davies holt nen\u00ed Lukaku&#8230;<\/p>\n","protected":false},"author":12,"featured_media":11193,"comment_status":"open","ping_status":"closed","sticky":false,"template":"","format":"standard","meta":{"_eb_attr":"","_monsterinsights_skip_tracking":false,"_monsterinsights_sitenote_active":false,"_monsterinsights_sitenote_note":"","_monsterinsights_sitenote_category":0,"footnotes":""},"categories":[4],"tags":[],"yoast_head":"<!-- This site is optimized with the Yoast SEO plugin v23.4 - https:\/\/yoast.com\/wordpress\/plugins\/seo\/ -->\n<title>Everton - Liverpool 0:0 - Official Czech &amp; Slovak Everton Supporters&#039; Club<\/title>\n<meta name=\"robots\" content=\"index, follow, max-snippet:-1, max-image-preview:large, max-video-preview:-1\" \/>\n<link rel=\"canonical\" href=\"https:\/\/evertonfc.cz\/index.php\/2020\/06\/22\/everton-liverpool-00-3\/\" \/>\n<meta property=\"og:locale\" content=\"cs_CZ\" \/>\n<meta property=\"og:type\" content=\"article\" \/>\n<meta property=\"og:title\" content=\"Everton - Liverpool 0:0 - Official Czech &amp; Slovak Everton Supporters&#039; Club\" \/>\n<meta property=\"og:description\" content=\"V adapta\u010dn\u00edm z\u00e1pase m\u011bl bl\u00ed\u017ee k v\u00fdh\u0159e Everton, ale Tom Davies holt nen\u00ed Lukaku...\" \/>\n<meta property=\"og:url\" content=\"https:\/\/evertonfc.cz\/index.php\/2020\/06\/22\/everton-liverpool-00-3\/\" \/>\n<meta property=\"og:site_name\" content=\"Official Czech &amp; Slovak Everton Supporters&#039; Club\" \/>\n<meta property=\"article:publisher\" content=\"https:\/\/www.facebook.com\/everton.fans.cz.sk\" \/>\n<meta property=\"article:published_time\" content=\"2020-06-22T16:15:39+00:00\" \/>\n<meta property=\"article:modified_time\" content=\"2020-06-26T09:52:57+00:00\" \/>\n<meta property=\"og:image\" content=\"https:\/\/evertonfc.cz\/wp-content\/uploads\/2020\/06\/Richarlison-Liverpool-21-6-2020.jpg\" \/>\n\t<meta property=\"og:image:width\" content=\"720\" \/>\n\t<meta property=\"og:image:height\" content=\"405\" \/>\n\t<meta property=\"og:image:type\" content=\"image\/jpeg\" \/>\n<meta name=\"author\" content=\"Javor\" \/>\n<meta name=\"twitter:card\" content=\"summary_large_image\" \/>\n<meta name=\"twitter:creator\" content=\"@LoudinJan\" \/>\n<meta name=\"twitter:label1\" content=\"Napsal(a)\" \/>\n\t<meta name=\"twitter:data1\" content=\"Javor\" \/>\n\t<meta name=\"twitter:label2\" content=\"Odhadovan\u00e1 doba \u010dten\u00ed\" \/>\n\t<meta name=\"twitter:data2\" content=\"3 minuty\" \/>\n<script type=\"application\/ld+json\" class=\"yoast-schema-graph\">{\"@context\":\"https:\/\/schema.org\",\"@graph\":[{\"@type\":\"Article\",\"@id\":\"https:\/\/evertonfc.cz\/index.php\/2020\/06\/22\/everton-liverpool-00-3\/#article\",\"isPartOf\":{\"@id\":\"https:\/\/evertonfc.cz\/index.php\/2020\/06\/22\/everton-liverpool-00-3\/\"},\"author\":{\"name\":\"Javor\",\"@id\":\"https:\/\/evertonfc.cz\/#\/schema\/person\/b30daf6a5852f4811f8207a17ec1bf78\"},\"headline\":\"Everton &#8211; Liverpool 0:0\",\"datePublished\":\"2020-06-22T16:15:39+00:00\",\"dateModified\":\"2020-06-26T09:52:57+00:00\",\"mainEntityOfPage\":{\"@id\":\"https:\/\/evertonfc.cz\/index.php\/2020\/06\/22\/everton-liverpool-00-3\/\"},\"wordCount\":590,\"commentCount\":6,\"publisher\":{\"@id\":\"https:\/\/evertonfc.cz\/#organization\"},\"image\":{\"@id\":\"https:\/\/evertonfc.cz\/index.php\/2020\/06\/22\/everton-liverpool-00-3\/#primaryimage\"},\"thumbnailUrl\":\"https:\/\/evertonfc.cz\/wp-content\/uploads\/2020\/06\/Richarlison-Liverpool-21-6-2020.jpg\",\"articleSection\":[\"Z\u00e1pasy\"],\"inLanguage\":\"cs\",\"potentialAction\":[{\"@type\":\"CommentAction\",\"name\":\"Comment\",\"target\":[\"https:\/\/evertonfc.cz\/index.php\/2020\/06\/22\/everton-liverpool-00-3\/#respond\"]}]},{\"@type\":\"WebPage\",\"@id\":\"https:\/\/evertonfc.cz\/index.php\/2020\/06\/22\/everton-liverpool-00-3\/\",\"url\":\"https:\/\/evertonfc.cz\/index.php\/2020\/06\/22\/everton-liverpool-00-3\/\",\"name\":\"Everton - Liverpool 0:0 - Official Czech &amp; Slovak Everton Supporters&#039; Club\",\"isPartOf\":{\"@id\":\"https:\/\/evertonfc.cz\/#website\"},\"primaryImageOfPage\":{\"@id\":\"https:\/\/evertonfc.cz\/index.php\/2020\/06\/22\/everton-liverpool-00-3\/#primaryimage\"},\"image\":{\"@id\":\"https:\/\/evertonfc.cz\/index.php\/2020\/06\/22\/everton-liverpool-00-3\/#primaryimage\"},\"thumbnailUrl\":\"https:\/\/evertonfc.cz\/wp-content\/uploads\/2020\/06\/Richarlison-Liverpool-21-6-2020.jpg\",\"datePublished\":\"2020-06-22T16:15:39+00:00\",\"dateModified\":\"2020-06-26T09:52:57+00:00\",\"breadcrumb\":{\"@id\":\"https:\/\/evertonfc.cz\/index.php\/2020\/06\/22\/everton-liverpool-00-3\/#breadcrumb\"},\"inLanguage\":\"cs\",\"potentialAction\":[{\"@type\":\"ReadAction\",\"target\":[\"https:\/\/evertonfc.cz\/index.php\/2020\/06\/22\/everton-liverpool-00-3\/\"]}]},{\"@type\":\"ImageObject\",\"inLanguage\":\"cs\",\"@id\":\"https:\/\/evertonfc.cz\/index.php\/2020\/06\/22\/everton-liverpool-00-3\/#primaryimage\",\"url\":\"https:\/\/evertonfc.cz\/wp-content\/uploads\/2020\/06\/Richarlison-Liverpool-21-6-2020.jpg\",\"contentUrl\":\"https:\/\/evertonfc.cz\/wp-content\/uploads\/2020\/06\/Richarlison-Liverpool-21-6-2020.jpg\",\"width\":720,\"height\":405},{\"@type\":\"BreadcrumbList\",\"@id\":\"https:\/\/evertonfc.cz\/index.php\/2020\/06\/22\/everton-liverpool-00-3\/#breadcrumb\",\"itemListElement\":[{\"@type\":\"ListItem\",\"position\":1,\"name\":\"Home\",\"item\":\"https:\/\/evertonfc.cz\/\"},{\"@type\":\"ListItem\",\"position\":2,\"name\":\"Everton &#8211; Liverpool 0:0\"}]},{\"@type\":\"WebSite\",\"@id\":\"https:\/\/evertonfc.cz\/#website\",\"url\":\"https:\/\/evertonfc.cz\/\",\"name\":\"Official Czech &amp; Slovak Everton Supporters&#039; Club\",\"description\":\"\",\"publisher\":{\"@id\":\"https:\/\/evertonfc.cz\/#organization\"},\"potentialAction\":[{\"@type\":\"SearchAction\",\"target\":{\"@type\":\"EntryPoint\",\"urlTemplate\":\"https:\/\/evertonfc.cz\/?s={search_term_string}\"},\"query-input\":{\"@type\":\"PropertyValueSpecification\",\"valueRequired\":true,\"valueName\":\"search_term_string\"}}],\"inLanguage\":\"cs\"},{\"@type\":\"Organization\",\"@id\":\"https:\/\/evertonfc.cz\/#organization\",\"name\":\"Official Czech & Slovak Everton Supporters' Club\",\"url\":\"https:\/\/evertonfc.cz\/\",\"logo\":{\"@type\":\"ImageObject\",\"inLanguage\":\"cs\",\"@id\":\"https:\/\/evertonfc.cz\/#\/schema\/logo\/image\/\",\"url\":\"https:\/\/evertonfc.cz\/wp-content\/uploads\/2019\/05\/logo.png\",\"contentUrl\":\"https:\/\/evertonfc.cz\/wp-content\/uploads\/2019\/05\/logo.png\",\"width\":112,\"height\":112,\"caption\":\"Official Czech & Slovak Everton Supporters' Club\"},\"image\":{\"@id\":\"https:\/\/evertonfc.cz\/#\/schema\/logo\/image\/\"},\"sameAs\":[\"https:\/\/www.facebook.com\/everton.fans.cz.sk\"]},{\"@type\":\"Person\",\"@id\":\"https:\/\/evertonfc.cz\/#\/schema\/person\/b30daf6a5852f4811f8207a17ec1bf78\",\"name\":\"Javor\",\"sameAs\":[\"https:\/\/x.com\/LoudinJan\"],\"url\":\"https:\/\/evertonfc.cz\/index.php\/author\/javor\/\"}]}<\/script>\n<!-- \/ Yoast SEO plugin. -->","yoast_head_json":{"title":"Everton - Liverpool 0:0 - Official Czech &amp; Slovak Everton Supporters&#039; Club","robots":{"index":"index","follow":"follow","max-snippet":"max-snippet:-1","max-image-preview":"max-image-preview:large","max-video-preview":"max-video-preview:-1"},"canonical":"https:\/\/evertonfc.cz\/index.php\/2020\/06\/22\/everton-liverpool-00-3\/","og_locale":"cs_CZ","og_type":"article","og_title":"Everton - Liverpool 0:0 - Official Czech &amp; Slovak Everton Supporters&#039; Club","og_description":"V adapta\u010dn\u00edm z\u00e1pase m\u011bl bl\u00ed\u017ee k v\u00fdh\u0159e Everton, ale Tom Davies holt nen\u00ed Lukaku...","og_url":"https:\/\/evertonfc.cz\/index.php\/2020\/06\/22\/everton-liverpool-00-3\/","og_site_name":"Official Czech &amp; Slovak Everton Supporters&#039; Club","article_publisher":"https:\/\/www.facebook.com\/everton.fans.cz.sk","article_published_time":"2020-06-22T16:15:39+00:00","article_modified_time":"2020-06-26T09:52:57+00:00","og_image":[{"width":720,"height":405,"url":"https:\/\/evertonfc.cz\/wp-content\/uploads\/2020\/06\/Richarlison-Liverpool-21-6-2020.jpg","type":"image\/jpeg"}],"author":"Javor","twitter_card":"summary_large_image","twitter_creator":"@LoudinJan","twitter_misc":{"Napsal(a)":"Javor","Odhadovan\u00e1 doba \u010dten\u00ed":"3 minuty"},"schema":{"@context":"https:\/\/schema.org","@graph":[{"@type":"Article","@id":"https:\/\/evertonfc.cz\/index.php\/2020\/06\/22\/everton-liverpool-00-3\/#article","isPartOf":{"@id":"https:\/\/evertonfc.cz\/index.php\/2020\/06\/22\/everton-liverpool-00-3\/"},"author":{"name":"Javor","@id":"https:\/\/evertonfc.cz\/#\/schema\/person\/b30daf6a5852f4811f8207a17ec1bf78"},"headline":"Everton &#8211; Liverpool 0:0","datePublished":"2020-06-22T16:15:39+00:00","dateModified":"2020-06-26T09:52:57+00:00","mainEntityOfPage":{"@id":"https:\/\/evertonfc.cz\/index.php\/2020\/06\/22\/everton-liverpool-00-3\/"},"wordCount":590,"commentCount":6,"publisher":{"@id":"https:\/\/evertonfc.cz\/#organization"},"image":{"@id":"https:\/\/evertonfc.cz\/index.php\/2020\/06\/22\/everton-liverpool-00-3\/#primaryimage"},"thumbnailUrl":"https:\/\/evertonfc.cz\/wp-content\/uploads\/2020\/06\/Richarlison-Liverpool-21-6-2020.jpg","articleSection":["Z\u00e1pasy"],"inLanguage":"cs","potentialAction":[{"@type":"CommentAction","name":"Comment","target":["https:\/\/evertonfc.cz\/index.php\/2020\/06\/22\/everton-liverpool-00-3\/#respond"]}]},{"@type":"WebPage","@id":"https:\/\/evertonfc.cz\/index.php\/2020\/06\/22\/everton-liverpool-00-3\/","url":"https:\/\/evertonfc.cz\/index.php\/2020\/06\/22\/everton-liverpool-00-3\/","name":"Everton - Liverpool 0:0 - Official Czech &amp; Slovak Everton Supporters&#039; Club","isPartOf":{"@id":"https:\/\/evertonfc.cz\/#website"},"primaryImageOfPage":{"@id":"https:\/\/evertonfc.cz\/index.php\/2020\/06\/22\/everton-liverpool-00-3\/#primaryimage"},"image":{"@id":"https:\/\/evertonfc.cz\/index.php\/2020\/06\/22\/everton-liverpool-00-3\/#primaryimage"},"thumbnailUrl":"https:\/\/evertonfc.cz\/wp-content\/uploads\/2020\/06\/Richarlison-Liverpool-21-6-2020.jpg","datePublished":"2020-06-22T16:15:39+00:00","dateModified":"2020-06-26T09:52:57+00:00","breadcrumb":{"@id":"https:\/\/evertonfc.cz\/index.php\/2020\/06\/22\/everton-liverpool-00-3\/#breadcrumb"},"inLanguage":"cs","potentialAction":[{"@type":"ReadAction","target":["https:\/\/evertonfc.cz\/index.php\/2020\/06\/22\/everton-liverpool-00-3\/"]}]},{"@type":"ImageObject","inLanguage":"cs","@id":"https:\/\/evertonfc.cz\/index.php\/2020\/06\/22\/everton-liverpool-00-3\/#primaryimage","url":"https:\/\/evertonfc.cz\/wp-content\/uploads\/2020\/06\/Richarlison-Liverpool-21-6-2020.jpg","contentUrl":"https:\/\/evertonfc.cz\/wp-content\/uploads\/2020\/06\/Richarlison-Liverpool-21-6-2020.jpg","width":720,"height":405},{"@type":"BreadcrumbList","@id":"https:\/\/evertonfc.cz\/index.php\/2020\/06\/22\/everton-liverpool-00-3\/#breadcrumb","itemListElement":[{"@type":"ListItem","position":1,"name":"Home","item":"https:\/\/evertonfc.cz\/"},{"@type":"ListItem","position":2,"name":"Everton &#8211; Liverpool 0:0"}]},{"@type":"WebSite","@id":"https:\/\/evertonfc.cz\/#website","url":"https:\/\/evertonfc.cz\/","name":"Official Czech &amp; Slovak Everton Supporters&#039; Club","description":"","publisher":{"@id":"https:\/\/evertonfc.cz\/#organization"},"potentialAction":[{"@type":"SearchAction","target":{"@type":"EntryPoint","urlTemplate":"https:\/\/evertonfc.cz\/?s={search_term_string}"},"query-input":{"@type":"PropertyValueSpecification","valueRequired":true,"valueName":"search_term_string"}}],"inLanguage":"cs"},{"@type":"Organization","@id":"https:\/\/evertonfc.cz\/#organization","name":"Official Czech & Slovak Everton Supporters' Club","url":"https:\/\/evertonfc.cz\/","logo":{"@type":"ImageObject","inLanguage":"cs","@id":"https:\/\/evertonfc.cz\/#\/schema\/logo\/image\/","url":"https:\/\/evertonfc.cz\/wp-content\/uploads\/2019\/05\/logo.png","contentUrl":"https:\/\/evertonfc.cz\/wp-content\/uploads\/2019\/05\/logo.png","width":112,"height":112,"caption":"Official Czech & Slovak Everton Supporters' Club"},"image":{"@id":"https:\/\/evertonfc.cz\/#\/schema\/logo\/image\/"},"sameAs":["https:\/\/www.facebook.com\/everton.fans.cz.sk"]},{"@type":"Person","@id":"https:\/\/evertonfc.cz\/#\/schema\/person\/b30daf6a5852f4811f8207a17ec1bf78","name":"Javor","sameAs":["https:\/\/x.com\/LoudinJan"],"url":"https:\/\/evertonfc.cz\/index.php\/author\/javor\/"}]}},"_links":{"self":[{"href":"https:\/\/evertonfc.cz\/index.php\/wp-json\/wp\/v2\/posts\/11199"}],"collection":[{"href":"https:\/\/evertonfc.cz\/index.php\/wp-json\/wp\/v2\/posts"}],"about":[{"href":"https:\/\/evertonfc.cz\/index.php\/wp-json\/wp\/v2\/types\/post"}],"author":[{"embeddable":true,"href":"https:\/\/evertonfc.cz\/index.php\/wp-json\/wp\/v2\/users\/12"}],"replies":[{"embeddable":true,"href":"https:\/\/evertonfc.cz\/index.php\/wp-json\/wp\/v2\/comments?post=11199"}],"version-history":[{"count":5,"href":"https:\/\/evertonfc.cz\/index.php\/wp-json\/wp\/v2\/posts\/11199\/revisions"}],"predecessor-version":[{"id":11247,"href":"https:\/\/evertonfc.cz\/index.php\/wp-json\/wp\/v2\/posts\/11199\/revisions\/11247"}],"wp:featuredmedia":[{"embeddable":true,"href":"https:\/\/evertonfc.cz\/index.php\/wp-json\/wp\/v2\/media\/11193"}],"wp:attachment":[{"href":"https:\/\/evertonfc.cz\/index.php\/wp-json\/wp\/v2\/media?parent=11199"}],"wp:term":[{"taxonomy":"category","embeddable":true,"href":"https:\/\/evertonfc.cz\/index.php\/wp-json\/wp\/v2\/categories?post=11199"},{"taxonomy":"post_tag","embeddable":true,"href":"https:\/\/evertonfc.cz\/index.php\/wp-json\/wp\/v2\/tags?post=11199"}],"curies":[{"name":"wp","href":"https:\/\/api.w.org\/{rel}","templated":true}]}}