{"id":11204,"date":"2020-10-25T10:00:45","date_gmt":"2020-10-25T09:00:45","guid":{"rendered":"https:\/\/evertonfc.cz\/?p=11204"},"modified":"2020-10-27T21:12:58","modified_gmt":"2020-10-27T20:12:58","slug":"prestupove-leto-2020","status":"publish","type":"post","link":"https:\/\/evertonfc.cz\/index.php\/2020\/10\/25\/prestupove-leto-2020\/","title":{"rendered":"Prestupov\u00e9 leto 2020"},"content":{"rendered":"<h4>COVID-19 v\u00fdrazne zasiahne do futbalovej ekonomiky a nevynech\u00e1 ani transferov\u00e9 okno. Zmenili sa d\u00e1tum, d\u013a\u017eka aj priebeh. S\u00fahrn po\u010d\u00ednania Evertonu n\u00e1jdete tu.<\/h4>\n<p>\u010co m\u00f4\u017eu teda o\u010dak\u00e1va\u0165 fan\u00fa\u0161ikovia The Toffees? Marcel Brands, \u0161portov\u00fd riadite\u013e klubu, hovor\u00ed, \u017ee nie ve\u013ea. A nielen pre kr\u00edzu koronav\u00edrusu, kv\u00f4li ktorej sa biznis na zelen\u00fdch tr\u00e1vnikoch zmen\u00ed. Ve\u013ea \u013eud\u00ed aj tak v\u0161ak st\u00e1le o\u010dak\u00e1va, \u017ee Moshiri s rukami v pln\u00fdch vreck\u00e1ch op\u00e4\u0165 podpor\u00ed nov\u00e9 meno, \u0161\u00e9fuj\u00face lavi\u010dke. Spom\u00ednaj\u00fa sa dve alebo tri poz\u00edcie na posilnenie, ktor\u00e9 maj\u00fa by\u0165 s ur\u010ditos\u0165ou v obrane a z\u00e1lohe. Everton u\u017e dve sez\u00f3ny ne\u00faspe\u0161ne h\u013ead\u00e1 \u013eavonoh\u00e9ho \u0161tvrt\u00e9ho stop\u00e9ra, ktor\u00fd by pomohol pokry\u0165 t\u00fato markantn\u00fa dieru v k\u00e1dri. T\u00e1to sez\u00f3na taktie\u017e uk\u00e1zala, \u017ee bez pohybliv\u00e9ho z\u00e1lo\u017en\u00edka, siln\u00e9ho na lopte, sa tie\u017e nezaob\u00eddeme. Tre\u0165ou, pod\u013ea v\u0161etk\u00e9ho najmenej podstatnou posilou, by malo by\u0165 prav\u00e9 kr\u00eddlo. Schopn\u00fd technick\u00fd \u013eav\u00e1k, s \u010duchom na g\u00f3ly a asistencie.<\/p>\n<h4>Marcel Brands pre De Telegraaf:<\/h4>\n<p><em>\u201eNebude to leto ve\u013ek\u00fdch v\u00fddavkov. <\/em><em>A nie je to ot\u00e1zka vlastn\u00edctva alebo bohatstva. Ako klub sa mus\u00edte vysporiada\u0165 s finan\u010dn\u00fdmi parametrami Premier League. Majite\u013e si nem\u00f4\u017ee poveda\u0165, \u017ee vlo\u017e\u00edm \u010fal\u0161\u00edch 50 alebo 100 mili\u00f3nov navy\u0161e. Ide o rozpo\u010det. Mus\u00edte sa tie\u017e zaobera\u0165 s Financial Fair Play pokia\u013e ide o invest\u00edcie. <\/em><em>Sme v z\u00e1vere\u010dnej f\u00e1ze obnovenia v\u00fdberu. Sna\u017e\u00edme sa preda\u0165 niektor\u00fdch hr\u00e1\u010dov z minulosti s men\u0161ou perspekt\u00edvou pre Everton. U\u017e sa toho ve\u013ea zmenilo. Toto leto sme nepl\u00e1novali prestupov\u00e9 okno s piatimi alebo \u0161iestimi ve\u013ek\u00fdmi n\u00e1kupmi. Chceme posilni\u0165 t\u00edm na dvoch alebo troch poz\u00edci\u00e1ch a nem\u00e1me \u017eiadne ve\u013ek\u00e9 priania. U\u017e nie sme vo f\u00e1ze bl\u00e1zniv\u00fdch mien.\u201c<\/em><\/p>\n<p>Cveng inici\u00e1lou C.A. by mo\u017eno nie\u010do tak\u00e9 aj podporoval. Tomu ale, zd\u00e1 sa, u\u017e odzvonilo. \u0160es\u0165desiatjedenro\u010dn\u00fd mana\u017e\u00e9r by mal by\u0165 stopercentne stoto\u017enen\u00fd s\u00a0pl\u00e1nom postupn\u00e9ho budovania, a\u00a0pod\u013ea vlastn\u00fdch slov m\u00e1 by\u0165 toto jeho dlhodob\u00fd projekt. Samozrejme, ak mu to bude umo\u017enen\u00e9.<\/p>\n<p>Brands plynulo pokra\u010duje:<em> \u201eCarlo Ancelotti a majite\u013e to podporuj\u00fa. M\u00e1me tr\u00e9nera, ktor\u00fd pozn\u00e1 cestu k \u00faspechu a teraz je to len koronov\u00e1 improviz\u00e1cia. Nakoniec mus\u00ed v\u0161etko \u00fasilie vies\u0165 k \u0161portov\u00e9mu \u00faspechu. Predt\u00fdm som pracoval so zauj\u00edmav\u00fdmi a ve\u013emi sk\u00fasen\u00fdmi tr\u00e9nermi ako s\u00fa Martin Jol, Louis van Gaal a Dick Advocaat. Carlo je tie\u017e tak\u00fdm tr\u00e9nerom. Hovor\u00edme tu o \u010dere\u0161ni na torte najvy\u0161\u0161ieho futbalu. Carlo vyhral v\u0161etko, \u010do mohol vyhra\u0165.&#8220;<\/em><\/p>\n<p><em>\u201ePredt\u00fdm, ako podp\u00edsal s Evertonom, som s n\u00edm hovoril a bol som trochu konzervat\u00edvny. Vedel som, kde pracoval a ak\u00e9 n\u00e1kupy robil predt\u00fdm. Ale \u010do urob\u00ed s Evertonom? Mysl\u00ed si, \u017ee tu m\u00f4\u017ee spravi\u0165 to ist\u00e9? My nem\u00e1me tak\u00e9 mo\u017enosti. Av\u0161ak od prv\u00e9ho d\u0148a st\u00e1l za cel\u00fdm projektom. Chce pom\u00f4c\u0165 budova\u0165.&#8220;<\/em><\/p>\n<p><strong>Potvrden\u00fd d\u00e1tum za\u010diatku prestupov\u00e9ho okna je stanoven\u00fd po skon\u010den\u00ed aktu\u00e1lnej sez\u00f3ny. Otvor\u00ed sa v pondelok 27. j\u00fala a pre medzin\u00e1rodn\u00e9 prestupy bude trva\u0165 do pondelka 5. okt\u00f3bra (do polnoci stredoeur\u00f3pskeho \u010dasu). Klubom bude teda musie\u0165 sta\u010di\u0165 10 t\u00fd\u017ed\u0148ov. Potom v\u0161ak bud\u00fa ma\u0165 e\u0161te dva t\u00fd\u017edne, do piatku 16. okt\u00f3bra do 18:00, na obchodovanie len na dom\u00e1com trhu s klubmi EFL. \u017diadne prestupy sa ale medzi klubmi PL nebud\u00fa m\u00f4c\u0165 uskuto\u010dni\u0165.<\/strong><\/p>\n<hr \/>\n<h4 style=\"text-align: center;\">Uzavret\u00e9 prestupy:<\/h4>\n<h4><em><b>Pr\u00edchody<\/b><\/em><\/h4>\n<ul style=\"list-style-type: circle;\">\n<li><strong>Luke Garbutt<\/strong> (Ipswich Town \u2013 n\u00e1vrat z hos\u0165ovania) <sup>30. 06.<\/sup><\/li>\n<li><b>Morgan Feeney <\/b>(Tranmere Rovers \u2013 n\u00e1vrat z hos\u0165ovania) <sup>30. 06.<\/sup><\/li>\n<li><strong>Nathan Broadhead<\/strong> (Burton Albion \u2013 n\u00e1vrat z hos\u0165ovania) <sup>30. 06.<\/sup><\/li>\n<li><strong>Fraser Hornby<\/strong> (KV Kortrijk \u2013 n\u00e1vrat z hos\u0165ovania)<sup> 30. 06.<\/sup><\/li>\n<li><b>Cenk Tosun <\/b>(Crystal Palace \u2013 n\u00e1vrat z hos\u0165ovania) <sup>30. 06.<\/sup><\/li>\n<li><strong>Jonjoe Kenny<\/strong> (Schalke 04 \u2013 n\u00e1vrat z hos\u0165ovania) <sup>30. 06.<\/sup><\/li>\n<li><strong>Yannick Bolasie<\/strong> (Sporting CP \u2013 n\u00e1vrat z hos\u0165ovania)<sup> 30. 06.<\/sup><\/li>\n<li><a href=\"https:\/\/evertonfc.cz\/index.php\/2020\/07\/02\/prichadza-talent-nkounkou\/\" target=\"_blank\" rel=\"noopener noreferrer\"><strong>Niels Nkounkou<\/strong> (Olympique de Marseille \u2013 vo\u013en\u00fd hr\u00e1\u010d)<\/a> <sup>02. 07.<\/sup><\/li>\n<li><a href=\"https:\/\/evertonfc.cz\/index.php\/2020\/06\/26\/zoznam-prepustenych-hracov-2\/\" target=\"_blank\" rel=\"noopener noreferrer\"><strong>Kieran Dowell<\/strong> (Wigan Athletic \u2013 n\u00e1vrat z hos\u0165ovania)<\/a> <sup>27. 07.<\/sup><\/li>\n<li><a href=\"https:\/\/evertonfc.cz\/index.php\/2020\/06\/26\/zoznam-prepustenych-hracov-2\/\" target=\"_blank\" rel=\"noopener noreferrer\"><b>Callum Connolly <\/b>(Fletwood Town \u2013 n\u00e1vrat z hos\u0165ovania)<\/a> <sup>27<\/sup><sup>. 07.<\/sup><\/li>\n<li><a href=\"https:\/\/evertonfc.cz\/index.php\/2020\/06\/26\/zoznam-prepustenych-hracov-2\/\" target=\"_blank\" rel=\"noopener noreferrer\"><b>Lewis Gibson <\/b>(Fletwood Town \u2013 n\u00e1vrat z hos\u0165ovania)<\/a> <sup>27<\/sup><sup>. 07<\/sup><\/li>\n<li><a href=\"https:\/\/evertonfc.cz\/index.php\/news\/hull-city-predlzil-hostovanie-hracom-evertonu\/\" target=\"_blank\" rel=\"noopener noreferrer\"><strong>Josh Bowler<\/strong> (Hull City \u2013 n\u00e1vrat z hos\u0165ovania)<\/a> <sup>27<\/sup><sup>. 07.<\/sup><\/li>\n<li><a href=\"https:\/\/evertonfc.cz\/index.php\/news\/hull-city-predlzil-hostovanie-hracom-evertonu\/\" target=\"_blank\" rel=\"noopener noreferrer\"><strong>Matthew Pennington<\/strong> (Hull City \u2013 n\u00e1vrat z hos\u0165ovania)<\/a><sup> 27. 07.<\/sup><\/li>\n<li><a href=\"https:\/\/evertonfc.cz\/index.php\/2020\/06\/26\/zoznam-prepustenych-hracov-2\/\" target=\"_blank\" rel=\"noopener noreferrer\"><strong>Sandro Ram\u00edrez<\/strong> (Real Valladolid \u2013 n\u00e1vrat z hos\u0165ovania)<\/a> <sup>27<\/sup><sup>. 07.<\/sup><\/li>\n<li><a href=\"https:\/\/evertonfc.cz\/index.php\/2020\/06\/26\/zoznam-prepustenych-hracov-2\/\" target=\"_blank\" rel=\"noopener noreferrer\"><strong>Jonas L\u00f6ssl<\/strong> (Huddersfield Town \u2013 n\u00e1vrat z hos\u0165ovania)<\/a> <sup>27<\/sup><sup>. 07.<\/sup><\/li>\n<li><a href=\"https:\/\/evertonfc.cz\/index.php\/2020\/09\/05\/prvni-posilou-je-brazilsky-zaloznik-allan\/\" target=\"_blank\" rel=\"noopener noreferrer\"><strong>Allan<\/strong> (SSC Neapol \u2013 nezverejnen\u00e1 \u010diastka, pod\u013ea m\u00e9di\u00ed \u00a321,7m)<\/a> <sup>05.<\/sup><sup> 09.<\/sup><\/li>\n<li><a href=\"https:\/\/evertonfc.cz\/index.php\/2020\/09\/18\/potvrdene-james-zadarmo\/\" target=\"_blank\" rel=\"noopener noreferrer\"><strong>James Rodr\u00edguez<\/strong> (Real Madrid \u2013 zadarmo)<\/a> <sup>07.<\/sup><sup> 09.<\/sup><\/li>\n<li><a href=\"https:\/\/evertonfc.cz\/index.php\/2020\/09\/08\/numero-trois-abdoulaye-doucoure\/\" target=\"_blank\" rel=\"noopener noreferrer\"><strong>Abdoulaye Doucour\u00e9<\/strong> (Watford \u2013 nezverejnen\u00e1 \u010diastka, pod\u013ea m\u00e9di\u00ed \u00a320m)<\/a> <sup>07.<\/sup><sup> 09.<\/sup><\/li>\n<li><a href=\"https:\/\/evertonfc.cz\/index.php\/news\/everton-privedl-talentovaneho-sveda\/\" target=\"_blank\" rel=\"noopener noreferrer\"><strong>Imam Jagne <\/strong>(U18 \u2013 BK H\u00e4cken \u2013 nezverejnen\u00e1 \u010diastka, pod\u013ea m\u00e9di\u00ed \u00a31,3m)<\/a> <sup>04.<\/sup><sup> 10.<\/sup><\/li>\n<li><a href=\"https:\/\/evertonfc.cz\/index.php\/2020\/10\/05\/obranu-vystuzi-godfrey\/\" target=\"_blank\" rel=\"noopener noreferrer\"><strong>Ben Godfrey <\/strong>(Norwich City \u2013 nezverejnen\u00e1 \u010diastka, pod\u013ea m\u00e9di\u00ed \u00a320+5m)<\/a> <sup>05.<\/sup><sup> 10.<\/sup><\/li>\n<li><a href=\"https:\/\/evertonfc.cz\/index.php\/2020\/10\/06\/na-hostovani-prisel-brankar-olsen\/\" target=\"_blank\" rel=\"noopener noreferrer\"><strong>Robin Olsen<\/strong> (AS R\u00edm \u2013 hos\u0165ovanie)<\/a> <sup>05<\/sup><sup>. 10.<\/sup><\/li>\n<li><a href=\"https:\/\/evertonfc.cz\/index.php\/news\/everton-propustil-tarashaje\/\" target=\"_blank\" rel=\"noopener noreferrer\"><strong>Shani Tarashaj<\/strong> (FC Emmen \u2013 zru\u0161enie hos\u0165ovania)\u00a0<\/a><sup>13<\/sup><sup>. 10.<\/sup><\/li>\n<\/ul>\n<h4><em><strong>Odchody<\/strong><\/em><\/h4>\n<ul style=\"list-style-type: circle;\">\n<li><a href=\"https:\/\/evertonfc.cz\/index.php\/2020\/06\/23\/nice-kupilo-schneiderlina\/\" target=\"_blank\" rel=\"noopener noreferrer\"><strong>Morgan Schneiderlin<\/strong> (OGC Nice \u2013 nezverejnen\u00e1 \u010diastka, pod\u013ea m\u00e9di\u00ed \u00a32-4m)<\/a> <sup>23. 06.<\/sup><\/li>\n<li><strong>Kieran Phillips<\/strong> (U18 \u2013 koniec zmluvy \u2013 Huddersfield Town) <sup>30. 06<\/sup><sup>.<\/sup><\/li>\n<li><strong>Jonathan Anderson<\/strong> (U18 \u2013 koniec zmluvy) <sup>30. 06.<\/sup><\/li>\n<li><strong>Joshua Hosie<\/strong> (U18 \u2013 koniec zmluvy) <sup>30. 06.<\/sup><\/li>\n<li><strong>Jack Barrett<\/strong> (U18 \u2013 koniec zmluvy) <sup>30. 06<\/sup><sup>.<\/sup><\/li>\n<li><a href=\"https:\/\/evertonfc.cz\/index.php\/2020\/06\/26\/zoznam-prepustenych-hracov-2\/\" target=\"_blank\" rel=\"noopener noreferrer\"><strong>Morgan Feeney<\/strong> (U23 \u2013 koniec zmluvy)<\/a> <sup>30. 06.<\/sup><\/li>\n<li><strong>Alex Denny<\/strong> (U23 \u2013 koniec zmluvy) <sup>30. 06.<\/sup><\/li>\n<li><strong>Matty Foulds<\/strong> (U23 \u2013 koniec zmluvy) <sup>30. 06<\/sup><sup>.<\/sup><\/li>\n<li><strong>Manasse Mampala<\/strong> (U23 \u2013 koniec zmluvy) <sup>30. 06.<\/sup><\/li>\n<li><strong>Korede Adedoyin<\/strong> (U23 \u2013 koniec zmluvy) <sup>30. 06.<\/sup><\/li>\n<li><a href=\"https:\/\/evertonfc.cz\/index.php\/2020\/06\/26\/zoznam-prepustenych-hracov-2\/\" target=\"_blank\" rel=\"noopener noreferrer\"><strong>Luke Garbutt<\/strong> (U23 \u2013 koniec zmluvy)<\/a> <sup>30. 06.<\/sup><\/li>\n<li><a href=\"https:\/\/evertonfc.cz\/index.php\/2020\/06\/26\/zoznam-prepustenych-hracov-2\/\" target=\"_blank\" rel=\"noopener noreferrer\"><strong>Oumar Niasse <\/strong>(koniec zmluvy)<\/a> <sup>30. 06.<\/sup><\/li>\n<li><a href=\"https:\/\/evertonfc.cz\/index.php\/2020\/06\/26\/zoznam-prepustenych-hracov-2\/\" target=\"_blank\" rel=\"noopener noreferrer\"><strong>Cuco Martina <\/strong>(koniec zmluvy)<\/a> <sup>30. 06.<\/sup><\/li>\n<li><a href=\"https:\/\/evertonfc.cz\/index.php\/news\/hornby-prestupuje-do-francie\/\" target=\"_blank\" rel=\"noopener noreferrer\"><strong>Fraser Hornby<\/strong> (Stade Reims \u2013 nezverejnen\u00e1 \u010diastka, pod\u013ea m\u00e9di\u00ed \u00a31,8m)<\/a> <sup>01. 07.<\/sup><\/li>\n<li><a href=\"https:\/\/evertonfc.cz\/index.php\/2020\/07\/26\/klobouky-dolu-baines-konci\/\"><strong>Leighton Baines<\/strong> (konec kari\u00e9ry)<\/a>\u00a0<sup>27.<\/sup><sup>\u00a007<\/sup><sup>.<\/sup><\/li>\n<li><a href=\"https:\/\/evertonfc.cz\/index.php\/2020\/06\/26\/zoznam-prepustenych-hracov-2\/\" target=\"_blank\" rel=\"noopener noreferrer\"><strong>Djibril Sidib\u00e9<\/strong> (AS Monaco \u2013 n\u00e1vrat z hos\u0165ovania) <\/a><sup>27.<\/sup><sup>\u00a007<\/sup><sup>.<\/sup><\/li>\n<li><a href=\"https:\/\/evertonfc.cz\/index.php\/news\/stekelenburg-do-ajaxu\/\" target=\"_blank\" rel=\"noopener noreferrer\"><strong>Maarten Stekelenburg <\/strong>(Ajax Amsterdam \u2013 vo\u013en\u00fd hr\u00e1\u010d)<\/a> <sup>27<\/sup><sup>. 07.<\/sup><\/li>\n<li><a href=\"https:\/\/evertonfc.cz\/index.php\/news\/markelo-na-hostovani\/\" target=\"_blank\" rel=\"noopener noreferrer\"><strong>Nathan Markelo <\/strong>(Twente \u2013 hos\u0165ovanie)<\/a> <sup>27<\/sup><sup>. 07.<\/sup><\/li>\n<li><a href=\"https:\/\/evertonfc.cz\/index.php\/news\/dowell-prestupuje-do-norwiche\/\" target=\"_blank\" rel=\"noopener noreferrer\"><strong>Kieran Dowell<\/strong> (Norwich City \u2013 nezverejnen\u00e1 \u010diastka)<\/a> <sup>30<\/sup><sup>. 07.<\/sup><\/li>\n<li><a href=\"https:\/\/evertonfc.cz\/index.php\/news\/gibson-hostuje-v-readingu\/\" target=\"_blank\" rel=\"noopener noreferrer\"><strong>Lewis Gibson <\/strong>(Reading \u2013 hos\u0165ovanie) <\/a><sup>22<\/sup><sup>. 09.<\/sup><\/li>\n<li><a href=\"https:\/\/evertonfc.cz\/index.php\/news\/adeniran-hostuje-ve-wycombe\/\" target=\"_blank\" rel=\"noopener noreferrer\"><strong>Dennis Adeniran <\/strong>(Wycombe Wanderers \u2013 hos\u0165ovanie)<\/a> <sup>25<\/sup><sup>. 09.<\/sup><\/li>\n<li><a href=\"https:\/\/evertonfc.cz\/index.php\/2020\/10\/04\/kean-hostuje-v-psg\/\" target=\"_blank\" rel=\"noopener noreferrer\"><strong>Moise Kean <\/strong>(Paris Saint-Germain \u2013 hos\u0165ovanie)<\/a> <sup>04<\/sup><sup>. 10.<\/sup><\/li>\n<li><a href=\"https:\/\/evertonfc.cz\/index.php\/2020\/10\/05\/walcott-hostem-u-saints\/\" target=\"_blank\" rel=\"noopener noreferrer\"><strong>Theo Walcott <\/strong>(Southampton \u2013 hos\u0165ovanie)<\/a> <sup>05<\/sup><sup>. 10.<\/sup><\/li>\n<li><a href=\"https:\/\/evertonfc.cz\/index.php\/news\/sandro-konci-v-evertonu\/\" target=\"_blank\" rel=\"noopener noreferrer\"><strong>Sandro Ram\u00edrez<\/strong> (Huesca \u2013 nezverejnen\u00e1 \u010diastka, pod\u013ea m\u00e9di\u00ed zadarmo)<\/a> <sup>05<\/sup><sup>. 10.<\/sup><\/li>\n<li><a href=\"https:\/\/evertonfc.cz\/index.php\/news\/everton-propustil-tarashaje\/\" target=\"_blank\" rel=\"noopener noreferrer\"><strong>Shani Tarashaj<\/strong> (koniec zmluvy) <\/a><sup>13<\/sup><sup>. 10.<\/sup><\/li>\n<li><a href=\"https:\/\/evertonfc.cz\/index.php\/news\/connolly-opet-ve-fleetwoodu\/\" target=\"_blank\" rel=\"noopener noreferrer\"><b>Callum Connolly <\/b>(Fletwood Town \u2013 hos\u0165ovanie)<\/a> <sup>16<\/sup><sup>. 10.<\/sup><\/li>\n<\/ul>\n","protected":false},"excerpt":{"rendered":"<p>COVID-19 v\u00fdrazne zasiahne do futbalovej ekonomiky a nevynech\u00e1 ani transferov\u00e9 okno. Zmenili sa d\u00e1tum, d\u013a\u017eka aj priebeh. S\u00fahrn po\u010d\u00ednania Evertonu n\u00e1jdete tu.<\/p>\n","protected":false},"author":1,"featured_media":8425,"comment_status":"open","ping_status":"closed","sticky":false,"template":"","format":"standard","meta":{"_eb_attr":"","_monsterinsights_skip_tracking":false,"_monsterinsights_sitenote_active":false,"_monsterinsights_sitenote_note":"","_monsterinsights_sitenote_category":0,"footnotes":""},"categories":[41],"tags":[],"yoast_head":"<!-- This site is optimized with the Yoast SEO plugin v23.4 - https:\/\/yoast.com\/wordpress\/plugins\/seo\/ -->\n<title>Prestupov\u00e9 leto 2020 - Official Czech &amp; Slovak Everton Supporters&#039; Club<\/title>\n<meta name=\"robots\" content=\"index, follow, max-snippet:-1, max-image-preview:large, max-video-preview:-1\" \/>\n<link rel=\"canonical\" href=\"https:\/\/evertonfc.cz\/index.php\/2020\/10\/25\/prestupove-leto-2020\/\" \/>\n<meta property=\"og:locale\" content=\"cs_CZ\" \/>\n<meta property=\"og:type\" content=\"article\" \/>\n<meta property=\"og:title\" content=\"Prestupov\u00e9 leto 2020 - Official Czech &amp; Slovak Everton Supporters&#039; Club\" \/>\n<meta property=\"og:description\" content=\"COVID-19 v\u00fdrazne zasiahne do futbalovej ekonomiky a nevynech\u00e1 ani transferov\u00e9 okno. Zmenili sa d\u00e1tum, d\u013a\u017eka aj priebeh. S\u00fahrn po\u010d\u00ednania Evertonu n\u00e1jdete tu.\" \/>\n<meta property=\"og:url\" content=\"https:\/\/evertonfc.cz\/index.php\/2020\/10\/25\/prestupove-leto-2020\/\" \/>\n<meta property=\"og:site_name\" content=\"Official Czech &amp; Slovak Everton Supporters&#039; Club\" \/>\n<meta property=\"article:publisher\" content=\"https:\/\/www.facebook.com\/everton.fans.cz.sk\" \/>\n<meta property=\"article:published_time\" content=\"2020-10-25T09:00:45+00:00\" \/>\n<meta property=\"article:modified_time\" content=\"2020-10-27T20:12:58+00:00\" \/>\n<meta property=\"og:image\" content=\"https:\/\/evertonfc.cz\/wp-content\/uploads\/2019\/07\/Transfer-12-7-2019.png\" \/>\n\t<meta property=\"og:image:width\" content=\"720\" \/>\n\t<meta property=\"og:image:height\" content=\"405\" \/>\n\t<meta property=\"og:image:type\" content=\"image\/png\" \/>\n<meta name=\"author\" content=\"BlueBlooded\" \/>\n<meta name=\"twitter:card\" content=\"summary_large_image\" \/>\n<meta name=\"twitter:label1\" content=\"Napsal(a)\" \/>\n\t<meta name=\"twitter:data1\" content=\"BlueBlooded\" \/>\n\t<meta name=\"twitter:label2\" content=\"Odhadovan\u00e1 doba \u010dten\u00ed\" \/>\n\t<meta name=\"twitter:data2\" content=\"5 minut\" \/>\n<script type=\"application\/ld+json\" class=\"yoast-schema-graph\">{\"@context\":\"https:\/\/schema.org\",\"@graph\":[{\"@type\":\"Article\",\"@id\":\"https:\/\/evertonfc.cz\/index.php\/2020\/10\/25\/prestupove-leto-2020\/#article\",\"isPartOf\":{\"@id\":\"https:\/\/evertonfc.cz\/index.php\/2020\/10\/25\/prestupove-leto-2020\/\"},\"author\":{\"name\":\"BlueBlooded\",\"@id\":\"https:\/\/evertonfc.cz\/#\/schema\/person\/d4493b8cbea51532597fbc4685698916\"},\"headline\":\"Prestupov\u00e9 leto 2020\",\"datePublished\":\"2020-10-25T09:00:45+00:00\",\"dateModified\":\"2020-10-27T20:12:58+00:00\",\"mainEntityOfPage\":{\"@id\":\"https:\/\/evertonfc.cz\/index.php\/2020\/10\/25\/prestupove-leto-2020\/\"},\"wordCount\":1000,\"commentCount\":175,\"publisher\":{\"@id\":\"https:\/\/evertonfc.cz\/#organization\"},\"image\":{\"@id\":\"https:\/\/evertonfc.cz\/index.php\/2020\/10\/25\/prestupove-leto-2020\/#primaryimage\"},\"thumbnailUrl\":\"https:\/\/evertonfc.cz\/wp-content\/uploads\/2019\/07\/Transfer-12-7-2019.png\",\"articleSection\":[\"P\u0159estupy\"],\"inLanguage\":\"cs\",\"potentialAction\":[{\"@type\":\"CommentAction\",\"name\":\"Comment\",\"target\":[\"https:\/\/evertonfc.cz\/index.php\/2020\/10\/25\/prestupove-leto-2020\/#respond\"]}]},{\"@type\":\"WebPage\",\"@id\":\"https:\/\/evertonfc.cz\/index.php\/2020\/10\/25\/prestupove-leto-2020\/\",\"url\":\"https:\/\/evertonfc.cz\/index.php\/2020\/10\/25\/prestupove-leto-2020\/\",\"name\":\"Prestupov\u00e9 leto 2020 - Official Czech &amp; Slovak Everton Supporters&#039; Club\",\"isPartOf\":{\"@id\":\"https:\/\/evertonfc.cz\/#website\"},\"primaryImageOfPage\":{\"@id\":\"https:\/\/evertonfc.cz\/index.php\/2020\/10\/25\/prestupove-leto-2020\/#primaryimage\"},\"image\":{\"@id\":\"https:\/\/evertonfc.cz\/index.php\/2020\/10\/25\/prestupove-leto-2020\/#primaryimage\"},\"thumbnailUrl\":\"https:\/\/evertonfc.cz\/wp-content\/uploads\/2019\/07\/Transfer-12-7-2019.png\",\"datePublished\":\"2020-10-25T09:00:45+00:00\",\"dateModified\":\"2020-10-27T20:12:58+00:00\",\"breadcrumb\":{\"@id\":\"https:\/\/evertonfc.cz\/index.php\/2020\/10\/25\/prestupove-leto-2020\/#breadcrumb\"},\"inLanguage\":\"cs\",\"potentialAction\":[{\"@type\":\"ReadAction\",\"target\":[\"https:\/\/evertonfc.cz\/index.php\/2020\/10\/25\/prestupove-leto-2020\/\"]}]},{\"@type\":\"ImageObject\",\"inLanguage\":\"cs\",\"@id\":\"https:\/\/evertonfc.cz\/index.php\/2020\/10\/25\/prestupove-leto-2020\/#primaryimage\",\"url\":\"https:\/\/evertonfc.cz\/wp-content\/uploads\/2019\/07\/Transfer-12-7-2019.png\",\"contentUrl\":\"https:\/\/evertonfc.cz\/wp-content\/uploads\/2019\/07\/Transfer-12-7-2019.png\",\"width\":720,\"height\":405},{\"@type\":\"BreadcrumbList\",\"@id\":\"https:\/\/evertonfc.cz\/index.php\/2020\/10\/25\/prestupove-leto-2020\/#breadcrumb\",\"itemListElement\":[{\"@type\":\"ListItem\",\"position\":1,\"name\":\"Home\",\"item\":\"https:\/\/evertonfc.cz\/\"},{\"@type\":\"ListItem\",\"position\":2,\"name\":\"Prestupov\u00e9 leto 2020\"}]},{\"@type\":\"WebSite\",\"@id\":\"https:\/\/evertonfc.cz\/#website\",\"url\":\"https:\/\/evertonfc.cz\/\",\"name\":\"Official Czech &amp; Slovak Everton Supporters&#039; Club\",\"description\":\"\",\"publisher\":{\"@id\":\"https:\/\/evertonfc.cz\/#organization\"},\"potentialAction\":[{\"@type\":\"SearchAction\",\"target\":{\"@type\":\"EntryPoint\",\"urlTemplate\":\"https:\/\/evertonfc.cz\/?s={search_term_string}\"},\"query-input\":{\"@type\":\"PropertyValueSpecification\",\"valueRequired\":true,\"valueName\":\"search_term_string\"}}],\"inLanguage\":\"cs\"},{\"@type\":\"Organization\",\"@id\":\"https:\/\/evertonfc.cz\/#organization\",\"name\":\"Official Czech & Slovak Everton Supporters' Club\",\"url\":\"https:\/\/evertonfc.cz\/\",\"logo\":{\"@type\":\"ImageObject\",\"inLanguage\":\"cs\",\"@id\":\"https:\/\/evertonfc.cz\/#\/schema\/logo\/image\/\",\"url\":\"https:\/\/evertonfc.cz\/wp-content\/uploads\/2019\/05\/logo.png\",\"contentUrl\":\"https:\/\/evertonfc.cz\/wp-content\/uploads\/2019\/05\/logo.png\",\"width\":112,\"height\":112,\"caption\":\"Official Czech & Slovak Everton Supporters' Club\"},\"image\":{\"@id\":\"https:\/\/evertonfc.cz\/#\/schema\/logo\/image\/\"},\"sameAs\":[\"https:\/\/www.facebook.com\/everton.fans.cz.sk\"]},{\"@type\":\"Person\",\"@id\":\"https:\/\/evertonfc.cz\/#\/schema\/person\/d4493b8cbea51532597fbc4685698916\",\"name\":\"BlueBlooded\",\"url\":\"https:\/\/evertonfc.cz\/index.php\/author\/admin\/\"}]}<\/script>\n<!-- \/ Yoast SEO plugin. -->","yoast_head_json":{"title":"Prestupov\u00e9 leto 2020 - Official Czech &amp; Slovak Everton Supporters&#039; Club","robots":{"index":"index","follow":"follow","max-snippet":"max-snippet:-1","max-image-preview":"max-image-preview:large","max-video-preview":"max-video-preview:-1"},"canonical":"https:\/\/evertonfc.cz\/index.php\/2020\/10\/25\/prestupove-leto-2020\/","og_locale":"cs_CZ","og_type":"article","og_title":"Prestupov\u00e9 leto 2020 - Official Czech &amp; Slovak Everton Supporters&#039; Club","og_description":"COVID-19 v\u00fdrazne zasiahne do futbalovej ekonomiky a nevynech\u00e1 ani transferov\u00e9 okno. Zmenili sa d\u00e1tum, d\u013a\u017eka aj priebeh. S\u00fahrn po\u010d\u00ednania Evertonu n\u00e1jdete tu.","og_url":"https:\/\/evertonfc.cz\/index.php\/2020\/10\/25\/prestupove-leto-2020\/","og_site_name":"Official Czech &amp; Slovak Everton Supporters&#039; Club","article_publisher":"https:\/\/www.facebook.com\/everton.fans.cz.sk","article_published_time":"2020-10-25T09:00:45+00:00","article_modified_time":"2020-10-27T20:12:58+00:00","og_image":[{"width":720,"height":405,"url":"https:\/\/evertonfc.cz\/wp-content\/uploads\/2019\/07\/Transfer-12-7-2019.png","type":"image\/png"}],"author":"BlueBlooded","twitter_card":"summary_large_image","twitter_misc":{"Napsal(a)":"BlueBlooded","Odhadovan\u00e1 doba \u010dten\u00ed":"5 minut"},"schema":{"@context":"https:\/\/schema.org","@graph":[{"@type":"Article","@id":"https:\/\/evertonfc.cz\/index.php\/2020\/10\/25\/prestupove-leto-2020\/#article","isPartOf":{"@id":"https:\/\/evertonfc.cz\/index.php\/2020\/10\/25\/prestupove-leto-2020\/"},"author":{"name":"BlueBlooded","@id":"https:\/\/evertonfc.cz\/#\/schema\/person\/d4493b8cbea51532597fbc4685698916"},"headline":"Prestupov\u00e9 leto 2020","datePublished":"2020-10-25T09:00:45+00:00","dateModified":"2020-10-27T20:12:58+00:00","mainEntityOfPage":{"@id":"https:\/\/evertonfc.cz\/index.php\/2020\/10\/25\/prestupove-leto-2020\/"},"wordCount":1000,"commentCount":175,"publisher":{"@id":"https:\/\/evertonfc.cz\/#organization"},"image":{"@id":"https:\/\/evertonfc.cz\/index.php\/2020\/10\/25\/prestupove-leto-2020\/#primaryimage"},"thumbnailUrl":"https:\/\/evertonfc.cz\/wp-content\/uploads\/2019\/07\/Transfer-12-7-2019.png","articleSection":["P\u0159estupy"],"inLanguage":"cs","potentialAction":[{"@type":"CommentAction","name":"Comment","target":["https:\/\/evertonfc.cz\/index.php\/2020\/10\/25\/prestupove-leto-2020\/#respond"]}]},{"@type":"WebPage","@id":"https:\/\/evertonfc.cz\/index.php\/2020\/10\/25\/prestupove-leto-2020\/","url":"https:\/\/evertonfc.cz\/index.php\/2020\/10\/25\/prestupove-leto-2020\/","name":"Prestupov\u00e9 leto 2020 - Official Czech &amp; Slovak Everton Supporters&#039; Club","isPartOf":{"@id":"https:\/\/evertonfc.cz\/#website"},"primaryImageOfPage":{"@id":"https:\/\/evertonfc.cz\/index.php\/2020\/10\/25\/prestupove-leto-2020\/#primaryimage"},"image":{"@id":"https:\/\/evertonfc.cz\/index.php\/2020\/10\/25\/prestupove-leto-2020\/#primaryimage"},"thumbnailUrl":"https:\/\/evertonfc.cz\/wp-content\/uploads\/2019\/07\/Transfer-12-7-2019.png","datePublished":"2020-10-25T09:00:45+00:00","dateModified":"2020-10-27T20:12:58+00:00","breadcrumb":{"@id":"https:\/\/evertonfc.cz\/index.php\/2020\/10\/25\/prestupove-leto-2020\/#breadcrumb"},"inLanguage":"cs","potentialAction":[{"@type":"ReadAction","target":["https:\/\/evertonfc.cz\/index.php\/2020\/10\/25\/prestupove-leto-2020\/"]}]},{"@type":"ImageObject","inLanguage":"cs","@id":"https:\/\/evertonfc.cz\/index.php\/2020\/10\/25\/prestupove-leto-2020\/#primaryimage","url":"https:\/\/evertonfc.cz\/wp-content\/uploads\/2019\/07\/Transfer-12-7-2019.png","contentUrl":"https:\/\/evertonfc.cz\/wp-content\/uploads\/2019\/07\/Transfer-12-7-2019.png","width":720,"height":405},{"@type":"BreadcrumbList","@id":"https:\/\/evertonfc.cz\/index.php\/2020\/10\/25\/prestupove-leto-2020\/#breadcrumb","itemListElement":[{"@type":"ListItem","position":1,"name":"Home","item":"https:\/\/evertonfc.cz\/"},{"@type":"ListItem","position":2,"name":"Prestupov\u00e9 leto 2020"}]},{"@type":"WebSite","@id":"https:\/\/evertonfc.cz\/#website","url":"https:\/\/evertonfc.cz\/","name":"Official Czech &amp; Slovak Everton Supporters&#039; Club","description":"","publisher":{"@id":"https:\/\/evertonfc.cz\/#organization"},"potentialAction":[{"@type":"SearchAction","target":{"@type":"EntryPoint","urlTemplate":"https:\/\/evertonfc.cz\/?s={search_term_string}"},"query-input":{"@type":"PropertyValueSpecification","valueRequired":true,"valueName":"search_term_string"}}],"inLanguage":"cs"},{"@type":"Organization","@id":"https:\/\/evertonfc.cz\/#organization","name":"Official Czech & Slovak Everton Supporters' Club","url":"https:\/\/evertonfc.cz\/","logo":{"@type":"ImageObject","inLanguage":"cs","@id":"https:\/\/evertonfc.cz\/#\/schema\/logo\/image\/","url":"https:\/\/evertonfc.cz\/wp-content\/uploads\/2019\/05\/logo.png","contentUrl":"https:\/\/evertonfc.cz\/wp-content\/uploads\/2019\/05\/logo.png","width":112,"height":112,"caption":"Official Czech & Slovak Everton Supporters' Club"},"image":{"@id":"https:\/\/evertonfc.cz\/#\/schema\/logo\/image\/"},"sameAs":["https:\/\/www.facebook.com\/everton.fans.cz.sk"]},{"@type":"Person","@id":"https:\/\/evertonfc.cz\/#\/schema\/person\/d4493b8cbea51532597fbc4685698916","name":"BlueBlooded","url":"https:\/\/evertonfc.cz\/index.php\/author\/admin\/"}]}},"_links":{"self":[{"href":"https:\/\/evertonfc.cz\/index.php\/wp-json\/wp\/v2\/posts\/11204"}],"collection":[{"href":"https:\/\/evertonfc.cz\/index.php\/wp-json\/wp\/v2\/posts"}],"about":[{"href":"https:\/\/evertonfc.cz\/index.php\/wp-json\/wp\/v2\/types\/post"}],"author":[{"embeddable":true,"href":"https:\/\/evertonfc.cz\/index.php\/wp-json\/wp\/v2\/users\/1"}],"replies":[{"embeddable":true,"href":"https:\/\/evertonfc.cz\/index.php\/wp-json\/wp\/v2\/comments?post=11204"}],"version-history":[{"count":51,"href":"https:\/\/evertonfc.cz\/index.php\/wp-json\/wp\/v2\/posts\/11204\/revisions"}],"predecessor-version":[{"id":12546,"href":"https:\/\/evertonfc.cz\/index.php\/wp-json\/wp\/v2\/posts\/11204\/revisions\/12546"}],"wp:featuredmedia":[{"embeddable":true,"href":"https:\/\/evertonfc.cz\/index.php\/wp-json\/wp\/v2\/media\/8425"}],"wp:attachment":[{"href":"https:\/\/evertonfc.cz\/index.php\/wp-json\/wp\/v2\/media?parent=11204"}],"wp:term":[{"taxonomy":"category","embeddable":true,"href":"https:\/\/evertonfc.cz\/index.php\/wp-json\/wp\/v2\/categories?post=11204"},{"taxonomy":"post_tag","embeddable":true,"href":"https:\/\/evertonfc.cz\/index.php\/wp-json\/wp\/v2\/tags?post=11204"}],"curies":[{"name":"wp","href":"https:\/\/api.w.org\/{rel}","templated":true}]}}