{"id":11207,"date":"2020-06-23T16:01:20","date_gmt":"2020-06-23T14:01:20","guid":{"rendered":"https:\/\/evertonfc.cz\/?p=11207"},"modified":"2020-06-24T07:17:06","modified_gmt":"2020-06-24T05:17:06","slug":"nice-kupilo-schneiderlina","status":"publish","type":"post","link":"https:\/\/evertonfc.cz\/index.php\/2020\/06\/23\/nice-kupilo-schneiderlina\/","title":{"rendered":"Nice k\u00fapilo Schneiderlina"},"content":{"rendered":"<h4><span lang=\"SK\">Klub op\u00fa\u0161\u0165a hr\u00e1\u010d, ktor\u00fd nedok\u00e1zal opodstatni\u0165 svoj vysok\u00fd plat a\u00a0obstar\u00e1vaciu cenu. Teraz u\u017e len tie\u0148 b\u00fdval\u00fdch schopnost\u00ed sa stal trpkou pripomienkou zl\u00e9ho re\u017eimu.<\/span><\/h4>\n<p>T\u00fdm re\u017eimom bola dvojica Koeman-Walsh, slepo podporovan\u00e1 majite\u013eom Moshirim. Vidina instantn\u00e9ho \u00faspechu dala zabudn\u00fa\u0165 na dlhodob\u00e9 pl\u00e1novanie a dnes\u00a0podstatn\u00fa vec, udr\u017eate\u013enos\u0165. A\u00a0\u010do je dnes u\u017e o\u010dividnej\u0161ie, Everton sa z\u00a0n\u00e1kupov Darrena Gibsona a\u00a0Toma Cleverleyho v\u00f4bec, ale v\u00f4bec nepou\u010dil. Morgan toti\u017e za tri a\u00a0pol roka nazbieral viac \u010derven\u00fdch kariet (3) ako ligov\u00fdch g\u00f3lov a\u00a0asistencii dohromady.<\/p>\n<p>Z\u00e1ujem OGC Nice bol v posledn\u00fdch t\u00fd\u017ed\u0148och vec verejn\u00e1. Tamoj\u0161\u00ed mana\u017e\u00e9r Patrick Vieira svoje z\u00e1mery v\u00f4bec neskr\u00fdval a pred t\u00fd\u017ed\u0148om prehl\u00e1sil: <em>\u201eSchneiderlin ur\u010dite patr\u00ed do n\u00e1\u0161ho h\u013ead\u00e1\u010diku, preto\u017ee ide o hr\u00e1\u010da, ktor\u00fd h\u013ead\u00e1 nov\u00fa v\u00fdzvu. Je pre n\u00e1s zauj\u00edmavou mo\u017enos\u0165ou.\u201c <\/em><\/p>\n<p>V nede\u013eu podst\u00fapil zdravotn\u00fa prehliadku, \u010do e\u0161te v\u010dera potvrdil aj ich \u0161portov\u00fd riadite\u013e Julien Fournier: <em>\u201eMorgan Schneiderlin by mal podp\u00edsa\u0165 v pondelok, pre\u0161iel prehliadkou a\u00a0my \u010dak\u00e1me len na podpis Evertonu.&#8220;<\/em><\/p>\n<p>Franc\u00fazsky klub si \u0161p\u00edlmachra na poz\u00edcii 6 vyhliadol pre sk\u00fasenosti, ktor\u00e9 prich\u00e1dzaj\u00fa s vekom. V Evertone ich s\u00edce nepreukazoval, ale v rodnej krajine, do ktorej sa t\u00fa\u017eil vr\u00e1ti\u0165, ich mo\u017eno z\u00faro\u010d\u00ed. Nice disponuj\u00fa ve\u013emi mlad\u00fdm a talentovan\u00fdm t\u00edmom najm\u00e4 v ofenz\u00edvnej f\u00e1ze, tak\u017ee niekto, nie pr\u00edli\u0161 vzru\u0161en\u00fd dian\u00edm, sa im vzadu hod\u00ed.<\/p>\n<h4>Dobr\u00fd obchod pre Everton<\/h4>\n<p>Les Aiglons sa umiestnili v\u00a0pred\u010dasne ukon\u010denej Ligue 1 na piatom mieste. Suma na\u0161im klubom nebola zverejnen\u00e1, ale Fournier sa v\u00a0pre ofic\u00e1lny web OGC prekecol:<\/p>\n<blockquote><p><em>\u201ePodobn\u00fd prestup sme uskuto\u010dnili pred nieko\u013ek\u00fdmi rokmi s Dantem. Urobili sme to znova s Morganom za ve\u013emi primeran\u00fa sumu. Na rozdiel od toho, \u010do bolo hl\u00e1sen\u00e9 v m\u00e9di\u00e1ch, bude kone\u010dn\u00e1 cena medzi dvoma a \u0161tyrmi mili\u00f3nmi eur. Na posilnenie t\u00edmu sme nemuseli m\u00ed\u0148a\u0165 \u0161ialen\u00e9 peniaze.\u201c<\/em><\/p><\/blockquote>\n<p>Vzh\u013eadom na fakt, \u017ee hr\u00e1\u010d m\u00e1 len rok do konca zmluvy a astronomick\u00fd plat, je to v\u00edtan\u00e9. Schneiderlin je dokonca e\u0161te st\u00e1le zranen\u00fd. Po\u010das z\u00e1pasu na Emirates vo febru\u00e1ri si nadtrhol meniskus, ktor\u00fd mu zo\u0161ili a opravili spolu s po\u0161kodenou chrupavkou. T\u00fato sez\u00f3nu by si u\u017e nekopol. Hoci franc\u00fazska liga bola pred\u010dasne ukon\u010den\u00e1 v d\u00f4sledku pand\u00e9mie koronav\u00edrusu, Morgan bude st\u00e1le musie\u0165 po\u010dka\u0165 do konca sez\u00f3ny Premier League, \u010di\u017ee 26. j\u00fala, aby sa jeho prestup stal ofici\u00e1lnym.<\/p>\n<blockquote class=\"twitter-tweet\" data-width=\"550\" data-dnt=\"true\">\n<p lang=\"en\" dir=\"ltr\">Official | OGC Nice sign Morgan Schneiderlin from Everton &#8211; announcement occurs in a Zoom format. <a href=\"https:\/\/t.co\/66p1xAp4vq\">pic.twitter.com\/66p1xAp4vq<\/a><\/p>\n<p>&mdash; Get French Football News (@GFFN) <a href=\"https:\/\/twitter.com\/GFFN\/status\/1275411641098817539?ref_src=twsrc%5Etfw\">June 23, 2020<\/a><\/p><\/blockquote>\n<p><script async src=\"https:\/\/platform.twitter.com\/widgets.js\" charset=\"utf-8\"><\/script><\/p>\n<h4>P\u00f4sobenie na Merseyside<\/h4>\n<p>185 cm vysok\u00fd defenz\u00edvny z\u00e1lo\u017en\u00edk pri\u0161iel do Goodison Parku v janu\u00e1ri 2017 po p\u00f4soben\u00ed na Old Trafford. To si vtedy 27 ro\u010dn\u00fd Franc\u00faz vysl\u00fa\u017eil po siedmych rokoch, str\u00e1ven\u00fdch v Southamptone, kde ho rok tr\u00e9noval aj Koeman. Na St. Mary\u00b4s sa vyprofiloval na jedn\u00e9ho z najlep\u0161\u00edch z\u00e1lo\u017en\u00edkov ostrovn\u00e9ho futbalu, \u010do dokazovali aj \u0161tatistiky.<\/p>\n<p>Po prestupe do United za 27 mili\u00f3nov sa mu relat\u00edvne darilo. V okt\u00f3bri 2015 strelil aj g\u00f3l, svoj jedin\u00fd, do siete Evertonu. No s pr\u00edchodom Mourinha a prestavby k\u00e1dra United sa jeho vy\u0165a\u017eenie zmenilo, a namiesto 37 z\u00e1pasov nast\u00fapil nasleduj\u00facu sez\u00f3nu len do \u00f4smich. Preto prijal za v\u010fak z\u00e1ujem klubu na \u201evzostupe.\u201c Po dlh\u0161\u00edch rokovaniach vyjednali Karamelky sumu dvadsa\u0165 mili\u00f3nov libier, s\u00a0mo\u017en\u00fdmi bonusmi vo v\u00fd\u0161ke \u0161tyroch.<\/p>\n<p>Podp\u00edsal sa \u0161tyri a\u00a0polro\u010dn\u00fd kontrakt a\u00a0odbit\u00e1 bola aj konkurencia v\u00a0podobe Pulisovho West Bromwichu Albion. Za\u010diatok jeho p\u00f4sobenia na Merseyside bol \u00fa\u017easn\u00fd. Okam\u017eite sa zakomponoval s\u00a0Gueyem do stredu z\u00e1lohy a spolu\u00a0vytvorili dokonal\u00fd obrann\u00fd val, s\u00a0citom pre dirigovanie hry. Fan\u00fa\u0161ikovia ho preto za\u010d\u00ednali prez\u00fdva\u0165 \u201ea Rolls Royce player\u201c. Len\u017ee ako sa uk\u00e1zalo, Morgan nebol hr\u00e1\u010dom do ne\u010dasu.<\/p>\n<p>V\u00a0druhej sez\u00f3ne za\u010dal Everton katastrof\u00e1lne a\u00a0Holan\u010fan na lavi\u010dke na to doplatil svoj\u00edm miestom. T\u00edmu sa nedarilo a\u00a0hr\u00e1\u010di sa skr\u00fdvali jeden za druh\u00fdm. Dirigent Schneiderlin bol jedn\u00fdm z\u00a0nich. T\u00e1to sk\u00fasenos\u0165 sa uk\u00e1zala ako zlomov\u00e1 v\u00a0jeho kari\u00e9re. Nikdy sa toti\u017e zo straten\u00e9ho sebavedomia nespam\u00e4tal.<\/p>\n<p>Zvy\u0161ok jeho kari\u00e9ry za The Toffees sprev\u00e1dzal u\u017e len alibizmus, prihr\u00e1vky do str\u00e1n, fauly z\u00a0lenivosti a\u00a0disciplin\u00e1rne probl\u00e9my na aj mimo ihriska. Dohromady aj tak stihol odohra\u0165 88 z\u00e1pasov, v\u00a0ktor\u00fdch strelil solit\u00e1rny g\u00f3l a\u00a0na dva prihral. V\u00a0tridsiatke a\u00a0s\u00a0posledn\u00fdm rokom na zmluve s platom \u00a3100 000 je spr\u00e1vny \u010das od\u00eds\u0165.<\/p>\n<h4>Carlo Ancelotti, mana\u017e\u00e9r EFC:<\/h4>\n<blockquote><p><em>\u201eM\u00f4\u017eem hovori\u0165 o obdob\u00ed, ktor\u00e9 str\u00e1vil so mnou. Bolo to dobr\u00e9 obdobie. Mal zranenia, ale ke\u010f hral, hral dobre. V\u0161etci v klube s\u00fa spokojn\u00ed s t\u00fdm, \u010do tu urobil ako profesion\u00e1l. Ka\u017ed\u00fd z n\u00e1s mu chce za\u017eela\u0165 to najlep\u0161ie. T\u00fa\u017eil sa vr\u00e1ti\u0165 a hra\u0165 sa vo Franc\u00fazsku a my sme mu to umo\u017enili.\u201c<\/em><\/p><\/blockquote>\n<p style=\"text-align: right;\"><span style=\"font-size: 8pt;\">(foto zdroj: ogcnice.com)<\/span><\/p>\n","protected":false},"excerpt":{"rendered":"<p>Klub op\u00fa\u0161\u0165a hr\u00e1\u010d, ktor\u00fd nedok\u00e1zal opodstatni\u0165 svoj vysok\u00fd plat a obstar\u00e1vaciu cenu. Teraz u\u017e len tie\u0148 b\u00fdval\u00fdch schopnost\u00ed sa stal trpkou pripomienkou zl\u00e9ho re\u017eimu.<\/p>\n","protected":false},"author":1,"featured_media":11208,"comment_status":"open","ping_status":"closed","sticky":false,"template":"","format":"standard","meta":{"_eb_attr":"","_monsterinsights_skip_tracking":false,"_monsterinsights_sitenote_active":false,"_monsterinsights_sitenote_note":"","_monsterinsights_sitenote_category":0,"footnotes":""},"categories":[41],"tags":[],"yoast_head":"<!-- This site is optimized with the Yoast SEO plugin v23.4 - https:\/\/yoast.com\/wordpress\/plugins\/seo\/ -->\n<title>Nice k\u00fapilo Schneiderlina - Official Czech &amp; Slovak Everton Supporters&#039; Club<\/title>\n<meta name=\"robots\" content=\"index, follow, max-snippet:-1, max-image-preview:large, max-video-preview:-1\" \/>\n<link rel=\"canonical\" href=\"https:\/\/evertonfc.cz\/index.php\/2020\/06\/23\/nice-kupilo-schneiderlina\/\" \/>\n<meta property=\"og:locale\" content=\"cs_CZ\" \/>\n<meta property=\"og:type\" content=\"article\" \/>\n<meta property=\"og:title\" content=\"Nice k\u00fapilo Schneiderlina - Official Czech &amp; Slovak Everton Supporters&#039; Club\" \/>\n<meta property=\"og:description\" content=\"Klub op\u00fa\u0161\u0165a hr\u00e1\u010d, ktor\u00fd nedok\u00e1zal opodstatni\u0165 svoj vysok\u00fd plat a obstar\u00e1vaciu cenu. Teraz u\u017e len tie\u0148 b\u00fdval\u00fdch schopnost\u00ed sa stal trpkou pripomienkou zl\u00e9ho re\u017eimu.\" \/>\n<meta property=\"og:url\" content=\"https:\/\/evertonfc.cz\/index.php\/2020\/06\/23\/nice-kupilo-schneiderlina\/\" \/>\n<meta property=\"og:site_name\" content=\"Official Czech &amp; Slovak Everton Supporters&#039; Club\" \/>\n<meta property=\"article:publisher\" content=\"https:\/\/www.facebook.com\/everton.fans.cz.sk\" \/>\n<meta property=\"article:published_time\" content=\"2020-06-23T14:01:20+00:00\" \/>\n<meta property=\"article:modified_time\" content=\"2020-06-24T05:17:06+00:00\" \/>\n<meta property=\"og:image\" content=\"https:\/\/evertonfc.cz\/wp-content\/uploads\/2020\/06\/Schneiderlin-ogcnice.com-23-6-2020.jpg\" \/>\n\t<meta property=\"og:image:width\" content=\"720\" \/>\n\t<meta property=\"og:image:height\" content=\"405\" \/>\n\t<meta property=\"og:image:type\" content=\"image\/jpeg\" \/>\n<meta name=\"author\" content=\"BlueBlooded\" \/>\n<meta name=\"twitter:card\" content=\"summary_large_image\" \/>\n<meta name=\"twitter:label1\" content=\"Napsal(a)\" \/>\n\t<meta name=\"twitter:data1\" content=\"BlueBlooded\" \/>\n\t<meta name=\"twitter:label2\" content=\"Odhadovan\u00e1 doba \u010dten\u00ed\" \/>\n\t<meta name=\"twitter:data2\" content=\"5 minut\" \/>\n<script type=\"application\/ld+json\" class=\"yoast-schema-graph\">{\"@context\":\"https:\/\/schema.org\",\"@graph\":[{\"@type\":\"Article\",\"@id\":\"https:\/\/evertonfc.cz\/index.php\/2020\/06\/23\/nice-kupilo-schneiderlina\/#article\",\"isPartOf\":{\"@id\":\"https:\/\/evertonfc.cz\/index.php\/2020\/06\/23\/nice-kupilo-schneiderlina\/\"},\"author\":{\"name\":\"BlueBlooded\",\"@id\":\"https:\/\/evertonfc.cz\/#\/schema\/person\/d4493b8cbea51532597fbc4685698916\"},\"headline\":\"Nice k\u00fapilo Schneiderlina\",\"datePublished\":\"2020-06-23T14:01:20+00:00\",\"dateModified\":\"2020-06-24T05:17:06+00:00\",\"mainEntityOfPage\":{\"@id\":\"https:\/\/evertonfc.cz\/index.php\/2020\/06\/23\/nice-kupilo-schneiderlina\/\"},\"wordCount\":908,\"commentCount\":8,\"publisher\":{\"@id\":\"https:\/\/evertonfc.cz\/#organization\"},\"image\":{\"@id\":\"https:\/\/evertonfc.cz\/index.php\/2020\/06\/23\/nice-kupilo-schneiderlina\/#primaryimage\"},\"thumbnailUrl\":\"https:\/\/evertonfc.cz\/wp-content\/uploads\/2020\/06\/Schneiderlin-ogcnice.com-23-6-2020.jpg\",\"articleSection\":[\"P\u0159estupy\"],\"inLanguage\":\"cs\",\"potentialAction\":[{\"@type\":\"CommentAction\",\"name\":\"Comment\",\"target\":[\"https:\/\/evertonfc.cz\/index.php\/2020\/06\/23\/nice-kupilo-schneiderlina\/#respond\"]}]},{\"@type\":\"WebPage\",\"@id\":\"https:\/\/evertonfc.cz\/index.php\/2020\/06\/23\/nice-kupilo-schneiderlina\/\",\"url\":\"https:\/\/evertonfc.cz\/index.php\/2020\/06\/23\/nice-kupilo-schneiderlina\/\",\"name\":\"Nice k\u00fapilo Schneiderlina - Official Czech &amp; Slovak Everton Supporters&#039; Club\",\"isPartOf\":{\"@id\":\"https:\/\/evertonfc.cz\/#website\"},\"primaryImageOfPage\":{\"@id\":\"https:\/\/evertonfc.cz\/index.php\/2020\/06\/23\/nice-kupilo-schneiderlina\/#primaryimage\"},\"image\":{\"@id\":\"https:\/\/evertonfc.cz\/index.php\/2020\/06\/23\/nice-kupilo-schneiderlina\/#primaryimage\"},\"thumbnailUrl\":\"https:\/\/evertonfc.cz\/wp-content\/uploads\/2020\/06\/Schneiderlin-ogcnice.com-23-6-2020.jpg\",\"datePublished\":\"2020-06-23T14:01:20+00:00\",\"dateModified\":\"2020-06-24T05:17:06+00:00\",\"breadcrumb\":{\"@id\":\"https:\/\/evertonfc.cz\/index.php\/2020\/06\/23\/nice-kupilo-schneiderlina\/#breadcrumb\"},\"inLanguage\":\"cs\",\"potentialAction\":[{\"@type\":\"ReadAction\",\"target\":[\"https:\/\/evertonfc.cz\/index.php\/2020\/06\/23\/nice-kupilo-schneiderlina\/\"]}]},{\"@type\":\"ImageObject\",\"inLanguage\":\"cs\",\"@id\":\"https:\/\/evertonfc.cz\/index.php\/2020\/06\/23\/nice-kupilo-schneiderlina\/#primaryimage\",\"url\":\"https:\/\/evertonfc.cz\/wp-content\/uploads\/2020\/06\/Schneiderlin-ogcnice.com-23-6-2020.jpg\",\"contentUrl\":\"https:\/\/evertonfc.cz\/wp-content\/uploads\/2020\/06\/Schneiderlin-ogcnice.com-23-6-2020.jpg\",\"width\":720,\"height\":405},{\"@type\":\"BreadcrumbList\",\"@id\":\"https:\/\/evertonfc.cz\/index.php\/2020\/06\/23\/nice-kupilo-schneiderlina\/#breadcrumb\",\"itemListElement\":[{\"@type\":\"ListItem\",\"position\":1,\"name\":\"Home\",\"item\":\"https:\/\/evertonfc.cz\/\"},{\"@type\":\"ListItem\",\"position\":2,\"name\":\"Nice k\u00fapilo Schneiderlina\"}]},{\"@type\":\"WebSite\",\"@id\":\"https:\/\/evertonfc.cz\/#website\",\"url\":\"https:\/\/evertonfc.cz\/\",\"name\":\"Official Czech &amp; Slovak Everton Supporters&#039; Club\",\"description\":\"\",\"publisher\":{\"@id\":\"https:\/\/evertonfc.cz\/#organization\"},\"potentialAction\":[{\"@type\":\"SearchAction\",\"target\":{\"@type\":\"EntryPoint\",\"urlTemplate\":\"https:\/\/evertonfc.cz\/?s={search_term_string}\"},\"query-input\":{\"@type\":\"PropertyValueSpecification\",\"valueRequired\":true,\"valueName\":\"search_term_string\"}}],\"inLanguage\":\"cs\"},{\"@type\":\"Organization\",\"@id\":\"https:\/\/evertonfc.cz\/#organization\",\"name\":\"Official Czech & Slovak Everton Supporters' Club\",\"url\":\"https:\/\/evertonfc.cz\/\",\"logo\":{\"@type\":\"ImageObject\",\"inLanguage\":\"cs\",\"@id\":\"https:\/\/evertonfc.cz\/#\/schema\/logo\/image\/\",\"url\":\"https:\/\/evertonfc.cz\/wp-content\/uploads\/2019\/05\/logo.png\",\"contentUrl\":\"https:\/\/evertonfc.cz\/wp-content\/uploads\/2019\/05\/logo.png\",\"width\":112,\"height\":112,\"caption\":\"Official Czech & Slovak Everton Supporters' Club\"},\"image\":{\"@id\":\"https:\/\/evertonfc.cz\/#\/schema\/logo\/image\/\"},\"sameAs\":[\"https:\/\/www.facebook.com\/everton.fans.cz.sk\"]},{\"@type\":\"Person\",\"@id\":\"https:\/\/evertonfc.cz\/#\/schema\/person\/d4493b8cbea51532597fbc4685698916\",\"name\":\"BlueBlooded\",\"url\":\"https:\/\/evertonfc.cz\/index.php\/author\/admin\/\"}]}<\/script>\n<!-- \/ Yoast SEO plugin. -->","yoast_head_json":{"title":"Nice k\u00fapilo Schneiderlina - Official Czech &amp; Slovak Everton Supporters&#039; Club","robots":{"index":"index","follow":"follow","max-snippet":"max-snippet:-1","max-image-preview":"max-image-preview:large","max-video-preview":"max-video-preview:-1"},"canonical":"https:\/\/evertonfc.cz\/index.php\/2020\/06\/23\/nice-kupilo-schneiderlina\/","og_locale":"cs_CZ","og_type":"article","og_title":"Nice k\u00fapilo Schneiderlina - Official Czech &amp; Slovak Everton Supporters&#039; Club","og_description":"Klub op\u00fa\u0161\u0165a hr\u00e1\u010d, ktor\u00fd nedok\u00e1zal opodstatni\u0165 svoj vysok\u00fd plat a obstar\u00e1vaciu cenu. Teraz u\u017e len tie\u0148 b\u00fdval\u00fdch schopnost\u00ed sa stal trpkou pripomienkou zl\u00e9ho re\u017eimu.","og_url":"https:\/\/evertonfc.cz\/index.php\/2020\/06\/23\/nice-kupilo-schneiderlina\/","og_site_name":"Official Czech &amp; Slovak Everton Supporters&#039; Club","article_publisher":"https:\/\/www.facebook.com\/everton.fans.cz.sk","article_published_time":"2020-06-23T14:01:20+00:00","article_modified_time":"2020-06-24T05:17:06+00:00","og_image":[{"width":720,"height":405,"url":"https:\/\/evertonfc.cz\/wp-content\/uploads\/2020\/06\/Schneiderlin-ogcnice.com-23-6-2020.jpg","type":"image\/jpeg"}],"author":"BlueBlooded","twitter_card":"summary_large_image","twitter_misc":{"Napsal(a)":"BlueBlooded","Odhadovan\u00e1 doba \u010dten\u00ed":"5 minut"},"schema":{"@context":"https:\/\/schema.org","@graph":[{"@type":"Article","@id":"https:\/\/evertonfc.cz\/index.php\/2020\/06\/23\/nice-kupilo-schneiderlina\/#article","isPartOf":{"@id":"https:\/\/evertonfc.cz\/index.php\/2020\/06\/23\/nice-kupilo-schneiderlina\/"},"author":{"name":"BlueBlooded","@id":"https:\/\/evertonfc.cz\/#\/schema\/person\/d4493b8cbea51532597fbc4685698916"},"headline":"Nice k\u00fapilo Schneiderlina","datePublished":"2020-06-23T14:01:20+00:00","dateModified":"2020-06-24T05:17:06+00:00","mainEntityOfPage":{"@id":"https:\/\/evertonfc.cz\/index.php\/2020\/06\/23\/nice-kupilo-schneiderlina\/"},"wordCount":908,"commentCount":8,"publisher":{"@id":"https:\/\/evertonfc.cz\/#organization"},"image":{"@id":"https:\/\/evertonfc.cz\/index.php\/2020\/06\/23\/nice-kupilo-schneiderlina\/#primaryimage"},"thumbnailUrl":"https:\/\/evertonfc.cz\/wp-content\/uploads\/2020\/06\/Schneiderlin-ogcnice.com-23-6-2020.jpg","articleSection":["P\u0159estupy"],"inLanguage":"cs","potentialAction":[{"@type":"CommentAction","name":"Comment","target":["https:\/\/evertonfc.cz\/index.php\/2020\/06\/23\/nice-kupilo-schneiderlina\/#respond"]}]},{"@type":"WebPage","@id":"https:\/\/evertonfc.cz\/index.php\/2020\/06\/23\/nice-kupilo-schneiderlina\/","url":"https:\/\/evertonfc.cz\/index.php\/2020\/06\/23\/nice-kupilo-schneiderlina\/","name":"Nice k\u00fapilo Schneiderlina - Official Czech &amp; Slovak Everton Supporters&#039; Club","isPartOf":{"@id":"https:\/\/evertonfc.cz\/#website"},"primaryImageOfPage":{"@id":"https:\/\/evertonfc.cz\/index.php\/2020\/06\/23\/nice-kupilo-schneiderlina\/#primaryimage"},"image":{"@id":"https:\/\/evertonfc.cz\/index.php\/2020\/06\/23\/nice-kupilo-schneiderlina\/#primaryimage"},"thumbnailUrl":"https:\/\/evertonfc.cz\/wp-content\/uploads\/2020\/06\/Schneiderlin-ogcnice.com-23-6-2020.jpg","datePublished":"2020-06-23T14:01:20+00:00","dateModified":"2020-06-24T05:17:06+00:00","breadcrumb":{"@id":"https:\/\/evertonfc.cz\/index.php\/2020\/06\/23\/nice-kupilo-schneiderlina\/#breadcrumb"},"inLanguage":"cs","potentialAction":[{"@type":"ReadAction","target":["https:\/\/evertonfc.cz\/index.php\/2020\/06\/23\/nice-kupilo-schneiderlina\/"]}]},{"@type":"ImageObject","inLanguage":"cs","@id":"https:\/\/evertonfc.cz\/index.php\/2020\/06\/23\/nice-kupilo-schneiderlina\/#primaryimage","url":"https:\/\/evertonfc.cz\/wp-content\/uploads\/2020\/06\/Schneiderlin-ogcnice.com-23-6-2020.jpg","contentUrl":"https:\/\/evertonfc.cz\/wp-content\/uploads\/2020\/06\/Schneiderlin-ogcnice.com-23-6-2020.jpg","width":720,"height":405},{"@type":"BreadcrumbList","@id":"https:\/\/evertonfc.cz\/index.php\/2020\/06\/23\/nice-kupilo-schneiderlina\/#breadcrumb","itemListElement":[{"@type":"ListItem","position":1,"name":"Home","item":"https:\/\/evertonfc.cz\/"},{"@type":"ListItem","position":2,"name":"Nice k\u00fapilo Schneiderlina"}]},{"@type":"WebSite","@id":"https:\/\/evertonfc.cz\/#website","url":"https:\/\/evertonfc.cz\/","name":"Official Czech &amp; Slovak Everton Supporters&#039; Club","description":"","publisher":{"@id":"https:\/\/evertonfc.cz\/#organization"},"potentialAction":[{"@type":"SearchAction","target":{"@type":"EntryPoint","urlTemplate":"https:\/\/evertonfc.cz\/?s={search_term_string}"},"query-input":{"@type":"PropertyValueSpecification","valueRequired":true,"valueName":"search_term_string"}}],"inLanguage":"cs"},{"@type":"Organization","@id":"https:\/\/evertonfc.cz\/#organization","name":"Official Czech & Slovak Everton Supporters' Club","url":"https:\/\/evertonfc.cz\/","logo":{"@type":"ImageObject","inLanguage":"cs","@id":"https:\/\/evertonfc.cz\/#\/schema\/logo\/image\/","url":"https:\/\/evertonfc.cz\/wp-content\/uploads\/2019\/05\/logo.png","contentUrl":"https:\/\/evertonfc.cz\/wp-content\/uploads\/2019\/05\/logo.png","width":112,"height":112,"caption":"Official Czech & Slovak Everton Supporters' Club"},"image":{"@id":"https:\/\/evertonfc.cz\/#\/schema\/logo\/image\/"},"sameAs":["https:\/\/www.facebook.com\/everton.fans.cz.sk"]},{"@type":"Person","@id":"https:\/\/evertonfc.cz\/#\/schema\/person\/d4493b8cbea51532597fbc4685698916","name":"BlueBlooded","url":"https:\/\/evertonfc.cz\/index.php\/author\/admin\/"}]}},"_links":{"self":[{"href":"https:\/\/evertonfc.cz\/index.php\/wp-json\/wp\/v2\/posts\/11207"}],"collection":[{"href":"https:\/\/evertonfc.cz\/index.php\/wp-json\/wp\/v2\/posts"}],"about":[{"href":"https:\/\/evertonfc.cz\/index.php\/wp-json\/wp\/v2\/types\/post"}],"author":[{"embeddable":true,"href":"https:\/\/evertonfc.cz\/index.php\/wp-json\/wp\/v2\/users\/1"}],"replies":[{"embeddable":true,"href":"https:\/\/evertonfc.cz\/index.php\/wp-json\/wp\/v2\/comments?post=11207"}],"version-history":[{"count":14,"href":"https:\/\/evertonfc.cz\/index.php\/wp-json\/wp\/v2\/posts\/11207\/revisions"}],"predecessor-version":[{"id":11234,"href":"https:\/\/evertonfc.cz\/index.php\/wp-json\/wp\/v2\/posts\/11207\/revisions\/11234"}],"wp:featuredmedia":[{"embeddable":true,"href":"https:\/\/evertonfc.cz\/index.php\/wp-json\/wp\/v2\/media\/11208"}],"wp:attachment":[{"href":"https:\/\/evertonfc.cz\/index.php\/wp-json\/wp\/v2\/media?parent=11207"}],"wp:term":[{"taxonomy":"category","embeddable":true,"href":"https:\/\/evertonfc.cz\/index.php\/wp-json\/wp\/v2\/categories?post=11207"},{"taxonomy":"post_tag","embeddable":true,"href":"https:\/\/evertonfc.cz\/index.php\/wp-json\/wp\/v2\/tags?post=11207"}],"curies":[{"name":"wp","href":"https:\/\/api.w.org\/{rel}","templated":true}]}}