{"id":11226,"date":"2020-06-23T22:13:40","date_gmt":"2020-06-23T20:13:40","guid":{"rendered":"https:\/\/evertonfc.cz\/?p=11226"},"modified":"2020-07-08T21:27:16","modified_gmt":"2020-07-08T19:27:16","slug":"preview-norwich-city-everton-4","status":"publish","type":"post","link":"https:\/\/evertonfc.cz\/index.php\/2020\/06\/23\/preview-norwich-city-everton-4\/","title":{"rendered":"Preview: Norwich City &#8211; Everton"},"content":{"rendered":"<h4>Po bezbrankov\u00e9m st\u0159etnut\u00ed se suver\u00e9nem ligy a m\u011bstsk\u00fdm rivalem otestuje Toffees outsider leto\u0161n\u00edho ro\u010dn\u00edku Premier League.<\/h4>\n<p>Jen t\u0159i dny po ned\u011bln\u00ed rem\u00edze s Liverpoolem \u010dek\u00e1 Everton, st\u00e1le nach\u00e1zej\u00edc\u00ed se na 12. m\u00edst\u011b tabulky, o pozn\u00e1n\u00ed snadn\u011bj\u0161\u00ed soupe\u0159, kter\u00fd po 30. kolech nasb\u00edral pouh\u00fdch 21 bod\u016f a v \u010dervenci s nejv\u011bt\u0161\u00ed pravd\u011bpodobnost\u00ed po roce opust\u00ed elitn\u00ed anglickou sout\u011b\u017e. Do \u201epokoronavirov\u00e9ho\u201c fotbalov\u00e9ho koloto\u010de Norwich tak\u00e9 dvakr\u00e1t slavn\u011b nevstoupil, v\u00a0p\u00e1tek schytal na dom\u00e1c\u00ed p\u016fd\u011b t\u0159i g\u00f3ly od Southamptonu.<\/p>\n<p>Nutno ale podotknout, \u017ee Canaries v\u00a0aktu\u00e1ln\u00edm ro\u010dn\u00edku Blues porazili. V listopadu <a href=\"https:\/\/evertonfc.cz\/index.php\/2019\/11\/24\/everton-norwich-city-02-2\/\" target=\"_blank\" rel=\"noopener noreferrer\">vyhr\u00e1li na Goodison Parku 2:0<\/a>, tehdy bezzub\u00e9 dom\u00e1c\u00ed vedl z klubu pomalu odch\u00e1zej\u00edc\u00ed mana\u017eer Marco Silva. Mimochodem Norwich v leto\u0161n\u00edm ligov\u00e9m ro\u010dn\u00edku z \u017e\u00e1dn\u00e9ho dal\u0161\u00edho venkovn\u00edho duelu ji\u017e nep\u0159ivezl t\u0159i body.<\/p>\n<p>Everton po takticky skv\u011ble zvl\u00e1dnut\u00e9m derby nehl\u00e1s\u00ed \u017e\u00e1dn\u00e9 nov\u00e9 zran\u011bn\u00e9. Na marodce nad\u00e1le z\u016fst\u00e1vaj\u00ed Yerry Mina, Djibril Sidib\u00e9 a Fabian Delph, kte\u0159\u00ed by se ale brzo m\u011bli uzdravit, a d\u00e1le dlouhodob\u011b zran\u011bn\u00ed Jean-Philippe Gbamin, Theo Walcott a Cenk Tosun. S vidinou dal\u0161\u00edho utk\u00e1n\u00ed a\u017e za t\u00fdden nelze predikovat p\u0159\u00edli\u0161 zm\u011bn v z\u00e1kladn\u00ed sestav\u011b, t\u0159eba\u017ee po hern\u00edm vyt\u00ed\u017een\u00ed ur\u010dit\u011b pokuj\u00ed ned\u011bln\u00ed n\u00e1hradn\u00edci Bernard, Sigurdsson \u010di Kean.<\/p>\n<p>Everton c\u00edl\u00ed na ukon\u010den\u00ed \u010dty\u0159z\u00e1pasov\u00e9 s\u00e9rie bez v\u00fdhry, jinak se mu pod zku\u0161en\u00fdm strat\u00e9gem Carlem Ancelottim da\u0159\u00ed, p\u0159inejm\u00e9n\u011b jsou viditeln\u00e9 zn\u00e1mky zlep\u0161en\u00ed, je\u017e se ale hlavn\u011b o\u010dek\u00e1v\u00e1 v n\u00e1sleduj\u00edc\u00ed sez\u00f3n\u011b po dal\u0161\u00edm l\u00e9t\u011b ve znamen\u00ed zbavov\u00e1n\u00ed se p\u0159ebyte\u010dn\u00fdch a \u010dasto drah\u00fdch hr\u00e1\u010d\u016f.<\/p>\n<p>Klub u\u017e ozn\u00e1mil odchody Stekelenburga a Scheiderlina, bl\u00ed\u017e\u00ed se tak\u00e9 ofici\u00e1ln\u00ed potvrzen\u00ed propu\u0161t\u011bn\u00ed Martiny a Niasseho. Matador Baines po roce op\u011bt dostal od Toffees nab\u00eddku na prodlou\u017een\u00ed smlouvy, rozhodnut\u00ed v\u0161ak u\u010din\u00ed a\u017e s koncem sez\u00f3ny.<\/p>\n<p>Velk\u00e9 investice do k\u00e1dru sice nelze \u010dekat, ale anga\u017eov\u00e1n\u00ed dvou a\u017e t\u0159\u00ed perspektivn\u00edch fotbalist\u016f je re\u00e1ln\u00fdm odhadem. Sportovn\u00edm \u0159editelem Brandsem nastolen\u00e1 s\u00e1zka na ml\u00e1d\u00ed toti\u017e bude \u2013 mo\u017en\u00e1 trochu p\u0159ekvapiv\u011b \u2013 pokra\u010dovat i s\u00a0Ancelottim na lavi\u010dce. Ital o v\u00edkendu postavil nejmlad\u0161\u00ed z\u00e1kladn\u00ed sestavu v souboj\u00edch s Liverpoolem v \u00e9\u0159e Premier League, a\u017e polovina hr\u00e1\u010d\u016f byla star\u00e1 23 let \u010di m\u00e9n\u011b.<\/p>\n<p>Vav\u0159\u00edny ov\u011bn\u010den\u00fd Ancelotti se ale na nezku\u0161enost vymlouvat rozhodn\u011b nebude. Jak s\u00e1m \u0159ekl, do Goodison Parku nep\u0159i\u0161el hr\u00e1t o st\u0159ed tabulky. A v Norwichi nic jin\u00e9ho ne\u017e v\u00fdhru nebere.<\/p>\n<p><strong>Co:<\/strong> Norwich City FC \u2013 Everton FC, 31. kolo Premier League<br \/>\n<strong>Kdy:<\/strong> 23. 06. 2020 od 19:00 SE\u010c<br \/>\n<strong>Kde:<\/strong> Carrow Road Stadium, Norwich (kapacita: 27 244)<br \/>\n<strong>Hlavn\u00ed rozhod\u010d\u00ed:<\/strong> Andy Madley<br \/>\n<strong>VAR rozhod\u010d\u00ed:<\/strong> Jonathan Moss<br \/>\n<strong>\u017div\u00fd p\u0159enos Premier Sport:<\/strong> Ne, ani z\u00e1znam<\/p>\n","protected":false},"excerpt":{"rendered":"<p>Po bezbrankov\u00e9m st\u0159etnut\u00ed se suver\u00e9nem ligy a m\u011bstsk\u00fdm rivalem otestuje Toffees outsider leto\u0161n\u00edho ro\u010dn\u00edku Premier League.<\/p>\n","protected":false},"author":6,"featured_media":11225,"comment_status":"open","ping_status":"closed","sticky":false,"template":"","format":"standard","meta":{"_eb_attr":"","_monsterinsights_skip_tracking":false,"_monsterinsights_sitenote_active":false,"_monsterinsights_sitenote_note":"","_monsterinsights_sitenote_category":0,"footnotes":""},"categories":[4],"tags":[],"yoast_head":"<!-- This site is optimized with the Yoast SEO plugin v23.4 - https:\/\/yoast.com\/wordpress\/plugins\/seo\/ -->\n<title>Preview: Norwich City - Everton - Official Czech &amp; Slovak Everton Supporters&#039; Club<\/title>\n<meta name=\"description\" content=\"Po bezbrankov\u00e9m st\u0159etnut\u00ed se suver\u00e9nem ligy a m\u011bstsk\u00fdm rivalem otestuje Toffees outsider leto\u0161n\u00edho ro\u010dn\u00edku Premier League.\" \/>\n<meta name=\"robots\" content=\"index, follow, max-snippet:-1, max-image-preview:large, max-video-preview:-1\" \/>\n<link rel=\"canonical\" href=\"https:\/\/evertonfc.cz\/index.php\/2020\/06\/23\/preview-norwich-city-everton-4\/\" \/>\n<meta property=\"og:locale\" content=\"cs_CZ\" \/>\n<meta property=\"og:type\" content=\"article\" \/>\n<meta property=\"og:title\" content=\"Preview: Norwich City - Everton - Official Czech &amp; Slovak Everton Supporters&#039; Club\" \/>\n<meta property=\"og:description\" content=\"Po bezbrankov\u00e9m st\u0159etnut\u00ed se suver\u00e9nem ligy a m\u011bstsk\u00fdm rivalem otestuje Toffees outsider leto\u0161n\u00edho ro\u010dn\u00edku Premier League.\" \/>\n<meta property=\"og:url\" content=\"https:\/\/evertonfc.cz\/index.php\/2020\/06\/23\/preview-norwich-city-everton-4\/\" \/>\n<meta property=\"og:site_name\" content=\"Official Czech &amp; Slovak Everton Supporters&#039; Club\" \/>\n<meta property=\"article:publisher\" content=\"https:\/\/www.facebook.com\/everton.fans.cz.sk\" \/>\n<meta property=\"article:published_time\" content=\"2020-06-23T20:13:40+00:00\" \/>\n<meta property=\"article:modified_time\" content=\"2020-07-08T19:27:16+00:00\" \/>\n<meta property=\"og:image\" content=\"https:\/\/evertonfc.cz\/wp-content\/uploads\/2020\/06\/cantwell_23_6_2020.jpg\" \/>\n\t<meta property=\"og:image:width\" content=\"720\" \/>\n\t<meta property=\"og:image:height\" content=\"405\" \/>\n\t<meta property=\"og:image:type\" content=\"image\/jpeg\" \/>\n<meta name=\"author\" content=\"Ri\u010di\" \/>\n<meta name=\"twitter:card\" content=\"summary_large_image\" \/>\n<meta name=\"twitter:creator\" content=\"@rbrejsa\" \/>\n<meta name=\"twitter:label1\" content=\"Napsal(a)\" \/>\n\t<meta name=\"twitter:data1\" content=\"Ri\u010di\" \/>\n\t<meta name=\"twitter:label2\" content=\"Odhadovan\u00e1 doba \u010dten\u00ed\" \/>\n\t<meta name=\"twitter:data2\" content=\"3 minuty\" \/>\n<script type=\"application\/ld+json\" class=\"yoast-schema-graph\">{\"@context\":\"https:\/\/schema.org\",\"@graph\":[{\"@type\":\"Article\",\"@id\":\"https:\/\/evertonfc.cz\/index.php\/2020\/06\/23\/preview-norwich-city-everton-4\/#article\",\"isPartOf\":{\"@id\":\"https:\/\/evertonfc.cz\/index.php\/2020\/06\/23\/preview-norwich-city-everton-4\/\"},\"author\":{\"name\":\"Ri\u010di\",\"@id\":\"https:\/\/evertonfc.cz\/#\/schema\/person\/f7a5daedb2ffee98480bc70e191aaef1\"},\"headline\":\"Preview: Norwich City &#8211; Everton\",\"datePublished\":\"2020-06-23T20:13:40+00:00\",\"dateModified\":\"2020-07-08T19:27:16+00:00\",\"mainEntityOfPage\":{\"@id\":\"https:\/\/evertonfc.cz\/index.php\/2020\/06\/23\/preview-norwich-city-everton-4\/\"},\"wordCount\":522,\"commentCount\":12,\"publisher\":{\"@id\":\"https:\/\/evertonfc.cz\/#organization\"},\"image\":{\"@id\":\"https:\/\/evertonfc.cz\/index.php\/2020\/06\/23\/preview-norwich-city-everton-4\/#primaryimage\"},\"thumbnailUrl\":\"https:\/\/evertonfc.cz\/wp-content\/uploads\/2020\/06\/cantwell_23_6_2020.jpg\",\"articleSection\":[\"Z\u00e1pasy\"],\"inLanguage\":\"cs\",\"potentialAction\":[{\"@type\":\"CommentAction\",\"name\":\"Comment\",\"target\":[\"https:\/\/evertonfc.cz\/index.php\/2020\/06\/23\/preview-norwich-city-everton-4\/#respond\"]}]},{\"@type\":\"WebPage\",\"@id\":\"https:\/\/evertonfc.cz\/index.php\/2020\/06\/23\/preview-norwich-city-everton-4\/\",\"url\":\"https:\/\/evertonfc.cz\/index.php\/2020\/06\/23\/preview-norwich-city-everton-4\/\",\"name\":\"Preview: Norwich City - Everton - Official Czech &amp; Slovak Everton Supporters&#039; Club\",\"isPartOf\":{\"@id\":\"https:\/\/evertonfc.cz\/#website\"},\"primaryImageOfPage\":{\"@id\":\"https:\/\/evertonfc.cz\/index.php\/2020\/06\/23\/preview-norwich-city-everton-4\/#primaryimage\"},\"image\":{\"@id\":\"https:\/\/evertonfc.cz\/index.php\/2020\/06\/23\/preview-norwich-city-everton-4\/#primaryimage\"},\"thumbnailUrl\":\"https:\/\/evertonfc.cz\/wp-content\/uploads\/2020\/06\/cantwell_23_6_2020.jpg\",\"datePublished\":\"2020-06-23T20:13:40+00:00\",\"dateModified\":\"2020-07-08T19:27:16+00:00\",\"description\":\"Po bezbrankov\u00e9m st\u0159etnut\u00ed se suver\u00e9nem ligy a m\u011bstsk\u00fdm rivalem otestuje Toffees outsider leto\u0161n\u00edho ro\u010dn\u00edku Premier League.\",\"breadcrumb\":{\"@id\":\"https:\/\/evertonfc.cz\/index.php\/2020\/06\/23\/preview-norwich-city-everton-4\/#breadcrumb\"},\"inLanguage\":\"cs\",\"potentialAction\":[{\"@type\":\"ReadAction\",\"target\":[\"https:\/\/evertonfc.cz\/index.php\/2020\/06\/23\/preview-norwich-city-everton-4\/\"]}]},{\"@type\":\"ImageObject\",\"inLanguage\":\"cs\",\"@id\":\"https:\/\/evertonfc.cz\/index.php\/2020\/06\/23\/preview-norwich-city-everton-4\/#primaryimage\",\"url\":\"https:\/\/evertonfc.cz\/wp-content\/uploads\/2020\/06\/cantwell_23_6_2020.jpg\",\"contentUrl\":\"https:\/\/evertonfc.cz\/wp-content\/uploads\/2020\/06\/cantwell_23_6_2020.jpg\",\"width\":720,\"height\":405},{\"@type\":\"BreadcrumbList\",\"@id\":\"https:\/\/evertonfc.cz\/index.php\/2020\/06\/23\/preview-norwich-city-everton-4\/#breadcrumb\",\"itemListElement\":[{\"@type\":\"ListItem\",\"position\":1,\"name\":\"Home\",\"item\":\"https:\/\/evertonfc.cz\/\"},{\"@type\":\"ListItem\",\"position\":2,\"name\":\"Preview: Norwich City &#8211; Everton\"}]},{\"@type\":\"WebSite\",\"@id\":\"https:\/\/evertonfc.cz\/#website\",\"url\":\"https:\/\/evertonfc.cz\/\",\"name\":\"Official Czech &amp; Slovak Everton Supporters&#039; Club\",\"description\":\"\",\"publisher\":{\"@id\":\"https:\/\/evertonfc.cz\/#organization\"},\"potentialAction\":[{\"@type\":\"SearchAction\",\"target\":{\"@type\":\"EntryPoint\",\"urlTemplate\":\"https:\/\/evertonfc.cz\/?s={search_term_string}\"},\"query-input\":{\"@type\":\"PropertyValueSpecification\",\"valueRequired\":true,\"valueName\":\"search_term_string\"}}],\"inLanguage\":\"cs\"},{\"@type\":\"Organization\",\"@id\":\"https:\/\/evertonfc.cz\/#organization\",\"name\":\"Official Czech & Slovak Everton Supporters' Club\",\"url\":\"https:\/\/evertonfc.cz\/\",\"logo\":{\"@type\":\"ImageObject\",\"inLanguage\":\"cs\",\"@id\":\"https:\/\/evertonfc.cz\/#\/schema\/logo\/image\/\",\"url\":\"https:\/\/evertonfc.cz\/wp-content\/uploads\/2019\/05\/logo.png\",\"contentUrl\":\"https:\/\/evertonfc.cz\/wp-content\/uploads\/2019\/05\/logo.png\",\"width\":112,\"height\":112,\"caption\":\"Official Czech & Slovak Everton Supporters' Club\"},\"image\":{\"@id\":\"https:\/\/evertonfc.cz\/#\/schema\/logo\/image\/\"},\"sameAs\":[\"https:\/\/www.facebook.com\/everton.fans.cz.sk\"]},{\"@type\":\"Person\",\"@id\":\"https:\/\/evertonfc.cz\/#\/schema\/person\/f7a5daedb2ffee98480bc70e191aaef1\",\"name\":\"Ri\u010di\",\"sameAs\":[\"https:\/\/x.com\/rbrejsa\"],\"url\":\"https:\/\/evertonfc.cz\/index.php\/author\/rici\/\"}]}<\/script>\n<!-- \/ Yoast SEO plugin. -->","yoast_head_json":{"title":"Preview: Norwich City - Everton - Official Czech &amp; Slovak Everton Supporters&#039; Club","description":"Po bezbrankov\u00e9m st\u0159etnut\u00ed se suver\u00e9nem ligy a m\u011bstsk\u00fdm rivalem otestuje Toffees outsider leto\u0161n\u00edho ro\u010dn\u00edku Premier League.","robots":{"index":"index","follow":"follow","max-snippet":"max-snippet:-1","max-image-preview":"max-image-preview:large","max-video-preview":"max-video-preview:-1"},"canonical":"https:\/\/evertonfc.cz\/index.php\/2020\/06\/23\/preview-norwich-city-everton-4\/","og_locale":"cs_CZ","og_type":"article","og_title":"Preview: Norwich City - Everton - Official Czech &amp; Slovak Everton Supporters&#039; Club","og_description":"Po bezbrankov\u00e9m st\u0159etnut\u00ed se suver\u00e9nem ligy a m\u011bstsk\u00fdm rivalem otestuje Toffees outsider leto\u0161n\u00edho ro\u010dn\u00edku Premier League.","og_url":"https:\/\/evertonfc.cz\/index.php\/2020\/06\/23\/preview-norwich-city-everton-4\/","og_site_name":"Official Czech &amp; Slovak Everton Supporters&#039; Club","article_publisher":"https:\/\/www.facebook.com\/everton.fans.cz.sk","article_published_time":"2020-06-23T20:13:40+00:00","article_modified_time":"2020-07-08T19:27:16+00:00","og_image":[{"width":720,"height":405,"url":"https:\/\/evertonfc.cz\/wp-content\/uploads\/2020\/06\/cantwell_23_6_2020.jpg","type":"image\/jpeg"}],"author":"Ri\u010di","twitter_card":"summary_large_image","twitter_creator":"@rbrejsa","twitter_misc":{"Napsal(a)":"Ri\u010di","Odhadovan\u00e1 doba \u010dten\u00ed":"3 minuty"},"schema":{"@context":"https:\/\/schema.org","@graph":[{"@type":"Article","@id":"https:\/\/evertonfc.cz\/index.php\/2020\/06\/23\/preview-norwich-city-everton-4\/#article","isPartOf":{"@id":"https:\/\/evertonfc.cz\/index.php\/2020\/06\/23\/preview-norwich-city-everton-4\/"},"author":{"name":"Ri\u010di","@id":"https:\/\/evertonfc.cz\/#\/schema\/person\/f7a5daedb2ffee98480bc70e191aaef1"},"headline":"Preview: Norwich City &#8211; Everton","datePublished":"2020-06-23T20:13:40+00:00","dateModified":"2020-07-08T19:27:16+00:00","mainEntityOfPage":{"@id":"https:\/\/evertonfc.cz\/index.php\/2020\/06\/23\/preview-norwich-city-everton-4\/"},"wordCount":522,"commentCount":12,"publisher":{"@id":"https:\/\/evertonfc.cz\/#organization"},"image":{"@id":"https:\/\/evertonfc.cz\/index.php\/2020\/06\/23\/preview-norwich-city-everton-4\/#primaryimage"},"thumbnailUrl":"https:\/\/evertonfc.cz\/wp-content\/uploads\/2020\/06\/cantwell_23_6_2020.jpg","articleSection":["Z\u00e1pasy"],"inLanguage":"cs","potentialAction":[{"@type":"CommentAction","name":"Comment","target":["https:\/\/evertonfc.cz\/index.php\/2020\/06\/23\/preview-norwich-city-everton-4\/#respond"]}]},{"@type":"WebPage","@id":"https:\/\/evertonfc.cz\/index.php\/2020\/06\/23\/preview-norwich-city-everton-4\/","url":"https:\/\/evertonfc.cz\/index.php\/2020\/06\/23\/preview-norwich-city-everton-4\/","name":"Preview: Norwich City - Everton - Official Czech &amp; Slovak Everton Supporters&#039; Club","isPartOf":{"@id":"https:\/\/evertonfc.cz\/#website"},"primaryImageOfPage":{"@id":"https:\/\/evertonfc.cz\/index.php\/2020\/06\/23\/preview-norwich-city-everton-4\/#primaryimage"},"image":{"@id":"https:\/\/evertonfc.cz\/index.php\/2020\/06\/23\/preview-norwich-city-everton-4\/#primaryimage"},"thumbnailUrl":"https:\/\/evertonfc.cz\/wp-content\/uploads\/2020\/06\/cantwell_23_6_2020.jpg","datePublished":"2020-06-23T20:13:40+00:00","dateModified":"2020-07-08T19:27:16+00:00","description":"Po bezbrankov\u00e9m st\u0159etnut\u00ed se suver\u00e9nem ligy a m\u011bstsk\u00fdm rivalem otestuje Toffees outsider leto\u0161n\u00edho ro\u010dn\u00edku Premier League.","breadcrumb":{"@id":"https:\/\/evertonfc.cz\/index.php\/2020\/06\/23\/preview-norwich-city-everton-4\/#breadcrumb"},"inLanguage":"cs","potentialAction":[{"@type":"ReadAction","target":["https:\/\/evertonfc.cz\/index.php\/2020\/06\/23\/preview-norwich-city-everton-4\/"]}]},{"@type":"ImageObject","inLanguage":"cs","@id":"https:\/\/evertonfc.cz\/index.php\/2020\/06\/23\/preview-norwich-city-everton-4\/#primaryimage","url":"https:\/\/evertonfc.cz\/wp-content\/uploads\/2020\/06\/cantwell_23_6_2020.jpg","contentUrl":"https:\/\/evertonfc.cz\/wp-content\/uploads\/2020\/06\/cantwell_23_6_2020.jpg","width":720,"height":405},{"@type":"BreadcrumbList","@id":"https:\/\/evertonfc.cz\/index.php\/2020\/06\/23\/preview-norwich-city-everton-4\/#breadcrumb","itemListElement":[{"@type":"ListItem","position":1,"name":"Home","item":"https:\/\/evertonfc.cz\/"},{"@type":"ListItem","position":2,"name":"Preview: Norwich City &#8211; Everton"}]},{"@type":"WebSite","@id":"https:\/\/evertonfc.cz\/#website","url":"https:\/\/evertonfc.cz\/","name":"Official Czech &amp; Slovak Everton Supporters&#039; Club","description":"","publisher":{"@id":"https:\/\/evertonfc.cz\/#organization"},"potentialAction":[{"@type":"SearchAction","target":{"@type":"EntryPoint","urlTemplate":"https:\/\/evertonfc.cz\/?s={search_term_string}"},"query-input":{"@type":"PropertyValueSpecification","valueRequired":true,"valueName":"search_term_string"}}],"inLanguage":"cs"},{"@type":"Organization","@id":"https:\/\/evertonfc.cz\/#organization","name":"Official Czech & Slovak Everton Supporters' Club","url":"https:\/\/evertonfc.cz\/","logo":{"@type":"ImageObject","inLanguage":"cs","@id":"https:\/\/evertonfc.cz\/#\/schema\/logo\/image\/","url":"https:\/\/evertonfc.cz\/wp-content\/uploads\/2019\/05\/logo.png","contentUrl":"https:\/\/evertonfc.cz\/wp-content\/uploads\/2019\/05\/logo.png","width":112,"height":112,"caption":"Official Czech & Slovak Everton Supporters' Club"},"image":{"@id":"https:\/\/evertonfc.cz\/#\/schema\/logo\/image\/"},"sameAs":["https:\/\/www.facebook.com\/everton.fans.cz.sk"]},{"@type":"Person","@id":"https:\/\/evertonfc.cz\/#\/schema\/person\/f7a5daedb2ffee98480bc70e191aaef1","name":"Ri\u010di","sameAs":["https:\/\/x.com\/rbrejsa"],"url":"https:\/\/evertonfc.cz\/index.php\/author\/rici\/"}]}},"_links":{"self":[{"href":"https:\/\/evertonfc.cz\/index.php\/wp-json\/wp\/v2\/posts\/11226"}],"collection":[{"href":"https:\/\/evertonfc.cz\/index.php\/wp-json\/wp\/v2\/posts"}],"about":[{"href":"https:\/\/evertonfc.cz\/index.php\/wp-json\/wp\/v2\/types\/post"}],"author":[{"embeddable":true,"href":"https:\/\/evertonfc.cz\/index.php\/wp-json\/wp\/v2\/users\/6"}],"replies":[{"embeddable":true,"href":"https:\/\/evertonfc.cz\/index.php\/wp-json\/wp\/v2\/comments?post=11226"}],"version-history":[{"count":6,"href":"https:\/\/evertonfc.cz\/index.php\/wp-json\/wp\/v2\/posts\/11226\/revisions"}],"predecessor-version":[{"id":11390,"href":"https:\/\/evertonfc.cz\/index.php\/wp-json\/wp\/v2\/posts\/11226\/revisions\/11390"}],"wp:featuredmedia":[{"embeddable":true,"href":"https:\/\/evertonfc.cz\/index.php\/wp-json\/wp\/v2\/media\/11225"}],"wp:attachment":[{"href":"https:\/\/evertonfc.cz\/index.php\/wp-json\/wp\/v2\/media?parent=11226"}],"wp:term":[{"taxonomy":"category","embeddable":true,"href":"https:\/\/evertonfc.cz\/index.php\/wp-json\/wp\/v2\/categories?post=11226"},{"taxonomy":"post_tag","embeddable":true,"href":"https:\/\/evertonfc.cz\/index.php\/wp-json\/wp\/v2\/tags?post=11226"}],"curies":[{"name":"wp","href":"https:\/\/api.w.org\/{rel}","templated":true}]}}