{"id":11243,"date":"2020-06-26T11:48:58","date_gmt":"2020-06-26T09:48:58","guid":{"rendered":"https:\/\/evertonfc.cz\/?p=11243"},"modified":"2020-06-27T09:53:44","modified_gmt":"2020-06-27T07:53:44","slug":"norwich-city-everton-01","status":"publish","type":"post","link":"https:\/\/evertonfc.cz\/index.php\/2020\/06\/26\/norwich-city-everton-01\/","title":{"rendered":"Norwich City \u2013 Everton 0:1"},"content":{"rendered":"<h4>Spln\u011bn\u00e1 povinnost ve velk\u00e9m vedru na h\u0159i\u0161ti posledn\u00edho.<\/h4>\n<p>Everton op\u011bt nastoupil se dv\u011bma brank\u00e1\u0159i na lavi\u010dce, posazen byl Gordon, jeho\u017e na prav\u00e9m k\u0159\u00eddle vyst\u0159\u00eddal tentokr\u00e1t sta\u017een\u011bj\u0161\u00ed Richarlison. V dresu dom\u00e1c\u00edch nastoupil od za\u010d\u00e1tku slovensk\u00fd z\u00e1lo\u017en\u00edk Ondrej Duda.<\/p>\n<p>Toho pr\u00e1v\u011b na za\u010d\u00e1tku z\u00e1pasu fauloval Davies, ale s\u00e1m faulovan\u00fd p\u0159et\u00e1hl centr. \u00davodn\u00ed \u010dtvrthodina byla dost dietn\u00ed, tu druhou za\u010dal dobr\u00fd skluz Keana na Drmi\u0107e. A na konci prvn\u00ed dvacetiminutovky se dom\u00e1c\u00ed m\u00e1lem dostali do veden\u00ed. Hern\u00e1ndez pro\u0161el a\u017e k velk\u00e9mu v\u00e1pnu a jeho zblokovanou st\u0159elu vyr\u00e1\u017eel na roh Pickford s probl\u00e9my. Ten odhlavi\u010dkoval Davies bez probl\u00e9mu pry\u010d. Richarlison byl aktivn\u00ed, Duda p\u00e1lil z dobr\u00e9 pozice z trest\u0148\u00e1ku do zdi, \u00fatok dom\u00e1c\u00edch podporoval dob\u0159e Drmi\u0107. Ale nezaj\u00edmav\u00e1 p\u016fle skon\u010dila 0:0 zaslou\u017een\u011b, p\u0159i\u010dem\u017e Davies m\u016f\u017ee b\u00fdt r\u00e1d, \u017ee nevid\u011bl \u017elutou za faul na McLeana.<\/p>\n<p>A pr\u00e1v\u011b m\u00edsto n\u011bj odehr\u00e1l druhou p\u016fli Sigurdsson. Kdy\u017e nevyu\u017eil dobrou \u0161anci z voln\u00e9ho p\u0159\u00edm\u00e9ho kopu Norwich, tak ude\u0159il Everton. Jak? Jednodu\u0161e &#8211; Digne poslal m\u00ed\u010d z rohov\u00e9ho kopu na p\u0159edn\u00ed ty\u010d a Michael Keane m\u00ed\u010d hlavi\u010dkou ke vzd\u00e1len\u011bj\u0161\u00ed ty\u010di &#8211; <strong>0<\/strong><strong>:1!\u00a0\u00a0<\/strong>Repete stejn\u00e9 dvojice o t\u0159i minuty pozd\u011bji \u00fasp\u011bchem neskon\u010dilo, m\u00ed\u010d odhlavi\u010dkoval Klose. N\u00e1sledn\u011b p\u0159e\u017eil Everton konzultaci s videorozhod\u010d\u00edm\u00a0 po kontaktu McLeana s Dignem ve velk\u00e9m v\u00e1pn\u011b Evertonu &#8211; penalta na\u0159\u00edzena nebyla. O n\u011bco pozd\u011bji ale byl m\u00e1lem vlastn\u00ed g\u00f3l &#8211; po trest\u0148\u00e1ku Buend\u00edy zleva prosk\u00e1kal m\u00ed\u010d t\u011bsn\u011b vedle ty\u010de po z\u00e1sahu Gomese. Host\u00e9 p\u0159e\u017eili bez zran\u011bn\u00ed i sr\u00e1\u017eku Pickforda s Holgatem, zato Kean dostal \u017elutou kartu asi po 20 sekund\u00e1ch pobytu na h\u0159i\u0161ti. A kdy\u017e si Pickford do\u0161el v klidu pro n\u011bkolik centr\u016f, tak ani nebyly v z\u00e1b\u011bru utk\u00e1n\u00ed obavy. Je\u0161t\u011b v nastaven\u00e9m \u010dase poslal trestn\u00fd kop nad b\u0159evno Digne.<\/p>\n<p>Leicester a Tottenham n\u00e1s prov\u011b\u0159\u00ed dob\u0159e. Tak\u00e9 n\u00e1m v\u00fdkony proti nim \u0159eknou o sou\u010dasn\u00e9 v\u00fdkonnosti Evertonu mnohem v\u00edce.<\/p>\n<p style=\"text-align: right;\"><span style=\"font-size: 8pt;\">(foto zdroj: Kirsty Wigglesworth \/ Pool)<\/span><\/p>\n<hr \/>\n<p><strong>Sest\u0159ih: <\/strong><a href=\"https:\/\/www.evertonfc.com\/news\/1641229\/in-depth-highlights-chelsea-v-everton\" target=\"_blank\" rel=\"noopener noreferrer\">Everton TV<\/a><\/p>\n<p><strong>Mu\u017e z\u00e1pasu: <\/strong>Michael Keane (Sky \/ PL)<\/p>\n<p><strong>Branka: <\/strong>55. Keane (Digne)<\/p>\n<p><strong>\u017dlut\u00e1 karta: <\/strong>82. Kean<\/p>\n<p><strong>Norwich City FC:<\/strong><strong>\u00a0<\/strong>Krul \u2013 Aarons, Godfrey, Klose, Lewis \u2013 McLean, Tettey \u2013 Rupp (71. Buend\u00eda), Duda (71. Pukki), Hern\u00e1ndez (80. Idah) \u2013 Drmi\u0107<\/p>\n<p><strong>Everton FC:\u00a0<\/strong>Pickford \u2013 Coleman, Keane, Holgate, Digne \u2013 Iwobi (90. Gordon), Davies (46. Sigurdsson), Gomes, Bernard (87. Baines) \u2013 Richarlison (79. Kean), Calvert-Lewin<\/p>\n<p><strong>Rozhod\u010d\u00ed: <\/strong>Andrew Madley<\/p>\n<p><strong>Div\u00e1ci: <\/strong>bez div\u00e1k\u016f, Carrow Road (Norwich)<\/p>\n","protected":false},"excerpt":{"rendered":"<p>Prvn\u00ed v\u00fdhra Evertonu po p\u011bti z\u00e1pasech znamen\u00e1, \u017ee Kan\u00e1rci jsou op\u011bt trochu bl\u00ed\u017ee k dal\u0161\u00ed sezon\u011b v druh\u00e9 lize. Karamely naopak st\u00e1le c\u00edl\u00ed na evropsk\u00e9 p\u0159\u00ed\u010dky.<\/p>\n","protected":false},"author":12,"featured_media":11242,"comment_status":"open","ping_status":"closed","sticky":false,"template":"","format":"standard","meta":{"_eb_attr":"","_monsterinsights_skip_tracking":false,"_monsterinsights_sitenote_active":false,"_monsterinsights_sitenote_note":"","_monsterinsights_sitenote_category":0,"footnotes":""},"categories":[4],"tags":[],"yoast_head":"<!-- This site is optimized with the Yoast SEO plugin v23.4 - https:\/\/yoast.com\/wordpress\/plugins\/seo\/ -->\n<title>Norwich City \u2013 Everton 0:1 - Official Czech &amp; Slovak Everton Supporters&#039; Club<\/title>\n<meta name=\"robots\" content=\"index, follow, max-snippet:-1, max-image-preview:large, max-video-preview:-1\" \/>\n<link rel=\"canonical\" href=\"https:\/\/evertonfc.cz\/index.php\/2020\/06\/26\/norwich-city-everton-01\/\" \/>\n<meta property=\"og:locale\" content=\"cs_CZ\" \/>\n<meta property=\"og:type\" content=\"article\" \/>\n<meta property=\"og:title\" content=\"Norwich City \u2013 Everton 0:1 - Official Czech &amp; Slovak Everton Supporters&#039; Club\" \/>\n<meta property=\"og:description\" content=\"Prvn\u00ed v\u00fdhra Evertonu po p\u011bti z\u00e1pasech znamen\u00e1, \u017ee Kan\u00e1rci jsou op\u011bt trochu bl\u00ed\u017ee k dal\u0161\u00ed sezon\u011b v druh\u00e9 lize. Karamely naopak st\u00e1le c\u00edl\u00ed na evropsk\u00e9 p\u0159\u00ed\u010dky.\" \/>\n<meta property=\"og:url\" content=\"https:\/\/evertonfc.cz\/index.php\/2020\/06\/26\/norwich-city-everton-01\/\" \/>\n<meta property=\"og:site_name\" content=\"Official Czech &amp; Slovak Everton Supporters&#039; Club\" \/>\n<meta property=\"article:publisher\" content=\"https:\/\/www.facebook.com\/everton.fans.cz.sk\" \/>\n<meta property=\"article:published_time\" content=\"2020-06-26T09:48:58+00:00\" \/>\n<meta property=\"article:modified_time\" content=\"2020-06-27T07:53:44+00:00\" \/>\n<meta property=\"og:image\" content=\"https:\/\/evertonfc.cz\/wp-content\/uploads\/2020\/06\/Norwich-vs-Everton-Kirsty-Wigglesworth-Pool-25-6-2020.jpg\" \/>\n\t<meta property=\"og:image:width\" content=\"720\" \/>\n\t<meta property=\"og:image:height\" content=\"405\" \/>\n\t<meta property=\"og:image:type\" content=\"image\/jpeg\" \/>\n<meta name=\"author\" content=\"Javor\" \/>\n<meta name=\"twitter:card\" content=\"summary_large_image\" \/>\n<meta name=\"twitter:creator\" content=\"@LoudinJan\" \/>\n<meta name=\"twitter:label1\" content=\"Napsal(a)\" \/>\n\t<meta name=\"twitter:data1\" content=\"Javor\" \/>\n\t<meta name=\"twitter:label2\" content=\"Odhadovan\u00e1 doba \u010dten\u00ed\" \/>\n\t<meta name=\"twitter:data2\" content=\"2 minuty\" \/>\n<script type=\"application\/ld+json\" class=\"yoast-schema-graph\">{\"@context\":\"https:\/\/schema.org\",\"@graph\":[{\"@type\":\"Article\",\"@id\":\"https:\/\/evertonfc.cz\/index.php\/2020\/06\/26\/norwich-city-everton-01\/#article\",\"isPartOf\":{\"@id\":\"https:\/\/evertonfc.cz\/index.php\/2020\/06\/26\/norwich-city-everton-01\/\"},\"author\":{\"name\":\"Javor\",\"@id\":\"https:\/\/evertonfc.cz\/#\/schema\/person\/b30daf6a5852f4811f8207a17ec1bf78\"},\"headline\":\"Norwich City \u2013 Everton 0:1\",\"datePublished\":\"2020-06-26T09:48:58+00:00\",\"dateModified\":\"2020-06-27T07:53:44+00:00\",\"mainEntityOfPage\":{\"@id\":\"https:\/\/evertonfc.cz\/index.php\/2020\/06\/26\/norwich-city-everton-01\/\"},\"wordCount\":475,\"commentCount\":1,\"publisher\":{\"@id\":\"https:\/\/evertonfc.cz\/#organization\"},\"image\":{\"@id\":\"https:\/\/evertonfc.cz\/index.php\/2020\/06\/26\/norwich-city-everton-01\/#primaryimage\"},\"thumbnailUrl\":\"https:\/\/evertonfc.cz\/wp-content\/uploads\/2020\/06\/Norwich-vs-Everton-Kirsty-Wigglesworth-Pool-25-6-2020.jpg\",\"articleSection\":[\"Z\u00e1pasy\"],\"inLanguage\":\"cs\",\"potentialAction\":[{\"@type\":\"CommentAction\",\"name\":\"Comment\",\"target\":[\"https:\/\/evertonfc.cz\/index.php\/2020\/06\/26\/norwich-city-everton-01\/#respond\"]}]},{\"@type\":\"WebPage\",\"@id\":\"https:\/\/evertonfc.cz\/index.php\/2020\/06\/26\/norwich-city-everton-01\/\",\"url\":\"https:\/\/evertonfc.cz\/index.php\/2020\/06\/26\/norwich-city-everton-01\/\",\"name\":\"Norwich City \u2013 Everton 0:1 - Official Czech &amp; Slovak Everton Supporters&#039; Club\",\"isPartOf\":{\"@id\":\"https:\/\/evertonfc.cz\/#website\"},\"primaryImageOfPage\":{\"@id\":\"https:\/\/evertonfc.cz\/index.php\/2020\/06\/26\/norwich-city-everton-01\/#primaryimage\"},\"image\":{\"@id\":\"https:\/\/evertonfc.cz\/index.php\/2020\/06\/26\/norwich-city-everton-01\/#primaryimage\"},\"thumbnailUrl\":\"https:\/\/evertonfc.cz\/wp-content\/uploads\/2020\/06\/Norwich-vs-Everton-Kirsty-Wigglesworth-Pool-25-6-2020.jpg\",\"datePublished\":\"2020-06-26T09:48:58+00:00\",\"dateModified\":\"2020-06-27T07:53:44+00:00\",\"breadcrumb\":{\"@id\":\"https:\/\/evertonfc.cz\/index.php\/2020\/06\/26\/norwich-city-everton-01\/#breadcrumb\"},\"inLanguage\":\"cs\",\"potentialAction\":[{\"@type\":\"ReadAction\",\"target\":[\"https:\/\/evertonfc.cz\/index.php\/2020\/06\/26\/norwich-city-everton-01\/\"]}]},{\"@type\":\"ImageObject\",\"inLanguage\":\"cs\",\"@id\":\"https:\/\/evertonfc.cz\/index.php\/2020\/06\/26\/norwich-city-everton-01\/#primaryimage\",\"url\":\"https:\/\/evertonfc.cz\/wp-content\/uploads\/2020\/06\/Norwich-vs-Everton-Kirsty-Wigglesworth-Pool-25-6-2020.jpg\",\"contentUrl\":\"https:\/\/evertonfc.cz\/wp-content\/uploads\/2020\/06\/Norwich-vs-Everton-Kirsty-Wigglesworth-Pool-25-6-2020.jpg\",\"width\":720,\"height\":405},{\"@type\":\"BreadcrumbList\",\"@id\":\"https:\/\/evertonfc.cz\/index.php\/2020\/06\/26\/norwich-city-everton-01\/#breadcrumb\",\"itemListElement\":[{\"@type\":\"ListItem\",\"position\":1,\"name\":\"Home\",\"item\":\"https:\/\/evertonfc.cz\/\"},{\"@type\":\"ListItem\",\"position\":2,\"name\":\"Norwich City \u2013 Everton 0:1\"}]},{\"@type\":\"WebSite\",\"@id\":\"https:\/\/evertonfc.cz\/#website\",\"url\":\"https:\/\/evertonfc.cz\/\",\"name\":\"Official Czech &amp; Slovak Everton Supporters&#039; Club\",\"description\":\"\",\"publisher\":{\"@id\":\"https:\/\/evertonfc.cz\/#organization\"},\"potentialAction\":[{\"@type\":\"SearchAction\",\"target\":{\"@type\":\"EntryPoint\",\"urlTemplate\":\"https:\/\/evertonfc.cz\/?s={search_term_string}\"},\"query-input\":{\"@type\":\"PropertyValueSpecification\",\"valueRequired\":true,\"valueName\":\"search_term_string\"}}],\"inLanguage\":\"cs\"},{\"@type\":\"Organization\",\"@id\":\"https:\/\/evertonfc.cz\/#organization\",\"name\":\"Official Czech & Slovak Everton Supporters' Club\",\"url\":\"https:\/\/evertonfc.cz\/\",\"logo\":{\"@type\":\"ImageObject\",\"inLanguage\":\"cs\",\"@id\":\"https:\/\/evertonfc.cz\/#\/schema\/logo\/image\/\",\"url\":\"https:\/\/evertonfc.cz\/wp-content\/uploads\/2019\/05\/logo.png\",\"contentUrl\":\"https:\/\/evertonfc.cz\/wp-content\/uploads\/2019\/05\/logo.png\",\"width\":112,\"height\":112,\"caption\":\"Official Czech & Slovak Everton Supporters' Club\"},\"image\":{\"@id\":\"https:\/\/evertonfc.cz\/#\/schema\/logo\/image\/\"},\"sameAs\":[\"https:\/\/www.facebook.com\/everton.fans.cz.sk\"]},{\"@type\":\"Person\",\"@id\":\"https:\/\/evertonfc.cz\/#\/schema\/person\/b30daf6a5852f4811f8207a17ec1bf78\",\"name\":\"Javor\",\"sameAs\":[\"https:\/\/x.com\/LoudinJan\"],\"url\":\"https:\/\/evertonfc.cz\/index.php\/author\/javor\/\"}]}<\/script>\n<!-- \/ Yoast SEO plugin. -->","yoast_head_json":{"title":"Norwich City \u2013 Everton 0:1 - Official Czech &amp; Slovak Everton Supporters&#039; Club","robots":{"index":"index","follow":"follow","max-snippet":"max-snippet:-1","max-image-preview":"max-image-preview:large","max-video-preview":"max-video-preview:-1"},"canonical":"https:\/\/evertonfc.cz\/index.php\/2020\/06\/26\/norwich-city-everton-01\/","og_locale":"cs_CZ","og_type":"article","og_title":"Norwich City \u2013 Everton 0:1 - Official Czech &amp; Slovak Everton Supporters&#039; Club","og_description":"Prvn\u00ed v\u00fdhra Evertonu po p\u011bti z\u00e1pasech znamen\u00e1, \u017ee Kan\u00e1rci jsou op\u011bt trochu bl\u00ed\u017ee k dal\u0161\u00ed sezon\u011b v druh\u00e9 lize. Karamely naopak st\u00e1le c\u00edl\u00ed na evropsk\u00e9 p\u0159\u00ed\u010dky.","og_url":"https:\/\/evertonfc.cz\/index.php\/2020\/06\/26\/norwich-city-everton-01\/","og_site_name":"Official Czech &amp; Slovak Everton Supporters&#039; Club","article_publisher":"https:\/\/www.facebook.com\/everton.fans.cz.sk","article_published_time":"2020-06-26T09:48:58+00:00","article_modified_time":"2020-06-27T07:53:44+00:00","og_image":[{"width":720,"height":405,"url":"https:\/\/evertonfc.cz\/wp-content\/uploads\/2020\/06\/Norwich-vs-Everton-Kirsty-Wigglesworth-Pool-25-6-2020.jpg","type":"image\/jpeg"}],"author":"Javor","twitter_card":"summary_large_image","twitter_creator":"@LoudinJan","twitter_misc":{"Napsal(a)":"Javor","Odhadovan\u00e1 doba \u010dten\u00ed":"2 minuty"},"schema":{"@context":"https:\/\/schema.org","@graph":[{"@type":"Article","@id":"https:\/\/evertonfc.cz\/index.php\/2020\/06\/26\/norwich-city-everton-01\/#article","isPartOf":{"@id":"https:\/\/evertonfc.cz\/index.php\/2020\/06\/26\/norwich-city-everton-01\/"},"author":{"name":"Javor","@id":"https:\/\/evertonfc.cz\/#\/schema\/person\/b30daf6a5852f4811f8207a17ec1bf78"},"headline":"Norwich City \u2013 Everton 0:1","datePublished":"2020-06-26T09:48:58+00:00","dateModified":"2020-06-27T07:53:44+00:00","mainEntityOfPage":{"@id":"https:\/\/evertonfc.cz\/index.php\/2020\/06\/26\/norwich-city-everton-01\/"},"wordCount":475,"commentCount":1,"publisher":{"@id":"https:\/\/evertonfc.cz\/#organization"},"image":{"@id":"https:\/\/evertonfc.cz\/index.php\/2020\/06\/26\/norwich-city-everton-01\/#primaryimage"},"thumbnailUrl":"https:\/\/evertonfc.cz\/wp-content\/uploads\/2020\/06\/Norwich-vs-Everton-Kirsty-Wigglesworth-Pool-25-6-2020.jpg","articleSection":["Z\u00e1pasy"],"inLanguage":"cs","potentialAction":[{"@type":"CommentAction","name":"Comment","target":["https:\/\/evertonfc.cz\/index.php\/2020\/06\/26\/norwich-city-everton-01\/#respond"]}]},{"@type":"WebPage","@id":"https:\/\/evertonfc.cz\/index.php\/2020\/06\/26\/norwich-city-everton-01\/","url":"https:\/\/evertonfc.cz\/index.php\/2020\/06\/26\/norwich-city-everton-01\/","name":"Norwich City \u2013 Everton 0:1 - Official Czech &amp; Slovak Everton Supporters&#039; Club","isPartOf":{"@id":"https:\/\/evertonfc.cz\/#website"},"primaryImageOfPage":{"@id":"https:\/\/evertonfc.cz\/index.php\/2020\/06\/26\/norwich-city-everton-01\/#primaryimage"},"image":{"@id":"https:\/\/evertonfc.cz\/index.php\/2020\/06\/26\/norwich-city-everton-01\/#primaryimage"},"thumbnailUrl":"https:\/\/evertonfc.cz\/wp-content\/uploads\/2020\/06\/Norwich-vs-Everton-Kirsty-Wigglesworth-Pool-25-6-2020.jpg","datePublished":"2020-06-26T09:48:58+00:00","dateModified":"2020-06-27T07:53:44+00:00","breadcrumb":{"@id":"https:\/\/evertonfc.cz\/index.php\/2020\/06\/26\/norwich-city-everton-01\/#breadcrumb"},"inLanguage":"cs","potentialAction":[{"@type":"ReadAction","target":["https:\/\/evertonfc.cz\/index.php\/2020\/06\/26\/norwich-city-everton-01\/"]}]},{"@type":"ImageObject","inLanguage":"cs","@id":"https:\/\/evertonfc.cz\/index.php\/2020\/06\/26\/norwich-city-everton-01\/#primaryimage","url":"https:\/\/evertonfc.cz\/wp-content\/uploads\/2020\/06\/Norwich-vs-Everton-Kirsty-Wigglesworth-Pool-25-6-2020.jpg","contentUrl":"https:\/\/evertonfc.cz\/wp-content\/uploads\/2020\/06\/Norwich-vs-Everton-Kirsty-Wigglesworth-Pool-25-6-2020.jpg","width":720,"height":405},{"@type":"BreadcrumbList","@id":"https:\/\/evertonfc.cz\/index.php\/2020\/06\/26\/norwich-city-everton-01\/#breadcrumb","itemListElement":[{"@type":"ListItem","position":1,"name":"Home","item":"https:\/\/evertonfc.cz\/"},{"@type":"ListItem","position":2,"name":"Norwich City \u2013 Everton 0:1"}]},{"@type":"WebSite","@id":"https:\/\/evertonfc.cz\/#website","url":"https:\/\/evertonfc.cz\/","name":"Official Czech &amp; Slovak Everton Supporters&#039; Club","description":"","publisher":{"@id":"https:\/\/evertonfc.cz\/#organization"},"potentialAction":[{"@type":"SearchAction","target":{"@type":"EntryPoint","urlTemplate":"https:\/\/evertonfc.cz\/?s={search_term_string}"},"query-input":{"@type":"PropertyValueSpecification","valueRequired":true,"valueName":"search_term_string"}}],"inLanguage":"cs"},{"@type":"Organization","@id":"https:\/\/evertonfc.cz\/#organization","name":"Official Czech & Slovak Everton Supporters' Club","url":"https:\/\/evertonfc.cz\/","logo":{"@type":"ImageObject","inLanguage":"cs","@id":"https:\/\/evertonfc.cz\/#\/schema\/logo\/image\/","url":"https:\/\/evertonfc.cz\/wp-content\/uploads\/2019\/05\/logo.png","contentUrl":"https:\/\/evertonfc.cz\/wp-content\/uploads\/2019\/05\/logo.png","width":112,"height":112,"caption":"Official Czech & Slovak Everton Supporters' Club"},"image":{"@id":"https:\/\/evertonfc.cz\/#\/schema\/logo\/image\/"},"sameAs":["https:\/\/www.facebook.com\/everton.fans.cz.sk"]},{"@type":"Person","@id":"https:\/\/evertonfc.cz\/#\/schema\/person\/b30daf6a5852f4811f8207a17ec1bf78","name":"Javor","sameAs":["https:\/\/x.com\/LoudinJan"],"url":"https:\/\/evertonfc.cz\/index.php\/author\/javor\/"}]}},"_links":{"self":[{"href":"https:\/\/evertonfc.cz\/index.php\/wp-json\/wp\/v2\/posts\/11243"}],"collection":[{"href":"https:\/\/evertonfc.cz\/index.php\/wp-json\/wp\/v2\/posts"}],"about":[{"href":"https:\/\/evertonfc.cz\/index.php\/wp-json\/wp\/v2\/types\/post"}],"author":[{"embeddable":true,"href":"https:\/\/evertonfc.cz\/index.php\/wp-json\/wp\/v2\/users\/12"}],"replies":[{"embeddable":true,"href":"https:\/\/evertonfc.cz\/index.php\/wp-json\/wp\/v2\/comments?post=11243"}],"version-history":[{"count":11,"href":"https:\/\/evertonfc.cz\/index.php\/wp-json\/wp\/v2\/posts\/11243\/revisions"}],"predecessor-version":[{"id":11277,"href":"https:\/\/evertonfc.cz\/index.php\/wp-json\/wp\/v2\/posts\/11243\/revisions\/11277"}],"wp:featuredmedia":[{"embeddable":true,"href":"https:\/\/evertonfc.cz\/index.php\/wp-json\/wp\/v2\/media\/11242"}],"wp:attachment":[{"href":"https:\/\/evertonfc.cz\/index.php\/wp-json\/wp\/v2\/media?parent=11243"}],"wp:term":[{"taxonomy":"category","embeddable":true,"href":"https:\/\/evertonfc.cz\/index.php\/wp-json\/wp\/v2\/categories?post=11243"},{"taxonomy":"post_tag","embeddable":true,"href":"https:\/\/evertonfc.cz\/index.php\/wp-json\/wp\/v2\/tags?post=11243"}],"curies":[{"name":"wp","href":"https:\/\/api.w.org\/{rel}","templated":true}]}}