{"id":11253,"date":"2020-06-26T17:15:28","date_gmt":"2020-06-26T15:15:28","guid":{"rendered":"https:\/\/evertonfc.cz\/?p=11253"},"modified":"2020-07-01T11:08:31","modified_gmt":"2020-07-01T09:08:31","slug":"zoznam-prepustenych-hracov-2","status":"publish","type":"post","link":"https:\/\/evertonfc.cz\/index.php\/2020\/06\/26\/zoznam-prepustenych-hracov-2\/","title":{"rendered":"Zoznam prepusten\u00fdch hr\u00e1\u010dov"},"content":{"rendered":"<h4>Everton v\u010dera ozn\u00e1mil menoslov hr\u00e1\u010dov, ktor\u00fdm nepon\u00fakol nov\u00e9, ani pred\u013a\u017eenie st\u00e1vaj\u00facich kontraktov. Z\u00a0prv\u00e9ho t\u00edmu odch\u00e1dzaj\u00fa Niasse, Martina aj Garbutt.<\/h4>\n<p><span lang=\"SK\">Na ofici\u00e1lnej str\u00e1nke bolo potvrden\u00e9, \u017ee k\u00a030. j\u00fanu, \u010di\u017ee po vypr\u0161an\u00ed ich platnej zmluvy, t\u00edto hr\u00e1\u010di u\u017e nebud\u00fa \u010falej reprezentova\u0165 The Toffees. K\u00a0ve\u013ekej \u00fa\u013eave fan\u00fa\u0161ikov samozrejme. V\u00a0hre bolo toti\u017e aj n\u00fadzov\u00e9 pred\u013a\u017eenie p\u00f4sobenia prv\u00fdch dvoch menovan\u00fdch, kv\u00f4li st\u00e1le prebiehaj\u00facej sez\u00f3ne. T\u00e1 skon\u010d\u00ed 26. j\u00fala.<\/span><\/p>\n<p><span lang=\"SK\">Tak\u00e9to pred\u013a\u017eenie bolo naopak pon\u00faknut\u00e9 <a href=\"https:\/\/evertonfc.cz\/index.php\/soupiska\/leighton-baines\/\" target=\"_blank\" rel=\"noopener noreferrer\">Leightonovi Bainesovi<\/a>. \u013dav\u00fd obranca a tridsa\u0165p\u00e4\u0165ro\u010dn\u00fd veter\u00e1n v kab\u00edne s ponukou s\u00fahlasil. Na\u010falej v\u0161ak zva\u017euje jednoro\u010dn\u00fd kontrakt na bud\u00facu sez\u00f3nu. Svoje rozhodnutie by mal ozn\u00e1mi\u0165 a\u017e po konci s\u00fa\u010dasnej. Carlo Ancelotti by si ho r\u00e1d v k\u00e1dri ponechal.<\/span><\/p>\n<p><span lang=\"SK\">Ako bolo ozn\u00e1men\u00e9 za\u010diatkom tohto t\u00fd\u017ed\u0148a, <a href=\"https:\/\/evertonfc.cz\/index.php\/soupiska\/maarten-stekelenburg\/\" target=\"_blank\" rel=\"noopener noreferrer\">Maarten Stekelenburg<\/a> tie\u017e opust\u00ed Everton, ale a\u017e ke\u010f vypr\u0161\u00ed jeho zmluva na konci ro\u010dn\u00edka 2019\/20. Holandsk\u00fd brank\u00e1r rovnako podp\u00edsal kr\u00e1tkodob\u00e9 pred\u013a\u017eenie zmluvy e\u0161te na mesiac a\u00a0potom sa vr\u00e1ti do b\u00fdval\u00e9ho klubu Ajax Amsterdam. Tam str\u00e1vil prv\u00fdch dev\u00e4\u0165 rokov svojej profesion\u00e1lnej kari\u00e9ry, kde pomohol vyhra\u0165 dva ligov\u00e9 tituly a tri holandsk\u00e9 poh\u00e1re.<\/span><\/p>\n<p><span lang=\"SK\">Aj <a href=\"https:\/\/evertonfc.cz\/index.php\/soupiska\/djibril-sidibe\/\" target=\"_blank\" rel=\"noopener noreferrer\">Djibril Sidib\u00e9<\/a> podp\u00edsal pred\u013a\u017eenie svojho hos\u0165ovania z Monaka. Aktu\u00e1lne bojuje so zap\u00e1lenou nohou a jeho k\u00fapna opcia vypr\u0161ala pred p\u00e1r d\u0148ami. Taliansky mana\u017e\u00e9r sa ju spolu s Marcelom Brandsom rozhodli nevyu\u017ei\u0165. <a href=\"https:\/\/evertonfc.cz\/index.php\/soupiska\/kieran-dowell\/\" target=\"_blank\" rel=\"noopener noreferrer\">Kieran Dowell<\/a>,\u00a0<a href=\"https:\/\/evertonfc.cz\/index.php\/soupiska\/jonas-lossl\/\" target=\"_blank\" rel=\"noopener noreferrer\">Jonas L\u00f6ssl<\/a>, <a href=\"https:\/\/evertonfc.cz\/index.php\/soupiska\/lewis-gibson\/\" target=\"_blank\" rel=\"noopener noreferrer\">Lewis Gibson<\/a>, <a href=\"https:\/\/evertonfc.cz\/index.php\/soupiska\/callum-connolly\/\" target=\"_blank\" rel=\"noopener noreferrer\">Callum Connolly<\/a>, <a href=\"https:\/\/evertonfc.cz\/index.php\/soupiska\/josh-bowler\/\" target=\"_blank\" rel=\"noopener noreferrer\">Josh Bowler<\/a>, <a href=\"https:\/\/evertonfc.cz\/index.php\/soupiska\/matthew-pennington\/\" target=\"_blank\" rel=\"noopener noreferrer\">Matthew Pennington<\/a> a <a href=\"https:\/\/evertonfc.cz\/index.php\/soupiska\/sandro-ramirez\/\" target=\"_blank\" rel=\"noopener noreferrer\">Sandro Ram\u00edrez<\/a> ost\u00e1vaj\u00fa vypo\u017ei\u010dan\u00ed vo svojich kluboch do konca pred\u013a\u017eenej sez\u00f3ny.<\/span><\/p>\n<h4><span lang=\"SK\">Akad\u00e9mia<\/span><\/h4>\n<p><span lang=\"SK\"><a href=\"https:\/\/evertonfc.cz\/index.php\/2020\/05\/18\/politika-akademie-sa-meni\/\" target=\"_blank\" rel=\"noopener noreferrer\">Ako sme v\u00e1s u\u017e informovali<\/a>, v t\u00edmoch do 23 rokov boli prepusten\u00ed Morgan Feeney, Alex Denny, Matty Foulds, Manasse Mampala a Korede Adedoyin s Kieranom Phillipsom. Posledn\u00fd menovan\u00fd, \u00fato\u010dn\u00edk, opust\u00ed klub po n\u00e1vrate z hos\u0165ovania v akad\u00e9mii Huddersfield Town, odkia\u013e na Finch Farm p\u00f4vodne prest\u00fapil.<\/span><\/p>\n<p><span lang=\"SK\">Nathangelo Markelo a Con Ouzounidis dostali ponuky na nov\u00e9 kontrakty od Evertonu. Z\u00a0U18 odch\u00e1dzaj\u00fa obrancovia Jonathan Anderson a Joshua Hosie, spolu s brank\u00e1rom Jackom Barrettom.<\/span><\/p>\n<p><span lang=\"SK\">Spr\u00e1vy ale zakon\u010d\u00edme pozit\u00edvne. Prv\u00e9ho profesion\u00e1lneho kontraktu sa do\u010dkal Sebastian Quirk. Osemn\u00e1s\u0165ro\u010dn\u00fd z\u00e1lo\u017en\u00edk sa prebil t\u00fato sez\u00f3nu do zostavy Davida Unswortha a\u00a0jeho pokrok bol odmenen\u00fd. \u010co sa t\u00fdka \u0161tipendia, tak na \u010fal\u0161\u00ed rok ho dostala aj desiatka hr\u00e1\u010dov z\u00a0U18:<\/span><\/p>\n<p><em><span lang=\"SK\" style=\"color: #141414; background: white;\">Thomas Cannon, <\/span><span lang=\"SK\"><span style=\"color: #141414; background: white;\">Joel Davidson, <\/span><\/span><span style=\"color: #141414; background: white;\">Harry Hagan, <\/span><span style=\"color: #141414;\">Liam Higgins, <\/span><span style=\"color: #141414;\">Sebastian Kristensen, <\/span><span style=\"color: #141414;\">Daniel Lowey, <\/span><span style=\"color: #141414;\">Sean McAllister, <\/span><span style=\"color: #141414;\">Jack McIntyre, <\/span><span style=\"color: #141414;\">Tyler Onyango, <\/span><span style=\"color: #141414;\">Dylan Thompson<\/span><\/em><\/p>\n<p style=\"text-align: right;\"><span style=\"font-size: 8pt;\">(foto zdroj: Liverpool Echo, Gareth Copley)<\/span><\/p>\n","protected":false},"excerpt":{"rendered":"<p>Everton v\u010dera ozn\u00e1mil menoslov hr\u00e1\u010dov, ktor\u00fdm nepon\u00fakol nov\u00e9, ani pred\u013a\u017eenie st\u00e1vaj\u00facich kontraktov. Z prv\u00e9ho t\u00edmu odch\u00e1dzaj\u00fa Niasse, Martina aj Garbutt.<\/p>\n","protected":false},"author":1,"featured_media":11254,"comment_status":"open","ping_status":"closed","sticky":false,"template":"","format":"standard","meta":{"_eb_attr":"","_monsterinsights_skip_tracking":false,"_monsterinsights_sitenote_active":false,"_monsterinsights_sitenote_note":"","_monsterinsights_sitenote_category":0,"footnotes":""},"categories":[42],"tags":[],"yoast_head":"<!-- This site is optimized with the Yoast SEO plugin v23.4 - https:\/\/yoast.com\/wordpress\/plugins\/seo\/ -->\n<title>Zoznam prepusten\u00fdch hr\u00e1\u010dov - Official Czech &amp; Slovak Everton Supporters&#039; Club<\/title>\n<meta name=\"robots\" content=\"index, follow, max-snippet:-1, max-image-preview:large, max-video-preview:-1\" \/>\n<link rel=\"canonical\" href=\"https:\/\/evertonfc.cz\/index.php\/2020\/06\/26\/zoznam-prepustenych-hracov-2\/\" \/>\n<meta property=\"og:locale\" content=\"cs_CZ\" \/>\n<meta property=\"og:type\" content=\"article\" \/>\n<meta property=\"og:title\" content=\"Zoznam prepusten\u00fdch hr\u00e1\u010dov - Official Czech &amp; Slovak Everton Supporters&#039; Club\" \/>\n<meta property=\"og:description\" content=\"Everton v\u010dera ozn\u00e1mil menoslov hr\u00e1\u010dov, ktor\u00fdm nepon\u00fakol nov\u00e9, ani pred\u013a\u017eenie st\u00e1vaj\u00facich kontraktov. Z prv\u00e9ho t\u00edmu odch\u00e1dzaj\u00fa Niasse, Martina aj Garbutt.\" \/>\n<meta property=\"og:url\" content=\"https:\/\/evertonfc.cz\/index.php\/2020\/06\/26\/zoznam-prepustenych-hracov-2\/\" \/>\n<meta property=\"og:site_name\" content=\"Official Czech &amp; Slovak Everton Supporters&#039; Club\" \/>\n<meta property=\"article:publisher\" content=\"https:\/\/www.facebook.com\/everton.fans.cz.sk\" \/>\n<meta property=\"article:published_time\" content=\"2020-06-26T15:15:28+00:00\" \/>\n<meta property=\"article:modified_time\" content=\"2020-07-01T09:08:31+00:00\" \/>\n<meta property=\"og:image\" content=\"https:\/\/evertonfc.cz\/wp-content\/uploads\/2020\/06\/Niasse-Martina-Garbutt-released-26-6-2020.jpg\" \/>\n\t<meta property=\"og:image:width\" content=\"720\" \/>\n\t<meta property=\"og:image:height\" content=\"405\" \/>\n\t<meta property=\"og:image:type\" content=\"image\/jpeg\" \/>\n<meta name=\"author\" content=\"BlueBlooded\" \/>\n<meta name=\"twitter:card\" content=\"summary_large_image\" \/>\n<meta name=\"twitter:label1\" content=\"Napsal(a)\" \/>\n\t<meta name=\"twitter:data1\" content=\"BlueBlooded\" \/>\n\t<meta name=\"twitter:label2\" content=\"Odhadovan\u00e1 doba \u010dten\u00ed\" \/>\n\t<meta name=\"twitter:data2\" content=\"2 minuty\" \/>\n<script type=\"application\/ld+json\" class=\"yoast-schema-graph\">{\"@context\":\"https:\/\/schema.org\",\"@graph\":[{\"@type\":\"Article\",\"@id\":\"https:\/\/evertonfc.cz\/index.php\/2020\/06\/26\/zoznam-prepustenych-hracov-2\/#article\",\"isPartOf\":{\"@id\":\"https:\/\/evertonfc.cz\/index.php\/2020\/06\/26\/zoznam-prepustenych-hracov-2\/\"},\"author\":{\"name\":\"BlueBlooded\",\"@id\":\"https:\/\/evertonfc.cz\/#\/schema\/person\/d4493b8cbea51532597fbc4685698916\"},\"headline\":\"Zoznam prepusten\u00fdch hr\u00e1\u010dov\",\"datePublished\":\"2020-06-26T15:15:28+00:00\",\"dateModified\":\"2020-07-01T09:08:31+00:00\",\"mainEntityOfPage\":{\"@id\":\"https:\/\/evertonfc.cz\/index.php\/2020\/06\/26\/zoznam-prepustenych-hracov-2\/\"},\"wordCount\":478,\"commentCount\":2,\"publisher\":{\"@id\":\"https:\/\/evertonfc.cz\/#organization\"},\"image\":{\"@id\":\"https:\/\/evertonfc.cz\/index.php\/2020\/06\/26\/zoznam-prepustenych-hracov-2\/#primaryimage\"},\"thumbnailUrl\":\"https:\/\/evertonfc.cz\/wp-content\/uploads\/2020\/06\/Niasse-Martina-Garbutt-released-26-6-2020.jpg\",\"articleSection\":[\"Aktuality\"],\"inLanguage\":\"cs\",\"potentialAction\":[{\"@type\":\"CommentAction\",\"name\":\"Comment\",\"target\":[\"https:\/\/evertonfc.cz\/index.php\/2020\/06\/26\/zoznam-prepustenych-hracov-2\/#respond\"]}]},{\"@type\":\"WebPage\",\"@id\":\"https:\/\/evertonfc.cz\/index.php\/2020\/06\/26\/zoznam-prepustenych-hracov-2\/\",\"url\":\"https:\/\/evertonfc.cz\/index.php\/2020\/06\/26\/zoznam-prepustenych-hracov-2\/\",\"name\":\"Zoznam prepusten\u00fdch hr\u00e1\u010dov - Official Czech &amp; Slovak Everton Supporters&#039; Club\",\"isPartOf\":{\"@id\":\"https:\/\/evertonfc.cz\/#website\"},\"primaryImageOfPage\":{\"@id\":\"https:\/\/evertonfc.cz\/index.php\/2020\/06\/26\/zoznam-prepustenych-hracov-2\/#primaryimage\"},\"image\":{\"@id\":\"https:\/\/evertonfc.cz\/index.php\/2020\/06\/26\/zoznam-prepustenych-hracov-2\/#primaryimage\"},\"thumbnailUrl\":\"https:\/\/evertonfc.cz\/wp-content\/uploads\/2020\/06\/Niasse-Martina-Garbutt-released-26-6-2020.jpg\",\"datePublished\":\"2020-06-26T15:15:28+00:00\",\"dateModified\":\"2020-07-01T09:08:31+00:00\",\"breadcrumb\":{\"@id\":\"https:\/\/evertonfc.cz\/index.php\/2020\/06\/26\/zoznam-prepustenych-hracov-2\/#breadcrumb\"},\"inLanguage\":\"cs\",\"potentialAction\":[{\"@type\":\"ReadAction\",\"target\":[\"https:\/\/evertonfc.cz\/index.php\/2020\/06\/26\/zoznam-prepustenych-hracov-2\/\"]}]},{\"@type\":\"ImageObject\",\"inLanguage\":\"cs\",\"@id\":\"https:\/\/evertonfc.cz\/index.php\/2020\/06\/26\/zoznam-prepustenych-hracov-2\/#primaryimage\",\"url\":\"https:\/\/evertonfc.cz\/wp-content\/uploads\/2020\/06\/Niasse-Martina-Garbutt-released-26-6-2020.jpg\",\"contentUrl\":\"https:\/\/evertonfc.cz\/wp-content\/uploads\/2020\/06\/Niasse-Martina-Garbutt-released-26-6-2020.jpg\",\"width\":720,\"height\":405},{\"@type\":\"BreadcrumbList\",\"@id\":\"https:\/\/evertonfc.cz\/index.php\/2020\/06\/26\/zoznam-prepustenych-hracov-2\/#breadcrumb\",\"itemListElement\":[{\"@type\":\"ListItem\",\"position\":1,\"name\":\"Home\",\"item\":\"https:\/\/evertonfc.cz\/\"},{\"@type\":\"ListItem\",\"position\":2,\"name\":\"Zoznam prepusten\u00fdch hr\u00e1\u010dov\"}]},{\"@type\":\"WebSite\",\"@id\":\"https:\/\/evertonfc.cz\/#website\",\"url\":\"https:\/\/evertonfc.cz\/\",\"name\":\"Official Czech &amp; Slovak Everton Supporters&#039; Club\",\"description\":\"\",\"publisher\":{\"@id\":\"https:\/\/evertonfc.cz\/#organization\"},\"potentialAction\":[{\"@type\":\"SearchAction\",\"target\":{\"@type\":\"EntryPoint\",\"urlTemplate\":\"https:\/\/evertonfc.cz\/?s={search_term_string}\"},\"query-input\":{\"@type\":\"PropertyValueSpecification\",\"valueRequired\":true,\"valueName\":\"search_term_string\"}}],\"inLanguage\":\"cs\"},{\"@type\":\"Organization\",\"@id\":\"https:\/\/evertonfc.cz\/#organization\",\"name\":\"Official Czech & Slovak Everton Supporters' Club\",\"url\":\"https:\/\/evertonfc.cz\/\",\"logo\":{\"@type\":\"ImageObject\",\"inLanguage\":\"cs\",\"@id\":\"https:\/\/evertonfc.cz\/#\/schema\/logo\/image\/\",\"url\":\"https:\/\/evertonfc.cz\/wp-content\/uploads\/2019\/05\/logo.png\",\"contentUrl\":\"https:\/\/evertonfc.cz\/wp-content\/uploads\/2019\/05\/logo.png\",\"width\":112,\"height\":112,\"caption\":\"Official Czech & Slovak Everton Supporters' Club\"},\"image\":{\"@id\":\"https:\/\/evertonfc.cz\/#\/schema\/logo\/image\/\"},\"sameAs\":[\"https:\/\/www.facebook.com\/everton.fans.cz.sk\"]},{\"@type\":\"Person\",\"@id\":\"https:\/\/evertonfc.cz\/#\/schema\/person\/d4493b8cbea51532597fbc4685698916\",\"name\":\"BlueBlooded\",\"url\":\"https:\/\/evertonfc.cz\/index.php\/author\/admin\/\"}]}<\/script>\n<!-- \/ Yoast SEO plugin. -->","yoast_head_json":{"title":"Zoznam prepusten\u00fdch hr\u00e1\u010dov - Official Czech &amp; Slovak Everton Supporters&#039; Club","robots":{"index":"index","follow":"follow","max-snippet":"max-snippet:-1","max-image-preview":"max-image-preview:large","max-video-preview":"max-video-preview:-1"},"canonical":"https:\/\/evertonfc.cz\/index.php\/2020\/06\/26\/zoznam-prepustenych-hracov-2\/","og_locale":"cs_CZ","og_type":"article","og_title":"Zoznam prepusten\u00fdch hr\u00e1\u010dov - Official Czech &amp; Slovak Everton Supporters&#039; Club","og_description":"Everton v\u010dera ozn\u00e1mil menoslov hr\u00e1\u010dov, ktor\u00fdm nepon\u00fakol nov\u00e9, ani pred\u013a\u017eenie st\u00e1vaj\u00facich kontraktov. Z prv\u00e9ho t\u00edmu odch\u00e1dzaj\u00fa Niasse, Martina aj Garbutt.","og_url":"https:\/\/evertonfc.cz\/index.php\/2020\/06\/26\/zoznam-prepustenych-hracov-2\/","og_site_name":"Official Czech &amp; Slovak Everton Supporters&#039; Club","article_publisher":"https:\/\/www.facebook.com\/everton.fans.cz.sk","article_published_time":"2020-06-26T15:15:28+00:00","article_modified_time":"2020-07-01T09:08:31+00:00","og_image":[{"width":720,"height":405,"url":"https:\/\/evertonfc.cz\/wp-content\/uploads\/2020\/06\/Niasse-Martina-Garbutt-released-26-6-2020.jpg","type":"image\/jpeg"}],"author":"BlueBlooded","twitter_card":"summary_large_image","twitter_misc":{"Napsal(a)":"BlueBlooded","Odhadovan\u00e1 doba \u010dten\u00ed":"2 minuty"},"schema":{"@context":"https:\/\/schema.org","@graph":[{"@type":"Article","@id":"https:\/\/evertonfc.cz\/index.php\/2020\/06\/26\/zoznam-prepustenych-hracov-2\/#article","isPartOf":{"@id":"https:\/\/evertonfc.cz\/index.php\/2020\/06\/26\/zoznam-prepustenych-hracov-2\/"},"author":{"name":"BlueBlooded","@id":"https:\/\/evertonfc.cz\/#\/schema\/person\/d4493b8cbea51532597fbc4685698916"},"headline":"Zoznam prepusten\u00fdch hr\u00e1\u010dov","datePublished":"2020-06-26T15:15:28+00:00","dateModified":"2020-07-01T09:08:31+00:00","mainEntityOfPage":{"@id":"https:\/\/evertonfc.cz\/index.php\/2020\/06\/26\/zoznam-prepustenych-hracov-2\/"},"wordCount":478,"commentCount":2,"publisher":{"@id":"https:\/\/evertonfc.cz\/#organization"},"image":{"@id":"https:\/\/evertonfc.cz\/index.php\/2020\/06\/26\/zoznam-prepustenych-hracov-2\/#primaryimage"},"thumbnailUrl":"https:\/\/evertonfc.cz\/wp-content\/uploads\/2020\/06\/Niasse-Martina-Garbutt-released-26-6-2020.jpg","articleSection":["Aktuality"],"inLanguage":"cs","potentialAction":[{"@type":"CommentAction","name":"Comment","target":["https:\/\/evertonfc.cz\/index.php\/2020\/06\/26\/zoznam-prepustenych-hracov-2\/#respond"]}]},{"@type":"WebPage","@id":"https:\/\/evertonfc.cz\/index.php\/2020\/06\/26\/zoznam-prepustenych-hracov-2\/","url":"https:\/\/evertonfc.cz\/index.php\/2020\/06\/26\/zoznam-prepustenych-hracov-2\/","name":"Zoznam prepusten\u00fdch hr\u00e1\u010dov - Official Czech &amp; Slovak Everton Supporters&#039; Club","isPartOf":{"@id":"https:\/\/evertonfc.cz\/#website"},"primaryImageOfPage":{"@id":"https:\/\/evertonfc.cz\/index.php\/2020\/06\/26\/zoznam-prepustenych-hracov-2\/#primaryimage"},"image":{"@id":"https:\/\/evertonfc.cz\/index.php\/2020\/06\/26\/zoznam-prepustenych-hracov-2\/#primaryimage"},"thumbnailUrl":"https:\/\/evertonfc.cz\/wp-content\/uploads\/2020\/06\/Niasse-Martina-Garbutt-released-26-6-2020.jpg","datePublished":"2020-06-26T15:15:28+00:00","dateModified":"2020-07-01T09:08:31+00:00","breadcrumb":{"@id":"https:\/\/evertonfc.cz\/index.php\/2020\/06\/26\/zoznam-prepustenych-hracov-2\/#breadcrumb"},"inLanguage":"cs","potentialAction":[{"@type":"ReadAction","target":["https:\/\/evertonfc.cz\/index.php\/2020\/06\/26\/zoznam-prepustenych-hracov-2\/"]}]},{"@type":"ImageObject","inLanguage":"cs","@id":"https:\/\/evertonfc.cz\/index.php\/2020\/06\/26\/zoznam-prepustenych-hracov-2\/#primaryimage","url":"https:\/\/evertonfc.cz\/wp-content\/uploads\/2020\/06\/Niasse-Martina-Garbutt-released-26-6-2020.jpg","contentUrl":"https:\/\/evertonfc.cz\/wp-content\/uploads\/2020\/06\/Niasse-Martina-Garbutt-released-26-6-2020.jpg","width":720,"height":405},{"@type":"BreadcrumbList","@id":"https:\/\/evertonfc.cz\/index.php\/2020\/06\/26\/zoznam-prepustenych-hracov-2\/#breadcrumb","itemListElement":[{"@type":"ListItem","position":1,"name":"Home","item":"https:\/\/evertonfc.cz\/"},{"@type":"ListItem","position":2,"name":"Zoznam prepusten\u00fdch hr\u00e1\u010dov"}]},{"@type":"WebSite","@id":"https:\/\/evertonfc.cz\/#website","url":"https:\/\/evertonfc.cz\/","name":"Official Czech &amp; Slovak Everton Supporters&#039; Club","description":"","publisher":{"@id":"https:\/\/evertonfc.cz\/#organization"},"potentialAction":[{"@type":"SearchAction","target":{"@type":"EntryPoint","urlTemplate":"https:\/\/evertonfc.cz\/?s={search_term_string}"},"query-input":{"@type":"PropertyValueSpecification","valueRequired":true,"valueName":"search_term_string"}}],"inLanguage":"cs"},{"@type":"Organization","@id":"https:\/\/evertonfc.cz\/#organization","name":"Official Czech & Slovak Everton Supporters' Club","url":"https:\/\/evertonfc.cz\/","logo":{"@type":"ImageObject","inLanguage":"cs","@id":"https:\/\/evertonfc.cz\/#\/schema\/logo\/image\/","url":"https:\/\/evertonfc.cz\/wp-content\/uploads\/2019\/05\/logo.png","contentUrl":"https:\/\/evertonfc.cz\/wp-content\/uploads\/2019\/05\/logo.png","width":112,"height":112,"caption":"Official Czech & Slovak Everton Supporters' Club"},"image":{"@id":"https:\/\/evertonfc.cz\/#\/schema\/logo\/image\/"},"sameAs":["https:\/\/www.facebook.com\/everton.fans.cz.sk"]},{"@type":"Person","@id":"https:\/\/evertonfc.cz\/#\/schema\/person\/d4493b8cbea51532597fbc4685698916","name":"BlueBlooded","url":"https:\/\/evertonfc.cz\/index.php\/author\/admin\/"}]}},"_links":{"self":[{"href":"https:\/\/evertonfc.cz\/index.php\/wp-json\/wp\/v2\/posts\/11253"}],"collection":[{"href":"https:\/\/evertonfc.cz\/index.php\/wp-json\/wp\/v2\/posts"}],"about":[{"href":"https:\/\/evertonfc.cz\/index.php\/wp-json\/wp\/v2\/types\/post"}],"author":[{"embeddable":true,"href":"https:\/\/evertonfc.cz\/index.php\/wp-json\/wp\/v2\/users\/1"}],"replies":[{"embeddable":true,"href":"https:\/\/evertonfc.cz\/index.php\/wp-json\/wp\/v2\/comments?post=11253"}],"version-history":[{"count":6,"href":"https:\/\/evertonfc.cz\/index.php\/wp-json\/wp\/v2\/posts\/11253\/revisions"}],"predecessor-version":[{"id":11311,"href":"https:\/\/evertonfc.cz\/index.php\/wp-json\/wp\/v2\/posts\/11253\/revisions\/11311"}],"wp:featuredmedia":[{"embeddable":true,"href":"https:\/\/evertonfc.cz\/index.php\/wp-json\/wp\/v2\/media\/11254"}],"wp:attachment":[{"href":"https:\/\/evertonfc.cz\/index.php\/wp-json\/wp\/v2\/media?parent=11253"}],"wp:term":[{"taxonomy":"category","embeddable":true,"href":"https:\/\/evertonfc.cz\/index.php\/wp-json\/wp\/v2\/categories?post=11253"},{"taxonomy":"post_tag","embeddable":true,"href":"https:\/\/evertonfc.cz\/index.php\/wp-json\/wp\/v2\/tags?post=11253"}],"curies":[{"name":"wp","href":"https:\/\/api.w.org\/{rel}","templated":true}]}}