{"id":11281,"date":"2020-07-29T07:30:17","date_gmt":"2020-07-29T05:30:17","guid":{"rendered":"https:\/\/evertonfc.cz\/?p=11281"},"modified":"2020-07-29T08:51:24","modified_gmt":"2020-07-29T06:51:24","slug":"hladame-redaktora-2","status":"publish","type":"post","link":"https:\/\/evertonfc.cz\/index.php\/2020\/07\/29\/hladame-redaktora-2\/","title":{"rendered":"H\u013ead\u00e1me redaktora"},"content":{"rendered":"<h4>Prijmeme do redakcie nov\u00e9ho \u010dlena. R\u00e1d by si si vyplnil vo\u013en\u00fd \u010das a si fan\u00fa\u0161ikom Evertonu? Tak toto je ponuka \u0161it\u00e1 pre teba. Pridaj sa k n\u00e1m a tvor obsah <em>evertonfc.cz<\/em>!<\/h4>\n<p>Dom\u00e9na ofici\u00e1lneho \u010desk\u00e9ho a\u00a0slovensk\u00e9ho klubu podporovate\u013eov Evertonu osl\u00e1vila na konci marca tohto roka svoje okr\u00fahle desiate v\u00fdro\u010die. V\u00a0tichosti koronakr\u00edzy to zabudla aj osl\u00e1vi\u0165, no poctiv\u00fd fan\u00fa\u0161ikovsk\u00fd servis nezanedbala. A\u00a0to je d\u00f4le\u017eit\u00e9. Redakcia by rada v\u00a0rovnakom nasaden\u00ed pokra\u010dovala aj na\u010falej. Len\u017ee&#8230;<\/p>\n<p>Povinnosti, rodinn\u00e1 situ\u00e1cia \u010di zamestnanie menia priority ka\u017ed\u00e9ho z n\u00e1s. Ovplyv\u0148uj\u00fa aj kon\u00ed\u010dky, medzi \u010do sa po\u010d\u00edta aj tak\u00e9 p\u00edsanie pre web ako tento. Minul\u00fd rok sme prostredn\u00edctvom podobn\u00e9ho \u010dl\u00e1nku apelovali na dobrovo\u013en\u00edkov podobn\u00fdm sp\u00f4sobom, no menej naliehav\u00fdm. V s\u00fa\u010dasnosti je v\u0161ak n\u00e1bor do na\u0161ich radov viacmenej nutnos\u0165ou. Najm\u00e4 ak chceme ako autori udr\u017ea\u0165 kvantitu aj kvalitu obsahu.<\/p>\n<h4>Koho h\u013ead\u00e1me?<\/h4>\n<p>Samozrejme fan\u00fa\u0161ika Evertonu. Ide o hobby p\u00edsanie, ktor\u00e9 sa nijak\u00fdm sp\u00f4sobom neodme\u0148uje. Na\u0161a str\u00e1nka si hodnotovo zaklad\u00e1 na nevyu\u017e\u00edvan\u00ed zna\u010dky Everton Football Club ku komer\u010dn\u00fdm \u00fa\u010delom. Preto na str\u00e1nke nen\u00e1jdete \u017eiadnu reklamu, banner ani \u00fa\u010delovo umiestnen\u00e9 produkty, ktor\u00e9 by generovali nejak\u00fd zisk.<\/p>\n<p>Jedin\u00e1 odmena pr\u00edde ako pocit zados\u0165u\u010dinenia pri dobre odvedenej pr\u00e1ci, ktor\u00e1 so sebou nesie\u00a0pochvalu od \u010ditate\u013eov, \u010di plodn\u00fa diskusiu. Pr\u00edpadn\u00fd uch\u00e1dza\u010d sa nemus\u00ed b\u00e1\u0165 ani \u017eiadnych v\u00fddavkov. N\u00e1klady na financovanie chodu webovej str\u00e1nky si s\u00fa\u010dasn\u00e1 redakcia plat\u00ed sama zo s\u00fakromn\u00fdch pr\u00edjmov.<\/p>\n<p>H\u013ead\u00e1me hlavne posilu na pokr\u00fdvanie z\u00e1pasov \u2013 \u010di u\u017e <em>\u201epreview\u201c<\/em> alebo <em>\u201ereport\u201c<\/em> \u010dl\u00e1nkov \u2013 ale ak m\u00e1 niekto z\u00e1ujem prispieva\u0165 in\u00fdmi \u010dl\u00e1nkami \u2013 blogy \/ rozhovory \/ \u010dl\u00e1nky z\u00a0hist\u00f3rie \u2013 sme otvoren\u00ed spolupr\u00e1ci. Db\u00e1me na pravidelnos\u0165 a\u00a0aktu\u00e1lnos\u0165 t\u00e9m. V\u00a0neposlednom rade aj objektivitu prin\u00e1\u0161an\u00fdch inform\u00e1cii.<\/p>\n<p>Znalos\u0165 angli\u010dtiny a\u017e tak nerozhoduje a\u00a0nie je podmienkou (d\u00e1 sa n\u00e1js\u0165 dostatok inform\u00e1cii aj rodnom jazyku). Rovnako tak predch\u00e1dzaj\u00face sk\u00fasenosti s\u00a0p\u00edsan\u00edm. \u010clovek sa postupne zlep\u0161\u00ed s\u00e1m a\u00a0n\u00e1jde si svoj \u0161t\u00fdl. Tak pros\u00edm, ak v\u00e1m z\u00e1le\u017e\u00ed na \u010deskoslovenskej sc\u00e9ne fan\u00fa\u0161ikov Evertonu, nev\u00e1hajte a\u00a0prihl\u00e1ste sa.<\/p>\n<p>V pr\u00edpade hocijak\u00fdch ot\u00e1zok sme k dispoz\u00edcii v koment\u00e1roch. WordPress je u\u017e\u00edvate\u013esky pr\u00edvetiv\u00fd, tak\u017ee netreba sa b\u00e1\u0165 technick\u00fdch v\u00fdziev, \u017eiadne nie s\u00fa. Ak t\u00e1to ponuka niekoho oslovila a r\u00e1d by n\u00e1m s webom pomohol, nech sa ozve na n\u00e1\u0161 fanklubov\u00fd mail \u2013 <strong><a href=\"mailto:czskevertonians@gmail.com\">czskevertonians@gmail.com<\/a><\/strong><\/p>\n<p>S\u00a0pozdravom<\/p>\n<p style=\"text-align: center;\"><strong><em>Redaktorsk\u00fd t\u00edm \u201eEvertonFC.cz\u201c<\/em><\/strong><\/p>\n","protected":false},"excerpt":{"rendered":"<p>Prijmeme do redakcie nov\u00e9ho \u010dlena. R\u00e1d by si si vyplnil vo\u013en\u00fd \u010das a si fan\u00fa\u0161ikom Evertonu? Tak toto je ponuka \u0161it\u00e1 pre teba. Pridaj sa k n\u00e1m a tvor obsah evertonfc.cz!<\/p>\n","protected":false},"author":1,"featured_media":8388,"comment_status":"open","ping_status":"closed","sticky":false,"template":"","format":"standard","meta":{"_eb_attr":"","_monsterinsights_skip_tracking":false,"_monsterinsights_sitenote_active":false,"_monsterinsights_sitenote_note":"","_monsterinsights_sitenote_category":0,"footnotes":""},"categories":[85],"tags":[],"yoast_head":"<!-- This site is optimized with the Yoast SEO plugin v23.4 - https:\/\/yoast.com\/wordpress\/plugins\/seo\/ -->\n<title>H\u013ead\u00e1me redaktora - Official Czech &amp; Slovak Everton Supporters&#039; Club<\/title>\n<meta name=\"robots\" content=\"index, follow, max-snippet:-1, max-image-preview:large, max-video-preview:-1\" \/>\n<link rel=\"canonical\" href=\"https:\/\/evertonfc.cz\/index.php\/2020\/07\/29\/hladame-redaktora-2\/\" \/>\n<meta property=\"og:locale\" content=\"cs_CZ\" \/>\n<meta property=\"og:type\" content=\"article\" \/>\n<meta property=\"og:title\" content=\"H\u013ead\u00e1me redaktora - Official Czech &amp; Slovak Everton Supporters&#039; Club\" \/>\n<meta property=\"og:description\" content=\"Prijmeme do redakcie nov\u00e9ho \u010dlena. R\u00e1d by si si vyplnil vo\u013en\u00fd \u010das a si fan\u00fa\u0161ikom Evertonu? Tak toto je ponuka \u0161it\u00e1 pre teba. Pridaj sa k n\u00e1m a tvor obsah evertonfc.cz!\" \/>\n<meta property=\"og:url\" content=\"https:\/\/evertonfc.cz\/index.php\/2020\/07\/29\/hladame-redaktora-2\/\" \/>\n<meta property=\"og:site_name\" content=\"Official Czech &amp; Slovak Everton Supporters&#039; Club\" \/>\n<meta property=\"article:publisher\" content=\"https:\/\/www.facebook.com\/everton.fans.cz.sk\" \/>\n<meta property=\"article:published_time\" content=\"2020-07-29T05:30:17+00:00\" \/>\n<meta property=\"article:modified_time\" content=\"2020-07-29T06:51:24+00:00\" \/>\n<meta property=\"og:image\" content=\"https:\/\/evertonfc.cz\/wp-content\/uploads\/2019\/07\/inzerat-9-7-2019.png\" \/>\n\t<meta property=\"og:image:width\" content=\"720\" \/>\n\t<meta property=\"og:image:height\" content=\"405\" \/>\n\t<meta property=\"og:image:type\" content=\"image\/png\" \/>\n<meta name=\"author\" content=\"BlueBlooded\" \/>\n<meta name=\"twitter:card\" content=\"summary_large_image\" \/>\n<meta name=\"twitter:label1\" content=\"Napsal(a)\" \/>\n\t<meta name=\"twitter:data1\" content=\"BlueBlooded\" \/>\n\t<meta name=\"twitter:label2\" content=\"Odhadovan\u00e1 doba \u010dten\u00ed\" \/>\n\t<meta name=\"twitter:data2\" content=\"2 minuty\" \/>\n<script type=\"application\/ld+json\" class=\"yoast-schema-graph\">{\"@context\":\"https:\/\/schema.org\",\"@graph\":[{\"@type\":\"Article\",\"@id\":\"https:\/\/evertonfc.cz\/index.php\/2020\/07\/29\/hladame-redaktora-2\/#article\",\"isPartOf\":{\"@id\":\"https:\/\/evertonfc.cz\/index.php\/2020\/07\/29\/hladame-redaktora-2\/\"},\"author\":{\"name\":\"BlueBlooded\",\"@id\":\"https:\/\/evertonfc.cz\/#\/schema\/person\/d4493b8cbea51532597fbc4685698916\"},\"headline\":\"H\u013ead\u00e1me redaktora\",\"datePublished\":\"2020-07-29T05:30:17+00:00\",\"dateModified\":\"2020-07-29T06:51:24+00:00\",\"mainEntityOfPage\":{\"@id\":\"https:\/\/evertonfc.cz\/index.php\/2020\/07\/29\/hladame-redaktora-2\/\"},\"wordCount\":485,\"commentCount\":2,\"publisher\":{\"@id\":\"https:\/\/evertonfc.cz\/#organization\"},\"image\":{\"@id\":\"https:\/\/evertonfc.cz\/index.php\/2020\/07\/29\/hladame-redaktora-2\/#primaryimage\"},\"thumbnailUrl\":\"https:\/\/evertonfc.cz\/wp-content\/uploads\/2019\/07\/inzerat-9-7-2019.png\",\"articleSection\":[\"Supporters' Club\"],\"inLanguage\":\"cs\",\"potentialAction\":[{\"@type\":\"CommentAction\",\"name\":\"Comment\",\"target\":[\"https:\/\/evertonfc.cz\/index.php\/2020\/07\/29\/hladame-redaktora-2\/#respond\"]}]},{\"@type\":\"WebPage\",\"@id\":\"https:\/\/evertonfc.cz\/index.php\/2020\/07\/29\/hladame-redaktora-2\/\",\"url\":\"https:\/\/evertonfc.cz\/index.php\/2020\/07\/29\/hladame-redaktora-2\/\",\"name\":\"H\u013ead\u00e1me redaktora - Official Czech &amp; Slovak Everton Supporters&#039; Club\",\"isPartOf\":{\"@id\":\"https:\/\/evertonfc.cz\/#website\"},\"primaryImageOfPage\":{\"@id\":\"https:\/\/evertonfc.cz\/index.php\/2020\/07\/29\/hladame-redaktora-2\/#primaryimage\"},\"image\":{\"@id\":\"https:\/\/evertonfc.cz\/index.php\/2020\/07\/29\/hladame-redaktora-2\/#primaryimage\"},\"thumbnailUrl\":\"https:\/\/evertonfc.cz\/wp-content\/uploads\/2019\/07\/inzerat-9-7-2019.png\",\"datePublished\":\"2020-07-29T05:30:17+00:00\",\"dateModified\":\"2020-07-29T06:51:24+00:00\",\"breadcrumb\":{\"@id\":\"https:\/\/evertonfc.cz\/index.php\/2020\/07\/29\/hladame-redaktora-2\/#breadcrumb\"},\"inLanguage\":\"cs\",\"potentialAction\":[{\"@type\":\"ReadAction\",\"target\":[\"https:\/\/evertonfc.cz\/index.php\/2020\/07\/29\/hladame-redaktora-2\/\"]}]},{\"@type\":\"ImageObject\",\"inLanguage\":\"cs\",\"@id\":\"https:\/\/evertonfc.cz\/index.php\/2020\/07\/29\/hladame-redaktora-2\/#primaryimage\",\"url\":\"https:\/\/evertonfc.cz\/wp-content\/uploads\/2019\/07\/inzerat-9-7-2019.png\",\"contentUrl\":\"https:\/\/evertonfc.cz\/wp-content\/uploads\/2019\/07\/inzerat-9-7-2019.png\",\"width\":720,\"height\":405},{\"@type\":\"BreadcrumbList\",\"@id\":\"https:\/\/evertonfc.cz\/index.php\/2020\/07\/29\/hladame-redaktora-2\/#breadcrumb\",\"itemListElement\":[{\"@type\":\"ListItem\",\"position\":1,\"name\":\"Home\",\"item\":\"https:\/\/evertonfc.cz\/\"},{\"@type\":\"ListItem\",\"position\":2,\"name\":\"H\u013ead\u00e1me redaktora\"}]},{\"@type\":\"WebSite\",\"@id\":\"https:\/\/evertonfc.cz\/#website\",\"url\":\"https:\/\/evertonfc.cz\/\",\"name\":\"Official Czech &amp; Slovak Everton Supporters&#039; Club\",\"description\":\"\",\"publisher\":{\"@id\":\"https:\/\/evertonfc.cz\/#organization\"},\"potentialAction\":[{\"@type\":\"SearchAction\",\"target\":{\"@type\":\"EntryPoint\",\"urlTemplate\":\"https:\/\/evertonfc.cz\/?s={search_term_string}\"},\"query-input\":{\"@type\":\"PropertyValueSpecification\",\"valueRequired\":true,\"valueName\":\"search_term_string\"}}],\"inLanguage\":\"cs\"},{\"@type\":\"Organization\",\"@id\":\"https:\/\/evertonfc.cz\/#organization\",\"name\":\"Official Czech & Slovak Everton Supporters' Club\",\"url\":\"https:\/\/evertonfc.cz\/\",\"logo\":{\"@type\":\"ImageObject\",\"inLanguage\":\"cs\",\"@id\":\"https:\/\/evertonfc.cz\/#\/schema\/logo\/image\/\",\"url\":\"https:\/\/evertonfc.cz\/wp-content\/uploads\/2019\/05\/logo.png\",\"contentUrl\":\"https:\/\/evertonfc.cz\/wp-content\/uploads\/2019\/05\/logo.png\",\"width\":112,\"height\":112,\"caption\":\"Official Czech & Slovak Everton Supporters' Club\"},\"image\":{\"@id\":\"https:\/\/evertonfc.cz\/#\/schema\/logo\/image\/\"},\"sameAs\":[\"https:\/\/www.facebook.com\/everton.fans.cz.sk\"]},{\"@type\":\"Person\",\"@id\":\"https:\/\/evertonfc.cz\/#\/schema\/person\/d4493b8cbea51532597fbc4685698916\",\"name\":\"BlueBlooded\",\"url\":\"https:\/\/evertonfc.cz\/index.php\/author\/admin\/\"}]}<\/script>\n<!-- \/ Yoast SEO plugin. -->","yoast_head_json":{"title":"H\u013ead\u00e1me redaktora - Official Czech &amp; Slovak Everton Supporters&#039; Club","robots":{"index":"index","follow":"follow","max-snippet":"max-snippet:-1","max-image-preview":"max-image-preview:large","max-video-preview":"max-video-preview:-1"},"canonical":"https:\/\/evertonfc.cz\/index.php\/2020\/07\/29\/hladame-redaktora-2\/","og_locale":"cs_CZ","og_type":"article","og_title":"H\u013ead\u00e1me redaktora - Official Czech &amp; Slovak Everton Supporters&#039; Club","og_description":"Prijmeme do redakcie nov\u00e9ho \u010dlena. R\u00e1d by si si vyplnil vo\u013en\u00fd \u010das a si fan\u00fa\u0161ikom Evertonu? Tak toto je ponuka \u0161it\u00e1 pre teba. Pridaj sa k n\u00e1m a tvor obsah evertonfc.cz!","og_url":"https:\/\/evertonfc.cz\/index.php\/2020\/07\/29\/hladame-redaktora-2\/","og_site_name":"Official Czech &amp; Slovak Everton Supporters&#039; Club","article_publisher":"https:\/\/www.facebook.com\/everton.fans.cz.sk","article_published_time":"2020-07-29T05:30:17+00:00","article_modified_time":"2020-07-29T06:51:24+00:00","og_image":[{"width":720,"height":405,"url":"https:\/\/evertonfc.cz\/wp-content\/uploads\/2019\/07\/inzerat-9-7-2019.png","type":"image\/png"}],"author":"BlueBlooded","twitter_card":"summary_large_image","twitter_misc":{"Napsal(a)":"BlueBlooded","Odhadovan\u00e1 doba \u010dten\u00ed":"2 minuty"},"schema":{"@context":"https:\/\/schema.org","@graph":[{"@type":"Article","@id":"https:\/\/evertonfc.cz\/index.php\/2020\/07\/29\/hladame-redaktora-2\/#article","isPartOf":{"@id":"https:\/\/evertonfc.cz\/index.php\/2020\/07\/29\/hladame-redaktora-2\/"},"author":{"name":"BlueBlooded","@id":"https:\/\/evertonfc.cz\/#\/schema\/person\/d4493b8cbea51532597fbc4685698916"},"headline":"H\u013ead\u00e1me redaktora","datePublished":"2020-07-29T05:30:17+00:00","dateModified":"2020-07-29T06:51:24+00:00","mainEntityOfPage":{"@id":"https:\/\/evertonfc.cz\/index.php\/2020\/07\/29\/hladame-redaktora-2\/"},"wordCount":485,"commentCount":2,"publisher":{"@id":"https:\/\/evertonfc.cz\/#organization"},"image":{"@id":"https:\/\/evertonfc.cz\/index.php\/2020\/07\/29\/hladame-redaktora-2\/#primaryimage"},"thumbnailUrl":"https:\/\/evertonfc.cz\/wp-content\/uploads\/2019\/07\/inzerat-9-7-2019.png","articleSection":["Supporters' Club"],"inLanguage":"cs","potentialAction":[{"@type":"CommentAction","name":"Comment","target":["https:\/\/evertonfc.cz\/index.php\/2020\/07\/29\/hladame-redaktora-2\/#respond"]}]},{"@type":"WebPage","@id":"https:\/\/evertonfc.cz\/index.php\/2020\/07\/29\/hladame-redaktora-2\/","url":"https:\/\/evertonfc.cz\/index.php\/2020\/07\/29\/hladame-redaktora-2\/","name":"H\u013ead\u00e1me redaktora - Official Czech &amp; Slovak Everton Supporters&#039; Club","isPartOf":{"@id":"https:\/\/evertonfc.cz\/#website"},"primaryImageOfPage":{"@id":"https:\/\/evertonfc.cz\/index.php\/2020\/07\/29\/hladame-redaktora-2\/#primaryimage"},"image":{"@id":"https:\/\/evertonfc.cz\/index.php\/2020\/07\/29\/hladame-redaktora-2\/#primaryimage"},"thumbnailUrl":"https:\/\/evertonfc.cz\/wp-content\/uploads\/2019\/07\/inzerat-9-7-2019.png","datePublished":"2020-07-29T05:30:17+00:00","dateModified":"2020-07-29T06:51:24+00:00","breadcrumb":{"@id":"https:\/\/evertonfc.cz\/index.php\/2020\/07\/29\/hladame-redaktora-2\/#breadcrumb"},"inLanguage":"cs","potentialAction":[{"@type":"ReadAction","target":["https:\/\/evertonfc.cz\/index.php\/2020\/07\/29\/hladame-redaktora-2\/"]}]},{"@type":"ImageObject","inLanguage":"cs","@id":"https:\/\/evertonfc.cz\/index.php\/2020\/07\/29\/hladame-redaktora-2\/#primaryimage","url":"https:\/\/evertonfc.cz\/wp-content\/uploads\/2019\/07\/inzerat-9-7-2019.png","contentUrl":"https:\/\/evertonfc.cz\/wp-content\/uploads\/2019\/07\/inzerat-9-7-2019.png","width":720,"height":405},{"@type":"BreadcrumbList","@id":"https:\/\/evertonfc.cz\/index.php\/2020\/07\/29\/hladame-redaktora-2\/#breadcrumb","itemListElement":[{"@type":"ListItem","position":1,"name":"Home","item":"https:\/\/evertonfc.cz\/"},{"@type":"ListItem","position":2,"name":"H\u013ead\u00e1me redaktora"}]},{"@type":"WebSite","@id":"https:\/\/evertonfc.cz\/#website","url":"https:\/\/evertonfc.cz\/","name":"Official Czech &amp; Slovak Everton Supporters&#039; Club","description":"","publisher":{"@id":"https:\/\/evertonfc.cz\/#organization"},"potentialAction":[{"@type":"SearchAction","target":{"@type":"EntryPoint","urlTemplate":"https:\/\/evertonfc.cz\/?s={search_term_string}"},"query-input":{"@type":"PropertyValueSpecification","valueRequired":true,"valueName":"search_term_string"}}],"inLanguage":"cs"},{"@type":"Organization","@id":"https:\/\/evertonfc.cz\/#organization","name":"Official Czech & Slovak Everton Supporters' Club","url":"https:\/\/evertonfc.cz\/","logo":{"@type":"ImageObject","inLanguage":"cs","@id":"https:\/\/evertonfc.cz\/#\/schema\/logo\/image\/","url":"https:\/\/evertonfc.cz\/wp-content\/uploads\/2019\/05\/logo.png","contentUrl":"https:\/\/evertonfc.cz\/wp-content\/uploads\/2019\/05\/logo.png","width":112,"height":112,"caption":"Official Czech & Slovak Everton Supporters' Club"},"image":{"@id":"https:\/\/evertonfc.cz\/#\/schema\/logo\/image\/"},"sameAs":["https:\/\/www.facebook.com\/everton.fans.cz.sk"]},{"@type":"Person","@id":"https:\/\/evertonfc.cz\/#\/schema\/person\/d4493b8cbea51532597fbc4685698916","name":"BlueBlooded","url":"https:\/\/evertonfc.cz\/index.php\/author\/admin\/"}]}},"_links":{"self":[{"href":"https:\/\/evertonfc.cz\/index.php\/wp-json\/wp\/v2\/posts\/11281"}],"collection":[{"href":"https:\/\/evertonfc.cz\/index.php\/wp-json\/wp\/v2\/posts"}],"about":[{"href":"https:\/\/evertonfc.cz\/index.php\/wp-json\/wp\/v2\/types\/post"}],"author":[{"embeddable":true,"href":"https:\/\/evertonfc.cz\/index.php\/wp-json\/wp\/v2\/users\/1"}],"replies":[{"embeddable":true,"href":"https:\/\/evertonfc.cz\/index.php\/wp-json\/wp\/v2\/comments?post=11281"}],"version-history":[{"count":4,"href":"https:\/\/evertonfc.cz\/index.php\/wp-json\/wp\/v2\/posts\/11281\/revisions"}],"predecessor-version":[{"id":11294,"href":"https:\/\/evertonfc.cz\/index.php\/wp-json\/wp\/v2\/posts\/11281\/revisions\/11294"}],"wp:featuredmedia":[{"embeddable":true,"href":"https:\/\/evertonfc.cz\/index.php\/wp-json\/wp\/v2\/media\/8388"}],"wp:attachment":[{"href":"https:\/\/evertonfc.cz\/index.php\/wp-json\/wp\/v2\/media?parent=11281"}],"wp:term":[{"taxonomy":"category","embeddable":true,"href":"https:\/\/evertonfc.cz\/index.php\/wp-json\/wp\/v2\/categories?post=11281"},{"taxonomy":"post_tag","embeddable":true,"href":"https:\/\/evertonfc.cz\/index.php\/wp-json\/wp\/v2\/tags?post=11281"}],"curies":[{"name":"wp","href":"https:\/\/api.w.org\/{rel}","templated":true}]}}