{"id":11312,"date":"2020-07-01T12:00:22","date_gmt":"2020-07-01T10:00:22","guid":{"rendered":"https:\/\/evertonfc.cz\/?p=11312"},"modified":"2021-01-27T11:07:34","modified_gmt":"2021-01-27T10:07:34","slug":"preview-everton-leicester-city-6","status":"publish","type":"post","link":"https:\/\/evertonfc.cz\/index.php\/2020\/07\/01\/preview-everton-leicester-city-6\/","title":{"rendered":"Preview: Everton \u2013 Leicester City"},"content":{"rendered":"<h4>Karamelky na posun v\u00a0tabu\u013eke potrebuj\u00fa bodova\u0165 aj s\u00a0t\u00edmom na tretej prie\u010dke. Obzvl\u00e1\u0161\u0165, ak s\u00faper nem\u00e1 pr\u00e1ve formu. Podar\u00ed sa doma nadviaza\u0165 na v\u00fdhru v\u00a0Norwichi?<\/h4>\n<p>Everton si z tr\u00e1vnika na Carrow Road odviezol cenn\u00e9 tri body. V\u00ed\u0165azstvo bolo s\u00edce tesn\u00e9, nezav\u00e1hanie sa v\u0161ak po\u010d\u00edta, nech je ak\u00e9ko\u013evek. Od re\u0161tartu ligy teda m\u00f4\u017eeme n\u00e1js\u0165 r\u00f4zne pozit\u00edva. Napr\u00edklad \u017eiadne zranenia a pevn\u00e1 obrana. T\u00e1 rezultuje v \u010dist\u00e9 kont\u00e1, za ktor\u00e9 v\u010fa\u010d\u00ed aj skvel\u00e9mu zvl\u00e1dnutiu \u0161tandardn\u00fdch situ\u00e1cii. Tie m\u00e1 na starosti v tr\u00e9ningu aj asistent Davide Ancelotti, syn mana\u017e\u00e9ra Carla.<\/p>\n<p>Jeho pokyny n\u00e1behov na predn\u00fa ty\u010d, docie\u013euj\u00fa pred\u013a\u017eenie lopty z\u00a0rohov\u00e9ho kopu a\u017e do okolia mal\u00e9ho v\u00e1pna, kde sp\u00f4sobuj\u00fa zm\u00e4tok. U\u017e samotn\u00fd n\u00e1beh, s\u00a0dotykom alebo nie, je no\u010dnou morou pre br\u00e1niaci t\u00edm. V\u00a0kontexte toho, The Toffees si prip\u00edsali v\u010faka Keaneovi u\u017e desiaty g\u00f3l zo \u0161tandardky v\u00a0tejto sez\u00f3ne. A\u00a0aby sme to pod\u010diarkli, A\u017e sedem z\u00a0nich padlo po pr\u00edchode Ancelottiho dru\u017einy.<\/p>\n<h4><strong>Zranenia a novinky zo \u0161atne<\/strong><\/h4>\n<p>Virtu\u00e1lna tla\u010dov\u00e1 konferencia prezradila, \u017ee stop\u00e9r Yerry Mina je op\u00e4\u0165 pripraven\u00fd nast\u00fapi\u0165. Ten si na za\u010diatku j\u00fana nadtrhol stehenn\u00fd sval a\u00a0o\u010dak\u00e1valo sa, \u017ee nestihne ani koniec sez\u00f3ny. Djibril Sidib\u00e9 by sa mal do tr\u00e9ningu vr\u00e1ti\u0165 v\u00a0piatok a\u00a0Theo Walcott a\u017e v\u00a0pondelok, Spurs teda nestihn\u00fa. Stredopoliar Fabian Delph je st\u00e1le zranen\u00fd a\u00a0podstupuje individu\u00e1lnu lie\u010dbu. Term\u00edn jeho n\u00e1vratu je st\u00e1le nezn\u00e1my.<\/p>\n<p>Nov\u00fd kontrakt si st\u00e1le nerozmyslel Leighton Baines. Vraj a\u017e po sez\u00f3ne. Nezhody pri zmluv\u00e1ch nastali pri Sandrovom hos\u0165ovan\u00ed v\u00a0\u0160panielsku. Podmienky pred\u013a\u017eenia predstavovali medzi Evertonom a\u00a0Realom Valladolid probl\u00e9m, tak sa mohlo sta\u0165, \u017ee ak obe strany nedospej\u00fa ku kompromisu do konca v\u010deraj\u0161ieho d\u0148a, Sandro by sa dnes vr\u00e1til na Merseyside. Ale pri\u0161lo k\u00a0dohode a\u00a0hr\u00e1\u010d tam ost\u00e1va.<\/p>\n<p>Nie\u010do by o tom vedel poveda\u0165 aj Bolasie. Ten nepred\u013a\u017eil svoje hos\u0165ovanie v Sportingu. Po vypuknut\u00ed pand\u00e9mie COVID-19 sa vr\u00e1til do Anglicka, kde aj ostal. Aktu\u00e1lne s t\u00edmom netr\u00e9nuje kv\u00f4li nesp\u00f4sobilosti zasiahnu\u0165 do zvy\u0161ku sez\u00f3ny Evertonu a obmedzen\u00e9mu po\u010dtu hr\u00e1\u010dov na Finch Farm z hygienick\u00fdch d\u00f4vodov. Udr\u017euje sa v\u0161ak fit doma a d\u00fafa, \u017ee po sez\u00f3ne sa znova pripoj\u00ed k t\u00edmu. Vraj sa nevie do\u010dka\u0165 modr\u00e9ho dresu&#8230;<\/p>\n<p>Kenny sa po skon\u010den\u00ed sez\u00f3ny v Schalke vyjadril, \u017ee nem\u00e1 st\u00e1le \u017eiadne inform\u00e1cie od Evetonu, \u010do sa t\u00fdka jeho bud\u00facnosti, ale vraj ch\u00e1pe, \u017ee v tomto \u0161t\u00e1diu re\u0161tartu ligy bude na to \u010das nesk\u00f4r. Jeho slov\u00e1 potvrdil aj Ancelotti.<\/p>\n<p>Na z\u00e1ver od\u013eah\u010denie. Po\u010das tla\u010dovky sa jeden novin\u00e1r sp\u00fdtal Carla, pre\u010do sa rozhodol po 11 rokoch prepusti\u0165 Lukea Garbutta. Prekvapen\u00fd Talian nech\u00e1pal, na koho sa p\u00fdta a\u00a0tak vznikla komick\u00e1 situ\u00e1cia. \u013dav\u00fd obranca, ktor\u00fd posledn\u00fd rok na zmluve s\u00a0Evertonom str\u00e1vil na hos\u0165ovan\u00ed v\u00a0Ipswich Town, to zobral s\u00a0humorom.<\/p>\n<blockquote class=\"twitter-tweet\" data-width=\"550\" data-dnt=\"true\">\n<p lang=\"en\" dir=\"ltr\">It\u2019s not his fault its the clubs however it\u2019s a belter tho ???? <a href=\"https:\/\/t.co\/04DUp6M20Q\">https:\/\/t.co\/04DUp6M20Q<\/a><\/p>\n<p>&mdash; Luke Garbutt (@luke_garbutt) <a href=\"https:\/\/twitter.com\/luke_garbutt\/status\/1277992810180943872?ref_src=twsrc%5Etfw\">June 30, 2020<\/a><\/p><\/blockquote>\n<p><script async src=\"https:\/\/platform.twitter.com\/widgets.js\" charset=\"utf-8\"><\/script><\/p>\n<h4><strong>The Foxes<\/strong><\/h4>\n<p>L\u00ed\u0161ky s\u00fa na najlep\u0161ej ceste zaknihova\u0165 tretiu najlep\u0161iu sez\u00f3nu v\u00a0hist\u00f3rii klubu. V\u00a0tabu\u013eke s\u00fa na tre\u0165om mieste, len bod pred Chelsea. Bude to ale sta\u010di\u0165? Ich forma napoved\u00e1, \u017ee nie. V\u00a0lige vyhrali z\u00a0posledn\u00fdch desiatich duelov len dvakr\u00e1t a\u00a0po re\u0161tarte im karta v\u00f4bec nejde. Mo\u017en\u00fdm d\u00f4vodom je aj nesk\u00fasen\u00e9 mu\u017estvo.<\/p>\n<p>Maddison, Tielemans, Barnes \u010di Chilwell maj\u00fa v\u0161etci do 23 rokov a\u00a0s\u00fa dop\u013a\u0148an\u00fd h\u0155stkou harcovn\u00edkov ako Vardy, Schmeichel a\u00a0Evans. A\u00a0hoci prv\u00fd menovan\u00fd harcovn\u00edk vedie listinu kr\u00e1\u013ea strelcov, aktu\u00e1lne mu nem\u00e1 kto nab\u00edja\u0165. A\u00a0pri tom Maddison bol v\u00a0minulom ro\u010dn\u00edku najkreat\u00edvnej\u0161\u00ed hr\u00e1\u010d v\u00a0Eur\u00f3pe.<\/p>\n<p>Pr\u00e1zdne trib\u00fany by preto mali vyhovova\u0165 viac dom\u00e1cim. T\u00ed sa aj tak spoliehaj\u00fa, \u017ee ot\u00e1zny Maddison nenast\u00fapi kv\u00f4li zraneniu bedra. Stretnutie tie\u017e vynechaj\u00fa Amartey pre \u010dlenok a Pereira pre achilovku.<\/p>\n<h3 style=\"text-align: center;\"><span style=\"color: #3366ff;\"><strong><em>Up The Toffees !!!<\/em><\/strong><\/span><\/h3>\n<p><u>Forma s\u00fapera:<\/u><\/p>\n<table class=\"head_to_head h2h_away\" style=\"width: 105.467%;\">\n<tbody>\n<tr class=\"odd highlight\">\n<td style=\"width: 21.2%;\"><span class=\"date\">28.06.20<\/span><\/td>\n<td class=\"flag_td \" style=\"width: 11.6%;\" title=\"FA Cup (Anglicko)\">FAC<\/td>\n<td class=\"name highTeam\" style=\"width: 22.5333%;\">Leicester<\/td>\n<td class=\"name\" style=\"width: 27.7333%;\"><strong>Chelsea<\/strong><\/td>\n<td class=\"\" style=\"width: 12.6667%;\"><span class=\"score\"><strong>0 : 1<\/strong><\/span><\/td>\n<\/tr>\n<tr class=\"even highlight\">\n<td style=\"width: 21.2%;\"><span class=\"date\">23.06.20<\/span><\/td>\n<td class=\"flag_td \" style=\"width: 11.6%;\" title=\"Premier League (Anglicko)\">PL<\/td>\n<td class=\"name highTeam\" style=\"width: 22.5333%;\">Leicester<\/td>\n<td class=\"name\" style=\"width: 27.7333%;\">Brighton<\/td>\n<td class=\"\" style=\"width: 12.6667%;\"><span class=\"score\"><strong>0 : 0<\/strong><\/span><\/td>\n<\/tr>\n<tr class=\"odd highlight\">\n<td style=\"width: 21.2%;\"><span class=\"date\">20.06.20<\/span><\/td>\n<td class=\"flag_td \" style=\"width: 11.6%;\" title=\"Premier League (Anglicko)\">PL<\/td>\n<td class=\"name\" style=\"width: 22.5333%;\">Watford<\/td>\n<td class=\"name highTeam\" style=\"width: 27.7333%;\">Leicester<\/td>\n<td class=\"\" style=\"width: 12.6667%;\"><span class=\"score\"><strong>1 : 1<\/strong><\/span><\/td>\n<\/tr>\n<tr class=\"even highlight\">\n<td style=\"width: 21.2%;\"><span class=\"date\">09.03.20<\/span><\/td>\n<td class=\"flag_td \" style=\"width: 11.6%;\" title=\"Premier League (Anglicko)\">PL<\/td>\n<td class=\"name highTeam\" style=\"width: 22.5333%;\"><strong>Leicester<\/strong><\/td>\n<td class=\"name\" style=\"width: 27.7333%;\">Aston Villa<\/td>\n<td class=\"\" style=\"width: 12.6667%;\"><span class=\"score\"><strong>4 : 0<\/strong><\/span><\/td>\n<\/tr>\n<tr class=\"odd highlight highlighted\" title=\"Klikni pre detail z\u00e1pasu!\">\n<td style=\"width: 21.2%;\"><span class=\"date\">04.03.20<\/span><\/td>\n<td class=\"flag_td \" style=\"width: 11.6%;\" title=\"FA Cup (Anglicko)\">FAC<\/td>\n<td class=\"name highTeam\" style=\"width: 22.5333%;\"><strong>Leicester<\/strong><\/td>\n<td class=\"name\" style=\"width: 27.7333%;\">Birmingham<\/td>\n<td class=\"\" style=\"width: 12.6667%;\"><span class=\"score\"><strong>1 : 0<\/strong><\/span><\/td>\n<\/tr>\n<\/tbody>\n<\/table>\n<hr \/>\n<p><strong>\u010co:<\/strong> Leicester City FC \u2013 Everton FC, 32. kolo Premier League<br \/>\n<strong>Kedy:<\/strong> 1.7. 2020 od 19:00 SE\u010c<br \/>\n<strong>Ako:<\/strong> \u017eiadny priamy prenos<br \/>\n<strong>Kde:<\/strong> Goodison Park \u2013 Goodison Rd, Liverpool L4 4EL (bez div\u00e1kov)<br \/>\n<strong>Rozhodca:<\/strong> David Coote <strong>Asistenti:<\/strong> M. Perry, N. Hopton <strong>\u0160tvrt\u00fd rozhodca:<\/strong> M. Donohue<br \/>\n<strong>VAR: <\/strong>C. Pawson <strong>Asistent VAR: <\/strong>S. Long <strong>N\u00e1hradn\u00fd rozhodca: <\/strong>R. Merchant<\/p>\n","protected":false},"excerpt":{"rendered":"<p>Karamelky na posun v tabu\u013eke potrebuj\u00fa bodova\u0165 aj s t\u00edmom na tretej prie\u010dke. Obzvl\u00e1\u0161\u0165, ak s\u00faper nem\u00e1 pr\u00e1ve formu. Podar\u00ed sa doma nadviaza\u0165 na v\u00fdhru v Norwichi?<\/p>\n","protected":false},"author":1,"featured_media":13721,"comment_status":"open","ping_status":"closed","sticky":false,"template":"","format":"standard","meta":{"_eb_attr":"","_monsterinsights_skip_tracking":false,"_monsterinsights_sitenote_active":false,"_monsterinsights_sitenote_note":"","_monsterinsights_sitenote_category":0,"footnotes":""},"categories":[4],"tags":[],"yoast_head":"<!-- This site is optimized with the Yoast SEO plugin v23.4 - https:\/\/yoast.com\/wordpress\/plugins\/seo\/ -->\n<title>Preview: Everton \u2013 Leicester City - Official Czech &amp; Slovak Everton Supporters&#039; Club<\/title>\n<meta name=\"robots\" content=\"index, follow, max-snippet:-1, max-image-preview:large, max-video-preview:-1\" \/>\n<link rel=\"canonical\" href=\"https:\/\/evertonfc.cz\/index.php\/2020\/07\/01\/preview-everton-leicester-city-6\/\" \/>\n<meta property=\"og:locale\" content=\"cs_CZ\" \/>\n<meta property=\"og:type\" content=\"article\" \/>\n<meta property=\"og:title\" content=\"Preview: Everton \u2013 Leicester City - Official Czech &amp; Slovak Everton Supporters&#039; Club\" \/>\n<meta property=\"og:description\" content=\"Karamelky na posun v tabu\u013eke potrebuj\u00fa bodova\u0165 aj s t\u00edmom na tretej prie\u010dke. Obzvl\u00e1\u0161\u0165, ak s\u00faper nem\u00e1 pr\u00e1ve formu. Podar\u00ed sa doma nadviaza\u0165 na v\u00fdhru v Norwichi?\" \/>\n<meta property=\"og:url\" content=\"https:\/\/evertonfc.cz\/index.php\/2020\/07\/01\/preview-everton-leicester-city-6\/\" \/>\n<meta property=\"og:site_name\" content=\"Official Czech &amp; Slovak Everton Supporters&#039; Club\" \/>\n<meta property=\"article:publisher\" content=\"https:\/\/www.facebook.com\/everton.fans.cz.sk\" \/>\n<meta property=\"article:published_time\" content=\"2020-07-01T10:00:22+00:00\" \/>\n<meta property=\"article:modified_time\" content=\"2021-01-27T10:07:34+00:00\" \/>\n<meta property=\"og:image\" content=\"https:\/\/evertonfc.cz\/wp-content\/uploads\/2021\/01\/Everton-VS-Leicester-City-NIGHT.jpg\" \/>\n\t<meta property=\"og:image:width\" content=\"720\" \/>\n\t<meta property=\"og:image:height\" content=\"405\" \/>\n\t<meta property=\"og:image:type\" content=\"image\/jpeg\" \/>\n<meta name=\"author\" content=\"BlueBlooded\" \/>\n<meta name=\"twitter:card\" content=\"summary_large_image\" \/>\n<meta name=\"twitter:label1\" content=\"Napsal(a)\" \/>\n\t<meta name=\"twitter:data1\" content=\"BlueBlooded\" \/>\n\t<meta name=\"twitter:label2\" content=\"Odhadovan\u00e1 doba \u010dten\u00ed\" \/>\n\t<meta name=\"twitter:data2\" content=\"4 minuty\" \/>\n<script type=\"application\/ld+json\" class=\"yoast-schema-graph\">{\"@context\":\"https:\/\/schema.org\",\"@graph\":[{\"@type\":\"Article\",\"@id\":\"https:\/\/evertonfc.cz\/index.php\/2020\/07\/01\/preview-everton-leicester-city-6\/#article\",\"isPartOf\":{\"@id\":\"https:\/\/evertonfc.cz\/index.php\/2020\/07\/01\/preview-everton-leicester-city-6\/\"},\"author\":{\"name\":\"BlueBlooded\",\"@id\":\"https:\/\/evertonfc.cz\/#\/schema\/person\/d4493b8cbea51532597fbc4685698916\"},\"headline\":\"Preview: Everton \u2013 Leicester City\",\"datePublished\":\"2020-07-01T10:00:22+00:00\",\"dateModified\":\"2021-01-27T10:07:34+00:00\",\"mainEntityOfPage\":{\"@id\":\"https:\/\/evertonfc.cz\/index.php\/2020\/07\/01\/preview-everton-leicester-city-6\/\"},\"wordCount\":806,\"commentCount\":6,\"publisher\":{\"@id\":\"https:\/\/evertonfc.cz\/#organization\"},\"image\":{\"@id\":\"https:\/\/evertonfc.cz\/index.php\/2020\/07\/01\/preview-everton-leicester-city-6\/#primaryimage\"},\"thumbnailUrl\":\"https:\/\/evertonfc.cz\/wp-content\/uploads\/2021\/01\/Everton-VS-Leicester-City-NIGHT.jpg\",\"articleSection\":[\"Z\u00e1pasy\"],\"inLanguage\":\"cs\",\"potentialAction\":[{\"@type\":\"CommentAction\",\"name\":\"Comment\",\"target\":[\"https:\/\/evertonfc.cz\/index.php\/2020\/07\/01\/preview-everton-leicester-city-6\/#respond\"]}]},{\"@type\":\"WebPage\",\"@id\":\"https:\/\/evertonfc.cz\/index.php\/2020\/07\/01\/preview-everton-leicester-city-6\/\",\"url\":\"https:\/\/evertonfc.cz\/index.php\/2020\/07\/01\/preview-everton-leicester-city-6\/\",\"name\":\"Preview: Everton \u2013 Leicester City - Official Czech &amp; Slovak Everton Supporters&#039; Club\",\"isPartOf\":{\"@id\":\"https:\/\/evertonfc.cz\/#website\"},\"primaryImageOfPage\":{\"@id\":\"https:\/\/evertonfc.cz\/index.php\/2020\/07\/01\/preview-everton-leicester-city-6\/#primaryimage\"},\"image\":{\"@id\":\"https:\/\/evertonfc.cz\/index.php\/2020\/07\/01\/preview-everton-leicester-city-6\/#primaryimage\"},\"thumbnailUrl\":\"https:\/\/evertonfc.cz\/wp-content\/uploads\/2021\/01\/Everton-VS-Leicester-City-NIGHT.jpg\",\"datePublished\":\"2020-07-01T10:00:22+00:00\",\"dateModified\":\"2021-01-27T10:07:34+00:00\",\"breadcrumb\":{\"@id\":\"https:\/\/evertonfc.cz\/index.php\/2020\/07\/01\/preview-everton-leicester-city-6\/#breadcrumb\"},\"inLanguage\":\"cs\",\"potentialAction\":[{\"@type\":\"ReadAction\",\"target\":[\"https:\/\/evertonfc.cz\/index.php\/2020\/07\/01\/preview-everton-leicester-city-6\/\"]}]},{\"@type\":\"ImageObject\",\"inLanguage\":\"cs\",\"@id\":\"https:\/\/evertonfc.cz\/index.php\/2020\/07\/01\/preview-everton-leicester-city-6\/#primaryimage\",\"url\":\"https:\/\/evertonfc.cz\/wp-content\/uploads\/2021\/01\/Everton-VS-Leicester-City-NIGHT.jpg\",\"contentUrl\":\"https:\/\/evertonfc.cz\/wp-content\/uploads\/2021\/01\/Everton-VS-Leicester-City-NIGHT.jpg\",\"width\":720,\"height\":405},{\"@type\":\"BreadcrumbList\",\"@id\":\"https:\/\/evertonfc.cz\/index.php\/2020\/07\/01\/preview-everton-leicester-city-6\/#breadcrumb\",\"itemListElement\":[{\"@type\":\"ListItem\",\"position\":1,\"name\":\"Home\",\"item\":\"https:\/\/evertonfc.cz\/\"},{\"@type\":\"ListItem\",\"position\":2,\"name\":\"Preview: Everton \u2013 Leicester City\"}]},{\"@type\":\"WebSite\",\"@id\":\"https:\/\/evertonfc.cz\/#website\",\"url\":\"https:\/\/evertonfc.cz\/\",\"name\":\"Official Czech &amp; Slovak Everton Supporters&#039; Club\",\"description\":\"\",\"publisher\":{\"@id\":\"https:\/\/evertonfc.cz\/#organization\"},\"potentialAction\":[{\"@type\":\"SearchAction\",\"target\":{\"@type\":\"EntryPoint\",\"urlTemplate\":\"https:\/\/evertonfc.cz\/?s={search_term_string}\"},\"query-input\":{\"@type\":\"PropertyValueSpecification\",\"valueRequired\":true,\"valueName\":\"search_term_string\"}}],\"inLanguage\":\"cs\"},{\"@type\":\"Organization\",\"@id\":\"https:\/\/evertonfc.cz\/#organization\",\"name\":\"Official Czech & Slovak Everton Supporters' Club\",\"url\":\"https:\/\/evertonfc.cz\/\",\"logo\":{\"@type\":\"ImageObject\",\"inLanguage\":\"cs\",\"@id\":\"https:\/\/evertonfc.cz\/#\/schema\/logo\/image\/\",\"url\":\"https:\/\/evertonfc.cz\/wp-content\/uploads\/2019\/05\/logo.png\",\"contentUrl\":\"https:\/\/evertonfc.cz\/wp-content\/uploads\/2019\/05\/logo.png\",\"width\":112,\"height\":112,\"caption\":\"Official Czech & Slovak Everton Supporters' Club\"},\"image\":{\"@id\":\"https:\/\/evertonfc.cz\/#\/schema\/logo\/image\/\"},\"sameAs\":[\"https:\/\/www.facebook.com\/everton.fans.cz.sk\"]},{\"@type\":\"Person\",\"@id\":\"https:\/\/evertonfc.cz\/#\/schema\/person\/d4493b8cbea51532597fbc4685698916\",\"name\":\"BlueBlooded\",\"url\":\"https:\/\/evertonfc.cz\/index.php\/author\/admin\/\"}]}<\/script>\n<!-- \/ Yoast SEO plugin. -->","yoast_head_json":{"title":"Preview: Everton \u2013 Leicester City - Official Czech &amp; Slovak Everton Supporters&#039; Club","robots":{"index":"index","follow":"follow","max-snippet":"max-snippet:-1","max-image-preview":"max-image-preview:large","max-video-preview":"max-video-preview:-1"},"canonical":"https:\/\/evertonfc.cz\/index.php\/2020\/07\/01\/preview-everton-leicester-city-6\/","og_locale":"cs_CZ","og_type":"article","og_title":"Preview: Everton \u2013 Leicester City - Official Czech &amp; Slovak Everton Supporters&#039; Club","og_description":"Karamelky na posun v tabu\u013eke potrebuj\u00fa bodova\u0165 aj s t\u00edmom na tretej prie\u010dke. Obzvl\u00e1\u0161\u0165, ak s\u00faper nem\u00e1 pr\u00e1ve formu. Podar\u00ed sa doma nadviaza\u0165 na v\u00fdhru v Norwichi?","og_url":"https:\/\/evertonfc.cz\/index.php\/2020\/07\/01\/preview-everton-leicester-city-6\/","og_site_name":"Official Czech &amp; Slovak Everton Supporters&#039; Club","article_publisher":"https:\/\/www.facebook.com\/everton.fans.cz.sk","article_published_time":"2020-07-01T10:00:22+00:00","article_modified_time":"2021-01-27T10:07:34+00:00","og_image":[{"width":720,"height":405,"url":"https:\/\/evertonfc.cz\/wp-content\/uploads\/2021\/01\/Everton-VS-Leicester-City-NIGHT.jpg","type":"image\/jpeg"}],"author":"BlueBlooded","twitter_card":"summary_large_image","twitter_misc":{"Napsal(a)":"BlueBlooded","Odhadovan\u00e1 doba \u010dten\u00ed":"4 minuty"},"schema":{"@context":"https:\/\/schema.org","@graph":[{"@type":"Article","@id":"https:\/\/evertonfc.cz\/index.php\/2020\/07\/01\/preview-everton-leicester-city-6\/#article","isPartOf":{"@id":"https:\/\/evertonfc.cz\/index.php\/2020\/07\/01\/preview-everton-leicester-city-6\/"},"author":{"name":"BlueBlooded","@id":"https:\/\/evertonfc.cz\/#\/schema\/person\/d4493b8cbea51532597fbc4685698916"},"headline":"Preview: Everton \u2013 Leicester City","datePublished":"2020-07-01T10:00:22+00:00","dateModified":"2021-01-27T10:07:34+00:00","mainEntityOfPage":{"@id":"https:\/\/evertonfc.cz\/index.php\/2020\/07\/01\/preview-everton-leicester-city-6\/"},"wordCount":806,"commentCount":6,"publisher":{"@id":"https:\/\/evertonfc.cz\/#organization"},"image":{"@id":"https:\/\/evertonfc.cz\/index.php\/2020\/07\/01\/preview-everton-leicester-city-6\/#primaryimage"},"thumbnailUrl":"https:\/\/evertonfc.cz\/wp-content\/uploads\/2021\/01\/Everton-VS-Leicester-City-NIGHT.jpg","articleSection":["Z\u00e1pasy"],"inLanguage":"cs","potentialAction":[{"@type":"CommentAction","name":"Comment","target":["https:\/\/evertonfc.cz\/index.php\/2020\/07\/01\/preview-everton-leicester-city-6\/#respond"]}]},{"@type":"WebPage","@id":"https:\/\/evertonfc.cz\/index.php\/2020\/07\/01\/preview-everton-leicester-city-6\/","url":"https:\/\/evertonfc.cz\/index.php\/2020\/07\/01\/preview-everton-leicester-city-6\/","name":"Preview: Everton \u2013 Leicester City - Official Czech &amp; Slovak Everton Supporters&#039; Club","isPartOf":{"@id":"https:\/\/evertonfc.cz\/#website"},"primaryImageOfPage":{"@id":"https:\/\/evertonfc.cz\/index.php\/2020\/07\/01\/preview-everton-leicester-city-6\/#primaryimage"},"image":{"@id":"https:\/\/evertonfc.cz\/index.php\/2020\/07\/01\/preview-everton-leicester-city-6\/#primaryimage"},"thumbnailUrl":"https:\/\/evertonfc.cz\/wp-content\/uploads\/2021\/01\/Everton-VS-Leicester-City-NIGHT.jpg","datePublished":"2020-07-01T10:00:22+00:00","dateModified":"2021-01-27T10:07:34+00:00","breadcrumb":{"@id":"https:\/\/evertonfc.cz\/index.php\/2020\/07\/01\/preview-everton-leicester-city-6\/#breadcrumb"},"inLanguage":"cs","potentialAction":[{"@type":"ReadAction","target":["https:\/\/evertonfc.cz\/index.php\/2020\/07\/01\/preview-everton-leicester-city-6\/"]}]},{"@type":"ImageObject","inLanguage":"cs","@id":"https:\/\/evertonfc.cz\/index.php\/2020\/07\/01\/preview-everton-leicester-city-6\/#primaryimage","url":"https:\/\/evertonfc.cz\/wp-content\/uploads\/2021\/01\/Everton-VS-Leicester-City-NIGHT.jpg","contentUrl":"https:\/\/evertonfc.cz\/wp-content\/uploads\/2021\/01\/Everton-VS-Leicester-City-NIGHT.jpg","width":720,"height":405},{"@type":"BreadcrumbList","@id":"https:\/\/evertonfc.cz\/index.php\/2020\/07\/01\/preview-everton-leicester-city-6\/#breadcrumb","itemListElement":[{"@type":"ListItem","position":1,"name":"Home","item":"https:\/\/evertonfc.cz\/"},{"@type":"ListItem","position":2,"name":"Preview: Everton \u2013 Leicester City"}]},{"@type":"WebSite","@id":"https:\/\/evertonfc.cz\/#website","url":"https:\/\/evertonfc.cz\/","name":"Official Czech &amp; Slovak Everton Supporters&#039; Club","description":"","publisher":{"@id":"https:\/\/evertonfc.cz\/#organization"},"potentialAction":[{"@type":"SearchAction","target":{"@type":"EntryPoint","urlTemplate":"https:\/\/evertonfc.cz\/?s={search_term_string}"},"query-input":{"@type":"PropertyValueSpecification","valueRequired":true,"valueName":"search_term_string"}}],"inLanguage":"cs"},{"@type":"Organization","@id":"https:\/\/evertonfc.cz\/#organization","name":"Official Czech & Slovak Everton Supporters' Club","url":"https:\/\/evertonfc.cz\/","logo":{"@type":"ImageObject","inLanguage":"cs","@id":"https:\/\/evertonfc.cz\/#\/schema\/logo\/image\/","url":"https:\/\/evertonfc.cz\/wp-content\/uploads\/2019\/05\/logo.png","contentUrl":"https:\/\/evertonfc.cz\/wp-content\/uploads\/2019\/05\/logo.png","width":112,"height":112,"caption":"Official Czech & Slovak Everton Supporters' Club"},"image":{"@id":"https:\/\/evertonfc.cz\/#\/schema\/logo\/image\/"},"sameAs":["https:\/\/www.facebook.com\/everton.fans.cz.sk"]},{"@type":"Person","@id":"https:\/\/evertonfc.cz\/#\/schema\/person\/d4493b8cbea51532597fbc4685698916","name":"BlueBlooded","url":"https:\/\/evertonfc.cz\/index.php\/author\/admin\/"}]}},"_links":{"self":[{"href":"https:\/\/evertonfc.cz\/index.php\/wp-json\/wp\/v2\/posts\/11312"}],"collection":[{"href":"https:\/\/evertonfc.cz\/index.php\/wp-json\/wp\/v2\/posts"}],"about":[{"href":"https:\/\/evertonfc.cz\/index.php\/wp-json\/wp\/v2\/types\/post"}],"author":[{"embeddable":true,"href":"https:\/\/evertonfc.cz\/index.php\/wp-json\/wp\/v2\/users\/1"}],"replies":[{"embeddable":true,"href":"https:\/\/evertonfc.cz\/index.php\/wp-json\/wp\/v2\/comments?post=11312"}],"version-history":[{"count":4,"href":"https:\/\/evertonfc.cz\/index.php\/wp-json\/wp\/v2\/posts\/11312\/revisions"}],"predecessor-version":[{"id":11318,"href":"https:\/\/evertonfc.cz\/index.php\/wp-json\/wp\/v2\/posts\/11312\/revisions\/11318"}],"wp:featuredmedia":[{"embeddable":true,"href":"https:\/\/evertonfc.cz\/index.php\/wp-json\/wp\/v2\/media\/13721"}],"wp:attachment":[{"href":"https:\/\/evertonfc.cz\/index.php\/wp-json\/wp\/v2\/media?parent=11312"}],"wp:term":[{"taxonomy":"category","embeddable":true,"href":"https:\/\/evertonfc.cz\/index.php\/wp-json\/wp\/v2\/categories?post=11312"},{"taxonomy":"post_tag","embeddable":true,"href":"https:\/\/evertonfc.cz\/index.php\/wp-json\/wp\/v2\/tags?post=11312"}],"curies":[{"name":"wp","href":"https:\/\/api.w.org\/{rel}","templated":true}]}}