{"id":11320,"date":"2020-07-01T21:24:12","date_gmt":"2020-07-01T19:24:12","guid":{"rendered":"https:\/\/evertonfc.cz\/?p=11320"},"modified":"2021-02-08T08:28:54","modified_gmt":"2021-02-08T07:28:54","slug":"everton-leicester-city-2-1","status":"publish","type":"post","link":"https:\/\/evertonfc.cz\/index.php\/2020\/07\/01\/everton-leicester-city-2-1\/","title":{"rendered":"Everton \u2013 Leicester City 2:1"},"content":{"rendered":"<h4>Snov\u00fd prvn\u00ed polo\u010das a o pozn\u00e1n\u00ed slab\u0161\u00ed druh\u00fd sta\u010dily v sou\u010dtu na cenn\u00e9 v\u00edt\u011bzstv\u00ed. T\u0159et\u00ed Foxes odjeli z pust\u00e9ho Goodison Parku s pr\u00e1zdnou.<\/h4>\n<p>Carlo Ancelotti provedl v z\u00e1kladn\u00ed sestav\u011b dv\u011b hr\u00e1\u010dsk\u00e9 zm\u011bny, kter\u00e9 byly trochu o\u010dek\u00e1van\u00e9. V posledn\u00edm z\u00e1pase s Norwichem nev\u00fdrazn\u00e9 Daviese a Bernarda nahradili Sigurdsson a Gordon. Uzdraven\u00fd Mina usedl p\u0159i form\u011b stopersk\u00e9 dvojice Holgate-Keane pouze na lavi\u010dku n\u00e1hradn\u00edk\u016f.<\/p>\n<p>Toffees vstoupili do utk\u00e1n\u00ed p\u0159\u00edmo skv\u011ble. Od \u00favodu se zhostili taktovky a ji\u017e v 10. minut\u011b otev\u0159eli sk\u00f3re. Po rychl\u00e9 akci na trase Holgate, Digne, Gordon a zakon\u010duj\u00edc\u00ed Richarlison naprosto rozebrali obranu soupe\u0159e &#8211; <strong>1:0<\/strong>. A jednog\u00f3lov\u00e9 veden\u00ed vydr\u017eelo jenom \u0161est minut. Hostuj\u00edc\u00ed Ndidi ve vlastn\u00edm v\u00e1pn\u011b neohraban\u011b zas\u00e1hl rukou m\u00ed\u010d ve v\u00fdskoku a videorozhod\u010d\u00ed Pawson po n\u011bkolikaminutov\u00e9m zkoum\u00e1n\u00ed ud\u011blil pokutov\u00fd kop ve prosp\u011bch Evertonu, v\u016fbec prvn\u00ed v leto\u0161n\u00ed ligov\u00e9 sez\u00f3n\u011b. K b\u00edl\u00e9mu punt\u00edku se postavil Gylfi Sigurdsson a s klidem seversk\u00e9ho mu\u017ee sk\u00f3roval &#8211; <strong>2:0<\/strong>.<\/p>\n<p>Ve zbytku prvn\u00edho polo\u010dasu Toffees a\u017e na p\u00e1r v\u00fdjimek dob\u0159e kontrolovali z\u00e1pas, v nejv\u011bt\u0161\u00ed \u0161anci Foxes na sn\u00ed\u017een\u00ed Pickford hbit\u011b zne\u0161kodnil dor\u00e1\u017eku Evanse.<\/p>\n<p>O polo\u010dasov\u00e9 p\u0159est\u00e1vce se hostuj\u00edc\u00ed mana\u017eer Brendan Rodgers rozhodl zareagovat na nep\u0159\u00edzniv\u00fd stav dvojit\u00fdm st\u0159\u00edd\u00e1n\u00edm, Maddison a Iheanacho nahradili Barnesa a Praeta.<\/p>\n<p>A pr\u00e1v\u011b st\u0159\u00eddaj\u00edc\u00ed Iheanacho sn\u00ed\u017eil u\u017e po \u0161esti minut\u00e1ch pobytu na h\u0159i\u0161ti, sice s po\u0159\u00e1dn\u00fdm \u0161t\u011bst\u00edm, ale sn\u00ed\u017eil. Holgate nepokryl p\u0159i centru do v\u00e1pna Vardyho a voln\u00e9ho m\u00ed\u010de se ihned zmocnil Iheanacho (Keane zaspal p\u0159i br\u00e1n\u011bn\u00ed), kter\u00fd, i kdy\u017e si balon zle zpracoval, sk\u00f3roval pot\u00e9, co ho Holgate trefil ne\u0161ikovn\u00fdm odkopem do hlavy, na\u010de\u017e odraz zapadl za Pickfordova z\u00e1da &#8211; <strong>1:2<\/strong>. Inkasovan\u00e1 branka jako ze sc\u00e9nky Monty Python.<\/p>\n<p>Obdr\u017eenou branku n\u00e1sledovalo zran\u011bn\u00ed Richarlisona po \u017elut\u00e9m Ndidiho faulu a Brazilc\u016fv vynucen\u00fdch odchod ze h\u0159i\u0161t\u011b. Ancelotti s\u00e1hl k nasazen\u00ed st\u0159edopola\u0159e Daviese a z\u00e1rove\u0148 ke zm\u011bn\u011b formace na jednoho \u00fato\u010dn\u00edka s ustaven\u00fdm hlubok\u00fdm blokem. Tom Davies p\u0159itom dostal na starost osobn\u00ed hl\u00edd\u00e1n\u00ed nebezpe\u010dn\u00e9ho Maddisona.<\/p>\n<p>Leicester hrozil hlavn\u011b po trapn\u00fdch zmatc\u00edch v defenziv\u011b Toffees. P\u0159i jednom takov\u00e9m Pickford nezkrotil slab\u00fd p\u0159\u00edzemn\u00ed centr a Keane zachra\u0148oval hrubku sv\u00e9ho g\u00f3lmana na brankov\u00e9 \u010d\u00e1\u0159e. O p\u00e1r minut pozd\u011bji op\u011bt Pickford slab\u011b vyboxoval centr a Iheanacho ke \u0161kodolib\u00e9 radosti dom\u00e1c\u00edch p\u0159est\u0159elil br\u00e1nu zpoza mal\u00e9ho v\u00e1pna.<\/p>\n<p>Panikuj\u00edc\u00ed obranu se Ancelotti odhodlal pos\u00edlit stoperem Minou, kter\u00fd v 68. minut\u011b zastoupil k\u0159\u00eddeln\u00edka Iwobiho. Prav\u00e9 italsk\u00e9 catenaccio nakonec slavilo \u00fasp\u011bch v podob\u011b v\u00fdhry, i proto\u017ee velkou p\u0159\u00edle\u017eitost Leicesteru v nastaven\u00ed zahodil Ayoze Perez.<\/p>\n<p><strong>Branky:<\/strong> 10. Richarlison, 16. Gylfi Sigurdsson (pen.) &#8211; 51. Kelechi Iheanacho<\/p>\n<p><strong>\u017dK:<\/strong> 74. Jordan Pickford &#8211; 54. Onyinye Ndidi<\/p>\n<p><strong>Everton:<\/strong> Jordan Pickford, S\u00e9amus Coleman, Lucas Digne, Michael Keane, Mason Holgate, Gylfi Sigurdsson, Andr\u00e9 Gomes, Alex Iwobi (68. Yerry Mina), Richarlison (57. Tom Davies), Dominic Calvert-Lewin, Anthony Gordon (79. Bernard)<\/p>\n<p><strong>Leicester City:<\/strong> Kasper Schmeichel, Jonny Evans, \u00c7a\u011flar S\u00f6y\u00fcnc\u00fc, Ben Chilwell, James Justin, Mark Albrighton (81. Demarai Gray), Dennis Praet (46. James Maddison), Youri Tielemans (81. Ayoze P\u00e9rez), Onyinye Ndidi, Jamie Vardy, Harvey Barnes (46. Kelechi Iheanacho)<\/p>\n<p><strong>Rozhod\u010d\u00ed:<\/strong> David Coote<\/p>\n<p><strong>Bez div\u00e1k\u016f<\/strong><\/p>\n","protected":false},"excerpt":{"rendered":"<p>Snov\u00fd prvn\u00ed polo\u010das a o pozn\u00e1n\u00ed slab\u0161\u00ed druh\u00fd sta\u010dily v sou\u010dtu na cenn\u00e9 v\u00edt\u011bzstv\u00ed. T\u0159et\u00ed Foxes odjeli z pust\u00e9ho Goodison Parku s pr\u00e1zdnou.<\/p>\n","protected":false},"author":6,"featured_media":11319,"comment_status":"open","ping_status":"closed","sticky":false,"template":"","format":"standard","meta":{"_eb_attr":"","_monsterinsights_skip_tracking":false,"_monsterinsights_sitenote_active":false,"_monsterinsights_sitenote_note":"","_monsterinsights_sitenote_category":0,"footnotes":""},"categories":[4],"tags":[],"yoast_head":"<!-- This site is optimized with the Yoast SEO plugin v23.4 - https:\/\/yoast.com\/wordpress\/plugins\/seo\/ -->\n<title>Everton \u2013 Leicester City 2:1 - Official Czech &amp; Slovak Everton Supporters&#039; Club<\/title>\n<meta name=\"description\" content=\"Snov\u00fd prvn\u00ed polo\u010das a o pozn\u00e1n\u00ed slab\u0161\u00ed druh\u00fd sta\u010dily v sou\u010dtu na cenn\u00e9 v\u00edt\u011bzstv\u00ed. T\u0159et\u00ed Foxes odjeli z pust\u00e9ho Goodison Parku s pr\u00e1zdnou.\" \/>\n<meta name=\"robots\" content=\"index, follow, max-snippet:-1, max-image-preview:large, max-video-preview:-1\" \/>\n<link rel=\"canonical\" href=\"https:\/\/evertonfc.cz\/index.php\/2020\/07\/01\/everton-leicester-city-2-1\/\" \/>\n<meta property=\"og:locale\" content=\"cs_CZ\" \/>\n<meta property=\"og:type\" content=\"article\" \/>\n<meta property=\"og:title\" content=\"Everton \u2013 Leicester City 2:1 - Official Czech &amp; Slovak Everton Supporters&#039; Club\" \/>\n<meta property=\"og:description\" content=\"Snov\u00fd prvn\u00ed polo\u010das a o pozn\u00e1n\u00ed slab\u0161\u00ed druh\u00fd sta\u010dily v sou\u010dtu na cenn\u00e9 v\u00edt\u011bzstv\u00ed. T\u0159et\u00ed Foxes odjeli z pust\u00e9ho Goodison Parku s pr\u00e1zdnou.\" \/>\n<meta property=\"og:url\" content=\"https:\/\/evertonfc.cz\/index.php\/2020\/07\/01\/everton-leicester-city-2-1\/\" \/>\n<meta property=\"og:site_name\" content=\"Official Czech &amp; Slovak Everton Supporters&#039; Club\" \/>\n<meta property=\"article:publisher\" content=\"https:\/\/www.facebook.com\/everton.fans.cz.sk\" \/>\n<meta property=\"article:published_time\" content=\"2020-07-01T19:24:12+00:00\" \/>\n<meta property=\"article:modified_time\" content=\"2021-02-08T07:28:54+00:00\" \/>\n<meta property=\"og:image\" content=\"https:\/\/evertonfc.cz\/wp-content\/uploads\/2020\/07\/leicester_1_7_2020.jpg\" \/>\n\t<meta property=\"og:image:width\" content=\"720\" \/>\n\t<meta property=\"og:image:height\" content=\"405\" \/>\n\t<meta property=\"og:image:type\" content=\"image\/jpeg\" \/>\n<meta name=\"author\" content=\"Ri\u010di\" \/>\n<meta name=\"twitter:card\" content=\"summary_large_image\" \/>\n<meta name=\"twitter:creator\" content=\"@rbrejsa\" \/>\n<meta name=\"twitter:label1\" content=\"Napsal(a)\" \/>\n\t<meta name=\"twitter:data1\" content=\"Ri\u010di\" \/>\n\t<meta name=\"twitter:label2\" content=\"Odhadovan\u00e1 doba \u010dten\u00ed\" \/>\n\t<meta name=\"twitter:data2\" content=\"3 minuty\" \/>\n<script type=\"application\/ld+json\" class=\"yoast-schema-graph\">{\"@context\":\"https:\/\/schema.org\",\"@graph\":[{\"@type\":\"Article\",\"@id\":\"https:\/\/evertonfc.cz\/index.php\/2020\/07\/01\/everton-leicester-city-2-1\/#article\",\"isPartOf\":{\"@id\":\"https:\/\/evertonfc.cz\/index.php\/2020\/07\/01\/everton-leicester-city-2-1\/\"},\"author\":{\"name\":\"Ri\u010di\",\"@id\":\"https:\/\/evertonfc.cz\/#\/schema\/person\/f7a5daedb2ffee98480bc70e191aaef1\"},\"headline\":\"Everton \u2013 Leicester City 2:1\",\"datePublished\":\"2020-07-01T19:24:12+00:00\",\"dateModified\":\"2021-02-08T07:28:54+00:00\",\"mainEntityOfPage\":{\"@id\":\"https:\/\/evertonfc.cz\/index.php\/2020\/07\/01\/everton-leicester-city-2-1\/\"},\"wordCount\":609,\"commentCount\":3,\"publisher\":{\"@id\":\"https:\/\/evertonfc.cz\/#organization\"},\"image\":{\"@id\":\"https:\/\/evertonfc.cz\/index.php\/2020\/07\/01\/everton-leicester-city-2-1\/#primaryimage\"},\"thumbnailUrl\":\"https:\/\/evertonfc.cz\/wp-content\/uploads\/2020\/07\/leicester_1_7_2020.jpg\",\"articleSection\":[\"Z\u00e1pasy\"],\"inLanguage\":\"cs\",\"potentialAction\":[{\"@type\":\"CommentAction\",\"name\":\"Comment\",\"target\":[\"https:\/\/evertonfc.cz\/index.php\/2020\/07\/01\/everton-leicester-city-2-1\/#respond\"]}]},{\"@type\":\"WebPage\",\"@id\":\"https:\/\/evertonfc.cz\/index.php\/2020\/07\/01\/everton-leicester-city-2-1\/\",\"url\":\"https:\/\/evertonfc.cz\/index.php\/2020\/07\/01\/everton-leicester-city-2-1\/\",\"name\":\"Everton \u2013 Leicester City 2:1 - Official Czech &amp; Slovak Everton Supporters&#039; Club\",\"isPartOf\":{\"@id\":\"https:\/\/evertonfc.cz\/#website\"},\"primaryImageOfPage\":{\"@id\":\"https:\/\/evertonfc.cz\/index.php\/2020\/07\/01\/everton-leicester-city-2-1\/#primaryimage\"},\"image\":{\"@id\":\"https:\/\/evertonfc.cz\/index.php\/2020\/07\/01\/everton-leicester-city-2-1\/#primaryimage\"},\"thumbnailUrl\":\"https:\/\/evertonfc.cz\/wp-content\/uploads\/2020\/07\/leicester_1_7_2020.jpg\",\"datePublished\":\"2020-07-01T19:24:12+00:00\",\"dateModified\":\"2021-02-08T07:28:54+00:00\",\"description\":\"Snov\u00fd prvn\u00ed polo\u010das a o pozn\u00e1n\u00ed slab\u0161\u00ed druh\u00fd sta\u010dily v sou\u010dtu na cenn\u00e9 v\u00edt\u011bzstv\u00ed. T\u0159et\u00ed Foxes odjeli z pust\u00e9ho Goodison Parku s pr\u00e1zdnou.\",\"breadcrumb\":{\"@id\":\"https:\/\/evertonfc.cz\/index.php\/2020\/07\/01\/everton-leicester-city-2-1\/#breadcrumb\"},\"inLanguage\":\"cs\",\"potentialAction\":[{\"@type\":\"ReadAction\",\"target\":[\"https:\/\/evertonfc.cz\/index.php\/2020\/07\/01\/everton-leicester-city-2-1\/\"]}]},{\"@type\":\"ImageObject\",\"inLanguage\":\"cs\",\"@id\":\"https:\/\/evertonfc.cz\/index.php\/2020\/07\/01\/everton-leicester-city-2-1\/#primaryimage\",\"url\":\"https:\/\/evertonfc.cz\/wp-content\/uploads\/2020\/07\/leicester_1_7_2020.jpg\",\"contentUrl\":\"https:\/\/evertonfc.cz\/wp-content\/uploads\/2020\/07\/leicester_1_7_2020.jpg\",\"width\":720,\"height\":405},{\"@type\":\"BreadcrumbList\",\"@id\":\"https:\/\/evertonfc.cz\/index.php\/2020\/07\/01\/everton-leicester-city-2-1\/#breadcrumb\",\"itemListElement\":[{\"@type\":\"ListItem\",\"position\":1,\"name\":\"Home\",\"item\":\"https:\/\/evertonfc.cz\/\"},{\"@type\":\"ListItem\",\"position\":2,\"name\":\"Everton \u2013 Leicester City 2:1\"}]},{\"@type\":\"WebSite\",\"@id\":\"https:\/\/evertonfc.cz\/#website\",\"url\":\"https:\/\/evertonfc.cz\/\",\"name\":\"Official Czech &amp; Slovak Everton Supporters&#039; Club\",\"description\":\"\",\"publisher\":{\"@id\":\"https:\/\/evertonfc.cz\/#organization\"},\"potentialAction\":[{\"@type\":\"SearchAction\",\"target\":{\"@type\":\"EntryPoint\",\"urlTemplate\":\"https:\/\/evertonfc.cz\/?s={search_term_string}\"},\"query-input\":{\"@type\":\"PropertyValueSpecification\",\"valueRequired\":true,\"valueName\":\"search_term_string\"}}],\"inLanguage\":\"cs\"},{\"@type\":\"Organization\",\"@id\":\"https:\/\/evertonfc.cz\/#organization\",\"name\":\"Official Czech & Slovak Everton Supporters' Club\",\"url\":\"https:\/\/evertonfc.cz\/\",\"logo\":{\"@type\":\"ImageObject\",\"inLanguage\":\"cs\",\"@id\":\"https:\/\/evertonfc.cz\/#\/schema\/logo\/image\/\",\"url\":\"https:\/\/evertonfc.cz\/wp-content\/uploads\/2019\/05\/logo.png\",\"contentUrl\":\"https:\/\/evertonfc.cz\/wp-content\/uploads\/2019\/05\/logo.png\",\"width\":112,\"height\":112,\"caption\":\"Official Czech & Slovak Everton Supporters' Club\"},\"image\":{\"@id\":\"https:\/\/evertonfc.cz\/#\/schema\/logo\/image\/\"},\"sameAs\":[\"https:\/\/www.facebook.com\/everton.fans.cz.sk\"]},{\"@type\":\"Person\",\"@id\":\"https:\/\/evertonfc.cz\/#\/schema\/person\/f7a5daedb2ffee98480bc70e191aaef1\",\"name\":\"Ri\u010di\",\"sameAs\":[\"https:\/\/x.com\/rbrejsa\"],\"url\":\"https:\/\/evertonfc.cz\/index.php\/author\/rici\/\"}]}<\/script>\n<!-- \/ Yoast SEO plugin. -->","yoast_head_json":{"title":"Everton \u2013 Leicester City 2:1 - Official Czech &amp; Slovak Everton Supporters&#039; Club","description":"Snov\u00fd prvn\u00ed polo\u010das a o pozn\u00e1n\u00ed slab\u0161\u00ed druh\u00fd sta\u010dily v sou\u010dtu na cenn\u00e9 v\u00edt\u011bzstv\u00ed. T\u0159et\u00ed Foxes odjeli z pust\u00e9ho Goodison Parku s pr\u00e1zdnou.","robots":{"index":"index","follow":"follow","max-snippet":"max-snippet:-1","max-image-preview":"max-image-preview:large","max-video-preview":"max-video-preview:-1"},"canonical":"https:\/\/evertonfc.cz\/index.php\/2020\/07\/01\/everton-leicester-city-2-1\/","og_locale":"cs_CZ","og_type":"article","og_title":"Everton \u2013 Leicester City 2:1 - Official Czech &amp; Slovak Everton Supporters&#039; Club","og_description":"Snov\u00fd prvn\u00ed polo\u010das a o pozn\u00e1n\u00ed slab\u0161\u00ed druh\u00fd sta\u010dily v sou\u010dtu na cenn\u00e9 v\u00edt\u011bzstv\u00ed. T\u0159et\u00ed Foxes odjeli z pust\u00e9ho Goodison Parku s pr\u00e1zdnou.","og_url":"https:\/\/evertonfc.cz\/index.php\/2020\/07\/01\/everton-leicester-city-2-1\/","og_site_name":"Official Czech &amp; Slovak Everton Supporters&#039; Club","article_publisher":"https:\/\/www.facebook.com\/everton.fans.cz.sk","article_published_time":"2020-07-01T19:24:12+00:00","article_modified_time":"2021-02-08T07:28:54+00:00","og_image":[{"width":720,"height":405,"url":"https:\/\/evertonfc.cz\/wp-content\/uploads\/2020\/07\/leicester_1_7_2020.jpg","type":"image\/jpeg"}],"author":"Ri\u010di","twitter_card":"summary_large_image","twitter_creator":"@rbrejsa","twitter_misc":{"Napsal(a)":"Ri\u010di","Odhadovan\u00e1 doba \u010dten\u00ed":"3 minuty"},"schema":{"@context":"https:\/\/schema.org","@graph":[{"@type":"Article","@id":"https:\/\/evertonfc.cz\/index.php\/2020\/07\/01\/everton-leicester-city-2-1\/#article","isPartOf":{"@id":"https:\/\/evertonfc.cz\/index.php\/2020\/07\/01\/everton-leicester-city-2-1\/"},"author":{"name":"Ri\u010di","@id":"https:\/\/evertonfc.cz\/#\/schema\/person\/f7a5daedb2ffee98480bc70e191aaef1"},"headline":"Everton \u2013 Leicester City 2:1","datePublished":"2020-07-01T19:24:12+00:00","dateModified":"2021-02-08T07:28:54+00:00","mainEntityOfPage":{"@id":"https:\/\/evertonfc.cz\/index.php\/2020\/07\/01\/everton-leicester-city-2-1\/"},"wordCount":609,"commentCount":3,"publisher":{"@id":"https:\/\/evertonfc.cz\/#organization"},"image":{"@id":"https:\/\/evertonfc.cz\/index.php\/2020\/07\/01\/everton-leicester-city-2-1\/#primaryimage"},"thumbnailUrl":"https:\/\/evertonfc.cz\/wp-content\/uploads\/2020\/07\/leicester_1_7_2020.jpg","articleSection":["Z\u00e1pasy"],"inLanguage":"cs","potentialAction":[{"@type":"CommentAction","name":"Comment","target":["https:\/\/evertonfc.cz\/index.php\/2020\/07\/01\/everton-leicester-city-2-1\/#respond"]}]},{"@type":"WebPage","@id":"https:\/\/evertonfc.cz\/index.php\/2020\/07\/01\/everton-leicester-city-2-1\/","url":"https:\/\/evertonfc.cz\/index.php\/2020\/07\/01\/everton-leicester-city-2-1\/","name":"Everton \u2013 Leicester City 2:1 - Official Czech &amp; Slovak Everton Supporters&#039; Club","isPartOf":{"@id":"https:\/\/evertonfc.cz\/#website"},"primaryImageOfPage":{"@id":"https:\/\/evertonfc.cz\/index.php\/2020\/07\/01\/everton-leicester-city-2-1\/#primaryimage"},"image":{"@id":"https:\/\/evertonfc.cz\/index.php\/2020\/07\/01\/everton-leicester-city-2-1\/#primaryimage"},"thumbnailUrl":"https:\/\/evertonfc.cz\/wp-content\/uploads\/2020\/07\/leicester_1_7_2020.jpg","datePublished":"2020-07-01T19:24:12+00:00","dateModified":"2021-02-08T07:28:54+00:00","description":"Snov\u00fd prvn\u00ed polo\u010das a o pozn\u00e1n\u00ed slab\u0161\u00ed druh\u00fd sta\u010dily v sou\u010dtu na cenn\u00e9 v\u00edt\u011bzstv\u00ed. T\u0159et\u00ed Foxes odjeli z pust\u00e9ho Goodison Parku s pr\u00e1zdnou.","breadcrumb":{"@id":"https:\/\/evertonfc.cz\/index.php\/2020\/07\/01\/everton-leicester-city-2-1\/#breadcrumb"},"inLanguage":"cs","potentialAction":[{"@type":"ReadAction","target":["https:\/\/evertonfc.cz\/index.php\/2020\/07\/01\/everton-leicester-city-2-1\/"]}]},{"@type":"ImageObject","inLanguage":"cs","@id":"https:\/\/evertonfc.cz\/index.php\/2020\/07\/01\/everton-leicester-city-2-1\/#primaryimage","url":"https:\/\/evertonfc.cz\/wp-content\/uploads\/2020\/07\/leicester_1_7_2020.jpg","contentUrl":"https:\/\/evertonfc.cz\/wp-content\/uploads\/2020\/07\/leicester_1_7_2020.jpg","width":720,"height":405},{"@type":"BreadcrumbList","@id":"https:\/\/evertonfc.cz\/index.php\/2020\/07\/01\/everton-leicester-city-2-1\/#breadcrumb","itemListElement":[{"@type":"ListItem","position":1,"name":"Home","item":"https:\/\/evertonfc.cz\/"},{"@type":"ListItem","position":2,"name":"Everton \u2013 Leicester City 2:1"}]},{"@type":"WebSite","@id":"https:\/\/evertonfc.cz\/#website","url":"https:\/\/evertonfc.cz\/","name":"Official Czech &amp; Slovak Everton Supporters&#039; Club","description":"","publisher":{"@id":"https:\/\/evertonfc.cz\/#organization"},"potentialAction":[{"@type":"SearchAction","target":{"@type":"EntryPoint","urlTemplate":"https:\/\/evertonfc.cz\/?s={search_term_string}"},"query-input":{"@type":"PropertyValueSpecification","valueRequired":true,"valueName":"search_term_string"}}],"inLanguage":"cs"},{"@type":"Organization","@id":"https:\/\/evertonfc.cz\/#organization","name":"Official Czech & Slovak Everton Supporters' Club","url":"https:\/\/evertonfc.cz\/","logo":{"@type":"ImageObject","inLanguage":"cs","@id":"https:\/\/evertonfc.cz\/#\/schema\/logo\/image\/","url":"https:\/\/evertonfc.cz\/wp-content\/uploads\/2019\/05\/logo.png","contentUrl":"https:\/\/evertonfc.cz\/wp-content\/uploads\/2019\/05\/logo.png","width":112,"height":112,"caption":"Official Czech & Slovak Everton Supporters' Club"},"image":{"@id":"https:\/\/evertonfc.cz\/#\/schema\/logo\/image\/"},"sameAs":["https:\/\/www.facebook.com\/everton.fans.cz.sk"]},{"@type":"Person","@id":"https:\/\/evertonfc.cz\/#\/schema\/person\/f7a5daedb2ffee98480bc70e191aaef1","name":"Ri\u010di","sameAs":["https:\/\/x.com\/rbrejsa"],"url":"https:\/\/evertonfc.cz\/index.php\/author\/rici\/"}]}},"_links":{"self":[{"href":"https:\/\/evertonfc.cz\/index.php\/wp-json\/wp\/v2\/posts\/11320"}],"collection":[{"href":"https:\/\/evertonfc.cz\/index.php\/wp-json\/wp\/v2\/posts"}],"about":[{"href":"https:\/\/evertonfc.cz\/index.php\/wp-json\/wp\/v2\/types\/post"}],"author":[{"embeddable":true,"href":"https:\/\/evertonfc.cz\/index.php\/wp-json\/wp\/v2\/users\/6"}],"replies":[{"embeddable":true,"href":"https:\/\/evertonfc.cz\/index.php\/wp-json\/wp\/v2\/comments?post=11320"}],"version-history":[{"count":9,"href":"https:\/\/evertonfc.cz\/index.php\/wp-json\/wp\/v2\/posts\/11320\/revisions"}],"predecessor-version":[{"id":14014,"href":"https:\/\/evertonfc.cz\/index.php\/wp-json\/wp\/v2\/posts\/11320\/revisions\/14014"}],"wp:featuredmedia":[{"embeddable":true,"href":"https:\/\/evertonfc.cz\/index.php\/wp-json\/wp\/v2\/media\/11319"}],"wp:attachment":[{"href":"https:\/\/evertonfc.cz\/index.php\/wp-json\/wp\/v2\/media?parent=11320"}],"wp:term":[{"taxonomy":"category","embeddable":true,"href":"https:\/\/evertonfc.cz\/index.php\/wp-json\/wp\/v2\/categories?post=11320"},{"taxonomy":"post_tag","embeddable":true,"href":"https:\/\/evertonfc.cz\/index.php\/wp-json\/wp\/v2\/tags?post=11320"}],"curies":[{"name":"wp","href":"https:\/\/api.w.org\/{rel}","templated":true}]}}