{"id":11339,"date":"2020-07-02T16:07:27","date_gmt":"2020-07-02T14:07:27","guid":{"rendered":"https:\/\/evertonfc.cz\/?p=11339"},"modified":"2020-07-02T18:01:35","modified_gmt":"2020-07-02T16:01:35","slug":"prichadza-talent-nkounkou","status":"publish","type":"post","link":"https:\/\/evertonfc.cz\/index.php\/2020\/07\/02\/prichadza-talent-nkounkou\/","title":{"rendered":"Prich\u00e1dza talent Nkounkou"},"content":{"rendered":"<h4><span lang=\"SK\">Everton v\u00a0akad\u00e9mii moment\u00e1lne nedisponuje kvalitou na poste \u013eav\u00e9ho obrancu, a\u00a0tak sa rozhodol podp\u00edsa\u0165 ml\u00e1de\u017en\u00edckeho reprezentanta Franc\u00fazska. Zadarmo!<\/span><\/h4>\n<p>Talentovan\u00fd, len dev\u00e4tn\u00e1s\u0165ro\u010dn\u00fd futbalista Niels Nkounkou odmietol po dvoch rokoch v Olympique de Marseille pred\u013a\u017eenie zmluvy. Karamelky t\u00fato mo\u017enos\u0165 r\u00fdchlo vyu\u017eili a dohodli sa na trojro\u010dnom kontrakte. Rod\u00e1k z par\u00ed\u017eskeho predmestia Pontoise hral v\u00a0sez\u00f3ne 2019\/20 za B t\u00edm Marseille.<\/p>\n<p>\u0160portov\u00fd riadite\u013e Evertonu, Marcel Brands, ver\u00ed, \u017ee t\u00edned\u017eer, ktor\u00fd dvakr\u00e1t v\u00a0tomto ro\u010dn\u00edku figuroval aj na lavi\u010dke prv\u00e9ho t\u00edmu klubu z\u00a0Ligue 1, sa m\u00f4\u017ee rozv\u00edja\u0165 a u\u010di\u0165 z obrovsk\u00fdch sk\u00fasenost\u00ed krajana Lucasa Digneho a veter\u00e1na Leightona Bainesa. Hr\u00e1\u010d okrem \u013eavej obrany dok\u00e1\u017ee nast\u00fapi\u0165 aj v\u00a0z\u00e1lohe.<\/p>\n<blockquote><p><em>\u201eNiels je mlad\u00fd talentovan\u00fd hr\u00e1\u010d s dobr\u00fdmi technick\u00fdmi a fyzick\u00fdmi schopnos\u0165ami. Sledujeme ho nieko\u013eko mesiacov. D\u00fafajme, \u017ee sa m\u00f4\u017ee ve\u013ea nau\u010di\u0165 od Lucasa Digneho a Leightona Bainesa, ako aj od Carla Ancelottiho a Davida Unsworth. M\u00f4\u017ee by\u0165 na ceste k prv\u00e9mu t\u00edmu rovnako ako p\u00e1r rokov pred n\u00edm Dominic Calvert-Lewin a\u00a0Mason Holgate.&#8220;<\/em><\/p><\/blockquote>\n<p>Stoosemdesiat centimetrov vysok\u00fd obranca sa stane prv\u00fdm podpisom leta a druhou posilou \u00e9ry Carla Ancelottiho. Prvou bol Jarrad Branthwaite v janu\u00e1ri, ktor\u00fd prest\u00fapil z Carlisle United. Nkounkou reprezentoval Franc\u00fazsko na \u00farovni do 19 rokov a o\u010dak\u00e1va sa, \u017ee bude s\u00fa\u010das\u0165ou k\u00e1dra U23 v Evertone. David Unswortha toti\u017e u\u017e nem\u00f4\u017ee r\u00e1ta\u0165 so slu\u017ebami prepusten\u00e9ho Matthewa Fouldsa.<\/p>\n<p>Tr\u00e9nova\u0165 by mal v\u0161ak mlad\u00fd Niels s\u00a0prv\u00fdm t\u00edmom. Pred anga\u017em\u00e1nom v Marseille si pre\u0161iel \u00a0ml\u00e1de\u017en\u00edckymi kateg\u00f3riami v Stade Brest a bol tie\u017e sp\u00e1jan\u00fd s prestupom do Serie A, kde o\u00a0neho javil z\u00e1ujem Juventus Tur\u00edn. Ned\u00e1vno sa \u0161pekulovalo aj prestupe do Realu Madrid Castilla, kde by ho mal pod doh\u013eadom krajan Zidane.<\/p>\n<p style=\"text-align: right;\"><span style=\"font-size: 8pt;\">(foto zdroj: Alexandre Dimou \/ Icon Sport)<\/span><\/p>\n","protected":false},"excerpt":{"rendered":"<p>Everton v akad\u00e9mii moment\u00e1lne nedisponuje kvalitou na poste \u013eav\u00e9ho obrancu, a tak sa rozhodol podp\u00edsa\u0165 ml\u00e1de\u017en\u00edckeho reprezentanta Franc\u00fazska. Zadarmo!<\/p>\n","protected":false},"author":1,"featured_media":11338,"comment_status":"open","ping_status":"closed","sticky":false,"template":"","format":"standard","meta":{"_eb_attr":"","_monsterinsights_skip_tracking":false,"_monsterinsights_sitenote_active":false,"_monsterinsights_sitenote_note":"","_monsterinsights_sitenote_category":0,"footnotes":""},"categories":[41],"tags":[],"yoast_head":"<!-- This site is optimized with the Yoast SEO plugin v23.4 - https:\/\/yoast.com\/wordpress\/plugins\/seo\/ -->\n<title>Prich\u00e1dza talent Nkounkou - Official Czech &amp; Slovak Everton Supporters&#039; Club<\/title>\n<meta name=\"robots\" content=\"index, follow, max-snippet:-1, max-image-preview:large, max-video-preview:-1\" \/>\n<link rel=\"canonical\" href=\"https:\/\/evertonfc.cz\/index.php\/2020\/07\/02\/prichadza-talent-nkounkou\/\" \/>\n<meta property=\"og:locale\" content=\"cs_CZ\" \/>\n<meta property=\"og:type\" content=\"article\" \/>\n<meta property=\"og:title\" content=\"Prich\u00e1dza talent Nkounkou - Official Czech &amp; Slovak Everton Supporters&#039; Club\" \/>\n<meta property=\"og:description\" content=\"Everton v akad\u00e9mii moment\u00e1lne nedisponuje kvalitou na poste \u013eav\u00e9ho obrancu, a tak sa rozhodol podp\u00edsa\u0165 ml\u00e1de\u017en\u00edckeho reprezentanta Franc\u00fazska. Zadarmo!\" \/>\n<meta property=\"og:url\" content=\"https:\/\/evertonfc.cz\/index.php\/2020\/07\/02\/prichadza-talent-nkounkou\/\" \/>\n<meta property=\"og:site_name\" content=\"Official Czech &amp; Slovak Everton Supporters&#039; Club\" \/>\n<meta property=\"article:publisher\" content=\"https:\/\/www.facebook.com\/everton.fans.cz.sk\" \/>\n<meta property=\"article:published_time\" content=\"2020-07-02T14:07:27+00:00\" \/>\n<meta property=\"article:modified_time\" content=\"2020-07-02T16:01:35+00:00\" \/>\n<meta property=\"og:image\" content=\"https:\/\/evertonfc.cz\/wp-content\/uploads\/2020\/07\/Niels-Nkounkou-Icon-Sport-2-7-2020.jpg\" \/>\n\t<meta property=\"og:image:width\" content=\"720\" \/>\n\t<meta property=\"og:image:height\" content=\"405\" \/>\n\t<meta property=\"og:image:type\" content=\"image\/jpeg\" \/>\n<meta name=\"author\" content=\"BlueBlooded\" \/>\n<meta name=\"twitter:card\" content=\"summary_large_image\" \/>\n<meta name=\"twitter:label1\" content=\"Napsal(a)\" \/>\n\t<meta name=\"twitter:data1\" content=\"BlueBlooded\" \/>\n\t<meta name=\"twitter:label2\" content=\"Odhadovan\u00e1 doba \u010dten\u00ed\" \/>\n\t<meta name=\"twitter:data2\" content=\"2 minuty\" \/>\n<script type=\"application\/ld+json\" class=\"yoast-schema-graph\">{\"@context\":\"https:\/\/schema.org\",\"@graph\":[{\"@type\":\"Article\",\"@id\":\"https:\/\/evertonfc.cz\/index.php\/2020\/07\/02\/prichadza-talent-nkounkou\/#article\",\"isPartOf\":{\"@id\":\"https:\/\/evertonfc.cz\/index.php\/2020\/07\/02\/prichadza-talent-nkounkou\/\"},\"author\":{\"name\":\"BlueBlooded\",\"@id\":\"https:\/\/evertonfc.cz\/#\/schema\/person\/d4493b8cbea51532597fbc4685698916\"},\"headline\":\"Prich\u00e1dza talent Nkounkou\",\"datePublished\":\"2020-07-02T14:07:27+00:00\",\"dateModified\":\"2020-07-02T16:01:35+00:00\",\"mainEntityOfPage\":{\"@id\":\"https:\/\/evertonfc.cz\/index.php\/2020\/07\/02\/prichadza-talent-nkounkou\/\"},\"wordCount\":356,\"commentCount\":2,\"publisher\":{\"@id\":\"https:\/\/evertonfc.cz\/#organization\"},\"image\":{\"@id\":\"https:\/\/evertonfc.cz\/index.php\/2020\/07\/02\/prichadza-talent-nkounkou\/#primaryimage\"},\"thumbnailUrl\":\"https:\/\/evertonfc.cz\/wp-content\/uploads\/2020\/07\/Niels-Nkounkou-Icon-Sport-2-7-2020.jpg\",\"articleSection\":[\"P\u0159estupy\"],\"inLanguage\":\"cs\",\"potentialAction\":[{\"@type\":\"CommentAction\",\"name\":\"Comment\",\"target\":[\"https:\/\/evertonfc.cz\/index.php\/2020\/07\/02\/prichadza-talent-nkounkou\/#respond\"]}]},{\"@type\":\"WebPage\",\"@id\":\"https:\/\/evertonfc.cz\/index.php\/2020\/07\/02\/prichadza-talent-nkounkou\/\",\"url\":\"https:\/\/evertonfc.cz\/index.php\/2020\/07\/02\/prichadza-talent-nkounkou\/\",\"name\":\"Prich\u00e1dza talent Nkounkou - Official Czech &amp; Slovak Everton Supporters&#039; Club\",\"isPartOf\":{\"@id\":\"https:\/\/evertonfc.cz\/#website\"},\"primaryImageOfPage\":{\"@id\":\"https:\/\/evertonfc.cz\/index.php\/2020\/07\/02\/prichadza-talent-nkounkou\/#primaryimage\"},\"image\":{\"@id\":\"https:\/\/evertonfc.cz\/index.php\/2020\/07\/02\/prichadza-talent-nkounkou\/#primaryimage\"},\"thumbnailUrl\":\"https:\/\/evertonfc.cz\/wp-content\/uploads\/2020\/07\/Niels-Nkounkou-Icon-Sport-2-7-2020.jpg\",\"datePublished\":\"2020-07-02T14:07:27+00:00\",\"dateModified\":\"2020-07-02T16:01:35+00:00\",\"breadcrumb\":{\"@id\":\"https:\/\/evertonfc.cz\/index.php\/2020\/07\/02\/prichadza-talent-nkounkou\/#breadcrumb\"},\"inLanguage\":\"cs\",\"potentialAction\":[{\"@type\":\"ReadAction\",\"target\":[\"https:\/\/evertonfc.cz\/index.php\/2020\/07\/02\/prichadza-talent-nkounkou\/\"]}]},{\"@type\":\"ImageObject\",\"inLanguage\":\"cs\",\"@id\":\"https:\/\/evertonfc.cz\/index.php\/2020\/07\/02\/prichadza-talent-nkounkou\/#primaryimage\",\"url\":\"https:\/\/evertonfc.cz\/wp-content\/uploads\/2020\/07\/Niels-Nkounkou-Icon-Sport-2-7-2020.jpg\",\"contentUrl\":\"https:\/\/evertonfc.cz\/wp-content\/uploads\/2020\/07\/Niels-Nkounkou-Icon-Sport-2-7-2020.jpg\",\"width\":720,\"height\":405,\"caption\":\"Niels Nkounkou of Marseille during the Friendly match between Marseille and Beziers on July 11, 2018 in Montpellier, France. (Photo by Alexandre Dimou\/Icon Sport)\"},{\"@type\":\"BreadcrumbList\",\"@id\":\"https:\/\/evertonfc.cz\/index.php\/2020\/07\/02\/prichadza-talent-nkounkou\/#breadcrumb\",\"itemListElement\":[{\"@type\":\"ListItem\",\"position\":1,\"name\":\"Home\",\"item\":\"https:\/\/evertonfc.cz\/\"},{\"@type\":\"ListItem\",\"position\":2,\"name\":\"Prich\u00e1dza talent Nkounkou\"}]},{\"@type\":\"WebSite\",\"@id\":\"https:\/\/evertonfc.cz\/#website\",\"url\":\"https:\/\/evertonfc.cz\/\",\"name\":\"Official Czech &amp; Slovak Everton Supporters&#039; Club\",\"description\":\"\",\"publisher\":{\"@id\":\"https:\/\/evertonfc.cz\/#organization\"},\"potentialAction\":[{\"@type\":\"SearchAction\",\"target\":{\"@type\":\"EntryPoint\",\"urlTemplate\":\"https:\/\/evertonfc.cz\/?s={search_term_string}\"},\"query-input\":{\"@type\":\"PropertyValueSpecification\",\"valueRequired\":true,\"valueName\":\"search_term_string\"}}],\"inLanguage\":\"cs\"},{\"@type\":\"Organization\",\"@id\":\"https:\/\/evertonfc.cz\/#organization\",\"name\":\"Official Czech & Slovak Everton Supporters' Club\",\"url\":\"https:\/\/evertonfc.cz\/\",\"logo\":{\"@type\":\"ImageObject\",\"inLanguage\":\"cs\",\"@id\":\"https:\/\/evertonfc.cz\/#\/schema\/logo\/image\/\",\"url\":\"https:\/\/evertonfc.cz\/wp-content\/uploads\/2019\/05\/logo.png\",\"contentUrl\":\"https:\/\/evertonfc.cz\/wp-content\/uploads\/2019\/05\/logo.png\",\"width\":112,\"height\":112,\"caption\":\"Official Czech & Slovak Everton Supporters' Club\"},\"image\":{\"@id\":\"https:\/\/evertonfc.cz\/#\/schema\/logo\/image\/\"},\"sameAs\":[\"https:\/\/www.facebook.com\/everton.fans.cz.sk\"]},{\"@type\":\"Person\",\"@id\":\"https:\/\/evertonfc.cz\/#\/schema\/person\/d4493b8cbea51532597fbc4685698916\",\"name\":\"BlueBlooded\",\"url\":\"https:\/\/evertonfc.cz\/index.php\/author\/admin\/\"}]}<\/script>\n<!-- \/ Yoast SEO plugin. -->","yoast_head_json":{"title":"Prich\u00e1dza talent Nkounkou - Official Czech &amp; Slovak Everton Supporters&#039; Club","robots":{"index":"index","follow":"follow","max-snippet":"max-snippet:-1","max-image-preview":"max-image-preview:large","max-video-preview":"max-video-preview:-1"},"canonical":"https:\/\/evertonfc.cz\/index.php\/2020\/07\/02\/prichadza-talent-nkounkou\/","og_locale":"cs_CZ","og_type":"article","og_title":"Prich\u00e1dza talent Nkounkou - Official Czech &amp; Slovak Everton Supporters&#039; Club","og_description":"Everton v akad\u00e9mii moment\u00e1lne nedisponuje kvalitou na poste \u013eav\u00e9ho obrancu, a tak sa rozhodol podp\u00edsa\u0165 ml\u00e1de\u017en\u00edckeho reprezentanta Franc\u00fazska. Zadarmo!","og_url":"https:\/\/evertonfc.cz\/index.php\/2020\/07\/02\/prichadza-talent-nkounkou\/","og_site_name":"Official Czech &amp; Slovak Everton Supporters&#039; Club","article_publisher":"https:\/\/www.facebook.com\/everton.fans.cz.sk","article_published_time":"2020-07-02T14:07:27+00:00","article_modified_time":"2020-07-02T16:01:35+00:00","og_image":[{"width":720,"height":405,"url":"https:\/\/evertonfc.cz\/wp-content\/uploads\/2020\/07\/Niels-Nkounkou-Icon-Sport-2-7-2020.jpg","type":"image\/jpeg"}],"author":"BlueBlooded","twitter_card":"summary_large_image","twitter_misc":{"Napsal(a)":"BlueBlooded","Odhadovan\u00e1 doba \u010dten\u00ed":"2 minuty"},"schema":{"@context":"https:\/\/schema.org","@graph":[{"@type":"Article","@id":"https:\/\/evertonfc.cz\/index.php\/2020\/07\/02\/prichadza-talent-nkounkou\/#article","isPartOf":{"@id":"https:\/\/evertonfc.cz\/index.php\/2020\/07\/02\/prichadza-talent-nkounkou\/"},"author":{"name":"BlueBlooded","@id":"https:\/\/evertonfc.cz\/#\/schema\/person\/d4493b8cbea51532597fbc4685698916"},"headline":"Prich\u00e1dza talent Nkounkou","datePublished":"2020-07-02T14:07:27+00:00","dateModified":"2020-07-02T16:01:35+00:00","mainEntityOfPage":{"@id":"https:\/\/evertonfc.cz\/index.php\/2020\/07\/02\/prichadza-talent-nkounkou\/"},"wordCount":356,"commentCount":2,"publisher":{"@id":"https:\/\/evertonfc.cz\/#organization"},"image":{"@id":"https:\/\/evertonfc.cz\/index.php\/2020\/07\/02\/prichadza-talent-nkounkou\/#primaryimage"},"thumbnailUrl":"https:\/\/evertonfc.cz\/wp-content\/uploads\/2020\/07\/Niels-Nkounkou-Icon-Sport-2-7-2020.jpg","articleSection":["P\u0159estupy"],"inLanguage":"cs","potentialAction":[{"@type":"CommentAction","name":"Comment","target":["https:\/\/evertonfc.cz\/index.php\/2020\/07\/02\/prichadza-talent-nkounkou\/#respond"]}]},{"@type":"WebPage","@id":"https:\/\/evertonfc.cz\/index.php\/2020\/07\/02\/prichadza-talent-nkounkou\/","url":"https:\/\/evertonfc.cz\/index.php\/2020\/07\/02\/prichadza-talent-nkounkou\/","name":"Prich\u00e1dza talent Nkounkou - Official Czech &amp; Slovak Everton Supporters&#039; Club","isPartOf":{"@id":"https:\/\/evertonfc.cz\/#website"},"primaryImageOfPage":{"@id":"https:\/\/evertonfc.cz\/index.php\/2020\/07\/02\/prichadza-talent-nkounkou\/#primaryimage"},"image":{"@id":"https:\/\/evertonfc.cz\/index.php\/2020\/07\/02\/prichadza-talent-nkounkou\/#primaryimage"},"thumbnailUrl":"https:\/\/evertonfc.cz\/wp-content\/uploads\/2020\/07\/Niels-Nkounkou-Icon-Sport-2-7-2020.jpg","datePublished":"2020-07-02T14:07:27+00:00","dateModified":"2020-07-02T16:01:35+00:00","breadcrumb":{"@id":"https:\/\/evertonfc.cz\/index.php\/2020\/07\/02\/prichadza-talent-nkounkou\/#breadcrumb"},"inLanguage":"cs","potentialAction":[{"@type":"ReadAction","target":["https:\/\/evertonfc.cz\/index.php\/2020\/07\/02\/prichadza-talent-nkounkou\/"]}]},{"@type":"ImageObject","inLanguage":"cs","@id":"https:\/\/evertonfc.cz\/index.php\/2020\/07\/02\/prichadza-talent-nkounkou\/#primaryimage","url":"https:\/\/evertonfc.cz\/wp-content\/uploads\/2020\/07\/Niels-Nkounkou-Icon-Sport-2-7-2020.jpg","contentUrl":"https:\/\/evertonfc.cz\/wp-content\/uploads\/2020\/07\/Niels-Nkounkou-Icon-Sport-2-7-2020.jpg","width":720,"height":405,"caption":"Niels Nkounkou of Marseille during the Friendly match between Marseille and Beziers on July 11, 2018 in Montpellier, France. (Photo by Alexandre Dimou\/Icon Sport)"},{"@type":"BreadcrumbList","@id":"https:\/\/evertonfc.cz\/index.php\/2020\/07\/02\/prichadza-talent-nkounkou\/#breadcrumb","itemListElement":[{"@type":"ListItem","position":1,"name":"Home","item":"https:\/\/evertonfc.cz\/"},{"@type":"ListItem","position":2,"name":"Prich\u00e1dza talent Nkounkou"}]},{"@type":"WebSite","@id":"https:\/\/evertonfc.cz\/#website","url":"https:\/\/evertonfc.cz\/","name":"Official Czech &amp; Slovak Everton Supporters&#039; Club","description":"","publisher":{"@id":"https:\/\/evertonfc.cz\/#organization"},"potentialAction":[{"@type":"SearchAction","target":{"@type":"EntryPoint","urlTemplate":"https:\/\/evertonfc.cz\/?s={search_term_string}"},"query-input":{"@type":"PropertyValueSpecification","valueRequired":true,"valueName":"search_term_string"}}],"inLanguage":"cs"},{"@type":"Organization","@id":"https:\/\/evertonfc.cz\/#organization","name":"Official Czech & Slovak Everton Supporters' Club","url":"https:\/\/evertonfc.cz\/","logo":{"@type":"ImageObject","inLanguage":"cs","@id":"https:\/\/evertonfc.cz\/#\/schema\/logo\/image\/","url":"https:\/\/evertonfc.cz\/wp-content\/uploads\/2019\/05\/logo.png","contentUrl":"https:\/\/evertonfc.cz\/wp-content\/uploads\/2019\/05\/logo.png","width":112,"height":112,"caption":"Official Czech & Slovak Everton Supporters' Club"},"image":{"@id":"https:\/\/evertonfc.cz\/#\/schema\/logo\/image\/"},"sameAs":["https:\/\/www.facebook.com\/everton.fans.cz.sk"]},{"@type":"Person","@id":"https:\/\/evertonfc.cz\/#\/schema\/person\/d4493b8cbea51532597fbc4685698916","name":"BlueBlooded","url":"https:\/\/evertonfc.cz\/index.php\/author\/admin\/"}]}},"_links":{"self":[{"href":"https:\/\/evertonfc.cz\/index.php\/wp-json\/wp\/v2\/posts\/11339"}],"collection":[{"href":"https:\/\/evertonfc.cz\/index.php\/wp-json\/wp\/v2\/posts"}],"about":[{"href":"https:\/\/evertonfc.cz\/index.php\/wp-json\/wp\/v2\/types\/post"}],"author":[{"embeddable":true,"href":"https:\/\/evertonfc.cz\/index.php\/wp-json\/wp\/v2\/users\/1"}],"replies":[{"embeddable":true,"href":"https:\/\/evertonfc.cz\/index.php\/wp-json\/wp\/v2\/comments?post=11339"}],"version-history":[{"count":3,"href":"https:\/\/evertonfc.cz\/index.php\/wp-json\/wp\/v2\/posts\/11339\/revisions"}],"predecessor-version":[{"id":11344,"href":"https:\/\/evertonfc.cz\/index.php\/wp-json\/wp\/v2\/posts\/11339\/revisions\/11344"}],"wp:featuredmedia":[{"embeddable":true,"href":"https:\/\/evertonfc.cz\/index.php\/wp-json\/wp\/v2\/media\/11338"}],"wp:attachment":[{"href":"https:\/\/evertonfc.cz\/index.php\/wp-json\/wp\/v2\/media?parent=11339"}],"wp:term":[{"taxonomy":"category","embeddable":true,"href":"https:\/\/evertonfc.cz\/index.php\/wp-json\/wp\/v2\/categories?post=11339"},{"taxonomy":"post_tag","embeddable":true,"href":"https:\/\/evertonfc.cz\/index.php\/wp-json\/wp\/v2\/tags?post=11339"}],"curies":[{"name":"wp","href":"https:\/\/api.w.org\/{rel}","templated":true}]}}