{"id":11392,"date":"2020-07-08T21:39:39","date_gmt":"2020-07-08T19:39:39","guid":{"rendered":"https:\/\/evertonfc.cz\/?p=11392"},"modified":"2021-03-01T13:21:52","modified_gmt":"2021-03-01T12:21:52","slug":"preview-everton-southampton-9-7-2020","status":"publish","type":"post","link":"https:\/\/evertonfc.cz\/index.php\/2020\/07\/08\/preview-everton-southampton-9-7-2020\/","title":{"rendered":"Preview: Everton &#8211; Southampton"},"content":{"rendered":"<h4>Na zpytov\u00e1n\u00ed sv\u011bdom\u00ed po pond\u011bln\u00ed proh\u0159e se Spurs nem\u00e1 Everton p\u0159\u00edli\u0161 \u010dasu, v dal\u0161\u00edm utk\u00e1n\u00ed Premier League p\u0159iv\u00edt\u00e1 u\u017e ve \u010dtvrtek t\u0159in\u00e1ct\u00fd Southampton.<\/h4>\n<p>V\u00fdlet do hlavn\u00edho m\u011bsta se Toffees, jak u\u017e ale vlastn\u011b b\u00fdv\u00e1 zvykem, nepovedl. Jednog\u00f3lov\u00e1 prohra na h\u0159i\u0161ti Tottenhamu Hotspur zklamala hodn\u011b fanou\u0161k\u016f, a to jak v\u00fdkonem hr\u00e1\u010d\u016f, tak taktick\u00fdmi rozhodnut\u00edmi mana\u017eera Ancelottiho.<\/p>\n<p>Samotn\u00fd Ital se v poz\u00e1pasov\u00fdch vyj\u00e1d\u0159en\u00edch nez\u0159\u00edk\u00e1val vlastn\u00ed odpov\u011bdnosti, p\u0159i\u010dem\u017e volal po okam\u017eit\u00e9m zlep\u0161en\u00ed, aby Evertonu i v posledn\u00edch p\u011bti ligov\u00fdch kolech z\u016fstala aspo\u0148 minim\u00e1ln\u00ed \u0161ance na kvalifikaci do Evropsk\u00e9 ligy. Star\u00fd kontinent je z moment\u00e1ln\u00edho 11. m\u00edsta sp\u00ed\u0161e v nedohlednu.<\/p>\n<p>Toffees bude ve \u010dtvrtek s ur\u010ditost\u00ed chyb\u011bt \u010derstv\u011b zran\u011bn\u00fd stoper Mason Holgate a mo\u017en\u00e1 tak\u00e9 k\u0159\u00eddeln\u00edk Alex Iwobi, oba si p\u0159ivodili \u0161r\u00e1my v utk\u00e1n\u00ed s Tottenhamem. Z marodky naopak hl\u00e1s\u00ed n\u00e1vrat jin\u00fd k\u0159\u00eddeln\u00edk Theo Walcott. Mezi dlouhodob\u00fdmi absentuj\u00edc\u00edmi potom z\u016fst\u00e1vaj\u00ed Delph (tr\u00e9nuj\u00edc\u00ed individu\u00e1ln\u011b), Gbamin a Tosun.<\/p>\n<p>Bude zaj\u00edmav\u00e9 sledovat slo\u017een\u00ed sestavy, zejm\u00e9na tedy z\u00e1lo\u017en\u00ed \u0159ady, nad n\u00ed\u017e vis\u00ed nejv\u00edce v\u00fdkonnostn\u00edch ot\u00e1zek. \u017de by dostal \u0161anci mlad\u00fd, a u\u017e d\u0159\u00edve odepsan\u00fd, defenzivn\u00ed z\u00e1lo\u017en\u00edk Beni Baningime? I s ohledem na nabyt\u00fd program nelze podobnou mo\u017enost vylou\u010dit, Toffees ji\u017e v ned\u011bli zaj\u00ed\u017ed\u011bj\u00ed do Wolverhamptonu.<\/p>\n<p>\u010ctvrte\u010dn\u00ed host\u00e9 Goodison Parku pro\u017e\u00edvaj\u00ed pozoruhodnou sez\u00f3nu. V dobr\u00e9 pam\u011bti je jejich rekordn\u00ed dom\u00e1c\u00ed prohra 0:9 s Leicesterem v \u0159\u00edjnu, kter\u00e1 je poslala do sestupov\u00fdch vod. Zdrcen\u00e9mu mana\u017ee\u0159i Ralphu Hasenh\u00fcttlovi byl tenkr\u00e1t p\u0159edpov\u00edd\u00e1n brzk\u00fd vyhazov, rakousk\u00fd tren\u00e9r \u2013 v\u016fbec prvn\u00ed v Premier League \u2013 nicm\u00e9n\u011b dost\u00e1l sv\u00e9 dobr\u00e9 pov\u011bsti z N\u011bmecka a postupnou prac\u00ed konsolidoval mu\u017estvo, v\u0161t\u00edpil mu zp\u011bt sebev\u011bdom\u00ed a funk\u010dn\u00ed taktickou indentitu, d\u00edky \u010demu\u017e se Southampton p\u011bt kol p\u0159ed koncem sez\u00f3ny nemus\u00ed b\u00e1t o sestup a s nad\u011bjemi vyhl\u00ed\u017e\u00ed budouc\u00ed sez\u00f3nu.<\/p>\n<p>Saints, kte\u0159\u00ed v ned\u011bli poko\u0159ili na dom\u00e1c\u00ed p\u016fd\u011b druh\u00fd Manchester City, t\u00e1hne v aktu\u00e1ln\u00edm ligov\u00e9m ro\u010dn\u00edku osmn\u00e1ctibrankov\u00fd (!) Danny Ings. B\u00fdval\u00e9mu \u00fato\u010dn\u00edkovi Liverpool se nav\u00edc dlouhodob\u011b da\u0159\u00ed proti Evertonu , do jeho s\u00edt\u011b se trefil u\u017e \u010dty\u0159ikr\u00e1t.<\/p>\n<p>Do z\u00e1pasov\u00e9 nominace Southamptonu se vrac\u00ed Pierre-Emile Hojbjerg, jen\u017e uzdravil leh\u010d\u00ed zran\u011bn\u00ed kotn\u00edku. Zda ho ale Hasenh\u00fcttl postav\u00ed rovnou do z\u00e1kladn\u00ed sestavy, je nejist\u00e9. P\u0159ed ned\u00e1vnem mu dokonce odebral kapit\u00e1nskou p\u00e1sku pot\u00e9, co d\u00e1nsk\u00fd st\u0159edopola\u0159, kolem n\u011bho\u017e krou\u017e\u00ed i Everton, potvrdil sv\u016fj \u00famysl odej\u00edt v l\u00e9t\u011b z klubu.<\/p>\n<p><strong>Co:<\/strong> Everton FC \u2013 Southampton FC, 34. kolo Premier League<br \/>\n<strong>Kdy:<\/strong> 09. 07. 2020 od 19:00 SE\u010c<br \/>\n<strong>Kde:<\/strong> Goodison Park, Liverpool (kapacita: 39 221)<br \/>\n<strong>Hlavn\u00ed rozhod\u010d\u00ed:<\/strong> Lee Mason<br \/>\n<strong>VAR rozhod\u010d\u00ed:<\/strong> Andy Madley<br \/>\n<strong>\u017div\u00fd p\u0159enos Premier Sport:<\/strong> Ne, ani z\u00e1znam<\/p>\n","protected":false},"excerpt":{"rendered":"<p>Na zpytov\u00e1n\u00ed sv\u011bdom\u00ed po pond\u011bln\u00ed proh\u0159e se Spurs nem\u00e1 Everton p\u0159\u00edli\u0161 \u010dasu, v dal\u0161\u00edm utk\u00e1n\u00ed Premier League p\u0159iv\u00edt\u00e1 u\u017e ve \u010dtvrtek t\u0159in\u00e1ct\u00fd Southampton.<\/p>\n","protected":false},"author":6,"featured_media":14388,"comment_status":"open","ping_status":"closed","sticky":false,"template":"","format":"standard","meta":{"_eb_attr":"","_monsterinsights_skip_tracking":false,"_monsterinsights_sitenote_active":false,"_monsterinsights_sitenote_note":"","_monsterinsights_sitenote_category":0,"footnotes":""},"categories":[4],"tags":[],"yoast_head":"<!-- This site is optimized with the Yoast SEO plugin v23.4 - https:\/\/yoast.com\/wordpress\/plugins\/seo\/ -->\n<title>Preview: Everton - Southampton - Official Czech &amp; Slovak Everton Supporters&#039; Club<\/title>\n<meta name=\"description\" content=\"Na zpytov\u00e1n\u00ed sv\u011bdom\u00ed po pond\u011bln\u00ed proh\u0159e se Spurs nem\u00e1 Everton p\u0159\u00edli\u0161 \u010dasu, v dal\u0161\u00edm utk\u00e1n\u00ed Premier League p\u0159iv\u00edt\u00e1 u\u017e ve \u010dtvrtek t\u0159in\u00e1ct\u00fd Southampton.\" \/>\n<meta name=\"robots\" content=\"index, follow, max-snippet:-1, max-image-preview:large, max-video-preview:-1\" \/>\n<link rel=\"canonical\" href=\"https:\/\/evertonfc.cz\/index.php\/2020\/07\/08\/preview-everton-southampton-9-7-2020\/\" \/>\n<meta property=\"og:locale\" content=\"cs_CZ\" \/>\n<meta property=\"og:type\" content=\"article\" \/>\n<meta property=\"og:title\" content=\"Preview: Everton - Southampton - Official Czech &amp; Slovak Everton Supporters&#039; Club\" \/>\n<meta property=\"og:description\" content=\"Na zpytov\u00e1n\u00ed sv\u011bdom\u00ed po pond\u011bln\u00ed proh\u0159e se Spurs nem\u00e1 Everton p\u0159\u00edli\u0161 \u010dasu, v dal\u0161\u00edm utk\u00e1n\u00ed Premier League p\u0159iv\u00edt\u00e1 u\u017e ve \u010dtvrtek t\u0159in\u00e1ct\u00fd Southampton.\" \/>\n<meta property=\"og:url\" content=\"https:\/\/evertonfc.cz\/index.php\/2020\/07\/08\/preview-everton-southampton-9-7-2020\/\" \/>\n<meta property=\"og:site_name\" content=\"Official Czech &amp; Slovak Everton Supporters&#039; Club\" \/>\n<meta property=\"article:publisher\" content=\"https:\/\/www.facebook.com\/everton.fans.cz.sk\" \/>\n<meta property=\"article:published_time\" content=\"2020-07-08T19:39:39+00:00\" \/>\n<meta property=\"article:modified_time\" content=\"2021-03-01T12:21:52+00:00\" \/>\n<meta property=\"og:image\" content=\"https:\/\/evertonfc.cz\/wp-content\/uploads\/2021\/03\/Everton-VS-Southampton.png\" \/>\n\t<meta property=\"og:image:width\" content=\"720\" \/>\n\t<meta property=\"og:image:height\" content=\"405\" \/>\n\t<meta property=\"og:image:type\" content=\"image\/png\" \/>\n<meta name=\"author\" content=\"Ri\u010di\" \/>\n<meta name=\"twitter:card\" content=\"summary_large_image\" \/>\n<meta name=\"twitter:creator\" content=\"@rbrejsa\" \/>\n<meta name=\"twitter:label1\" content=\"Napsal(a)\" \/>\n\t<meta name=\"twitter:data1\" content=\"Ri\u010di\" \/>\n\t<meta name=\"twitter:label2\" content=\"Odhadovan\u00e1 doba \u010dten\u00ed\" \/>\n\t<meta name=\"twitter:data2\" content=\"2 minuty\" \/>\n<script type=\"application\/ld+json\" class=\"yoast-schema-graph\">{\"@context\":\"https:\/\/schema.org\",\"@graph\":[{\"@type\":\"Article\",\"@id\":\"https:\/\/evertonfc.cz\/index.php\/2020\/07\/08\/preview-everton-southampton-9-7-2020\/#article\",\"isPartOf\":{\"@id\":\"https:\/\/evertonfc.cz\/index.php\/2020\/07\/08\/preview-everton-southampton-9-7-2020\/\"},\"author\":{\"name\":\"Ri\u010di\",\"@id\":\"https:\/\/evertonfc.cz\/#\/schema\/person\/f7a5daedb2ffee98480bc70e191aaef1\"},\"headline\":\"Preview: Everton &#8211; Southampton\",\"datePublished\":\"2020-07-08T19:39:39+00:00\",\"dateModified\":\"2021-03-01T12:21:52+00:00\",\"mainEntityOfPage\":{\"@id\":\"https:\/\/evertonfc.cz\/index.php\/2020\/07\/08\/preview-everton-southampton-9-7-2020\/\"},\"wordCount\":537,\"commentCount\":7,\"publisher\":{\"@id\":\"https:\/\/evertonfc.cz\/#organization\"},\"image\":{\"@id\":\"https:\/\/evertonfc.cz\/index.php\/2020\/07\/08\/preview-everton-southampton-9-7-2020\/#primaryimage\"},\"thumbnailUrl\":\"https:\/\/evertonfc.cz\/wp-content\/uploads\/2021\/03\/Everton-VS-Southampton.png\",\"articleSection\":[\"Z\u00e1pasy\"],\"inLanguage\":\"cs\",\"potentialAction\":[{\"@type\":\"CommentAction\",\"name\":\"Comment\",\"target\":[\"https:\/\/evertonfc.cz\/index.php\/2020\/07\/08\/preview-everton-southampton-9-7-2020\/#respond\"]}]},{\"@type\":\"WebPage\",\"@id\":\"https:\/\/evertonfc.cz\/index.php\/2020\/07\/08\/preview-everton-southampton-9-7-2020\/\",\"url\":\"https:\/\/evertonfc.cz\/index.php\/2020\/07\/08\/preview-everton-southampton-9-7-2020\/\",\"name\":\"Preview: Everton - Southampton - Official Czech &amp; Slovak Everton Supporters&#039; Club\",\"isPartOf\":{\"@id\":\"https:\/\/evertonfc.cz\/#website\"},\"primaryImageOfPage\":{\"@id\":\"https:\/\/evertonfc.cz\/index.php\/2020\/07\/08\/preview-everton-southampton-9-7-2020\/#primaryimage\"},\"image\":{\"@id\":\"https:\/\/evertonfc.cz\/index.php\/2020\/07\/08\/preview-everton-southampton-9-7-2020\/#primaryimage\"},\"thumbnailUrl\":\"https:\/\/evertonfc.cz\/wp-content\/uploads\/2021\/03\/Everton-VS-Southampton.png\",\"datePublished\":\"2020-07-08T19:39:39+00:00\",\"dateModified\":\"2021-03-01T12:21:52+00:00\",\"description\":\"Na zpytov\u00e1n\u00ed sv\u011bdom\u00ed po pond\u011bln\u00ed proh\u0159e se Spurs nem\u00e1 Everton p\u0159\u00edli\u0161 \u010dasu, v dal\u0161\u00edm utk\u00e1n\u00ed Premier League p\u0159iv\u00edt\u00e1 u\u017e ve \u010dtvrtek t\u0159in\u00e1ct\u00fd Southampton.\",\"breadcrumb\":{\"@id\":\"https:\/\/evertonfc.cz\/index.php\/2020\/07\/08\/preview-everton-southampton-9-7-2020\/#breadcrumb\"},\"inLanguage\":\"cs\",\"potentialAction\":[{\"@type\":\"ReadAction\",\"target\":[\"https:\/\/evertonfc.cz\/index.php\/2020\/07\/08\/preview-everton-southampton-9-7-2020\/\"]}]},{\"@type\":\"ImageObject\",\"inLanguage\":\"cs\",\"@id\":\"https:\/\/evertonfc.cz\/index.php\/2020\/07\/08\/preview-everton-southampton-9-7-2020\/#primaryimage\",\"url\":\"https:\/\/evertonfc.cz\/wp-content\/uploads\/2021\/03\/Everton-VS-Southampton.png\",\"contentUrl\":\"https:\/\/evertonfc.cz\/wp-content\/uploads\/2021\/03\/Everton-VS-Southampton.png\",\"width\":720,\"height\":405},{\"@type\":\"BreadcrumbList\",\"@id\":\"https:\/\/evertonfc.cz\/index.php\/2020\/07\/08\/preview-everton-southampton-9-7-2020\/#breadcrumb\",\"itemListElement\":[{\"@type\":\"ListItem\",\"position\":1,\"name\":\"Home\",\"item\":\"https:\/\/evertonfc.cz\/\"},{\"@type\":\"ListItem\",\"position\":2,\"name\":\"Preview: Everton &#8211; Southampton\"}]},{\"@type\":\"WebSite\",\"@id\":\"https:\/\/evertonfc.cz\/#website\",\"url\":\"https:\/\/evertonfc.cz\/\",\"name\":\"Official Czech &amp; Slovak Everton Supporters&#039; Club\",\"description\":\"\",\"publisher\":{\"@id\":\"https:\/\/evertonfc.cz\/#organization\"},\"potentialAction\":[{\"@type\":\"SearchAction\",\"target\":{\"@type\":\"EntryPoint\",\"urlTemplate\":\"https:\/\/evertonfc.cz\/?s={search_term_string}\"},\"query-input\":{\"@type\":\"PropertyValueSpecification\",\"valueRequired\":true,\"valueName\":\"search_term_string\"}}],\"inLanguage\":\"cs\"},{\"@type\":\"Organization\",\"@id\":\"https:\/\/evertonfc.cz\/#organization\",\"name\":\"Official Czech & Slovak Everton Supporters' Club\",\"url\":\"https:\/\/evertonfc.cz\/\",\"logo\":{\"@type\":\"ImageObject\",\"inLanguage\":\"cs\",\"@id\":\"https:\/\/evertonfc.cz\/#\/schema\/logo\/image\/\",\"url\":\"https:\/\/evertonfc.cz\/wp-content\/uploads\/2019\/05\/logo.png\",\"contentUrl\":\"https:\/\/evertonfc.cz\/wp-content\/uploads\/2019\/05\/logo.png\",\"width\":112,\"height\":112,\"caption\":\"Official Czech & Slovak Everton Supporters' Club\"},\"image\":{\"@id\":\"https:\/\/evertonfc.cz\/#\/schema\/logo\/image\/\"},\"sameAs\":[\"https:\/\/www.facebook.com\/everton.fans.cz.sk\"]},{\"@type\":\"Person\",\"@id\":\"https:\/\/evertonfc.cz\/#\/schema\/person\/f7a5daedb2ffee98480bc70e191aaef1\",\"name\":\"Ri\u010di\",\"sameAs\":[\"https:\/\/x.com\/rbrejsa\"],\"url\":\"https:\/\/evertonfc.cz\/index.php\/author\/rici\/\"}]}<\/script>\n<!-- \/ Yoast SEO plugin. -->","yoast_head_json":{"title":"Preview: Everton - Southampton - Official Czech &amp; Slovak Everton Supporters&#039; Club","description":"Na zpytov\u00e1n\u00ed sv\u011bdom\u00ed po pond\u011bln\u00ed proh\u0159e se Spurs nem\u00e1 Everton p\u0159\u00edli\u0161 \u010dasu, v dal\u0161\u00edm utk\u00e1n\u00ed Premier League p\u0159iv\u00edt\u00e1 u\u017e ve \u010dtvrtek t\u0159in\u00e1ct\u00fd Southampton.","robots":{"index":"index","follow":"follow","max-snippet":"max-snippet:-1","max-image-preview":"max-image-preview:large","max-video-preview":"max-video-preview:-1"},"canonical":"https:\/\/evertonfc.cz\/index.php\/2020\/07\/08\/preview-everton-southampton-9-7-2020\/","og_locale":"cs_CZ","og_type":"article","og_title":"Preview: Everton - Southampton - Official Czech &amp; Slovak Everton Supporters&#039; Club","og_description":"Na zpytov\u00e1n\u00ed sv\u011bdom\u00ed po pond\u011bln\u00ed proh\u0159e se Spurs nem\u00e1 Everton p\u0159\u00edli\u0161 \u010dasu, v dal\u0161\u00edm utk\u00e1n\u00ed Premier League p\u0159iv\u00edt\u00e1 u\u017e ve \u010dtvrtek t\u0159in\u00e1ct\u00fd Southampton.","og_url":"https:\/\/evertonfc.cz\/index.php\/2020\/07\/08\/preview-everton-southampton-9-7-2020\/","og_site_name":"Official Czech &amp; Slovak Everton Supporters&#039; Club","article_publisher":"https:\/\/www.facebook.com\/everton.fans.cz.sk","article_published_time":"2020-07-08T19:39:39+00:00","article_modified_time":"2021-03-01T12:21:52+00:00","og_image":[{"width":720,"height":405,"url":"https:\/\/evertonfc.cz\/wp-content\/uploads\/2021\/03\/Everton-VS-Southampton.png","type":"image\/png"}],"author":"Ri\u010di","twitter_card":"summary_large_image","twitter_creator":"@rbrejsa","twitter_misc":{"Napsal(a)":"Ri\u010di","Odhadovan\u00e1 doba \u010dten\u00ed":"2 minuty"},"schema":{"@context":"https:\/\/schema.org","@graph":[{"@type":"Article","@id":"https:\/\/evertonfc.cz\/index.php\/2020\/07\/08\/preview-everton-southampton-9-7-2020\/#article","isPartOf":{"@id":"https:\/\/evertonfc.cz\/index.php\/2020\/07\/08\/preview-everton-southampton-9-7-2020\/"},"author":{"name":"Ri\u010di","@id":"https:\/\/evertonfc.cz\/#\/schema\/person\/f7a5daedb2ffee98480bc70e191aaef1"},"headline":"Preview: Everton &#8211; Southampton","datePublished":"2020-07-08T19:39:39+00:00","dateModified":"2021-03-01T12:21:52+00:00","mainEntityOfPage":{"@id":"https:\/\/evertonfc.cz\/index.php\/2020\/07\/08\/preview-everton-southampton-9-7-2020\/"},"wordCount":537,"commentCount":7,"publisher":{"@id":"https:\/\/evertonfc.cz\/#organization"},"image":{"@id":"https:\/\/evertonfc.cz\/index.php\/2020\/07\/08\/preview-everton-southampton-9-7-2020\/#primaryimage"},"thumbnailUrl":"https:\/\/evertonfc.cz\/wp-content\/uploads\/2021\/03\/Everton-VS-Southampton.png","articleSection":["Z\u00e1pasy"],"inLanguage":"cs","potentialAction":[{"@type":"CommentAction","name":"Comment","target":["https:\/\/evertonfc.cz\/index.php\/2020\/07\/08\/preview-everton-southampton-9-7-2020\/#respond"]}]},{"@type":"WebPage","@id":"https:\/\/evertonfc.cz\/index.php\/2020\/07\/08\/preview-everton-southampton-9-7-2020\/","url":"https:\/\/evertonfc.cz\/index.php\/2020\/07\/08\/preview-everton-southampton-9-7-2020\/","name":"Preview: Everton - Southampton - Official Czech &amp; Slovak Everton Supporters&#039; Club","isPartOf":{"@id":"https:\/\/evertonfc.cz\/#website"},"primaryImageOfPage":{"@id":"https:\/\/evertonfc.cz\/index.php\/2020\/07\/08\/preview-everton-southampton-9-7-2020\/#primaryimage"},"image":{"@id":"https:\/\/evertonfc.cz\/index.php\/2020\/07\/08\/preview-everton-southampton-9-7-2020\/#primaryimage"},"thumbnailUrl":"https:\/\/evertonfc.cz\/wp-content\/uploads\/2021\/03\/Everton-VS-Southampton.png","datePublished":"2020-07-08T19:39:39+00:00","dateModified":"2021-03-01T12:21:52+00:00","description":"Na zpytov\u00e1n\u00ed sv\u011bdom\u00ed po pond\u011bln\u00ed proh\u0159e se Spurs nem\u00e1 Everton p\u0159\u00edli\u0161 \u010dasu, v dal\u0161\u00edm utk\u00e1n\u00ed Premier League p\u0159iv\u00edt\u00e1 u\u017e ve \u010dtvrtek t\u0159in\u00e1ct\u00fd Southampton.","breadcrumb":{"@id":"https:\/\/evertonfc.cz\/index.php\/2020\/07\/08\/preview-everton-southampton-9-7-2020\/#breadcrumb"},"inLanguage":"cs","potentialAction":[{"@type":"ReadAction","target":["https:\/\/evertonfc.cz\/index.php\/2020\/07\/08\/preview-everton-southampton-9-7-2020\/"]}]},{"@type":"ImageObject","inLanguage":"cs","@id":"https:\/\/evertonfc.cz\/index.php\/2020\/07\/08\/preview-everton-southampton-9-7-2020\/#primaryimage","url":"https:\/\/evertonfc.cz\/wp-content\/uploads\/2021\/03\/Everton-VS-Southampton.png","contentUrl":"https:\/\/evertonfc.cz\/wp-content\/uploads\/2021\/03\/Everton-VS-Southampton.png","width":720,"height":405},{"@type":"BreadcrumbList","@id":"https:\/\/evertonfc.cz\/index.php\/2020\/07\/08\/preview-everton-southampton-9-7-2020\/#breadcrumb","itemListElement":[{"@type":"ListItem","position":1,"name":"Home","item":"https:\/\/evertonfc.cz\/"},{"@type":"ListItem","position":2,"name":"Preview: Everton &#8211; Southampton"}]},{"@type":"WebSite","@id":"https:\/\/evertonfc.cz\/#website","url":"https:\/\/evertonfc.cz\/","name":"Official Czech &amp; Slovak Everton Supporters&#039; Club","description":"","publisher":{"@id":"https:\/\/evertonfc.cz\/#organization"},"potentialAction":[{"@type":"SearchAction","target":{"@type":"EntryPoint","urlTemplate":"https:\/\/evertonfc.cz\/?s={search_term_string}"},"query-input":{"@type":"PropertyValueSpecification","valueRequired":true,"valueName":"search_term_string"}}],"inLanguage":"cs"},{"@type":"Organization","@id":"https:\/\/evertonfc.cz\/#organization","name":"Official Czech & Slovak Everton Supporters' Club","url":"https:\/\/evertonfc.cz\/","logo":{"@type":"ImageObject","inLanguage":"cs","@id":"https:\/\/evertonfc.cz\/#\/schema\/logo\/image\/","url":"https:\/\/evertonfc.cz\/wp-content\/uploads\/2019\/05\/logo.png","contentUrl":"https:\/\/evertonfc.cz\/wp-content\/uploads\/2019\/05\/logo.png","width":112,"height":112,"caption":"Official Czech & Slovak Everton Supporters' Club"},"image":{"@id":"https:\/\/evertonfc.cz\/#\/schema\/logo\/image\/"},"sameAs":["https:\/\/www.facebook.com\/everton.fans.cz.sk"]},{"@type":"Person","@id":"https:\/\/evertonfc.cz\/#\/schema\/person\/f7a5daedb2ffee98480bc70e191aaef1","name":"Ri\u010di","sameAs":["https:\/\/x.com\/rbrejsa"],"url":"https:\/\/evertonfc.cz\/index.php\/author\/rici\/"}]}},"_links":{"self":[{"href":"https:\/\/evertonfc.cz\/index.php\/wp-json\/wp\/v2\/posts\/11392"}],"collection":[{"href":"https:\/\/evertonfc.cz\/index.php\/wp-json\/wp\/v2\/posts"}],"about":[{"href":"https:\/\/evertonfc.cz\/index.php\/wp-json\/wp\/v2\/types\/post"}],"author":[{"embeddable":true,"href":"https:\/\/evertonfc.cz\/index.php\/wp-json\/wp\/v2\/users\/6"}],"replies":[{"embeddable":true,"href":"https:\/\/evertonfc.cz\/index.php\/wp-json\/wp\/v2\/comments?post=11392"}],"version-history":[{"count":6,"href":"https:\/\/evertonfc.cz\/index.php\/wp-json\/wp\/v2\/posts\/11392\/revisions"}],"predecessor-version":[{"id":14012,"href":"https:\/\/evertonfc.cz\/index.php\/wp-json\/wp\/v2\/posts\/11392\/revisions\/14012"}],"wp:featuredmedia":[{"embeddable":true,"href":"https:\/\/evertonfc.cz\/index.php\/wp-json\/wp\/v2\/media\/14388"}],"wp:attachment":[{"href":"https:\/\/evertonfc.cz\/index.php\/wp-json\/wp\/v2\/media?parent=11392"}],"wp:term":[{"taxonomy":"category","embeddable":true,"href":"https:\/\/evertonfc.cz\/index.php\/wp-json\/wp\/v2\/categories?post=11392"},{"taxonomy":"post_tag","embeddable":true,"href":"https:\/\/evertonfc.cz\/index.php\/wp-json\/wp\/v2\/tags?post=11392"}],"curies":[{"name":"wp","href":"https:\/\/api.w.org\/{rel}","templated":true}]}}