{"id":11408,"date":"2020-07-12T10:49:19","date_gmt":"2020-07-12T08:49:19","guid":{"rendered":"https:\/\/evertonfc.cz\/?p=11408"},"modified":"2021-05-19T12:33:37","modified_gmt":"2021-05-19T10:33:37","slug":"preview-wolverhampton-wanderers-everton-3","status":"publish","type":"post","link":"https:\/\/evertonfc.cz\/index.php\/2020\/07\/12\/preview-wolverhampton-wanderers-everton-3\/","title":{"rendered":"Preview: Wolverhampton Wanderers \u2013 Everton"},"content":{"rendered":"<h4>\u0160tvrt\u00fd z\u00e1pas v rozp\u00e4t\u00ed dvan\u00e1stich dn\u00ed pre The Toffees prin\u00e1\u0161a v\u00fdzvu v podobe hladn\u00fdch Vlkov, ktor\u00ed u\u017e dva z\u00e1pasy v rade nebodovali. Pochutia si teda na Karamelk\u00e1ch?<\/h4>\n<p>Hostia od re\u0161tartu nazbierali sol\u00eddnych osem bodov. Mohlo by ich by\u0165 mo\u017eno viac, ale po s\u013eubnom za\u010diatku pri\u0161li rozpa\u010dit\u00e9 v\u00fdkony, pod ktor\u00e9 sa za\u010d\u00edna podpisova\u0165 \u00fanava, zranenia a v\u00fdpadky formy k\u013e\u00fa\u010dov\u00fdch hr\u00e1\u010dov. Menovite m\u00f4\u017eeme spomen\u00fa\u0165 Gomesa, Calverta-Lewina \u010di Iwobiho. Najm\u00e4 forma prv\u00e9ho menovan\u00e9ho je probl\u00e9m.<\/p>\n<p>Everton u\u017e teraz disponuje nedostatkom stredn\u00fdch a z\u00e1rove\u0148 schopn\u00fdch z\u00e1lo\u017en\u00edkov. Portugalec je nev\u00fdrazn\u00fd, na jeho poste vo form\u00e1cii 4-4-2 neovplyv\u0148uje hru dostato\u010dn\u00fdm sp\u00f4sobom a prepojenie obrany s \u00fatokom cez stred prakticky neexistuje. Nepom\u00e1haj\u00fa pri tom ani Davies \u010di Sigurdsson, s ktor\u00fdm je Ancelotti prekvapivo spokojn\u00fd.<\/p>\n<p>\u00datok sa moment\u00e1lne spolieha len na Richarlisona, od ktor\u00e9ho Talian na lavi\u010dke vraj o\u010dak\u00e1va minimum dvadsa\u0165 g\u00f3lov za sez\u00f3nu. Moment\u00e1lne ich m\u00e1 na konte vo v\u0161etk\u00fdch s\u00fa\u0165a\u017eiach \u0161trn\u00e1s\u0165. V posledn\u00fdch \u0161tyroch ligov\u00fdch dueloch by si mal teda prip\u00edsa\u0165 \u0161tatistiku v priemere 1.5 g\u00f3lu na z\u00e1pas. To je v\u00fdzva aj pre lep\u0161\u00edch futbalistov.<\/p>\n<p>Ur\u010dite by sme ale rad\u0161ej priv\u00edtali pr\u00ednos aj od in\u00fdch mien. S t\u00fdm ale ur\u010dite nepom\u00f4\u017eu Delph, Gbamin, Tosun a ani Walcott. Ten napriek tomu, \u017ee bol na lavi\u010dke proti The Saints, je znovu indisponovan\u00fd. Pred z\u00e1pasom sa rozhodne o riziku nasadi\u0165 Holgatea (hor\u00faci kandid\u00e1t na suplovanie v strede po\u013ea) a Gomesa.<\/p>\n<h4>The Wolves<\/h4>\n<p>Dom\u00e1ci t\u00edm si vedie aj v druhom roku v Premier League nadmieru dobre. Po skvelom vla\u0148aj\u0161om fini\u0161i na siedmom mieste hraj\u00fa st\u00e1le vyra\u010fovaciu \u010das\u0165 Eur\u00f3pskej ligy a po rozpa\u010ditom \u0161tarte ro\u010dn\u00edku vymazali aj pochybnosti spojen\u00e9 so syndr\u00f3mom druhej sez\u00f3ny. Preto tabu\u013ekov\u00e9 repete po 38. kole nemus\u00ed by\u0165 nere\u00e1lne.<\/p>\n<p>Nuno Espirito Santo m\u00e1 k dispoz\u00edcii prakticky cel\u00fd k\u00e1der a jedin\u00e1 mo\u017en\u00e1 absencia sa m\u00f4\u017ee vyskytn\u00fa\u0165 v pr\u00edpade Traor\u00e9ho. Hora svalov, pohybuj\u00faca sa na hranici r\u00fdchlostn\u00fdch limitov profesion\u00e1lnych futbalistov, si u\u017e \u0161tvrt\u00fdkr\u00e1t za posledn\u00e9ho polroka vyk\u013abila rameno. V s\u00fa\u010dasnosti hr\u00e1 pod injekciami a mus\u00ed na oper\u00e1ciu.<\/p>\n<p>Vz\u00e1jomn\u00e1 bilancia posledn\u00fdch dvoch rokov je vyrovnan\u00e1. Prv\u00fd raz sa pri novodobej premi\u00e9re zrodila rem\u00edza, potom sa presadili Vlci v Goodison Parku, a na tom istom \u0161tadi\u00f3ne v septembri heroicky vyhral Everton po prestrelke 3:2. Jeden z m\u00e1la vydaren\u00fdch z\u00e1pasov e\u0161te pred vyhadzovom Silvu.<\/p>\n<h3 style=\"text-align: center;\"><span style=\"color: #3366ff;\"><strong><em>Up The Toffees !!!<\/em><\/strong><\/span><\/h3>\n<p><u>Forma s\u00fapera:<\/u><\/p>\n<table class=\"head_to_head h2h_home\" style=\"width: 99.7333%;\">\n<tbody>\n<tr class=\"highlight odd\">\n<td style=\"width: 155px;\"><span class=\"date\">08.07.20<\/span><\/td>\n<td class=\"flag_td \" style=\"width: 66px;\" title=\"Premier League (Anglicko)\">PL<\/td>\n<td class=\"name\" style=\"width: 215px;\"><strong>Sheffield Utd<\/strong><\/td>\n<td class=\"name highTeam\" style=\"width: 220px;\">Wolves<\/td>\n<td class=\"\" style=\"width: 92px;\"><span class=\"score\"><strong>1 : 0<\/strong><\/span><\/td>\n<\/tr>\n<tr class=\"highlight even\">\n<td style=\"width: 155px;\"><span class=\"date\">04.07.20<\/span><\/td>\n<td class=\"flag_td \" style=\"width: 66px;\" title=\"Premier League (Anglicko)\">PL<\/td>\n<td class=\"name highTeam\" style=\"width: 215px;\">Wolves<\/td>\n<td class=\"name\" style=\"width: 220px;\"><strong>Arsenal<\/strong><\/td>\n<td class=\"\" style=\"width: 92px;\"><span class=\"score\"><strong>0 : 2<\/strong><\/span><\/td>\n<\/tr>\n<tr class=\"highlight odd\">\n<td style=\"width: 155px;\"><span class=\"date\">27.06.20<\/span><\/td>\n<td class=\"flag_td \" style=\"width: 66px;\" title=\"Premier League (Anglicko)\">PL<\/td>\n<td class=\"name\" style=\"width: 215px;\">Aston Villa<\/td>\n<td class=\"name highTeam\" style=\"width: 220px;\"><strong>Wolves<\/strong><\/td>\n<td class=\"\" style=\"width: 92px;\"><span class=\"score\"><strong>0 : 1<\/strong><\/span><\/td>\n<\/tr>\n<tr class=\"highlight even\">\n<td style=\"width: 155px;\"><span class=\"date\">24.06.20<\/span><\/td>\n<td class=\"flag_td \" style=\"width: 66px;\" title=\"Premier League (Anglicko)\">PL<\/td>\n<td class=\"name highTeam\" style=\"width: 215px;\"><strong>Wolves<\/strong><\/td>\n<td class=\"name\" style=\"width: 220px;\">Bournemouth<\/td>\n<td class=\"\" style=\"width: 92px;\"><span class=\"score\"><strong>1 : 0<\/strong><\/span><\/td>\n<\/tr>\n<tr class=\"highlight odd highlighted\" title=\"Klikni pre detail z\u00e1pasu!\">\n<td style=\"width: 155px;\"><span class=\"date\">20.06.20<\/span><\/td>\n<td class=\"flag_td \" style=\"width: 66px;\" title=\"Premier League (Anglicko)\">PL<\/td>\n<td class=\"name\" style=\"width: 215px;\">West Ham<\/td>\n<td class=\"name highTeam\" style=\"width: 220px;\"><strong>Wolves<\/strong><\/td>\n<td class=\"\" style=\"width: 92px;\"><span class=\"score\"><strong>0 : 2<\/strong><\/span><\/td>\n<\/tr>\n<\/tbody>\n<\/table>\n<hr \/>\n<p><strong>\u010co:<\/strong> Wolverhampton Wanderers FC \u2013 Everton FC, 35. kolo Premier League<br \/>\n<strong>Kedy:<\/strong> 12.7. 2020 od 13:00 SE\u010c<br \/>\n<strong>Ako:<\/strong> PREMIER Sport<br \/>\n<strong>Kde:<\/strong> Molineux Stadium \u2013 Waterloo Road, Wolverhampton WV1 4QR (bez div\u00e1kov)<br \/>\n<strong>Rozhodca:<\/strong> Anthony Taylor <strong>Asistenti:<\/strong> G. Beswick, A. Nunn <strong>\u0160tvrt\u00fd rozhodca:<\/strong> K. Friend<br \/>\n<strong>VAR:<\/strong> A. Marriner <strong>Asistent VAR:<\/strong> S. Massey-Ellis <strong>N\u00e1hradn\u00fd rozhodca:<\/strong> M. Amphlett<\/p>\n","protected":false},"excerpt":{"rendered":"<p>\u0160tvrt\u00fd z\u00e1pas v rozp\u00e4t\u00ed dvan\u00e1stich dn\u00ed pre The Toffees prin\u00e1\u0161a v\u00fdzvu v podobe hladn\u00fdch Vlkov, ktor\u00ed u\u017e dva z\u00e1pasy v rade nebodovali. Pochutia si teda na Karamelk\u00e1ch?<\/p>\n","protected":false},"author":1,"featured_media":13534,"comment_status":"open","ping_status":"closed","sticky":false,"template":"","format":"standard","meta":{"_eb_attr":"","_monsterinsights_skip_tracking":false,"_monsterinsights_sitenote_active":false,"_monsterinsights_sitenote_note":"","_monsterinsights_sitenote_category":0,"footnotes":""},"categories":[4],"tags":[],"yoast_head":"<!-- This site is optimized with the Yoast SEO plugin v23.4 - https:\/\/yoast.com\/wordpress\/plugins\/seo\/ -->\n<title>Preview: Wolverhampton Wanderers \u2013 Everton - Official Czech &amp; Slovak Everton Supporters&#039; Club<\/title>\n<meta name=\"robots\" content=\"index, follow, max-snippet:-1, max-image-preview:large, max-video-preview:-1\" \/>\n<link rel=\"canonical\" href=\"https:\/\/evertonfc.cz\/index.php\/2020\/07\/12\/preview-wolverhampton-wanderers-everton-3\/\" \/>\n<meta property=\"og:locale\" content=\"cs_CZ\" \/>\n<meta property=\"og:type\" content=\"article\" \/>\n<meta property=\"og:title\" content=\"Preview: Wolverhampton Wanderers \u2013 Everton - Official Czech &amp; Slovak Everton Supporters&#039; Club\" \/>\n<meta property=\"og:description\" content=\"\u0160tvrt\u00fd z\u00e1pas v rozp\u00e4t\u00ed dvan\u00e1stich dn\u00ed pre The Toffees prin\u00e1\u0161a v\u00fdzvu v podobe hladn\u00fdch Vlkov, ktor\u00ed u\u017e dva z\u00e1pasy v rade nebodovali. Pochutia si teda na Karamelk\u00e1ch?\" \/>\n<meta property=\"og:url\" content=\"https:\/\/evertonfc.cz\/index.php\/2020\/07\/12\/preview-wolverhampton-wanderers-everton-3\/\" \/>\n<meta property=\"og:site_name\" content=\"Official Czech &amp; Slovak Everton Supporters&#039; Club\" \/>\n<meta property=\"article:publisher\" content=\"https:\/\/www.facebook.com\/everton.fans.cz.sk\" \/>\n<meta property=\"article:published_time\" content=\"2020-07-12T08:49:19+00:00\" \/>\n<meta property=\"article:modified_time\" content=\"2021-05-19T10:33:37+00:00\" \/>\n<meta property=\"og:image\" content=\"https:\/\/evertonfc.cz\/wp-content\/uploads\/2021\/01\/Wolverhampton-Wanderers-VS-Everton.jpg\" \/>\n\t<meta property=\"og:image:width\" content=\"720\" \/>\n\t<meta property=\"og:image:height\" content=\"405\" \/>\n\t<meta property=\"og:image:type\" content=\"image\/jpeg\" \/>\n<meta name=\"author\" content=\"BlueBlooded\" \/>\n<meta name=\"twitter:card\" content=\"summary_large_image\" \/>\n<meta name=\"twitter:label1\" content=\"Napsal(a)\" \/>\n\t<meta name=\"twitter:data1\" content=\"BlueBlooded\" \/>\n\t<meta name=\"twitter:label2\" content=\"Odhadovan\u00e1 doba \u010dten\u00ed\" \/>\n\t<meta name=\"twitter:data2\" content=\"3 minuty\" \/>\n<script type=\"application\/ld+json\" class=\"yoast-schema-graph\">{\"@context\":\"https:\/\/schema.org\",\"@graph\":[{\"@type\":\"Article\",\"@id\":\"https:\/\/evertonfc.cz\/index.php\/2020\/07\/12\/preview-wolverhampton-wanderers-everton-3\/#article\",\"isPartOf\":{\"@id\":\"https:\/\/evertonfc.cz\/index.php\/2020\/07\/12\/preview-wolverhampton-wanderers-everton-3\/\"},\"author\":{\"name\":\"BlueBlooded\",\"@id\":\"https:\/\/evertonfc.cz\/#\/schema\/person\/d4493b8cbea51532597fbc4685698916\"},\"headline\":\"Preview: Wolverhampton Wanderers \u2013 Everton\",\"datePublished\":\"2020-07-12T08:49:19+00:00\",\"dateModified\":\"2021-05-19T10:33:37+00:00\",\"mainEntityOfPage\":{\"@id\":\"https:\/\/evertonfc.cz\/index.php\/2020\/07\/12\/preview-wolverhampton-wanderers-everton-3\/\"},\"wordCount\":549,\"commentCount\":6,\"publisher\":{\"@id\":\"https:\/\/evertonfc.cz\/#organization\"},\"image\":{\"@id\":\"https:\/\/evertonfc.cz\/index.php\/2020\/07\/12\/preview-wolverhampton-wanderers-everton-3\/#primaryimage\"},\"thumbnailUrl\":\"https:\/\/evertonfc.cz\/wp-content\/uploads\/2021\/01\/Wolverhampton-Wanderers-VS-Everton.jpg\",\"articleSection\":[\"Z\u00e1pasy\"],\"inLanguage\":\"cs\",\"potentialAction\":[{\"@type\":\"CommentAction\",\"name\":\"Comment\",\"target\":[\"https:\/\/evertonfc.cz\/index.php\/2020\/07\/12\/preview-wolverhampton-wanderers-everton-3\/#respond\"]}]},{\"@type\":\"WebPage\",\"@id\":\"https:\/\/evertonfc.cz\/index.php\/2020\/07\/12\/preview-wolverhampton-wanderers-everton-3\/\",\"url\":\"https:\/\/evertonfc.cz\/index.php\/2020\/07\/12\/preview-wolverhampton-wanderers-everton-3\/\",\"name\":\"Preview: Wolverhampton Wanderers \u2013 Everton - Official Czech &amp; Slovak Everton Supporters&#039; Club\",\"isPartOf\":{\"@id\":\"https:\/\/evertonfc.cz\/#website\"},\"primaryImageOfPage\":{\"@id\":\"https:\/\/evertonfc.cz\/index.php\/2020\/07\/12\/preview-wolverhampton-wanderers-everton-3\/#primaryimage\"},\"image\":{\"@id\":\"https:\/\/evertonfc.cz\/index.php\/2020\/07\/12\/preview-wolverhampton-wanderers-everton-3\/#primaryimage\"},\"thumbnailUrl\":\"https:\/\/evertonfc.cz\/wp-content\/uploads\/2021\/01\/Wolverhampton-Wanderers-VS-Everton.jpg\",\"datePublished\":\"2020-07-12T08:49:19+00:00\",\"dateModified\":\"2021-05-19T10:33:37+00:00\",\"breadcrumb\":{\"@id\":\"https:\/\/evertonfc.cz\/index.php\/2020\/07\/12\/preview-wolverhampton-wanderers-everton-3\/#breadcrumb\"},\"inLanguage\":\"cs\",\"potentialAction\":[{\"@type\":\"ReadAction\",\"target\":[\"https:\/\/evertonfc.cz\/index.php\/2020\/07\/12\/preview-wolverhampton-wanderers-everton-3\/\"]}]},{\"@type\":\"ImageObject\",\"inLanguage\":\"cs\",\"@id\":\"https:\/\/evertonfc.cz\/index.php\/2020\/07\/12\/preview-wolverhampton-wanderers-everton-3\/#primaryimage\",\"url\":\"https:\/\/evertonfc.cz\/wp-content\/uploads\/2021\/01\/Wolverhampton-Wanderers-VS-Everton.jpg\",\"contentUrl\":\"https:\/\/evertonfc.cz\/wp-content\/uploads\/2021\/01\/Wolverhampton-Wanderers-VS-Everton.jpg\",\"width\":720,\"height\":405},{\"@type\":\"BreadcrumbList\",\"@id\":\"https:\/\/evertonfc.cz\/index.php\/2020\/07\/12\/preview-wolverhampton-wanderers-everton-3\/#breadcrumb\",\"itemListElement\":[{\"@type\":\"ListItem\",\"position\":1,\"name\":\"Home\",\"item\":\"https:\/\/evertonfc.cz\/\"},{\"@type\":\"ListItem\",\"position\":2,\"name\":\"Preview: Wolverhampton Wanderers \u2013 Everton\"}]},{\"@type\":\"WebSite\",\"@id\":\"https:\/\/evertonfc.cz\/#website\",\"url\":\"https:\/\/evertonfc.cz\/\",\"name\":\"Official Czech &amp; Slovak Everton Supporters&#039; Club\",\"description\":\"\",\"publisher\":{\"@id\":\"https:\/\/evertonfc.cz\/#organization\"},\"potentialAction\":[{\"@type\":\"SearchAction\",\"target\":{\"@type\":\"EntryPoint\",\"urlTemplate\":\"https:\/\/evertonfc.cz\/?s={search_term_string}\"},\"query-input\":{\"@type\":\"PropertyValueSpecification\",\"valueRequired\":true,\"valueName\":\"search_term_string\"}}],\"inLanguage\":\"cs\"},{\"@type\":\"Organization\",\"@id\":\"https:\/\/evertonfc.cz\/#organization\",\"name\":\"Official Czech & Slovak Everton Supporters' Club\",\"url\":\"https:\/\/evertonfc.cz\/\",\"logo\":{\"@type\":\"ImageObject\",\"inLanguage\":\"cs\",\"@id\":\"https:\/\/evertonfc.cz\/#\/schema\/logo\/image\/\",\"url\":\"https:\/\/evertonfc.cz\/wp-content\/uploads\/2019\/05\/logo.png\",\"contentUrl\":\"https:\/\/evertonfc.cz\/wp-content\/uploads\/2019\/05\/logo.png\",\"width\":112,\"height\":112,\"caption\":\"Official Czech & Slovak Everton Supporters' Club\"},\"image\":{\"@id\":\"https:\/\/evertonfc.cz\/#\/schema\/logo\/image\/\"},\"sameAs\":[\"https:\/\/www.facebook.com\/everton.fans.cz.sk\"]},{\"@type\":\"Person\",\"@id\":\"https:\/\/evertonfc.cz\/#\/schema\/person\/d4493b8cbea51532597fbc4685698916\",\"name\":\"BlueBlooded\",\"url\":\"https:\/\/evertonfc.cz\/index.php\/author\/admin\/\"}]}<\/script>\n<!-- \/ Yoast SEO plugin. -->","yoast_head_json":{"title":"Preview: Wolverhampton Wanderers \u2013 Everton - Official Czech &amp; Slovak Everton Supporters&#039; Club","robots":{"index":"index","follow":"follow","max-snippet":"max-snippet:-1","max-image-preview":"max-image-preview:large","max-video-preview":"max-video-preview:-1"},"canonical":"https:\/\/evertonfc.cz\/index.php\/2020\/07\/12\/preview-wolverhampton-wanderers-everton-3\/","og_locale":"cs_CZ","og_type":"article","og_title":"Preview: Wolverhampton Wanderers \u2013 Everton - Official Czech &amp; Slovak Everton Supporters&#039; Club","og_description":"\u0160tvrt\u00fd z\u00e1pas v rozp\u00e4t\u00ed dvan\u00e1stich dn\u00ed pre The Toffees prin\u00e1\u0161a v\u00fdzvu v podobe hladn\u00fdch Vlkov, ktor\u00ed u\u017e dva z\u00e1pasy v rade nebodovali. Pochutia si teda na Karamelk\u00e1ch?","og_url":"https:\/\/evertonfc.cz\/index.php\/2020\/07\/12\/preview-wolverhampton-wanderers-everton-3\/","og_site_name":"Official Czech &amp; Slovak Everton Supporters&#039; Club","article_publisher":"https:\/\/www.facebook.com\/everton.fans.cz.sk","article_published_time":"2020-07-12T08:49:19+00:00","article_modified_time":"2021-05-19T10:33:37+00:00","og_image":[{"width":720,"height":405,"url":"https:\/\/evertonfc.cz\/wp-content\/uploads\/2021\/01\/Wolverhampton-Wanderers-VS-Everton.jpg","type":"image\/jpeg"}],"author":"BlueBlooded","twitter_card":"summary_large_image","twitter_misc":{"Napsal(a)":"BlueBlooded","Odhadovan\u00e1 doba \u010dten\u00ed":"3 minuty"},"schema":{"@context":"https:\/\/schema.org","@graph":[{"@type":"Article","@id":"https:\/\/evertonfc.cz\/index.php\/2020\/07\/12\/preview-wolverhampton-wanderers-everton-3\/#article","isPartOf":{"@id":"https:\/\/evertonfc.cz\/index.php\/2020\/07\/12\/preview-wolverhampton-wanderers-everton-3\/"},"author":{"name":"BlueBlooded","@id":"https:\/\/evertonfc.cz\/#\/schema\/person\/d4493b8cbea51532597fbc4685698916"},"headline":"Preview: Wolverhampton Wanderers \u2013 Everton","datePublished":"2020-07-12T08:49:19+00:00","dateModified":"2021-05-19T10:33:37+00:00","mainEntityOfPage":{"@id":"https:\/\/evertonfc.cz\/index.php\/2020\/07\/12\/preview-wolverhampton-wanderers-everton-3\/"},"wordCount":549,"commentCount":6,"publisher":{"@id":"https:\/\/evertonfc.cz\/#organization"},"image":{"@id":"https:\/\/evertonfc.cz\/index.php\/2020\/07\/12\/preview-wolverhampton-wanderers-everton-3\/#primaryimage"},"thumbnailUrl":"https:\/\/evertonfc.cz\/wp-content\/uploads\/2021\/01\/Wolverhampton-Wanderers-VS-Everton.jpg","articleSection":["Z\u00e1pasy"],"inLanguage":"cs","potentialAction":[{"@type":"CommentAction","name":"Comment","target":["https:\/\/evertonfc.cz\/index.php\/2020\/07\/12\/preview-wolverhampton-wanderers-everton-3\/#respond"]}]},{"@type":"WebPage","@id":"https:\/\/evertonfc.cz\/index.php\/2020\/07\/12\/preview-wolverhampton-wanderers-everton-3\/","url":"https:\/\/evertonfc.cz\/index.php\/2020\/07\/12\/preview-wolverhampton-wanderers-everton-3\/","name":"Preview: Wolverhampton Wanderers \u2013 Everton - Official Czech &amp; Slovak Everton Supporters&#039; Club","isPartOf":{"@id":"https:\/\/evertonfc.cz\/#website"},"primaryImageOfPage":{"@id":"https:\/\/evertonfc.cz\/index.php\/2020\/07\/12\/preview-wolverhampton-wanderers-everton-3\/#primaryimage"},"image":{"@id":"https:\/\/evertonfc.cz\/index.php\/2020\/07\/12\/preview-wolverhampton-wanderers-everton-3\/#primaryimage"},"thumbnailUrl":"https:\/\/evertonfc.cz\/wp-content\/uploads\/2021\/01\/Wolverhampton-Wanderers-VS-Everton.jpg","datePublished":"2020-07-12T08:49:19+00:00","dateModified":"2021-05-19T10:33:37+00:00","breadcrumb":{"@id":"https:\/\/evertonfc.cz\/index.php\/2020\/07\/12\/preview-wolverhampton-wanderers-everton-3\/#breadcrumb"},"inLanguage":"cs","potentialAction":[{"@type":"ReadAction","target":["https:\/\/evertonfc.cz\/index.php\/2020\/07\/12\/preview-wolverhampton-wanderers-everton-3\/"]}]},{"@type":"ImageObject","inLanguage":"cs","@id":"https:\/\/evertonfc.cz\/index.php\/2020\/07\/12\/preview-wolverhampton-wanderers-everton-3\/#primaryimage","url":"https:\/\/evertonfc.cz\/wp-content\/uploads\/2021\/01\/Wolverhampton-Wanderers-VS-Everton.jpg","contentUrl":"https:\/\/evertonfc.cz\/wp-content\/uploads\/2021\/01\/Wolverhampton-Wanderers-VS-Everton.jpg","width":720,"height":405},{"@type":"BreadcrumbList","@id":"https:\/\/evertonfc.cz\/index.php\/2020\/07\/12\/preview-wolverhampton-wanderers-everton-3\/#breadcrumb","itemListElement":[{"@type":"ListItem","position":1,"name":"Home","item":"https:\/\/evertonfc.cz\/"},{"@type":"ListItem","position":2,"name":"Preview: Wolverhampton Wanderers \u2013 Everton"}]},{"@type":"WebSite","@id":"https:\/\/evertonfc.cz\/#website","url":"https:\/\/evertonfc.cz\/","name":"Official Czech &amp; Slovak Everton Supporters&#039; Club","description":"","publisher":{"@id":"https:\/\/evertonfc.cz\/#organization"},"potentialAction":[{"@type":"SearchAction","target":{"@type":"EntryPoint","urlTemplate":"https:\/\/evertonfc.cz\/?s={search_term_string}"},"query-input":{"@type":"PropertyValueSpecification","valueRequired":true,"valueName":"search_term_string"}}],"inLanguage":"cs"},{"@type":"Organization","@id":"https:\/\/evertonfc.cz\/#organization","name":"Official Czech & Slovak Everton Supporters' Club","url":"https:\/\/evertonfc.cz\/","logo":{"@type":"ImageObject","inLanguage":"cs","@id":"https:\/\/evertonfc.cz\/#\/schema\/logo\/image\/","url":"https:\/\/evertonfc.cz\/wp-content\/uploads\/2019\/05\/logo.png","contentUrl":"https:\/\/evertonfc.cz\/wp-content\/uploads\/2019\/05\/logo.png","width":112,"height":112,"caption":"Official Czech & Slovak Everton Supporters' Club"},"image":{"@id":"https:\/\/evertonfc.cz\/#\/schema\/logo\/image\/"},"sameAs":["https:\/\/www.facebook.com\/everton.fans.cz.sk"]},{"@type":"Person","@id":"https:\/\/evertonfc.cz\/#\/schema\/person\/d4493b8cbea51532597fbc4685698916","name":"BlueBlooded","url":"https:\/\/evertonfc.cz\/index.php\/author\/admin\/"}]}},"_links":{"self":[{"href":"https:\/\/evertonfc.cz\/index.php\/wp-json\/wp\/v2\/posts\/11408"}],"collection":[{"href":"https:\/\/evertonfc.cz\/index.php\/wp-json\/wp\/v2\/posts"}],"about":[{"href":"https:\/\/evertonfc.cz\/index.php\/wp-json\/wp\/v2\/types\/post"}],"author":[{"embeddable":true,"href":"https:\/\/evertonfc.cz\/index.php\/wp-json\/wp\/v2\/users\/1"}],"replies":[{"embeddable":true,"href":"https:\/\/evertonfc.cz\/index.php\/wp-json\/wp\/v2\/comments?post=11408"}],"version-history":[{"count":5,"href":"https:\/\/evertonfc.cz\/index.php\/wp-json\/wp\/v2\/posts\/11408\/revisions"}],"predecessor-version":[{"id":11552,"href":"https:\/\/evertonfc.cz\/index.php\/wp-json\/wp\/v2\/posts\/11408\/revisions\/11552"}],"wp:featuredmedia":[{"embeddable":true,"href":"https:\/\/evertonfc.cz\/index.php\/wp-json\/wp\/v2\/media\/13534"}],"wp:attachment":[{"href":"https:\/\/evertonfc.cz\/index.php\/wp-json\/wp\/v2\/media?parent=11408"}],"wp:term":[{"taxonomy":"category","embeddable":true,"href":"https:\/\/evertonfc.cz\/index.php\/wp-json\/wp\/v2\/categories?post=11408"},{"taxonomy":"post_tag","embeddable":true,"href":"https:\/\/evertonfc.cz\/index.php\/wp-json\/wp\/v2\/tags?post=11408"}],"curies":[{"name":"wp","href":"https:\/\/api.w.org\/{rel}","templated":true}]}}