{"id":11416,"date":"2020-07-12T15:08:27","date_gmt":"2020-07-12T13:08:27","guid":{"rendered":"https:\/\/evertonfc.cz\/?p=11416"},"modified":"2020-07-12T20:51:40","modified_gmt":"2020-07-12T18:51:40","slug":"wolverhampton-wanderers-everton-3-0","status":"publish","type":"post","link":"https:\/\/evertonfc.cz\/index.php\/2020\/07\/12\/wolverhampton-wanderers-everton-3-0\/","title":{"rendered":"Wolverhampton Wanderers &#8211; Everton 3:0"},"content":{"rendered":"<h4>Zaslou\u017een\u00e1 prohra po velmi \u0161patn\u00e9m v\u00fdkonu.<\/h4>\n<p>Trochu p\u0159ekvapiv\u011b se do z\u00e1kladn\u00ed sestavy vr\u00e1til Walcott, nasazen\u00ed Bainese nalevo se tak\u00e9 ne\u010dekalo. Sp\u00e1rov\u00e1n\u00ed Sigurdssona s Daviesem ve st\u0159edu z\u00e1lohy taky nadzvedlo obo\u010d\u00ed fand\u016f, p\u0159i\u010dem\u017e Gordon op\u011bt hr\u00e1l na jej\u00edm kraji.<\/p>\n<p>Prvn\u00ed \u0161anci m\u011bli dom\u00e1c\u00ed, na kolmici si nab\u011bhl Podence, ale Keane ho vytla\u010dil z \u00fahlu a Pickford nata\u017eenou vzd\u00e1len\u011bj\u0161\u00ed rukou m\u00ed\u010d pokryl. Za Everton odpov\u011bd\u011bl st\u0159elou z v\u011bt\u0161\u00edho \u00fahlu po podobn\u00e9 akci Calvert-Lewin, se stejn\u00fdm v\u00fdsledkem. N\u00e1sledn\u011b se ke st\u0159ele dostal dom\u00e1c\u00ed Doherty, ale b\u011bhem st\u0159ely uklouzl a netrefil branku. N\u00e1sledn\u011b byla zblokov\u00e1na st\u0159ela Gordona, kter\u00e1 se odrazila k Walcottovi, ale tomu se nepovedl centr. Postupem \u010dasu ale dom\u00e1c\u00ed za\u010dali p\u0159eb\u00edrat aktivitu. P\u0159ihr\u00e1vku Podenceho na Neta zhatil vynikaj\u00edc\u00edm z\u00e1krokem Digne, jinak by Neto byl s\u00e1m p\u0159ed brank\u00e1\u0159em. Dal\u0161\u00edmi st\u0159elami hrozili Podence a Jim\u00e9nez, na\u0161t\u011bst\u00ed bez g\u00f3lu. N\u00e1sledn\u011b se nenapadan\u00fd p\u0159i vlastn\u00ed kli\u010dce na \u0161esti metrech od branky zranil Mina &#8211; zjevn\u011b nezn\u00e1 ten axiom, \u017ee se ve vlastn\u00edm velk\u00e9m v\u00e1pn\u011b p\u0159e\u0161lapova\u010dky ned\u011blaj\u00ed. Kolumbijsk\u00e9ho kulhaj\u00edc\u00edho stopera nahradil Coleman. Oboustrannou nudu roz\u010d\u00edsla a\u017e penalta v nastaven\u00e9m \u010dase prvn\u00edho polo\u010dasu. Noha Digneho se dostala mezi nohy Podenceho a rozhod\u010d\u00ed jejich kontakt na hran\u011b velk\u00e9ho v\u00e1pna posoudil jako faul francouzsk\u00e9ho obr\u00e1nce, nutno \u0159\u00edci, \u017ee byl. Jim\u00e9nez poslal m\u00ed\u010d doprava a Pickford sko\u010dil doleva &#8211; <strong>1:0.<\/strong><\/p>\n<p>Wolves hned z prvn\u00edho \u00fatoku druh\u00e9ho polo\u010dasu sk\u00f3rovali &#8211; centr Neta zprava z trest\u0148\u00e1ku um\u00edstil hlavou do s\u00edt\u011b Dendoncker &#8211; <strong>2:0.<\/strong> To ji\u017e byl na h\u0159i\u0161ti mlad\u00edk Branthwaite, kdy\u017e vyst\u0159\u00eddal veter\u00e1na Bainese. A pr\u00e1v\u011b Branthwaite byl ten, kter\u00fd hl\u00eddal st\u0159elce branky. Wolves si v klidu hl\u00eddali veden\u00ed a m\u00ed\u010d a kdy\u017e cht\u011bli, tak zahrozili. Frustraci symoblizoval faul Keana na Jim\u00e9neze, za kter\u00fd dostal \u017elutou kartu. Nav\u00edc o chvilku pozd\u011bji dom\u00e1c\u00ed nezv\u00fd\u0161ili pouze o centimetry &#8211; skv\u011ble hraj\u00edc\u00ed ligov\u00fd debutant Podence zakombinoval s Jim\u00e9nezem a Pickford chytil m\u00ed\u010d snad t\u0159i centimetry p\u0159ed p\u0159ejit\u00edm brankov\u00e9 \u010d\u00e1ry. Dal\u0161\u00ed \u0161anci chytil op\u011bt Pickford, kdy\u017e Neves\u016fv n\u00e1kop na\u0161el Jotu, jeho\u017e n\u00e1b\u011bh nezachytil Coleman, ale dom\u00e1c\u00ed hr\u00e1\u010d neprost\u0159elil brank\u00e1\u0159e. J\u00edm vyra\u017een\u00fd m\u00ed\u010d se dostal k Jimen\u00e9zovi, ale ten v\u00fdrazn\u011b p\u0159est\u0159elil. N\u00e1sledn\u011b si to Pickford a Coleman vy\u0159\u00edk\u00e1vali hodn\u011b zbl\u00edzka a ne zrovna v klidu. Po neprom\u011bn\u011bn\u00e9 k\u0159\u00ed\u017en\u00e9 st\u0159ele Digneho ve slu\u0161n\u00e9 \u0161anci zv\u00fd\u0161ili dom\u00e1c\u00ed veden\u00ed. Dlouhou p\u0159ihr\u00e1vku Nevese zpracoval Jota na prsa a druh\u00fdm dotekem vymetl pavu\u010dinu v doln\u00edm rohu branky, napodruh\u00e9 ji\u017e tedy usp\u011bl &#8211; <strong>3:0.<\/strong> Nutno napsati, \u017ee ji\u017e za stavu 2:0 se Everton sm\u011brem dop\u0159edu osm\u011bloval, aktivn\u00ed byl Digne, ale nic z toho. Dal\u0161\u00ed nebezpe\u010dn\u00fd \u00fatok Wolverhamptonu skon\u010dil st\u0159elou do b\u0159evna. Dlouh\u00e1 p\u0159ihr\u00e1vka brank\u00e1\u0159e Patricia na\u0161la vlevo rozb\u011bhnut\u00e9ho Jotu, ten si v\u0161iml p\u0159ed pr\u00e1zdnou brankou zcela voln\u00e9ho Traor\u00e9ho, ale jeho volej se od horn\u00ed \u010d\u00e1sti b\u0159evna odrazil mimo.<\/p>\n<p>Zaslou\u017een\u00e9 v\u00edt\u011bzstv\u00ed dom\u00e1c\u00edch m\u011blo b\u00fdt je\u0161t\u011b vy\u0161\u0161\u00ed, je celkem zjevn\u00e9, \u017ee n\u011bkte\u0159\u00ed hr\u00e1\u010di Evertonu u\u017e jen dohr\u00e1vaj\u00ed sez\u00f3nu a rad\u011bji by se vid\u011bli na dovolen\u00e9. Ale to dohr\u00e1n\u00ed sez\u00f3ny se ct\u00ed se neda\u0159\u00ed&#8230;<\/p>\n<p><strong>Branky:\u00a0<\/strong>45.+2. Jim\u00e9nez z penalty, 46<strong>.\u00a0<\/strong>Dendoncker, 74. Jota<\/p>\n<p><strong>Karty: <\/strong>19. Digne, 58. Keane<\/p>\n<p><strong>Wolverhampton Wanderers:<\/strong>\u00a0<span data-source=\"lightstreamer\" data-grid=\"main\" data-item=\"item_530624\" data-field=\"report1\">Patr\u00edcio \u2013 Boly, Coady, Sa\u00efss \u2013 Doherty, Neves, Dendoncker, J. Castro \u2013 Neto (56. Jota), Jim\u00e9nez (78. Moutinho), Podence (70. Traor\u00e9)<\/span><\/p>\n<p><strong>Everton FC: <\/strong>Pickford \u2013 Digne, Mina (31. Coleman), M. Keane, Baines (46. Branthwaite) \u2013 Walcott (Bernard), Davies, Sigurdsson, Gordon (56. Iwobi) \u2013 Calvert-Lewin, Richarlison (63. Kean)<\/p>\n<p><strong>Rozhod\u010d\u00ed:\u00a0<\/strong>Anthony Taylor<\/p>\n<p><strong>Bez div\u00e1k\u016f<\/strong><\/p>\n<p style=\"text-align: right;\"><span style=\"font-size: 8pt;\">(foto zdroj: The Scottish Sun)<\/span><\/p>\n","protected":false},"excerpt":{"rendered":"<p>Zaslou\u017een\u00e1 prohra po velmi \u0161patn\u00e9m v\u00fdkonu.<\/p>\n","protected":false},"author":12,"featured_media":11424,"comment_status":"open","ping_status":"closed","sticky":false,"template":"","format":"standard","meta":{"_eb_attr":"","_monsterinsights_skip_tracking":false,"_monsterinsights_sitenote_active":false,"_monsterinsights_sitenote_note":"","_monsterinsights_sitenote_category":0,"footnotes":""},"categories":[4],"tags":[],"yoast_head":"<!-- This site is optimized with the Yoast SEO plugin v23.4 - https:\/\/yoast.com\/wordpress\/plugins\/seo\/ -->\n<title>Wolverhampton Wanderers - Everton 3:0 - Official Czech &amp; Slovak Everton Supporters&#039; Club<\/title>\n<meta name=\"robots\" content=\"index, follow, max-snippet:-1, max-image-preview:large, max-video-preview:-1\" \/>\n<link rel=\"canonical\" href=\"https:\/\/evertonfc.cz\/index.php\/2020\/07\/12\/wolverhampton-wanderers-everton-3-0\/\" \/>\n<meta property=\"og:locale\" content=\"cs_CZ\" \/>\n<meta property=\"og:type\" content=\"article\" \/>\n<meta property=\"og:title\" content=\"Wolverhampton Wanderers - Everton 3:0 - Official Czech &amp; Slovak Everton Supporters&#039; Club\" \/>\n<meta property=\"og:description\" content=\"Zaslou\u017een\u00e1 prohra po velmi \u0161patn\u00e9m v\u00fdkonu.\" \/>\n<meta property=\"og:url\" content=\"https:\/\/evertonfc.cz\/index.php\/2020\/07\/12\/wolverhampton-wanderers-everton-3-0\/\" \/>\n<meta property=\"og:site_name\" content=\"Official Czech &amp; Slovak Everton Supporters&#039; Club\" \/>\n<meta property=\"article:publisher\" content=\"https:\/\/www.facebook.com\/everton.fans.cz.sk\" \/>\n<meta property=\"article:published_time\" content=\"2020-07-12T13:08:27+00:00\" \/>\n<meta property=\"article:modified_time\" content=\"2020-07-12T18:51:40+00:00\" \/>\n<meta property=\"og:image\" content=\"https:\/\/evertonfc.cz\/wp-content\/uploads\/2020\/07\/pickford_12_7_2020.jpg\" \/>\n\t<meta property=\"og:image:width\" content=\"720\" \/>\n\t<meta property=\"og:image:height\" content=\"405\" \/>\n\t<meta property=\"og:image:type\" content=\"image\/jpeg\" \/>\n<meta name=\"author\" content=\"Javor\" \/>\n<meta name=\"twitter:card\" content=\"summary_large_image\" \/>\n<meta name=\"twitter:creator\" content=\"@LoudinJan\" \/>\n<meta name=\"twitter:label1\" content=\"Napsal(a)\" \/>\n\t<meta name=\"twitter:data1\" content=\"Javor\" \/>\n\t<meta name=\"twitter:label2\" content=\"Odhadovan\u00e1 doba \u010dten\u00ed\" \/>\n\t<meta name=\"twitter:data2\" content=\"3 minuty\" \/>\n<script type=\"application\/ld+json\" class=\"yoast-schema-graph\">{\"@context\":\"https:\/\/schema.org\",\"@graph\":[{\"@type\":\"Article\",\"@id\":\"https:\/\/evertonfc.cz\/index.php\/2020\/07\/12\/wolverhampton-wanderers-everton-3-0\/#article\",\"isPartOf\":{\"@id\":\"https:\/\/evertonfc.cz\/index.php\/2020\/07\/12\/wolverhampton-wanderers-everton-3-0\/\"},\"author\":{\"name\":\"Javor\",\"@id\":\"https:\/\/evertonfc.cz\/#\/schema\/person\/b30daf6a5852f4811f8207a17ec1bf78\"},\"headline\":\"Wolverhampton Wanderers &#8211; Everton 3:0\",\"datePublished\":\"2020-07-12T13:08:27+00:00\",\"dateModified\":\"2020-07-12T18:51:40+00:00\",\"mainEntityOfPage\":{\"@id\":\"https:\/\/evertonfc.cz\/index.php\/2020\/07\/12\/wolverhampton-wanderers-everton-3-0\/\"},\"wordCount\":702,\"commentCount\":9,\"publisher\":{\"@id\":\"https:\/\/evertonfc.cz\/#organization\"},\"image\":{\"@id\":\"https:\/\/evertonfc.cz\/index.php\/2020\/07\/12\/wolverhampton-wanderers-everton-3-0\/#primaryimage\"},\"thumbnailUrl\":\"https:\/\/evertonfc.cz\/wp-content\/uploads\/2020\/07\/pickford_12_7_2020.jpg\",\"articleSection\":[\"Z\u00e1pasy\"],\"inLanguage\":\"cs\",\"potentialAction\":[{\"@type\":\"CommentAction\",\"name\":\"Comment\",\"target\":[\"https:\/\/evertonfc.cz\/index.php\/2020\/07\/12\/wolverhampton-wanderers-everton-3-0\/#respond\"]}]},{\"@type\":\"WebPage\",\"@id\":\"https:\/\/evertonfc.cz\/index.php\/2020\/07\/12\/wolverhampton-wanderers-everton-3-0\/\",\"url\":\"https:\/\/evertonfc.cz\/index.php\/2020\/07\/12\/wolverhampton-wanderers-everton-3-0\/\",\"name\":\"Wolverhampton Wanderers - Everton 3:0 - Official Czech &amp; Slovak Everton Supporters&#039; Club\",\"isPartOf\":{\"@id\":\"https:\/\/evertonfc.cz\/#website\"},\"primaryImageOfPage\":{\"@id\":\"https:\/\/evertonfc.cz\/index.php\/2020\/07\/12\/wolverhampton-wanderers-everton-3-0\/#primaryimage\"},\"image\":{\"@id\":\"https:\/\/evertonfc.cz\/index.php\/2020\/07\/12\/wolverhampton-wanderers-everton-3-0\/#primaryimage\"},\"thumbnailUrl\":\"https:\/\/evertonfc.cz\/wp-content\/uploads\/2020\/07\/pickford_12_7_2020.jpg\",\"datePublished\":\"2020-07-12T13:08:27+00:00\",\"dateModified\":\"2020-07-12T18:51:40+00:00\",\"breadcrumb\":{\"@id\":\"https:\/\/evertonfc.cz\/index.php\/2020\/07\/12\/wolverhampton-wanderers-everton-3-0\/#breadcrumb\"},\"inLanguage\":\"cs\",\"potentialAction\":[{\"@type\":\"ReadAction\",\"target\":[\"https:\/\/evertonfc.cz\/index.php\/2020\/07\/12\/wolverhampton-wanderers-everton-3-0\/\"]}]},{\"@type\":\"ImageObject\",\"inLanguage\":\"cs\",\"@id\":\"https:\/\/evertonfc.cz\/index.php\/2020\/07\/12\/wolverhampton-wanderers-everton-3-0\/#primaryimage\",\"url\":\"https:\/\/evertonfc.cz\/wp-content\/uploads\/2020\/07\/pickford_12_7_2020.jpg\",\"contentUrl\":\"https:\/\/evertonfc.cz\/wp-content\/uploads\/2020\/07\/pickford_12_7_2020.jpg\",\"width\":720,\"height\":405},{\"@type\":\"BreadcrumbList\",\"@id\":\"https:\/\/evertonfc.cz\/index.php\/2020\/07\/12\/wolverhampton-wanderers-everton-3-0\/#breadcrumb\",\"itemListElement\":[{\"@type\":\"ListItem\",\"position\":1,\"name\":\"Home\",\"item\":\"https:\/\/evertonfc.cz\/\"},{\"@type\":\"ListItem\",\"position\":2,\"name\":\"Wolverhampton Wanderers &#8211; Everton 3:0\"}]},{\"@type\":\"WebSite\",\"@id\":\"https:\/\/evertonfc.cz\/#website\",\"url\":\"https:\/\/evertonfc.cz\/\",\"name\":\"Official Czech &amp; Slovak Everton Supporters&#039; Club\",\"description\":\"\",\"publisher\":{\"@id\":\"https:\/\/evertonfc.cz\/#organization\"},\"potentialAction\":[{\"@type\":\"SearchAction\",\"target\":{\"@type\":\"EntryPoint\",\"urlTemplate\":\"https:\/\/evertonfc.cz\/?s={search_term_string}\"},\"query-input\":{\"@type\":\"PropertyValueSpecification\",\"valueRequired\":true,\"valueName\":\"search_term_string\"}}],\"inLanguage\":\"cs\"},{\"@type\":\"Organization\",\"@id\":\"https:\/\/evertonfc.cz\/#organization\",\"name\":\"Official Czech & Slovak Everton Supporters' Club\",\"url\":\"https:\/\/evertonfc.cz\/\",\"logo\":{\"@type\":\"ImageObject\",\"inLanguage\":\"cs\",\"@id\":\"https:\/\/evertonfc.cz\/#\/schema\/logo\/image\/\",\"url\":\"https:\/\/evertonfc.cz\/wp-content\/uploads\/2019\/05\/logo.png\",\"contentUrl\":\"https:\/\/evertonfc.cz\/wp-content\/uploads\/2019\/05\/logo.png\",\"width\":112,\"height\":112,\"caption\":\"Official Czech & Slovak Everton Supporters' Club\"},\"image\":{\"@id\":\"https:\/\/evertonfc.cz\/#\/schema\/logo\/image\/\"},\"sameAs\":[\"https:\/\/www.facebook.com\/everton.fans.cz.sk\"]},{\"@type\":\"Person\",\"@id\":\"https:\/\/evertonfc.cz\/#\/schema\/person\/b30daf6a5852f4811f8207a17ec1bf78\",\"name\":\"Javor\",\"sameAs\":[\"https:\/\/x.com\/LoudinJan\"],\"url\":\"https:\/\/evertonfc.cz\/index.php\/author\/javor\/\"}]}<\/script>\n<!-- \/ Yoast SEO plugin. -->","yoast_head_json":{"title":"Wolverhampton Wanderers - Everton 3:0 - Official Czech &amp; Slovak Everton Supporters&#039; Club","robots":{"index":"index","follow":"follow","max-snippet":"max-snippet:-1","max-image-preview":"max-image-preview:large","max-video-preview":"max-video-preview:-1"},"canonical":"https:\/\/evertonfc.cz\/index.php\/2020\/07\/12\/wolverhampton-wanderers-everton-3-0\/","og_locale":"cs_CZ","og_type":"article","og_title":"Wolverhampton Wanderers - Everton 3:0 - Official Czech &amp; Slovak Everton Supporters&#039; Club","og_description":"Zaslou\u017een\u00e1 prohra po velmi \u0161patn\u00e9m v\u00fdkonu.","og_url":"https:\/\/evertonfc.cz\/index.php\/2020\/07\/12\/wolverhampton-wanderers-everton-3-0\/","og_site_name":"Official Czech &amp; Slovak Everton Supporters&#039; Club","article_publisher":"https:\/\/www.facebook.com\/everton.fans.cz.sk","article_published_time":"2020-07-12T13:08:27+00:00","article_modified_time":"2020-07-12T18:51:40+00:00","og_image":[{"width":720,"height":405,"url":"https:\/\/evertonfc.cz\/wp-content\/uploads\/2020\/07\/pickford_12_7_2020.jpg","type":"image\/jpeg"}],"author":"Javor","twitter_card":"summary_large_image","twitter_creator":"@LoudinJan","twitter_misc":{"Napsal(a)":"Javor","Odhadovan\u00e1 doba \u010dten\u00ed":"3 minuty"},"schema":{"@context":"https:\/\/schema.org","@graph":[{"@type":"Article","@id":"https:\/\/evertonfc.cz\/index.php\/2020\/07\/12\/wolverhampton-wanderers-everton-3-0\/#article","isPartOf":{"@id":"https:\/\/evertonfc.cz\/index.php\/2020\/07\/12\/wolverhampton-wanderers-everton-3-0\/"},"author":{"name":"Javor","@id":"https:\/\/evertonfc.cz\/#\/schema\/person\/b30daf6a5852f4811f8207a17ec1bf78"},"headline":"Wolverhampton Wanderers &#8211; Everton 3:0","datePublished":"2020-07-12T13:08:27+00:00","dateModified":"2020-07-12T18:51:40+00:00","mainEntityOfPage":{"@id":"https:\/\/evertonfc.cz\/index.php\/2020\/07\/12\/wolverhampton-wanderers-everton-3-0\/"},"wordCount":702,"commentCount":9,"publisher":{"@id":"https:\/\/evertonfc.cz\/#organization"},"image":{"@id":"https:\/\/evertonfc.cz\/index.php\/2020\/07\/12\/wolverhampton-wanderers-everton-3-0\/#primaryimage"},"thumbnailUrl":"https:\/\/evertonfc.cz\/wp-content\/uploads\/2020\/07\/pickford_12_7_2020.jpg","articleSection":["Z\u00e1pasy"],"inLanguage":"cs","potentialAction":[{"@type":"CommentAction","name":"Comment","target":["https:\/\/evertonfc.cz\/index.php\/2020\/07\/12\/wolverhampton-wanderers-everton-3-0\/#respond"]}]},{"@type":"WebPage","@id":"https:\/\/evertonfc.cz\/index.php\/2020\/07\/12\/wolverhampton-wanderers-everton-3-0\/","url":"https:\/\/evertonfc.cz\/index.php\/2020\/07\/12\/wolverhampton-wanderers-everton-3-0\/","name":"Wolverhampton Wanderers - Everton 3:0 - Official Czech &amp; Slovak Everton Supporters&#039; Club","isPartOf":{"@id":"https:\/\/evertonfc.cz\/#website"},"primaryImageOfPage":{"@id":"https:\/\/evertonfc.cz\/index.php\/2020\/07\/12\/wolverhampton-wanderers-everton-3-0\/#primaryimage"},"image":{"@id":"https:\/\/evertonfc.cz\/index.php\/2020\/07\/12\/wolverhampton-wanderers-everton-3-0\/#primaryimage"},"thumbnailUrl":"https:\/\/evertonfc.cz\/wp-content\/uploads\/2020\/07\/pickford_12_7_2020.jpg","datePublished":"2020-07-12T13:08:27+00:00","dateModified":"2020-07-12T18:51:40+00:00","breadcrumb":{"@id":"https:\/\/evertonfc.cz\/index.php\/2020\/07\/12\/wolverhampton-wanderers-everton-3-0\/#breadcrumb"},"inLanguage":"cs","potentialAction":[{"@type":"ReadAction","target":["https:\/\/evertonfc.cz\/index.php\/2020\/07\/12\/wolverhampton-wanderers-everton-3-0\/"]}]},{"@type":"ImageObject","inLanguage":"cs","@id":"https:\/\/evertonfc.cz\/index.php\/2020\/07\/12\/wolverhampton-wanderers-everton-3-0\/#primaryimage","url":"https:\/\/evertonfc.cz\/wp-content\/uploads\/2020\/07\/pickford_12_7_2020.jpg","contentUrl":"https:\/\/evertonfc.cz\/wp-content\/uploads\/2020\/07\/pickford_12_7_2020.jpg","width":720,"height":405},{"@type":"BreadcrumbList","@id":"https:\/\/evertonfc.cz\/index.php\/2020\/07\/12\/wolverhampton-wanderers-everton-3-0\/#breadcrumb","itemListElement":[{"@type":"ListItem","position":1,"name":"Home","item":"https:\/\/evertonfc.cz\/"},{"@type":"ListItem","position":2,"name":"Wolverhampton Wanderers &#8211; Everton 3:0"}]},{"@type":"WebSite","@id":"https:\/\/evertonfc.cz\/#website","url":"https:\/\/evertonfc.cz\/","name":"Official Czech &amp; Slovak Everton Supporters&#039; Club","description":"","publisher":{"@id":"https:\/\/evertonfc.cz\/#organization"},"potentialAction":[{"@type":"SearchAction","target":{"@type":"EntryPoint","urlTemplate":"https:\/\/evertonfc.cz\/?s={search_term_string}"},"query-input":{"@type":"PropertyValueSpecification","valueRequired":true,"valueName":"search_term_string"}}],"inLanguage":"cs"},{"@type":"Organization","@id":"https:\/\/evertonfc.cz\/#organization","name":"Official Czech & Slovak Everton Supporters' Club","url":"https:\/\/evertonfc.cz\/","logo":{"@type":"ImageObject","inLanguage":"cs","@id":"https:\/\/evertonfc.cz\/#\/schema\/logo\/image\/","url":"https:\/\/evertonfc.cz\/wp-content\/uploads\/2019\/05\/logo.png","contentUrl":"https:\/\/evertonfc.cz\/wp-content\/uploads\/2019\/05\/logo.png","width":112,"height":112,"caption":"Official Czech & Slovak Everton Supporters' Club"},"image":{"@id":"https:\/\/evertonfc.cz\/#\/schema\/logo\/image\/"},"sameAs":["https:\/\/www.facebook.com\/everton.fans.cz.sk"]},{"@type":"Person","@id":"https:\/\/evertonfc.cz\/#\/schema\/person\/b30daf6a5852f4811f8207a17ec1bf78","name":"Javor","sameAs":["https:\/\/x.com\/LoudinJan"],"url":"https:\/\/evertonfc.cz\/index.php\/author\/javor\/"}]}},"_links":{"self":[{"href":"https:\/\/evertonfc.cz\/index.php\/wp-json\/wp\/v2\/posts\/11416"}],"collection":[{"href":"https:\/\/evertonfc.cz\/index.php\/wp-json\/wp\/v2\/posts"}],"about":[{"href":"https:\/\/evertonfc.cz\/index.php\/wp-json\/wp\/v2\/types\/post"}],"author":[{"embeddable":true,"href":"https:\/\/evertonfc.cz\/index.php\/wp-json\/wp\/v2\/users\/12"}],"replies":[{"embeddable":true,"href":"https:\/\/evertonfc.cz\/index.php\/wp-json\/wp\/v2\/comments?post=11416"}],"version-history":[{"count":8,"href":"https:\/\/evertonfc.cz\/index.php\/wp-json\/wp\/v2\/posts\/11416\/revisions"}],"predecessor-version":[{"id":11426,"href":"https:\/\/evertonfc.cz\/index.php\/wp-json\/wp\/v2\/posts\/11416\/revisions\/11426"}],"wp:featuredmedia":[{"embeddable":true,"href":"https:\/\/evertonfc.cz\/index.php\/wp-json\/wp\/v2\/media\/11424"}],"wp:attachment":[{"href":"https:\/\/evertonfc.cz\/index.php\/wp-json\/wp\/v2\/media?parent=11416"}],"wp:term":[{"taxonomy":"category","embeddable":true,"href":"https:\/\/evertonfc.cz\/index.php\/wp-json\/wp\/v2\/categories?post=11416"},{"taxonomy":"post_tag","embeddable":true,"href":"https:\/\/evertonfc.cz\/index.php\/wp-json\/wp\/v2\/tags?post=11416"}],"curies":[{"name":"wp","href":"https:\/\/api.w.org\/{rel}","templated":true}]}}