{"id":11429,"date":"2020-07-15T20:56:10","date_gmt":"2020-07-15T18:56:10","guid":{"rendered":"https:\/\/evertonfc.cz\/?p=11429"},"modified":"2021-05-01T10:42:24","modified_gmt":"2021-05-01T08:42:24","slug":"preview-everton-aston-villa-7","status":"publish","type":"post","link":"https:\/\/evertonfc.cz\/index.php\/2020\/07\/15\/preview-everton-aston-villa-7\/","title":{"rendered":"Preview: Everton &#8211; Aston Villa"},"content":{"rendered":"<h4>Bylo nebylo.<\/h4>\n<p>Psal se rok 1888 a v Birminghamu \u017eil jeden na\u0161tvan\u00fd \u010dlov\u011bk. Jeho frustrace pramenila z toho, \u017ee p\u011bt sobotn\u00edch z\u00e1pas\u016f v \u0159ad\u011b bylo zru\u0161eno. Ten \u010dlov\u011bk se jmenoval William McGregor a byl ve veden\u00ed Aston Villy. Rozeslal tedy dopis s n\u00e1vrhem, \u017ee by bylo fajn, aby kluby, do t\u00e9 doby odk\u00e1zan\u00e9 na poh\u00e1rov\u00e9 \u010di p\u0159\u00e1telsk\u00e9 z\u00e1pasy, m\u011bly pravidelnou sout\u011b\u017e v po\u010dtu 10 nebo 12 (to nakonec bylo kone\u010dn\u00e9 \u010d\u00edslo) klub\u016f.<\/p>\n<p>Chytr\u00e9 hlavy vzaly rozum do hrsti &#8211; a v z\u00e1\u0159\u00ed t\u00e9ho\u017e roku za\u010dala prvn\u00ed ligov\u00e1 sezona. Zaj\u00edmav\u00e1 byla podm\u00ednka, \u017ee jedno m\u011bsto m\u016f\u017ee reprezentovat pouze jeden klub &#8211; nen\u00ed t\u011b\u017ek\u00e9 uhodnout, kdo to byl za Birmingham. P\u0159izv\u00e1n byl i Everton, v prvn\u00edm kole doma na Anfield Road 8. z\u00e1\u0159\u00ed 1888 porazil dnes ji\u017e neexistuj\u00edc\u00ed Accrington Stanley 2:1 po dvou brank\u00e1ch Fleminga. Host\u00e9 dorazili pozd\u011b, tak\u017ee se musel v\u00fdkop o 20 minut odlo\u017eit. Aston Villa remizovala ve Wolverhamptonu 1:1, mistrem se stal Preston, Aston Villa skon\u010dila druh\u00e1 a Everton osm\u00fd. Neb\u00fdt tak pana McGregora a jeho Aston Villy, tak by se v Anglii hr\u00e1l organizovan\u00fd ligov\u00fd fotbal pozd\u011bji.<\/p>\n<p>Nyn\u00ed se p\u00ed\u0161e rok 2020 a oba kluby maj\u00ed jin\u00e9 starosti. Everton ji\u017e pouze dohr\u00e1v\u00e1 sez\u00f3nu a jeho v\u00fdkony tomu odpov\u00eddaj\u00ed. Furt je to ale dobr\u00e9 v porovn\u00e1n\u00ed s Villans &#8211; ti jsou, stejn\u011b jako v prvn\u00ed sez\u00f3n\u011b, druz\u00ed. Jen\u017ee od konce a hr\u00e1t se budou ji\u017e pouze t\u0159i kola. Tak\u017ee se zvon\u00ed na poplach a imperativ vel\u00ed jedin\u00e9 &#8211; vyhr\u00e1t! A to je docela re\u00e1ln\u00e9, v minul\u00e9m kole doma proti Crystal Palace p\u0159edvedli slu\u0161n\u00fd v\u00fdkon a rozhodn\u011b maj\u00ed re\u00e1ln\u00e9 \u0161ance na odvezen\u00ed bod\u016f z Goodison Parku. Zato Everton byl r\u00e1d, \u017ee neodj\u00ed\u017ed\u011bl z Wolverhamptonu s p\u011btkou. A nezapom\u00ednejme, \u017ee nemus\u00ed&#8230;<\/p>\n<p>Mana\u017eer Carlo Ancelotti m\u011bl na dne\u0161n\u00ed p\u0159edz\u00e1pasov\u00e9 tiskov\u00e9 konferenci dobr\u00e9 zpr\u00e1vy &#8211; Holgate je v po\u0159\u00e1dku a vzhledem ke zran\u011bn\u00ed Miny je stopersk\u00e1 dvojice dan\u00e1. Kolumbijsk\u00fd st\u0159edn\u00ed obr\u00e1nce m\u00e1 svalov\u00e9 zran\u011bn\u00ed a z\u00edtra k dispozici nebude. Bude ale Gomes, kter\u00fd vyl\u00e9\u010dil zran\u011bn\u00ed kotn\u00edku. Dlouhodob\u00fdmi absent\u00e9ry jsou Delph, Gbamin a Tosun. Pochvaly se do\u010dkal od Ancelottiho p\u0159i sv\u00e9m debutu za prvn\u00ed t\u00fdm Branthwaite, a\u010dkoliv zavinil trestn\u00fd kop, kter\u00fd p\u0159edch\u00e1zel druh\u00e9 brance soupe\u0159e (a p\u0159i kter\u00e9m on neuhl\u00eddal sv\u00e9ho hr\u00e1\u010de).<\/p>\n<p>Za hosty ur\u010dit\u011b nenastoup\u00ed se zran\u011bn\u00fdm \u017eebrem Hause, probl\u00e9m s p\u0159itahova\u010dem stehenn\u00edho svalu m\u00e1 Neil Taylor, jeho \u00fa\u010dast je s otazn\u00edkem. Aston Villa m\u00e1 tak\u00e9 t\u0159i dlouhodob\u00e9 absent\u00e9ry, jsou jimi Engels (ne Friedrich), Heaton a Wesley. Samoz\u0159ejm\u011b by r\u00e1di nav\u00e1zali na v\u00fdkon a v\u00fdsledek z ned\u011ble. Tak uvid\u00edme.<\/p>\n<p><strong>Co:\u00a0<\/strong>Everton FC &#8211; Aston Villa FC, 36 kolo Premier League<br \/>\n<strong>Kdy:\u00a0<\/strong>16. 7. 2020 od 19:00<br \/>\n<strong>TV:\u00a0<\/strong>Ne, ani z\u00e1znam<br \/>\n<strong>Rozhod\u010d\u00ed:\u00a0<\/strong>Anthony Taylor &#8211; Gary Beswick, Adam Nunn (stejn\u00e1 trojice jako v ned\u011bli &#8211; pozoruhodn\u00e9)<br \/>\n<strong>\u010ctvrt\u00fd rozhod\u010d\u00ed:\u00a0<\/strong>Darren England, <strong>Videorozhod\u010d\u00ed:\u00a0<\/strong>Chris Kavanagh, <strong>Asistent videorozhod\u010d\u00edho:\u00a0<\/strong>Dan Cook<br \/>\n<strong>N\u00e1hradn\u00ed rozhod\u010d\u00ed: <\/strong>James Mainwaring<\/p>\n","protected":false},"excerpt":{"rendered":"<p>Bylo nebylo.<\/p>\n","protected":false},"author":12,"featured_media":15183,"comment_status":"open","ping_status":"closed","sticky":false,"template":"","format":"standard","meta":{"_eb_attr":"","_monsterinsights_skip_tracking":false,"_monsterinsights_sitenote_active":false,"_monsterinsights_sitenote_note":"","_monsterinsights_sitenote_category":0,"footnotes":""},"categories":[4],"tags":[],"yoast_head":"<!-- This site is optimized with the Yoast SEO plugin v23.4 - https:\/\/yoast.com\/wordpress\/plugins\/seo\/ -->\n<title>Preview: Everton - Aston Villa - Official Czech &amp; Slovak Everton Supporters&#039; Club<\/title>\n<meta name=\"robots\" content=\"index, follow, max-snippet:-1, max-image-preview:large, max-video-preview:-1\" \/>\n<link rel=\"canonical\" href=\"https:\/\/evertonfc.cz\/index.php\/2020\/07\/15\/preview-everton-aston-villa-7\/\" \/>\n<meta property=\"og:locale\" content=\"cs_CZ\" \/>\n<meta property=\"og:type\" content=\"article\" \/>\n<meta property=\"og:title\" content=\"Preview: Everton - Aston Villa - Official Czech &amp; Slovak Everton Supporters&#039; Club\" \/>\n<meta property=\"og:description\" content=\"Bylo nebylo.\" \/>\n<meta property=\"og:url\" content=\"https:\/\/evertonfc.cz\/index.php\/2020\/07\/15\/preview-everton-aston-villa-7\/\" \/>\n<meta property=\"og:site_name\" content=\"Official Czech &amp; Slovak Everton Supporters&#039; Club\" \/>\n<meta property=\"article:publisher\" content=\"https:\/\/www.facebook.com\/everton.fans.cz.sk\" \/>\n<meta property=\"article:published_time\" content=\"2020-07-15T18:56:10+00:00\" \/>\n<meta property=\"article:modified_time\" content=\"2021-05-01T08:42:24+00:00\" \/>\n<meta property=\"og:image\" content=\"https:\/\/evertonfc.cz\/wp-content\/uploads\/2021\/05\/Everton-VS-Aston-Villa.png\" \/>\n\t<meta property=\"og:image:width\" content=\"720\" \/>\n\t<meta property=\"og:image:height\" content=\"405\" \/>\n\t<meta property=\"og:image:type\" content=\"image\/png\" \/>\n<meta name=\"author\" content=\"Javor\" \/>\n<meta name=\"twitter:card\" content=\"summary_large_image\" \/>\n<meta name=\"twitter:creator\" content=\"@LoudinJan\" \/>\n<meta name=\"twitter:label1\" content=\"Napsal(a)\" \/>\n\t<meta name=\"twitter:data1\" content=\"Javor\" \/>\n\t<meta name=\"twitter:label2\" content=\"Odhadovan\u00e1 doba \u010dten\u00ed\" \/>\n\t<meta name=\"twitter:data2\" content=\"2 minuty\" \/>\n<script type=\"application\/ld+json\" class=\"yoast-schema-graph\">{\"@context\":\"https:\/\/schema.org\",\"@graph\":[{\"@type\":\"Article\",\"@id\":\"https:\/\/evertonfc.cz\/index.php\/2020\/07\/15\/preview-everton-aston-villa-7\/#article\",\"isPartOf\":{\"@id\":\"https:\/\/evertonfc.cz\/index.php\/2020\/07\/15\/preview-everton-aston-villa-7\/\"},\"author\":{\"name\":\"Javor\",\"@id\":\"https:\/\/evertonfc.cz\/#\/schema\/person\/b30daf6a5852f4811f8207a17ec1bf78\"},\"headline\":\"Preview: Everton &#8211; Aston Villa\",\"datePublished\":\"2020-07-15T18:56:10+00:00\",\"dateModified\":\"2021-05-01T08:42:24+00:00\",\"mainEntityOfPage\":{\"@id\":\"https:\/\/evertonfc.cz\/index.php\/2020\/07\/15\/preview-everton-aston-villa-7\/\"},\"wordCount\":556,\"commentCount\":4,\"publisher\":{\"@id\":\"https:\/\/evertonfc.cz\/#organization\"},\"image\":{\"@id\":\"https:\/\/evertonfc.cz\/index.php\/2020\/07\/15\/preview-everton-aston-villa-7\/#primaryimage\"},\"thumbnailUrl\":\"https:\/\/evertonfc.cz\/wp-content\/uploads\/2021\/05\/Everton-VS-Aston-Villa.png\",\"articleSection\":[\"Z\u00e1pasy\"],\"inLanguage\":\"cs\",\"potentialAction\":[{\"@type\":\"CommentAction\",\"name\":\"Comment\",\"target\":[\"https:\/\/evertonfc.cz\/index.php\/2020\/07\/15\/preview-everton-aston-villa-7\/#respond\"]}]},{\"@type\":\"WebPage\",\"@id\":\"https:\/\/evertonfc.cz\/index.php\/2020\/07\/15\/preview-everton-aston-villa-7\/\",\"url\":\"https:\/\/evertonfc.cz\/index.php\/2020\/07\/15\/preview-everton-aston-villa-7\/\",\"name\":\"Preview: Everton - Aston Villa - Official Czech &amp; Slovak Everton Supporters&#039; Club\",\"isPartOf\":{\"@id\":\"https:\/\/evertonfc.cz\/#website\"},\"primaryImageOfPage\":{\"@id\":\"https:\/\/evertonfc.cz\/index.php\/2020\/07\/15\/preview-everton-aston-villa-7\/#primaryimage\"},\"image\":{\"@id\":\"https:\/\/evertonfc.cz\/index.php\/2020\/07\/15\/preview-everton-aston-villa-7\/#primaryimage\"},\"thumbnailUrl\":\"https:\/\/evertonfc.cz\/wp-content\/uploads\/2021\/05\/Everton-VS-Aston-Villa.png\",\"datePublished\":\"2020-07-15T18:56:10+00:00\",\"dateModified\":\"2021-05-01T08:42:24+00:00\",\"breadcrumb\":{\"@id\":\"https:\/\/evertonfc.cz\/index.php\/2020\/07\/15\/preview-everton-aston-villa-7\/#breadcrumb\"},\"inLanguage\":\"cs\",\"potentialAction\":[{\"@type\":\"ReadAction\",\"target\":[\"https:\/\/evertonfc.cz\/index.php\/2020\/07\/15\/preview-everton-aston-villa-7\/\"]}]},{\"@type\":\"ImageObject\",\"inLanguage\":\"cs\",\"@id\":\"https:\/\/evertonfc.cz\/index.php\/2020\/07\/15\/preview-everton-aston-villa-7\/#primaryimage\",\"url\":\"https:\/\/evertonfc.cz\/wp-content\/uploads\/2021\/05\/Everton-VS-Aston-Villa.png\",\"contentUrl\":\"https:\/\/evertonfc.cz\/wp-content\/uploads\/2021\/05\/Everton-VS-Aston-Villa.png\",\"width\":720,\"height\":405},{\"@type\":\"BreadcrumbList\",\"@id\":\"https:\/\/evertonfc.cz\/index.php\/2020\/07\/15\/preview-everton-aston-villa-7\/#breadcrumb\",\"itemListElement\":[{\"@type\":\"ListItem\",\"position\":1,\"name\":\"Home\",\"item\":\"https:\/\/evertonfc.cz\/\"},{\"@type\":\"ListItem\",\"position\":2,\"name\":\"Preview: Everton &#8211; Aston Villa\"}]},{\"@type\":\"WebSite\",\"@id\":\"https:\/\/evertonfc.cz\/#website\",\"url\":\"https:\/\/evertonfc.cz\/\",\"name\":\"Official Czech &amp; Slovak Everton Supporters&#039; Club\",\"description\":\"\",\"publisher\":{\"@id\":\"https:\/\/evertonfc.cz\/#organization\"},\"potentialAction\":[{\"@type\":\"SearchAction\",\"target\":{\"@type\":\"EntryPoint\",\"urlTemplate\":\"https:\/\/evertonfc.cz\/?s={search_term_string}\"},\"query-input\":{\"@type\":\"PropertyValueSpecification\",\"valueRequired\":true,\"valueName\":\"search_term_string\"}}],\"inLanguage\":\"cs\"},{\"@type\":\"Organization\",\"@id\":\"https:\/\/evertonfc.cz\/#organization\",\"name\":\"Official Czech & Slovak Everton Supporters' Club\",\"url\":\"https:\/\/evertonfc.cz\/\",\"logo\":{\"@type\":\"ImageObject\",\"inLanguage\":\"cs\",\"@id\":\"https:\/\/evertonfc.cz\/#\/schema\/logo\/image\/\",\"url\":\"https:\/\/evertonfc.cz\/wp-content\/uploads\/2019\/05\/logo.png\",\"contentUrl\":\"https:\/\/evertonfc.cz\/wp-content\/uploads\/2019\/05\/logo.png\",\"width\":112,\"height\":112,\"caption\":\"Official Czech & Slovak Everton Supporters' Club\"},\"image\":{\"@id\":\"https:\/\/evertonfc.cz\/#\/schema\/logo\/image\/\"},\"sameAs\":[\"https:\/\/www.facebook.com\/everton.fans.cz.sk\"]},{\"@type\":\"Person\",\"@id\":\"https:\/\/evertonfc.cz\/#\/schema\/person\/b30daf6a5852f4811f8207a17ec1bf78\",\"name\":\"Javor\",\"sameAs\":[\"https:\/\/x.com\/LoudinJan\"],\"url\":\"https:\/\/evertonfc.cz\/index.php\/author\/javor\/\"}]}<\/script>\n<!-- \/ Yoast SEO plugin. -->","yoast_head_json":{"title":"Preview: Everton - Aston Villa - Official Czech &amp; Slovak Everton Supporters&#039; Club","robots":{"index":"index","follow":"follow","max-snippet":"max-snippet:-1","max-image-preview":"max-image-preview:large","max-video-preview":"max-video-preview:-1"},"canonical":"https:\/\/evertonfc.cz\/index.php\/2020\/07\/15\/preview-everton-aston-villa-7\/","og_locale":"cs_CZ","og_type":"article","og_title":"Preview: Everton - Aston Villa - Official Czech &amp; Slovak Everton Supporters&#039; Club","og_description":"Bylo nebylo.","og_url":"https:\/\/evertonfc.cz\/index.php\/2020\/07\/15\/preview-everton-aston-villa-7\/","og_site_name":"Official Czech &amp; Slovak Everton Supporters&#039; Club","article_publisher":"https:\/\/www.facebook.com\/everton.fans.cz.sk","article_published_time":"2020-07-15T18:56:10+00:00","article_modified_time":"2021-05-01T08:42:24+00:00","og_image":[{"width":720,"height":405,"url":"https:\/\/evertonfc.cz\/wp-content\/uploads\/2021\/05\/Everton-VS-Aston-Villa.png","type":"image\/png"}],"author":"Javor","twitter_card":"summary_large_image","twitter_creator":"@LoudinJan","twitter_misc":{"Napsal(a)":"Javor","Odhadovan\u00e1 doba \u010dten\u00ed":"2 minuty"},"schema":{"@context":"https:\/\/schema.org","@graph":[{"@type":"Article","@id":"https:\/\/evertonfc.cz\/index.php\/2020\/07\/15\/preview-everton-aston-villa-7\/#article","isPartOf":{"@id":"https:\/\/evertonfc.cz\/index.php\/2020\/07\/15\/preview-everton-aston-villa-7\/"},"author":{"name":"Javor","@id":"https:\/\/evertonfc.cz\/#\/schema\/person\/b30daf6a5852f4811f8207a17ec1bf78"},"headline":"Preview: Everton &#8211; Aston Villa","datePublished":"2020-07-15T18:56:10+00:00","dateModified":"2021-05-01T08:42:24+00:00","mainEntityOfPage":{"@id":"https:\/\/evertonfc.cz\/index.php\/2020\/07\/15\/preview-everton-aston-villa-7\/"},"wordCount":556,"commentCount":4,"publisher":{"@id":"https:\/\/evertonfc.cz\/#organization"},"image":{"@id":"https:\/\/evertonfc.cz\/index.php\/2020\/07\/15\/preview-everton-aston-villa-7\/#primaryimage"},"thumbnailUrl":"https:\/\/evertonfc.cz\/wp-content\/uploads\/2021\/05\/Everton-VS-Aston-Villa.png","articleSection":["Z\u00e1pasy"],"inLanguage":"cs","potentialAction":[{"@type":"CommentAction","name":"Comment","target":["https:\/\/evertonfc.cz\/index.php\/2020\/07\/15\/preview-everton-aston-villa-7\/#respond"]}]},{"@type":"WebPage","@id":"https:\/\/evertonfc.cz\/index.php\/2020\/07\/15\/preview-everton-aston-villa-7\/","url":"https:\/\/evertonfc.cz\/index.php\/2020\/07\/15\/preview-everton-aston-villa-7\/","name":"Preview: Everton - Aston Villa - Official Czech &amp; Slovak Everton Supporters&#039; Club","isPartOf":{"@id":"https:\/\/evertonfc.cz\/#website"},"primaryImageOfPage":{"@id":"https:\/\/evertonfc.cz\/index.php\/2020\/07\/15\/preview-everton-aston-villa-7\/#primaryimage"},"image":{"@id":"https:\/\/evertonfc.cz\/index.php\/2020\/07\/15\/preview-everton-aston-villa-7\/#primaryimage"},"thumbnailUrl":"https:\/\/evertonfc.cz\/wp-content\/uploads\/2021\/05\/Everton-VS-Aston-Villa.png","datePublished":"2020-07-15T18:56:10+00:00","dateModified":"2021-05-01T08:42:24+00:00","breadcrumb":{"@id":"https:\/\/evertonfc.cz\/index.php\/2020\/07\/15\/preview-everton-aston-villa-7\/#breadcrumb"},"inLanguage":"cs","potentialAction":[{"@type":"ReadAction","target":["https:\/\/evertonfc.cz\/index.php\/2020\/07\/15\/preview-everton-aston-villa-7\/"]}]},{"@type":"ImageObject","inLanguage":"cs","@id":"https:\/\/evertonfc.cz\/index.php\/2020\/07\/15\/preview-everton-aston-villa-7\/#primaryimage","url":"https:\/\/evertonfc.cz\/wp-content\/uploads\/2021\/05\/Everton-VS-Aston-Villa.png","contentUrl":"https:\/\/evertonfc.cz\/wp-content\/uploads\/2021\/05\/Everton-VS-Aston-Villa.png","width":720,"height":405},{"@type":"BreadcrumbList","@id":"https:\/\/evertonfc.cz\/index.php\/2020\/07\/15\/preview-everton-aston-villa-7\/#breadcrumb","itemListElement":[{"@type":"ListItem","position":1,"name":"Home","item":"https:\/\/evertonfc.cz\/"},{"@type":"ListItem","position":2,"name":"Preview: Everton &#8211; Aston Villa"}]},{"@type":"WebSite","@id":"https:\/\/evertonfc.cz\/#website","url":"https:\/\/evertonfc.cz\/","name":"Official Czech &amp; Slovak Everton Supporters&#039; Club","description":"","publisher":{"@id":"https:\/\/evertonfc.cz\/#organization"},"potentialAction":[{"@type":"SearchAction","target":{"@type":"EntryPoint","urlTemplate":"https:\/\/evertonfc.cz\/?s={search_term_string}"},"query-input":{"@type":"PropertyValueSpecification","valueRequired":true,"valueName":"search_term_string"}}],"inLanguage":"cs"},{"@type":"Organization","@id":"https:\/\/evertonfc.cz\/#organization","name":"Official Czech & Slovak Everton Supporters' Club","url":"https:\/\/evertonfc.cz\/","logo":{"@type":"ImageObject","inLanguage":"cs","@id":"https:\/\/evertonfc.cz\/#\/schema\/logo\/image\/","url":"https:\/\/evertonfc.cz\/wp-content\/uploads\/2019\/05\/logo.png","contentUrl":"https:\/\/evertonfc.cz\/wp-content\/uploads\/2019\/05\/logo.png","width":112,"height":112,"caption":"Official Czech & Slovak Everton Supporters' Club"},"image":{"@id":"https:\/\/evertonfc.cz\/#\/schema\/logo\/image\/"},"sameAs":["https:\/\/www.facebook.com\/everton.fans.cz.sk"]},{"@type":"Person","@id":"https:\/\/evertonfc.cz\/#\/schema\/person\/b30daf6a5852f4811f8207a17ec1bf78","name":"Javor","sameAs":["https:\/\/x.com\/LoudinJan"],"url":"https:\/\/evertonfc.cz\/index.php\/author\/javor\/"}]}},"_links":{"self":[{"href":"https:\/\/evertonfc.cz\/index.php\/wp-json\/wp\/v2\/posts\/11429"}],"collection":[{"href":"https:\/\/evertonfc.cz\/index.php\/wp-json\/wp\/v2\/posts"}],"about":[{"href":"https:\/\/evertonfc.cz\/index.php\/wp-json\/wp\/v2\/types\/post"}],"author":[{"embeddable":true,"href":"https:\/\/evertonfc.cz\/index.php\/wp-json\/wp\/v2\/users\/12"}],"replies":[{"embeddable":true,"href":"https:\/\/evertonfc.cz\/index.php\/wp-json\/wp\/v2\/comments?post=11429"}],"version-history":[{"count":7,"href":"https:\/\/evertonfc.cz\/index.php\/wp-json\/wp\/v2\/posts\/11429\/revisions"}],"predecessor-version":[{"id":15187,"href":"https:\/\/evertonfc.cz\/index.php\/wp-json\/wp\/v2\/posts\/11429\/revisions\/15187"}],"wp:featuredmedia":[{"embeddable":true,"href":"https:\/\/evertonfc.cz\/index.php\/wp-json\/wp\/v2\/media\/15183"}],"wp:attachment":[{"href":"https:\/\/evertonfc.cz\/index.php\/wp-json\/wp\/v2\/media?parent=11429"}],"wp:term":[{"taxonomy":"category","embeddable":true,"href":"https:\/\/evertonfc.cz\/index.php\/wp-json\/wp\/v2\/categories?post=11429"},{"taxonomy":"post_tag","embeddable":true,"href":"https:\/\/evertonfc.cz\/index.php\/wp-json\/wp\/v2\/tags?post=11429"}],"curies":[{"name":"wp","href":"https:\/\/api.w.org\/{rel}","templated":true}]}}