{"id":11438,"date":"2020-07-16T21:27:54","date_gmt":"2020-07-16T19:27:54","guid":{"rendered":"https:\/\/evertonfc.cz\/?p=11438"},"modified":"2021-02-08T08:28:33","modified_gmt":"2021-02-08T07:28:33","slug":"everton-aston-villa-1-1","status":"publish","type":"post","link":"https:\/\/evertonfc.cz\/index.php\/2020\/07\/16\/everton-aston-villa-1-1\/","title":{"rendered":"Everton \u2013 Aston Villa 1:1"},"content":{"rendered":"<h4>Dobr\u00fdch patn\u00e1ct minut na z\u00e1v\u011br z\u00e1pasu nesta\u010d\u00ed ani proti skoro sestupuj\u00edc\u00edmu soupe\u0159i na v\u00edce ne\u017e rem\u00edzu.<\/h4>\n<p>A\u017e k p\u011bti zm\u011bn\u00e1m v z\u00e1kladn\u00ed sestav\u011b s\u00e1hl posledn\u00edmi v\u00fdkony rozhn\u011bvan\u00fd mana\u017eer Ancelotti. Mimo \u00favodn\u00ed jeden\u00e1ctku se ocitli zran\u011bn\u00fd Mina, Baines, Walcott, Sigurdsson, Gordon a naopak od prvn\u00ed minuty vyb\u011bhli na h\u0159i\u0161t\u011b uzdraven\u00ed Holgate, Gomes a d\u00e1le Coleman, Iwobi, Bernard.<\/p>\n<p>Dom\u00e1c\u00ed zah\u00e1jili utk\u00e1n\u00ed celkem slibn\u011b, do zakon\u010den\u00ed se dral zejm\u00e9na Calvert-Lewin, branku ale ohrozil a\u017e Bernard, jeho\u017e nepoveden\u00fd centr skon\u010dil na b\u0159evn\u011b.<\/p>\n<p>Mason Holgate se vr\u00e1til do sestavy po dvouz\u00e1pasov\u00e9 absenci zavin\u011bn\u00e9 svalov\u00fdmi probl\u00e9my. Na tr\u00e1vn\u00edku ale dnes vydr\u017eel pouh\u00fdch 16 minut, ne\u017e ho op\u011bt vy\u0159adilo zran\u011bn\u00ed. Druh\u00e9 vystoupen\u00ed v Premier League tak spadlo do kl\u00edna 18let\u00e9mu Branthwaitovi.<\/p>\n<p>Slibn\u00fd \u00favod Evertonu vydr\u017eel pouze do prvn\u00ed p\u0159est\u00e1vky na pit\u00ed. Posl\u00e9ze, p\u0159ibli\u017en\u011b od 25. minuty, hra ustrnula ve festival nudy a \u0161edi. Host\u00e9 bojuj\u00edc\u00ed o z\u00e1chranu sice ve druh\u00e9m polo\u010dase p\u0159idali na aktivit\u011b, ale na nebezpe\u010dn\u011bj\u0161\u00ed \u0161anci to dlouho nesta\u010dilo.<\/p>\n<p>Nakonec se ale p\u0159ece jenom do\u010dkali. Kdy\u017e to ne\u0161lo ze hry, prosadili se po standardn\u00ed situaci. V 72. minut\u011b Hourihane \u0161ikovn\u011b zakroutil m\u00ed\u010d a Konsa akrobatickou te\u010d\u00ed p\u0159ekonal Pickforda \u2013 <strong>0:1<\/strong>.<\/p>\n<p>Ancelotti reagoval st\u0159\u00edd\u00e1n\u00edmi a jeho ove\u010dky nakonec (p\u0159ekvapiv\u011b) p\u0159epnuly na vy\u0161\u0161\u00ed level. V posledn\u00ed patn\u00e1ctiminutovce se a\u017e s neb\u00fdval\u00fdm apetitem vrhly do \u00fato\u010den\u00ed, nejprve po Gomesov\u011b individu\u00e1ln\u00ed akci minul Calvert-Lewin, dal\u0161\u00ed Portugalcovu nab\u00eddku u\u017e ale vyu\u017eil hlavi\u010dkuj\u00edc\u00ed Walcott a stanovil kone\u010dn\u00e9 sk\u00f3re z\u00e1pasu \u2013 <strong>1:1<\/strong>.<\/p>\n<p>Po podpr\u016fm\u011brn\u00e9m utk\u00e1n\u00ed z\u016fst\u00e1v\u00e1 Aston Villa t\u011b\u017ece zab\u0159ednuta v sestupov\u00e9m p\u00e1smu a Everton se lou\u010d\u00ed s vidinou um\u00edst\u011bn\u00ed v prvn\u00ed polovin\u011b tabulky. Ve zb\u00fdvaj\u00edc\u00edch dvou z\u00e1pasech bude vlastn\u011b r\u00e1d, kdy\u017e udr\u017e\u00ed slab\u00e9 11. m\u00edsto. Jen pro p\u0159ipomenut\u00ed \u2013 p\u00e1d o ka\u017edou p\u0159\u00ed\u010dku znamen\u00e1 p\u0159ibli\u017en\u011b o 2,5 milionu liber m\u00e9n\u011b na odm\u011bn\u00e1ch za um\u00edst\u011bn\u00ed.<\/p>\n<p>Z pozitivn\u00edho hlediska ale t\u0159eba vyp\u00edchnout vyzr\u00e1l\u00fd v\u00fdkon mladi\u010dk\u00e9ho stopera Jarrada Branthwaita a fakt, \u017ee po dal\u0161\u00edm zl\u00e9m z\u00e1pase se bude Brandsovi a Ancelottimu snadno odd\u011blovat zrno od pl\u00e9v p\u0159ed bl\u00ed\u017e\u00edc\u00edm se za\u010d\u00e1tkem p\u0159estupov\u00e9ho obdob\u00ed.<\/p>\n<p><strong>Branky:<\/strong> 78. Theo Walcott &#8211; 72. Ezri Konsa<\/p>\n<p><strong>\u017dK:<\/strong> 56. Lucas Digne, 61. Richarlison &#8211; 71. Ahmed Elmohamady<\/p>\n<p><strong>Everton:<\/strong> Jordan Pickford, S\u00e9amus Coleman, Michael Keane, Mason Holgate (16. Jarrad Branthwaite), Lucas Digne, Alex Iwobi (62. Theo Walcott), Tom Davies (73. Gylfi Sigurdsson), Andr\u00e9 Gomes, Bernard (62. Anthony Gordon), Dominic Calvert-Lewin, Richarlison (73. Moise Kean)<\/p>\n<p><strong>Aston Villa:<\/strong> Pepe Reina, Ezri Konsa, Tyrone Mings, Matt Targett, Ahmed Elmohamady, John McGinn, Douglas Luiz, Conor Hourihane, Tr\u00e9z\u00e9guet (64. Anwar El Ghazi), Jack Grealish, Mbwana Samatta (64. Keinan Davis)<\/p>\n<p><strong>Rozhod\u010d\u00ed:<\/strong> Anthony Taylor<\/p>\n<p><strong>Bez div\u00e1k\u016f<\/strong><\/p>\n","protected":false},"excerpt":{"rendered":"<p>Dobr\u00fdch patn\u00e1ct minut na z\u00e1v\u011br z\u00e1pasu nesta\u010d\u00ed ani proti skoro sestupuj\u00edc\u00edmu soupe\u0159i na v\u00edce ne\u017e rem\u00edzu.<\/p>\n","protected":false},"author":6,"featured_media":11437,"comment_status":"open","ping_status":"closed","sticky":false,"template":"","format":"standard","meta":{"_eb_attr":"","_monsterinsights_skip_tracking":false,"_monsterinsights_sitenote_active":false,"_monsterinsights_sitenote_note":"","_monsterinsights_sitenote_category":0,"footnotes":""},"categories":[4],"tags":[],"yoast_head":"<!-- This site is optimized with the Yoast SEO plugin v23.4 - https:\/\/yoast.com\/wordpress\/plugins\/seo\/ -->\n<title>Everton \u2013 Aston Villa 1:1 - Official Czech &amp; Slovak Everton Supporters&#039; Club<\/title>\n<meta name=\"description\" content=\"Dobr\u00fdch patn\u00e1ct minut na z\u00e1v\u011br z\u00e1pasu nesta\u010d\u00ed ani proti skoro sestupuj\u00edc\u00edmu soupe\u0159i na v\u00edce ne\u017e rem\u00edzu.\" \/>\n<meta name=\"robots\" content=\"index, follow, max-snippet:-1, max-image-preview:large, max-video-preview:-1\" \/>\n<link rel=\"canonical\" href=\"https:\/\/evertonfc.cz\/index.php\/2020\/07\/16\/everton-aston-villa-1-1\/\" \/>\n<meta property=\"og:locale\" content=\"cs_CZ\" \/>\n<meta property=\"og:type\" content=\"article\" \/>\n<meta property=\"og:title\" content=\"Everton \u2013 Aston Villa 1:1 - Official Czech &amp; Slovak Everton Supporters&#039; Club\" \/>\n<meta property=\"og:description\" content=\"Dobr\u00fdch patn\u00e1ct minut na z\u00e1v\u011br z\u00e1pasu nesta\u010d\u00ed ani proti skoro sestupuj\u00edc\u00edmu soupe\u0159i na v\u00edce ne\u017e rem\u00edzu.\" \/>\n<meta property=\"og:url\" content=\"https:\/\/evertonfc.cz\/index.php\/2020\/07\/16\/everton-aston-villa-1-1\/\" \/>\n<meta property=\"og:site_name\" content=\"Official Czech &amp; Slovak Everton Supporters&#039; Club\" \/>\n<meta property=\"article:publisher\" content=\"https:\/\/www.facebook.com\/everton.fans.cz.sk\" \/>\n<meta property=\"article:published_time\" content=\"2020-07-16T19:27:54+00:00\" \/>\n<meta property=\"article:modified_time\" content=\"2021-02-08T07:28:33+00:00\" \/>\n<meta property=\"og:image\" content=\"https:\/\/evertonfc.cz\/wp-content\/uploads\/2020\/07\/branthwaite_16_7_2020.jpg\" \/>\n\t<meta property=\"og:image:width\" content=\"720\" \/>\n\t<meta property=\"og:image:height\" content=\"405\" \/>\n\t<meta property=\"og:image:type\" content=\"image\/jpeg\" \/>\n<meta name=\"author\" content=\"Ri\u010di\" \/>\n<meta name=\"twitter:card\" content=\"summary_large_image\" \/>\n<meta name=\"twitter:creator\" content=\"@rbrejsa\" \/>\n<meta name=\"twitter:label1\" content=\"Napsal(a)\" \/>\n\t<meta name=\"twitter:data1\" content=\"Ri\u010di\" \/>\n\t<meta name=\"twitter:label2\" content=\"Odhadovan\u00e1 doba \u010dten\u00ed\" \/>\n\t<meta name=\"twitter:data2\" content=\"2 minuty\" \/>\n<script type=\"application\/ld+json\" class=\"yoast-schema-graph\">{\"@context\":\"https:\/\/schema.org\",\"@graph\":[{\"@type\":\"Article\",\"@id\":\"https:\/\/evertonfc.cz\/index.php\/2020\/07\/16\/everton-aston-villa-1-1\/#article\",\"isPartOf\":{\"@id\":\"https:\/\/evertonfc.cz\/index.php\/2020\/07\/16\/everton-aston-villa-1-1\/\"},\"author\":{\"name\":\"Ri\u010di\",\"@id\":\"https:\/\/evertonfc.cz\/#\/schema\/person\/f7a5daedb2ffee98480bc70e191aaef1\"},\"headline\":\"Everton \u2013 Aston Villa 1:1\",\"datePublished\":\"2020-07-16T19:27:54+00:00\",\"dateModified\":\"2021-02-08T07:28:33+00:00\",\"mainEntityOfPage\":{\"@id\":\"https:\/\/evertonfc.cz\/index.php\/2020\/07\/16\/everton-aston-villa-1-1\/\"},\"wordCount\":521,\"commentCount\":0,\"publisher\":{\"@id\":\"https:\/\/evertonfc.cz\/#organization\"},\"image\":{\"@id\":\"https:\/\/evertonfc.cz\/index.php\/2020\/07\/16\/everton-aston-villa-1-1\/#primaryimage\"},\"thumbnailUrl\":\"https:\/\/evertonfc.cz\/wp-content\/uploads\/2020\/07\/branthwaite_16_7_2020.jpg\",\"articleSection\":[\"Z\u00e1pasy\"],\"inLanguage\":\"cs\",\"potentialAction\":[{\"@type\":\"CommentAction\",\"name\":\"Comment\",\"target\":[\"https:\/\/evertonfc.cz\/index.php\/2020\/07\/16\/everton-aston-villa-1-1\/#respond\"]}]},{\"@type\":\"WebPage\",\"@id\":\"https:\/\/evertonfc.cz\/index.php\/2020\/07\/16\/everton-aston-villa-1-1\/\",\"url\":\"https:\/\/evertonfc.cz\/index.php\/2020\/07\/16\/everton-aston-villa-1-1\/\",\"name\":\"Everton \u2013 Aston Villa 1:1 - Official Czech &amp; Slovak Everton Supporters&#039; Club\",\"isPartOf\":{\"@id\":\"https:\/\/evertonfc.cz\/#website\"},\"primaryImageOfPage\":{\"@id\":\"https:\/\/evertonfc.cz\/index.php\/2020\/07\/16\/everton-aston-villa-1-1\/#primaryimage\"},\"image\":{\"@id\":\"https:\/\/evertonfc.cz\/index.php\/2020\/07\/16\/everton-aston-villa-1-1\/#primaryimage\"},\"thumbnailUrl\":\"https:\/\/evertonfc.cz\/wp-content\/uploads\/2020\/07\/branthwaite_16_7_2020.jpg\",\"datePublished\":\"2020-07-16T19:27:54+00:00\",\"dateModified\":\"2021-02-08T07:28:33+00:00\",\"description\":\"Dobr\u00fdch patn\u00e1ct minut na z\u00e1v\u011br z\u00e1pasu nesta\u010d\u00ed ani proti skoro sestupuj\u00edc\u00edmu soupe\u0159i na v\u00edce ne\u017e rem\u00edzu.\",\"breadcrumb\":{\"@id\":\"https:\/\/evertonfc.cz\/index.php\/2020\/07\/16\/everton-aston-villa-1-1\/#breadcrumb\"},\"inLanguage\":\"cs\",\"potentialAction\":[{\"@type\":\"ReadAction\",\"target\":[\"https:\/\/evertonfc.cz\/index.php\/2020\/07\/16\/everton-aston-villa-1-1\/\"]}]},{\"@type\":\"ImageObject\",\"inLanguage\":\"cs\",\"@id\":\"https:\/\/evertonfc.cz\/index.php\/2020\/07\/16\/everton-aston-villa-1-1\/#primaryimage\",\"url\":\"https:\/\/evertonfc.cz\/wp-content\/uploads\/2020\/07\/branthwaite_16_7_2020.jpg\",\"contentUrl\":\"https:\/\/evertonfc.cz\/wp-content\/uploads\/2020\/07\/branthwaite_16_7_2020.jpg\",\"width\":720,\"height\":405},{\"@type\":\"BreadcrumbList\",\"@id\":\"https:\/\/evertonfc.cz\/index.php\/2020\/07\/16\/everton-aston-villa-1-1\/#breadcrumb\",\"itemListElement\":[{\"@type\":\"ListItem\",\"position\":1,\"name\":\"Home\",\"item\":\"https:\/\/evertonfc.cz\/\"},{\"@type\":\"ListItem\",\"position\":2,\"name\":\"Everton \u2013 Aston Villa 1:1\"}]},{\"@type\":\"WebSite\",\"@id\":\"https:\/\/evertonfc.cz\/#website\",\"url\":\"https:\/\/evertonfc.cz\/\",\"name\":\"Official Czech &amp; Slovak Everton Supporters&#039; Club\",\"description\":\"\",\"publisher\":{\"@id\":\"https:\/\/evertonfc.cz\/#organization\"},\"potentialAction\":[{\"@type\":\"SearchAction\",\"target\":{\"@type\":\"EntryPoint\",\"urlTemplate\":\"https:\/\/evertonfc.cz\/?s={search_term_string}\"},\"query-input\":{\"@type\":\"PropertyValueSpecification\",\"valueRequired\":true,\"valueName\":\"search_term_string\"}}],\"inLanguage\":\"cs\"},{\"@type\":\"Organization\",\"@id\":\"https:\/\/evertonfc.cz\/#organization\",\"name\":\"Official Czech & Slovak Everton Supporters' Club\",\"url\":\"https:\/\/evertonfc.cz\/\",\"logo\":{\"@type\":\"ImageObject\",\"inLanguage\":\"cs\",\"@id\":\"https:\/\/evertonfc.cz\/#\/schema\/logo\/image\/\",\"url\":\"https:\/\/evertonfc.cz\/wp-content\/uploads\/2019\/05\/logo.png\",\"contentUrl\":\"https:\/\/evertonfc.cz\/wp-content\/uploads\/2019\/05\/logo.png\",\"width\":112,\"height\":112,\"caption\":\"Official Czech & Slovak Everton Supporters' Club\"},\"image\":{\"@id\":\"https:\/\/evertonfc.cz\/#\/schema\/logo\/image\/\"},\"sameAs\":[\"https:\/\/www.facebook.com\/everton.fans.cz.sk\"]},{\"@type\":\"Person\",\"@id\":\"https:\/\/evertonfc.cz\/#\/schema\/person\/f7a5daedb2ffee98480bc70e191aaef1\",\"name\":\"Ri\u010di\",\"sameAs\":[\"https:\/\/x.com\/rbrejsa\"],\"url\":\"https:\/\/evertonfc.cz\/index.php\/author\/rici\/\"}]}<\/script>\n<!-- \/ Yoast SEO plugin. -->","yoast_head_json":{"title":"Everton \u2013 Aston Villa 1:1 - Official Czech &amp; Slovak Everton Supporters&#039; Club","description":"Dobr\u00fdch patn\u00e1ct minut na z\u00e1v\u011br z\u00e1pasu nesta\u010d\u00ed ani proti skoro sestupuj\u00edc\u00edmu soupe\u0159i na v\u00edce ne\u017e rem\u00edzu.","robots":{"index":"index","follow":"follow","max-snippet":"max-snippet:-1","max-image-preview":"max-image-preview:large","max-video-preview":"max-video-preview:-1"},"canonical":"https:\/\/evertonfc.cz\/index.php\/2020\/07\/16\/everton-aston-villa-1-1\/","og_locale":"cs_CZ","og_type":"article","og_title":"Everton \u2013 Aston Villa 1:1 - Official Czech &amp; Slovak Everton Supporters&#039; Club","og_description":"Dobr\u00fdch patn\u00e1ct minut na z\u00e1v\u011br z\u00e1pasu nesta\u010d\u00ed ani proti skoro sestupuj\u00edc\u00edmu soupe\u0159i na v\u00edce ne\u017e rem\u00edzu.","og_url":"https:\/\/evertonfc.cz\/index.php\/2020\/07\/16\/everton-aston-villa-1-1\/","og_site_name":"Official Czech &amp; Slovak Everton Supporters&#039; Club","article_publisher":"https:\/\/www.facebook.com\/everton.fans.cz.sk","article_published_time":"2020-07-16T19:27:54+00:00","article_modified_time":"2021-02-08T07:28:33+00:00","og_image":[{"width":720,"height":405,"url":"https:\/\/evertonfc.cz\/wp-content\/uploads\/2020\/07\/branthwaite_16_7_2020.jpg","type":"image\/jpeg"}],"author":"Ri\u010di","twitter_card":"summary_large_image","twitter_creator":"@rbrejsa","twitter_misc":{"Napsal(a)":"Ri\u010di","Odhadovan\u00e1 doba \u010dten\u00ed":"2 minuty"},"schema":{"@context":"https:\/\/schema.org","@graph":[{"@type":"Article","@id":"https:\/\/evertonfc.cz\/index.php\/2020\/07\/16\/everton-aston-villa-1-1\/#article","isPartOf":{"@id":"https:\/\/evertonfc.cz\/index.php\/2020\/07\/16\/everton-aston-villa-1-1\/"},"author":{"name":"Ri\u010di","@id":"https:\/\/evertonfc.cz\/#\/schema\/person\/f7a5daedb2ffee98480bc70e191aaef1"},"headline":"Everton \u2013 Aston Villa 1:1","datePublished":"2020-07-16T19:27:54+00:00","dateModified":"2021-02-08T07:28:33+00:00","mainEntityOfPage":{"@id":"https:\/\/evertonfc.cz\/index.php\/2020\/07\/16\/everton-aston-villa-1-1\/"},"wordCount":521,"commentCount":0,"publisher":{"@id":"https:\/\/evertonfc.cz\/#organization"},"image":{"@id":"https:\/\/evertonfc.cz\/index.php\/2020\/07\/16\/everton-aston-villa-1-1\/#primaryimage"},"thumbnailUrl":"https:\/\/evertonfc.cz\/wp-content\/uploads\/2020\/07\/branthwaite_16_7_2020.jpg","articleSection":["Z\u00e1pasy"],"inLanguage":"cs","potentialAction":[{"@type":"CommentAction","name":"Comment","target":["https:\/\/evertonfc.cz\/index.php\/2020\/07\/16\/everton-aston-villa-1-1\/#respond"]}]},{"@type":"WebPage","@id":"https:\/\/evertonfc.cz\/index.php\/2020\/07\/16\/everton-aston-villa-1-1\/","url":"https:\/\/evertonfc.cz\/index.php\/2020\/07\/16\/everton-aston-villa-1-1\/","name":"Everton \u2013 Aston Villa 1:1 - Official Czech &amp; Slovak Everton Supporters&#039; Club","isPartOf":{"@id":"https:\/\/evertonfc.cz\/#website"},"primaryImageOfPage":{"@id":"https:\/\/evertonfc.cz\/index.php\/2020\/07\/16\/everton-aston-villa-1-1\/#primaryimage"},"image":{"@id":"https:\/\/evertonfc.cz\/index.php\/2020\/07\/16\/everton-aston-villa-1-1\/#primaryimage"},"thumbnailUrl":"https:\/\/evertonfc.cz\/wp-content\/uploads\/2020\/07\/branthwaite_16_7_2020.jpg","datePublished":"2020-07-16T19:27:54+00:00","dateModified":"2021-02-08T07:28:33+00:00","description":"Dobr\u00fdch patn\u00e1ct minut na z\u00e1v\u011br z\u00e1pasu nesta\u010d\u00ed ani proti skoro sestupuj\u00edc\u00edmu soupe\u0159i na v\u00edce ne\u017e rem\u00edzu.","breadcrumb":{"@id":"https:\/\/evertonfc.cz\/index.php\/2020\/07\/16\/everton-aston-villa-1-1\/#breadcrumb"},"inLanguage":"cs","potentialAction":[{"@type":"ReadAction","target":["https:\/\/evertonfc.cz\/index.php\/2020\/07\/16\/everton-aston-villa-1-1\/"]}]},{"@type":"ImageObject","inLanguage":"cs","@id":"https:\/\/evertonfc.cz\/index.php\/2020\/07\/16\/everton-aston-villa-1-1\/#primaryimage","url":"https:\/\/evertonfc.cz\/wp-content\/uploads\/2020\/07\/branthwaite_16_7_2020.jpg","contentUrl":"https:\/\/evertonfc.cz\/wp-content\/uploads\/2020\/07\/branthwaite_16_7_2020.jpg","width":720,"height":405},{"@type":"BreadcrumbList","@id":"https:\/\/evertonfc.cz\/index.php\/2020\/07\/16\/everton-aston-villa-1-1\/#breadcrumb","itemListElement":[{"@type":"ListItem","position":1,"name":"Home","item":"https:\/\/evertonfc.cz\/"},{"@type":"ListItem","position":2,"name":"Everton \u2013 Aston Villa 1:1"}]},{"@type":"WebSite","@id":"https:\/\/evertonfc.cz\/#website","url":"https:\/\/evertonfc.cz\/","name":"Official Czech &amp; Slovak Everton Supporters&#039; Club","description":"","publisher":{"@id":"https:\/\/evertonfc.cz\/#organization"},"potentialAction":[{"@type":"SearchAction","target":{"@type":"EntryPoint","urlTemplate":"https:\/\/evertonfc.cz\/?s={search_term_string}"},"query-input":{"@type":"PropertyValueSpecification","valueRequired":true,"valueName":"search_term_string"}}],"inLanguage":"cs"},{"@type":"Organization","@id":"https:\/\/evertonfc.cz\/#organization","name":"Official Czech & Slovak Everton Supporters' Club","url":"https:\/\/evertonfc.cz\/","logo":{"@type":"ImageObject","inLanguage":"cs","@id":"https:\/\/evertonfc.cz\/#\/schema\/logo\/image\/","url":"https:\/\/evertonfc.cz\/wp-content\/uploads\/2019\/05\/logo.png","contentUrl":"https:\/\/evertonfc.cz\/wp-content\/uploads\/2019\/05\/logo.png","width":112,"height":112,"caption":"Official Czech & Slovak Everton Supporters' Club"},"image":{"@id":"https:\/\/evertonfc.cz\/#\/schema\/logo\/image\/"},"sameAs":["https:\/\/www.facebook.com\/everton.fans.cz.sk"]},{"@type":"Person","@id":"https:\/\/evertonfc.cz\/#\/schema\/person\/f7a5daedb2ffee98480bc70e191aaef1","name":"Ri\u010di","sameAs":["https:\/\/x.com\/rbrejsa"],"url":"https:\/\/evertonfc.cz\/index.php\/author\/rici\/"}]}},"_links":{"self":[{"href":"https:\/\/evertonfc.cz\/index.php\/wp-json\/wp\/v2\/posts\/11438"}],"collection":[{"href":"https:\/\/evertonfc.cz\/index.php\/wp-json\/wp\/v2\/posts"}],"about":[{"href":"https:\/\/evertonfc.cz\/index.php\/wp-json\/wp\/v2\/types\/post"}],"author":[{"embeddable":true,"href":"https:\/\/evertonfc.cz\/index.php\/wp-json\/wp\/v2\/users\/6"}],"replies":[{"embeddable":true,"href":"https:\/\/evertonfc.cz\/index.php\/wp-json\/wp\/v2\/comments?post=11438"}],"version-history":[{"count":5,"href":"https:\/\/evertonfc.cz\/index.php\/wp-json\/wp\/v2\/posts\/11438\/revisions"}],"predecessor-version":[{"id":14011,"href":"https:\/\/evertonfc.cz\/index.php\/wp-json\/wp\/v2\/posts\/11438\/revisions\/14011"}],"wp:featuredmedia":[{"embeddable":true,"href":"https:\/\/evertonfc.cz\/index.php\/wp-json\/wp\/v2\/media\/11437"}],"wp:attachment":[{"href":"https:\/\/evertonfc.cz\/index.php\/wp-json\/wp\/v2\/media?parent=11438"}],"wp:term":[{"taxonomy":"category","embeddable":true,"href":"https:\/\/evertonfc.cz\/index.php\/wp-json\/wp\/v2\/categories?post=11438"},{"taxonomy":"post_tag","embeddable":true,"href":"https:\/\/evertonfc.cz\/index.php\/wp-json\/wp\/v2\/tags?post=11438"}],"curies":[{"name":"wp","href":"https:\/\/api.w.org\/{rel}","templated":true}]}}