{"id":11451,"date":"2020-07-19T22:16:39","date_gmt":"2020-07-19T20:16:39","guid":{"rendered":"https:\/\/evertonfc.cz\/?p=11451"},"modified":"2021-05-19T12:37:35","modified_gmt":"2021-05-19T10:37:35","slug":"preview-sheffield-united-everton","status":"publish","type":"post","link":"https:\/\/evertonfc.cz\/index.php\/2020\/07\/19\/preview-sheffield-united-everton\/","title":{"rendered":"Preview: Sheffield United &#8211; Everton"},"content":{"rendered":"<h4><strong>Pond\u011bln\u00ed ve\u010der m\u00e1 na sta\u0159i\u010dk\u00e9m stadionu Bramall Lane rezervov\u00e1n souboj hladov\u00e9ho nov\u00e1\u010dka bojuj\u00edc\u00edho o evropsk\u00e9ho poh\u00e1ry se znud\u011bn\u00fdm ligov\u00fdm \u0161tamgastem dohr\u00e1vaj\u00edc\u00edm sez\u00f3nu z povinnosti.<\/strong><\/h4>\n<p>Sheffield United pro\u017e\u00edv\u00e1 bezesporu snovou sez\u00f3nu, kterou hodl\u00e1 v c\u00edlov\u00e9 rovince vy\u0161perkovat o kvalifikaci do Evropsk\u00fdch poh\u00e1r\u016f. Nov\u00e1\u010dek, jemu\u017e loni po postupu mnoz\u00ed p\u0159edpov\u00eddali brzk\u00fd n\u00e1vrat do druh\u00e9 ligy, udivil anglickou smet\u00e1nku a dv\u011b kola p\u0159ed koncem sez\u00f3ny si brous\u00ed zuby na \u0161est\u00e9, p\u0159\u00edpadn\u00e9 sedm\u00e9 m\u00edsto, kter\u00e9 rovn\u011b\u017e m\u016f\u017ee zaru\u010dit v\u00fdlety p\u0159es Laman\u0161sk\u00fd pr\u016fliv.<\/p>\n<p>Chris Wilder, 52let\u00fd mana\u017eer Blades, zaslou\u017een\u011b skl\u00edz\u00ed chv\u00e1lu. Tradi\u010dn\u00edho anglick\u00e9ho celku se ujal v roce 2016 a b\u011bhem \u010dty\u0159 let ho z t\u0159et\u00ed ligy vyt\u00e1hl na m\u00edsta, kde by se r\u00e1d nach\u00e1zel Everton. A to Wilder ani nemusel utr\u00e1cet stamiliony liber za pr\u016fm\u011brn\u00e9 hr\u00e1\u010de.<\/p>\n<p>Jestli\u017ee na Bramall Lane budou hodnotit leto\u0161n\u00ed ro\u010dn\u00edk jako \u00fasp\u011b\u0161n\u00fd, v Goodison Parku bude (op\u011bt pro jednou) p\u0159evl\u00e1dat zklam\u00e1n\u00ed. Toffees na podzim pab\u011brkovali se sestupov\u00fdmi p\u0159\u00ed\u010dky, a tak logicky vym\u011bnili mana\u017eera. Zku\u0161en\u00fd lodivod Carlo Ancelotti t\u00fdm rychle dovedl k zachr\u00e1n\u011b, od vytou\u017een\u00e9 Evropy ho ale d\u011bl\u00ed m\u00edle.<\/p>\n<p>Situace se dokonce stala natolik \u017einantn\u00ed, \u017ee Evertonu hroz\u00ed nejhor\u0161\u00ed ligov\u00e9 um\u00edst\u011bn\u00ed od sez\u00f3ny 2003\/04, kdy skon\u010dil sedmn\u00e1ct\u00fd. Toffees v aktu\u00e1ln\u011b rozehran\u00e9m 37. kole spadli a\u017e na 12. pozici.<\/p>\n<p>Kde hledat p\u0159\u00ed\u010diny sou\u010dasn\u00e9 krize? T\u011b\u017eko je lze jednozna\u010dn\u011b ur\u010dit\u011b, sp\u00ed\u0161e se jedn\u00e1 o nahromad\u011bn\u00ed n\u011bkolika probl\u00e9m\u016f. Laxn\u00ed p\u0159\u00edstup, absence sebev\u011bdom\u00ed, nekvalitn\u00ed hr\u00e1\u010di, zran\u011bn\u00ed \u010di hled\u00e1n\u00ed ide\u00e1ln\u00ed stylu hry. Nad\u011bje na zlep\u0161en\u00ed v n\u00e1sleduj\u00edc\u00ed sez\u00f3n\u011b je sice legitimn\u00ed, ale d\u016fstojn\u00e9 dohr\u00e1n\u00ed aktu\u00e1ln\u00edho ro\u010dn\u00edku by m\u011blo p\u0159edstavovat minim\u00e1ln\u00ed c\u00edl \u00a0\u2013 co\u017e se bohu\u017eel ned\u011bje.<\/p>\n<p>Chris Wilder po \u010dtvrte\u010dn\u00edm proh\u0159e 0:2 v\u00a0Leicesteru p\u0159\u00edmo zu\u0159il, v\u00a0poz\u00e1pasov\u00fdch rozhovorech sv\u00e9 hr\u00e1\u010de ne\u0161et\u0159il, bude tedy zaj\u00edmav\u00e9 sledovat jejich odezvu v\u00a0pond\u011bln\u00edm utk\u00e1n\u00ed. Na dom\u00e1c\u00ed p\u016fd\u011b jsou ale Blades v\u00a0\u010dervenci neomyln\u00ed, postupn\u011b porazili Tottenham, Wolverhampton a Chelsea.<\/p>\n<p>Zat\u00edmco dom\u00e1c\u00edm chyb\u00ed pouze dva zran\u011bn\u00ed \u00fato\u010dn\u00edci Luke Freeman a Leon Clarke, marodka Evertonu je po\u010detn\u011bj\u0161\u00ed. K\u00a0dlouhodob\u00fdm absent\u00e9r\u016fm Gbaminovi a Tosunovi se do konce sez\u00f3ny p\u0159idali Mina, Holgate a Delph. Debut v\u00a0Premier League tak \u010dek\u00e1 18let\u00e9ho stopera Jarrada Branthwaitea, kter\u00fd jako st\u0159\u00eddaj\u00edc\u00ed zas\u00e1hl do posledn\u00edch dvou kol. Ancelotti rovn\u011b\u017e p\u0159ipustil \u0161anci pro sporadicky vyu\u017e\u00edvan\u00e9ho mlad\u00e9ho \u00fato\u010dn\u00edka Moise Keana.<\/p>\n<p><strong>Co:<\/strong> Sheffield United FC &#8211; Everton FC, 37. kolo Premier League<br \/>\n<strong>Kdy:<\/strong> 20. 07. 2020 od 19:00 SE\u010c<br \/>\n<strong>Kde:<\/strong> Bramall Lane, Sheffield (kapacita: 32 050)<br \/>\n<strong>Hlavn\u00ed rozhod\u010d\u00ed:<\/strong> Stuart Attwell<br \/>\n<strong>VAR rozhod\u010d\u00ed:<\/strong> Martin Atkinson<br \/>\n<strong>\u017div\u00fd p\u0159enos Premier Sport:<\/strong> Ano, od 18:55<\/p>\n","protected":false},"excerpt":{"rendered":"<p>Pond\u011bln\u00ed ve\u010der m\u00e1 na sta\u0159i\u010dk\u00e9m stadionu Bramall Lane rezervov\u00e1n souboj hladov\u00e9ho nov\u00e1\u010dka bojuj\u00edc\u00edho o evropsk\u00e9ho poh\u00e1ry se znud\u011bn\u00fdm ligov\u00fdm \u0161tamgastem dohr\u00e1vaj\u00edc\u00edm sez\u00f3nu z povinnosti.<\/p>\n","protected":false},"author":6,"featured_media":13335,"comment_status":"open","ping_status":"closed","sticky":false,"template":"","format":"standard","meta":{"_eb_attr":"","_monsterinsights_skip_tracking":false,"_monsterinsights_sitenote_active":false,"_monsterinsights_sitenote_note":"","_monsterinsights_sitenote_category":0,"footnotes":""},"categories":[4],"tags":[],"yoast_head":"<!-- This site is optimized with the Yoast SEO plugin v23.4 - https:\/\/yoast.com\/wordpress\/plugins\/seo\/ -->\n<title>Preview: Sheffield United - Everton - Official Czech &amp; Slovak Everton Supporters&#039; Club<\/title>\n<meta name=\"description\" content=\"Pond\u011bln\u00ed ve\u010der m\u00e1 na sta\u0159i\u010dk\u00e9m stadionu Bramall Lane rezervov\u00e1n souboj hladov\u00e9ho nov\u00e1\u010dka bojuj\u00edc\u00edho o evropsk\u00e9ho poh\u00e1ry se znud\u011bn\u00fdm ligov\u00fdm \u0161tamgastem dohr\u00e1vaj\u00edc\u00edm sez\u00f3nu z povinnosti.\" \/>\n<meta name=\"robots\" content=\"index, follow, max-snippet:-1, max-image-preview:large, max-video-preview:-1\" \/>\n<link rel=\"canonical\" href=\"https:\/\/evertonfc.cz\/index.php\/2020\/07\/19\/preview-sheffield-united-everton\/\" \/>\n<meta property=\"og:locale\" content=\"cs_CZ\" \/>\n<meta property=\"og:type\" content=\"article\" \/>\n<meta property=\"og:title\" content=\"Preview: Sheffield United - Everton - Official Czech &amp; Slovak Everton Supporters&#039; Club\" \/>\n<meta property=\"og:description\" content=\"Pond\u011bln\u00ed ve\u010der m\u00e1 na sta\u0159i\u010dk\u00e9m stadionu Bramall Lane rezervov\u00e1n souboj hladov\u00e9ho nov\u00e1\u010dka bojuj\u00edc\u00edho o evropsk\u00e9ho poh\u00e1ry se znud\u011bn\u00fdm ligov\u00fdm \u0161tamgastem dohr\u00e1vaj\u00edc\u00edm sez\u00f3nu z povinnosti.\" \/>\n<meta property=\"og:url\" content=\"https:\/\/evertonfc.cz\/index.php\/2020\/07\/19\/preview-sheffield-united-everton\/\" \/>\n<meta property=\"og:site_name\" content=\"Official Czech &amp; Slovak Everton Supporters&#039; Club\" \/>\n<meta property=\"article:publisher\" content=\"https:\/\/www.facebook.com\/everton.fans.cz.sk\" \/>\n<meta property=\"article:published_time\" content=\"2020-07-19T20:16:39+00:00\" \/>\n<meta property=\"article:modified_time\" content=\"2021-05-19T10:37:35+00:00\" \/>\n<meta property=\"og:image\" content=\"https:\/\/evertonfc.cz\/wp-content\/uploads\/2020\/12\/Sheffield-United-VS-Everton.jpg\" \/>\n\t<meta property=\"og:image:width\" content=\"720\" \/>\n\t<meta property=\"og:image:height\" content=\"405\" \/>\n\t<meta property=\"og:image:type\" content=\"image\/jpeg\" \/>\n<meta name=\"author\" content=\"Ri\u010di\" \/>\n<meta name=\"twitter:card\" content=\"summary_large_image\" \/>\n<meta name=\"twitter:creator\" content=\"@rbrejsa\" \/>\n<meta name=\"twitter:label1\" content=\"Napsal(a)\" \/>\n\t<meta name=\"twitter:data1\" content=\"Ri\u010di\" \/>\n\t<meta name=\"twitter:label2\" content=\"Odhadovan\u00e1 doba \u010dten\u00ed\" \/>\n\t<meta name=\"twitter:data2\" content=\"2 minuty\" \/>\n<script type=\"application\/ld+json\" class=\"yoast-schema-graph\">{\"@context\":\"https:\/\/schema.org\",\"@graph\":[{\"@type\":\"Article\",\"@id\":\"https:\/\/evertonfc.cz\/index.php\/2020\/07\/19\/preview-sheffield-united-everton\/#article\",\"isPartOf\":{\"@id\":\"https:\/\/evertonfc.cz\/index.php\/2020\/07\/19\/preview-sheffield-united-everton\/\"},\"author\":{\"name\":\"Ri\u010di\",\"@id\":\"https:\/\/evertonfc.cz\/#\/schema\/person\/f7a5daedb2ffee98480bc70e191aaef1\"},\"headline\":\"Preview: Sheffield United &#8211; Everton\",\"datePublished\":\"2020-07-19T20:16:39+00:00\",\"dateModified\":\"2021-05-19T10:37:35+00:00\",\"mainEntityOfPage\":{\"@id\":\"https:\/\/evertonfc.cz\/index.php\/2020\/07\/19\/preview-sheffield-united-everton\/\"},\"wordCount\":539,\"commentCount\":5,\"publisher\":{\"@id\":\"https:\/\/evertonfc.cz\/#organization\"},\"image\":{\"@id\":\"https:\/\/evertonfc.cz\/index.php\/2020\/07\/19\/preview-sheffield-united-everton\/#primaryimage\"},\"thumbnailUrl\":\"https:\/\/evertonfc.cz\/wp-content\/uploads\/2020\/12\/Sheffield-United-VS-Everton.jpg\",\"articleSection\":[\"Z\u00e1pasy\"],\"inLanguage\":\"cs\",\"potentialAction\":[{\"@type\":\"CommentAction\",\"name\":\"Comment\",\"target\":[\"https:\/\/evertonfc.cz\/index.php\/2020\/07\/19\/preview-sheffield-united-everton\/#respond\"]}]},{\"@type\":\"WebPage\",\"@id\":\"https:\/\/evertonfc.cz\/index.php\/2020\/07\/19\/preview-sheffield-united-everton\/\",\"url\":\"https:\/\/evertonfc.cz\/index.php\/2020\/07\/19\/preview-sheffield-united-everton\/\",\"name\":\"Preview: Sheffield United - Everton - Official Czech &amp; Slovak Everton Supporters&#039; Club\",\"isPartOf\":{\"@id\":\"https:\/\/evertonfc.cz\/#website\"},\"primaryImageOfPage\":{\"@id\":\"https:\/\/evertonfc.cz\/index.php\/2020\/07\/19\/preview-sheffield-united-everton\/#primaryimage\"},\"image\":{\"@id\":\"https:\/\/evertonfc.cz\/index.php\/2020\/07\/19\/preview-sheffield-united-everton\/#primaryimage\"},\"thumbnailUrl\":\"https:\/\/evertonfc.cz\/wp-content\/uploads\/2020\/12\/Sheffield-United-VS-Everton.jpg\",\"datePublished\":\"2020-07-19T20:16:39+00:00\",\"dateModified\":\"2021-05-19T10:37:35+00:00\",\"description\":\"Pond\u011bln\u00ed ve\u010der m\u00e1 na sta\u0159i\u010dk\u00e9m stadionu Bramall Lane rezervov\u00e1n souboj hladov\u00e9ho nov\u00e1\u010dka bojuj\u00edc\u00edho o evropsk\u00e9ho poh\u00e1ry se znud\u011bn\u00fdm ligov\u00fdm \u0161tamgastem dohr\u00e1vaj\u00edc\u00edm sez\u00f3nu z povinnosti.\",\"breadcrumb\":{\"@id\":\"https:\/\/evertonfc.cz\/index.php\/2020\/07\/19\/preview-sheffield-united-everton\/#breadcrumb\"},\"inLanguage\":\"cs\",\"potentialAction\":[{\"@type\":\"ReadAction\",\"target\":[\"https:\/\/evertonfc.cz\/index.php\/2020\/07\/19\/preview-sheffield-united-everton\/\"]}]},{\"@type\":\"ImageObject\",\"inLanguage\":\"cs\",\"@id\":\"https:\/\/evertonfc.cz\/index.php\/2020\/07\/19\/preview-sheffield-united-everton\/#primaryimage\",\"url\":\"https:\/\/evertonfc.cz\/wp-content\/uploads\/2020\/12\/Sheffield-United-VS-Everton.jpg\",\"contentUrl\":\"https:\/\/evertonfc.cz\/wp-content\/uploads\/2020\/12\/Sheffield-United-VS-Everton.jpg\",\"width\":720,\"height\":405},{\"@type\":\"BreadcrumbList\",\"@id\":\"https:\/\/evertonfc.cz\/index.php\/2020\/07\/19\/preview-sheffield-united-everton\/#breadcrumb\",\"itemListElement\":[{\"@type\":\"ListItem\",\"position\":1,\"name\":\"Home\",\"item\":\"https:\/\/evertonfc.cz\/\"},{\"@type\":\"ListItem\",\"position\":2,\"name\":\"Preview: Sheffield United &#8211; Everton\"}]},{\"@type\":\"WebSite\",\"@id\":\"https:\/\/evertonfc.cz\/#website\",\"url\":\"https:\/\/evertonfc.cz\/\",\"name\":\"Official Czech &amp; Slovak Everton Supporters&#039; Club\",\"description\":\"\",\"publisher\":{\"@id\":\"https:\/\/evertonfc.cz\/#organization\"},\"potentialAction\":[{\"@type\":\"SearchAction\",\"target\":{\"@type\":\"EntryPoint\",\"urlTemplate\":\"https:\/\/evertonfc.cz\/?s={search_term_string}\"},\"query-input\":{\"@type\":\"PropertyValueSpecification\",\"valueRequired\":true,\"valueName\":\"search_term_string\"}}],\"inLanguage\":\"cs\"},{\"@type\":\"Organization\",\"@id\":\"https:\/\/evertonfc.cz\/#organization\",\"name\":\"Official Czech & Slovak Everton Supporters' Club\",\"url\":\"https:\/\/evertonfc.cz\/\",\"logo\":{\"@type\":\"ImageObject\",\"inLanguage\":\"cs\",\"@id\":\"https:\/\/evertonfc.cz\/#\/schema\/logo\/image\/\",\"url\":\"https:\/\/evertonfc.cz\/wp-content\/uploads\/2019\/05\/logo.png\",\"contentUrl\":\"https:\/\/evertonfc.cz\/wp-content\/uploads\/2019\/05\/logo.png\",\"width\":112,\"height\":112,\"caption\":\"Official Czech & Slovak Everton Supporters' Club\"},\"image\":{\"@id\":\"https:\/\/evertonfc.cz\/#\/schema\/logo\/image\/\"},\"sameAs\":[\"https:\/\/www.facebook.com\/everton.fans.cz.sk\"]},{\"@type\":\"Person\",\"@id\":\"https:\/\/evertonfc.cz\/#\/schema\/person\/f7a5daedb2ffee98480bc70e191aaef1\",\"name\":\"Ri\u010di\",\"sameAs\":[\"https:\/\/x.com\/rbrejsa\"],\"url\":\"https:\/\/evertonfc.cz\/index.php\/author\/rici\/\"}]}<\/script>\n<!-- \/ Yoast SEO plugin. -->","yoast_head_json":{"title":"Preview: Sheffield United - Everton - Official Czech &amp; Slovak Everton Supporters&#039; Club","description":"Pond\u011bln\u00ed ve\u010der m\u00e1 na sta\u0159i\u010dk\u00e9m stadionu Bramall Lane rezervov\u00e1n souboj hladov\u00e9ho nov\u00e1\u010dka bojuj\u00edc\u00edho o evropsk\u00e9ho poh\u00e1ry se znud\u011bn\u00fdm ligov\u00fdm \u0161tamgastem dohr\u00e1vaj\u00edc\u00edm sez\u00f3nu z povinnosti.","robots":{"index":"index","follow":"follow","max-snippet":"max-snippet:-1","max-image-preview":"max-image-preview:large","max-video-preview":"max-video-preview:-1"},"canonical":"https:\/\/evertonfc.cz\/index.php\/2020\/07\/19\/preview-sheffield-united-everton\/","og_locale":"cs_CZ","og_type":"article","og_title":"Preview: Sheffield United - Everton - Official Czech &amp; Slovak Everton Supporters&#039; Club","og_description":"Pond\u011bln\u00ed ve\u010der m\u00e1 na sta\u0159i\u010dk\u00e9m stadionu Bramall Lane rezervov\u00e1n souboj hladov\u00e9ho nov\u00e1\u010dka bojuj\u00edc\u00edho o evropsk\u00e9ho poh\u00e1ry se znud\u011bn\u00fdm ligov\u00fdm \u0161tamgastem dohr\u00e1vaj\u00edc\u00edm sez\u00f3nu z povinnosti.","og_url":"https:\/\/evertonfc.cz\/index.php\/2020\/07\/19\/preview-sheffield-united-everton\/","og_site_name":"Official Czech &amp; Slovak Everton Supporters&#039; Club","article_publisher":"https:\/\/www.facebook.com\/everton.fans.cz.sk","article_published_time":"2020-07-19T20:16:39+00:00","article_modified_time":"2021-05-19T10:37:35+00:00","og_image":[{"width":720,"height":405,"url":"https:\/\/evertonfc.cz\/wp-content\/uploads\/2020\/12\/Sheffield-United-VS-Everton.jpg","type":"image\/jpeg"}],"author":"Ri\u010di","twitter_card":"summary_large_image","twitter_creator":"@rbrejsa","twitter_misc":{"Napsal(a)":"Ri\u010di","Odhadovan\u00e1 doba \u010dten\u00ed":"2 minuty"},"schema":{"@context":"https:\/\/schema.org","@graph":[{"@type":"Article","@id":"https:\/\/evertonfc.cz\/index.php\/2020\/07\/19\/preview-sheffield-united-everton\/#article","isPartOf":{"@id":"https:\/\/evertonfc.cz\/index.php\/2020\/07\/19\/preview-sheffield-united-everton\/"},"author":{"name":"Ri\u010di","@id":"https:\/\/evertonfc.cz\/#\/schema\/person\/f7a5daedb2ffee98480bc70e191aaef1"},"headline":"Preview: Sheffield United &#8211; Everton","datePublished":"2020-07-19T20:16:39+00:00","dateModified":"2021-05-19T10:37:35+00:00","mainEntityOfPage":{"@id":"https:\/\/evertonfc.cz\/index.php\/2020\/07\/19\/preview-sheffield-united-everton\/"},"wordCount":539,"commentCount":5,"publisher":{"@id":"https:\/\/evertonfc.cz\/#organization"},"image":{"@id":"https:\/\/evertonfc.cz\/index.php\/2020\/07\/19\/preview-sheffield-united-everton\/#primaryimage"},"thumbnailUrl":"https:\/\/evertonfc.cz\/wp-content\/uploads\/2020\/12\/Sheffield-United-VS-Everton.jpg","articleSection":["Z\u00e1pasy"],"inLanguage":"cs","potentialAction":[{"@type":"CommentAction","name":"Comment","target":["https:\/\/evertonfc.cz\/index.php\/2020\/07\/19\/preview-sheffield-united-everton\/#respond"]}]},{"@type":"WebPage","@id":"https:\/\/evertonfc.cz\/index.php\/2020\/07\/19\/preview-sheffield-united-everton\/","url":"https:\/\/evertonfc.cz\/index.php\/2020\/07\/19\/preview-sheffield-united-everton\/","name":"Preview: Sheffield United - Everton - Official Czech &amp; Slovak Everton Supporters&#039; Club","isPartOf":{"@id":"https:\/\/evertonfc.cz\/#website"},"primaryImageOfPage":{"@id":"https:\/\/evertonfc.cz\/index.php\/2020\/07\/19\/preview-sheffield-united-everton\/#primaryimage"},"image":{"@id":"https:\/\/evertonfc.cz\/index.php\/2020\/07\/19\/preview-sheffield-united-everton\/#primaryimage"},"thumbnailUrl":"https:\/\/evertonfc.cz\/wp-content\/uploads\/2020\/12\/Sheffield-United-VS-Everton.jpg","datePublished":"2020-07-19T20:16:39+00:00","dateModified":"2021-05-19T10:37:35+00:00","description":"Pond\u011bln\u00ed ve\u010der m\u00e1 na sta\u0159i\u010dk\u00e9m stadionu Bramall Lane rezervov\u00e1n souboj hladov\u00e9ho nov\u00e1\u010dka bojuj\u00edc\u00edho o evropsk\u00e9ho poh\u00e1ry se znud\u011bn\u00fdm ligov\u00fdm \u0161tamgastem dohr\u00e1vaj\u00edc\u00edm sez\u00f3nu z povinnosti.","breadcrumb":{"@id":"https:\/\/evertonfc.cz\/index.php\/2020\/07\/19\/preview-sheffield-united-everton\/#breadcrumb"},"inLanguage":"cs","potentialAction":[{"@type":"ReadAction","target":["https:\/\/evertonfc.cz\/index.php\/2020\/07\/19\/preview-sheffield-united-everton\/"]}]},{"@type":"ImageObject","inLanguage":"cs","@id":"https:\/\/evertonfc.cz\/index.php\/2020\/07\/19\/preview-sheffield-united-everton\/#primaryimage","url":"https:\/\/evertonfc.cz\/wp-content\/uploads\/2020\/12\/Sheffield-United-VS-Everton.jpg","contentUrl":"https:\/\/evertonfc.cz\/wp-content\/uploads\/2020\/12\/Sheffield-United-VS-Everton.jpg","width":720,"height":405},{"@type":"BreadcrumbList","@id":"https:\/\/evertonfc.cz\/index.php\/2020\/07\/19\/preview-sheffield-united-everton\/#breadcrumb","itemListElement":[{"@type":"ListItem","position":1,"name":"Home","item":"https:\/\/evertonfc.cz\/"},{"@type":"ListItem","position":2,"name":"Preview: Sheffield United &#8211; Everton"}]},{"@type":"WebSite","@id":"https:\/\/evertonfc.cz\/#website","url":"https:\/\/evertonfc.cz\/","name":"Official Czech &amp; Slovak Everton Supporters&#039; Club","description":"","publisher":{"@id":"https:\/\/evertonfc.cz\/#organization"},"potentialAction":[{"@type":"SearchAction","target":{"@type":"EntryPoint","urlTemplate":"https:\/\/evertonfc.cz\/?s={search_term_string}"},"query-input":{"@type":"PropertyValueSpecification","valueRequired":true,"valueName":"search_term_string"}}],"inLanguage":"cs"},{"@type":"Organization","@id":"https:\/\/evertonfc.cz\/#organization","name":"Official Czech & Slovak Everton Supporters' Club","url":"https:\/\/evertonfc.cz\/","logo":{"@type":"ImageObject","inLanguage":"cs","@id":"https:\/\/evertonfc.cz\/#\/schema\/logo\/image\/","url":"https:\/\/evertonfc.cz\/wp-content\/uploads\/2019\/05\/logo.png","contentUrl":"https:\/\/evertonfc.cz\/wp-content\/uploads\/2019\/05\/logo.png","width":112,"height":112,"caption":"Official Czech & Slovak Everton Supporters' Club"},"image":{"@id":"https:\/\/evertonfc.cz\/#\/schema\/logo\/image\/"},"sameAs":["https:\/\/www.facebook.com\/everton.fans.cz.sk"]},{"@type":"Person","@id":"https:\/\/evertonfc.cz\/#\/schema\/person\/f7a5daedb2ffee98480bc70e191aaef1","name":"Ri\u010di","sameAs":["https:\/\/x.com\/rbrejsa"],"url":"https:\/\/evertonfc.cz\/index.php\/author\/rici\/"}]}},"_links":{"self":[{"href":"https:\/\/evertonfc.cz\/index.php\/wp-json\/wp\/v2\/posts\/11451"}],"collection":[{"href":"https:\/\/evertonfc.cz\/index.php\/wp-json\/wp\/v2\/posts"}],"about":[{"href":"https:\/\/evertonfc.cz\/index.php\/wp-json\/wp\/v2\/types\/post"}],"author":[{"embeddable":true,"href":"https:\/\/evertonfc.cz\/index.php\/wp-json\/wp\/v2\/users\/6"}],"replies":[{"embeddable":true,"href":"https:\/\/evertonfc.cz\/index.php\/wp-json\/wp\/v2\/comments?post=11451"}],"version-history":[{"count":8,"href":"https:\/\/evertonfc.cz\/index.php\/wp-json\/wp\/v2\/posts\/11451\/revisions"}],"predecessor-version":[{"id":15375,"href":"https:\/\/evertonfc.cz\/index.php\/wp-json\/wp\/v2\/posts\/11451\/revisions\/15375"}],"wp:featuredmedia":[{"embeddable":true,"href":"https:\/\/evertonfc.cz\/index.php\/wp-json\/wp\/v2\/media\/13335"}],"wp:attachment":[{"href":"https:\/\/evertonfc.cz\/index.php\/wp-json\/wp\/v2\/media?parent=11451"}],"wp:term":[{"taxonomy":"category","embeddable":true,"href":"https:\/\/evertonfc.cz\/index.php\/wp-json\/wp\/v2\/categories?post=11451"},{"taxonomy":"post_tag","embeddable":true,"href":"https:\/\/evertonfc.cz\/index.php\/wp-json\/wp\/v2\/tags?post=11451"}],"curies":[{"name":"wp","href":"https:\/\/api.w.org\/{rel}","templated":true}]}}