{"id":11481,"date":"2020-07-26T21:18:52","date_gmt":"2020-07-26T19:18:52","guid":{"rendered":"https:\/\/evertonfc.cz\/?p=11481"},"modified":"2020-08-20T21:25:39","modified_gmt":"2020-08-20T19:25:39","slug":"klobouky-dolu-baines-konci","status":"publish","type":"post","link":"https:\/\/evertonfc.cz\/index.php\/2020\/07\/26\/klobouky-dolu-baines-konci\/","title":{"rendered":"Klobouky dol\u016f, Baines kon\u010d\u00ed"},"content":{"rendered":"<h4>Leighton Baines, dlouholet\u00fd lev\u00fd obr\u00e1nce Evertonu, se rozhodl ukon\u010dit kari\u00e9ru. Sice v posledn\u00edch dvou sez\u00f3n\u00e1ch toho u\u017e moc neodehr\u00e1l, ale i tak kon\u010d\u00ed d\u016fle\u017eit\u00fd hr\u00e1\u010d k\u00e1dru a nepochybn\u011b klubov\u00e1 legenda.<\/h4>\n<p>Rod\u00e1k z Kirkby hr\u00e1l ve sv\u00e9 kari\u00e9\u0159e za dva kluby &#8211; krom\u011b Evertonu si zahr\u00e1l i za Wigan. S Latics postoupil v roce 2005 do Premier League a o rok pozd\u011bji odehr\u00e1l cel\u00e9 fin\u00e1le Ligov\u00e9ho poh\u00e1ru proti Manchesteru United. V n\u011bm jin\u00fd odchovanec Evertonu, Wayne Rooney, p\u0159isp\u011bl dv\u011bma brankami k v\u00fdh\u0159e 4:0. V \u017e\u00e1kovsk\u00fdch a dorosteneck\u00fdch kategori\u00edch ale hr\u00e1l za Everton a do n\u011bj se tak\u00e9 v roce 2007 vr\u00e1til. Zde str\u00e1vil 13 let a tak\u00e9 si v jeho modr\u00e9m dresu zahr\u00e1l dnes posledn\u00edch 20 minut v posledn\u00edm utk\u00e1n\u00ed sv\u00e9 profi kari\u00e9ry. Obzvl\u00e1\u0161t\u011b pod Davidem Moyesem b\u00fdval velmi \u00fa\u010dinn\u011b pou\u017e\u00edv\u00e1n sm\u011brem dop\u0159edu a jednu dobu hr\u00e1val sp\u00ed\u0161e lev\u00e9ho z\u00e1lo\u017en\u00edka ne\u017e lev\u00e9ho obr\u00e1nce. Ve sv\u00e9 dob\u011b pat\u0159ila jeho spolupr\u00e1ce se Stevenem Pienaarem na lev\u00e9 stran\u011b k nejlep\u0161\u00edm v lize. Lev\u00fd obr\u00e1nce se skv\u011blou kopac\u00ed technikou b\u00fdval spolehliv\u011b g\u00f3lov\u00fdm zahr\u00e1va\u010dem standardn\u00edch situac\u00ed a dosud dr\u017e\u00ed rekord z obr\u00e1nc\u016f v po\u010dtu p\u0159ihr\u00e1vek na g\u00f3l v Premier League. Jeho celkov\u00e1 klubov\u00e1 g\u00f3lov\u00e1 bilance je 43 branek v 583 z\u00e1pasech. V reprezentaci vs\u00edtil pouze jednou, proti Mold\u00e1vii, celkem odehr\u00e1l 30 z\u00e1pas\u016f.<\/p>\n<p>A\u017e ve Wiganu za\u010dal hr\u00e1t obr\u00e1nce, p\u0159edt\u00edm hr\u00e1val v z\u00e1loze a v \u00fatoku. Kdy\u017e byl mana\u017eerem Evertonu Roberto Mart\u00ednez, tak ve\u0159ejn\u011b zauva\u017eoval nad posunut\u00edm Bainese na pozici br\u00e1n\u00edc\u00edho z\u00e1lo\u017en\u00edka. Ale z\u016fstalo jen u \u00favahy, samotn\u00fd Baines byl pro. Celkem dobr\u00fd kytarista m\u00e1 s man\u017eelkou Rachel t\u0159i d\u011bti a jeho hudebn\u00ed vkus je v\u00fdrazn\u011b posunut\u00fd sm\u011brem ke kytarovk\u00e1m. Ale t\u0159eba jako jeden z prvn\u00edch upozornil na Lanu Del Reyovou.<\/p>\n<blockquote class=\"twitter-tweet\">\n<p dir=\"ltr\" lang=\"en\">? | Leighton Baines has announced his retirement from football.<\/p>\n<p>Thank you for everything, Leighton. ? <a href=\"https:\/\/t.co\/mhYYWiPHHB\">pic.twitter.com\/mhYYWiPHHB<\/a><\/p>\n<p>\u2014 Everton (@Everton) <a href=\"https:\/\/twitter.com\/Everton\/status\/1287437119875690497?ref_src=twsrc%5Etfw\">July 26, 2020<\/a><\/p><\/blockquote>\n<p style=\"text-align: right\"><span style=\"font-size: 8pt\">(foto zdroj: dailymail.co.uk)<\/span><\/p>\n","protected":false},"excerpt":{"rendered":"<p>Leighton Baines, dlouholet\u00fd lev\u00fd obr\u00e1nce Evertonu, se rozhodl ukon\u010dit kari\u00e9ru. Sice v posledn\u00edch dvou sez\u00f3n\u00e1ch toho u\u017e moc neodehr\u00e1l, ale i tak kon\u010d\u00ed d\u016fle\u017eit\u00fd hr\u00e1\u010d k\u00e1dru a nepochybn\u011b klubov\u00e1 legenda.<\/p>\n","protected":false},"author":12,"featured_media":11480,"comment_status":"open","ping_status":"closed","sticky":false,"template":"","format":"standard","meta":{"_eb_attr":"","_monsterinsights_skip_tracking":false,"_monsterinsights_sitenote_active":false,"_monsterinsights_sitenote_note":"","_monsterinsights_sitenote_category":0,"footnotes":""},"categories":[41],"tags":[],"yoast_head":"<!-- This site is optimized with the Yoast SEO plugin v23.4 - https:\/\/yoast.com\/wordpress\/plugins\/seo\/ -->\n<title>Klobouky dol\u016f, Baines kon\u010d\u00ed - Official Czech &amp; Slovak Everton Supporters&#039; Club<\/title>\n<meta name=\"robots\" content=\"index, follow, max-snippet:-1, max-image-preview:large, max-video-preview:-1\" \/>\n<link rel=\"canonical\" href=\"https:\/\/evertonfc.cz\/index.php\/2020\/07\/26\/klobouky-dolu-baines-konci\/\" \/>\n<meta property=\"og:locale\" content=\"cs_CZ\" \/>\n<meta property=\"og:type\" content=\"article\" \/>\n<meta property=\"og:title\" content=\"Klobouky dol\u016f, Baines kon\u010d\u00ed - Official Czech &amp; Slovak Everton Supporters&#039; Club\" \/>\n<meta property=\"og:description\" content=\"Leighton Baines, dlouholet\u00fd lev\u00fd obr\u00e1nce Evertonu, se rozhodl ukon\u010dit kari\u00e9ru. Sice v posledn\u00edch dvou sez\u00f3n\u00e1ch toho u\u017e moc neodehr\u00e1l, ale i tak kon\u010d\u00ed d\u016fle\u017eit\u00fd hr\u00e1\u010d k\u00e1dru a nepochybn\u011b klubov\u00e1 legenda.\" \/>\n<meta property=\"og:url\" content=\"https:\/\/evertonfc.cz\/index.php\/2020\/07\/26\/klobouky-dolu-baines-konci\/\" \/>\n<meta property=\"og:site_name\" content=\"Official Czech &amp; Slovak Everton Supporters&#039; Club\" \/>\n<meta property=\"article:publisher\" content=\"https:\/\/www.facebook.com\/everton.fans.cz.sk\" \/>\n<meta property=\"article:published_time\" content=\"2020-07-26T19:18:52+00:00\" \/>\n<meta property=\"article:modified_time\" content=\"2020-08-20T19:25:39+00:00\" \/>\n<meta property=\"og:image\" content=\"https:\/\/evertonfc.cz\/wp-content\/uploads\/2020\/07\/baines_26_7_2020.jpg\" \/>\n\t<meta property=\"og:image:width\" content=\"720\" \/>\n\t<meta property=\"og:image:height\" content=\"405\" \/>\n\t<meta property=\"og:image:type\" content=\"image\/jpeg\" \/>\n<meta name=\"author\" content=\"Javor\" \/>\n<meta name=\"twitter:card\" content=\"summary_large_image\" \/>\n<meta name=\"twitter:creator\" content=\"@LoudinJan\" \/>\n<meta name=\"twitter:label1\" content=\"Napsal(a)\" \/>\n\t<meta name=\"twitter:data1\" content=\"Javor\" \/>\n\t<meta name=\"twitter:label2\" content=\"Odhadovan\u00e1 doba \u010dten\u00ed\" \/>\n\t<meta name=\"twitter:data2\" content=\"2 minuty\" \/>\n<script type=\"application\/ld+json\" class=\"yoast-schema-graph\">{\"@context\":\"https:\/\/schema.org\",\"@graph\":[{\"@type\":\"Article\",\"@id\":\"https:\/\/evertonfc.cz\/index.php\/2020\/07\/26\/klobouky-dolu-baines-konci\/#article\",\"isPartOf\":{\"@id\":\"https:\/\/evertonfc.cz\/index.php\/2020\/07\/26\/klobouky-dolu-baines-konci\/\"},\"author\":{\"name\":\"Javor\",\"@id\":\"https:\/\/evertonfc.cz\/#\/schema\/person\/b30daf6a5852f4811f8207a17ec1bf78\"},\"headline\":\"Klobouky dol\u016f, Baines kon\u010d\u00ed\",\"datePublished\":\"2020-07-26T19:18:52+00:00\",\"dateModified\":\"2020-08-20T19:25:39+00:00\",\"mainEntityOfPage\":{\"@id\":\"https:\/\/evertonfc.cz\/index.php\/2020\/07\/26\/klobouky-dolu-baines-konci\/\"},\"wordCount\":396,\"commentCount\":10,\"publisher\":{\"@id\":\"https:\/\/evertonfc.cz\/#organization\"},\"image\":{\"@id\":\"https:\/\/evertonfc.cz\/index.php\/2020\/07\/26\/klobouky-dolu-baines-konci\/#primaryimage\"},\"thumbnailUrl\":\"https:\/\/evertonfc.cz\/wp-content\/uploads\/2020\/07\/baines_26_7_2020.jpg\",\"articleSection\":[\"P\u0159estupy\"],\"inLanguage\":\"cs\",\"potentialAction\":[{\"@type\":\"CommentAction\",\"name\":\"Comment\",\"target\":[\"https:\/\/evertonfc.cz\/index.php\/2020\/07\/26\/klobouky-dolu-baines-konci\/#respond\"]}]},{\"@type\":\"WebPage\",\"@id\":\"https:\/\/evertonfc.cz\/index.php\/2020\/07\/26\/klobouky-dolu-baines-konci\/\",\"url\":\"https:\/\/evertonfc.cz\/index.php\/2020\/07\/26\/klobouky-dolu-baines-konci\/\",\"name\":\"Klobouky dol\u016f, Baines kon\u010d\u00ed - Official Czech &amp; Slovak Everton Supporters&#039; Club\",\"isPartOf\":{\"@id\":\"https:\/\/evertonfc.cz\/#website\"},\"primaryImageOfPage\":{\"@id\":\"https:\/\/evertonfc.cz\/index.php\/2020\/07\/26\/klobouky-dolu-baines-konci\/#primaryimage\"},\"image\":{\"@id\":\"https:\/\/evertonfc.cz\/index.php\/2020\/07\/26\/klobouky-dolu-baines-konci\/#primaryimage\"},\"thumbnailUrl\":\"https:\/\/evertonfc.cz\/wp-content\/uploads\/2020\/07\/baines_26_7_2020.jpg\",\"datePublished\":\"2020-07-26T19:18:52+00:00\",\"dateModified\":\"2020-08-20T19:25:39+00:00\",\"breadcrumb\":{\"@id\":\"https:\/\/evertonfc.cz\/index.php\/2020\/07\/26\/klobouky-dolu-baines-konci\/#breadcrumb\"},\"inLanguage\":\"cs\",\"potentialAction\":[{\"@type\":\"ReadAction\",\"target\":[\"https:\/\/evertonfc.cz\/index.php\/2020\/07\/26\/klobouky-dolu-baines-konci\/\"]}]},{\"@type\":\"ImageObject\",\"inLanguage\":\"cs\",\"@id\":\"https:\/\/evertonfc.cz\/index.php\/2020\/07\/26\/klobouky-dolu-baines-konci\/#primaryimage\",\"url\":\"https:\/\/evertonfc.cz\/wp-content\/uploads\/2020\/07\/baines_26_7_2020.jpg\",\"contentUrl\":\"https:\/\/evertonfc.cz\/wp-content\/uploads\/2020\/07\/baines_26_7_2020.jpg\",\"width\":720,\"height\":405},{\"@type\":\"BreadcrumbList\",\"@id\":\"https:\/\/evertonfc.cz\/index.php\/2020\/07\/26\/klobouky-dolu-baines-konci\/#breadcrumb\",\"itemListElement\":[{\"@type\":\"ListItem\",\"position\":1,\"name\":\"Home\",\"item\":\"https:\/\/evertonfc.cz\/\"},{\"@type\":\"ListItem\",\"position\":2,\"name\":\"Klobouky dol\u016f, Baines kon\u010d\u00ed\"}]},{\"@type\":\"WebSite\",\"@id\":\"https:\/\/evertonfc.cz\/#website\",\"url\":\"https:\/\/evertonfc.cz\/\",\"name\":\"Official Czech &amp; Slovak Everton Supporters&#039; Club\",\"description\":\"\",\"publisher\":{\"@id\":\"https:\/\/evertonfc.cz\/#organization\"},\"potentialAction\":[{\"@type\":\"SearchAction\",\"target\":{\"@type\":\"EntryPoint\",\"urlTemplate\":\"https:\/\/evertonfc.cz\/?s={search_term_string}\"},\"query-input\":{\"@type\":\"PropertyValueSpecification\",\"valueRequired\":true,\"valueName\":\"search_term_string\"}}],\"inLanguage\":\"cs\"},{\"@type\":\"Organization\",\"@id\":\"https:\/\/evertonfc.cz\/#organization\",\"name\":\"Official Czech & Slovak Everton Supporters' Club\",\"url\":\"https:\/\/evertonfc.cz\/\",\"logo\":{\"@type\":\"ImageObject\",\"inLanguage\":\"cs\",\"@id\":\"https:\/\/evertonfc.cz\/#\/schema\/logo\/image\/\",\"url\":\"https:\/\/evertonfc.cz\/wp-content\/uploads\/2019\/05\/logo.png\",\"contentUrl\":\"https:\/\/evertonfc.cz\/wp-content\/uploads\/2019\/05\/logo.png\",\"width\":112,\"height\":112,\"caption\":\"Official Czech & Slovak Everton Supporters' Club\"},\"image\":{\"@id\":\"https:\/\/evertonfc.cz\/#\/schema\/logo\/image\/\"},\"sameAs\":[\"https:\/\/www.facebook.com\/everton.fans.cz.sk\"]},{\"@type\":\"Person\",\"@id\":\"https:\/\/evertonfc.cz\/#\/schema\/person\/b30daf6a5852f4811f8207a17ec1bf78\",\"name\":\"Javor\",\"sameAs\":[\"https:\/\/x.com\/LoudinJan\"],\"url\":\"https:\/\/evertonfc.cz\/index.php\/author\/javor\/\"}]}<\/script>\n<!-- \/ Yoast SEO plugin. -->","yoast_head_json":{"title":"Klobouky dol\u016f, Baines kon\u010d\u00ed - Official Czech &amp; Slovak Everton Supporters&#039; Club","robots":{"index":"index","follow":"follow","max-snippet":"max-snippet:-1","max-image-preview":"max-image-preview:large","max-video-preview":"max-video-preview:-1"},"canonical":"https:\/\/evertonfc.cz\/index.php\/2020\/07\/26\/klobouky-dolu-baines-konci\/","og_locale":"cs_CZ","og_type":"article","og_title":"Klobouky dol\u016f, Baines kon\u010d\u00ed - Official Czech &amp; Slovak Everton Supporters&#039; Club","og_description":"Leighton Baines, dlouholet\u00fd lev\u00fd obr\u00e1nce Evertonu, se rozhodl ukon\u010dit kari\u00e9ru. Sice v posledn\u00edch dvou sez\u00f3n\u00e1ch toho u\u017e moc neodehr\u00e1l, ale i tak kon\u010d\u00ed d\u016fle\u017eit\u00fd hr\u00e1\u010d k\u00e1dru a nepochybn\u011b klubov\u00e1 legenda.","og_url":"https:\/\/evertonfc.cz\/index.php\/2020\/07\/26\/klobouky-dolu-baines-konci\/","og_site_name":"Official Czech &amp; Slovak Everton Supporters&#039; Club","article_publisher":"https:\/\/www.facebook.com\/everton.fans.cz.sk","article_published_time":"2020-07-26T19:18:52+00:00","article_modified_time":"2020-08-20T19:25:39+00:00","og_image":[{"width":720,"height":405,"url":"https:\/\/evertonfc.cz\/wp-content\/uploads\/2020\/07\/baines_26_7_2020.jpg","type":"image\/jpeg"}],"author":"Javor","twitter_card":"summary_large_image","twitter_creator":"@LoudinJan","twitter_misc":{"Napsal(a)":"Javor","Odhadovan\u00e1 doba \u010dten\u00ed":"2 minuty"},"schema":{"@context":"https:\/\/schema.org","@graph":[{"@type":"Article","@id":"https:\/\/evertonfc.cz\/index.php\/2020\/07\/26\/klobouky-dolu-baines-konci\/#article","isPartOf":{"@id":"https:\/\/evertonfc.cz\/index.php\/2020\/07\/26\/klobouky-dolu-baines-konci\/"},"author":{"name":"Javor","@id":"https:\/\/evertonfc.cz\/#\/schema\/person\/b30daf6a5852f4811f8207a17ec1bf78"},"headline":"Klobouky dol\u016f, Baines kon\u010d\u00ed","datePublished":"2020-07-26T19:18:52+00:00","dateModified":"2020-08-20T19:25:39+00:00","mainEntityOfPage":{"@id":"https:\/\/evertonfc.cz\/index.php\/2020\/07\/26\/klobouky-dolu-baines-konci\/"},"wordCount":396,"commentCount":10,"publisher":{"@id":"https:\/\/evertonfc.cz\/#organization"},"image":{"@id":"https:\/\/evertonfc.cz\/index.php\/2020\/07\/26\/klobouky-dolu-baines-konci\/#primaryimage"},"thumbnailUrl":"https:\/\/evertonfc.cz\/wp-content\/uploads\/2020\/07\/baines_26_7_2020.jpg","articleSection":["P\u0159estupy"],"inLanguage":"cs","potentialAction":[{"@type":"CommentAction","name":"Comment","target":["https:\/\/evertonfc.cz\/index.php\/2020\/07\/26\/klobouky-dolu-baines-konci\/#respond"]}]},{"@type":"WebPage","@id":"https:\/\/evertonfc.cz\/index.php\/2020\/07\/26\/klobouky-dolu-baines-konci\/","url":"https:\/\/evertonfc.cz\/index.php\/2020\/07\/26\/klobouky-dolu-baines-konci\/","name":"Klobouky dol\u016f, Baines kon\u010d\u00ed - Official Czech &amp; Slovak Everton Supporters&#039; Club","isPartOf":{"@id":"https:\/\/evertonfc.cz\/#website"},"primaryImageOfPage":{"@id":"https:\/\/evertonfc.cz\/index.php\/2020\/07\/26\/klobouky-dolu-baines-konci\/#primaryimage"},"image":{"@id":"https:\/\/evertonfc.cz\/index.php\/2020\/07\/26\/klobouky-dolu-baines-konci\/#primaryimage"},"thumbnailUrl":"https:\/\/evertonfc.cz\/wp-content\/uploads\/2020\/07\/baines_26_7_2020.jpg","datePublished":"2020-07-26T19:18:52+00:00","dateModified":"2020-08-20T19:25:39+00:00","breadcrumb":{"@id":"https:\/\/evertonfc.cz\/index.php\/2020\/07\/26\/klobouky-dolu-baines-konci\/#breadcrumb"},"inLanguage":"cs","potentialAction":[{"@type":"ReadAction","target":["https:\/\/evertonfc.cz\/index.php\/2020\/07\/26\/klobouky-dolu-baines-konci\/"]}]},{"@type":"ImageObject","inLanguage":"cs","@id":"https:\/\/evertonfc.cz\/index.php\/2020\/07\/26\/klobouky-dolu-baines-konci\/#primaryimage","url":"https:\/\/evertonfc.cz\/wp-content\/uploads\/2020\/07\/baines_26_7_2020.jpg","contentUrl":"https:\/\/evertonfc.cz\/wp-content\/uploads\/2020\/07\/baines_26_7_2020.jpg","width":720,"height":405},{"@type":"BreadcrumbList","@id":"https:\/\/evertonfc.cz\/index.php\/2020\/07\/26\/klobouky-dolu-baines-konci\/#breadcrumb","itemListElement":[{"@type":"ListItem","position":1,"name":"Home","item":"https:\/\/evertonfc.cz\/"},{"@type":"ListItem","position":2,"name":"Klobouky dol\u016f, Baines kon\u010d\u00ed"}]},{"@type":"WebSite","@id":"https:\/\/evertonfc.cz\/#website","url":"https:\/\/evertonfc.cz\/","name":"Official Czech &amp; Slovak Everton Supporters&#039; Club","description":"","publisher":{"@id":"https:\/\/evertonfc.cz\/#organization"},"potentialAction":[{"@type":"SearchAction","target":{"@type":"EntryPoint","urlTemplate":"https:\/\/evertonfc.cz\/?s={search_term_string}"},"query-input":{"@type":"PropertyValueSpecification","valueRequired":true,"valueName":"search_term_string"}}],"inLanguage":"cs"},{"@type":"Organization","@id":"https:\/\/evertonfc.cz\/#organization","name":"Official Czech & Slovak Everton Supporters' Club","url":"https:\/\/evertonfc.cz\/","logo":{"@type":"ImageObject","inLanguage":"cs","@id":"https:\/\/evertonfc.cz\/#\/schema\/logo\/image\/","url":"https:\/\/evertonfc.cz\/wp-content\/uploads\/2019\/05\/logo.png","contentUrl":"https:\/\/evertonfc.cz\/wp-content\/uploads\/2019\/05\/logo.png","width":112,"height":112,"caption":"Official Czech & Slovak Everton Supporters' Club"},"image":{"@id":"https:\/\/evertonfc.cz\/#\/schema\/logo\/image\/"},"sameAs":["https:\/\/www.facebook.com\/everton.fans.cz.sk"]},{"@type":"Person","@id":"https:\/\/evertonfc.cz\/#\/schema\/person\/b30daf6a5852f4811f8207a17ec1bf78","name":"Javor","sameAs":["https:\/\/x.com\/LoudinJan"],"url":"https:\/\/evertonfc.cz\/index.php\/author\/javor\/"}]}},"_links":{"self":[{"href":"https:\/\/evertonfc.cz\/index.php\/wp-json\/wp\/v2\/posts\/11481"}],"collection":[{"href":"https:\/\/evertonfc.cz\/index.php\/wp-json\/wp\/v2\/posts"}],"about":[{"href":"https:\/\/evertonfc.cz\/index.php\/wp-json\/wp\/v2\/types\/post"}],"author":[{"embeddable":true,"href":"https:\/\/evertonfc.cz\/index.php\/wp-json\/wp\/v2\/users\/12"}],"replies":[{"embeddable":true,"href":"https:\/\/evertonfc.cz\/index.php\/wp-json\/wp\/v2\/comments?post=11481"}],"version-history":[{"count":7,"href":"https:\/\/evertonfc.cz\/index.php\/wp-json\/wp\/v2\/posts\/11481\/revisions"}],"predecessor-version":[{"id":11683,"href":"https:\/\/evertonfc.cz\/index.php\/wp-json\/wp\/v2\/posts\/11481\/revisions\/11683"}],"wp:featuredmedia":[{"embeddable":true,"href":"https:\/\/evertonfc.cz\/index.php\/wp-json\/wp\/v2\/media\/11480"}],"wp:attachment":[{"href":"https:\/\/evertonfc.cz\/index.php\/wp-json\/wp\/v2\/media?parent=11481"}],"wp:term":[{"taxonomy":"category","embeddable":true,"href":"https:\/\/evertonfc.cz\/index.php\/wp-json\/wp\/v2\/categories?post=11481"},{"taxonomy":"post_tag","embeddable":true,"href":"https:\/\/evertonfc.cz\/index.php\/wp-json\/wp\/v2\/tags?post=11481"}],"curies":[{"name":"wp","href":"https:\/\/api.w.org\/{rel}","templated":true}]}}