{"id":11502,"date":"2020-07-27T17:28:25","date_gmt":"2020-07-27T15:28:25","guid":{"rendered":"https:\/\/evertonfc.cz\/?p=11502"},"modified":"2020-07-27T17:30:49","modified_gmt":"2020-07-27T15:30:49","slug":"everton-bournemouth-13","status":"publish","type":"post","link":"https:\/\/evertonfc.cz\/index.php\/2020\/07\/27\/everton-bournemouth-13\/","title":{"rendered":"Everton \u2013 Bournemouth 1:3"},"content":{"rendered":"<h4>S\u00faper zost\u00fapil, ale nie z\u00e1sluhou dom\u00e1cich. Po pl\u00e1\u017eovom v\u00fdkone kon\u010dia preto Karamelky ro\u010dn\u00edk 2019\/20 na 12. mieste. Najhor\u0161om umiestnen\u00ed od sez\u00f3ny 2003\/4.<\/h4>\n<p>V\u00a0poslednom z\u00e1pase dostal neprekvapivo \u0161ancu od za\u010diatku Moise Kean. Pre Taliana to bol prv\u00fd \u0161tart od 21. janu\u00e1ra, d\u00e1tumu, kedy naposledy strelil svoj prv\u00fd a\u00a0jedin\u00fd g\u00f3l za Everton. Hralo sa proti Newcastle United a na\u0161i\u00a0dom\u00e1ci dok\u00e1zali pr\u00eds\u0165 o dvojg\u00f3lov\u00e9 vedenie. Tentokr\u00e1t si ale podobn\u00fa v\u00fdhodu na zahodenie nevypracovali.<\/p>\n<p>Naopak, u\u017e v\u00a012. min\u00fate \u010delili pokutov\u00e9mu kopu po ruke Richarlisona. King ju s\u00a0preh\u013eadom premenil na <strong>0:1<\/strong> a\u00a0Everton musel odpoveda\u0165. Netrvalo to na\u0161\u0165astie dlho. Coleman vysunul na \u00farovni p\u00e4\u0165ky Walcotta a\u00a0ten kr\u00ed\u017eom cez na\u0161iel osamoten\u00e9ho Keana, pre ktor\u00e9ho dor\u00e1\u017eka do pr\u00e1zdnej nepredstavovala probl\u00e9m. <strong>1:1.<\/strong><\/p>\n<p>The Cherries ale boj na dia\u013eku o\u00a0z\u00e1chranu nevzd\u00e1vali. Tesne pred odchodom do \u0161atn\u00ed zahrali \u0161tadardku a\u00a0Solanke vysko\u010dil k\u00a0lopte najbli\u017e\u0161ie, \u010d\u00edm ju usmernil k\u00a0vzdialenej\u0161ej ty\u010di na <strong>1:2<\/strong>. Desa\u0165 min\u00fat pred koncom potom u\u017e sta\u010dilo Stanislasovi len podupka\u0165 vo v\u00e1pne a vystreli\u0165 mal\u00fa plach\u00fa na Pickforda. Sn\u00e1\u010f u\u017e b\u00fdval\u00e1 anglick\u00e1 jednotka v br\u00e1ne, ako aj v Evertone, ju z\u013eudovelo pustila za svoj chrb\u00e1t pre kone\u010dn\u00fdch <strong>1:3<\/strong>.<\/p>\n<p>Toto stretnutie si v\u0161ak budeme pam\u00e4\u0165 pre nie\u010do in\u00e9. Posledn\u00fd z\u00e1rez z\u00a0lavi\u010dky pre tridsa\u0165p\u00e4\u0165ro\u010dn\u00fa ikonu Leightona Bainesa, prav\u00fd \u0161portov\u00fd vzor nielen pre Evertonians, ale pre v\u0161etk\u00fdch fan\u00fa\u0161ikov futbalu, a\u00a0aj kolegov z profesie. Za takmer dek\u00e1du a\u00a0pol slu\u017eieb v\u00a0kr\u00e1\u013eovskej modrej patr\u00ed ve\u013ek\u00e9 a\u00a0ve\u010dn\u00e9&#8230;<\/p>\n<h3 style=\"text-align: center;\"><span style=\"color: #3366ff;\"><strong>Thank You Bainesy ?<\/strong><\/span><\/h3>\n<p style=\"text-align: right;\"><span style=\"font-size: 8pt;\">(foto zdroj: Catherine Ivill\/Getty Images)<\/span><\/p>\n<hr \/>\n<p><strong>Zostrihy:<\/strong> <a href=\"https:\/\/www.evertonfc.com\/video\/1729826\" target=\"_blank\" rel=\"noopener noreferrer\">Everton TV<\/a><\/p>\n<p><strong>Mu\u017e z\u00e1pasu: <\/strong>Joshua King (Sky) \/ Diego Rico (BBC)<\/p>\n<p><strong>G\u00f3ly: <\/strong>13\u00b4 King (penalta), 41\u00b4 Kean (Walcott), 45+1\u00b4 Solanke (Rico), 80\u00b4 Stanislas (King)<\/p>\n<p><strong>\u017dlt\u00e9 karty: <\/strong>79\u00b4 Keane<\/p>\n<p><strong>Bournemouth AFC:\u00a0<\/strong>Ramsdale \u2013 Smith, Cook, Kelly, Rico \u2013 Brooks (64\u00b4 Stanislas), Gosling, Lerma, King (88\u00b4 Wilson) \u2013 Solanke (64\u00b4 Billing), Wilson<\/p>\n<p><strong>Everton FC:\u00a0<\/strong>Pickford \u2013 Coleman (58\u00b4 Sidib\u00e9), Keane, Branthwaite, Digne (70\u00b4 Baines) \u2013 Davies (70\u00b4 Bernard), Gomes \u2013 Walcott (58\u00b4 Gordon), Sigurdsson, Richarlison \u2013 Kean (70\u00b4 Calvert-Lewin)<\/p>\n<p><strong>Rozhodca:\u00a0<\/strong>Chris Kavanagh <strong>Po\u010det div\u00e1kov:\u00a0<\/strong>bez div\u00e1kov, Goodison Park (Liverpool)<\/p>\n","protected":false},"excerpt":{"rendered":"<p>S\u00faper zost\u00fapil, ale nie z\u00e1sluhou dom\u00e1cich. Po pl\u00e1\u017eovom v\u00fdkone kon\u010dia preto Karamelky ro\u010dn\u00edk 2019\/20 na 12. mieste. Najhor\u0161om umiestnen\u00ed od sez\u00f3ny 2003\/4.<\/p>\n","protected":false},"author":1,"featured_media":11503,"comment_status":"open","ping_status":"closed","sticky":false,"template":"","format":"standard","meta":{"_eb_attr":"","_monsterinsights_skip_tracking":false,"_monsterinsights_sitenote_active":false,"_monsterinsights_sitenote_note":"","_monsterinsights_sitenote_category":0,"footnotes":""},"categories":[4],"tags":[],"yoast_head":"<!-- This site is optimized with the Yoast SEO plugin v23.4 - https:\/\/yoast.com\/wordpress\/plugins\/seo\/ -->\n<title>Everton \u2013 Bournemouth 1:3 - Official Czech &amp; Slovak Everton Supporters&#039; Club<\/title>\n<meta name=\"robots\" content=\"index, follow, max-snippet:-1, max-image-preview:large, max-video-preview:-1\" \/>\n<link rel=\"canonical\" href=\"https:\/\/evertonfc.cz\/index.php\/2020\/07\/27\/everton-bournemouth-13\/\" \/>\n<meta property=\"og:locale\" content=\"cs_CZ\" \/>\n<meta property=\"og:type\" content=\"article\" \/>\n<meta property=\"og:title\" content=\"Everton \u2013 Bournemouth 1:3 - Official Czech &amp; Slovak Everton Supporters&#039; Club\" \/>\n<meta property=\"og:description\" content=\"S\u00faper zost\u00fapil, ale nie z\u00e1sluhou dom\u00e1cich. Po pl\u00e1\u017eovom v\u00fdkone kon\u010dia preto Karamelky ro\u010dn\u00edk 2019\/20 na 12. mieste. Najhor\u0161om umiestnen\u00ed od sez\u00f3ny 2003\/4.\" \/>\n<meta property=\"og:url\" content=\"https:\/\/evertonfc.cz\/index.php\/2020\/07\/27\/everton-bournemouth-13\/\" \/>\n<meta property=\"og:site_name\" content=\"Official Czech &amp; Slovak Everton Supporters&#039; Club\" \/>\n<meta property=\"article:publisher\" content=\"https:\/\/www.facebook.com\/everton.fans.cz.sk\" \/>\n<meta property=\"article:published_time\" content=\"2020-07-27T15:28:25+00:00\" \/>\n<meta property=\"article:modified_time\" content=\"2020-07-27T15:30:49+00:00\" \/>\n<meta property=\"og:image\" content=\"https:\/\/evertonfc.cz\/wp-content\/uploads\/2020\/07\/Bournemouth-27-7-2020.jpg\" \/>\n\t<meta property=\"og:image:width\" content=\"720\" \/>\n\t<meta property=\"og:image:height\" content=\"405\" \/>\n\t<meta property=\"og:image:type\" content=\"image\/jpeg\" \/>\n<meta name=\"author\" content=\"BlueBlooded\" \/>\n<meta name=\"twitter:card\" content=\"summary_large_image\" \/>\n<meta name=\"twitter:label1\" content=\"Napsal(a)\" \/>\n\t<meta name=\"twitter:data1\" content=\"BlueBlooded\" \/>\n\t<meta name=\"twitter:label2\" content=\"Odhadovan\u00e1 doba \u010dten\u00ed\" \/>\n\t<meta name=\"twitter:data2\" content=\"2 minuty\" \/>\n<script type=\"application\/ld+json\" class=\"yoast-schema-graph\">{\"@context\":\"https:\/\/schema.org\",\"@graph\":[{\"@type\":\"Article\",\"@id\":\"https:\/\/evertonfc.cz\/index.php\/2020\/07\/27\/everton-bournemouth-13\/#article\",\"isPartOf\":{\"@id\":\"https:\/\/evertonfc.cz\/index.php\/2020\/07\/27\/everton-bournemouth-13\/\"},\"author\":{\"name\":\"BlueBlooded\",\"@id\":\"https:\/\/evertonfc.cz\/#\/schema\/person\/d4493b8cbea51532597fbc4685698916\"},\"headline\":\"Everton \u2013 Bournemouth 1:3\",\"datePublished\":\"2020-07-27T15:28:25+00:00\",\"dateModified\":\"2020-07-27T15:30:49+00:00\",\"mainEntityOfPage\":{\"@id\":\"https:\/\/evertonfc.cz\/index.php\/2020\/07\/27\/everton-bournemouth-13\/\"},\"wordCount\":375,\"commentCount\":2,\"publisher\":{\"@id\":\"https:\/\/evertonfc.cz\/#organization\"},\"image\":{\"@id\":\"https:\/\/evertonfc.cz\/index.php\/2020\/07\/27\/everton-bournemouth-13\/#primaryimage\"},\"thumbnailUrl\":\"https:\/\/evertonfc.cz\/wp-content\/uploads\/2020\/07\/Bournemouth-27-7-2020.jpg\",\"articleSection\":[\"Z\u00e1pasy\"],\"inLanguage\":\"cs\",\"potentialAction\":[{\"@type\":\"CommentAction\",\"name\":\"Comment\",\"target\":[\"https:\/\/evertonfc.cz\/index.php\/2020\/07\/27\/everton-bournemouth-13\/#respond\"]}]},{\"@type\":\"WebPage\",\"@id\":\"https:\/\/evertonfc.cz\/index.php\/2020\/07\/27\/everton-bournemouth-13\/\",\"url\":\"https:\/\/evertonfc.cz\/index.php\/2020\/07\/27\/everton-bournemouth-13\/\",\"name\":\"Everton \u2013 Bournemouth 1:3 - Official Czech &amp; Slovak Everton Supporters&#039; Club\",\"isPartOf\":{\"@id\":\"https:\/\/evertonfc.cz\/#website\"},\"primaryImageOfPage\":{\"@id\":\"https:\/\/evertonfc.cz\/index.php\/2020\/07\/27\/everton-bournemouth-13\/#primaryimage\"},\"image\":{\"@id\":\"https:\/\/evertonfc.cz\/index.php\/2020\/07\/27\/everton-bournemouth-13\/#primaryimage\"},\"thumbnailUrl\":\"https:\/\/evertonfc.cz\/wp-content\/uploads\/2020\/07\/Bournemouth-27-7-2020.jpg\",\"datePublished\":\"2020-07-27T15:28:25+00:00\",\"dateModified\":\"2020-07-27T15:30:49+00:00\",\"breadcrumb\":{\"@id\":\"https:\/\/evertonfc.cz\/index.php\/2020\/07\/27\/everton-bournemouth-13\/#breadcrumb\"},\"inLanguage\":\"cs\",\"potentialAction\":[{\"@type\":\"ReadAction\",\"target\":[\"https:\/\/evertonfc.cz\/index.php\/2020\/07\/27\/everton-bournemouth-13\/\"]}]},{\"@type\":\"ImageObject\",\"inLanguage\":\"cs\",\"@id\":\"https:\/\/evertonfc.cz\/index.php\/2020\/07\/27\/everton-bournemouth-13\/#primaryimage\",\"url\":\"https:\/\/evertonfc.cz\/wp-content\/uploads\/2020\/07\/Bournemouth-27-7-2020.jpg\",\"contentUrl\":\"https:\/\/evertonfc.cz\/wp-content\/uploads\/2020\/07\/Bournemouth-27-7-2020.jpg\",\"width\":720,\"height\":405},{\"@type\":\"BreadcrumbList\",\"@id\":\"https:\/\/evertonfc.cz\/index.php\/2020\/07\/27\/everton-bournemouth-13\/#breadcrumb\",\"itemListElement\":[{\"@type\":\"ListItem\",\"position\":1,\"name\":\"Home\",\"item\":\"https:\/\/evertonfc.cz\/\"},{\"@type\":\"ListItem\",\"position\":2,\"name\":\"Everton \u2013 Bournemouth 1:3\"}]},{\"@type\":\"WebSite\",\"@id\":\"https:\/\/evertonfc.cz\/#website\",\"url\":\"https:\/\/evertonfc.cz\/\",\"name\":\"Official Czech &amp; Slovak Everton Supporters&#039; Club\",\"description\":\"\",\"publisher\":{\"@id\":\"https:\/\/evertonfc.cz\/#organization\"},\"potentialAction\":[{\"@type\":\"SearchAction\",\"target\":{\"@type\":\"EntryPoint\",\"urlTemplate\":\"https:\/\/evertonfc.cz\/?s={search_term_string}\"},\"query-input\":{\"@type\":\"PropertyValueSpecification\",\"valueRequired\":true,\"valueName\":\"search_term_string\"}}],\"inLanguage\":\"cs\"},{\"@type\":\"Organization\",\"@id\":\"https:\/\/evertonfc.cz\/#organization\",\"name\":\"Official Czech & Slovak Everton Supporters' Club\",\"url\":\"https:\/\/evertonfc.cz\/\",\"logo\":{\"@type\":\"ImageObject\",\"inLanguage\":\"cs\",\"@id\":\"https:\/\/evertonfc.cz\/#\/schema\/logo\/image\/\",\"url\":\"https:\/\/evertonfc.cz\/wp-content\/uploads\/2019\/05\/logo.png\",\"contentUrl\":\"https:\/\/evertonfc.cz\/wp-content\/uploads\/2019\/05\/logo.png\",\"width\":112,\"height\":112,\"caption\":\"Official Czech & Slovak Everton Supporters' Club\"},\"image\":{\"@id\":\"https:\/\/evertonfc.cz\/#\/schema\/logo\/image\/\"},\"sameAs\":[\"https:\/\/www.facebook.com\/everton.fans.cz.sk\"]},{\"@type\":\"Person\",\"@id\":\"https:\/\/evertonfc.cz\/#\/schema\/person\/d4493b8cbea51532597fbc4685698916\",\"name\":\"BlueBlooded\",\"url\":\"https:\/\/evertonfc.cz\/index.php\/author\/admin\/\"}]}<\/script>\n<!-- \/ Yoast SEO plugin. -->","yoast_head_json":{"title":"Everton \u2013 Bournemouth 1:3 - Official Czech &amp; Slovak Everton Supporters&#039; Club","robots":{"index":"index","follow":"follow","max-snippet":"max-snippet:-1","max-image-preview":"max-image-preview:large","max-video-preview":"max-video-preview:-1"},"canonical":"https:\/\/evertonfc.cz\/index.php\/2020\/07\/27\/everton-bournemouth-13\/","og_locale":"cs_CZ","og_type":"article","og_title":"Everton \u2013 Bournemouth 1:3 - Official Czech &amp; Slovak Everton Supporters&#039; Club","og_description":"S\u00faper zost\u00fapil, ale nie z\u00e1sluhou dom\u00e1cich. Po pl\u00e1\u017eovom v\u00fdkone kon\u010dia preto Karamelky ro\u010dn\u00edk 2019\/20 na 12. mieste. Najhor\u0161om umiestnen\u00ed od sez\u00f3ny 2003\/4.","og_url":"https:\/\/evertonfc.cz\/index.php\/2020\/07\/27\/everton-bournemouth-13\/","og_site_name":"Official Czech &amp; Slovak Everton Supporters&#039; Club","article_publisher":"https:\/\/www.facebook.com\/everton.fans.cz.sk","article_published_time":"2020-07-27T15:28:25+00:00","article_modified_time":"2020-07-27T15:30:49+00:00","og_image":[{"width":720,"height":405,"url":"https:\/\/evertonfc.cz\/wp-content\/uploads\/2020\/07\/Bournemouth-27-7-2020.jpg","type":"image\/jpeg"}],"author":"BlueBlooded","twitter_card":"summary_large_image","twitter_misc":{"Napsal(a)":"BlueBlooded","Odhadovan\u00e1 doba \u010dten\u00ed":"2 minuty"},"schema":{"@context":"https:\/\/schema.org","@graph":[{"@type":"Article","@id":"https:\/\/evertonfc.cz\/index.php\/2020\/07\/27\/everton-bournemouth-13\/#article","isPartOf":{"@id":"https:\/\/evertonfc.cz\/index.php\/2020\/07\/27\/everton-bournemouth-13\/"},"author":{"name":"BlueBlooded","@id":"https:\/\/evertonfc.cz\/#\/schema\/person\/d4493b8cbea51532597fbc4685698916"},"headline":"Everton \u2013 Bournemouth 1:3","datePublished":"2020-07-27T15:28:25+00:00","dateModified":"2020-07-27T15:30:49+00:00","mainEntityOfPage":{"@id":"https:\/\/evertonfc.cz\/index.php\/2020\/07\/27\/everton-bournemouth-13\/"},"wordCount":375,"commentCount":2,"publisher":{"@id":"https:\/\/evertonfc.cz\/#organization"},"image":{"@id":"https:\/\/evertonfc.cz\/index.php\/2020\/07\/27\/everton-bournemouth-13\/#primaryimage"},"thumbnailUrl":"https:\/\/evertonfc.cz\/wp-content\/uploads\/2020\/07\/Bournemouth-27-7-2020.jpg","articleSection":["Z\u00e1pasy"],"inLanguage":"cs","potentialAction":[{"@type":"CommentAction","name":"Comment","target":["https:\/\/evertonfc.cz\/index.php\/2020\/07\/27\/everton-bournemouth-13\/#respond"]}]},{"@type":"WebPage","@id":"https:\/\/evertonfc.cz\/index.php\/2020\/07\/27\/everton-bournemouth-13\/","url":"https:\/\/evertonfc.cz\/index.php\/2020\/07\/27\/everton-bournemouth-13\/","name":"Everton \u2013 Bournemouth 1:3 - Official Czech &amp; Slovak Everton Supporters&#039; Club","isPartOf":{"@id":"https:\/\/evertonfc.cz\/#website"},"primaryImageOfPage":{"@id":"https:\/\/evertonfc.cz\/index.php\/2020\/07\/27\/everton-bournemouth-13\/#primaryimage"},"image":{"@id":"https:\/\/evertonfc.cz\/index.php\/2020\/07\/27\/everton-bournemouth-13\/#primaryimage"},"thumbnailUrl":"https:\/\/evertonfc.cz\/wp-content\/uploads\/2020\/07\/Bournemouth-27-7-2020.jpg","datePublished":"2020-07-27T15:28:25+00:00","dateModified":"2020-07-27T15:30:49+00:00","breadcrumb":{"@id":"https:\/\/evertonfc.cz\/index.php\/2020\/07\/27\/everton-bournemouth-13\/#breadcrumb"},"inLanguage":"cs","potentialAction":[{"@type":"ReadAction","target":["https:\/\/evertonfc.cz\/index.php\/2020\/07\/27\/everton-bournemouth-13\/"]}]},{"@type":"ImageObject","inLanguage":"cs","@id":"https:\/\/evertonfc.cz\/index.php\/2020\/07\/27\/everton-bournemouth-13\/#primaryimage","url":"https:\/\/evertonfc.cz\/wp-content\/uploads\/2020\/07\/Bournemouth-27-7-2020.jpg","contentUrl":"https:\/\/evertonfc.cz\/wp-content\/uploads\/2020\/07\/Bournemouth-27-7-2020.jpg","width":720,"height":405},{"@type":"BreadcrumbList","@id":"https:\/\/evertonfc.cz\/index.php\/2020\/07\/27\/everton-bournemouth-13\/#breadcrumb","itemListElement":[{"@type":"ListItem","position":1,"name":"Home","item":"https:\/\/evertonfc.cz\/"},{"@type":"ListItem","position":2,"name":"Everton \u2013 Bournemouth 1:3"}]},{"@type":"WebSite","@id":"https:\/\/evertonfc.cz\/#website","url":"https:\/\/evertonfc.cz\/","name":"Official Czech &amp; Slovak Everton Supporters&#039; Club","description":"","publisher":{"@id":"https:\/\/evertonfc.cz\/#organization"},"potentialAction":[{"@type":"SearchAction","target":{"@type":"EntryPoint","urlTemplate":"https:\/\/evertonfc.cz\/?s={search_term_string}"},"query-input":{"@type":"PropertyValueSpecification","valueRequired":true,"valueName":"search_term_string"}}],"inLanguage":"cs"},{"@type":"Organization","@id":"https:\/\/evertonfc.cz\/#organization","name":"Official Czech & Slovak Everton Supporters' Club","url":"https:\/\/evertonfc.cz\/","logo":{"@type":"ImageObject","inLanguage":"cs","@id":"https:\/\/evertonfc.cz\/#\/schema\/logo\/image\/","url":"https:\/\/evertonfc.cz\/wp-content\/uploads\/2019\/05\/logo.png","contentUrl":"https:\/\/evertonfc.cz\/wp-content\/uploads\/2019\/05\/logo.png","width":112,"height":112,"caption":"Official Czech & Slovak Everton Supporters' Club"},"image":{"@id":"https:\/\/evertonfc.cz\/#\/schema\/logo\/image\/"},"sameAs":["https:\/\/www.facebook.com\/everton.fans.cz.sk"]},{"@type":"Person","@id":"https:\/\/evertonfc.cz\/#\/schema\/person\/d4493b8cbea51532597fbc4685698916","name":"BlueBlooded","url":"https:\/\/evertonfc.cz\/index.php\/author\/admin\/"}]}},"_links":{"self":[{"href":"https:\/\/evertonfc.cz\/index.php\/wp-json\/wp\/v2\/posts\/11502"}],"collection":[{"href":"https:\/\/evertonfc.cz\/index.php\/wp-json\/wp\/v2\/posts"}],"about":[{"href":"https:\/\/evertonfc.cz\/index.php\/wp-json\/wp\/v2\/types\/post"}],"author":[{"embeddable":true,"href":"https:\/\/evertonfc.cz\/index.php\/wp-json\/wp\/v2\/users\/1"}],"replies":[{"embeddable":true,"href":"https:\/\/evertonfc.cz\/index.php\/wp-json\/wp\/v2\/comments?post=11502"}],"version-history":[{"count":5,"href":"https:\/\/evertonfc.cz\/index.php\/wp-json\/wp\/v2\/posts\/11502\/revisions"}],"predecessor-version":[{"id":11508,"href":"https:\/\/evertonfc.cz\/index.php\/wp-json\/wp\/v2\/posts\/11502\/revisions\/11508"}],"wp:featuredmedia":[{"embeddable":true,"href":"https:\/\/evertonfc.cz\/index.php\/wp-json\/wp\/v2\/media\/11503"}],"wp:attachment":[{"href":"https:\/\/evertonfc.cz\/index.php\/wp-json\/wp\/v2\/media?parent=11502"}],"wp:term":[{"taxonomy":"category","embeddable":true,"href":"https:\/\/evertonfc.cz\/index.php\/wp-json\/wp\/v2\/categories?post=11502"},{"taxonomy":"post_tag","embeddable":true,"href":"https:\/\/evertonfc.cz\/index.php\/wp-json\/wp\/v2\/tags?post=11502"}],"curies":[{"name":"wp","href":"https:\/\/api.w.org\/{rel}","templated":true}]}}