{"id":11567,"date":"2020-07-31T20:44:19","date_gmt":"2020-07-31T18:44:19","guid":{"rendered":"https:\/\/evertonfc.cz\/?p=11567"},"modified":"2020-08-02T13:33:37","modified_gmt":"2020-08-02T11:33:37","slug":"richarlison-vydrzim-dalsiu-sezonu","status":"publish","type":"post","link":"https:\/\/evertonfc.cz\/index.php\/2020\/07\/31\/richarlison-vydrzim-dalsiu-sezonu\/","title":{"rendered":"Richarlison: Vydr\u017e\u00edm \u010fal\u0161iu sez\u00f3nu"},"content":{"rendered":"<h4>Braz\u00edlsky \u00fato\u010dn\u00edk nazna\u010dil, \u017ee na konci bud\u00facej sez\u00f3ny by mohol opusti\u0165 The Toffes. Potvrdil to v rozhovore pre Globo Esporte. V\u00a0Goodison Parku ho via\u017ee zmluva do 2024.<\/h4>\n<p>Pravdepodobne najlep\u0161\u00ed a\u00a0najhodnotnej\u0161\u00ed hr\u00e1\u010d Evertonu tie\u017e prezradil, \u017ee mana\u017e\u00e9r Carlo Ancelotti ho po\u017eiadal, aby zostal v\u00a0klube aj \u010fal\u0161iu sez\u00f3nu. Ak v\u0161ak pr\u00edde dobr\u00e1 ponuka, je pripraven\u00fd sadn\u00fa\u0165 si a\u00a0pohovori\u0165 o tom. V\u0161estrann\u00fd forvard nastrie\u013eal v\u00a0tomto ro\u010dn\u00edku dokopy 15 g\u00f3lov v\u00a041 z\u00e1pasoch, a\u00a0na 4 prihral.<\/p>\n<blockquote><p><em>\u201eO v\u0161etkom sa u\u017e hovorilo. Povedal mi, \u017ee sa na m\u0148a spolieha v \u010fal\u0161ej sez\u00f3ne. Po\u017eiadal ma, aby som trochu vydr\u017eal. Ale v\u0161etko z\u00e1le\u017e\u00ed na okolnostiach. Ak pr\u00edde dobr\u00fd n\u00e1vrh, sadneme si a porozpr\u00e1vame sa. To je s\u00fa\u010das\u0165 futbalu. St\u00e1le o tak\u00fdchto detailoch hovor\u00edme a rie\u0161ime ich. Privedie nov\u00fdch hr\u00e1\u010dov a potom si sadneme a porozpr\u00e1vame sa. Ale mysl\u00edm si, \u017ee m\u00f4\u017eem vydr\u017ea\u0165 \u010fal\u0161iu sez\u00f3nu. Samozrejme, po\u010das sez\u00f3ny sme mali zl\u00e9 obdobie, a nemohli sme splni\u0165 n\u00e1\u0161 cie\u013e. Ale v\u017edy som tam bol a odovzdal v\u0161etko &#8211; strie\u013eal g\u00f3ly a pom\u00e1hal svojim spoluhr\u00e1\u010dom. Ver\u00edm v\u0161ak, \u017ee Ancelotti v t\u00edme nie\u010do zmen\u00ed a vylep\u0161\u00edme bud\u00facu sez\u00f3nu, a ja budem m\u00f4c\u0165 streli\u0165 e\u0161te viac g\u00f3lov.&#8220;<\/em><\/p><\/blockquote>\n<p>Klub predned\u00e1vnom odmietol spr\u00e1vy o janu\u00e1rovej ponuke 85 mili\u00f3nov libier z Barcelony, ale je si vedom\u00fd z\u00e1ujmu nielen \u0161panielskych gigantov o Richarlisona. Po\u010det jeho obdivovate\u013eov ur\u010dite porastie aj po tejto \u010fal\u0161ej p\u00f4sobivej sez\u00f3ne. Od prestupu na Merseyside v lete roku 2018 \u017eiadny hr\u00e1\u010d Karameliek nestrelil viac g\u00f3lov (29).<\/p>\n<p>Napriek tomu by malo by\u0165 pod\u013ea spr\u00e1v vedenie pokojn\u00e9 a bez v\u00e4\u010d\u0161\u00edch ob\u00e1v. Napokon, nov\u00fd kontrakt v decembri minul\u00e9ho roka up\u00edsal Braz\u00edl\u010dana kr\u00e1\u013eovskej modrej na nasleduj\u00face \u0161tyri roky. \u010ci\u017ee pr\u00edpadn\u00e1 prestupov\u00e1 \u010diastka nenech\u00e1 klubov\u00fa pokladnicu z\u00edva\u0165 pr\u00e1zdnotou. Ancelotti sa zaviazal, \u017ee v bud\u00facej sez\u00f3ne bude Everton lep\u0161\u00edm t\u00edmom a Richarlison bude v t\u00fdchto pl\u00e1noch jednozna\u010dne stredobodom.<\/p>\n<blockquote><p><em>\u201eV Evertone som sa dos\u0165 vyvinul. A\u017e nato\u013eko, \u017ee sa mi podarilo dosta\u0165 sa do n\u00e1rodn\u00e9ho t\u00edmu. Ver\u00edm, \u017ee to bol jeden z mojich najv\u00e4\u010d\u0161\u00edch \u00faspechov. Tak\u017ee mus\u00edm v\u00a0tom pokra\u010dova\u0165. Teraz s pr\u00edchodom Ancelotti porastiem e\u0161te viac. Je to \u010dlovek, ktor\u00fd so mnou ve\u013ea hovor\u00ed ka\u017ed\u00fd de\u0148. Tak\u017ee teraz ide o\u00a0v\u00fdvoj,\u00a0udr\u017eanie si streleckej formy a pomoc t\u00edmu.\u201c<\/em><\/p><\/blockquote>\n<p style=\"text-align: right;\"><span style=\"font-size: 8pt;\">(foto zdroj: evertonfc.com)<\/span><\/p>\n","protected":false},"excerpt":{"rendered":"<p>Braz\u00edlsky \u00fato\u010dn\u00edk nazna\u010dil, \u017ee na konci bud\u00facej sez\u00f3ny by mohol opusti\u0165 The Toffes. Potvrdil to v rozhovore pre Globo Esporte. V Goodison Parku ho via\u017ee zmluva do 2024.<\/p>\n","protected":false},"author":1,"featured_media":11568,"comment_status":"open","ping_status":"closed","sticky":false,"template":"","format":"standard","meta":{"_eb_attr":"","_monsterinsights_skip_tracking":false,"_monsterinsights_sitenote_active":false,"_monsterinsights_sitenote_note":"","_monsterinsights_sitenote_category":0,"footnotes":""},"categories":[42],"tags":[],"yoast_head":"<!-- This site is optimized with the Yoast SEO plugin v23.4 - https:\/\/yoast.com\/wordpress\/plugins\/seo\/ -->\n<title>Richarlison: Vydr\u017e\u00edm \u010fal\u0161iu sez\u00f3nu - Official Czech &amp; Slovak Everton Supporters&#039; Club<\/title>\n<meta name=\"robots\" content=\"index, follow, max-snippet:-1, max-image-preview:large, max-video-preview:-1\" \/>\n<link rel=\"canonical\" href=\"https:\/\/evertonfc.cz\/index.php\/2020\/07\/31\/richarlison-vydrzim-dalsiu-sezonu\/\" \/>\n<meta property=\"og:locale\" content=\"cs_CZ\" \/>\n<meta property=\"og:type\" content=\"article\" \/>\n<meta property=\"og:title\" content=\"Richarlison: Vydr\u017e\u00edm \u010fal\u0161iu sez\u00f3nu - Official Czech &amp; Slovak Everton Supporters&#039; Club\" \/>\n<meta property=\"og:description\" content=\"Braz\u00edlsky \u00fato\u010dn\u00edk nazna\u010dil, \u017ee na konci bud\u00facej sez\u00f3ny by mohol opusti\u0165 The Toffes. Potvrdil to v rozhovore pre Globo Esporte. V Goodison Parku ho via\u017ee zmluva do 2024.\" \/>\n<meta property=\"og:url\" content=\"https:\/\/evertonfc.cz\/index.php\/2020\/07\/31\/richarlison-vydrzim-dalsiu-sezonu\/\" \/>\n<meta property=\"og:site_name\" content=\"Official Czech &amp; Slovak Everton Supporters&#039; Club\" \/>\n<meta property=\"article:publisher\" content=\"https:\/\/www.facebook.com\/everton.fans.cz.sk\" \/>\n<meta property=\"article:published_time\" content=\"2020-07-31T18:44:19+00:00\" \/>\n<meta property=\"article:modified_time\" content=\"2020-08-02T11:33:37+00:00\" \/>\n<meta property=\"og:image\" content=\"https:\/\/evertonfc.cz\/wp-content\/uploads\/2020\/07\/Richarlison-evertonfc.com-31-7-2020.jpg\" \/>\n\t<meta property=\"og:image:width\" content=\"720\" \/>\n\t<meta property=\"og:image:height\" content=\"405\" \/>\n\t<meta property=\"og:image:type\" content=\"image\/jpeg\" \/>\n<meta name=\"author\" content=\"BlueBlooded\" \/>\n<meta name=\"twitter:card\" content=\"summary_large_image\" \/>\n<meta name=\"twitter:label1\" content=\"Napsal(a)\" \/>\n\t<meta name=\"twitter:data1\" content=\"BlueBlooded\" \/>\n\t<meta name=\"twitter:label2\" content=\"Odhadovan\u00e1 doba \u010dten\u00ed\" \/>\n\t<meta name=\"twitter:data2\" content=\"2 minuty\" \/>\n<script type=\"application\/ld+json\" class=\"yoast-schema-graph\">{\"@context\":\"https:\/\/schema.org\",\"@graph\":[{\"@type\":\"Article\",\"@id\":\"https:\/\/evertonfc.cz\/index.php\/2020\/07\/31\/richarlison-vydrzim-dalsiu-sezonu\/#article\",\"isPartOf\":{\"@id\":\"https:\/\/evertonfc.cz\/index.php\/2020\/07\/31\/richarlison-vydrzim-dalsiu-sezonu\/\"},\"author\":{\"name\":\"BlueBlooded\",\"@id\":\"https:\/\/evertonfc.cz\/#\/schema\/person\/d4493b8cbea51532597fbc4685698916\"},\"headline\":\"Richarlison: Vydr\u017e\u00edm \u010fal\u0161iu sez\u00f3nu\",\"datePublished\":\"2020-07-31T18:44:19+00:00\",\"dateModified\":\"2020-08-02T11:33:37+00:00\",\"mainEntityOfPage\":{\"@id\":\"https:\/\/evertonfc.cz\/index.php\/2020\/07\/31\/richarlison-vydrzim-dalsiu-sezonu\/\"},\"wordCount\":470,\"commentCount\":0,\"publisher\":{\"@id\":\"https:\/\/evertonfc.cz\/#organization\"},\"image\":{\"@id\":\"https:\/\/evertonfc.cz\/index.php\/2020\/07\/31\/richarlison-vydrzim-dalsiu-sezonu\/#primaryimage\"},\"thumbnailUrl\":\"https:\/\/evertonfc.cz\/wp-content\/uploads\/2020\/07\/Richarlison-evertonfc.com-31-7-2020.jpg\",\"articleSection\":[\"Aktuality\"],\"inLanguage\":\"cs\",\"potentialAction\":[{\"@type\":\"CommentAction\",\"name\":\"Comment\",\"target\":[\"https:\/\/evertonfc.cz\/index.php\/2020\/07\/31\/richarlison-vydrzim-dalsiu-sezonu\/#respond\"]}]},{\"@type\":\"WebPage\",\"@id\":\"https:\/\/evertonfc.cz\/index.php\/2020\/07\/31\/richarlison-vydrzim-dalsiu-sezonu\/\",\"url\":\"https:\/\/evertonfc.cz\/index.php\/2020\/07\/31\/richarlison-vydrzim-dalsiu-sezonu\/\",\"name\":\"Richarlison: Vydr\u017e\u00edm \u010fal\u0161iu sez\u00f3nu - Official Czech &amp; Slovak Everton Supporters&#039; Club\",\"isPartOf\":{\"@id\":\"https:\/\/evertonfc.cz\/#website\"},\"primaryImageOfPage\":{\"@id\":\"https:\/\/evertonfc.cz\/index.php\/2020\/07\/31\/richarlison-vydrzim-dalsiu-sezonu\/#primaryimage\"},\"image\":{\"@id\":\"https:\/\/evertonfc.cz\/index.php\/2020\/07\/31\/richarlison-vydrzim-dalsiu-sezonu\/#primaryimage\"},\"thumbnailUrl\":\"https:\/\/evertonfc.cz\/wp-content\/uploads\/2020\/07\/Richarlison-evertonfc.com-31-7-2020.jpg\",\"datePublished\":\"2020-07-31T18:44:19+00:00\",\"dateModified\":\"2020-08-02T11:33:37+00:00\",\"breadcrumb\":{\"@id\":\"https:\/\/evertonfc.cz\/index.php\/2020\/07\/31\/richarlison-vydrzim-dalsiu-sezonu\/#breadcrumb\"},\"inLanguage\":\"cs\",\"potentialAction\":[{\"@type\":\"ReadAction\",\"target\":[\"https:\/\/evertonfc.cz\/index.php\/2020\/07\/31\/richarlison-vydrzim-dalsiu-sezonu\/\"]}]},{\"@type\":\"ImageObject\",\"inLanguage\":\"cs\",\"@id\":\"https:\/\/evertonfc.cz\/index.php\/2020\/07\/31\/richarlison-vydrzim-dalsiu-sezonu\/#primaryimage\",\"url\":\"https:\/\/evertonfc.cz\/wp-content\/uploads\/2020\/07\/Richarlison-evertonfc.com-31-7-2020.jpg\",\"contentUrl\":\"https:\/\/evertonfc.cz\/wp-content\/uploads\/2020\/07\/Richarlison-evertonfc.com-31-7-2020.jpg\",\"width\":720,\"height\":405},{\"@type\":\"BreadcrumbList\",\"@id\":\"https:\/\/evertonfc.cz\/index.php\/2020\/07\/31\/richarlison-vydrzim-dalsiu-sezonu\/#breadcrumb\",\"itemListElement\":[{\"@type\":\"ListItem\",\"position\":1,\"name\":\"Home\",\"item\":\"https:\/\/evertonfc.cz\/\"},{\"@type\":\"ListItem\",\"position\":2,\"name\":\"Richarlison: Vydr\u017e\u00edm \u010fal\u0161iu sez\u00f3nu\"}]},{\"@type\":\"WebSite\",\"@id\":\"https:\/\/evertonfc.cz\/#website\",\"url\":\"https:\/\/evertonfc.cz\/\",\"name\":\"Official Czech &amp; Slovak Everton Supporters&#039; Club\",\"description\":\"\",\"publisher\":{\"@id\":\"https:\/\/evertonfc.cz\/#organization\"},\"potentialAction\":[{\"@type\":\"SearchAction\",\"target\":{\"@type\":\"EntryPoint\",\"urlTemplate\":\"https:\/\/evertonfc.cz\/?s={search_term_string}\"},\"query-input\":{\"@type\":\"PropertyValueSpecification\",\"valueRequired\":true,\"valueName\":\"search_term_string\"}}],\"inLanguage\":\"cs\"},{\"@type\":\"Organization\",\"@id\":\"https:\/\/evertonfc.cz\/#organization\",\"name\":\"Official Czech & Slovak Everton Supporters' Club\",\"url\":\"https:\/\/evertonfc.cz\/\",\"logo\":{\"@type\":\"ImageObject\",\"inLanguage\":\"cs\",\"@id\":\"https:\/\/evertonfc.cz\/#\/schema\/logo\/image\/\",\"url\":\"https:\/\/evertonfc.cz\/wp-content\/uploads\/2019\/05\/logo.png\",\"contentUrl\":\"https:\/\/evertonfc.cz\/wp-content\/uploads\/2019\/05\/logo.png\",\"width\":112,\"height\":112,\"caption\":\"Official Czech & Slovak Everton Supporters' Club\"},\"image\":{\"@id\":\"https:\/\/evertonfc.cz\/#\/schema\/logo\/image\/\"},\"sameAs\":[\"https:\/\/www.facebook.com\/everton.fans.cz.sk\"]},{\"@type\":\"Person\",\"@id\":\"https:\/\/evertonfc.cz\/#\/schema\/person\/d4493b8cbea51532597fbc4685698916\",\"name\":\"BlueBlooded\",\"url\":\"https:\/\/evertonfc.cz\/index.php\/author\/admin\/\"}]}<\/script>\n<!-- \/ Yoast SEO plugin. -->","yoast_head_json":{"title":"Richarlison: Vydr\u017e\u00edm \u010fal\u0161iu sez\u00f3nu - Official Czech &amp; Slovak Everton Supporters&#039; Club","robots":{"index":"index","follow":"follow","max-snippet":"max-snippet:-1","max-image-preview":"max-image-preview:large","max-video-preview":"max-video-preview:-1"},"canonical":"https:\/\/evertonfc.cz\/index.php\/2020\/07\/31\/richarlison-vydrzim-dalsiu-sezonu\/","og_locale":"cs_CZ","og_type":"article","og_title":"Richarlison: Vydr\u017e\u00edm \u010fal\u0161iu sez\u00f3nu - Official Czech &amp; Slovak Everton Supporters&#039; Club","og_description":"Braz\u00edlsky \u00fato\u010dn\u00edk nazna\u010dil, \u017ee na konci bud\u00facej sez\u00f3ny by mohol opusti\u0165 The Toffes. Potvrdil to v rozhovore pre Globo Esporte. V Goodison Parku ho via\u017ee zmluva do 2024.","og_url":"https:\/\/evertonfc.cz\/index.php\/2020\/07\/31\/richarlison-vydrzim-dalsiu-sezonu\/","og_site_name":"Official Czech &amp; Slovak Everton Supporters&#039; Club","article_publisher":"https:\/\/www.facebook.com\/everton.fans.cz.sk","article_published_time":"2020-07-31T18:44:19+00:00","article_modified_time":"2020-08-02T11:33:37+00:00","og_image":[{"width":720,"height":405,"url":"https:\/\/evertonfc.cz\/wp-content\/uploads\/2020\/07\/Richarlison-evertonfc.com-31-7-2020.jpg","type":"image\/jpeg"}],"author":"BlueBlooded","twitter_card":"summary_large_image","twitter_misc":{"Napsal(a)":"BlueBlooded","Odhadovan\u00e1 doba \u010dten\u00ed":"2 minuty"},"schema":{"@context":"https:\/\/schema.org","@graph":[{"@type":"Article","@id":"https:\/\/evertonfc.cz\/index.php\/2020\/07\/31\/richarlison-vydrzim-dalsiu-sezonu\/#article","isPartOf":{"@id":"https:\/\/evertonfc.cz\/index.php\/2020\/07\/31\/richarlison-vydrzim-dalsiu-sezonu\/"},"author":{"name":"BlueBlooded","@id":"https:\/\/evertonfc.cz\/#\/schema\/person\/d4493b8cbea51532597fbc4685698916"},"headline":"Richarlison: Vydr\u017e\u00edm \u010fal\u0161iu sez\u00f3nu","datePublished":"2020-07-31T18:44:19+00:00","dateModified":"2020-08-02T11:33:37+00:00","mainEntityOfPage":{"@id":"https:\/\/evertonfc.cz\/index.php\/2020\/07\/31\/richarlison-vydrzim-dalsiu-sezonu\/"},"wordCount":470,"commentCount":0,"publisher":{"@id":"https:\/\/evertonfc.cz\/#organization"},"image":{"@id":"https:\/\/evertonfc.cz\/index.php\/2020\/07\/31\/richarlison-vydrzim-dalsiu-sezonu\/#primaryimage"},"thumbnailUrl":"https:\/\/evertonfc.cz\/wp-content\/uploads\/2020\/07\/Richarlison-evertonfc.com-31-7-2020.jpg","articleSection":["Aktuality"],"inLanguage":"cs","potentialAction":[{"@type":"CommentAction","name":"Comment","target":["https:\/\/evertonfc.cz\/index.php\/2020\/07\/31\/richarlison-vydrzim-dalsiu-sezonu\/#respond"]}]},{"@type":"WebPage","@id":"https:\/\/evertonfc.cz\/index.php\/2020\/07\/31\/richarlison-vydrzim-dalsiu-sezonu\/","url":"https:\/\/evertonfc.cz\/index.php\/2020\/07\/31\/richarlison-vydrzim-dalsiu-sezonu\/","name":"Richarlison: Vydr\u017e\u00edm \u010fal\u0161iu sez\u00f3nu - Official Czech &amp; Slovak Everton Supporters&#039; Club","isPartOf":{"@id":"https:\/\/evertonfc.cz\/#website"},"primaryImageOfPage":{"@id":"https:\/\/evertonfc.cz\/index.php\/2020\/07\/31\/richarlison-vydrzim-dalsiu-sezonu\/#primaryimage"},"image":{"@id":"https:\/\/evertonfc.cz\/index.php\/2020\/07\/31\/richarlison-vydrzim-dalsiu-sezonu\/#primaryimage"},"thumbnailUrl":"https:\/\/evertonfc.cz\/wp-content\/uploads\/2020\/07\/Richarlison-evertonfc.com-31-7-2020.jpg","datePublished":"2020-07-31T18:44:19+00:00","dateModified":"2020-08-02T11:33:37+00:00","breadcrumb":{"@id":"https:\/\/evertonfc.cz\/index.php\/2020\/07\/31\/richarlison-vydrzim-dalsiu-sezonu\/#breadcrumb"},"inLanguage":"cs","potentialAction":[{"@type":"ReadAction","target":["https:\/\/evertonfc.cz\/index.php\/2020\/07\/31\/richarlison-vydrzim-dalsiu-sezonu\/"]}]},{"@type":"ImageObject","inLanguage":"cs","@id":"https:\/\/evertonfc.cz\/index.php\/2020\/07\/31\/richarlison-vydrzim-dalsiu-sezonu\/#primaryimage","url":"https:\/\/evertonfc.cz\/wp-content\/uploads\/2020\/07\/Richarlison-evertonfc.com-31-7-2020.jpg","contentUrl":"https:\/\/evertonfc.cz\/wp-content\/uploads\/2020\/07\/Richarlison-evertonfc.com-31-7-2020.jpg","width":720,"height":405},{"@type":"BreadcrumbList","@id":"https:\/\/evertonfc.cz\/index.php\/2020\/07\/31\/richarlison-vydrzim-dalsiu-sezonu\/#breadcrumb","itemListElement":[{"@type":"ListItem","position":1,"name":"Home","item":"https:\/\/evertonfc.cz\/"},{"@type":"ListItem","position":2,"name":"Richarlison: Vydr\u017e\u00edm \u010fal\u0161iu sez\u00f3nu"}]},{"@type":"WebSite","@id":"https:\/\/evertonfc.cz\/#website","url":"https:\/\/evertonfc.cz\/","name":"Official Czech &amp; Slovak Everton Supporters&#039; Club","description":"","publisher":{"@id":"https:\/\/evertonfc.cz\/#organization"},"potentialAction":[{"@type":"SearchAction","target":{"@type":"EntryPoint","urlTemplate":"https:\/\/evertonfc.cz\/?s={search_term_string}"},"query-input":{"@type":"PropertyValueSpecification","valueRequired":true,"valueName":"search_term_string"}}],"inLanguage":"cs"},{"@type":"Organization","@id":"https:\/\/evertonfc.cz\/#organization","name":"Official Czech & Slovak Everton Supporters' Club","url":"https:\/\/evertonfc.cz\/","logo":{"@type":"ImageObject","inLanguage":"cs","@id":"https:\/\/evertonfc.cz\/#\/schema\/logo\/image\/","url":"https:\/\/evertonfc.cz\/wp-content\/uploads\/2019\/05\/logo.png","contentUrl":"https:\/\/evertonfc.cz\/wp-content\/uploads\/2019\/05\/logo.png","width":112,"height":112,"caption":"Official Czech & Slovak Everton Supporters' Club"},"image":{"@id":"https:\/\/evertonfc.cz\/#\/schema\/logo\/image\/"},"sameAs":["https:\/\/www.facebook.com\/everton.fans.cz.sk"]},{"@type":"Person","@id":"https:\/\/evertonfc.cz\/#\/schema\/person\/d4493b8cbea51532597fbc4685698916","name":"BlueBlooded","url":"https:\/\/evertonfc.cz\/index.php\/author\/admin\/"}]}},"_links":{"self":[{"href":"https:\/\/evertonfc.cz\/index.php\/wp-json\/wp\/v2\/posts\/11567"}],"collection":[{"href":"https:\/\/evertonfc.cz\/index.php\/wp-json\/wp\/v2\/posts"}],"about":[{"href":"https:\/\/evertonfc.cz\/index.php\/wp-json\/wp\/v2\/types\/post"}],"author":[{"embeddable":true,"href":"https:\/\/evertonfc.cz\/index.php\/wp-json\/wp\/v2\/users\/1"}],"replies":[{"embeddable":true,"href":"https:\/\/evertonfc.cz\/index.php\/wp-json\/wp\/v2\/comments?post=11567"}],"version-history":[{"count":6,"href":"https:\/\/evertonfc.cz\/index.php\/wp-json\/wp\/v2\/posts\/11567\/revisions"}],"predecessor-version":[{"id":11575,"href":"https:\/\/evertonfc.cz\/index.php\/wp-json\/wp\/v2\/posts\/11567\/revisions\/11575"}],"wp:featuredmedia":[{"embeddable":true,"href":"https:\/\/evertonfc.cz\/index.php\/wp-json\/wp\/v2\/media\/11568"}],"wp:attachment":[{"href":"https:\/\/evertonfc.cz\/index.php\/wp-json\/wp\/v2\/media?parent=11567"}],"wp:term":[{"taxonomy":"category","embeddable":true,"href":"https:\/\/evertonfc.cz\/index.php\/wp-json\/wp\/v2\/categories?post=11567"},{"taxonomy":"post_tag","embeddable":true,"href":"https:\/\/evertonfc.cz\/index.php\/wp-json\/wp\/v2\/tags?post=11567"}],"curies":[{"name":"wp","href":"https:\/\/api.w.org\/{rel}","templated":true}]}}