{"id":11731,"date":"2020-08-28T21:14:01","date_gmt":"2020-08-28T19:14:01","guid":{"rendered":"https:\/\/evertonfc.cz\/?p=11731"},"modified":"2021-08-02T08:07:59","modified_gmt":"2021-08-02T06:07:59","slug":"james-a-everton","status":"publish","type":"post","link":"https:\/\/evertonfc.cz\/index.php\/2020\/08\/28\/james-a-everton\/","title":{"rendered":"James a Everton?"},"content":{"rendered":"<h4>Ak ste sa posledn\u00e9 dni \u010dudovali titulkom m\u00e9di\u00ed, ako m\u00f4\u017eu sp\u00e1ja\u0165 hr\u00e1\u010da Realu Madrid s Karamelkami, tak asi nie ste v obraze. Dovo\u013ete n\u00e1m to preto v \u010dl\u00e1nku objasni\u0165.<\/h4>\n<p>James David Rodr\u00edguez Rubio. Dvadsa\u0165dev\u00e4\u0165ro\u010dn\u00fd Kolumbij\u010dan, \u0161ir\u0161ej verejnosti zn\u00e1my po Majstrovstv\u00e1ch sveta vo futbale 2014 v Braz\u00edlii. A\u00a0nielen \u201et\u00fdm\u201c volejom do siete Uruguaju, ale aj n\u00e1sledn\u00fdm prestupom do Realu Madrid. Vtedy \u0161tvrt\u00fd najdrah\u0161\u00ed hr\u00e1\u010d plan\u00e9ty asi ani netu\u0161il, ako sa jeho kari\u00e9ra vyvinie.<\/p>\n<p>Po piatich rokoch zo \u0161es\u0165ro\u010dn\u00e9ho kontraktu za rovn\u00fdch 63 mili\u00f3nov libier je z\u00a0neho nechcen\u00fd, nepotrebn\u00fd a st\u00e1le drah\u00fd materi\u00e1l. Kam s\u00a0n\u00edm? Bayern ho k\u00fapi\u0165 nechcel, ani hr\u00e1\u010d osta\u0165, tak\u017ee jedine na lavi\u010dku. Chab\u00fdch \u0161trn\u00e1s\u0165 z\u00e1pasov, solit\u00e1rny g\u00f3l, dve asistencie. Na Bernab\u00e9u s\u010d\u00edtan\u00e9 \u2013 728 min\u00fat inak ignor\u00e1cie Zidanom.<\/p>\n<h4>Z\u00a0hlavnej na ved\u013eaj\u0161iu<\/h4>\n<p>Pred desiatimi rokmi len dev\u00e4tn\u00e1s\u0165ro\u010dn\u00e9 ucho v portugalskom Porte dv\u00edhalo zo stoli\u010diek to\u013eko \u013eud\u00ed, \u017ee za\u0148ho bohat\u00e9 Monaco o tri roky nesk\u00f4r nev\u00e1halo vyplati\u0165 astronomick\u00fa klauzulu 45 mili\u00f3nov eur. O vy\u0161e 40 viac, ako zria\u010fovacia cena, ktor\u00e1 putovala do Argent\u00edny. Rok potom sta\u010dil a zrodila sa superstar.<\/p>\n<p>Najlep\u0161\u00ed hr\u00e1\u010d aj so zlatou kopa\u010dkou na turnaji putoval do vysn\u00edvanej \u0161panielskej destin\u00e1cie. T\u00edmov\u00fd \u00faspech sa s\u00edce nedostavil, ale osobn\u00e9 \u0161tatistiky podporili spr\u00e1vnos\u0165 cenovky. Najlep\u0161\u00ed z\u00e1lo\u017en\u00edk La Ligy 2014\/15 si celkovo prip\u00edsal za 46 z\u00e1pasov 17 g\u00f3lov a 18 asistenci\u00ed. To v\u0161etko pod Ancelottim, ktor\u00e9ho n\u00e1sledne vykopli.<\/p>\n<p>Spom\u00ednan\u00fd Zidane sa ujal vedenia v\u00a0Madride po prv\u00fdkr\u00e1t. Rezult\u00e1t pre Jamesa len 21 \u0161tartov z\u00a0celkov\u00fdch 52 z\u00e1pasov Realu v\u00a0onej sez\u00f3ne. V\u00a0nasleduj\u00facej to nebolo aj napriek klubov\u00fdm \u00faspechom lep\u0161ie, a\u00a0tak bol meter osemdesiat vysok\u00fd z\u00e1lo\u017en\u00edk \u010di kr\u00eddlo uvo\u013enen\u00fd na prestup. Na dvojro\u010dn\u00e9 hos\u0165ovanie ho z\u00edskal Mn\u00edchov.<\/p>\n<div id=\"attachment_11758\" style=\"width: 650px\" class=\"wp-caption aligncenter\"><img loading=\"lazy\" decoding=\"async\" aria-describedby=\"caption-attachment-11758\" class=\"wp-image-11758 size-full\" src=\"https:\/\/evertonfc.cz\/wp-content\/uploads\/2020\/08\/James-Rodriguez-stats-28-8-2020.png\" alt=\"\" width=\"640\" height=\"586\" srcset=\"https:\/\/evertonfc.cz\/wp-content\/uploads\/2020\/08\/James-Rodriguez-stats-28-8-2020.png 640w, https:\/\/evertonfc.cz\/wp-content\/uploads\/2020\/08\/James-Rodriguez-stats-28-8-2020-300x275.png 300w\" sizes=\"(max-width: 640px) 100vw, 640px\" \/><p id=\"caption-attachment-11758\" class=\"wp-caption-text\"><strong><span style=\"font-size: 8pt;\">(\u0161tatistiky za posledn\u00e9 dve sez\u00f3ny)<\/span><\/strong><\/p><\/div>\n<h4>Ancelottiho \u010dlovek<\/h4>\n<p>T\u00fdmto krokom, sledom udalost\u00ed a vyjadren\u00ed sa za\u010d\u00edna evidentn\u00e1 telenovela, ods\u00faden\u00e1 na ve\u010dn\u00e9 repr\u00edzovanie. \u010cerven\u00fd gigant z Bavorska zaplatil Realu 13 mili\u00f3nov \u20ac. \u010cisto ako poplatok za p\u00f4\u017ei\u010dku. Po dvoch rokoch zmluvy bola mo\u017en\u00e1 opcia za 42. Len\u017ee toho sa u\u017e Talian na lavi\u010dke nedo\u010dkal \u2013 v okt\u00f3bri, len dva mesiace po pr\u00edchode Rodr\u00edgueza, bol vyhoden\u00fd. Bayern vyhral titul a hr\u00e1\u010d bol toho d\u00f4le\u017eitou s\u00fa\u010das\u0165ou. Potom, \u010do zaknihoval v lige sedem g\u00f3lov a jeden\u00e1s\u0165 asistencii, Karl-Heinz Rummenigge povedal:<\/p>\n<blockquote><p><em>\u201eBol to ve\u013emi, ve\u013emi dobr\u00fd prestup a\u00a0mus\u00edm op\u00e4\u0165 po\u010fakova\u0165 Carlovi Ancelottimu.\u201c<\/em><\/p><\/blockquote>\n<p>Pre\u010do by sa mu mal po\u010fakova\u0165? Pravdepodobne za presved\u010denie hr\u00e1\u010da a n\u00e1tlak, ktor\u00fd u\u017e aktu\u00e1lny \u0161\u00e9f The Toffees vyvinul na vedenie, aby ho op\u00e4\u0165 s Kolumbij\u010danom spojili. Ten ist\u00fd gener\u00e1lny riadite\u013e Bayernu sa toti\u017e pred onou \u00faspe\u0161nou sez\u00f3nou priznal, \u017ee Carlo s jeho z\u00edskan\u00edm naozaj naliehal:<\/p>\n<blockquote><p><em>\u201eSme ve\u013emi radi, \u017ee sa n\u00e1m podarilo dokon\u010di\u0165 tento obchod. Podpis Jamesa Rodr\u00edgueza bol ve\u013ek\u00fdm \u017eelan\u00edm n\u00e1\u0161ho mana\u017e\u00e9ra.\u201c<\/em><\/p><\/blockquote>\n<p>Obsesia pokra\u010dovala aj v nasleduj\u00facom anga\u017em\u00e1ne Ancelottiho. Tentoraz v Serie A. V j\u00fali 2019 sa neapolsk\u00fd klub otvorene usiloval o Jamesa, ktor\u00fd sa medzit\u00fdm vr\u00e1til do Realu. Pri mnoh\u00fdch pr\u00edle\u017eitostiach Ancelotti hr\u00e1\u010da chv\u00e1lil a nechal sa po\u010du\u0165, \u017ee bude trpezliv\u00fd oh\u013eadom mo\u017en\u00e9ho prestupu. Z\u00e1ujem toti\u017e malo aj Atl\u00e9tico.<\/p>\n<blockquote><p><em>\u201eSom k Jamesovi ve\u013emi prip\u00fatan\u00fd. Hodnot\u00edm ho ve\u013emi vysoko a\u00a0ur\u010dite m\u00f4\u017ee zlep\u0161i\u0165 n\u00e1\u0161 t\u00edm.\u201c<\/em><\/p><\/blockquote>\n<h4>Neuplatnil sa v\u00a0Bayerne?<\/h4>\n<p>Naopak. Ako u\u017e bolo vy\u0161\u0161ie spomenut\u00e9, v\u00a0Allianz Ar\u00e9ne panovala spokojnos\u0165. A\u00a0to aj po druhej, mierne slab\u0161ej sez\u00f3ne. Len\u017ee Mn\u00edchov\u010dania nespia na vavr\u00ednoch (preto posledn\u00fdch osem rokov kra\u013euj\u00fa Bundeslige) a\u00a0pl\u00e1nuj\u00fa dlhodobo. Na s\u00fapiske maj\u00fa u\u017e viacero futbalistov s\u00a0dlhoro\u010dn\u00fdmi sk\u00fasenos\u0165ami a\u00a0vekom okolo tridsa\u0165 rokov. V\u00a0ofenz\u00edve Lewandowski, M\u00fcller. V\u00a0z\u00e1lohe Thiago, \u010di Mart\u00ednez. Ponechanie Jamesa by preto logicky znamenalo menej priestoru pre rozlet Gnabryho, Kingsleyho alebo Goretzky.<\/p>\n<h4><strong>Nekone\u010dn\u00fd<\/strong> pr\u00edbeh<\/h4>\n<p>Romanca, zd\u00e1 sa, pokra\u010duje aj na anglickej p\u00f4de. Je samozrejm\u00e9, \u017ee mana\u017e\u00e9rov prenasleduj\u00fa \u0161pekul\u00e1cie o\u00a0b\u00fdval\u00fdch hr\u00e1\u010doch, ke\u010f zmenia p\u00f4sobisko. Novin\u00e1ri predsa nebud\u00fa str\u00e1ca\u0165 \u010das fantaz\u00edrovan\u00edm a\u00a0rovno v\u00e1m naserv\u00edruj\u00fa nepracn\u00fa, \u013eahko str\u00e1vite\u013en\u00fa (dez)inform\u00e1ciu. V\u00a0tomto pr\u00edpade v\u0161ak ide len o\u00a0sledovanie poriadne hrubej nite. E\u0161te k\u00a0tomu reflexnej farby. T\u00fa z\u00a0\u010dasu na \u010das Talian prele\u0161t\u00ed:<\/p>\n<blockquote><p><em>\u201eJames Rodr\u00edguez? P\u00e1\u010di sa mi, ve\u013emi sa mi p\u00e1\u010di ako hr\u00e1\u010d. Ke\u010f som odi\u0161iel z Madridu, James Rodr\u00edguez ma nasledoval do Mn\u00edchova. Pri\u0161iel aby hral. Ale nasledoval ma ako f\u00e1ma do Neapola a teraz ma nasleduje sem do Evertonu ako f\u00e1ma. Mus\u00edm by\u0165 \u00faprimn\u00fd, ve\u013emi sa mi p\u00e1\u010di. Ale je hr\u00e1\u010dom Realu Madrid. A mysl\u00edm si, \u017ee bude st\u00e1le hr\u00e1\u010dom Realu Madrid.\u201c<\/em><\/p><\/blockquote>\n<p>Je jasn\u00e9, \u017ee s\u00fa\u010dasn\u00fd tr\u00e9ner Karameliek si je vedom\u00fd finan\u010dn\u00fdch schopnost\u00ed aktu\u00e1lneho zamestn\u00e1vate\u013ea, a tak nebude vzbudzova\u0165 opa\u010dn\u00fd dojem. F\u00e1ma to ale v Neapole rozhodne nebola. Na to existuje pr\u00edli\u0161 ve\u013ea d\u00f4kazov a jeho vlastn\u00fdch cit\u00e1cii. A nebude to n\u00e1hoda ur\u010dite ani teraz. Z\u00e1ujem je eminentn\u00fd.<\/p>\n<div id=\"attachment_11759\" style=\"width: 650px\" class=\"wp-caption aligncenter\"><img loading=\"lazy\" decoding=\"async\" aria-describedby=\"caption-attachment-11759\" class=\"wp-image-11759 size-full\" src=\"https:\/\/evertonfc.cz\/wp-content\/uploads\/2020\/08\/James-Siggy-Gomes-stats-28-8-2020.jpg\" alt=\"\" width=\"640\" height=\"960\" srcset=\"https:\/\/evertonfc.cz\/wp-content\/uploads\/2020\/08\/James-Siggy-Gomes-stats-28-8-2020.jpg 640w, https:\/\/evertonfc.cz\/wp-content\/uploads\/2020\/08\/James-Siggy-Gomes-stats-28-8-2020-200x300.jpg 200w\" sizes=\"(max-width: 640px) 100vw, 640px\" \/><p id=\"caption-attachment-11759\" class=\"wp-caption-text\"><strong><span style=\"font-size: 8pt;\">(v kontexte t\u00fdchto \u0161tatist\u00edk v\u0161ak ch\u00fdba porovnanie v\u00fdkonov klubov, v ktor\u00fdch hr\u00e1\u010di p\u00f4sobia)<\/span><\/strong><\/p><\/div>\n<h4>Nie \u010di, ale ak<\/h4>\n<p>Prv\u00e9 seri\u00f3znej\u0161ie periodikum pri\u0161lo s inform\u00e1ciou o re\u00e1lnom z\u00e1ujme pred tromi d\u0148ami. Informoval o tom Jason Burt, hlavn\u00fd spravodajca pre futbal v denn\u00edku The Telegraph. Kluby u\u017e s\u00fa \u00fadajne v kontakte a samotn\u00fd James je k prestupu naklonen\u00fd. \u010eal\u0161\u00ed spo\u013eahlivej\u0161\u00ed novin\u00e1r, ktor\u00fd m\u00e1 bl\u00edzko k Evertonu, je Phil Kirkbride z liverpoolskeho Echa. Ten potvrdil, \u017ee Ancelotti by r\u00e1d Rodr\u00edgueza na Merseyside priviedol. Tento n\u00e1vrh vraj prediskutoval aj s klubovou hierarchiou a rozhovory s Madridom by mali by\u0165 v za\u010diato\u010dnej f\u00e1ze.<\/p>\n<p>Ak je to pravda, netreba zab\u00fada\u0165, \u017ee prioritou pre The Toffees je stred z\u00e1lohy, pokia\u013e mo\u017eno defenz\u00edvny. St\u00e1le prebiehaj\u00fa nekompromisn\u00e9 rokovania oh\u013eadom Allana z\u00a0Neapola, op\u00e4\u0165 b\u00fdval\u00e9ho hr\u00e1\u010da Ancelottiho. A\u00a0skuto\u010dn\u00e1 je aj snaha o\u00a0Doucour\u00e9ho. Od posilnenia stredu obrany kv\u00f4li klubovej pokladnici by preto Brands a\u00a0spol. mali upusti\u0165, nako\u013eko sa objavil mlad\u00fd Branthwaite a\u00a0Gibson veru nezaost\u00e1va.<\/p>\n<p>Preto ak\u00fdko\u013evek obchod \u2013 hos\u0165ovanie alebo predaj &#8211; zah\u0155\u0148aj\u00faci Jamesa by musel by\u0165 pre Madrid, \u010di samotn\u00e9ho hr\u00e1\u010da nev\u00fdhodn\u00fd \u2013 alebo nasledovan\u00fd doslovn\u00fdm exodusom neperspekt\u00edvnych hr\u00e1\u010dov z\u00a0mu\u017estva. \u0160p\u00edlmacher pod\u013ea spr\u00e1v toti\u017e zar\u00e1ba okolo 200 000 libier mesa\u010dne. A\u00a0to je pre klub v\u00a0m\u00ednuse (rozumej Everton) absol\u00fatne devasta\u010dn\u00e9. Len si spome\u0148me na posledn\u00fa finan\u010dn\u00fa spr\u00e1vu.<\/p>\n<p>Straty vo v\u00fd\u0161ke \u00a3112 mili\u00f3nov. N\u00e1rast v\u00fddavkov na platy hr\u00e1\u010dov zo 145 na \u00a3160 mili\u00f3nov. Tie aktu\u00e1lne (ner\u00e1tame letn\u00e9 odchody\/pr\u00edchody) ukrajuj\u00fa 85% z obratu klubu. A \u010do by na k\u00fapu Jamesa povedalo FFP? Ak sa nebudeme zam\u00fd\u0161\u013ea\u0165 nad zatia\u013e nejasn\u00fdmi \u00fa\u013eavami zo strany zodpovedn\u00fdch org\u00e1nov kv\u00f4li koronakr\u00edze, tak by Everton mal ide\u00e1lne skon\u010di\u0165 s\u00fa\u010dasn\u00e9 finan\u010dn\u00e9 obdobie so ziskom minim\u00e1lne \u00a319,9 mili\u00f3na.<\/p>\n<h4>Ve\u013ek\u00e9 meno \u2013 bludn\u00fd kruh<\/h4>\n<p>Pri n\u00e1stupe Marcela Brandsa, nov\u00e9ho \u0161portov\u00e9ho riadite\u013ea, sa mala zavies\u0165 jasn\u00e1 filozofia dlhodobej udr\u017eate\u013enosti. \u017diadne hviezdne n\u00e1kupy, sk\u00f4r investovanie do bud\u00facnosti, hodnota pri \u010fal\u0161om predaji. Tomuto postupn\u00e9mu budovaniu sa mal zaviaza\u0165 aj taliansky strat\u00e9g. Len\u017ee v\u00fdsledkov\u00e1 ak\u00fatnos\u0165 prezr\u00e1dza, \u017ee s\u00a0pr\u00edle\u017eitos\u0165ou, ak\u00fa meno Ancelottiho kalibru prin\u00e1\u0161a, nechce klub mrha\u0165. M\u00f4\u017ee na to op\u00e4\u0165 doplati\u0165?<\/p>\n<p>A to som nespomenul vyu\u017eite\u013enos\u0165 takejto akviz\u00edcie. Kolumbij\u010dan sa nevyh\u00fdba pr\u00e1ve zraneniam a v priemere za sez\u00f3nu vynech\u00e1 zhruba mesiac a\u017e dva. Za sledovan\u00e9 obdobie posledn\u00fdch troch sez\u00f3n vynechal kombinovane 79 dn\u00ed pre r\u00f4zne zranenia v\u00e4zov v kolene (nie v\u0161ak ACL) \u2013 absencia 16 z\u00e1pasov. A 90 dn\u00ed pre probl\u00e9my s l\u00fdtkom \u2013 absencia 8 s\u00fa\u0165a\u017en\u00fdch z\u00e1pasov (men\u0161ie \u010d\u00edslo kv\u00f4li zraneniu cez letn\u00fa pr\u00edpravu).<\/p>\n<p>Fan\u00fa\u0161ikom preto ost\u00e1va len veri\u0165, \u017ee ak, tak nie. Inak by n\u00e1m eventu\u00e1lne hrozil trest od UEFA, \u010di nutnos\u0165 v\u00a0ne\u010falekej bud\u00facnosti prebudov\u00e1va\u0165 znova prestarnut\u00fd k\u00e1der. Av\u0161ak hr\u00e1\u010dska kvalita je nespochybnite\u013en\u00e1 a\u00a0o\u00a0tom \u010dl\u00e1nok ani nepolemizoval&#8230;<\/p>\n<p style=\"text-align: right;\"><span style=\"font-size: 8pt;\">(fotozdroj: David S. Bustamante\/Soccrates &#8211; edited)<\/span><\/p>\n<h4>James Rodr\u00edguez v Eur\u00f3pe (transfermarkt.com):<\/h4>\n<table class=\"items\" style=\"height: 245px; width: 100%;\">\n<thead>\n<tr style=\"height: 40px;\">\n<td id=\"yw1_c0\" style=\"height: 40px; width: 40.2666%; border-style: ridge;\" colspan=\"2\">Klub<\/td>\n<td id=\"yw1_c2\" class=\"zentriert\" style=\"height: 40px; width: 9.86667%; border-style: ridge;\"><span class=\"icons_sprite icon-einsaetze-table-header\" title=\"Appearances\">Z<\/span><\/td>\n<td id=\"yw1_c3\" class=\"zentriert\" style=\"height: 40px; width: 7.73333%; border-style: ridge;\"><span class=\"icons_sprite icon-tor-table-header\" title=\"Goals\">G\u00a0<\/span><\/td>\n<td id=\"yw1_c4\" class=\"zentriert\" style=\"height: 40px; width: 7.73333%; border-style: ridge;\"><span class=\"icons_sprite icon-vorlage-table-header\" title=\"Assists\">A\u00a0<\/span><\/td>\n<td id=\"yw1_c5\" class=\"zentriert\" style=\"height: 40px; width: 9.2%; border-style: ridge;\"><span class=\"icons_sprite icon-gelbekarte-table-header\" title=\"Yellow cards\">\u00a0\u017dK<\/span><\/td>\n<td id=\"yw1_c6\" class=\"zentriert\" style=\"height: 40px; width: 8.26667%; border-style: ridge;\">\u010cK<\/td>\n<td id=\"yw1_c7\" class=\"zentriert\" style=\"height: 40px; width: 14.1333%; border-style: ridge;\"><span class=\"icons_sprite icon-rotekarte-table-header\" title=\"Red cards\">\u00a0min.<\/span><\/td>\n<\/tr>\n<\/thead>\n<tfoot>\n<tr style=\"height: 40px;\">\n<td class=\"rechts\" style=\"height: 40px; width: 40.2666%; border-style: ridge;\" colspan=\"2\"><strong>Celkovo :<\/strong><\/td>\n<td class=\"zentriert\" style=\"height: 40px; width: 9.86667%; border-style: ridge;\"><strong>338<\/strong><\/td>\n<td class=\"zentriert\" style=\"height: 40px; width: 7.73333%; border-style: ridge;\"><strong>94<\/strong><\/td>\n<td class=\"zentriert\" style=\"height: 40px; width: 7.73333%; border-style: ridge;\"><strong>117<\/strong><\/td>\n<td class=\"zentriert\" style=\"height: 40px; width: 9.2%; border-style: ridge;\"><strong>32<\/strong><\/td>\n<td class=\"zentriert\" style=\"height: 40px; width: 8.26667%; border-style: ridge;\"><\/td>\n<td class=\"zentriert\" style=\"height: 40px; width: 14.1333%; border-style: ridge;\"><strong>22.371&#8242;<\/strong><\/td>\n<\/tr>\n<\/tfoot>\n<tbody>\n<tr class=\"even selected\" style=\"height: 40px;\">\n<td class=\"hauptlink no-border-rechts zentriert\" style=\"width: 7.73333%; height: 42px; border-style: ridge;\"><a id=\"720\" class=\"vereinprofil_tooltip tooltipstered\" href=\"https:\/\/www.transfermarkt.com\/fc-porto\/startseite\/verein\/720\"><img decoding=\"async\" class=\"tiny_wappen\" title=\"\u00a0\" src=\"https:\/\/tmssl.akamaized.net\/images\/wappen\/tiny\/720.png?lm=1486310161\" alt=\"FC Porto\" \/><\/a><\/td>\n<td class=\"hauptlink no-border-links\" style=\"width: 32.5333%; height: 42px; border-style: ridge;\"><strong>FC Porto (2010-2013)<\/strong><\/td>\n<td class=\"zentriert\" style=\"width: 9.86667%; height: 42px; border-style: ridge;\"><strong><a title=\"James Rodr\u00edguez\" href=\"https:\/\/www.transfermarkt.com\/james-rodriguez\/leistungsdatendetails\/spieler\/88103\/verein\/720\">108<\/a><\/strong><\/td>\n<td class=\"zentriert\" style=\"width: 7.73333%; height: 42px; border-style: ridge;\"><strong>32<\/strong><\/td>\n<td class=\"zentriert\" style=\"width: 7.73333%; height: 42px; border-style: ridge;\"><strong>41<\/strong><\/td>\n<td class=\"zentriert\" style=\"width: 9.2%; height: 42px; border-style: ridge;\"><strong>12<\/strong><\/td>\n<td class=\"zentriert\" style=\"height: 42px; width: 8.26667%; border-style: ridge;\"><strong>1\u00a0<\/strong><\/td>\n<td class=\"zentriert\" style=\"height: 42px; width: 14.1333%; border-style: ridge;\"><strong>7.239&#8242;<\/strong><\/td>\n<\/tr>\n<tr class=\"odd selected\" style=\"height: 41px;\">\n<td class=\"hauptlink no-border-rechts zentriert\" style=\"width: 7.73333%; border-style: ridge; height: 41px;\"><a id=\"162\" class=\"vereinprofil_tooltip tooltipstered\" href=\"https:\/\/www.transfermarkt.com\/as-monaco\/startseite\/verein\/162\"><img decoding=\"async\" class=\"tiny_wappen\" title=\"\u00a0\" src=\"https:\/\/tmssl.akamaized.net\/images\/wappen\/tiny\/162.png?lm=1463176069\" alt=\"AS Monaco\" \/><\/a><\/td>\n<td class=\"hauptlink no-border-links\" style=\"width: 32.5333%; border-style: ridge; height: 41px;\"><strong>AS Monaco (2013\/14)<\/strong><\/td>\n<td class=\"zentriert\" style=\"width: 9.86667%; height: 41px; border-style: ridge;\"><strong><a title=\"James Rodr\u00edguez\" href=\"https:\/\/www.transfermarkt.com\/james-rodriguez\/leistungsdatendetails\/spieler\/88103\/verein\/162\">38<\/a><\/strong><\/td>\n<td class=\"zentriert\" style=\"width: 7.73333%; height: 41px; border-style: ridge;\"><strong>10<\/strong><\/td>\n<td class=\"zentriert\" style=\"width: 7.73333%; height: 41px; border-style: ridge;\"><strong>14<\/strong><\/td>\n<td class=\"zentriert\" style=\"width: 9.2%; height: 41px; border-style: ridge;\"><strong>1<\/strong><\/td>\n<td class=\"zentriert\" style=\"height: 41px; width: 8.26667%; border-style: ridge;\"><\/td>\n<td class=\"zentriert\" style=\"height: 41px; width: 14.1333%; border-style: ridge;\"><strong>2.898&#8242;<\/strong><\/td>\n<\/tr>\n<tr class=\"even selected\" style=\"height: 41px;\">\n<td class=\"hauptlink no-border-rechts zentriert\" style=\"width: 7.73333%; height: 41px; border-style: ridge;\"><a id=\"418\" class=\"vereinprofil_tooltip tooltipstered\" href=\"https:\/\/www.transfermarkt.com\/real-madrid\/startseite\/verein\/418\"><img decoding=\"async\" class=\"tiny_wappen\" title=\"\u00a0\" src=\"https:\/\/tmssl.akamaized.net\/images\/wappen\/tiny\/418.png?lm=1580722449\" alt=\"Real Madrid\" \/><\/a><a id=\"681\" class=\"vereinprofil_tooltip tooltipstered\" href=\"https:\/\/www.transfermarkt.com\/real-sociedad-san-sebastian\/startseite\/verein\/681\"><\/a><\/td>\n<td class=\"hauptlink no-border-links\" style=\"width: 32.5333%; height: 41px; border-style: ridge;\"><strong>Real Madrid (2014-2020)<\/strong><\/td>\n<td class=\"zentriert\" style=\"width: 9.86667%; height: 41px; border-style: ridge;\"><strong><a title=\"James Rodr\u00edguez\" href=\"https:\/\/www.transfermarkt.com\/james-rodriguez\/leistungsdatendetails\/spieler\/88103\/verein\/418\">125<\/a><\/strong><\/td>\n<td class=\"zentriert\" style=\"width: 7.73333%; height: 41px; border-style: ridge;\"><strong>37<\/strong><\/td>\n<td class=\"zentriert\" style=\"width: 7.73333%; height: 41px; border-style: ridge;\"><strong>42<\/strong><\/td>\n<td class=\"zentriert\" style=\"width: 9.2%; height: 41px; border-style: ridge;\"><strong>12<\/strong><\/td>\n<td class=\"zentriert\" style=\"height: 41px; width: 8.26667%; border-style: ridge;\"><\/td>\n<td class=\"zentriert\" style=\"height: 41px; width: 14.1333%; border-style: ridge;\"><strong>7.937&#8242;<\/strong><\/td>\n<\/tr>\n<tr class=\"odd selected\" style=\"height: 41px;\">\n<td class=\"hauptlink no-border-rechts zentriert\" style=\"width: 7.73333%; border-style: ridge; height: 41px;\"><a id=\"27\" class=\"vereinprofil_tooltip tooltipstered\" href=\"https:\/\/www.transfermarkt.com\/fc-bayern-munchen\/startseite\/verein\/27\"><img decoding=\"async\" class=\"tiny_wappen\" title=\"\u00a0\" src=\"https:\/\/tmssl.akamaized.net\/images\/wappen\/tiny\/27.png?lm=1498251238\" alt=\"Bayern Munich\" \/><\/a><\/td>\n<td class=\"hauptlink no-border-links\" style=\"width: 32.5333%; border-style: ridge; height: 41px;\"><strong>Bayern Munich (2017-2019)<\/strong><\/td>\n<td class=\"zentriert\" style=\"width: 9.86667%; height: 41px; border-style: ridge;\"><strong><a title=\"James Rodr\u00edguez\" href=\"https:\/\/www.transfermarkt.com\/james-rodriguez\/leistungsdatendetails\/spieler\/88103\/verein\/27\">67<\/a><\/strong><\/td>\n<td class=\"zentriert\" style=\"width: 7.73333%; height: 41px; border-style: ridge;\"><strong>15<\/strong><\/td>\n<td class=\"zentriert\" style=\"width: 7.73333%; height: 41px; border-style: ridge;\"><strong>20<\/strong><\/td>\n<td class=\"zentriert\" style=\"width: 9.2%; height: 41px; border-style: ridge;\"><strong>7<\/strong><\/td>\n<td class=\"zentriert\" style=\"height: 41px; width: 8.26667%; border-style: ridge;\"><\/td>\n<td class=\"zentriert\" style=\"height: 41px; width: 14.1333%; border-style: ridge;\"><strong>4.297&#8242;<\/strong><\/td>\n<\/tr>\n<\/tbody>\n<\/table>\n","protected":false},"excerpt":{"rendered":"<p>Ak ste sa posledn\u00e9 dni \u010dudovali titulkom m\u00e9di\u00ed, ako m\u00f4\u017eu sp\u00e1ja\u0165 hr\u00e1\u010da Realu Madrid s Karamelkami, tak asi nie ste v obraze. Dovo\u013ete n\u00e1m to preto v \u010dl\u00e1nku objasni\u0165.<\/p>\n","protected":false},"author":1,"featured_media":11757,"comment_status":"open","ping_status":"closed","sticky":false,"template":"","format":"standard","meta":{"_eb_attr":"","_monsterinsights_skip_tracking":false,"_monsterinsights_sitenote_active":false,"_monsterinsights_sitenote_note":"","_monsterinsights_sitenote_category":0,"footnotes":""},"categories":[39],"tags":[],"yoast_head":"<!-- This site is optimized with the Yoast SEO plugin v23.4 - https:\/\/yoast.com\/wordpress\/plugins\/seo\/ -->\n<title>James a Everton? - Official Czech &amp; Slovak Everton Supporters&#039; Club<\/title>\n<meta name=\"robots\" content=\"index, follow, max-snippet:-1, max-image-preview:large, max-video-preview:-1\" \/>\n<link rel=\"canonical\" href=\"https:\/\/evertonfc.cz\/index.php\/2020\/08\/28\/james-a-everton\/\" \/>\n<meta property=\"og:locale\" content=\"cs_CZ\" \/>\n<meta property=\"og:type\" content=\"article\" \/>\n<meta property=\"og:title\" content=\"James a Everton? - Official Czech &amp; Slovak Everton Supporters&#039; Club\" \/>\n<meta property=\"og:description\" content=\"Ak ste sa posledn\u00e9 dni \u010dudovali titulkom m\u00e9di\u00ed, ako m\u00f4\u017eu sp\u00e1ja\u0165 hr\u00e1\u010da Realu Madrid s Karamelkami, tak asi nie ste v obraze. Dovo\u013ete n\u00e1m to preto v \u010dl\u00e1nku objasni\u0165.\" \/>\n<meta property=\"og:url\" content=\"https:\/\/evertonfc.cz\/index.php\/2020\/08\/28\/james-a-everton\/\" \/>\n<meta property=\"og:site_name\" content=\"Official Czech &amp; Slovak Everton Supporters&#039; Club\" \/>\n<meta property=\"article:publisher\" content=\"https:\/\/www.facebook.com\/everton.fans.cz.sk\" \/>\n<meta property=\"article:published_time\" content=\"2020-08-28T19:14:01+00:00\" \/>\n<meta property=\"article:modified_time\" content=\"2021-08-02T06:07:59+00:00\" \/>\n<meta property=\"og:image\" content=\"https:\/\/evertonfc.cz\/wp-content\/uploads\/2020\/08\/James-Carlo-28-8-2020.jpg\" \/>\n\t<meta property=\"og:image:width\" content=\"720\" \/>\n\t<meta property=\"og:image:height\" content=\"405\" \/>\n\t<meta property=\"og:image:type\" content=\"image\/jpeg\" \/>\n<meta name=\"author\" content=\"BlueBlooded\" \/>\n<meta name=\"twitter:card\" content=\"summary_large_image\" \/>\n<meta name=\"twitter:label1\" content=\"Napsal(a)\" \/>\n\t<meta name=\"twitter:data1\" content=\"BlueBlooded\" \/>\n\t<meta name=\"twitter:label2\" content=\"Odhadovan\u00e1 doba \u010dten\u00ed\" \/>\n\t<meta name=\"twitter:data2\" content=\"7 minut\" \/>\n<script type=\"application\/ld+json\" class=\"yoast-schema-graph\">{\"@context\":\"https:\/\/schema.org\",\"@graph\":[{\"@type\":\"Article\",\"@id\":\"https:\/\/evertonfc.cz\/index.php\/2020\/08\/28\/james-a-everton\/#article\",\"isPartOf\":{\"@id\":\"https:\/\/evertonfc.cz\/index.php\/2020\/08\/28\/james-a-everton\/\"},\"author\":{\"name\":\"BlueBlooded\",\"@id\":\"https:\/\/evertonfc.cz\/#\/schema\/person\/d4493b8cbea51532597fbc4685698916\"},\"headline\":\"James a Everton?\",\"datePublished\":\"2020-08-28T19:14:01+00:00\",\"dateModified\":\"2021-08-02T06:07:59+00:00\",\"mainEntityOfPage\":{\"@id\":\"https:\/\/evertonfc.cz\/index.php\/2020\/08\/28\/james-a-everton\/\"},\"wordCount\":1577,\"commentCount\":2,\"publisher\":{\"@id\":\"https:\/\/evertonfc.cz\/#organization\"},\"image\":{\"@id\":\"https:\/\/evertonfc.cz\/index.php\/2020\/08\/28\/james-a-everton\/#primaryimage\"},\"thumbnailUrl\":\"https:\/\/evertonfc.cz\/wp-content\/uploads\/2020\/08\/James-Carlo-28-8-2020.jpg\",\"articleSection\":[\"Blog\"],\"inLanguage\":\"cs\",\"potentialAction\":[{\"@type\":\"CommentAction\",\"name\":\"Comment\",\"target\":[\"https:\/\/evertonfc.cz\/index.php\/2020\/08\/28\/james-a-everton\/#respond\"]}]},{\"@type\":\"WebPage\",\"@id\":\"https:\/\/evertonfc.cz\/index.php\/2020\/08\/28\/james-a-everton\/\",\"url\":\"https:\/\/evertonfc.cz\/index.php\/2020\/08\/28\/james-a-everton\/\",\"name\":\"James a Everton? - Official Czech &amp; Slovak Everton Supporters&#039; Club\",\"isPartOf\":{\"@id\":\"https:\/\/evertonfc.cz\/#website\"},\"primaryImageOfPage\":{\"@id\":\"https:\/\/evertonfc.cz\/index.php\/2020\/08\/28\/james-a-everton\/#primaryimage\"},\"image\":{\"@id\":\"https:\/\/evertonfc.cz\/index.php\/2020\/08\/28\/james-a-everton\/#primaryimage\"},\"thumbnailUrl\":\"https:\/\/evertonfc.cz\/wp-content\/uploads\/2020\/08\/James-Carlo-28-8-2020.jpg\",\"datePublished\":\"2020-08-28T19:14:01+00:00\",\"dateModified\":\"2021-08-02T06:07:59+00:00\",\"breadcrumb\":{\"@id\":\"https:\/\/evertonfc.cz\/index.php\/2020\/08\/28\/james-a-everton\/#breadcrumb\"},\"inLanguage\":\"cs\",\"potentialAction\":[{\"@type\":\"ReadAction\",\"target\":[\"https:\/\/evertonfc.cz\/index.php\/2020\/08\/28\/james-a-everton\/\"]}]},{\"@type\":\"ImageObject\",\"inLanguage\":\"cs\",\"@id\":\"https:\/\/evertonfc.cz\/index.php\/2020\/08\/28\/james-a-everton\/#primaryimage\",\"url\":\"https:\/\/evertonfc.cz\/wp-content\/uploads\/2020\/08\/James-Carlo-28-8-2020.jpg\",\"contentUrl\":\"https:\/\/evertonfc.cz\/wp-content\/uploads\/2020\/08\/James-Carlo-28-8-2020.jpg\",\"width\":720,\"height\":405},{\"@type\":\"BreadcrumbList\",\"@id\":\"https:\/\/evertonfc.cz\/index.php\/2020\/08\/28\/james-a-everton\/#breadcrumb\",\"itemListElement\":[{\"@type\":\"ListItem\",\"position\":1,\"name\":\"Home\",\"item\":\"https:\/\/evertonfc.cz\/\"},{\"@type\":\"ListItem\",\"position\":2,\"name\":\"James a Everton?\"}]},{\"@type\":\"WebSite\",\"@id\":\"https:\/\/evertonfc.cz\/#website\",\"url\":\"https:\/\/evertonfc.cz\/\",\"name\":\"Official Czech &amp; Slovak Everton Supporters&#039; Club\",\"description\":\"\",\"publisher\":{\"@id\":\"https:\/\/evertonfc.cz\/#organization\"},\"potentialAction\":[{\"@type\":\"SearchAction\",\"target\":{\"@type\":\"EntryPoint\",\"urlTemplate\":\"https:\/\/evertonfc.cz\/?s={search_term_string}\"},\"query-input\":{\"@type\":\"PropertyValueSpecification\",\"valueRequired\":true,\"valueName\":\"search_term_string\"}}],\"inLanguage\":\"cs\"},{\"@type\":\"Organization\",\"@id\":\"https:\/\/evertonfc.cz\/#organization\",\"name\":\"Official Czech & Slovak Everton Supporters' Club\",\"url\":\"https:\/\/evertonfc.cz\/\",\"logo\":{\"@type\":\"ImageObject\",\"inLanguage\":\"cs\",\"@id\":\"https:\/\/evertonfc.cz\/#\/schema\/logo\/image\/\",\"url\":\"https:\/\/evertonfc.cz\/wp-content\/uploads\/2019\/05\/logo.png\",\"contentUrl\":\"https:\/\/evertonfc.cz\/wp-content\/uploads\/2019\/05\/logo.png\",\"width\":112,\"height\":112,\"caption\":\"Official Czech & Slovak Everton Supporters' Club\"},\"image\":{\"@id\":\"https:\/\/evertonfc.cz\/#\/schema\/logo\/image\/\"},\"sameAs\":[\"https:\/\/www.facebook.com\/everton.fans.cz.sk\"]},{\"@type\":\"Person\",\"@id\":\"https:\/\/evertonfc.cz\/#\/schema\/person\/d4493b8cbea51532597fbc4685698916\",\"name\":\"BlueBlooded\",\"url\":\"https:\/\/evertonfc.cz\/index.php\/author\/admin\/\"}]}<\/script>\n<!-- \/ Yoast SEO plugin. -->","yoast_head_json":{"title":"James a Everton? - Official Czech &amp; Slovak Everton Supporters&#039; Club","robots":{"index":"index","follow":"follow","max-snippet":"max-snippet:-1","max-image-preview":"max-image-preview:large","max-video-preview":"max-video-preview:-1"},"canonical":"https:\/\/evertonfc.cz\/index.php\/2020\/08\/28\/james-a-everton\/","og_locale":"cs_CZ","og_type":"article","og_title":"James a Everton? - Official Czech &amp; Slovak Everton Supporters&#039; Club","og_description":"Ak ste sa posledn\u00e9 dni \u010dudovali titulkom m\u00e9di\u00ed, ako m\u00f4\u017eu sp\u00e1ja\u0165 hr\u00e1\u010da Realu Madrid s Karamelkami, tak asi nie ste v obraze. Dovo\u013ete n\u00e1m to preto v \u010dl\u00e1nku objasni\u0165.","og_url":"https:\/\/evertonfc.cz\/index.php\/2020\/08\/28\/james-a-everton\/","og_site_name":"Official Czech &amp; Slovak Everton Supporters&#039; Club","article_publisher":"https:\/\/www.facebook.com\/everton.fans.cz.sk","article_published_time":"2020-08-28T19:14:01+00:00","article_modified_time":"2021-08-02T06:07:59+00:00","og_image":[{"width":720,"height":405,"url":"https:\/\/evertonfc.cz\/wp-content\/uploads\/2020\/08\/James-Carlo-28-8-2020.jpg","type":"image\/jpeg"}],"author":"BlueBlooded","twitter_card":"summary_large_image","twitter_misc":{"Napsal(a)":"BlueBlooded","Odhadovan\u00e1 doba \u010dten\u00ed":"7 minut"},"schema":{"@context":"https:\/\/schema.org","@graph":[{"@type":"Article","@id":"https:\/\/evertonfc.cz\/index.php\/2020\/08\/28\/james-a-everton\/#article","isPartOf":{"@id":"https:\/\/evertonfc.cz\/index.php\/2020\/08\/28\/james-a-everton\/"},"author":{"name":"BlueBlooded","@id":"https:\/\/evertonfc.cz\/#\/schema\/person\/d4493b8cbea51532597fbc4685698916"},"headline":"James a Everton?","datePublished":"2020-08-28T19:14:01+00:00","dateModified":"2021-08-02T06:07:59+00:00","mainEntityOfPage":{"@id":"https:\/\/evertonfc.cz\/index.php\/2020\/08\/28\/james-a-everton\/"},"wordCount":1577,"commentCount":2,"publisher":{"@id":"https:\/\/evertonfc.cz\/#organization"},"image":{"@id":"https:\/\/evertonfc.cz\/index.php\/2020\/08\/28\/james-a-everton\/#primaryimage"},"thumbnailUrl":"https:\/\/evertonfc.cz\/wp-content\/uploads\/2020\/08\/James-Carlo-28-8-2020.jpg","articleSection":["Blog"],"inLanguage":"cs","potentialAction":[{"@type":"CommentAction","name":"Comment","target":["https:\/\/evertonfc.cz\/index.php\/2020\/08\/28\/james-a-everton\/#respond"]}]},{"@type":"WebPage","@id":"https:\/\/evertonfc.cz\/index.php\/2020\/08\/28\/james-a-everton\/","url":"https:\/\/evertonfc.cz\/index.php\/2020\/08\/28\/james-a-everton\/","name":"James a Everton? - Official Czech &amp; Slovak Everton Supporters&#039; Club","isPartOf":{"@id":"https:\/\/evertonfc.cz\/#website"},"primaryImageOfPage":{"@id":"https:\/\/evertonfc.cz\/index.php\/2020\/08\/28\/james-a-everton\/#primaryimage"},"image":{"@id":"https:\/\/evertonfc.cz\/index.php\/2020\/08\/28\/james-a-everton\/#primaryimage"},"thumbnailUrl":"https:\/\/evertonfc.cz\/wp-content\/uploads\/2020\/08\/James-Carlo-28-8-2020.jpg","datePublished":"2020-08-28T19:14:01+00:00","dateModified":"2021-08-02T06:07:59+00:00","breadcrumb":{"@id":"https:\/\/evertonfc.cz\/index.php\/2020\/08\/28\/james-a-everton\/#breadcrumb"},"inLanguage":"cs","potentialAction":[{"@type":"ReadAction","target":["https:\/\/evertonfc.cz\/index.php\/2020\/08\/28\/james-a-everton\/"]}]},{"@type":"ImageObject","inLanguage":"cs","@id":"https:\/\/evertonfc.cz\/index.php\/2020\/08\/28\/james-a-everton\/#primaryimage","url":"https:\/\/evertonfc.cz\/wp-content\/uploads\/2020\/08\/James-Carlo-28-8-2020.jpg","contentUrl":"https:\/\/evertonfc.cz\/wp-content\/uploads\/2020\/08\/James-Carlo-28-8-2020.jpg","width":720,"height":405},{"@type":"BreadcrumbList","@id":"https:\/\/evertonfc.cz\/index.php\/2020\/08\/28\/james-a-everton\/#breadcrumb","itemListElement":[{"@type":"ListItem","position":1,"name":"Home","item":"https:\/\/evertonfc.cz\/"},{"@type":"ListItem","position":2,"name":"James a Everton?"}]},{"@type":"WebSite","@id":"https:\/\/evertonfc.cz\/#website","url":"https:\/\/evertonfc.cz\/","name":"Official Czech &amp; Slovak Everton Supporters&#039; Club","description":"","publisher":{"@id":"https:\/\/evertonfc.cz\/#organization"},"potentialAction":[{"@type":"SearchAction","target":{"@type":"EntryPoint","urlTemplate":"https:\/\/evertonfc.cz\/?s={search_term_string}"},"query-input":{"@type":"PropertyValueSpecification","valueRequired":true,"valueName":"search_term_string"}}],"inLanguage":"cs"},{"@type":"Organization","@id":"https:\/\/evertonfc.cz\/#organization","name":"Official Czech & Slovak Everton Supporters' Club","url":"https:\/\/evertonfc.cz\/","logo":{"@type":"ImageObject","inLanguage":"cs","@id":"https:\/\/evertonfc.cz\/#\/schema\/logo\/image\/","url":"https:\/\/evertonfc.cz\/wp-content\/uploads\/2019\/05\/logo.png","contentUrl":"https:\/\/evertonfc.cz\/wp-content\/uploads\/2019\/05\/logo.png","width":112,"height":112,"caption":"Official Czech & Slovak Everton Supporters' Club"},"image":{"@id":"https:\/\/evertonfc.cz\/#\/schema\/logo\/image\/"},"sameAs":["https:\/\/www.facebook.com\/everton.fans.cz.sk"]},{"@type":"Person","@id":"https:\/\/evertonfc.cz\/#\/schema\/person\/d4493b8cbea51532597fbc4685698916","name":"BlueBlooded","url":"https:\/\/evertonfc.cz\/index.php\/author\/admin\/"}]}},"_links":{"self":[{"href":"https:\/\/evertonfc.cz\/index.php\/wp-json\/wp\/v2\/posts\/11731"}],"collection":[{"href":"https:\/\/evertonfc.cz\/index.php\/wp-json\/wp\/v2\/posts"}],"about":[{"href":"https:\/\/evertonfc.cz\/index.php\/wp-json\/wp\/v2\/types\/post"}],"author":[{"embeddable":true,"href":"https:\/\/evertonfc.cz\/index.php\/wp-json\/wp\/v2\/users\/1"}],"replies":[{"embeddable":true,"href":"https:\/\/evertonfc.cz\/index.php\/wp-json\/wp\/v2\/comments?post=11731"}],"version-history":[{"count":15,"href":"https:\/\/evertonfc.cz\/index.php\/wp-json\/wp\/v2\/posts\/11731\/revisions"}],"predecessor-version":[{"id":15987,"href":"https:\/\/evertonfc.cz\/index.php\/wp-json\/wp\/v2\/posts\/11731\/revisions\/15987"}],"wp:featuredmedia":[{"embeddable":true,"href":"https:\/\/evertonfc.cz\/index.php\/wp-json\/wp\/v2\/media\/11757"}],"wp:attachment":[{"href":"https:\/\/evertonfc.cz\/index.php\/wp-json\/wp\/v2\/media?parent=11731"}],"wp:term":[{"taxonomy":"category","embeddable":true,"href":"https:\/\/evertonfc.cz\/index.php\/wp-json\/wp\/v2\/categories?post=11731"},{"taxonomy":"post_tag","embeddable":true,"href":"https:\/\/evertonfc.cz\/index.php\/wp-json\/wp\/v2\/tags?post=11731"}],"curies":[{"name":"wp","href":"https:\/\/api.w.org\/{rel}","templated":true}]}}