{"id":11871,"date":"2020-09-06T22:53:04","date_gmt":"2020-09-06T20:53:04","guid":{"rendered":"https:\/\/evertonfc.cz\/?p=11871"},"modified":"2020-09-07T11:01:39","modified_gmt":"2020-09-07T09:01:39","slug":"bristol-city-w-everton-w-04","status":"publish","type":"post","link":"https:\/\/evertonfc.cz\/index.php\/2020\/09\/06\/bristol-city-w-everton-w-04\/","title":{"rendered":"Bristol City W &#8211; Everton W 0:4"},"content":{"rendered":"<h4><strong><span style=\"font-size: 14pt;\">\u00davodn\u00ed z\u00e1pas nov\u00e9ho ligov\u00e9ho ro\u010dn\u00edku p\u0159inesl krom\u011b pohledn\u00e9 hry i zaslou\u017eenou g\u00f3lovou \u017ee\u0148.<\/span><\/strong><\/h4>\n<p>Na p\u016fd\u011b bristolsk\u00fdch \u010dervenek v Bath\u00b4s Twerton Park zah\u00e1jil Everton sv\u00e9 leto\u0161n\u00ed ta\u017een\u00ed WSL. A je t\u0159eba dodat, \u017ee velmi \u00fasp\u011b\u0161n\u011b. Hlavn\u00ed roli v z\u00e1pase sehr\u00e1la evertonsk\u00e1 kapit\u00e1nka a b\u00fdval\u00e1 bristolsk\u00e1 hr\u00e1\u010dka Lucy Graham.\u00a0 Ale o tom a\u017e d\u00e1le.<\/p>\n<h4>1. polo\u010das<\/h4>\n<p>Everton nastoupil v rozestaven\u00ed 4-3-3, Bristol zvolil klasiku 4-4-2. Everton zahrozil u\u017e ve druh\u00e9 minut\u011b. Po akci obr\u00e1nky\u0148 Sevecke\u00a0 a Moe-Wold se ke st\u0159ele dostala S\u00f8rensen, ale bohu\u017eel minula br\u00e1nu. N\u00e1sledovala rovn\u011b\u017e nep\u0159esn\u00e1 odplata Bristolu. Pot\u00e9 u\u017e za\u00fa\u0159adoval Everton doopravdy. Lucy Graham elegantn\u00ed <em>pati\u010dkou vysoko p\u0159elobovala<\/em> (sic!) obrannou \u0159adu soupe\u0159ek a nab\u00edhaj\u00edc\u00ed <strong>Simone Magill<\/strong> z voleje bezpe\u010dn\u011b zav\u011bsila (g\u00f3l ku pot\u011b\u0161e i k pou\u010den\u00ed k vid\u011bn\u00ed<a href=\"https:\/\/twitter.com\/BarclaysFAWSL\/status\/1302598304522539008\"> zde<\/a>). \u010cervenky odpov\u011bd\u011bly z\u00e1hy nast\u0159elen\u00edm b\u0159evna. To sice sv\u011bd\u010d\u00ed o jejich chv\u00e1lyhodn\u00e9 aktivit\u011b, ale na z\u00e1pis do g\u00f3lov\u00e9ho z\u00e1znamu to na\u0161t\u011bst\u00ed nesta\u010dilo. B\u011b\u017eela 19. minuta, kdy\u017e po kr\u00e1sn\u011b vybudovan\u00e9 akci na lev\u00e9 stran\u011b po ose\u00a0 Turner-Christiansen-S\u00f8rensen a po k\u0159\u00ed\u017en\u00e9 p\u0159ihr\u00e1vce ostrou st\u0159elou zprava sk\u00f3rovala <strong>Lucy Graham<\/strong>.\u00a0 Ma\u00e9va Clemaron z\u00e1hy p\u0159idala z 18 metr\u016f b\u0159evno.<\/p>\n<h4>2. polo\u010das<\/h4>\n<p>Po hodin\u011b hry p\u0159i\u0161la dal\u0161\u00ed g\u00f3lov\u00e1 akce. Evertonsk\u00e1 Simone Magill byla ve v\u00e1pn\u011b faulov\u00e1na ex-evertonskou Faye Bryson. Faul byl ocen\u011bn pokutov\u00fdm kopem, exekuce se ujala Lucy Graham a klasick\u00fdm angli\u010danem o b\u0159evno aktualizovala sk\u00f3re na 0:3. V 71. minut\u011b Everton hromadn\u011b st\u0159\u00eddal a do hry se tak dostala i letn\u00ed posila <strong>Valerie Gauvin. <\/strong>Z\u00e1hy uk\u00e1zala, \u017ee m\u00e1 v \u00famyslu nav\u00e1zat na lo\u0148sk\u00fdch 14 g\u00f3l\u016f ze 16 z\u00e1pas\u016f. V 90. minut\u011b si sebejist\u011b poradila na hranici velk\u00e9ho v\u00e1pna s obr\u00e1nkyn\u00ed a nekompromisn\u00ed st\u0159elou uzav\u0159ela sk\u00f3re z\u00e1pasu na 0:4.\u00a0 T\u0159e\u0161ni\u010dkou na dortu pak byl \u00fasp\u011b\u0161n\u00fd z\u00e1krok evertonsk\u00e9 brank\u00e1\u0159ky Sandy MacIver, kter\u00e1 zne\u0161kodnila v akci jedna na jednu snahu Ebony Salmon o \u00fapravu sk\u00f3re.<\/p>\n<h4>Shrnut\u00ed<\/h4>\n<p>Proto\u017ee se mi ani v hlubin\u00e1ch darknetu nepoda\u0159ilo naj\u00edt z\u00e1znam \u010di stream z\u00e1pasu, lze jen obt\u00ed\u017en\u011b prov\u00e9st n\u011bjak\u00e9 p\u0159esn\u011bj\u0161\u00ed hodnocen\u00ed jednotliv\u00fdch hr\u00e1\u010dek nebo hry t\u00fdmu jako celku. V\u00fdsledek i highlights m\u011b ov\u0161em velmi pot\u011b\u0161ili.<\/p>\n<p>Skv\u011bl\u00e9 je, \u017ee Izzi Christiansen se poda\u0159ilo po zlomenin\u011b nohy a p\u0159etrhan\u00fdch vazech v kotn\u00edku dostat zp\u011bt v pln\u00e9 s\u00edle do hry. Wiliie Kirk douf\u00e1, \u017ee i p\u0159es n\u011bkter\u00e1 hluch\u00e1 m\u00edsta se p\u0159edveden\u00fd v\u00fdkon stane leto\u0161n\u00edm standardem. Spokojen\u011b hodnot\u00ed i zapojen\u00ed nov\u00fdch hr\u00e1\u010dek do hry, jmenovit\u011b Raso a S\u00f8rensen. A povzbudiv\u00e1 jsou i jeho dal\u0161\u00ed slova: <em>&#8222;Megan Finnigan byla v obran\u011b jako sk\u00e1la, ale nen\u00e1padnou hrdinkou byla na\u0161e norsk\u00e1 prav\u00e1 obr\u00e1nkyn\u011b Ingrid Moe-Wold. Nehr\u00e1la ok\u00e1zale, jen d\u011blala svou pr\u00e1ci ohromn\u011b dob\u0159e.&#8220;<\/em> A to je p\u0159esn\u011b to, co fanou\u0161ek sly\u0161\u00ed velmi r\u00e1d. Sez\u00f3na za\u010dala kr\u00e1sn\u011b. V\u011b\u0159me, \u017ee na slibn\u00fd za\u010d\u00e1tek nav\u00e1\u017eeme i v dal\u0161\u00edch t\u00fddnech a m\u011bs\u00edc\u00edch.<\/p>\n<p><strong>Branky:<\/strong> Magill (7\u00b4), Graham (19\u00b4 a 60\u00b4), Gauvin (90\u00b4)<\/p>\n<p><strong>Bristol: <\/strong>Baggaley,\u00a0 Bryson (62\u00b4Allen), Matthews (74\u00b4 Rafferty) Evans, Purfield, Palmer, Humphrey (74\u00b4Daniels), Mastrantonio, Logarzo, Harrison (52\u00b4 Salmon), Wellings<\/p>\n<p><strong>Everton: <\/strong>MacIver,\u00a0 Moe-Wold, Finnigan, Sevecke, Turner (86\u00b4Pattinson), Christiansen, Graham, Clemaron (81\u00b4 Leigh Stringer), Magill (71\u00b4 Emslie), S\u00f8rensen (71\u00b4 Gauvin), Raso (71\u00b4Boye-Hlorkah)<\/p>\n<p><em>Pozn\u00e1mka: Na fotografii zleva: Nicoline S\u00f8rensen, Lucy Graham, Simone Magill<\/em><\/p>\n<p style=\"text-align: right;\"><span style=\"font-size: 8pt;\"><em>V \u010dl\u00e1nku byly pou\u017eity tyto internetov\u00e9 zdroje: <\/em><\/span><span style=\"font-size: 8pt;\"><em>www.en.wikipedia.org, <\/em><\/span><span style=\"font-size: 8pt;\"><em>www.evertonfc.com,\u00a0<\/em><\/span><span style=\"font-size: 8pt;\"><em>www.sofascore.com,,<\/em><\/span><em><span style=\"font-size: 8pt;\">www.womenscompetitions.thefa.com, <\/span><\/em><span style=\"font-size: 8pt;\"><em>www.bbc.com<\/em><\/span><\/p>\n<p style=\"text-align: right;\"><span style=\"font-size: 8pt;\"><em>Fotografie: www. bbc. com<\/em><\/span><\/p>\n","protected":false},"excerpt":{"rendered":"<p>\u00davodn\u00ed z\u00e1pas nov\u00e9ho ligov\u00e9ho ro\u010dn\u00edku p\u0159inesl krom\u011b pohledn\u00e9 hry i zaslou\u017eenou g\u00f3lovou \u017ee\u0148.<\/p>\n","protected":false},"author":26,"featured_media":11874,"comment_status":"open","ping_status":"closed","sticky":false,"template":"","format":"standard","meta":{"_eb_attr":"","_monsterinsights_skip_tracking":false,"_monsterinsights_sitenote_active":false,"_monsterinsights_sitenote_note":"","_monsterinsights_sitenote_category":0,"footnotes":""},"categories":[110],"tags":[],"yoast_head":"<!-- This site is optimized with the Yoast SEO plugin v23.4 - https:\/\/yoast.com\/wordpress\/plugins\/seo\/ -->\n<title>Bristol City W - Everton W 0:4 - Official Czech &amp; Slovak Everton Supporters&#039; Club<\/title>\n<meta name=\"robots\" content=\"index, follow, max-snippet:-1, max-image-preview:large, max-video-preview:-1\" \/>\n<link rel=\"canonical\" href=\"https:\/\/evertonfc.cz\/index.php\/2020\/09\/06\/bristol-city-w-everton-w-04\/\" \/>\n<meta property=\"og:locale\" content=\"cs_CZ\" \/>\n<meta property=\"og:type\" content=\"article\" \/>\n<meta property=\"og:title\" content=\"Bristol City W - Everton W 0:4 - Official Czech &amp; Slovak Everton Supporters&#039; Club\" \/>\n<meta property=\"og:description\" content=\"\u00davodn\u00ed z\u00e1pas nov\u00e9ho ligov\u00e9ho ro\u010dn\u00edku p\u0159inesl krom\u011b pohledn\u00e9 hry i zaslou\u017eenou g\u00f3lovou \u017ee\u0148.\" \/>\n<meta property=\"og:url\" content=\"https:\/\/evertonfc.cz\/index.php\/2020\/09\/06\/bristol-city-w-everton-w-04\/\" \/>\n<meta property=\"og:site_name\" content=\"Official Czech &amp; Slovak Everton Supporters&#039; Club\" \/>\n<meta property=\"article:publisher\" content=\"https:\/\/www.facebook.com\/everton.fans.cz.sk\" \/>\n<meta property=\"article:published_time\" content=\"2020-09-06T20:53:04+00:00\" \/>\n<meta property=\"article:modified_time\" content=\"2020-09-07T09:01:39+00:00\" \/>\n<meta property=\"og:image\" content=\"https:\/\/evertonfc.cz\/wp-content\/uploads\/2020\/09\/Sorensen_Graham_Magill_web.jpg\" \/>\n\t<meta property=\"og:image:width\" content=\"720\" \/>\n\t<meta property=\"og:image:height\" content=\"405\" \/>\n\t<meta property=\"og:image:type\" content=\"image\/jpeg\" \/>\n<meta name=\"author\" content=\"Karamela\" \/>\n<meta name=\"twitter:card\" content=\"summary_large_image\" \/>\n<meta name=\"twitter:label1\" content=\"Napsal(a)\" \/>\n\t<meta name=\"twitter:data1\" content=\"Karamela\" \/>\n\t<meta name=\"twitter:label2\" content=\"Odhadovan\u00e1 doba \u010dten\u00ed\" \/>\n\t<meta name=\"twitter:data2\" content=\"3 minuty\" \/>\n<script type=\"application\/ld+json\" class=\"yoast-schema-graph\">{\"@context\":\"https:\/\/schema.org\",\"@graph\":[{\"@type\":\"Article\",\"@id\":\"https:\/\/evertonfc.cz\/index.php\/2020\/09\/06\/bristol-city-w-everton-w-04\/#article\",\"isPartOf\":{\"@id\":\"https:\/\/evertonfc.cz\/index.php\/2020\/09\/06\/bristol-city-w-everton-w-04\/\"},\"author\":{\"name\":\"Karamela\",\"@id\":\"https:\/\/evertonfc.cz\/#\/schema\/person\/e9a24a80a32efa1344dd2c4e5882185c\"},\"headline\":\"Bristol City W &#8211; Everton W 0:4\",\"datePublished\":\"2020-09-06T20:53:04+00:00\",\"dateModified\":\"2020-09-07T09:01:39+00:00\",\"mainEntityOfPage\":{\"@id\":\"https:\/\/evertonfc.cz\/index.php\/2020\/09\/06\/bristol-city-w-everton-w-04\/\"},\"wordCount\":669,\"commentCount\":3,\"publisher\":{\"@id\":\"https:\/\/evertonfc.cz\/#organization\"},\"image\":{\"@id\":\"https:\/\/evertonfc.cz\/index.php\/2020\/09\/06\/bristol-city-w-everton-w-04\/#primaryimage\"},\"thumbnailUrl\":\"https:\/\/evertonfc.cz\/wp-content\/uploads\/2020\/09\/Sorensen_Graham_Magill_web.jpg\",\"articleSection\":[\"Everton Women\"],\"inLanguage\":\"cs\",\"potentialAction\":[{\"@type\":\"CommentAction\",\"name\":\"Comment\",\"target\":[\"https:\/\/evertonfc.cz\/index.php\/2020\/09\/06\/bristol-city-w-everton-w-04\/#respond\"]}]},{\"@type\":\"WebPage\",\"@id\":\"https:\/\/evertonfc.cz\/index.php\/2020\/09\/06\/bristol-city-w-everton-w-04\/\",\"url\":\"https:\/\/evertonfc.cz\/index.php\/2020\/09\/06\/bristol-city-w-everton-w-04\/\",\"name\":\"Bristol City W - Everton W 0:4 - Official Czech &amp; Slovak Everton Supporters&#039; Club\",\"isPartOf\":{\"@id\":\"https:\/\/evertonfc.cz\/#website\"},\"primaryImageOfPage\":{\"@id\":\"https:\/\/evertonfc.cz\/index.php\/2020\/09\/06\/bristol-city-w-everton-w-04\/#primaryimage\"},\"image\":{\"@id\":\"https:\/\/evertonfc.cz\/index.php\/2020\/09\/06\/bristol-city-w-everton-w-04\/#primaryimage\"},\"thumbnailUrl\":\"https:\/\/evertonfc.cz\/wp-content\/uploads\/2020\/09\/Sorensen_Graham_Magill_web.jpg\",\"datePublished\":\"2020-09-06T20:53:04+00:00\",\"dateModified\":\"2020-09-07T09:01:39+00:00\",\"breadcrumb\":{\"@id\":\"https:\/\/evertonfc.cz\/index.php\/2020\/09\/06\/bristol-city-w-everton-w-04\/#breadcrumb\"},\"inLanguage\":\"cs\",\"potentialAction\":[{\"@type\":\"ReadAction\",\"target\":[\"https:\/\/evertonfc.cz\/index.php\/2020\/09\/06\/bristol-city-w-everton-w-04\/\"]}]},{\"@type\":\"ImageObject\",\"inLanguage\":\"cs\",\"@id\":\"https:\/\/evertonfc.cz\/index.php\/2020\/09\/06\/bristol-city-w-everton-w-04\/#primaryimage\",\"url\":\"https:\/\/evertonfc.cz\/wp-content\/uploads\/2020\/09\/Sorensen_Graham_Magill_web.jpg\",\"contentUrl\":\"https:\/\/evertonfc.cz\/wp-content\/uploads\/2020\/09\/Sorensen_Graham_Magill_web.jpg\",\"width\":720,\"height\":405,\"caption\":\"Lucy Graham of Everton celebrates scoring the 2nd goal\"},{\"@type\":\"BreadcrumbList\",\"@id\":\"https:\/\/evertonfc.cz\/index.php\/2020\/09\/06\/bristol-city-w-everton-w-04\/#breadcrumb\",\"itemListElement\":[{\"@type\":\"ListItem\",\"position\":1,\"name\":\"Home\",\"item\":\"https:\/\/evertonfc.cz\/\"},{\"@type\":\"ListItem\",\"position\":2,\"name\":\"Bristol City W &#8211; Everton W 0:4\"}]},{\"@type\":\"WebSite\",\"@id\":\"https:\/\/evertonfc.cz\/#website\",\"url\":\"https:\/\/evertonfc.cz\/\",\"name\":\"Official Czech &amp; Slovak Everton Supporters&#039; Club\",\"description\":\"\",\"publisher\":{\"@id\":\"https:\/\/evertonfc.cz\/#organization\"},\"potentialAction\":[{\"@type\":\"SearchAction\",\"target\":{\"@type\":\"EntryPoint\",\"urlTemplate\":\"https:\/\/evertonfc.cz\/?s={search_term_string}\"},\"query-input\":{\"@type\":\"PropertyValueSpecification\",\"valueRequired\":true,\"valueName\":\"search_term_string\"}}],\"inLanguage\":\"cs\"},{\"@type\":\"Organization\",\"@id\":\"https:\/\/evertonfc.cz\/#organization\",\"name\":\"Official Czech & Slovak Everton Supporters' Club\",\"url\":\"https:\/\/evertonfc.cz\/\",\"logo\":{\"@type\":\"ImageObject\",\"inLanguage\":\"cs\",\"@id\":\"https:\/\/evertonfc.cz\/#\/schema\/logo\/image\/\",\"url\":\"https:\/\/evertonfc.cz\/wp-content\/uploads\/2019\/05\/logo.png\",\"contentUrl\":\"https:\/\/evertonfc.cz\/wp-content\/uploads\/2019\/05\/logo.png\",\"width\":112,\"height\":112,\"caption\":\"Official Czech & Slovak Everton Supporters' Club\"},\"image\":{\"@id\":\"https:\/\/evertonfc.cz\/#\/schema\/logo\/image\/\"},\"sameAs\":[\"https:\/\/www.facebook.com\/everton.fans.cz.sk\"]},{\"@type\":\"Person\",\"@id\":\"https:\/\/evertonfc.cz\/#\/schema\/person\/e9a24a80a32efa1344dd2c4e5882185c\",\"name\":\"Karamela\",\"url\":\"https:\/\/evertonfc.cz\/index.php\/author\/karamela\/\"}]}<\/script>\n<!-- \/ Yoast SEO plugin. -->","yoast_head_json":{"title":"Bristol City W - Everton W 0:4 - Official Czech &amp; Slovak Everton Supporters&#039; Club","robots":{"index":"index","follow":"follow","max-snippet":"max-snippet:-1","max-image-preview":"max-image-preview:large","max-video-preview":"max-video-preview:-1"},"canonical":"https:\/\/evertonfc.cz\/index.php\/2020\/09\/06\/bristol-city-w-everton-w-04\/","og_locale":"cs_CZ","og_type":"article","og_title":"Bristol City W - Everton W 0:4 - Official Czech &amp; Slovak Everton Supporters&#039; Club","og_description":"\u00davodn\u00ed z\u00e1pas nov\u00e9ho ligov\u00e9ho ro\u010dn\u00edku p\u0159inesl krom\u011b pohledn\u00e9 hry i zaslou\u017eenou g\u00f3lovou \u017ee\u0148.","og_url":"https:\/\/evertonfc.cz\/index.php\/2020\/09\/06\/bristol-city-w-everton-w-04\/","og_site_name":"Official Czech &amp; Slovak Everton Supporters&#039; Club","article_publisher":"https:\/\/www.facebook.com\/everton.fans.cz.sk","article_published_time":"2020-09-06T20:53:04+00:00","article_modified_time":"2020-09-07T09:01:39+00:00","og_image":[{"width":720,"height":405,"url":"https:\/\/evertonfc.cz\/wp-content\/uploads\/2020\/09\/Sorensen_Graham_Magill_web.jpg","type":"image\/jpeg"}],"author":"Karamela","twitter_card":"summary_large_image","twitter_misc":{"Napsal(a)":"Karamela","Odhadovan\u00e1 doba \u010dten\u00ed":"3 minuty"},"schema":{"@context":"https:\/\/schema.org","@graph":[{"@type":"Article","@id":"https:\/\/evertonfc.cz\/index.php\/2020\/09\/06\/bristol-city-w-everton-w-04\/#article","isPartOf":{"@id":"https:\/\/evertonfc.cz\/index.php\/2020\/09\/06\/bristol-city-w-everton-w-04\/"},"author":{"name":"Karamela","@id":"https:\/\/evertonfc.cz\/#\/schema\/person\/e9a24a80a32efa1344dd2c4e5882185c"},"headline":"Bristol City W &#8211; Everton W 0:4","datePublished":"2020-09-06T20:53:04+00:00","dateModified":"2020-09-07T09:01:39+00:00","mainEntityOfPage":{"@id":"https:\/\/evertonfc.cz\/index.php\/2020\/09\/06\/bristol-city-w-everton-w-04\/"},"wordCount":669,"commentCount":3,"publisher":{"@id":"https:\/\/evertonfc.cz\/#organization"},"image":{"@id":"https:\/\/evertonfc.cz\/index.php\/2020\/09\/06\/bristol-city-w-everton-w-04\/#primaryimage"},"thumbnailUrl":"https:\/\/evertonfc.cz\/wp-content\/uploads\/2020\/09\/Sorensen_Graham_Magill_web.jpg","articleSection":["Everton Women"],"inLanguage":"cs","potentialAction":[{"@type":"CommentAction","name":"Comment","target":["https:\/\/evertonfc.cz\/index.php\/2020\/09\/06\/bristol-city-w-everton-w-04\/#respond"]}]},{"@type":"WebPage","@id":"https:\/\/evertonfc.cz\/index.php\/2020\/09\/06\/bristol-city-w-everton-w-04\/","url":"https:\/\/evertonfc.cz\/index.php\/2020\/09\/06\/bristol-city-w-everton-w-04\/","name":"Bristol City W - Everton W 0:4 - Official Czech &amp; Slovak Everton Supporters&#039; Club","isPartOf":{"@id":"https:\/\/evertonfc.cz\/#website"},"primaryImageOfPage":{"@id":"https:\/\/evertonfc.cz\/index.php\/2020\/09\/06\/bristol-city-w-everton-w-04\/#primaryimage"},"image":{"@id":"https:\/\/evertonfc.cz\/index.php\/2020\/09\/06\/bristol-city-w-everton-w-04\/#primaryimage"},"thumbnailUrl":"https:\/\/evertonfc.cz\/wp-content\/uploads\/2020\/09\/Sorensen_Graham_Magill_web.jpg","datePublished":"2020-09-06T20:53:04+00:00","dateModified":"2020-09-07T09:01:39+00:00","breadcrumb":{"@id":"https:\/\/evertonfc.cz\/index.php\/2020\/09\/06\/bristol-city-w-everton-w-04\/#breadcrumb"},"inLanguage":"cs","potentialAction":[{"@type":"ReadAction","target":["https:\/\/evertonfc.cz\/index.php\/2020\/09\/06\/bristol-city-w-everton-w-04\/"]}]},{"@type":"ImageObject","inLanguage":"cs","@id":"https:\/\/evertonfc.cz\/index.php\/2020\/09\/06\/bristol-city-w-everton-w-04\/#primaryimage","url":"https:\/\/evertonfc.cz\/wp-content\/uploads\/2020\/09\/Sorensen_Graham_Magill_web.jpg","contentUrl":"https:\/\/evertonfc.cz\/wp-content\/uploads\/2020\/09\/Sorensen_Graham_Magill_web.jpg","width":720,"height":405,"caption":"Lucy Graham of Everton celebrates scoring the 2nd goal"},{"@type":"BreadcrumbList","@id":"https:\/\/evertonfc.cz\/index.php\/2020\/09\/06\/bristol-city-w-everton-w-04\/#breadcrumb","itemListElement":[{"@type":"ListItem","position":1,"name":"Home","item":"https:\/\/evertonfc.cz\/"},{"@type":"ListItem","position":2,"name":"Bristol City W &#8211; Everton W 0:4"}]},{"@type":"WebSite","@id":"https:\/\/evertonfc.cz\/#website","url":"https:\/\/evertonfc.cz\/","name":"Official Czech &amp; Slovak Everton Supporters&#039; Club","description":"","publisher":{"@id":"https:\/\/evertonfc.cz\/#organization"},"potentialAction":[{"@type":"SearchAction","target":{"@type":"EntryPoint","urlTemplate":"https:\/\/evertonfc.cz\/?s={search_term_string}"},"query-input":{"@type":"PropertyValueSpecification","valueRequired":true,"valueName":"search_term_string"}}],"inLanguage":"cs"},{"@type":"Organization","@id":"https:\/\/evertonfc.cz\/#organization","name":"Official Czech & Slovak Everton Supporters' Club","url":"https:\/\/evertonfc.cz\/","logo":{"@type":"ImageObject","inLanguage":"cs","@id":"https:\/\/evertonfc.cz\/#\/schema\/logo\/image\/","url":"https:\/\/evertonfc.cz\/wp-content\/uploads\/2019\/05\/logo.png","contentUrl":"https:\/\/evertonfc.cz\/wp-content\/uploads\/2019\/05\/logo.png","width":112,"height":112,"caption":"Official Czech & Slovak Everton Supporters' Club"},"image":{"@id":"https:\/\/evertonfc.cz\/#\/schema\/logo\/image\/"},"sameAs":["https:\/\/www.facebook.com\/everton.fans.cz.sk"]},{"@type":"Person","@id":"https:\/\/evertonfc.cz\/#\/schema\/person\/e9a24a80a32efa1344dd2c4e5882185c","name":"Karamela","url":"https:\/\/evertonfc.cz\/index.php\/author\/karamela\/"}]}},"_links":{"self":[{"href":"https:\/\/evertonfc.cz\/index.php\/wp-json\/wp\/v2\/posts\/11871"}],"collection":[{"href":"https:\/\/evertonfc.cz\/index.php\/wp-json\/wp\/v2\/posts"}],"about":[{"href":"https:\/\/evertonfc.cz\/index.php\/wp-json\/wp\/v2\/types\/post"}],"author":[{"embeddable":true,"href":"https:\/\/evertonfc.cz\/index.php\/wp-json\/wp\/v2\/users\/26"}],"replies":[{"embeddable":true,"href":"https:\/\/evertonfc.cz\/index.php\/wp-json\/wp\/v2\/comments?post=11871"}],"version-history":[{"count":11,"href":"https:\/\/evertonfc.cz\/index.php\/wp-json\/wp\/v2\/posts\/11871\/revisions"}],"predecessor-version":[{"id":11889,"href":"https:\/\/evertonfc.cz\/index.php\/wp-json\/wp\/v2\/posts\/11871\/revisions\/11889"}],"wp:featuredmedia":[{"embeddable":true,"href":"https:\/\/evertonfc.cz\/index.php\/wp-json\/wp\/v2\/media\/11874"}],"wp:attachment":[{"href":"https:\/\/evertonfc.cz\/index.php\/wp-json\/wp\/v2\/media?parent=11871"}],"wp:term":[{"taxonomy":"category","embeddable":true,"href":"https:\/\/evertonfc.cz\/index.php\/wp-json\/wp\/v2\/categories?post=11871"},{"taxonomy":"post_tag","embeddable":true,"href":"https:\/\/evertonfc.cz\/index.php\/wp-json\/wp\/v2\/tags?post=11871"}],"curies":[{"name":"wp","href":"https:\/\/api.w.org\/{rel}","templated":true}]}}