{"id":11890,"date":"2020-09-07T21:24:16","date_gmt":"2020-09-07T19:24:16","guid":{"rendered":"https:\/\/evertonfc.cz\/?p=11890"},"modified":"2020-09-09T10:23:59","modified_gmt":"2020-09-09T08:23:59","slug":"everton-prilakal-superstar","status":"publish","type":"post","link":"https:\/\/evertonfc.cz\/index.php\/2020\/09\/07\/everton-prilakal-superstar\/","title":{"rendered":"Everton pril\u00e1kal Superstar!"},"content":{"rendered":"<h4>O\u010dak\u00e1van\u00e9 sa stalo po p\u00e1r nerv\u00f3znych d\u0148och skuto\u010dnos\u0165ou. Kolumbijsk\u00e1 hviezda z Realu Madrid podp\u00edsala dvojro\u010dn\u00fd kontrakt s opciou na tret\u00ed. Spln\u00ed o\u010dak\u00e1vania?<\/h4>\n<p>U\u017e od ve\u013ekolep\u00e9ho pripl\u00e1vania talianskeho lodivoda do v\u00f4d Merseyside bolo jasn\u00e9, \u017ee modr\u00e1 fregata (pod\u013ea umiestnenia v\u00a0tabu\u013eke sk\u00f4r \u0161kuner) menom Everton neostane pri star\u00fdch placht\u00e1ch. Bude potrebova\u0165 nov\u00e9. Len\u017ee ka\u017ed\u00e9 nov\u00e9 pl\u00e1tno je drah\u00e9. A\u00a0Everton u\u017e v\u00a0pr\u00edstave zop\u00e1r vymenil. Najnov\u0161ia, ktor\u00e1 p\u00f4jde predn\u00fd s\u0165a\u017ee\u0148, si \u00fadajne ukroj\u00ed z\u00a0rozpo\u010dtu takmer 20 mili\u00f3nov libier&#8230;<\/p>\n<blockquote><p><em>&#8222;Som naozaj, naozaj \u0161\u0165astn\u00fd, \u017ee som sa mohol sta\u0165 s\u00fa\u010das\u0165ou tohto ve\u013ek\u00e9ho klubu. S takou bohatou hist\u00f3riou a mana\u017e\u00e9rom, ktor\u00fd ma ve\u013emi dobre pozn\u00e1.\u201c<\/em><\/p><\/blockquote>\n<h4><strong>Detaily prestupu<\/strong><\/h4>\n<p>R\u00e1d by som pri podobne ladenom, tematickom opise pokra\u010doval. Tla\u010d\u00ed ma v\u0161ak \u010das, rovnako ako Everton pr\u00e1zdna pe\u0148a\u017eenka pri srdci. Tak si zhr\u0148me, \u010do vieme. Rodr\u00edguez podp\u00edsal dvojro\u010dn\u00fd kontrakt, klub si ponechal mo\u017enos\u0165 opcie na tret\u00ed, ktor\u00fd by eventu\u00e1lne znamenal, \u017ee poplatok klubu z hlavn\u00e9ho mesta \u0160panielska nakoniec dosiahne 22,5 mili\u00f3nov. Hr\u00e1\u010d si bude oblieka\u0165 dres s \u010d\u00edslom 19.<\/p>\n<p><a href=\"https:\/\/www.bbc.com\/sport\/amp\/football\/53992937\" target=\"_blank\" rel=\"noopener noreferrer\"><strong><em><span style=\"text-decoration: underline;\">AKTUALIZ\u00c1CIA 9.9.2020:<\/span> BBC (pod\u013ea vlastn\u00fdch zdrojov) v\u010dera zatia\u013e ako jedin\u00fd spravodajsk\u00fd port\u00e1l uviedlo, \u017ee prestupov\u00e1 \u010diastka by sa, narozdiel od v\u00e4\u010d\u0161iny spr\u00e1v, mala pohybova\u0165 okolo \u00a312 mili\u00f3nov!<\/em><\/strong><\/a><\/p>\n<p>Platovo to vraj vyzer\u00e1 pr\u00edvetivo. Periodikum z Pyrenejsk\u00e9ho polostrova, Marca, uv\u00e1dza, \u017ee James si zn\u00ed\u017eil svoj plat na polovicu &#8211; 4,5 mili\u00f3na eur ro\u010dne (okolo 76 000 libier t\u00fd\u017edenne). Naopak, kolumbijsk\u00fd novin\u00e1r Pipe Sierra tvrd\u00ed, \u017ee jeho mzda sa bl\u00ed\u017ei sk\u00f4r ku 120 000 libier t\u00fd\u017edenne. Stredn\u00fa cestu ukazuje port\u00e1l Sportekz, ktor\u00fd hodnotu hr\u00e1\u010dovho kontraktu oce\u0148uje na \u00a312.5 mili\u00f3na. Plat \u00a34,32 mili\u00f3na, \u010di\u017ee \u00a390,000 t\u00fd\u017edenne. Real mu mal plati\u0165 \u0161tedr\u00fdch 200. To je poriadny skok dole. Krok, ktor\u00fd Jamesovi zaru\u010d\u00ed pravideln\u00fa d\u00e1vku futbalu. T\u00e1 mu bola toti\u017e dlhodobo odmietan\u00e1 z &#8222;osobn\u00fdch d\u00f4vodov&#8220;.<\/p>\n<p><a href=\"https:\/\/evertonfc.cz\/index.php\/2020\/08\/28\/james-a-everton\/\" target=\"_blank\" rel=\"noopener noreferrer\">Ako sme v\u00e1m u\u017e pribl\u00ed\u017eili v\u00a0samostatnom \u010dl\u00e1nku<\/a>, je nad slnko jasnej\u0161ie, \u017ee Ancelotti pomohol presved\u010di\u0165 Jamesa, aby sa k nemu pripojil v Goodison Parku. \u00dadajne sa za neho osobne zaru\u010dil a uskuto\u010dnil s\u00a0n\u00edm aj nieko\u013eko telefon\u00e1tov, aby mu op\u00edsal projekt, na ktorom spolupracuje s\u00a0Marcelom Brandsom.<\/p>\n<blockquote class=\"twitter-tweet\" data-width=\"550\" data-dnt=\"true\">\n<p lang=\"en\" dir=\"ltr\">?? | It&#39;s official&#8230; <a href=\"https:\/\/twitter.com\/jamesdrodriguez?ref_src=twsrc%5Etfw\">@jamesdrodriguez<\/a> is a Blue! ?<a href=\"https:\/\/twitter.com\/hashtag\/Al%C3%B3James?src=hash&amp;ref_src=twsrc%5Etfw\">#Al\u00f3James<\/a> <a href=\"https:\/\/t.co\/hNDsLvtqtT\">pic.twitter.com\/hNDsLvtqtT<\/a><\/p>\n<p>&mdash; Everton (@Everton) <a href=\"https:\/\/twitter.com\/Everton\/status\/1303045630290546688?ref_src=twsrc%5Etfw\">September 7, 2020<\/a><\/p><\/blockquote>\n<p><script async src=\"https:\/\/platform.twitter.com\/widgets.js\" charset=\"utf-8\"><\/script><\/p>\n<h4><strong>\u017diadny \u00fa\u010dtovn\u00edk by ho nepodp\u00edsal<\/strong><\/h4>\n<p>Hr\u00e1\u010d s klesaj\u00facou hodnotou a s vysok\u00fdmi mzdami, ktor\u00fd pr\u00e1ve dosiahol 29 rokov. Cena nie je vysok\u00e1, ak si zoberieme fakt, \u017ee pred rokom si mohol na\u0148ho Bayern uplatni\u0165 opciu za 42 mili\u00f3nov eur. <a href=\"https:\/\/evertonfc.cz\/index.php\/2020\/09\/03\/analyza-financovania-posil\/\" target=\"_blank\" rel=\"noopener noreferrer\">Pre klub v situ\u00e1cii Evertonu to nem\u00e1 \u017eiadny finan\u010dn\u00fd zmysel.<\/a> Z dvadsiatky najbohat\u0161\u00edch klubov na svete pod\u013ea ro\u010dn\u00fdch tr\u017eieb &#8211; Everton je na 19. mieste &#8211; \u017eiadny nem\u00e1 vy\u0161\u0161\u00ed pomer platov k obratu ako 85%. Len Everton. A iba tri kluby na tom zozname maj\u00fa dan\u00fd pomer nad 65%.<\/p>\n<p><a href=\"https:\/\/evertonfc.cz\/index.php\/news\/fanusikovia-sa-velkym-menam-nebrania\/\" target=\"_blank\" rel=\"noopener noreferrer\">A\u00a0aj napriek tomu tu panuje pocit vzru\u0161enia, \u017ee?<\/a> Ot\u00e1zky t\u00fdkaj\u00face sa vymenovania Ancelottiho za mana\u017e\u00e9ra a jeho vhodnosti pre \u0161tat\u00fat Evertonu e\u0161te neboli zodpovedan\u00e9, ale je tu jasn\u00e1 pozit\u00edvna str\u00e1nka. D\u00e1va to klubu pr\u00edstup k hr\u00e1\u010dom ako James \u010di Allan, ktor\u00ed by inak ve\u013emi pravdepodobne Evertonom pohrdli.<\/p>\n<blockquote><p><em>\u201eSom presved\u010den\u00fd, \u017ee s Carlom a cel\u00fdm realiza\u010dn\u00fdm t\u00edmom m\u00f4\u017eeme dosiahnu\u0165 ve\u013ek\u00e9 veci. Pr\u00e1ve pr\u00edtomnos\u0165 Carla Ancelottiho je jeden z v\u00fdznamn\u00fdch d\u00f4vodov, pre\u010do som sa rozhodol pre Everton.<\/em> <em>U\u017eil som si predt\u00fdm s n\u00edm p\u00e1r skvel\u00fdch momentov v dvoch r\u00f4znych kluboch.&#8220;<\/em><\/p><\/blockquote>\n<h4><strong>Bude to fungova\u0165 v\u00a0Evertone?<\/strong><\/h4>\n<p>Zd\u00e1 sa, \u017ee hr\u00e1\u010d ako James, \u017eiari ke\u010f je centre pozornosti t\u00edmu a\u00a0m\u00f4\u017ee vyu\u017e\u00edva\u0165 d\u00f4veru svojich spoluhr\u00e1\u010dov. Dar\u00ed sa mu, ke\u010f m\u00e1 kreat\u00edvnu zodpovednos\u0165 za rie\u0161enie v\u0161etk\u00fdch situ\u00e1cii typu: <em>\u201eKe\u010f nevie\u0161 \u010do s\u00a0loptou, prihraj Jamesovi.\u201c<\/em> Na Bernab\u00e9u mu to nebolo dopriate. Klub ho prakticky k\u00fapil ako talizman do osobn\u00e9ho portf\u00f3lia v\u00fdhodn\u00fdch obchodn\u00fdch zna\u010diek. \u013dav\u00e1k na kr\u00eddlo, len rok po Garethovi Baleovi.<\/p>\n<p>V Goodison Parku si preto ur\u010dite pr\u00edde na svoje. Vzru\u0161uj\u00faca je najm\u00e4 predstava spolupr\u00e1ce s Richarlisonom. Braz\u00edlsky \u00fato\u010dn\u00fd univerz\u00e1l m\u00e1 podobn\u00fd profil ako Jamesov spoluhr\u00e1\u010d z Kolumbie, Falcao. A s jeho kvalitami v zakon\u010den\u00ed m\u00f4\u017ee ve\u013emi r\u00fdchlo za\u010da\u0165 \u00fato\u010di\u0165 na korunku kr\u00e1\u013ea strelcov, ak zu\u017eitkuje v\u0161etok servis, ktor\u00fd Rodr\u00edguez (druh\u00fd najlep\u0161\u00ed strelec Kolumbie) dok\u00e1\u017ee z ka\u017edej poz\u00edcie pon\u00faknu\u0165. A napokon, mo\u017eno ho tak\u00e9to men\u00e1 presved\u010dia zotrva\u0165 v modr\u00fdch farb\u00e1ch dlh\u0161ie, <a href=\"https:\/\/evertonfc.cz\/index.php\/2020\/07\/31\/richarlison-vydrzim-dalsiu-sezonu\/\" target=\"_blank\" rel=\"noopener noreferrer\">ne\u017e s\u00e1m avizuje.<\/a><\/p>\n<h4><strong>Schopnosti a\u00a0vyu\u017eitie na ihrisku<\/strong><\/h4>\n<p>180 centimetrov vysok\u00fd ofenz\u00edvny z\u00e1lo\u017en\u00edk (preferovan\u00e1 poz\u00edcia), alebo kr\u00eddlo, disponuje mnoh\u00fdmi kvalitami. Medzi najv\u00e4\u010d\u0161ie patria technika s\u00a0loptou, predv\u00eddanie a\u00a0tvorba hry. Je \u013eav\u00e1k a\u00a0dok\u00e1\u017ee zahra\u0165 aj stredn\u00e9ho z\u00e1lo\u017en\u00edka vo form\u00e1cii 4-4-2. Takto hlb\u0161ie ho vyu\u017e\u00edvali v\u00a0Bayerne a reprezent\u00e1cii, ke\u010f \u010dasto nabiehal do pokutov\u00e9ho \u00fazemia, \u010di sa pohyboval okolo neho ako prekvapiv\u00fd prvok.<\/p>\n<blockquote><p><em>\u201ePri\u0161iel som sem, aby som sa zdokonalil a zlep\u0161il. Tie\u017e aby som pomohol t\u00edmu vyhr\u00e1va\u0165 a predv\u00e1dza\u0165 dobr\u00fd, atrakt\u00edvny futbal.\u201c<\/em><\/p><\/blockquote>\n<p>Jeho videnie priestoru je podobn\u00e9 ak\u00e9 preukazoval Michael Laudrup. A Carlos Valderrama ho dokonca op\u00edsal ako svojho n\u00e1stupcu. Pri driblingu pou\u017e\u00edva obe nohy, \u010do ho rob\u00ed v\u00a0nebezpe\u010dn\u00fdch situ\u00e1ci\u00e1ch nepredv\u00eddate\u013en\u00fdm. Nehovoriac o\u00a0kvalite a\u00a0presnosti jeho priamych kopov, \u010di stre\u013ebe v\u0161eobecne odkia\u013eko\u013evek na ihrisku.<\/p>\n<h4><strong>\u010eal\u0161\u00ed dosah<\/strong><\/h4>\n<p>Podpis Jamesa jednozna\u010dne ur\u00fdchli pl\u00e1ny medzin\u00e1rodn\u00e9ho rastu Evertonu. Mimo Brit\u00e1nie sa u\u017e klub zameriava na Ju\u017en\u00fa a najm\u00e4 Severn\u00fa Ameriku. Doteraz zaznamenan\u00fd rast v USA a Ju\u017enej Amerike je kombin\u00e1ciou s\u00fa\u010dasnej a b\u00fdvalej hr\u00e1\u010dskej \u010dinnosti, ofici\u00e1lneho \u010dlenstva a\u00a0zvy\u0161uj\u00faceho sa po\u010dtu fanklubov.<\/p>\n<p>James m\u00e1 na soci\u00e1lnych sie\u0165ach z\u00e1klad\u0148u fan\u00fa\u0161ikov bl\u00ed\u017eiacich sa 100 mili\u00f3nom. Rad\u00ed sa preto k \u00f4smej najv\u00e4\u010d\u0161ej hviezde soci\u00e1lnych m\u00e9di\u00ed zo v\u0161etk\u00fdch \u0161portovcov na svete. Everton je pripraven\u00fd na to, aby sa pok\u00fasil z\u00faro\u010di\u0165 Jamesov podpis prostredn\u00edctvom \u0161tartovac\u00edch aktiv\u00edt. Pomocou tamoj\u0161\u00edch m\u00e9di\u00ed a r\u00f4znych akcii v Bogote v Kolumbii, v Miami na Floride, a tie\u017e lep\u0161ou distrib\u00faciou klubov\u00e9ho tovaru prostredn\u00edctvom partnerstva s Fanatics.<\/p>\n<blockquote><p><em>\u201eTe\u0161\u00edm sa, ako tu nie\u010dom dosiahnem \u2013 vyhr\u00e1va\u0165 trofeje, to je tu ka\u017ed\u00e9ho cie\u013eom.\u201c<\/em><\/p><\/blockquote>\n<p style=\"text-align: right;\"><span style=\"font-size: 8pt;\">(fotozdroj: Everton FC)<\/span><\/p>\n","protected":false},"excerpt":{"rendered":"<p>O\u010dak\u00e1van\u00e9 sa stalo po p\u00e1r nerv\u00f3znych d\u0148och skuto\u010dnos\u0165ou. Kolumbijsk\u00e1 hviezda z Realu Madrid podp\u00edsala dvojro\u010dn\u00fd kontrakt s opciou na tret\u00ed. Spln\u00ed o\u010dak\u00e1vania?<\/p>\n","protected":false},"author":1,"featured_media":11891,"comment_status":"open","ping_status":"closed","sticky":false,"template":"","format":"standard","meta":{"_eb_attr":"","_monsterinsights_skip_tracking":false,"_monsterinsights_sitenote_active":false,"_monsterinsights_sitenote_note":"","_monsterinsights_sitenote_category":0,"footnotes":""},"categories":[41],"tags":[],"yoast_head":"<!-- This site is optimized with the Yoast SEO plugin v23.4 - https:\/\/yoast.com\/wordpress\/plugins\/seo\/ -->\n<title>Everton pril\u00e1kal Superstar! - Official Czech &amp; Slovak Everton Supporters&#039; Club<\/title>\n<meta name=\"robots\" content=\"index, follow, max-snippet:-1, max-image-preview:large, max-video-preview:-1\" \/>\n<link rel=\"canonical\" href=\"https:\/\/evertonfc.cz\/index.php\/2020\/09\/07\/everton-prilakal-superstar\/\" \/>\n<meta property=\"og:locale\" content=\"cs_CZ\" \/>\n<meta property=\"og:type\" content=\"article\" \/>\n<meta property=\"og:title\" content=\"Everton pril\u00e1kal Superstar! - Official Czech &amp; Slovak Everton Supporters&#039; Club\" \/>\n<meta property=\"og:description\" content=\"O\u010dak\u00e1van\u00e9 sa stalo po p\u00e1r nerv\u00f3znych d\u0148och skuto\u010dnos\u0165ou. Kolumbijsk\u00e1 hviezda z Realu Madrid podp\u00edsala dvojro\u010dn\u00fd kontrakt s opciou na tret\u00ed. Spln\u00ed o\u010dak\u00e1vania?\" \/>\n<meta property=\"og:url\" content=\"https:\/\/evertonfc.cz\/index.php\/2020\/09\/07\/everton-prilakal-superstar\/\" \/>\n<meta property=\"og:site_name\" content=\"Official Czech &amp; Slovak Everton Supporters&#039; Club\" \/>\n<meta property=\"article:publisher\" content=\"https:\/\/www.facebook.com\/everton.fans.cz.sk\" \/>\n<meta property=\"article:published_time\" content=\"2020-09-07T19:24:16+00:00\" \/>\n<meta property=\"article:modified_time\" content=\"2020-09-09T08:23:59+00:00\" \/>\n<meta property=\"og:image\" content=\"https:\/\/evertonfc.cz\/wp-content\/uploads\/2020\/09\/James-Rodriguez-07-09-2020.jpg\" \/>\n\t<meta property=\"og:image:width\" content=\"720\" \/>\n\t<meta property=\"og:image:height\" content=\"405\" \/>\n\t<meta property=\"og:image:type\" content=\"image\/jpeg\" \/>\n<meta name=\"author\" content=\"BlueBlooded\" \/>\n<meta name=\"twitter:card\" content=\"summary_large_image\" \/>\n<meta name=\"twitter:label1\" content=\"Napsal(a)\" \/>\n\t<meta name=\"twitter:data1\" content=\"BlueBlooded\" \/>\n\t<meta name=\"twitter:label2\" content=\"Odhadovan\u00e1 doba \u010dten\u00ed\" \/>\n\t<meta name=\"twitter:data2\" content=\"6 minut\" \/>\n<script type=\"application\/ld+json\" class=\"yoast-schema-graph\">{\"@context\":\"https:\/\/schema.org\",\"@graph\":[{\"@type\":\"Article\",\"@id\":\"https:\/\/evertonfc.cz\/index.php\/2020\/09\/07\/everton-prilakal-superstar\/#article\",\"isPartOf\":{\"@id\":\"https:\/\/evertonfc.cz\/index.php\/2020\/09\/07\/everton-prilakal-superstar\/\"},\"author\":{\"name\":\"BlueBlooded\",\"@id\":\"https:\/\/evertonfc.cz\/#\/schema\/person\/d4493b8cbea51532597fbc4685698916\"},\"headline\":\"Everton pril\u00e1kal Superstar!\",\"datePublished\":\"2020-09-07T19:24:16+00:00\",\"dateModified\":\"2020-09-09T08:23:59+00:00\",\"mainEntityOfPage\":{\"@id\":\"https:\/\/evertonfc.cz\/index.php\/2020\/09\/07\/everton-prilakal-superstar\/\"},\"wordCount\":1160,\"commentCount\":20,\"publisher\":{\"@id\":\"https:\/\/evertonfc.cz\/#organization\"},\"image\":{\"@id\":\"https:\/\/evertonfc.cz\/index.php\/2020\/09\/07\/everton-prilakal-superstar\/#primaryimage\"},\"thumbnailUrl\":\"https:\/\/evertonfc.cz\/wp-content\/uploads\/2020\/09\/James-Rodriguez-07-09-2020.jpg\",\"articleSection\":[\"P\u0159estupy\"],\"inLanguage\":\"cs\",\"potentialAction\":[{\"@type\":\"CommentAction\",\"name\":\"Comment\",\"target\":[\"https:\/\/evertonfc.cz\/index.php\/2020\/09\/07\/everton-prilakal-superstar\/#respond\"]}]},{\"@type\":\"WebPage\",\"@id\":\"https:\/\/evertonfc.cz\/index.php\/2020\/09\/07\/everton-prilakal-superstar\/\",\"url\":\"https:\/\/evertonfc.cz\/index.php\/2020\/09\/07\/everton-prilakal-superstar\/\",\"name\":\"Everton pril\u00e1kal Superstar! - Official Czech &amp; Slovak Everton Supporters&#039; Club\",\"isPartOf\":{\"@id\":\"https:\/\/evertonfc.cz\/#website\"},\"primaryImageOfPage\":{\"@id\":\"https:\/\/evertonfc.cz\/index.php\/2020\/09\/07\/everton-prilakal-superstar\/#primaryimage\"},\"image\":{\"@id\":\"https:\/\/evertonfc.cz\/index.php\/2020\/09\/07\/everton-prilakal-superstar\/#primaryimage\"},\"thumbnailUrl\":\"https:\/\/evertonfc.cz\/wp-content\/uploads\/2020\/09\/James-Rodriguez-07-09-2020.jpg\",\"datePublished\":\"2020-09-07T19:24:16+00:00\",\"dateModified\":\"2020-09-09T08:23:59+00:00\",\"breadcrumb\":{\"@id\":\"https:\/\/evertonfc.cz\/index.php\/2020\/09\/07\/everton-prilakal-superstar\/#breadcrumb\"},\"inLanguage\":\"cs\",\"potentialAction\":[{\"@type\":\"ReadAction\",\"target\":[\"https:\/\/evertonfc.cz\/index.php\/2020\/09\/07\/everton-prilakal-superstar\/\"]}]},{\"@type\":\"ImageObject\",\"inLanguage\":\"cs\",\"@id\":\"https:\/\/evertonfc.cz\/index.php\/2020\/09\/07\/everton-prilakal-superstar\/#primaryimage\",\"url\":\"https:\/\/evertonfc.cz\/wp-content\/uploads\/2020\/09\/James-Rodriguez-07-09-2020.jpg\",\"contentUrl\":\"https:\/\/evertonfc.cz\/wp-content\/uploads\/2020\/09\/James-Rodriguez-07-09-2020.jpg\",\"width\":720,\"height\":405},{\"@type\":\"BreadcrumbList\",\"@id\":\"https:\/\/evertonfc.cz\/index.php\/2020\/09\/07\/everton-prilakal-superstar\/#breadcrumb\",\"itemListElement\":[{\"@type\":\"ListItem\",\"position\":1,\"name\":\"Home\",\"item\":\"https:\/\/evertonfc.cz\/\"},{\"@type\":\"ListItem\",\"position\":2,\"name\":\"Everton pril\u00e1kal Superstar!\"}]},{\"@type\":\"WebSite\",\"@id\":\"https:\/\/evertonfc.cz\/#website\",\"url\":\"https:\/\/evertonfc.cz\/\",\"name\":\"Official Czech &amp; Slovak Everton Supporters&#039; Club\",\"description\":\"\",\"publisher\":{\"@id\":\"https:\/\/evertonfc.cz\/#organization\"},\"potentialAction\":[{\"@type\":\"SearchAction\",\"target\":{\"@type\":\"EntryPoint\",\"urlTemplate\":\"https:\/\/evertonfc.cz\/?s={search_term_string}\"},\"query-input\":{\"@type\":\"PropertyValueSpecification\",\"valueRequired\":true,\"valueName\":\"search_term_string\"}}],\"inLanguage\":\"cs\"},{\"@type\":\"Organization\",\"@id\":\"https:\/\/evertonfc.cz\/#organization\",\"name\":\"Official Czech & Slovak Everton Supporters' Club\",\"url\":\"https:\/\/evertonfc.cz\/\",\"logo\":{\"@type\":\"ImageObject\",\"inLanguage\":\"cs\",\"@id\":\"https:\/\/evertonfc.cz\/#\/schema\/logo\/image\/\",\"url\":\"https:\/\/evertonfc.cz\/wp-content\/uploads\/2019\/05\/logo.png\",\"contentUrl\":\"https:\/\/evertonfc.cz\/wp-content\/uploads\/2019\/05\/logo.png\",\"width\":112,\"height\":112,\"caption\":\"Official Czech & Slovak Everton Supporters' Club\"},\"image\":{\"@id\":\"https:\/\/evertonfc.cz\/#\/schema\/logo\/image\/\"},\"sameAs\":[\"https:\/\/www.facebook.com\/everton.fans.cz.sk\"]},{\"@type\":\"Person\",\"@id\":\"https:\/\/evertonfc.cz\/#\/schema\/person\/d4493b8cbea51532597fbc4685698916\",\"name\":\"BlueBlooded\",\"url\":\"https:\/\/evertonfc.cz\/index.php\/author\/admin\/\"}]}<\/script>\n<!-- \/ Yoast SEO plugin. -->","yoast_head_json":{"title":"Everton pril\u00e1kal Superstar! - Official Czech &amp; Slovak Everton Supporters&#039; Club","robots":{"index":"index","follow":"follow","max-snippet":"max-snippet:-1","max-image-preview":"max-image-preview:large","max-video-preview":"max-video-preview:-1"},"canonical":"https:\/\/evertonfc.cz\/index.php\/2020\/09\/07\/everton-prilakal-superstar\/","og_locale":"cs_CZ","og_type":"article","og_title":"Everton pril\u00e1kal Superstar! - Official Czech &amp; Slovak Everton Supporters&#039; Club","og_description":"O\u010dak\u00e1van\u00e9 sa stalo po p\u00e1r nerv\u00f3znych d\u0148och skuto\u010dnos\u0165ou. Kolumbijsk\u00e1 hviezda z Realu Madrid podp\u00edsala dvojro\u010dn\u00fd kontrakt s opciou na tret\u00ed. Spln\u00ed o\u010dak\u00e1vania?","og_url":"https:\/\/evertonfc.cz\/index.php\/2020\/09\/07\/everton-prilakal-superstar\/","og_site_name":"Official Czech &amp; Slovak Everton Supporters&#039; Club","article_publisher":"https:\/\/www.facebook.com\/everton.fans.cz.sk","article_published_time":"2020-09-07T19:24:16+00:00","article_modified_time":"2020-09-09T08:23:59+00:00","og_image":[{"width":720,"height":405,"url":"https:\/\/evertonfc.cz\/wp-content\/uploads\/2020\/09\/James-Rodriguez-07-09-2020.jpg","type":"image\/jpeg"}],"author":"BlueBlooded","twitter_card":"summary_large_image","twitter_misc":{"Napsal(a)":"BlueBlooded","Odhadovan\u00e1 doba \u010dten\u00ed":"6 minut"},"schema":{"@context":"https:\/\/schema.org","@graph":[{"@type":"Article","@id":"https:\/\/evertonfc.cz\/index.php\/2020\/09\/07\/everton-prilakal-superstar\/#article","isPartOf":{"@id":"https:\/\/evertonfc.cz\/index.php\/2020\/09\/07\/everton-prilakal-superstar\/"},"author":{"name":"BlueBlooded","@id":"https:\/\/evertonfc.cz\/#\/schema\/person\/d4493b8cbea51532597fbc4685698916"},"headline":"Everton pril\u00e1kal Superstar!","datePublished":"2020-09-07T19:24:16+00:00","dateModified":"2020-09-09T08:23:59+00:00","mainEntityOfPage":{"@id":"https:\/\/evertonfc.cz\/index.php\/2020\/09\/07\/everton-prilakal-superstar\/"},"wordCount":1160,"commentCount":20,"publisher":{"@id":"https:\/\/evertonfc.cz\/#organization"},"image":{"@id":"https:\/\/evertonfc.cz\/index.php\/2020\/09\/07\/everton-prilakal-superstar\/#primaryimage"},"thumbnailUrl":"https:\/\/evertonfc.cz\/wp-content\/uploads\/2020\/09\/James-Rodriguez-07-09-2020.jpg","articleSection":["P\u0159estupy"],"inLanguage":"cs","potentialAction":[{"@type":"CommentAction","name":"Comment","target":["https:\/\/evertonfc.cz\/index.php\/2020\/09\/07\/everton-prilakal-superstar\/#respond"]}]},{"@type":"WebPage","@id":"https:\/\/evertonfc.cz\/index.php\/2020\/09\/07\/everton-prilakal-superstar\/","url":"https:\/\/evertonfc.cz\/index.php\/2020\/09\/07\/everton-prilakal-superstar\/","name":"Everton pril\u00e1kal Superstar! - Official Czech &amp; Slovak Everton Supporters&#039; Club","isPartOf":{"@id":"https:\/\/evertonfc.cz\/#website"},"primaryImageOfPage":{"@id":"https:\/\/evertonfc.cz\/index.php\/2020\/09\/07\/everton-prilakal-superstar\/#primaryimage"},"image":{"@id":"https:\/\/evertonfc.cz\/index.php\/2020\/09\/07\/everton-prilakal-superstar\/#primaryimage"},"thumbnailUrl":"https:\/\/evertonfc.cz\/wp-content\/uploads\/2020\/09\/James-Rodriguez-07-09-2020.jpg","datePublished":"2020-09-07T19:24:16+00:00","dateModified":"2020-09-09T08:23:59+00:00","breadcrumb":{"@id":"https:\/\/evertonfc.cz\/index.php\/2020\/09\/07\/everton-prilakal-superstar\/#breadcrumb"},"inLanguage":"cs","potentialAction":[{"@type":"ReadAction","target":["https:\/\/evertonfc.cz\/index.php\/2020\/09\/07\/everton-prilakal-superstar\/"]}]},{"@type":"ImageObject","inLanguage":"cs","@id":"https:\/\/evertonfc.cz\/index.php\/2020\/09\/07\/everton-prilakal-superstar\/#primaryimage","url":"https:\/\/evertonfc.cz\/wp-content\/uploads\/2020\/09\/James-Rodriguez-07-09-2020.jpg","contentUrl":"https:\/\/evertonfc.cz\/wp-content\/uploads\/2020\/09\/James-Rodriguez-07-09-2020.jpg","width":720,"height":405},{"@type":"BreadcrumbList","@id":"https:\/\/evertonfc.cz\/index.php\/2020\/09\/07\/everton-prilakal-superstar\/#breadcrumb","itemListElement":[{"@type":"ListItem","position":1,"name":"Home","item":"https:\/\/evertonfc.cz\/"},{"@type":"ListItem","position":2,"name":"Everton pril\u00e1kal Superstar!"}]},{"@type":"WebSite","@id":"https:\/\/evertonfc.cz\/#website","url":"https:\/\/evertonfc.cz\/","name":"Official Czech &amp; Slovak Everton Supporters&#039; Club","description":"","publisher":{"@id":"https:\/\/evertonfc.cz\/#organization"},"potentialAction":[{"@type":"SearchAction","target":{"@type":"EntryPoint","urlTemplate":"https:\/\/evertonfc.cz\/?s={search_term_string}"},"query-input":{"@type":"PropertyValueSpecification","valueRequired":true,"valueName":"search_term_string"}}],"inLanguage":"cs"},{"@type":"Organization","@id":"https:\/\/evertonfc.cz\/#organization","name":"Official Czech & Slovak Everton Supporters' Club","url":"https:\/\/evertonfc.cz\/","logo":{"@type":"ImageObject","inLanguage":"cs","@id":"https:\/\/evertonfc.cz\/#\/schema\/logo\/image\/","url":"https:\/\/evertonfc.cz\/wp-content\/uploads\/2019\/05\/logo.png","contentUrl":"https:\/\/evertonfc.cz\/wp-content\/uploads\/2019\/05\/logo.png","width":112,"height":112,"caption":"Official Czech & Slovak Everton Supporters' Club"},"image":{"@id":"https:\/\/evertonfc.cz\/#\/schema\/logo\/image\/"},"sameAs":["https:\/\/www.facebook.com\/everton.fans.cz.sk"]},{"@type":"Person","@id":"https:\/\/evertonfc.cz\/#\/schema\/person\/d4493b8cbea51532597fbc4685698916","name":"BlueBlooded","url":"https:\/\/evertonfc.cz\/index.php\/author\/admin\/"}]}},"_links":{"self":[{"href":"https:\/\/evertonfc.cz\/index.php\/wp-json\/wp\/v2\/posts\/11890"}],"collection":[{"href":"https:\/\/evertonfc.cz\/index.php\/wp-json\/wp\/v2\/posts"}],"about":[{"href":"https:\/\/evertonfc.cz\/index.php\/wp-json\/wp\/v2\/types\/post"}],"author":[{"embeddable":true,"href":"https:\/\/evertonfc.cz\/index.php\/wp-json\/wp\/v2\/users\/1"}],"replies":[{"embeddable":true,"href":"https:\/\/evertonfc.cz\/index.php\/wp-json\/wp\/v2\/comments?post=11890"}],"version-history":[{"count":15,"href":"https:\/\/evertonfc.cz\/index.php\/wp-json\/wp\/v2\/posts\/11890\/revisions"}],"predecessor-version":[{"id":11930,"href":"https:\/\/evertonfc.cz\/index.php\/wp-json\/wp\/v2\/posts\/11890\/revisions\/11930"}],"wp:featuredmedia":[{"embeddable":true,"href":"https:\/\/evertonfc.cz\/index.php\/wp-json\/wp\/v2\/media\/11891"}],"wp:attachment":[{"href":"https:\/\/evertonfc.cz\/index.php\/wp-json\/wp\/v2\/media?parent=11890"}],"wp:term":[{"taxonomy":"category","embeddable":true,"href":"https:\/\/evertonfc.cz\/index.php\/wp-json\/wp\/v2\/categories?post=11890"},{"taxonomy":"post_tag","embeddable":true,"href":"https:\/\/evertonfc.cz\/index.php\/wp-json\/wp\/v2\/tags?post=11890"}],"curies":[{"name":"wp","href":"https:\/\/api.w.org\/{rel}","templated":true}]}}