{"id":11909,"date":"2020-09-08T20:07:18","date_gmt":"2020-09-08T18:07:18","guid":{"rendered":"https:\/\/evertonfc.cz\/?p=11909"},"modified":"2021-02-08T08:28:19","modified_gmt":"2021-02-08T07:28:19","slug":"numero-trois-abdoulaye-doucoure","status":"publish","type":"post","link":"https:\/\/evertonfc.cz\/index.php\/2020\/09\/08\/numero-trois-abdoulaye-doucoure\/","title":{"rendered":"Num\u00e9ro trois: Abdoulaye Doucour\u00e9"},"content":{"rendered":"<h4>Revoluce st\u0159edn\u00ed z\u00e1lohy Toffees je zavr\u0161ena, nov\u00fdm \u010d\u00edslem 16 se stala francouzsk\u00e1 posila ze sestoupiv\u0161\u00edho Watfordu.<\/h4>\n<p>Nedostate\u010dn\u011b kvalitn\u00ed st\u0159ed pole Evertonu nebyl v minul\u00e9 sez\u00f3n\u011b \u017e\u00e1dn\u00fdm tajemstv\u00edm, na druhou stranu tak v\u00fdrazn\u00e9 pos\u00edlen\u00ed jedn\u00e9ho \u00faseku sestavy se p\u0159\u00edli\u0161 ne\u010dekalo. Po defenzivn\u00edm st\u0159edopola\u0159i Allanovi, ofenzivn\u011bj\u0161\u00edm Jamesovi p\u0159ich\u00e1z\u00ed box-to-box z\u00e1lo\u017en\u00edk Abdoulaye Doucour\u00e9. Tah na br\u00e1nu, v\u00fdbu\u0161nost, zdrav\u00e1 agresivita a v\u0161estrannost &#8211; to jsou vlastnosti, je\u017e zdob\u00ed 27let\u00e9ho u\u017e b\u00fdval\u00e9ho sr\u0161n\u011b.<\/p>\n<p>Doucour\u00e9ho cht\u011bl do Evertonu p\u0159iv\u00e9st u\u017e loni tehdej\u0161\u00ed mana\u017eer Marco Silva, Watford ale o prodeji sv\u00e9 opory nehodlal diskutovat, dokonce i odm\u00edtl n\u011bkolik nab\u00eddek Evertonu, z nich\u017e nejvy\u0161\u0161\u00ed dosahovala 37 milion\u016f liber. Nyn\u00ed po roce Toffees podle neofici\u00e1ln\u00edch zdroj\u016f po\u0161lou na Vicarage Road jen 20 milion\u016f liber.<\/p>\n<p>Doucour\u00e9 podepsal na Goodison Parku smlouvu na t\u0159i roky, v dohod\u011b je ale zahrnuta opce i na \u010dtvrt\u00fd rok spolupr\u00e1ce. Po zkompletov\u00e1n\u00ed p\u0159estupu neskr\u00fdval radost: <em>\u201e\u010cekal jsem dlouho, ne\u017e se stanu hr\u00e1\u010dem Evertonu. M\u011bl jsem i p\u00e1r jin\u00fdch nab\u00eddek, Everton byl ale moj\u00ed jedinou volbou.\u201c<\/em><\/p>\n<p>Doucour\u00e9 nakoukl do profesion\u00e1ln\u00edho fotbalu v dresu francouzsk\u00e9ho Rennes, v prvn\u00ed lize debutoval jako dvacetilet\u00fd na ja\u0159e 2013. Po t\u0159ech letech postupn\u00e9ho progresu si ho vyhl\u00e9dl anglick\u00fd Watford, kam p\u0159estoupil v zim\u011b 2016. N\u00e1sleduj\u00edc\u00ed p\u016flrok ale je\u0161t\u011b str\u00e1vil na hostov\u00e1n\u00ed ve sp\u0159\u00e1telen\u00e9 Granad\u011b.<\/p>\n<p>Po kr\u00e1tk\u00e9 anab\u00e1zi ve \u0160pan\u011blsku se za\u010dal prosazovat v Premier League. Brzy se vypracoval mezi tahouny Hornets a jeho dal\u0161\u00ed kari\u00e9rn\u00ed posun byl na spadnut\u00ed. Kdy\u017e to nevy\u0161lo v l\u00e9t\u011b 2019, poda\u0159ilo se o rok pozd\u011bji. Za Watford odehr\u00e1l 141 sout\u011b\u017en\u00edch z\u00e1pas\u016f, ve kter\u00fdch vst\u0159elil 17 branek a p\u0159ipsal si 12 asistenc\u00ed.<\/p>\n","protected":false},"excerpt":{"rendered":"<p>Revoluce st\u0159edn\u00ed z\u00e1lohy Toffees je zavr\u0161ena, nov\u00fdm \u010d\u00edslem 16 se stala francouzsk\u00e1 posila ze sestoupiv\u0161\u00edho Watfordu.<\/p>\n","protected":false},"author":6,"featured_media":11908,"comment_status":"open","ping_status":"closed","sticky":false,"template":"","format":"standard","meta":{"_eb_attr":"","_monsterinsights_skip_tracking":false,"_monsterinsights_sitenote_active":false,"_monsterinsights_sitenote_note":"","_monsterinsights_sitenote_category":0,"footnotes":""},"categories":[41],"tags":[],"yoast_head":"<!-- This site is optimized with the Yoast SEO plugin v23.4 - https:\/\/yoast.com\/wordpress\/plugins\/seo\/ -->\n<title>Num\u00e9ro trois: Abdoulaye Doucour\u00e9 - Official Czech &amp; Slovak Everton Supporters&#039; Club<\/title>\n<meta name=\"description\" content=\"Revoluce st\u0159edn\u00ed z\u00e1lohy Toffees je zavr\u0161ena, nov\u00fdm \u010d\u00edslem 16 se stala francouzsk\u00e1 posila ze sestoupiv\u0161\u00edho Watfordu.\" \/>\n<meta name=\"robots\" content=\"index, follow, max-snippet:-1, max-image-preview:large, max-video-preview:-1\" \/>\n<link rel=\"canonical\" href=\"https:\/\/evertonfc.cz\/index.php\/2020\/09\/08\/numero-trois-abdoulaye-doucoure\/\" \/>\n<meta property=\"og:locale\" content=\"cs_CZ\" \/>\n<meta property=\"og:type\" content=\"article\" \/>\n<meta property=\"og:title\" content=\"Num\u00e9ro trois: Abdoulaye Doucour\u00e9 - Official Czech &amp; Slovak Everton Supporters&#039; Club\" \/>\n<meta property=\"og:description\" content=\"Revoluce st\u0159edn\u00ed z\u00e1lohy Toffees je zavr\u0161ena, nov\u00fdm \u010d\u00edslem 16 se stala francouzsk\u00e1 posila ze sestoupiv\u0161\u00edho Watfordu.\" \/>\n<meta property=\"og:url\" content=\"https:\/\/evertonfc.cz\/index.php\/2020\/09\/08\/numero-trois-abdoulaye-doucoure\/\" \/>\n<meta property=\"og:site_name\" content=\"Official Czech &amp; Slovak Everton Supporters&#039; Club\" \/>\n<meta property=\"article:publisher\" content=\"https:\/\/www.facebook.com\/everton.fans.cz.sk\" \/>\n<meta property=\"article:published_time\" content=\"2020-09-08T18:07:18+00:00\" \/>\n<meta property=\"article:modified_time\" content=\"2021-02-08T07:28:19+00:00\" \/>\n<meta property=\"og:image\" content=\"https:\/\/evertonfc.cz\/wp-content\/uploads\/2020\/09\/doucoure_8_9_2020.jpg\" \/>\n\t<meta property=\"og:image:width\" content=\"720\" \/>\n\t<meta property=\"og:image:height\" content=\"405\" \/>\n\t<meta property=\"og:image:type\" content=\"image\/jpeg\" \/>\n<meta name=\"author\" content=\"Ri\u010di\" \/>\n<meta name=\"twitter:card\" content=\"summary_large_image\" \/>\n<meta name=\"twitter:creator\" content=\"@rbrejsa\" \/>\n<meta name=\"twitter:label1\" content=\"Napsal(a)\" \/>\n\t<meta name=\"twitter:data1\" content=\"Ri\u010di\" \/>\n\t<meta name=\"twitter:label2\" content=\"Odhadovan\u00e1 doba \u010dten\u00ed\" \/>\n\t<meta name=\"twitter:data2\" content=\"2 minuty\" \/>\n<script type=\"application\/ld+json\" class=\"yoast-schema-graph\">{\"@context\":\"https:\/\/schema.org\",\"@graph\":[{\"@type\":\"Article\",\"@id\":\"https:\/\/evertonfc.cz\/index.php\/2020\/09\/08\/numero-trois-abdoulaye-doucoure\/#article\",\"isPartOf\":{\"@id\":\"https:\/\/evertonfc.cz\/index.php\/2020\/09\/08\/numero-trois-abdoulaye-doucoure\/\"},\"author\":{\"name\":\"Ri\u010di\",\"@id\":\"https:\/\/evertonfc.cz\/#\/schema\/person\/f7a5daedb2ffee98480bc70e191aaef1\"},\"headline\":\"Num\u00e9ro trois: Abdoulaye Doucour\u00e9\",\"datePublished\":\"2020-09-08T18:07:18+00:00\",\"dateModified\":\"2021-02-08T07:28:19+00:00\",\"mainEntityOfPage\":{\"@id\":\"https:\/\/evertonfc.cz\/index.php\/2020\/09\/08\/numero-trois-abdoulaye-doucoure\/\"},\"wordCount\":336,\"commentCount\":4,\"publisher\":{\"@id\":\"https:\/\/evertonfc.cz\/#organization\"},\"image\":{\"@id\":\"https:\/\/evertonfc.cz\/index.php\/2020\/09\/08\/numero-trois-abdoulaye-doucoure\/#primaryimage\"},\"thumbnailUrl\":\"https:\/\/evertonfc.cz\/wp-content\/uploads\/2020\/09\/doucoure_8_9_2020.jpg\",\"articleSection\":[\"P\u0159estupy\"],\"inLanguage\":\"cs\",\"potentialAction\":[{\"@type\":\"CommentAction\",\"name\":\"Comment\",\"target\":[\"https:\/\/evertonfc.cz\/index.php\/2020\/09\/08\/numero-trois-abdoulaye-doucoure\/#respond\"]}]},{\"@type\":\"WebPage\",\"@id\":\"https:\/\/evertonfc.cz\/index.php\/2020\/09\/08\/numero-trois-abdoulaye-doucoure\/\",\"url\":\"https:\/\/evertonfc.cz\/index.php\/2020\/09\/08\/numero-trois-abdoulaye-doucoure\/\",\"name\":\"Num\u00e9ro trois: Abdoulaye Doucour\u00e9 - Official Czech &amp; Slovak Everton Supporters&#039; Club\",\"isPartOf\":{\"@id\":\"https:\/\/evertonfc.cz\/#website\"},\"primaryImageOfPage\":{\"@id\":\"https:\/\/evertonfc.cz\/index.php\/2020\/09\/08\/numero-trois-abdoulaye-doucoure\/#primaryimage\"},\"image\":{\"@id\":\"https:\/\/evertonfc.cz\/index.php\/2020\/09\/08\/numero-trois-abdoulaye-doucoure\/#primaryimage\"},\"thumbnailUrl\":\"https:\/\/evertonfc.cz\/wp-content\/uploads\/2020\/09\/doucoure_8_9_2020.jpg\",\"datePublished\":\"2020-09-08T18:07:18+00:00\",\"dateModified\":\"2021-02-08T07:28:19+00:00\",\"description\":\"Revoluce st\u0159edn\u00ed z\u00e1lohy Toffees je zavr\u0161ena, nov\u00fdm \u010d\u00edslem 16 se stala francouzsk\u00e1 posila ze sestoupiv\u0161\u00edho Watfordu.\",\"breadcrumb\":{\"@id\":\"https:\/\/evertonfc.cz\/index.php\/2020\/09\/08\/numero-trois-abdoulaye-doucoure\/#breadcrumb\"},\"inLanguage\":\"cs\",\"potentialAction\":[{\"@type\":\"ReadAction\",\"target\":[\"https:\/\/evertonfc.cz\/index.php\/2020\/09\/08\/numero-trois-abdoulaye-doucoure\/\"]}]},{\"@type\":\"ImageObject\",\"inLanguage\":\"cs\",\"@id\":\"https:\/\/evertonfc.cz\/index.php\/2020\/09\/08\/numero-trois-abdoulaye-doucoure\/#primaryimage\",\"url\":\"https:\/\/evertonfc.cz\/wp-content\/uploads\/2020\/09\/doucoure_8_9_2020.jpg\",\"contentUrl\":\"https:\/\/evertonfc.cz\/wp-content\/uploads\/2020\/09\/doucoure_8_9_2020.jpg\",\"width\":720,\"height\":405},{\"@type\":\"BreadcrumbList\",\"@id\":\"https:\/\/evertonfc.cz\/index.php\/2020\/09\/08\/numero-trois-abdoulaye-doucoure\/#breadcrumb\",\"itemListElement\":[{\"@type\":\"ListItem\",\"position\":1,\"name\":\"Home\",\"item\":\"https:\/\/evertonfc.cz\/\"},{\"@type\":\"ListItem\",\"position\":2,\"name\":\"Num\u00e9ro trois: Abdoulaye Doucour\u00e9\"}]},{\"@type\":\"WebSite\",\"@id\":\"https:\/\/evertonfc.cz\/#website\",\"url\":\"https:\/\/evertonfc.cz\/\",\"name\":\"Official Czech &amp; Slovak Everton Supporters&#039; Club\",\"description\":\"\",\"publisher\":{\"@id\":\"https:\/\/evertonfc.cz\/#organization\"},\"potentialAction\":[{\"@type\":\"SearchAction\",\"target\":{\"@type\":\"EntryPoint\",\"urlTemplate\":\"https:\/\/evertonfc.cz\/?s={search_term_string}\"},\"query-input\":{\"@type\":\"PropertyValueSpecification\",\"valueRequired\":true,\"valueName\":\"search_term_string\"}}],\"inLanguage\":\"cs\"},{\"@type\":\"Organization\",\"@id\":\"https:\/\/evertonfc.cz\/#organization\",\"name\":\"Official Czech & Slovak Everton Supporters' Club\",\"url\":\"https:\/\/evertonfc.cz\/\",\"logo\":{\"@type\":\"ImageObject\",\"inLanguage\":\"cs\",\"@id\":\"https:\/\/evertonfc.cz\/#\/schema\/logo\/image\/\",\"url\":\"https:\/\/evertonfc.cz\/wp-content\/uploads\/2019\/05\/logo.png\",\"contentUrl\":\"https:\/\/evertonfc.cz\/wp-content\/uploads\/2019\/05\/logo.png\",\"width\":112,\"height\":112,\"caption\":\"Official Czech & Slovak Everton Supporters' Club\"},\"image\":{\"@id\":\"https:\/\/evertonfc.cz\/#\/schema\/logo\/image\/\"},\"sameAs\":[\"https:\/\/www.facebook.com\/everton.fans.cz.sk\"]},{\"@type\":\"Person\",\"@id\":\"https:\/\/evertonfc.cz\/#\/schema\/person\/f7a5daedb2ffee98480bc70e191aaef1\",\"name\":\"Ri\u010di\",\"sameAs\":[\"https:\/\/x.com\/rbrejsa\"],\"url\":\"https:\/\/evertonfc.cz\/index.php\/author\/rici\/\"}]}<\/script>\n<!-- \/ Yoast SEO plugin. -->","yoast_head_json":{"title":"Num\u00e9ro trois: Abdoulaye Doucour\u00e9 - Official Czech &amp; Slovak Everton Supporters&#039; Club","description":"Revoluce st\u0159edn\u00ed z\u00e1lohy Toffees je zavr\u0161ena, nov\u00fdm \u010d\u00edslem 16 se stala francouzsk\u00e1 posila ze sestoupiv\u0161\u00edho Watfordu.","robots":{"index":"index","follow":"follow","max-snippet":"max-snippet:-1","max-image-preview":"max-image-preview:large","max-video-preview":"max-video-preview:-1"},"canonical":"https:\/\/evertonfc.cz\/index.php\/2020\/09\/08\/numero-trois-abdoulaye-doucoure\/","og_locale":"cs_CZ","og_type":"article","og_title":"Num\u00e9ro trois: Abdoulaye Doucour\u00e9 - Official Czech &amp; Slovak Everton Supporters&#039; Club","og_description":"Revoluce st\u0159edn\u00ed z\u00e1lohy Toffees je zavr\u0161ena, nov\u00fdm \u010d\u00edslem 16 se stala francouzsk\u00e1 posila ze sestoupiv\u0161\u00edho Watfordu.","og_url":"https:\/\/evertonfc.cz\/index.php\/2020\/09\/08\/numero-trois-abdoulaye-doucoure\/","og_site_name":"Official Czech &amp; Slovak Everton Supporters&#039; Club","article_publisher":"https:\/\/www.facebook.com\/everton.fans.cz.sk","article_published_time":"2020-09-08T18:07:18+00:00","article_modified_time":"2021-02-08T07:28:19+00:00","og_image":[{"width":720,"height":405,"url":"https:\/\/evertonfc.cz\/wp-content\/uploads\/2020\/09\/doucoure_8_9_2020.jpg","type":"image\/jpeg"}],"author":"Ri\u010di","twitter_card":"summary_large_image","twitter_creator":"@rbrejsa","twitter_misc":{"Napsal(a)":"Ri\u010di","Odhadovan\u00e1 doba \u010dten\u00ed":"2 minuty"},"schema":{"@context":"https:\/\/schema.org","@graph":[{"@type":"Article","@id":"https:\/\/evertonfc.cz\/index.php\/2020\/09\/08\/numero-trois-abdoulaye-doucoure\/#article","isPartOf":{"@id":"https:\/\/evertonfc.cz\/index.php\/2020\/09\/08\/numero-trois-abdoulaye-doucoure\/"},"author":{"name":"Ri\u010di","@id":"https:\/\/evertonfc.cz\/#\/schema\/person\/f7a5daedb2ffee98480bc70e191aaef1"},"headline":"Num\u00e9ro trois: Abdoulaye Doucour\u00e9","datePublished":"2020-09-08T18:07:18+00:00","dateModified":"2021-02-08T07:28:19+00:00","mainEntityOfPage":{"@id":"https:\/\/evertonfc.cz\/index.php\/2020\/09\/08\/numero-trois-abdoulaye-doucoure\/"},"wordCount":336,"commentCount":4,"publisher":{"@id":"https:\/\/evertonfc.cz\/#organization"},"image":{"@id":"https:\/\/evertonfc.cz\/index.php\/2020\/09\/08\/numero-trois-abdoulaye-doucoure\/#primaryimage"},"thumbnailUrl":"https:\/\/evertonfc.cz\/wp-content\/uploads\/2020\/09\/doucoure_8_9_2020.jpg","articleSection":["P\u0159estupy"],"inLanguage":"cs","potentialAction":[{"@type":"CommentAction","name":"Comment","target":["https:\/\/evertonfc.cz\/index.php\/2020\/09\/08\/numero-trois-abdoulaye-doucoure\/#respond"]}]},{"@type":"WebPage","@id":"https:\/\/evertonfc.cz\/index.php\/2020\/09\/08\/numero-trois-abdoulaye-doucoure\/","url":"https:\/\/evertonfc.cz\/index.php\/2020\/09\/08\/numero-trois-abdoulaye-doucoure\/","name":"Num\u00e9ro trois: Abdoulaye Doucour\u00e9 - Official Czech &amp; Slovak Everton Supporters&#039; Club","isPartOf":{"@id":"https:\/\/evertonfc.cz\/#website"},"primaryImageOfPage":{"@id":"https:\/\/evertonfc.cz\/index.php\/2020\/09\/08\/numero-trois-abdoulaye-doucoure\/#primaryimage"},"image":{"@id":"https:\/\/evertonfc.cz\/index.php\/2020\/09\/08\/numero-trois-abdoulaye-doucoure\/#primaryimage"},"thumbnailUrl":"https:\/\/evertonfc.cz\/wp-content\/uploads\/2020\/09\/doucoure_8_9_2020.jpg","datePublished":"2020-09-08T18:07:18+00:00","dateModified":"2021-02-08T07:28:19+00:00","description":"Revoluce st\u0159edn\u00ed z\u00e1lohy Toffees je zavr\u0161ena, nov\u00fdm \u010d\u00edslem 16 se stala francouzsk\u00e1 posila ze sestoupiv\u0161\u00edho Watfordu.","breadcrumb":{"@id":"https:\/\/evertonfc.cz\/index.php\/2020\/09\/08\/numero-trois-abdoulaye-doucoure\/#breadcrumb"},"inLanguage":"cs","potentialAction":[{"@type":"ReadAction","target":["https:\/\/evertonfc.cz\/index.php\/2020\/09\/08\/numero-trois-abdoulaye-doucoure\/"]}]},{"@type":"ImageObject","inLanguage":"cs","@id":"https:\/\/evertonfc.cz\/index.php\/2020\/09\/08\/numero-trois-abdoulaye-doucoure\/#primaryimage","url":"https:\/\/evertonfc.cz\/wp-content\/uploads\/2020\/09\/doucoure_8_9_2020.jpg","contentUrl":"https:\/\/evertonfc.cz\/wp-content\/uploads\/2020\/09\/doucoure_8_9_2020.jpg","width":720,"height":405},{"@type":"BreadcrumbList","@id":"https:\/\/evertonfc.cz\/index.php\/2020\/09\/08\/numero-trois-abdoulaye-doucoure\/#breadcrumb","itemListElement":[{"@type":"ListItem","position":1,"name":"Home","item":"https:\/\/evertonfc.cz\/"},{"@type":"ListItem","position":2,"name":"Num\u00e9ro trois: Abdoulaye Doucour\u00e9"}]},{"@type":"WebSite","@id":"https:\/\/evertonfc.cz\/#website","url":"https:\/\/evertonfc.cz\/","name":"Official Czech &amp; Slovak Everton Supporters&#039; Club","description":"","publisher":{"@id":"https:\/\/evertonfc.cz\/#organization"},"potentialAction":[{"@type":"SearchAction","target":{"@type":"EntryPoint","urlTemplate":"https:\/\/evertonfc.cz\/?s={search_term_string}"},"query-input":{"@type":"PropertyValueSpecification","valueRequired":true,"valueName":"search_term_string"}}],"inLanguage":"cs"},{"@type":"Organization","@id":"https:\/\/evertonfc.cz\/#organization","name":"Official Czech & Slovak Everton Supporters' Club","url":"https:\/\/evertonfc.cz\/","logo":{"@type":"ImageObject","inLanguage":"cs","@id":"https:\/\/evertonfc.cz\/#\/schema\/logo\/image\/","url":"https:\/\/evertonfc.cz\/wp-content\/uploads\/2019\/05\/logo.png","contentUrl":"https:\/\/evertonfc.cz\/wp-content\/uploads\/2019\/05\/logo.png","width":112,"height":112,"caption":"Official Czech & Slovak Everton Supporters' Club"},"image":{"@id":"https:\/\/evertonfc.cz\/#\/schema\/logo\/image\/"},"sameAs":["https:\/\/www.facebook.com\/everton.fans.cz.sk"]},{"@type":"Person","@id":"https:\/\/evertonfc.cz\/#\/schema\/person\/f7a5daedb2ffee98480bc70e191aaef1","name":"Ri\u010di","sameAs":["https:\/\/x.com\/rbrejsa"],"url":"https:\/\/evertonfc.cz\/index.php\/author\/rici\/"}]}},"_links":{"self":[{"href":"https:\/\/evertonfc.cz\/index.php\/wp-json\/wp\/v2\/posts\/11909"}],"collection":[{"href":"https:\/\/evertonfc.cz\/index.php\/wp-json\/wp\/v2\/posts"}],"about":[{"href":"https:\/\/evertonfc.cz\/index.php\/wp-json\/wp\/v2\/types\/post"}],"author":[{"embeddable":true,"href":"https:\/\/evertonfc.cz\/index.php\/wp-json\/wp\/v2\/users\/6"}],"replies":[{"embeddable":true,"href":"https:\/\/evertonfc.cz\/index.php\/wp-json\/wp\/v2\/comments?post=11909"}],"version-history":[{"count":6,"href":"https:\/\/evertonfc.cz\/index.php\/wp-json\/wp\/v2\/posts\/11909\/revisions"}],"predecessor-version":[{"id":14009,"href":"https:\/\/evertonfc.cz\/index.php\/wp-json\/wp\/v2\/posts\/11909\/revisions\/14009"}],"wp:featuredmedia":[{"embeddable":true,"href":"https:\/\/evertonfc.cz\/index.php\/wp-json\/wp\/v2\/media\/11908"}],"wp:attachment":[{"href":"https:\/\/evertonfc.cz\/index.php\/wp-json\/wp\/v2\/media?parent=11909"}],"wp:term":[{"taxonomy":"category","embeddable":true,"href":"https:\/\/evertonfc.cz\/index.php\/wp-json\/wp\/v2\/categories?post=11909"},{"taxonomy":"post_tag","embeddable":true,"href":"https:\/\/evertonfc.cz\/index.php\/wp-json\/wp\/v2\/tags?post=11909"}],"curies":[{"name":"wp","href":"https:\/\/api.w.org\/{rel}","templated":true}]}}