{"id":11938,"date":"2020-09-12T13:22:15","date_gmt":"2020-09-12T11:22:15","guid":{"rendered":"https:\/\/evertonfc.cz\/?p=11938"},"modified":"2021-04-20T09:54:21","modified_gmt":"2021-04-20T07:54:21","slug":"preview-tottenham-hotspur-everton-9","status":"publish","type":"post","link":"https:\/\/evertonfc.cz\/index.php\/2020\/09\/12\/preview-tottenham-hotspur-everton-9\/","title":{"rendered":"Preview: Tottenham Hotspur \u2013 Everton"},"content":{"rendered":"<h4><span lang=\"SK\">Za\u010diatok novej sez\u00f3ny b\u00fdva v\u017edy \u0161peci\u00e1lny. Nov\u00e9 v\u00fdzvy, nov\u00e9 o\u010dak\u00e1vania a\u00a0sny. Preto aj my za\u010dneme \u0161peci\u00e1lne. Duel so Spurs obohat\u00edme rozhovorom z\u00a0t\u00e1bora s\u00fapera.<\/span><\/h4>\n<p><em>Pozvanie na vyspovedanie prijal \u010dlen ofici\u00e1lneho fanklubu Tottenhamu v\u00a0\u010ceskej republike, V\u00e1clav Kafka.<br \/>\nAk v\u00e1s zauj\u00edmaj\u00fa inform\u00e1cie o lond\u00fdnskych koh\u00fatoch z na\u0161ich kon\u010d\u00edn, nav\u0161t\u00edvte ich str\u00e1nku &#8211;<\/em> <a href=\"http:\/\/spurs.cz\/\" target=\"_blank\" rel=\"noopener noreferrer\"><strong>Spurs.cz<\/strong><\/a><\/p>\n<h4><strong>Zdrav\u00edm \u0165a V\u00e1clave! Som nesmierne r\u00e1d, \u017ee si prijal ponuku podie\u013ea\u0165 sa na obsahu n\u00e1\u0161ho webu a\u00a0obohati\u0165 ho svojimi n\u00e1zormi na dianie v\u00a0severnom Lond\u00fdne. Pros\u00edm \u0165a, v\u00a0prvom rade n\u00e1m prezra\u010f, ako si sa dostal k\u00a0fandeniu klubu s\u00a0mottom <em>To Dare Is To Do<\/em>, a\u00a0\u010do to pre teba znamen\u00e1?<\/strong><\/h4>\n<p>D\u011bkuji za osloveni, s odpov\u011b\u010fmi nem\u00e1m \u017e\u00e1dn\u00fd probl\u00e9m. K fand\u011bn\u00ed jsem se dostal za doby Van der Vaarta, Modri\u0107e, Dawsona, Balea a spol. Jednoho ve\u010dera jsem si na st\u0159edn\u00ed \u0161kole pustil z\u00e1pas Ligy mistr\u016f mezi Interem a Tottenhamem, kter\u00fd se vys\u00edlal na \u010cT. Tu\u0161\u00edm, \u017ee v prvn\u00edch minut\u00e1ch dostal g\u00f3lman Spurs \u010dervenou kartu a kopala se penalta. Tu\u0161\u00edm, \u017ee o polo\u010dase to bylo 4:0 pro dom\u00e1c\u00ed, pot\u00e9 se doslova zbl\u00e1znil Gareth Bale a t\u0159emi toto\u017en\u00fdmi g\u00f3ly z\u00e1pas zdramatizoval. Nikdy nezapomenu, jak d\u011blal \u017e\u00e1\u010dka z Maicona a koment\u00e1\u0159e Jarom\u00edra Bos\u00e1ka: <em>\u201eMaicon by Balea nechytil ani na motorce.\u201c<\/em><\/p>\n<p>Od t\u00e9 doby jsem t\u00fdm za\u010dal sledovat (proto\u017ee s\u00e1m jsem v t\u00e9 dob\u011b na amat\u00e9rsk\u00e9 \u00farovni hr\u00e1l levou z\u00e1lohu). Nav\u0161t\u00edvil jsem WHL, Wembley, nov\u00fd stadion cca 8x, i p\u00e1r venkovn\u00edch z\u00e1pas\u016f. Doma se sp\u00ed v povle\u010den\u00ed Spurs + dal\u0161\u00ed kuchy\u0148sk\u00e9 pom\u016fcky jako jsou ch\u0148apky, hrne\u010dky, tal\u00ed\u0159e a podobn\u011b. Plus nespo\u010det dres\u016f Harryho Kanea, kter\u00fd je pro m\u011b modlou, tak\u017ee to pro m\u011b znamen\u00e1 opravdu hodn\u011b. Pokud t\u00fdm o v\u00edkendu vyhraje, m\u00e1m super n\u00e1ladu. Pokud prohraje, je n\u00e1lada pod psa, a\u0165 se d\u011bje, co se d\u011bje. V kr\u00e1tkosti \u0159e\u010deno, od t\u00e9 doby sleduji ka\u017ed\u00fd, ale ka\u017ed\u00fd z\u00e1pas!<\/p>\n<h4><strong>Tottenham a\u00a0Everton boli v\u00a0ned\u00e1vnej minulosti po dlh\u0161\u00ed \u010das kluby na relat\u00edvne rovnakej \u00farovni. Aspo\u0148 teda v\u00fdsledkami a v\u00e4\u010d\u0161ina ich sl\u00e1vi tie\u017e pramen\u00ed z\u00a0minul\u00e9ho storo\u010dia. Rovnako tak maj\u00fa podobn\u00fd osud, \u010do sa t\u00fdka mestskej rivality \u2013 \u010derven\u00fd a \u00faspe\u0161nej\u0161\u00ed sused. Povedz, ako vn\u00edma\u0161 modr\u00fd klub z\u00a0Liverpoolu?<\/strong><\/h4>\n<p>V prvn\u00ed \u0159ad\u011b Arsenal v\u00e1\u017en\u011b moment\u00e1ln\u011b nen\u00ed \u00fasp\u011b\u0161n\u011bj\u0161\u00ed ne\u017e my. Rad\u0161i budu v tabulce nad nimi v dlouhodob\u00e9 sout\u011b\u017ei, ne\u017e vyhr\u00e1t dom\u00e1c\u00ed poh\u00e1r, kter\u00fd u\u017e v posledn\u00ed dob\u011b nem\u00e1 takov\u00e9 jm\u00e9no jako kdysi. Ale posil\u00e1m gratulace do Arsenalu &#8211; trofej to je, ale po\u0159\u00e1d jsou za n\u00e1mi.<\/p>\n<p>Vn\u00edm\u00e1m ho velice pozitivn\u011b, je to n\u00e1\u0161 obl\u00edbeny soupe\u0159. To se douf\u00e1m potvrd\u00ed i v ned\u011bli. A jeliko\u017e va\u0161e barva je modr\u00e1, ta je v\u017edycky lep\u0161\u00ed ne\u017e \u010derven\u00e1. Hlavn\u011b jste velice sympatick\u00fd klub a je to pro m\u011b poka\u017ed\u00e9 velk\u00e9 zklaman\u00ed, \u017ee nikdy nedos\u00e1hnete potenci\u00e1lu, kter\u00fd ten t\u00fdm m\u00e1. Rad\u0161i bych skousnul na vrcholu tabulky Everton ne\u017e Liverpool, kter\u00fd je mi dost nesympatick\u00fd.<\/p>\n<h4><strong>Evertonu sa ani po pr\u00edchode nov\u00e9ho bohat\u00e9ho majite\u013ea nedar\u00ed rozbi\u0165 pomyseln\u00fd sklenen\u00fd strop, ktor\u00fd odde\u013euje najlep\u0161\u00edch p\u00e4\u0165 \u010di \u0161es\u0165 t\u00edmov od zvy\u0161ku tabu\u013eky. The Lilywhites sa to v\u0161ak podarilo s\u00a0pr\u00edchodom Pochettina na va\u0161u lavi\u010dku. Argent\u00edn\u010dan v\u00a0podstate zapo\u010dal nov\u00fa \u00e9ru. Ako sa mu to podarilo? V\u00a0\u010dom pod\u013ea teba spo\u010d\u00edval recept na \u00faspechy ako druh\u00e9 miesto v\u00a0lige, fin\u00e1le Ligy majstrov, \u010di nieko\u013eko semi-fin\u00e1le v\u00a0poh\u00e1rov\u00fdch s\u00fa\u0165a\u017eiach?<\/strong><\/h4>\n<p>V prvn\u00ed \u0159ad\u011b za\u010dal v\u011b\u0159it mlad\u00fdm hladov\u00fdm hr\u00e1\u010d\u016fm. Osobn\u011b ho p\u0159irovn\u00e1v\u00e1n k \u201cpsychologovi\u201d jak\u00fdm je Pep, pro kter\u00e9ho chce ka\u017ed\u00fd hr\u00e1\u010d na h\u0159i\u0161ti \u201czem\u0159\u00edt\u201d. P\u0159eb\u00edral t\u00fdm, kter\u00fd byl po AVB a Sherwoodovi v dezol\u00e1tn\u00edm stavu. Chv\u00edli to trvalo, ale potom se rozjela neskute\u010dn\u00e1 ma\u0161ina, kter\u00e1 jen d\u00edky ani nev\u00edm \u010demu, tenkr\u00e1t nez\u00edskala titul. P\u0159edv\u00e1d\u011bli jsme nejlep\u0161\u00ed fotbal na ostrovech. Bohu\u017eel to nevy\u0161lo a \u0159\u00edk\u00e1m si, jestli je\u0161t\u011b n\u011bkdy budeme tak bl\u00edzko k titulu, co\u017e si mysl\u00edm, \u017ee v nejbli\u017e\u0161\u00ed dob\u011b asi nebudeme.<\/p>\n<p>Fin\u00e1le Ligy mistr\u016f bylo d\u00edlem \u0161t\u011bst\u00ed, kdy jsme tam byli fakt n\u00e1hodou a bylo mi neskute\u010dn\u00e9 l\u00edto Ajaxu, kte\u0159\u00ed si to v\u00e1\u017en\u011b zaslou\u017eili. Byla to asi takov\u00e1 karma za smoln\u00e9 okam\u017eiky, kdy Chelsea \u0161la na \u00fakor n\u00e1s do LM, \u017ee porazila Bayern ve fin\u00e1le. Ka\u017edop\u00e1dn\u011b to bylo velk\u00e9 zklaman\u00ed, \u017ee fin\u00e1le nedopadlo a vyhr\u00e1l to Liverpool. Je\u0161t\u011b d\u00edky penalt\u011b, kter\u00e1 podle m\u00e9ho v\u00e1\u017en\u011b nebyla, ale asi to bylo zaslou\u017een\u00fd. Vyhr\u00e1t jsme se nezaslou\u017eili a s odstupem \u010dasu to hodnot\u00edm kladn\u011b, jako poh\u00e1dku s hor\u0161\u00edm koncem.<\/p>\n<h4><strong>Pri\u0161iel v\u0161ak trpk\u00fd koniec. Bez trofeje, s\u00a0vyhadzovom po dvan\u00e1stich kol\u00e1ch sez\u00f3ny 2019\/21. Kde sa to pokazilo, zasl\u00fa\u017eil si Mauricio pad\u00e1ka? Poh\u013eadom z\u00a0tretej osoby sa aspo\u0148 mne zd\u00e1, \u017ee t\u00edmu do\u0161la akoby motiv\u00e1cia a\u00a0hlad, ke\u010f sa nedostavili hmatate\u013en\u00e9 \u00faspechy. \u010clovek by \u010dakal postupn\u00e9 prebudovanie k\u00e1dra, miesto toho boli Spurs na prestupovom poli tich\u00ed a\u00a0akoby na to doplatili. M\u00fdlim sa?<\/strong><\/h4>\n<p>M\u00e1\u0161 pravdu, t\u00fdm nefungoval. Pr\u00fd to za\u010dalo t\u00edm, \u017ee Pochettino necestoval s t\u00fdmem po prohran\u00e9m fin\u00e1le dom\u016f do Lond\u00fdna, ale hned se odpojil od t\u00fdmu. Pokud se tohle stalo, tak je to \u0161patn\u011b. Pr\u00fd tam byli dal\u0161\u00ed konflikty za nenasazen\u00ed Lucase Moury na \u00fakor Harryho a podobn\u011b. Bylo vid\u011bt, \u017ee t\u00fdm u\u017e nechce pracovat jako d\u0159\u00edv a byl neokysli\u010den. I kdy\u017e p\u0159i\u0161el Ndombele, kter\u00fd pr\u00fd byl vysn\u011bn\u00e1 Pochettinova posila. Tak\u017ee vyhazov asi p\u0159ij\u00edt musel, ale j\u00e1 osobn\u011b bych ho nevyhodil a dal mu je\u0161t\u011b \u010das. Na tuhle situaci nem\u00e1m vyhran\u011bn\u00fd n\u00e1zor, oboje m\u00e1 sv\u00e9 pro a proti.<\/p>\n<h4><strong>Do hor\u00faceho kresla bol dosaden\u00fd Jos\u00e9 Mourinho. Antagonista futbalu predv\u00e1dzan\u00e9ho pod Pochettinom. Pragmatik instantn\u00e9ho triumfu s\u00a0ve\u013ek\u00fdmi \u00fastami, ktor\u00fd za \u00faspech obetuje v\u0161etko. Sympatie, kr\u00e1su, z\u00e1bavu. Ak\u00e9 boli dojmy vo va\u0161om\u00a0t\u00e1bore?<\/strong><\/h4>\n<p>Dojmy v t\u00e1bo\u0159e bych \u0159ekl, \u017ee byly 75:25. 75% bylo proti, \u017ee takovou cestou j\u00edt necht\u011bj\u00ed a 25% bylo pro, \u017ee Jos\u00e9 p\u0159inese trofej, na kterou Spurs u\u017e 12 let \u010dekaj\u00ed. Za m\u011b to byl krok zp\u011bt, ale pokud do dvou let p\u0159inese trofej, \u201caspo\u0148\u201d ten FA cup, nebo dokonce PL, tak se Jos\u00e9mu r\u00e1d omluv\u00edm, ale dle m\u00e9ho se to nestane. R\u00e1d se budu m\u00fdlit. Posledn\u00ed v\u011bta k t\u00e9hle ot\u00e1zce. Na jeho fotbal se v\u00e1\u017en\u011b koukat ned\u00e1, ale i tak se po\u0159\u00e1d kouk\u00e1m.<\/p>\n<h4><strong>S\u00a0odstupom \u010dasu, v\u00fdsledkami pod Mourinhom, d\u00e1 sa hodnoti\u0165 tento krok od vedenia Tottenhamu ako pozit\u00edvny? Vytiahol t\u00edm zo 14. na 6. prie\u010dku aj napriek k\u00e1dru, oklie\u0161ten\u00e9mu zraneniami. Ak\u00e9 spravil zmeny? V\u00a0\u010dom s\u00fa s\u00fa\u010dasn\u00ed Spurs in\u00ed?<\/strong><\/h4>\n<p>Na tohle hodnoceni je je\u0161t\u011b brzy. Uvid\u00edme po t\u00e9hle sez\u00f3n\u011b, co se stane. Ka\u017edop\u00e1dn\u011b n\u00e1s dot\u00e1hl do poh\u00e1rov\u00e9 Evropy, tak\u017ee tahle sez\u00f3na se d\u00e1 hodnotit \u201cpozitivn\u011b\u201d. I kdy\u017e je to mal\u00e1 n\u00e1plast na Ligu mistr\u016f.<\/p>\n<p>V \u010dem jsou Spurs jin\u00ed? \u0158ekl bych, \u017ee za Pochettina bychom nebr\u00e1nili proti nov\u00e1\u010dkovi v jeden\u00e1cti lidech a nedostali od nich 3:0 (v\u00fdsledek krut\u00fd), ale tohle je Jose Mourinho!<\/p>\n<h4><strong>Cez toto leto ste v\u00fdraznej\u0161ie tie\u017e nenakupovali. Pri\u0161iel stredn\u00fd z\u00e1lo\u017en\u00edk H\u00f8jbjerg, o ktor\u00e9ho mal z\u00e1ujem aj Everton, a na prav\u00fd kraj obrany Doherty. Spokojn\u00fd s biznisom, alebo o\u010dak\u00e1va\u0161 e\u0161te nejak\u00e9 pr\u00edchody\/odchody? Everton sa v\u00fdrazne posilnil v z\u00e1lohe trojicou Allan, James, Doucour\u00e9. Ako hodnot\u00ed\u0161 na\u0161u aktivitu?<\/strong><\/h4>\n<p>Za H\u00f8jbjerga jsem stra\u0161n\u00e9 r\u00e1d. Douf\u00e1m, \u017ee uk\u00e1\u017ee naplno sv\u016fj potenci\u00e1l a potvrd\u00ed svoje \u010d\u00edsla v odeb\u00edran\u00ed m\u00ed\u010d\u016f. Je to nedocen\u011bny hr\u00e1\u010d na svoj\u00ed pozici. P\u0159eci jen tyhle hr\u00e1\u010di, co d\u011blaj\u00ed \u010dernou pr\u00e1ci, nejsou moc vid\u011bt. Ka\u017ed\u00fd vid\u00ed jen g\u00f3ly. Doherty to sam\u00e9. Oba hr\u00e1\u010di prov\u011b\u0159en\u00ed n\u00e1ro\u010dnou Premier League, tak\u017ee pokud je\u0161t\u011b p\u0159ijde \u00fato\u010dn\u00edk, budu naprosto spokojen\u00fd. Cht\u011bl jsem Ollieho Watkinse, ale ten zam\u00ed\u0159il do Aston Villy. Co se t\u00fd\u010de odchodu, za m\u011b Aurier a Rose.<\/p>\n<p>Va\u0161e posily vypadaj\u00ed hodn\u011b slu\u0161n\u011b, ale nejsou zvykl\u00e9 na ligu krom Doucor\u00e9ho. Na pap\u00ed\u0159e to vypad\u00e1 hodn\u011b slu\u0161n\u011b. Uvid\u00edme, jak dlouho bude trvat, ne\u017e zapadnou. Jestli v\u016fbec.<\/p>\n<h4><strong>Chelsea zatia\u013e kra\u013euje v\u00a0discipl\u00edne utr\u00e1cania a\u00a0\u010dlovek by aj povedal, \u017ee s\u00a0tak nabit\u00fdm k\u00e1drom nebud\u00fa \u010faleko od prv\u00fdch prie\u010dok. Re\u00e1lne, ak\u00e9 vid\u00ed\u0161 \u0161ance v novom ro\u010dn\u00edku pre Spurs, Everton? Dok\u00e1\u017ee Liverpool obh\u00e1ji\u0165 titul, alebo ho vystrieda City?<\/strong><\/h4>\n<p>Osobn\u011b to nech\u00e1pu, pro\u010d se Frank nedr\u017e\u00ed toho, co d\u011blal minulou sezonu. Pracoval s vlastn\u00edmi odchovanci a te\u010f rozhazuj\u00ed. Douf\u00e1m, \u017ee se uk\u00e1\u017ee, \u017ee fotbal nen\u00ed jen o pen\u011bz\u00edch a \u017ee se jim da\u0159it nebude.<\/p>\n<ol>\n<li>Manchester City &#8211; 2. Manchester United &#8211; 3. Tottenham Hotspur &#8211; 4. Arsenal &#8211; 5. Chelsea&#8230; &#8211; 8. Everton<\/li>\n<\/ol>\n<h4><strong>Bl\u00ed\u017eime sa ku koncu n\u00e1\u0161ho rozhovoru. Po\u010fme teda priamo k\u00a0stretnutiu. Everton m\u00e1 u\u017e k\u00a0dispoz\u00edcii obrancu Minu, z\u00e1lo\u017en\u00edk Gomes je tie\u017e sp\u00e4\u0165. Stop\u00e9r Holgate je mimo a\u00a0o\u00a0sp\u00f4sobilosti Delpha sa e\u0161te rozhodne. Gbamin a\u00a0Tosun s\u00fa dlhodobo zranen\u00ed. O\u00a0taktickom pr\u00edstupe Ancelottiho sa kv\u00f4li slabej predsez\u00f3nnej pr\u00edprave neodv\u00e1\u017eim \u0161pekulova\u0165. Ako je na tom Tottenham? Bude hra\u0165 v\u00a0plnej sile? \u010co o\u010dak\u00e1va\u0165 od Mourinha?<\/strong><\/h4>\n<p>Tottenham je v pln\u00e9 s\u00edle a pr\u016fb\u011bh z\u00e1pasu o\u010dek\u00e1v\u00e1m takov\u00fd, \u017ee Tottenham bude v defenz\u00edv\u011b a bude hrozit po rychl\u00fdch brejc\u00edch.<\/p>\n<h4><strong>Koniec. \u010eakujem ti ve\u013emi pekne v\u00a0mene na\u0161ej redakcie a fan\u00fa\u0161ikov za tvoj \u010das a\u00a0ochotu. Ver\u00edm, \u017ee to na\u0161i \u010ditatelia ocenia. Je to ur\u010dite pr\u00edjemn\u00e9 spestrenie spozna\u0165 n\u00e1zory z\u00a0opa\u010dnej strany brehu. Na \u00fapln\u00fd z\u00e1ver, ako tipuje\u0161 v\u00fdsledok nede\u013en\u00e9ho z\u00e1pasu? Ja vid\u00edm rem\u00edzu 1:1&#8230;<\/strong><\/h4>\n<p>R\u00e1do se stalo, bylo mi pot\u011b\u0161en\u00edm. M\u016fj osobn\u00ed tip je 2:0 (Kane, Son). COYS!<\/p>\n<p>A\u0165 se da\u0159\u00ed, s pozdravem V\u00e1clav Kafka.<\/p>\n<hr \/>\n<p style=\"text-align: center;\"><span style=\"font-size: 18pt; color: #3366ff;\"><strong><em>Up The Toffees !!!<\/em><\/strong><\/span><\/p>\n<p><strong>\u010co:<\/strong> Tottenham Hotspur FC \u2013 Everton FC, 1. kolo Premier League<br \/>\n<strong>Kedy:<\/strong> 13.9. 2020 od 17:30 SE\u010c<br \/>\n<strong>Ako:<\/strong> Premier Sport &#8211; priamy prenos<br \/>\n<strong>Kde:<\/strong> Tottenham Hotspur Stadium \u2013 782 High Rd, Lond\u00fdn N17 0BX (bez div\u00e1kov)<br \/>\n<strong>Rozhodca:<\/strong> Martin Atkinson <strong>Asistenti:<\/strong> L. Betts, P. Kirkup <strong>\u0160tvrt\u00fd rozhodca:<\/strong> G. Scott<br \/>\n<strong>VAR: <\/strong>Andre Marriner <strong>Asistent VAR: <\/strong>Scott Ledger<\/p>\n","protected":false},"excerpt":{"rendered":"<p>Za\u010diatok novej sez\u00f3ny b\u00fdva v\u017edy \u0161peci\u00e1lny. Nov\u00e9 v\u00fdzvy, nov\u00e9 o\u010dak\u00e1vania a sny. Preto aj my za\u010dneme \u0161peci\u00e1lne. Duel so Spurs obohat\u00edme rozhovorom z t\u00e1bora s\u00fapera.<\/p>\n","protected":false},"author":1,"featured_media":11937,"comment_status":"open","ping_status":"closed","sticky":false,"template":"","format":"standard","meta":{"_eb_attr":"","_monsterinsights_skip_tracking":false,"_monsterinsights_sitenote_active":false,"_monsterinsights_sitenote_note":"","_monsterinsights_sitenote_category":0,"footnotes":""},"categories":[1,4],"tags":[],"yoast_head":"<!-- This site is optimized with the Yoast SEO plugin v23.4 - https:\/\/yoast.com\/wordpress\/plugins\/seo\/ -->\n<title>Preview: Tottenham Hotspur \u2013 Everton - Official Czech &amp; Slovak Everton Supporters&#039; Club<\/title>\n<meta name=\"robots\" content=\"index, follow, max-snippet:-1, max-image-preview:large, max-video-preview:-1\" \/>\n<link rel=\"canonical\" href=\"https:\/\/evertonfc.cz\/index.php\/2020\/09\/12\/preview-tottenham-hotspur-everton-9\/\" \/>\n<meta property=\"og:locale\" content=\"cs_CZ\" \/>\n<meta property=\"og:type\" content=\"article\" \/>\n<meta property=\"og:title\" content=\"Preview: Tottenham Hotspur \u2013 Everton - Official Czech &amp; Slovak Everton Supporters&#039; Club\" \/>\n<meta property=\"og:description\" content=\"Za\u010diatok novej sez\u00f3ny b\u00fdva v\u017edy \u0161peci\u00e1lny. Nov\u00e9 v\u00fdzvy, nov\u00e9 o\u010dak\u00e1vania a sny. Preto aj my za\u010dneme \u0161peci\u00e1lne. Duel so Spurs obohat\u00edme rozhovorom z t\u00e1bora s\u00fapera.\" \/>\n<meta property=\"og:url\" content=\"https:\/\/evertonfc.cz\/index.php\/2020\/09\/12\/preview-tottenham-hotspur-everton-9\/\" \/>\n<meta property=\"og:site_name\" content=\"Official Czech &amp; Slovak Everton Supporters&#039; Club\" \/>\n<meta property=\"article:publisher\" content=\"https:\/\/www.facebook.com\/everton.fans.cz.sk\" \/>\n<meta property=\"article:published_time\" content=\"2020-09-12T11:22:15+00:00\" \/>\n<meta property=\"article:modified_time\" content=\"2021-04-20T07:54:21+00:00\" \/>\n<meta property=\"og:image\" content=\"https:\/\/evertonfc.cz\/wp-content\/uploads\/2020\/09\/Tottenham-Hotspur-VS-Everton-12-9-2020.jpg\" \/>\n\t<meta property=\"og:image:width\" content=\"720\" \/>\n\t<meta property=\"og:image:height\" content=\"405\" \/>\n\t<meta property=\"og:image:type\" content=\"image\/jpeg\" \/>\n<meta name=\"author\" content=\"BlueBlooded\" \/>\n<meta name=\"twitter:card\" content=\"summary_large_image\" \/>\n<meta name=\"twitter:label1\" content=\"Napsal(a)\" \/>\n\t<meta name=\"twitter:data1\" content=\"BlueBlooded\" \/>\n\t<meta name=\"twitter:label2\" content=\"Odhadovan\u00e1 doba \u010dten\u00ed\" \/>\n\t<meta name=\"twitter:data2\" content=\"10 minut\" \/>\n<script type=\"application\/ld+json\" class=\"yoast-schema-graph\">{\"@context\":\"https:\/\/schema.org\",\"@graph\":[{\"@type\":\"Article\",\"@id\":\"https:\/\/evertonfc.cz\/index.php\/2020\/09\/12\/preview-tottenham-hotspur-everton-9\/#article\",\"isPartOf\":{\"@id\":\"https:\/\/evertonfc.cz\/index.php\/2020\/09\/12\/preview-tottenham-hotspur-everton-9\/\"},\"author\":{\"name\":\"BlueBlooded\",\"@id\":\"https:\/\/evertonfc.cz\/#\/schema\/person\/d4493b8cbea51532597fbc4685698916\"},\"headline\":\"Preview: Tottenham Hotspur \u2013 Everton\",\"datePublished\":\"2020-09-12T11:22:15+00:00\",\"dateModified\":\"2021-04-20T07:54:21+00:00\",\"mainEntityOfPage\":{\"@id\":\"https:\/\/evertonfc.cz\/index.php\/2020\/09\/12\/preview-tottenham-hotspur-everton-9\/\"},\"wordCount\":1925,\"commentCount\":7,\"publisher\":{\"@id\":\"https:\/\/evertonfc.cz\/#organization\"},\"image\":{\"@id\":\"https:\/\/evertonfc.cz\/index.php\/2020\/09\/12\/preview-tottenham-hotspur-everton-9\/#primaryimage\"},\"thumbnailUrl\":\"https:\/\/evertonfc.cz\/wp-content\/uploads\/2020\/09\/Tottenham-Hotspur-VS-Everton-12-9-2020.jpg\",\"articleSection\":[\"Rozhovory\",\"Z\u00e1pasy\"],\"inLanguage\":\"cs\",\"potentialAction\":[{\"@type\":\"CommentAction\",\"name\":\"Comment\",\"target\":[\"https:\/\/evertonfc.cz\/index.php\/2020\/09\/12\/preview-tottenham-hotspur-everton-9\/#respond\"]}]},{\"@type\":\"WebPage\",\"@id\":\"https:\/\/evertonfc.cz\/index.php\/2020\/09\/12\/preview-tottenham-hotspur-everton-9\/\",\"url\":\"https:\/\/evertonfc.cz\/index.php\/2020\/09\/12\/preview-tottenham-hotspur-everton-9\/\",\"name\":\"Preview: Tottenham Hotspur \u2013 Everton - Official Czech &amp; Slovak Everton Supporters&#039; Club\",\"isPartOf\":{\"@id\":\"https:\/\/evertonfc.cz\/#website\"},\"primaryImageOfPage\":{\"@id\":\"https:\/\/evertonfc.cz\/index.php\/2020\/09\/12\/preview-tottenham-hotspur-everton-9\/#primaryimage\"},\"image\":{\"@id\":\"https:\/\/evertonfc.cz\/index.php\/2020\/09\/12\/preview-tottenham-hotspur-everton-9\/#primaryimage\"},\"thumbnailUrl\":\"https:\/\/evertonfc.cz\/wp-content\/uploads\/2020\/09\/Tottenham-Hotspur-VS-Everton-12-9-2020.jpg\",\"datePublished\":\"2020-09-12T11:22:15+00:00\",\"dateModified\":\"2021-04-20T07:54:21+00:00\",\"breadcrumb\":{\"@id\":\"https:\/\/evertonfc.cz\/index.php\/2020\/09\/12\/preview-tottenham-hotspur-everton-9\/#breadcrumb\"},\"inLanguage\":\"cs\",\"potentialAction\":[{\"@type\":\"ReadAction\",\"target\":[\"https:\/\/evertonfc.cz\/index.php\/2020\/09\/12\/preview-tottenham-hotspur-everton-9\/\"]}]},{\"@type\":\"ImageObject\",\"inLanguage\":\"cs\",\"@id\":\"https:\/\/evertonfc.cz\/index.php\/2020\/09\/12\/preview-tottenham-hotspur-everton-9\/#primaryimage\",\"url\":\"https:\/\/evertonfc.cz\/wp-content\/uploads\/2020\/09\/Tottenham-Hotspur-VS-Everton-12-9-2020.jpg\",\"contentUrl\":\"https:\/\/evertonfc.cz\/wp-content\/uploads\/2020\/09\/Tottenham-Hotspur-VS-Everton-12-9-2020.jpg\",\"width\":720,\"height\":405},{\"@type\":\"BreadcrumbList\",\"@id\":\"https:\/\/evertonfc.cz\/index.php\/2020\/09\/12\/preview-tottenham-hotspur-everton-9\/#breadcrumb\",\"itemListElement\":[{\"@type\":\"ListItem\",\"position\":1,\"name\":\"Home\",\"item\":\"https:\/\/evertonfc.cz\/\"},{\"@type\":\"ListItem\",\"position\":2,\"name\":\"Preview: Tottenham Hotspur \u2013 Everton\"}]},{\"@type\":\"WebSite\",\"@id\":\"https:\/\/evertonfc.cz\/#website\",\"url\":\"https:\/\/evertonfc.cz\/\",\"name\":\"Official Czech &amp; Slovak Everton Supporters&#039; Club\",\"description\":\"\",\"publisher\":{\"@id\":\"https:\/\/evertonfc.cz\/#organization\"},\"potentialAction\":[{\"@type\":\"SearchAction\",\"target\":{\"@type\":\"EntryPoint\",\"urlTemplate\":\"https:\/\/evertonfc.cz\/?s={search_term_string}\"},\"query-input\":{\"@type\":\"PropertyValueSpecification\",\"valueRequired\":true,\"valueName\":\"search_term_string\"}}],\"inLanguage\":\"cs\"},{\"@type\":\"Organization\",\"@id\":\"https:\/\/evertonfc.cz\/#organization\",\"name\":\"Official Czech & Slovak Everton Supporters' Club\",\"url\":\"https:\/\/evertonfc.cz\/\",\"logo\":{\"@type\":\"ImageObject\",\"inLanguage\":\"cs\",\"@id\":\"https:\/\/evertonfc.cz\/#\/schema\/logo\/image\/\",\"url\":\"https:\/\/evertonfc.cz\/wp-content\/uploads\/2019\/05\/logo.png\",\"contentUrl\":\"https:\/\/evertonfc.cz\/wp-content\/uploads\/2019\/05\/logo.png\",\"width\":112,\"height\":112,\"caption\":\"Official Czech & Slovak Everton Supporters' Club\"},\"image\":{\"@id\":\"https:\/\/evertonfc.cz\/#\/schema\/logo\/image\/\"},\"sameAs\":[\"https:\/\/www.facebook.com\/everton.fans.cz.sk\"]},{\"@type\":\"Person\",\"@id\":\"https:\/\/evertonfc.cz\/#\/schema\/person\/d4493b8cbea51532597fbc4685698916\",\"name\":\"BlueBlooded\",\"url\":\"https:\/\/evertonfc.cz\/index.php\/author\/admin\/\"}]}<\/script>\n<!-- \/ Yoast SEO plugin. -->","yoast_head_json":{"title":"Preview: Tottenham Hotspur \u2013 Everton - Official Czech &amp; Slovak Everton Supporters&#039; Club","robots":{"index":"index","follow":"follow","max-snippet":"max-snippet:-1","max-image-preview":"max-image-preview:large","max-video-preview":"max-video-preview:-1"},"canonical":"https:\/\/evertonfc.cz\/index.php\/2020\/09\/12\/preview-tottenham-hotspur-everton-9\/","og_locale":"cs_CZ","og_type":"article","og_title":"Preview: Tottenham Hotspur \u2013 Everton - Official Czech &amp; Slovak Everton Supporters&#039; Club","og_description":"Za\u010diatok novej sez\u00f3ny b\u00fdva v\u017edy \u0161peci\u00e1lny. Nov\u00e9 v\u00fdzvy, nov\u00e9 o\u010dak\u00e1vania a sny. Preto aj my za\u010dneme \u0161peci\u00e1lne. Duel so Spurs obohat\u00edme rozhovorom z t\u00e1bora s\u00fapera.","og_url":"https:\/\/evertonfc.cz\/index.php\/2020\/09\/12\/preview-tottenham-hotspur-everton-9\/","og_site_name":"Official Czech &amp; Slovak Everton Supporters&#039; Club","article_publisher":"https:\/\/www.facebook.com\/everton.fans.cz.sk","article_published_time":"2020-09-12T11:22:15+00:00","article_modified_time":"2021-04-20T07:54:21+00:00","og_image":[{"width":720,"height":405,"url":"https:\/\/evertonfc.cz\/wp-content\/uploads\/2020\/09\/Tottenham-Hotspur-VS-Everton-12-9-2020.jpg","type":"image\/jpeg"}],"author":"BlueBlooded","twitter_card":"summary_large_image","twitter_misc":{"Napsal(a)":"BlueBlooded","Odhadovan\u00e1 doba \u010dten\u00ed":"10 minut"},"schema":{"@context":"https:\/\/schema.org","@graph":[{"@type":"Article","@id":"https:\/\/evertonfc.cz\/index.php\/2020\/09\/12\/preview-tottenham-hotspur-everton-9\/#article","isPartOf":{"@id":"https:\/\/evertonfc.cz\/index.php\/2020\/09\/12\/preview-tottenham-hotspur-everton-9\/"},"author":{"name":"BlueBlooded","@id":"https:\/\/evertonfc.cz\/#\/schema\/person\/d4493b8cbea51532597fbc4685698916"},"headline":"Preview: Tottenham Hotspur \u2013 Everton","datePublished":"2020-09-12T11:22:15+00:00","dateModified":"2021-04-20T07:54:21+00:00","mainEntityOfPage":{"@id":"https:\/\/evertonfc.cz\/index.php\/2020\/09\/12\/preview-tottenham-hotspur-everton-9\/"},"wordCount":1925,"commentCount":7,"publisher":{"@id":"https:\/\/evertonfc.cz\/#organization"},"image":{"@id":"https:\/\/evertonfc.cz\/index.php\/2020\/09\/12\/preview-tottenham-hotspur-everton-9\/#primaryimage"},"thumbnailUrl":"https:\/\/evertonfc.cz\/wp-content\/uploads\/2020\/09\/Tottenham-Hotspur-VS-Everton-12-9-2020.jpg","articleSection":["Rozhovory","Z\u00e1pasy"],"inLanguage":"cs","potentialAction":[{"@type":"CommentAction","name":"Comment","target":["https:\/\/evertonfc.cz\/index.php\/2020\/09\/12\/preview-tottenham-hotspur-everton-9\/#respond"]}]},{"@type":"WebPage","@id":"https:\/\/evertonfc.cz\/index.php\/2020\/09\/12\/preview-tottenham-hotspur-everton-9\/","url":"https:\/\/evertonfc.cz\/index.php\/2020\/09\/12\/preview-tottenham-hotspur-everton-9\/","name":"Preview: Tottenham Hotspur \u2013 Everton - Official Czech &amp; Slovak Everton Supporters&#039; Club","isPartOf":{"@id":"https:\/\/evertonfc.cz\/#website"},"primaryImageOfPage":{"@id":"https:\/\/evertonfc.cz\/index.php\/2020\/09\/12\/preview-tottenham-hotspur-everton-9\/#primaryimage"},"image":{"@id":"https:\/\/evertonfc.cz\/index.php\/2020\/09\/12\/preview-tottenham-hotspur-everton-9\/#primaryimage"},"thumbnailUrl":"https:\/\/evertonfc.cz\/wp-content\/uploads\/2020\/09\/Tottenham-Hotspur-VS-Everton-12-9-2020.jpg","datePublished":"2020-09-12T11:22:15+00:00","dateModified":"2021-04-20T07:54:21+00:00","breadcrumb":{"@id":"https:\/\/evertonfc.cz\/index.php\/2020\/09\/12\/preview-tottenham-hotspur-everton-9\/#breadcrumb"},"inLanguage":"cs","potentialAction":[{"@type":"ReadAction","target":["https:\/\/evertonfc.cz\/index.php\/2020\/09\/12\/preview-tottenham-hotspur-everton-9\/"]}]},{"@type":"ImageObject","inLanguage":"cs","@id":"https:\/\/evertonfc.cz\/index.php\/2020\/09\/12\/preview-tottenham-hotspur-everton-9\/#primaryimage","url":"https:\/\/evertonfc.cz\/wp-content\/uploads\/2020\/09\/Tottenham-Hotspur-VS-Everton-12-9-2020.jpg","contentUrl":"https:\/\/evertonfc.cz\/wp-content\/uploads\/2020\/09\/Tottenham-Hotspur-VS-Everton-12-9-2020.jpg","width":720,"height":405},{"@type":"BreadcrumbList","@id":"https:\/\/evertonfc.cz\/index.php\/2020\/09\/12\/preview-tottenham-hotspur-everton-9\/#breadcrumb","itemListElement":[{"@type":"ListItem","position":1,"name":"Home","item":"https:\/\/evertonfc.cz\/"},{"@type":"ListItem","position":2,"name":"Preview: Tottenham Hotspur \u2013 Everton"}]},{"@type":"WebSite","@id":"https:\/\/evertonfc.cz\/#website","url":"https:\/\/evertonfc.cz\/","name":"Official Czech &amp; Slovak Everton Supporters&#039; Club","description":"","publisher":{"@id":"https:\/\/evertonfc.cz\/#organization"},"potentialAction":[{"@type":"SearchAction","target":{"@type":"EntryPoint","urlTemplate":"https:\/\/evertonfc.cz\/?s={search_term_string}"},"query-input":{"@type":"PropertyValueSpecification","valueRequired":true,"valueName":"search_term_string"}}],"inLanguage":"cs"},{"@type":"Organization","@id":"https:\/\/evertonfc.cz\/#organization","name":"Official Czech & Slovak Everton Supporters' Club","url":"https:\/\/evertonfc.cz\/","logo":{"@type":"ImageObject","inLanguage":"cs","@id":"https:\/\/evertonfc.cz\/#\/schema\/logo\/image\/","url":"https:\/\/evertonfc.cz\/wp-content\/uploads\/2019\/05\/logo.png","contentUrl":"https:\/\/evertonfc.cz\/wp-content\/uploads\/2019\/05\/logo.png","width":112,"height":112,"caption":"Official Czech & Slovak Everton Supporters' Club"},"image":{"@id":"https:\/\/evertonfc.cz\/#\/schema\/logo\/image\/"},"sameAs":["https:\/\/www.facebook.com\/everton.fans.cz.sk"]},{"@type":"Person","@id":"https:\/\/evertonfc.cz\/#\/schema\/person\/d4493b8cbea51532597fbc4685698916","name":"BlueBlooded","url":"https:\/\/evertonfc.cz\/index.php\/author\/admin\/"}]}},"_links":{"self":[{"href":"https:\/\/evertonfc.cz\/index.php\/wp-json\/wp\/v2\/posts\/11938"}],"collection":[{"href":"https:\/\/evertonfc.cz\/index.php\/wp-json\/wp\/v2\/posts"}],"about":[{"href":"https:\/\/evertonfc.cz\/index.php\/wp-json\/wp\/v2\/types\/post"}],"author":[{"embeddable":true,"href":"https:\/\/evertonfc.cz\/index.php\/wp-json\/wp\/v2\/users\/1"}],"replies":[{"embeddable":true,"href":"https:\/\/evertonfc.cz\/index.php\/wp-json\/wp\/v2\/comments?post=11938"}],"version-history":[{"count":6,"href":"https:\/\/evertonfc.cz\/index.php\/wp-json\/wp\/v2\/posts\/11938\/revisions"}],"predecessor-version":[{"id":11947,"href":"https:\/\/evertonfc.cz\/index.php\/wp-json\/wp\/v2\/posts\/11938\/revisions\/11947"}],"wp:featuredmedia":[{"embeddable":true,"href":"https:\/\/evertonfc.cz\/index.php\/wp-json\/wp\/v2\/media\/11937"}],"wp:attachment":[{"href":"https:\/\/evertonfc.cz\/index.php\/wp-json\/wp\/v2\/media?parent=11938"}],"wp:term":[{"taxonomy":"category","embeddable":true,"href":"https:\/\/evertonfc.cz\/index.php\/wp-json\/wp\/v2\/categories?post=11938"},{"taxonomy":"post_tag","embeddable":true,"href":"https:\/\/evertonfc.cz\/index.php\/wp-json\/wp\/v2\/tags?post=11938"}],"curies":[{"name":"wp","href":"https:\/\/api.w.org\/{rel}","templated":true}]}}