{"id":11971,"date":"2020-09-14T20:32:47","date_gmt":"2020-09-14T18:32:47","guid":{"rendered":"https:\/\/evertonfc.cz\/?p=11971"},"modified":"2020-09-14T22:00:30","modified_gmt":"2020-09-14T20:00:30","slug":"tottenham-hotspur-everton-10-2","status":"publish","type":"post","link":"https:\/\/evertonfc.cz\/index.php\/2020\/09\/14\/tottenham-hotspur-everton-10-2\/","title":{"rendered":"Tottenham Hotspur \u2013 Everton 0:1"},"content":{"rendered":"<h4>\u0160tyridsa\u0165 z\u00e1pasov potrebovali Karamelky na to, aby kone\u010dne zv\u00ed\u0165azili na tr\u00e1vniku jedn\u00e9ho z\u00a0klubov prvej \u0161estky. A\u00a0ve\u013ekou mierou\u00a0im k\u00a0tomu dopomohli tri nov\u00e9 posily.<\/h4>\n<p>Pozn\u00e1te to koment\u00e1torsk\u00e9: <em>\u201eEverton nevyhral na p\u00f4de&#8230;\u201c <\/em>? Tak teraz to budeme po\u010d\u00fava\u0165 o \u010dosi menej. Na kompletn\u00e9 vygumovanie tejto zau\u017e\u00edvanej fr\u00e1zy v\u0161ak budeme potrebova\u0165 viac, ne\u017e len v\u00fdhru v \u00favodnom kole nov\u00e9ho ro\u010dn\u00edka Premier League. Ako za\u010diatok to ale \u00faplne sta\u010d\u00ed. Vonku sme na &#8222;\u00favod&#8220; nevyhrali od roku 2001.<\/p>\n<p>To pred The Toffees musel pok\u013eakn\u00fa\u0165 Charlton, a\u00a0tie\u017e jednog\u00f3lov\u00fdm rozdielom v\u010dera kone\u010dne aj Tottenham. Ten akosi nebol vo svojej ko\u017ei. Aspo\u0148 to v\u0161etci tvrdia. Ale to je \u00faplne jedno, ke\u010f\u017ee za pr\u00edstup sa body neude\u013euj\u00fa. Iba za sk\u00f3re. A\u00a0to v\u00fdsledn\u00e9 \u2013 1:0 \u2013 zariadil kr\u00e1tko po n\u00e1vrate zo \u0161atn\u00ed DCL.<\/p>\n<h4><em>Ancelotti ne\u010dak\u00e1, Ancelotti ne\u0161etr\u00ed<\/em><\/h4>\n<p>Ale nepredbiehajme. Ancelotti sa neb\u00e1l a\u00a0do stretnutia poslal kompletn\u00e9 trio nov\u00fdch, zvu\u010dn\u00fdch pos\u00edl. V z\u00e1lohe v\u00a0zlo\u017een\u00ed Allan, Doucour\u00e9 a\u00a0Gomes to bolo okam\u017eite pozna\u0165. Skvel\u00e1 kontrola priestoru, nepriepustnos\u0165 \u00fatokov a\u00a0dobr\u00e1 distrib\u00facia smerom dopredu. To v\u0161etko malo z\u00a0n\u00e1sledok, \u017ee Spurs hrozili len po brejkoch zo str\u00e1n a\u00a0ve\u013ea \u0161anc\u00ed si nevypracovali. Zato Everton \u010dastokr\u00e1t dominoval.<\/p>\n<p>Richarlison si mohol otvori\u0165 streleck\u00fd \u00fa\u010det ako prv\u00fd. Po \u00faniku v\u0161ak spanik\u00e1ril pri ob\u00edden\u00ed brank\u00e1ra, a miesto nahr\u00e1vky vo\u013en\u00e9mu DCL, z uh\u013ea prep\u00e1lil br\u00e1nu. V priebehu z\u00e1pasu tie\u017e dvakr\u00e1t nebezpe\u010dne strie\u013eal, no ani raz dostato\u010dne loptu do siete nezakr\u00fatil. S\u00faper pr\u00e1\u0161il Pickfordove rukavice pri \u0161anci Alliho, Dohertyho pokus bol tie\u017e zlikvidovan\u00fd.<\/p>\n<p>Pr\u00edle\u017eitos\u0165 zahviezdi\u0165 mal aj James. G\u00f3lovo sa mu to s\u00edce po p\u00e1r s\u013eubn\u00fdch strel\u00e1ch nepodarilo, aj tak sa v\u0161ak do pam\u00e4te fan\u00fa\u0161ikov zap\u00edsal. O triedu lep\u0161\u00ed na lopte ne\u017e ktoko\u013evek in\u00fd na ihrisku, neb\u00e1l sa s\u00fabojov, dobre podr\u017eal hru ke\u010f bolo treba, a e\u0161te lep\u0161ie ju aj pren\u00e1\u0161al. Spoluhr\u00e1\u010di sa na\u0148ho mohli spo\u013eahn\u00fa\u0165 v ka\u017edej situ\u00e1ci\u00ed. Dokonca si ja osobne nespom\u00ednam na moment, kedy by loptu stratil, \u010di nebodaj odovzdal zlou prihr\u00e1vkou.<\/p>\n<h4><em>DCL prekonal suchoty po re\u0161tarte<\/em><\/h4>\n<p>V\u00e4\u010d\u0161ina \u00fatokov pramenila i\u00a0tak z\u00a0\u013eavej strany (42%). To je v\u0161ak v\u010faka Dignemu zvyk a\u00a0zau\u017e\u00edvan\u00fd hern\u00fd syst\u00e9m. Z\u00a0tej strany po jeho centri zo \u0161tandardnej situ\u00e1cie padol aj jedin\u00fd g\u00f3l z\u00e1pasu. Hlboko zato\u010den\u00e1 lopta za obranu si na\u0161la lietaj\u00faceho Calverta-Lewina a\u00a0ten, plachtiaci medzi obrancami, zavesil hlavou loptu do \u013eav\u00e9ho horn\u00e9ho rohu. Nepohnut\u00fd str\u00e1\u017eca sv\u00e4tyne Lloris bol bez \u0161ance.<\/p>\n<p>Zvy\u0161ok duelu si Everton ustr\u00e1\u017eil. Drsn\u00e1 dvojka Allan &amp; Doucour\u00e9 sa pri\u010dinila o\u00a063% percentn\u00fa \u00faspe\u0161nos\u0165 s\u00fabojov a\u00a0a\u017e 19 zachyten\u00ed prihr\u00e1vok. To je markantn\u00fd rozdiel oproti s\u00faperov\u00fdm \u0161tyrom. A\u00a0James? Kolumbij\u010dan vytvoril pre spoluhr\u00e1\u010dov a\u017e p\u00e4\u0165 \u0161anc\u00ed. Najviac spomedzi debutuj\u00facich hr\u00e1\u010dov od augusta 2014. Vtedy rovnak\u00fd po\u010det vytvoril nov\u00e1\u010dik S\u00e1nchez v\u00a0Arsenale.<\/p>\n<p style=\"text-align: right;\"><span style=\"font-size: 8pt;\">(fotozdroj: Everton FC)<\/span><\/p>\n<hr \/>\n<p><strong>Zostrihy:<\/strong> <a href=\"https:\/\/www.evertonfc.com\/video\/1828266\/spurs-0-1-everton-extended-highlights?tagNames=latest-video\" target=\"_blank\" rel=\"noopener noreferrer\">Everton TV<\/a><\/p>\n<p><strong>Mu\u017e z\u00e1pasu: <\/strong>Allan (Sky) James Rodr\u00edguez (BBC)<\/p>\n<p><strong>G\u00f3ly: <\/strong>55\u00b4 Calvert-Lewin (Digne)<\/p>\n<p><strong>\u017dlt\u00e9 karty: <\/strong>85\u00b4 H\u00f8jbjerg<\/p>\n<p><strong>Tottenham Hotspur FC:\u00a0<\/strong>Lloris \u2013 Doherty (76\u00b4 Ndombele), Alderweireld, Dier, Davies \u2013 H\u00f8jbjerg, Winks (60\u00b4 Bergwijn) \u2013 Lucas, Alli (46\u00b4 Sissoko), Son \u2013 Kane<\/p>\n<p><strong>Everton FC:\u00a0<\/strong>Pickford \u2013 Coleman, Keane, Mina, Digne \u2013 Allan, Doucour\u00e9, Gomes (68\u00b4 Sigurdsson) \u2013 James Rodr\u00edguez (90+2\u00b4 Davies), Calvert-Lewin (89\u00b4 Kean), Richarlison<\/p>\n<p><strong>Rozhodca:\u00a0<\/strong>Martin Atkinson <strong>Bez div\u00e1kov<\/strong><\/p>\n","protected":false},"excerpt":{"rendered":"<p>\u0160tyridsa\u0165 z\u00e1pasov potrebovali Karamelky na to, aby kone\u010dne zv\u00ed\u0165azili na tr\u00e1vniku jedn\u00e9ho z klubov prvej \u0161estky. A ve\u013ekou mierou im k tomu dopomohli tri nov\u00e9 posily.<\/p>\n","protected":false},"author":1,"featured_media":11970,"comment_status":"open","ping_status":"closed","sticky":false,"template":"","format":"standard","meta":{"_eb_attr":"","_monsterinsights_skip_tracking":false,"_monsterinsights_sitenote_active":false,"_monsterinsights_sitenote_note":"","_monsterinsights_sitenote_category":0,"footnotes":""},"categories":[4],"tags":[],"yoast_head":"<!-- This site is optimized with the Yoast SEO plugin v23.4 - https:\/\/yoast.com\/wordpress\/plugins\/seo\/ -->\n<title>Tottenham Hotspur \u2013 Everton 0:1 - Official Czech &amp; Slovak Everton Supporters&#039; Club<\/title>\n<meta name=\"robots\" content=\"index, follow, max-snippet:-1, max-image-preview:large, max-video-preview:-1\" \/>\n<link rel=\"canonical\" href=\"https:\/\/evertonfc.cz\/index.php\/2020\/09\/14\/tottenham-hotspur-everton-10-2\/\" \/>\n<meta property=\"og:locale\" content=\"cs_CZ\" \/>\n<meta property=\"og:type\" content=\"article\" \/>\n<meta property=\"og:title\" content=\"Tottenham Hotspur \u2013 Everton 0:1 - Official Czech &amp; Slovak Everton Supporters&#039; Club\" \/>\n<meta property=\"og:description\" content=\"\u0160tyridsa\u0165 z\u00e1pasov potrebovali Karamelky na to, aby kone\u010dne zv\u00ed\u0165azili na tr\u00e1vniku jedn\u00e9ho z klubov prvej \u0161estky. A ve\u013ekou mierou im k tomu dopomohli tri nov\u00e9 posily.\" \/>\n<meta property=\"og:url\" content=\"https:\/\/evertonfc.cz\/index.php\/2020\/09\/14\/tottenham-hotspur-everton-10-2\/\" \/>\n<meta property=\"og:site_name\" content=\"Official Czech &amp; Slovak Everton Supporters&#039; Club\" \/>\n<meta property=\"article:publisher\" content=\"https:\/\/www.facebook.com\/everton.fans.cz.sk\" \/>\n<meta property=\"article:published_time\" content=\"2020-09-14T18:32:47+00:00\" \/>\n<meta property=\"article:modified_time\" content=\"2020-09-14T20:00:30+00:00\" \/>\n<meta property=\"og:image\" content=\"https:\/\/evertonfc.cz\/wp-content\/uploads\/2020\/09\/James-Everton-Tottenham-14-9-2020.jpg\" \/>\n\t<meta property=\"og:image:width\" content=\"720\" \/>\n\t<meta property=\"og:image:height\" content=\"405\" \/>\n\t<meta property=\"og:image:type\" content=\"image\/jpeg\" \/>\n<meta name=\"author\" content=\"BlueBlooded\" \/>\n<meta name=\"twitter:card\" content=\"summary_large_image\" \/>\n<meta name=\"twitter:label1\" content=\"Napsal(a)\" \/>\n\t<meta name=\"twitter:data1\" content=\"BlueBlooded\" \/>\n\t<meta name=\"twitter:label2\" content=\"Odhadovan\u00e1 doba \u010dten\u00ed\" \/>\n\t<meta name=\"twitter:data2\" content=\"3 minuty\" \/>\n<script type=\"application\/ld+json\" class=\"yoast-schema-graph\">{\"@context\":\"https:\/\/schema.org\",\"@graph\":[{\"@type\":\"Article\",\"@id\":\"https:\/\/evertonfc.cz\/index.php\/2020\/09\/14\/tottenham-hotspur-everton-10-2\/#article\",\"isPartOf\":{\"@id\":\"https:\/\/evertonfc.cz\/index.php\/2020\/09\/14\/tottenham-hotspur-everton-10-2\/\"},\"author\":{\"name\":\"BlueBlooded\",\"@id\":\"https:\/\/evertonfc.cz\/#\/schema\/person\/d4493b8cbea51532597fbc4685698916\"},\"headline\":\"Tottenham Hotspur \u2013 Everton 0:1\",\"datePublished\":\"2020-09-14T18:32:47+00:00\",\"dateModified\":\"2020-09-14T20:00:30+00:00\",\"mainEntityOfPage\":{\"@id\":\"https:\/\/evertonfc.cz\/index.php\/2020\/09\/14\/tottenham-hotspur-everton-10-2\/\"},\"wordCount\":614,\"commentCount\":8,\"publisher\":{\"@id\":\"https:\/\/evertonfc.cz\/#organization\"},\"image\":{\"@id\":\"https:\/\/evertonfc.cz\/index.php\/2020\/09\/14\/tottenham-hotspur-everton-10-2\/#primaryimage\"},\"thumbnailUrl\":\"https:\/\/evertonfc.cz\/wp-content\/uploads\/2020\/09\/James-Everton-Tottenham-14-9-2020.jpg\",\"articleSection\":[\"Z\u00e1pasy\"],\"inLanguage\":\"cs\",\"potentialAction\":[{\"@type\":\"CommentAction\",\"name\":\"Comment\",\"target\":[\"https:\/\/evertonfc.cz\/index.php\/2020\/09\/14\/tottenham-hotspur-everton-10-2\/#respond\"]}]},{\"@type\":\"WebPage\",\"@id\":\"https:\/\/evertonfc.cz\/index.php\/2020\/09\/14\/tottenham-hotspur-everton-10-2\/\",\"url\":\"https:\/\/evertonfc.cz\/index.php\/2020\/09\/14\/tottenham-hotspur-everton-10-2\/\",\"name\":\"Tottenham Hotspur \u2013 Everton 0:1 - Official Czech &amp; Slovak Everton Supporters&#039; Club\",\"isPartOf\":{\"@id\":\"https:\/\/evertonfc.cz\/#website\"},\"primaryImageOfPage\":{\"@id\":\"https:\/\/evertonfc.cz\/index.php\/2020\/09\/14\/tottenham-hotspur-everton-10-2\/#primaryimage\"},\"image\":{\"@id\":\"https:\/\/evertonfc.cz\/index.php\/2020\/09\/14\/tottenham-hotspur-everton-10-2\/#primaryimage\"},\"thumbnailUrl\":\"https:\/\/evertonfc.cz\/wp-content\/uploads\/2020\/09\/James-Everton-Tottenham-14-9-2020.jpg\",\"datePublished\":\"2020-09-14T18:32:47+00:00\",\"dateModified\":\"2020-09-14T20:00:30+00:00\",\"breadcrumb\":{\"@id\":\"https:\/\/evertonfc.cz\/index.php\/2020\/09\/14\/tottenham-hotspur-everton-10-2\/#breadcrumb\"},\"inLanguage\":\"cs\",\"potentialAction\":[{\"@type\":\"ReadAction\",\"target\":[\"https:\/\/evertonfc.cz\/index.php\/2020\/09\/14\/tottenham-hotspur-everton-10-2\/\"]}]},{\"@type\":\"ImageObject\",\"inLanguage\":\"cs\",\"@id\":\"https:\/\/evertonfc.cz\/index.php\/2020\/09\/14\/tottenham-hotspur-everton-10-2\/#primaryimage\",\"url\":\"https:\/\/evertonfc.cz\/wp-content\/uploads\/2020\/09\/James-Everton-Tottenham-14-9-2020.jpg\",\"contentUrl\":\"https:\/\/evertonfc.cz\/wp-content\/uploads\/2020\/09\/James-Everton-Tottenham-14-9-2020.jpg\",\"width\":720,\"height\":405},{\"@type\":\"BreadcrumbList\",\"@id\":\"https:\/\/evertonfc.cz\/index.php\/2020\/09\/14\/tottenham-hotspur-everton-10-2\/#breadcrumb\",\"itemListElement\":[{\"@type\":\"ListItem\",\"position\":1,\"name\":\"Home\",\"item\":\"https:\/\/evertonfc.cz\/\"},{\"@type\":\"ListItem\",\"position\":2,\"name\":\"Tottenham Hotspur \u2013 Everton 0:1\"}]},{\"@type\":\"WebSite\",\"@id\":\"https:\/\/evertonfc.cz\/#website\",\"url\":\"https:\/\/evertonfc.cz\/\",\"name\":\"Official Czech &amp; Slovak Everton Supporters&#039; Club\",\"description\":\"\",\"publisher\":{\"@id\":\"https:\/\/evertonfc.cz\/#organization\"},\"potentialAction\":[{\"@type\":\"SearchAction\",\"target\":{\"@type\":\"EntryPoint\",\"urlTemplate\":\"https:\/\/evertonfc.cz\/?s={search_term_string}\"},\"query-input\":{\"@type\":\"PropertyValueSpecification\",\"valueRequired\":true,\"valueName\":\"search_term_string\"}}],\"inLanguage\":\"cs\"},{\"@type\":\"Organization\",\"@id\":\"https:\/\/evertonfc.cz\/#organization\",\"name\":\"Official Czech & Slovak Everton Supporters' Club\",\"url\":\"https:\/\/evertonfc.cz\/\",\"logo\":{\"@type\":\"ImageObject\",\"inLanguage\":\"cs\",\"@id\":\"https:\/\/evertonfc.cz\/#\/schema\/logo\/image\/\",\"url\":\"https:\/\/evertonfc.cz\/wp-content\/uploads\/2019\/05\/logo.png\",\"contentUrl\":\"https:\/\/evertonfc.cz\/wp-content\/uploads\/2019\/05\/logo.png\",\"width\":112,\"height\":112,\"caption\":\"Official Czech & Slovak Everton Supporters' Club\"},\"image\":{\"@id\":\"https:\/\/evertonfc.cz\/#\/schema\/logo\/image\/\"},\"sameAs\":[\"https:\/\/www.facebook.com\/everton.fans.cz.sk\"]},{\"@type\":\"Person\",\"@id\":\"https:\/\/evertonfc.cz\/#\/schema\/person\/d4493b8cbea51532597fbc4685698916\",\"name\":\"BlueBlooded\",\"url\":\"https:\/\/evertonfc.cz\/index.php\/author\/admin\/\"}]}<\/script>\n<!-- \/ Yoast SEO plugin. -->","yoast_head_json":{"title":"Tottenham Hotspur \u2013 Everton 0:1 - Official Czech &amp; Slovak Everton Supporters&#039; Club","robots":{"index":"index","follow":"follow","max-snippet":"max-snippet:-1","max-image-preview":"max-image-preview:large","max-video-preview":"max-video-preview:-1"},"canonical":"https:\/\/evertonfc.cz\/index.php\/2020\/09\/14\/tottenham-hotspur-everton-10-2\/","og_locale":"cs_CZ","og_type":"article","og_title":"Tottenham Hotspur \u2013 Everton 0:1 - Official Czech &amp; Slovak Everton Supporters&#039; Club","og_description":"\u0160tyridsa\u0165 z\u00e1pasov potrebovali Karamelky na to, aby kone\u010dne zv\u00ed\u0165azili na tr\u00e1vniku jedn\u00e9ho z klubov prvej \u0161estky. A ve\u013ekou mierou im k tomu dopomohli tri nov\u00e9 posily.","og_url":"https:\/\/evertonfc.cz\/index.php\/2020\/09\/14\/tottenham-hotspur-everton-10-2\/","og_site_name":"Official Czech &amp; Slovak Everton Supporters&#039; Club","article_publisher":"https:\/\/www.facebook.com\/everton.fans.cz.sk","article_published_time":"2020-09-14T18:32:47+00:00","article_modified_time":"2020-09-14T20:00:30+00:00","og_image":[{"width":720,"height":405,"url":"https:\/\/evertonfc.cz\/wp-content\/uploads\/2020\/09\/James-Everton-Tottenham-14-9-2020.jpg","type":"image\/jpeg"}],"author":"BlueBlooded","twitter_card":"summary_large_image","twitter_misc":{"Napsal(a)":"BlueBlooded","Odhadovan\u00e1 doba \u010dten\u00ed":"3 minuty"},"schema":{"@context":"https:\/\/schema.org","@graph":[{"@type":"Article","@id":"https:\/\/evertonfc.cz\/index.php\/2020\/09\/14\/tottenham-hotspur-everton-10-2\/#article","isPartOf":{"@id":"https:\/\/evertonfc.cz\/index.php\/2020\/09\/14\/tottenham-hotspur-everton-10-2\/"},"author":{"name":"BlueBlooded","@id":"https:\/\/evertonfc.cz\/#\/schema\/person\/d4493b8cbea51532597fbc4685698916"},"headline":"Tottenham Hotspur \u2013 Everton 0:1","datePublished":"2020-09-14T18:32:47+00:00","dateModified":"2020-09-14T20:00:30+00:00","mainEntityOfPage":{"@id":"https:\/\/evertonfc.cz\/index.php\/2020\/09\/14\/tottenham-hotspur-everton-10-2\/"},"wordCount":614,"commentCount":8,"publisher":{"@id":"https:\/\/evertonfc.cz\/#organization"},"image":{"@id":"https:\/\/evertonfc.cz\/index.php\/2020\/09\/14\/tottenham-hotspur-everton-10-2\/#primaryimage"},"thumbnailUrl":"https:\/\/evertonfc.cz\/wp-content\/uploads\/2020\/09\/James-Everton-Tottenham-14-9-2020.jpg","articleSection":["Z\u00e1pasy"],"inLanguage":"cs","potentialAction":[{"@type":"CommentAction","name":"Comment","target":["https:\/\/evertonfc.cz\/index.php\/2020\/09\/14\/tottenham-hotspur-everton-10-2\/#respond"]}]},{"@type":"WebPage","@id":"https:\/\/evertonfc.cz\/index.php\/2020\/09\/14\/tottenham-hotspur-everton-10-2\/","url":"https:\/\/evertonfc.cz\/index.php\/2020\/09\/14\/tottenham-hotspur-everton-10-2\/","name":"Tottenham Hotspur \u2013 Everton 0:1 - Official Czech &amp; Slovak Everton Supporters&#039; Club","isPartOf":{"@id":"https:\/\/evertonfc.cz\/#website"},"primaryImageOfPage":{"@id":"https:\/\/evertonfc.cz\/index.php\/2020\/09\/14\/tottenham-hotspur-everton-10-2\/#primaryimage"},"image":{"@id":"https:\/\/evertonfc.cz\/index.php\/2020\/09\/14\/tottenham-hotspur-everton-10-2\/#primaryimage"},"thumbnailUrl":"https:\/\/evertonfc.cz\/wp-content\/uploads\/2020\/09\/James-Everton-Tottenham-14-9-2020.jpg","datePublished":"2020-09-14T18:32:47+00:00","dateModified":"2020-09-14T20:00:30+00:00","breadcrumb":{"@id":"https:\/\/evertonfc.cz\/index.php\/2020\/09\/14\/tottenham-hotspur-everton-10-2\/#breadcrumb"},"inLanguage":"cs","potentialAction":[{"@type":"ReadAction","target":["https:\/\/evertonfc.cz\/index.php\/2020\/09\/14\/tottenham-hotspur-everton-10-2\/"]}]},{"@type":"ImageObject","inLanguage":"cs","@id":"https:\/\/evertonfc.cz\/index.php\/2020\/09\/14\/tottenham-hotspur-everton-10-2\/#primaryimage","url":"https:\/\/evertonfc.cz\/wp-content\/uploads\/2020\/09\/James-Everton-Tottenham-14-9-2020.jpg","contentUrl":"https:\/\/evertonfc.cz\/wp-content\/uploads\/2020\/09\/James-Everton-Tottenham-14-9-2020.jpg","width":720,"height":405},{"@type":"BreadcrumbList","@id":"https:\/\/evertonfc.cz\/index.php\/2020\/09\/14\/tottenham-hotspur-everton-10-2\/#breadcrumb","itemListElement":[{"@type":"ListItem","position":1,"name":"Home","item":"https:\/\/evertonfc.cz\/"},{"@type":"ListItem","position":2,"name":"Tottenham Hotspur \u2013 Everton 0:1"}]},{"@type":"WebSite","@id":"https:\/\/evertonfc.cz\/#website","url":"https:\/\/evertonfc.cz\/","name":"Official Czech &amp; Slovak Everton Supporters&#039; Club","description":"","publisher":{"@id":"https:\/\/evertonfc.cz\/#organization"},"potentialAction":[{"@type":"SearchAction","target":{"@type":"EntryPoint","urlTemplate":"https:\/\/evertonfc.cz\/?s={search_term_string}"},"query-input":{"@type":"PropertyValueSpecification","valueRequired":true,"valueName":"search_term_string"}}],"inLanguage":"cs"},{"@type":"Organization","@id":"https:\/\/evertonfc.cz\/#organization","name":"Official Czech & Slovak Everton Supporters' Club","url":"https:\/\/evertonfc.cz\/","logo":{"@type":"ImageObject","inLanguage":"cs","@id":"https:\/\/evertonfc.cz\/#\/schema\/logo\/image\/","url":"https:\/\/evertonfc.cz\/wp-content\/uploads\/2019\/05\/logo.png","contentUrl":"https:\/\/evertonfc.cz\/wp-content\/uploads\/2019\/05\/logo.png","width":112,"height":112,"caption":"Official Czech & Slovak Everton Supporters' Club"},"image":{"@id":"https:\/\/evertonfc.cz\/#\/schema\/logo\/image\/"},"sameAs":["https:\/\/www.facebook.com\/everton.fans.cz.sk"]},{"@type":"Person","@id":"https:\/\/evertonfc.cz\/#\/schema\/person\/d4493b8cbea51532597fbc4685698916","name":"BlueBlooded","url":"https:\/\/evertonfc.cz\/index.php\/author\/admin\/"}]}},"_links":{"self":[{"href":"https:\/\/evertonfc.cz\/index.php\/wp-json\/wp\/v2\/posts\/11971"}],"collection":[{"href":"https:\/\/evertonfc.cz\/index.php\/wp-json\/wp\/v2\/posts"}],"about":[{"href":"https:\/\/evertonfc.cz\/index.php\/wp-json\/wp\/v2\/types\/post"}],"author":[{"embeddable":true,"href":"https:\/\/evertonfc.cz\/index.php\/wp-json\/wp\/v2\/users\/1"}],"replies":[{"embeddable":true,"href":"https:\/\/evertonfc.cz\/index.php\/wp-json\/wp\/v2\/comments?post=11971"}],"version-history":[{"count":6,"href":"https:\/\/evertonfc.cz\/index.php\/wp-json\/wp\/v2\/posts\/11971\/revisions"}],"predecessor-version":[{"id":11978,"href":"https:\/\/evertonfc.cz\/index.php\/wp-json\/wp\/v2\/posts\/11971\/revisions\/11978"}],"wp:featuredmedia":[{"embeddable":true,"href":"https:\/\/evertonfc.cz\/index.php\/wp-json\/wp\/v2\/media\/11970"}],"wp:attachment":[{"href":"https:\/\/evertonfc.cz\/index.php\/wp-json\/wp\/v2\/media?parent=11971"}],"wp:term":[{"taxonomy":"category","embeddable":true,"href":"https:\/\/evertonfc.cz\/index.php\/wp-json\/wp\/v2\/categories?post=11971"},{"taxonomy":"post_tag","embeddable":true,"href":"https:\/\/evertonfc.cz\/index.php\/wp-json\/wp\/v2\/tags?post=11971"}],"curies":[{"name":"wp","href":"https:\/\/api.w.org\/{rel}","templated":true}]}}