{"id":11995,"date":"2020-09-15T14:40:20","date_gmt":"2020-09-15T12:40:20","guid":{"rendered":"https:\/\/evertonfc.cz\/?p=11995"},"modified":"2020-09-22T10:07:11","modified_gmt":"2020-09-22T08:07:11","slug":"oficialny-cesky-a-slovensky-fanklub-evertonu-rocnik-2020-21","status":"publish","type":"post","link":"https:\/\/evertonfc.cz\/index.php\/2020\/09\/15\/oficialny-cesky-a-slovensky-fanklub-evertonu-rocnik-2020-21\/","title":{"rendered":"Ofici\u00e1lny \u010desk\u00fd a slovensk\u00fd fanklub Evertonu: 2020\/21"},"content":{"rendered":"<h4>Siedmy rok po sebe nebude \u010cesko a\u00a0Slovensko ch\u00fdba\u0165 na svetovej mape fan\u00fa\u0161ikov The Toffees. Chcete by\u0165 pri tom? Pridajte sa k\u00a0n\u00e1m a\u00a0bu\u010fte s\u00fa\u010das\u0165ou klubu!<\/h4>\n<p>Ned\u00e1vno sme v\u00e1s informovali <a href=\"https:\/\/evertonfc.cz\/index.php\/2020\/08\/19\/platene-rocne-clenstvo-2020-21\/\" target=\"_blank\" rel=\"noopener noreferrer\">o\u00a0mo\u017enosti zak\u00fapenia ro\u010dn\u00e9ho \u010dlenstva International Membership<\/a>, ktor\u00e9 Everton pon\u00faka svoj\u00edm nad\u0161encom za hranicami. Je to tak\u00fd s\u00fahrn ro\u010dn\u00fdch platen\u00fdch slu\u017eieb s v\u00fdhodami, ktor\u00e9 z\u00edskate po zaplaten\u00ed. Klub v\u00e1s registruje a\u00a0vy m\u00e1te lep\u0161\u00ed pr\u00edstup k\u00a0l\u00edstkom.<\/p>\n<p>Ofici\u00e1lny fanklub (<em>Supporter\u00b4s Club<\/em>) je v\u0161ak in\u00e1 k\u00e1va. Ako zdru\u017eenie fan\u00fa\u0161ikov u\u017e m\u00e1me v\u00e4\u010d\u0161ie schopnosti a\u00a0pr\u00e1vomoci. Jednou z\u00a0nich je napr\u00edklad aj mo\u017enos\u0165 pou\u017e\u00edvania klubov\u00e9ho loga na na\u0161ej str\u00e1nke. A\u00a0to nie je \u017eiadna mali\u010dkos\u0165, nako\u013eko ide o\u00a0obchodn\u00fa zna\u010dku. Nehovoriac o hromadnom pr\u00edstupe k\u00a0l\u00edstkom, bez ktor\u00fdch by sme sa napr\u00edklad nez\u00fa\u010dastnili <a href=\"https:\/\/evertonfc.cz\/index.php\/2017\/08\/20\/hlasenie-ruzombersky-vyjazd\/\" target=\"_blank\" rel=\"noopener noreferrer\">z\u00e1pasu Eur\u00f3pskej ligy v\u00a0Ru\u017eomberku.<\/a><\/p>\n<h4><strong>Status Quo<\/strong><\/h4>\n<p>Hl\u00e1sim, \u017ee aktu\u00e1lny stav n\u00e1\u0161ho fanklubu je v\u00fdborn\u00fd. Na pravidelnej b\u00e1ze komunikujeme s klubom a ofici\u00e1lnym f\u00f3rom fan\u00fa\u0161ikov. N\u00e1\u0161 web na\u010falej funguje aj v\u010faka obetavej pr\u00e1ci redaktorov a aktu\u00e1lne sa te\u0161\u00ed ve\u013ekej n\u00e1v\u0161tevnosti. K dne\u0161n\u00e9mu d\u0148u evidujeme vo fanklube 31 \u010dlenov a \u010dleniek.<\/p>\n<p>Aktu\u00e1lne inform\u00e1cie o fanklube m\u00f4\u017eete v\u017edy n\u00e1js\u0165 v menu <em>Supporter\u00b4s Club.<\/em> N\u00e1jdete tam zoznam \u010dl\u00e1nkov o dian\u00ed, n\u00e1vod ako sa sta\u0165 \u010dlenom a aktu\u00e1lne platn\u00fd ro\u010dn\u00edk fanklubu. Za minul\u00fa sez\u00f3nu n\u00e1m z vybran\u00fdch benefitov dorazil bohu\u017eia\u013e (alebo chvalabohu) len podp\u00edsan\u00fd dres, ktor\u00fd bude vydra\u017een\u00fd v aukcii na dobro\u010dinn\u00e9 \u00fa\u010dely. V pr\u00edpade \u010fal\u0161\u00edch ot\u00e1zok oh\u013eadom diania nev\u00e1ha\u0165 a p\u00fdta\u0165 sa v koment\u00e1roch.<\/p>\n<p>V minulom roku prebehli men\u0161ie zmeny vo veden\u00ed, kedy som na poste predsedu nahradil Ri\u010diho, ktor\u00fd prevzal funkciu pokladn\u00edka. Na mieste tajomn\u00edka fanklubu aj na\u010falej ost\u00e1va Javor.<\/p>\n<p><strong>Ak niekto zo s\u00fa\u010dasn\u00fdch \u010dlenov fanklubu m\u00e1 pripomienky k\u00a0obsadeniu jednotliv\u00fdch postov a\u00a0\u017eelal by si zmenu, v koment\u00e1roch pod \u010dl\u00e1nkom m\u00f4\u017ee otvori\u0165 diskusiu na t\u00fato t\u00e9mu.<\/strong> Pros\u00edm neb\u00e1\u0165 sa, nie sme v Bielorusku. M\u00e1me tu demokraciu, hoci vo\u013eby v pravom zmysle slova sme na webe e\u0161te nemali. <strong>Ak s\u00fahlas\u00edte zo s\u00fa\u010dasn\u00fdm veden\u00edm, taktie\u017e sa, pros\u00edm, vyjadrite koment\u00e1roch.<\/strong><\/p>\n<h3><strong>Ako sa sta\u0165 \u010dlenom fanklubu?<\/strong><\/h3>\n<p>V\u0161etk\u00fdm, ktor\u00ed u\u017e s\u00fa \u010dlenmi fanklubu a s\u00fa akt\u00edvni (zaregistrovan\u00ed na webe, chodia na zrazy, udr\u017euj\u00fa kontakt), <strong>bude \u010dlenstvo v sez\u00f3ne 2020\/21 automaticky pred\u013a\u017een\u00e9.<\/strong> Z fanklubu bud\u00fa odhl\u00e1sen\u00ed len na vlastn\u00fa \u017eiados\u0165, ktor\u00fa nap\u00ed\u0161u na e-mail: <strong><a href=\"mailto:czskevertonians@gmail.com\">czskevertonians@gmail.com<\/a><\/strong>.<\/p>\n<p><strong>Ak si existuj\u00faci \u010dlenovia chc\u00fa zmeni\u0165 osobn\u00e9 \u00fadaje, alebo si nie s\u00fa ist\u00ed, \u010di s\u00fa \u010dlenmi fanklubu, op\u00e4\u0165 pros\u00edme o e-mail na na\u0161u adresu.<\/strong><\/p>\n<p><strong>Nov\u00fdch z\u00e1ujemcov o \u010dlenstvo pros\u00edme, aby do 20. 09. 2020 poslali svoju \u017eiados\u0165 na n\u00e1\u0161 mail<\/strong> &#8211; <strong><a href=\"mailto:czskevertonians@gmail.com\">czskevertonians@gmail.com<\/a><\/strong>.. V spr\u00e1ve uve\u010fte nasleduj\u00face inform\u00e1cie:<\/p>\n<ul>\n<li><strong>Customer number* (spotrebite\u013esk\u00e9 \u010d\u00edslo):<\/strong><\/li>\n<li><strong>Titul:<\/strong><\/li>\n<li><strong>Meno a\u00a0priezvisko*:<\/strong><\/li>\n<li><strong>Pohlavie:<\/strong><\/li>\n<li><strong>Adresa*\u00a0(ulica, mesto, PS\u010c, \u0161t\u00e1t):<\/strong><\/li>\n<li><strong>Emailov\u00e1 adresa*:<\/strong><\/li>\n<li><strong>Telef\u00f3nne \u010d\u00edslo:<\/strong><\/li>\n<li><strong>D\u00e1tum narodenia*:<\/strong><\/li>\n<li><strong>Posielajte mi inform\u00e1cie a ponuky Everton FC*: \u00c1no \/ Nie\u00a0(za\u0161krtnite o \u010do m\u00e1te z\u00e1ujem).<\/strong><\/li>\n<\/ul>\n<p style=\"text-align: center;\"><strong>*<\/strong>\u00a0<em>\u2013 povinn\u00fd \u00fadaj<\/em><\/p>\n<p>Bude pre n\u00e1s u\u017eito\u010dn\u00e9, ak k svojmu menu nap\u00ed\u0161ete aj V\u00e1\u0161 nick, ktor\u00ed pou\u017e\u00edvate na na\u0161ej str\u00e1nke (nepovinn\u00e9).<\/p>\n<p><b>Nov\u00e1\u010dikovia pozor! Customer number (spotrebite\u013esk\u00e9 \u010d\u00edslo) je povinn\u00fd \u00fadaj &#8211; z\u00edskava sa registr\u00e1ciou (tzv. Digital membership) na ofici\u00e1lnej\u00a0str\u00e1nke klubu: <\/b><a style=\"font-weight: bold;\" href=\"https:\/\/www.evertonfc.com\/\" target=\"_blank\" rel=\"noopener noreferrer\">evertonfc.com<\/a><b> &#8211; <\/b><strong>mus\u00edte<\/strong>\u00a0<strong>ho vyplni\u0165.<\/strong> Je potrebn\u00fd pre pr\u00edstup k l\u00edstkom, ktor\u00e9 sa rie\u0161ia v\u017edy na toto konkr\u00e9tne \u010d\u00edslo ka\u017ed\u00e9ho fan\u00fa\u0161ika. M\u00e1 ho u\u017e ka\u017ed\u00fd, kto si niekedy:<\/p>\n<ul style=\"list-style-type: circle;\">\n<li>k\u00fapil \u010dlenstvo v ofici\u00e1lnom fanklube pre individu\u00e1lnych \u010dlenov Official Membership<\/li>\n<li>k\u00fapil l\u00edstok na z\u00e1pas (\u010d\u00edslo je nap\u00edsan\u00e9 na l\u00edstku)<\/li>\n<li>absolvoval prehliadku Goodison Parku<\/li>\n<li>k\u00fapil cez str\u00e1nku EFC suven\u00edr.<\/li>\n<\/ul>\n<p>V pr\u00edpade straty Customer number v\u00e1m bude jeho \u010d\u00edslo povedan\u00e9 na linke Everton Fan Center na \u010d\u00edsle 0044 151 556 1878, alebo ho z\u00edskate registr\u00e1ciou na\u00a0<a href=\"https:\/\/tickets.evertonfc.com\/\"><strong>e-ticketingu<\/strong><\/a>.<\/p>\n<p>Viac o v\u00fdhod\u00e1ch \u010dlenstva v Ofici\u00e1lnom klube podporovate\u013eov n\u00e1jdete na str\u00e1nke <strong><a href=\"https:\/\/evertonfc.cz\/index.php\/jak-se-pridat\/\" target=\"_blank\" rel=\"noopener noreferrer\">\u201eJak se p\u0159idat?\u201c<\/a><\/strong><\/p>\n","protected":false},"excerpt":{"rendered":"<p>Siedmy rok po sebe nebude \u010cesko a Slovensko ch\u00fdba\u0165 na svetovej mape fan\u00fa\u0161ikov The Toffees. Chcete by\u0165 pri tom? Pridajte sa k n\u00e1m a bu\u010fte s\u00fa\u010das\u0165ou klubu!<\/p>\n","protected":false},"author":1,"featured_media":9016,"comment_status":"open","ping_status":"closed","sticky":false,"template":"","format":"standard","meta":{"_eb_attr":"","_monsterinsights_skip_tracking":false,"_monsterinsights_sitenote_active":false,"_monsterinsights_sitenote_note":"","_monsterinsights_sitenote_category":0,"footnotes":""},"categories":[85],"tags":[],"yoast_head":"<!-- This site is optimized with the Yoast SEO plugin v23.4 - https:\/\/yoast.com\/wordpress\/plugins\/seo\/ -->\n<title>Ofici\u00e1lny \u010desk\u00fd a slovensk\u00fd fanklub Evertonu: 2020\/21 - Official Czech &amp; Slovak Everton Supporters&#039; Club<\/title>\n<meta name=\"robots\" content=\"index, follow, max-snippet:-1, max-image-preview:large, max-video-preview:-1\" \/>\n<link rel=\"canonical\" href=\"https:\/\/evertonfc.cz\/index.php\/2020\/09\/15\/oficialny-cesky-a-slovensky-fanklub-evertonu-rocnik-2020-21\/\" \/>\n<meta property=\"og:locale\" content=\"cs_CZ\" \/>\n<meta property=\"og:type\" content=\"article\" \/>\n<meta property=\"og:title\" content=\"Ofici\u00e1lny \u010desk\u00fd a slovensk\u00fd fanklub Evertonu: 2020\/21 - Official Czech &amp; Slovak Everton Supporters&#039; Club\" \/>\n<meta property=\"og:description\" content=\"Siedmy rok po sebe nebude \u010cesko a Slovensko ch\u00fdba\u0165 na svetovej mape fan\u00fa\u0161ikov The Toffees. Chcete by\u0165 pri tom? Pridajte sa k n\u00e1m a bu\u010fte s\u00fa\u010das\u0165ou klubu!\" \/>\n<meta property=\"og:url\" content=\"https:\/\/evertonfc.cz\/index.php\/2020\/09\/15\/oficialny-cesky-a-slovensky-fanklub-evertonu-rocnik-2020-21\/\" \/>\n<meta property=\"og:site_name\" content=\"Official Czech &amp; Slovak Everton Supporters&#039; Club\" \/>\n<meta property=\"article:publisher\" content=\"https:\/\/www.facebook.com\/everton.fans.cz.sk\" \/>\n<meta property=\"article:published_time\" content=\"2020-09-15T12:40:20+00:00\" \/>\n<meta property=\"article:modified_time\" content=\"2020-09-22T08:07:11+00:00\" \/>\n<meta property=\"og:image\" content=\"https:\/\/evertonfc.cz\/wp-content\/uploads\/2019\/07\/Goodison.jpg\" \/>\n\t<meta property=\"og:image:width\" content=\"720\" \/>\n\t<meta property=\"og:image:height\" content=\"405\" \/>\n\t<meta property=\"og:image:type\" content=\"image\/jpeg\" \/>\n<meta name=\"author\" content=\"BlueBlooded\" \/>\n<meta name=\"twitter:card\" content=\"summary_large_image\" \/>\n<meta name=\"twitter:label1\" content=\"Napsal(a)\" \/>\n\t<meta name=\"twitter:data1\" content=\"BlueBlooded\" \/>\n\t<meta name=\"twitter:label2\" content=\"Odhadovan\u00e1 doba \u010dten\u00ed\" \/>\n\t<meta name=\"twitter:data2\" content=\"4 minuty\" \/>\n<script type=\"application\/ld+json\" class=\"yoast-schema-graph\">{\"@context\":\"https:\/\/schema.org\",\"@graph\":[{\"@type\":\"Article\",\"@id\":\"https:\/\/evertonfc.cz\/index.php\/2020\/09\/15\/oficialny-cesky-a-slovensky-fanklub-evertonu-rocnik-2020-21\/#article\",\"isPartOf\":{\"@id\":\"https:\/\/evertonfc.cz\/index.php\/2020\/09\/15\/oficialny-cesky-a-slovensky-fanklub-evertonu-rocnik-2020-21\/\"},\"author\":{\"name\":\"BlueBlooded\",\"@id\":\"https:\/\/evertonfc.cz\/#\/schema\/person\/d4493b8cbea51532597fbc4685698916\"},\"headline\":\"Ofici\u00e1lny \u010desk\u00fd a slovensk\u00fd fanklub Evertonu: 2020\/21\",\"datePublished\":\"2020-09-15T12:40:20+00:00\",\"dateModified\":\"2020-09-22T08:07:11+00:00\",\"mainEntityOfPage\":{\"@id\":\"https:\/\/evertonfc.cz\/index.php\/2020\/09\/15\/oficialny-cesky-a-slovensky-fanklub-evertonu-rocnik-2020-21\/\"},\"wordCount\":773,\"commentCount\":5,\"publisher\":{\"@id\":\"https:\/\/evertonfc.cz\/#organization\"},\"image\":{\"@id\":\"https:\/\/evertonfc.cz\/index.php\/2020\/09\/15\/oficialny-cesky-a-slovensky-fanklub-evertonu-rocnik-2020-21\/#primaryimage\"},\"thumbnailUrl\":\"https:\/\/evertonfc.cz\/wp-content\/uploads\/2019\/07\/Goodison.jpg\",\"articleSection\":[\"Supporters' Club\"],\"inLanguage\":\"cs\",\"potentialAction\":[{\"@type\":\"CommentAction\",\"name\":\"Comment\",\"target\":[\"https:\/\/evertonfc.cz\/index.php\/2020\/09\/15\/oficialny-cesky-a-slovensky-fanklub-evertonu-rocnik-2020-21\/#respond\"]}]},{\"@type\":\"WebPage\",\"@id\":\"https:\/\/evertonfc.cz\/index.php\/2020\/09\/15\/oficialny-cesky-a-slovensky-fanklub-evertonu-rocnik-2020-21\/\",\"url\":\"https:\/\/evertonfc.cz\/index.php\/2020\/09\/15\/oficialny-cesky-a-slovensky-fanklub-evertonu-rocnik-2020-21\/\",\"name\":\"Ofici\u00e1lny \u010desk\u00fd a slovensk\u00fd fanklub Evertonu: 2020\/21 - Official Czech &amp; Slovak Everton Supporters&#039; Club\",\"isPartOf\":{\"@id\":\"https:\/\/evertonfc.cz\/#website\"},\"primaryImageOfPage\":{\"@id\":\"https:\/\/evertonfc.cz\/index.php\/2020\/09\/15\/oficialny-cesky-a-slovensky-fanklub-evertonu-rocnik-2020-21\/#primaryimage\"},\"image\":{\"@id\":\"https:\/\/evertonfc.cz\/index.php\/2020\/09\/15\/oficialny-cesky-a-slovensky-fanklub-evertonu-rocnik-2020-21\/#primaryimage\"},\"thumbnailUrl\":\"https:\/\/evertonfc.cz\/wp-content\/uploads\/2019\/07\/Goodison.jpg\",\"datePublished\":\"2020-09-15T12:40:20+00:00\",\"dateModified\":\"2020-09-22T08:07:11+00:00\",\"breadcrumb\":{\"@id\":\"https:\/\/evertonfc.cz\/index.php\/2020\/09\/15\/oficialny-cesky-a-slovensky-fanklub-evertonu-rocnik-2020-21\/#breadcrumb\"},\"inLanguage\":\"cs\",\"potentialAction\":[{\"@type\":\"ReadAction\",\"target\":[\"https:\/\/evertonfc.cz\/index.php\/2020\/09\/15\/oficialny-cesky-a-slovensky-fanklub-evertonu-rocnik-2020-21\/\"]}]},{\"@type\":\"ImageObject\",\"inLanguage\":\"cs\",\"@id\":\"https:\/\/evertonfc.cz\/index.php\/2020\/09\/15\/oficialny-cesky-a-slovensky-fanklub-evertonu-rocnik-2020-21\/#primaryimage\",\"url\":\"https:\/\/evertonfc.cz\/wp-content\/uploads\/2019\/07\/Goodison.jpg\",\"contentUrl\":\"https:\/\/evertonfc.cz\/wp-content\/uploads\/2019\/07\/Goodison.jpg\",\"width\":720,\"height\":405},{\"@type\":\"BreadcrumbList\",\"@id\":\"https:\/\/evertonfc.cz\/index.php\/2020\/09\/15\/oficialny-cesky-a-slovensky-fanklub-evertonu-rocnik-2020-21\/#breadcrumb\",\"itemListElement\":[{\"@type\":\"ListItem\",\"position\":1,\"name\":\"Home\",\"item\":\"https:\/\/evertonfc.cz\/\"},{\"@type\":\"ListItem\",\"position\":2,\"name\":\"Ofici\u00e1lny \u010desk\u00fd a slovensk\u00fd fanklub Evertonu: 2020\/21\"}]},{\"@type\":\"WebSite\",\"@id\":\"https:\/\/evertonfc.cz\/#website\",\"url\":\"https:\/\/evertonfc.cz\/\",\"name\":\"Official Czech &amp; Slovak Everton Supporters&#039; Club\",\"description\":\"\",\"publisher\":{\"@id\":\"https:\/\/evertonfc.cz\/#organization\"},\"potentialAction\":[{\"@type\":\"SearchAction\",\"target\":{\"@type\":\"EntryPoint\",\"urlTemplate\":\"https:\/\/evertonfc.cz\/?s={search_term_string}\"},\"query-input\":{\"@type\":\"PropertyValueSpecification\",\"valueRequired\":true,\"valueName\":\"search_term_string\"}}],\"inLanguage\":\"cs\"},{\"@type\":\"Organization\",\"@id\":\"https:\/\/evertonfc.cz\/#organization\",\"name\":\"Official Czech & Slovak Everton Supporters' Club\",\"url\":\"https:\/\/evertonfc.cz\/\",\"logo\":{\"@type\":\"ImageObject\",\"inLanguage\":\"cs\",\"@id\":\"https:\/\/evertonfc.cz\/#\/schema\/logo\/image\/\",\"url\":\"https:\/\/evertonfc.cz\/wp-content\/uploads\/2019\/05\/logo.png\",\"contentUrl\":\"https:\/\/evertonfc.cz\/wp-content\/uploads\/2019\/05\/logo.png\",\"width\":112,\"height\":112,\"caption\":\"Official Czech & Slovak Everton Supporters' Club\"},\"image\":{\"@id\":\"https:\/\/evertonfc.cz\/#\/schema\/logo\/image\/\"},\"sameAs\":[\"https:\/\/www.facebook.com\/everton.fans.cz.sk\"]},{\"@type\":\"Person\",\"@id\":\"https:\/\/evertonfc.cz\/#\/schema\/person\/d4493b8cbea51532597fbc4685698916\",\"name\":\"BlueBlooded\",\"url\":\"https:\/\/evertonfc.cz\/index.php\/author\/admin\/\"}]}<\/script>\n<!-- \/ Yoast SEO plugin. -->","yoast_head_json":{"title":"Ofici\u00e1lny \u010desk\u00fd a slovensk\u00fd fanklub Evertonu: 2020\/21 - Official Czech &amp; Slovak Everton Supporters&#039; Club","robots":{"index":"index","follow":"follow","max-snippet":"max-snippet:-1","max-image-preview":"max-image-preview:large","max-video-preview":"max-video-preview:-1"},"canonical":"https:\/\/evertonfc.cz\/index.php\/2020\/09\/15\/oficialny-cesky-a-slovensky-fanklub-evertonu-rocnik-2020-21\/","og_locale":"cs_CZ","og_type":"article","og_title":"Ofici\u00e1lny \u010desk\u00fd a slovensk\u00fd fanklub Evertonu: 2020\/21 - Official Czech &amp; Slovak Everton Supporters&#039; Club","og_description":"Siedmy rok po sebe nebude \u010cesko a Slovensko ch\u00fdba\u0165 na svetovej mape fan\u00fa\u0161ikov The Toffees. Chcete by\u0165 pri tom? Pridajte sa k n\u00e1m a bu\u010fte s\u00fa\u010das\u0165ou klubu!","og_url":"https:\/\/evertonfc.cz\/index.php\/2020\/09\/15\/oficialny-cesky-a-slovensky-fanklub-evertonu-rocnik-2020-21\/","og_site_name":"Official Czech &amp; Slovak Everton Supporters&#039; Club","article_publisher":"https:\/\/www.facebook.com\/everton.fans.cz.sk","article_published_time":"2020-09-15T12:40:20+00:00","article_modified_time":"2020-09-22T08:07:11+00:00","og_image":[{"width":720,"height":405,"url":"https:\/\/evertonfc.cz\/wp-content\/uploads\/2019\/07\/Goodison.jpg","type":"image\/jpeg"}],"author":"BlueBlooded","twitter_card":"summary_large_image","twitter_misc":{"Napsal(a)":"BlueBlooded","Odhadovan\u00e1 doba \u010dten\u00ed":"4 minuty"},"schema":{"@context":"https:\/\/schema.org","@graph":[{"@type":"Article","@id":"https:\/\/evertonfc.cz\/index.php\/2020\/09\/15\/oficialny-cesky-a-slovensky-fanklub-evertonu-rocnik-2020-21\/#article","isPartOf":{"@id":"https:\/\/evertonfc.cz\/index.php\/2020\/09\/15\/oficialny-cesky-a-slovensky-fanklub-evertonu-rocnik-2020-21\/"},"author":{"name":"BlueBlooded","@id":"https:\/\/evertonfc.cz\/#\/schema\/person\/d4493b8cbea51532597fbc4685698916"},"headline":"Ofici\u00e1lny \u010desk\u00fd a slovensk\u00fd fanklub Evertonu: 2020\/21","datePublished":"2020-09-15T12:40:20+00:00","dateModified":"2020-09-22T08:07:11+00:00","mainEntityOfPage":{"@id":"https:\/\/evertonfc.cz\/index.php\/2020\/09\/15\/oficialny-cesky-a-slovensky-fanklub-evertonu-rocnik-2020-21\/"},"wordCount":773,"commentCount":5,"publisher":{"@id":"https:\/\/evertonfc.cz\/#organization"},"image":{"@id":"https:\/\/evertonfc.cz\/index.php\/2020\/09\/15\/oficialny-cesky-a-slovensky-fanklub-evertonu-rocnik-2020-21\/#primaryimage"},"thumbnailUrl":"https:\/\/evertonfc.cz\/wp-content\/uploads\/2019\/07\/Goodison.jpg","articleSection":["Supporters' Club"],"inLanguage":"cs","potentialAction":[{"@type":"CommentAction","name":"Comment","target":["https:\/\/evertonfc.cz\/index.php\/2020\/09\/15\/oficialny-cesky-a-slovensky-fanklub-evertonu-rocnik-2020-21\/#respond"]}]},{"@type":"WebPage","@id":"https:\/\/evertonfc.cz\/index.php\/2020\/09\/15\/oficialny-cesky-a-slovensky-fanklub-evertonu-rocnik-2020-21\/","url":"https:\/\/evertonfc.cz\/index.php\/2020\/09\/15\/oficialny-cesky-a-slovensky-fanklub-evertonu-rocnik-2020-21\/","name":"Ofici\u00e1lny \u010desk\u00fd a slovensk\u00fd fanklub Evertonu: 2020\/21 - Official Czech &amp; Slovak Everton Supporters&#039; Club","isPartOf":{"@id":"https:\/\/evertonfc.cz\/#website"},"primaryImageOfPage":{"@id":"https:\/\/evertonfc.cz\/index.php\/2020\/09\/15\/oficialny-cesky-a-slovensky-fanklub-evertonu-rocnik-2020-21\/#primaryimage"},"image":{"@id":"https:\/\/evertonfc.cz\/index.php\/2020\/09\/15\/oficialny-cesky-a-slovensky-fanklub-evertonu-rocnik-2020-21\/#primaryimage"},"thumbnailUrl":"https:\/\/evertonfc.cz\/wp-content\/uploads\/2019\/07\/Goodison.jpg","datePublished":"2020-09-15T12:40:20+00:00","dateModified":"2020-09-22T08:07:11+00:00","breadcrumb":{"@id":"https:\/\/evertonfc.cz\/index.php\/2020\/09\/15\/oficialny-cesky-a-slovensky-fanklub-evertonu-rocnik-2020-21\/#breadcrumb"},"inLanguage":"cs","potentialAction":[{"@type":"ReadAction","target":["https:\/\/evertonfc.cz\/index.php\/2020\/09\/15\/oficialny-cesky-a-slovensky-fanklub-evertonu-rocnik-2020-21\/"]}]},{"@type":"ImageObject","inLanguage":"cs","@id":"https:\/\/evertonfc.cz\/index.php\/2020\/09\/15\/oficialny-cesky-a-slovensky-fanklub-evertonu-rocnik-2020-21\/#primaryimage","url":"https:\/\/evertonfc.cz\/wp-content\/uploads\/2019\/07\/Goodison.jpg","contentUrl":"https:\/\/evertonfc.cz\/wp-content\/uploads\/2019\/07\/Goodison.jpg","width":720,"height":405},{"@type":"BreadcrumbList","@id":"https:\/\/evertonfc.cz\/index.php\/2020\/09\/15\/oficialny-cesky-a-slovensky-fanklub-evertonu-rocnik-2020-21\/#breadcrumb","itemListElement":[{"@type":"ListItem","position":1,"name":"Home","item":"https:\/\/evertonfc.cz\/"},{"@type":"ListItem","position":2,"name":"Ofici\u00e1lny \u010desk\u00fd a slovensk\u00fd fanklub Evertonu: 2020\/21"}]},{"@type":"WebSite","@id":"https:\/\/evertonfc.cz\/#website","url":"https:\/\/evertonfc.cz\/","name":"Official Czech &amp; Slovak Everton Supporters&#039; Club","description":"","publisher":{"@id":"https:\/\/evertonfc.cz\/#organization"},"potentialAction":[{"@type":"SearchAction","target":{"@type":"EntryPoint","urlTemplate":"https:\/\/evertonfc.cz\/?s={search_term_string}"},"query-input":{"@type":"PropertyValueSpecification","valueRequired":true,"valueName":"search_term_string"}}],"inLanguage":"cs"},{"@type":"Organization","@id":"https:\/\/evertonfc.cz\/#organization","name":"Official Czech & Slovak Everton Supporters' Club","url":"https:\/\/evertonfc.cz\/","logo":{"@type":"ImageObject","inLanguage":"cs","@id":"https:\/\/evertonfc.cz\/#\/schema\/logo\/image\/","url":"https:\/\/evertonfc.cz\/wp-content\/uploads\/2019\/05\/logo.png","contentUrl":"https:\/\/evertonfc.cz\/wp-content\/uploads\/2019\/05\/logo.png","width":112,"height":112,"caption":"Official Czech & Slovak Everton Supporters' Club"},"image":{"@id":"https:\/\/evertonfc.cz\/#\/schema\/logo\/image\/"},"sameAs":["https:\/\/www.facebook.com\/everton.fans.cz.sk"]},{"@type":"Person","@id":"https:\/\/evertonfc.cz\/#\/schema\/person\/d4493b8cbea51532597fbc4685698916","name":"BlueBlooded","url":"https:\/\/evertonfc.cz\/index.php\/author\/admin\/"}]}},"_links":{"self":[{"href":"https:\/\/evertonfc.cz\/index.php\/wp-json\/wp\/v2\/posts\/11995"}],"collection":[{"href":"https:\/\/evertonfc.cz\/index.php\/wp-json\/wp\/v2\/posts"}],"about":[{"href":"https:\/\/evertonfc.cz\/index.php\/wp-json\/wp\/v2\/types\/post"}],"author":[{"embeddable":true,"href":"https:\/\/evertonfc.cz\/index.php\/wp-json\/wp\/v2\/users\/1"}],"replies":[{"embeddable":true,"href":"https:\/\/evertonfc.cz\/index.php\/wp-json\/wp\/v2\/comments?post=11995"}],"version-history":[{"count":12,"href":"https:\/\/evertonfc.cz\/index.php\/wp-json\/wp\/v2\/posts\/11995\/revisions"}],"predecessor-version":[{"id":12094,"href":"https:\/\/evertonfc.cz\/index.php\/wp-json\/wp\/v2\/posts\/11995\/revisions\/12094"}],"wp:featuredmedia":[{"embeddable":true,"href":"https:\/\/evertonfc.cz\/index.php\/wp-json\/wp\/v2\/media\/9016"}],"wp:attachment":[{"href":"https:\/\/evertonfc.cz\/index.php\/wp-json\/wp\/v2\/media?parent=11995"}],"wp:term":[{"taxonomy":"category","embeddable":true,"href":"https:\/\/evertonfc.cz\/index.php\/wp-json\/wp\/v2\/categories?post=11995"},{"taxonomy":"post_tag","embeddable":true,"href":"https:\/\/evertonfc.cz\/index.php\/wp-json\/wp\/v2\/tags?post=11995"}],"curies":[{"name":"wp","href":"https:\/\/api.w.org\/{rel}","templated":true}]}}