{"id":12000,"date":"2020-09-16T08:59:15","date_gmt":"2020-09-16T06:59:15","guid":{"rendered":"https:\/\/evertonfc.cz\/?p=12000"},"modified":"2020-09-18T08:10:33","modified_gmt":"2020-09-18T06:10:33","slug":"preview-everton-salford-city","status":"publish","type":"post","link":"https:\/\/evertonfc.cz\/index.php\/2020\/09\/16\/preview-everton-salford-city\/","title":{"rendered":"LC Preview: Everton &#8211; Salford City"},"content":{"rendered":"<h4><strong>Tento t\u00fdden je na programu 2. kolo Ligov\u00e9ho poh\u00e1ru zvan\u00e9ho Carabao Cup, co do v\u00fdznamu druh\u00e9 sout\u011b\u017ee vy\u0159azovac\u00edho typu v Anglii. Evertonu tato trofej st\u00e1le chyb\u00ed, honbu za sl\u00e1vou letos za\u010dne proti Salford City.<\/strong><\/h4>\n<p>Ligov\u00fd poh\u00e1r je pova\u017eov\u00e1n za nejm\u00e9n\u011b presti\u017en\u00ed z hlavn\u00edch fotbalov\u00fdch sout\u011b\u017e\u00ed v Anglii, p\u0159esto, z posledn\u00edch 20 ro\u010dn\u00edk\u016f slavily \u00fasp\u011bch t\u00fdmy tzv. TOP6 hned \u0161estn\u00e1ctkr\u00e1t. Od roku 1960, kdy se sout\u011b\u017e za\u010dala hr\u00e1t, se Everton z\u00fa\u010dastnil 53kr\u00e1t, vynechal &#8222;telec\u00ed&#8220; ro\u010dn\u00edky 61\/62-66\/67 a 70\/71. Dvakr\u00e1t to Toffees dot\u00e1hli do fin\u00e1le, t\u0159ikr\u00e1t skon\u010dili v semifin\u00e1le a ve \u010dtvrtfin\u00e1le se zastavili \u010dty\u0159ikr\u00e1t. V prvn\u00ed ro\u010dn\u00edku 1960\/1961 vypadl Everton ve \u010dtvrtfin\u00e1le se Shrewsbury (tehdy t\u0159etiligov\u00fdm t\u00fdmem), posledn\u00ed \u010dtvrtfin\u00e1le prob\u011bhlo loni s Leicesterem. Semifin\u00e1le bylo kone\u010dn\u00e1 v sez\u00f3n\u011b 2015\/16,\u00a0 evertonsk\u00e9 fin\u00e1le je u\u017e dosti vousat\u00e9, je ze sez\u00f3ny 1983\/84. Tak\u017ee \u017e\u00e1dn\u00e1 velk\u00e1 sl\u00e1va na sout\u011b\u017e, kde za\u010d\u00edn\u00e1me ve druh\u00e9m, t\u0159et\u00edm kole a posledn\u00edch 8 t\u00fdm\u016f hraje kolo p\u00e1t\u00e9.<\/p>\n<p>Letos poprv\u00e9 se v\u00edt\u011bz, pokud op\u011bt nebude m\u00edt ambice na Ligu mistr\u016f, kvalifikuje do prvn\u00edho ro\u010dn\u00edku nov\u00e9 UEFA Europa Conference League, tedy evropsk\u00e9 poh\u00e1rov\u00e9 sout\u011b\u017ee 3. jakosti. Dal\u0161\u00ed zm\u011bnou je tak\u00e9 upu\u0161t\u011bn\u00ed od dvoukolov\u00e9ho pravidla pro semifin\u00e1le. \u0160ance na trofej se tak zd\u00e1nliv\u011b zvy\u0161uje.<\/p>\n<p>Los pro druh\u00e9 kolo ro\u010dn\u00edk 2020\/21 ur\u010dil za soupe\u0159e Salford City. Klub z oblasti &#8222;Velk\u00e9ho Manchesteru&#8220; vznikl a\u017e v roce 1940 jako Salford Central. N\u00e1zev se n\u011bkolikr\u00e1t zm\u011bnil, p\u0159es Amateurs, odkud vznikla klubov\u00e1 p\u0159ezd\u00edvka The Ammies, a\u017e po nyn\u011bj\u0161\u00ed, pod kter\u00fd je klub zn\u00e1m od roku 1990. P\u00e1r let p\u0159edt\u00edm, psal se rok 1980, se klub stal poloprofesion\u00e1ln\u00ed a nastoupil do ligy na 11. \u00farovni fotbalov\u00e9 pyramidy. Od t\u00e9 doby Salford pozvolna stoup\u00e1 vzh\u016fru.<\/p>\n<p>P\u0159elom nastal na za\u010d\u00e1tku 2014, kdy se klubu z poloviny ujal singapursk\u00fd podnikatel Peter Lim (sou\u010dasn\u011b majitel klubu Valencia CF) a skupina \u0159\u00edkaj\u00edc\u00ed si &#8222;Class of 92&#8220;, vytvo\u0159en\u00e1 6 (p\u016fvodn\u011b bez Beckhama) b\u00fdval\u00fdmi hr\u00e1\u010di, mezi nimi i b\u00fdval\u00fd kapit\u00e1n Evertonu Phil Neville. \u00dasp\u011bch se dostavil velmi rychle, od p\u0159evzet\u00ed klub postoupil \u010dty\u0159ikr\u00e1t. V mezi\u010dase se do z\u00e1huby propadla kol\u00e9bka Neville\u016f, Bury FC, podobn\u00e9mu osudu unikl jen o vl\u00e1sek dal\u0161\u00ed tradi\u010dn\u00ed m\u00edstn\u00ed klub Bolton Wanderers. Aby byla p\u0159ehl\u00eddka klub\u016f \u00fapln\u011bj\u0161\u00ed, zb\u00fdv\u00e1 doplnit, \u017ee na cest\u011b vzh\u016fru se Ammies potkali s dal\u0161\u00edm nov\u00e1\u010dkem v anglick\u00e9m fotbalu &#8211;\u00a0 FC United of Manchester. Jde o t\u00fdm zalo\u017een\u00fd nespokojen\u00fdmi fanou\u0161ky nejv\u011bt\u0161\u00edho klubu z Manchesteru.<\/p>\n<p>Salford\u0161t\u00ed to ale dot\u00e1hli d\u00e1l, i kdy\u017e se teprve od roku 2017 stali pln\u011b profesion\u00e1ln\u00edm klubem. V kv\u011btnu 2019 usp\u011bli v play-off National league a dostali se do League 2. Stali se tak \u010dleny EFL a d\u00edky tomu m\u011bli prvn\u00ed \u0161anci z\u00fa\u010dastnit se League Cup. Prvn\u00ed soupe\u0159 byl pro Salford City p\u0159\u00edli\u0161 siln\u00fd o\u0159\u00ed\u0161ek, s druholigov\u00fdm Leeds United prohr\u00e1li 0-3, ale letos u\u017e p\u0159es prvn\u00ed kolo pro\u0161li, postoupili p\u0159es rovn\u011b\u017e t\u00fdm z Champioship, Rotherham United a to po v\u00fdsledku 1-1 naklonili v\u00edt\u011bzstv\u00ed na svou stranu v penaltov\u00e9m rozst\u0159elu 4-2.<\/p>\n<p>T\u00fdm hraje sv\u00e9 z\u00e1pasy na st\u00e1nku Peninsula Stadium, d\u0159\u00edve zn\u00e1m\u00e9m jako Moor Lane, kam se vejde n\u011bco m\u00e1lo p\u0159es 5000 fanou\u0161k\u016f, pr\u016fm\u011brn\u00e1 n\u00e1v\u0161t\u011bva v L2 byla v\u0161ak polovi\u010dn\u00ed. Nov\u00e9 logo vzniklo v roce 2014, p\u0159ipom\u00edn\u00e1 znak mladoboleslavsk\u00e9ho hokeje, posu\u010fte sami.<\/p>\n<p>Sou\u010dasn\u00fd k\u00e1dr obsahuje n\u011bkolik zn\u00e1m\u00fdch jmen. V l\u00e9t\u011b ode\u0161la ofenzivn\u00ed opora Adam Rooney, kter\u00fd za 2 roky v t\u00fdmu z Peninsula stadium nast\u0159\u00edlel 29 branek. Naopak do branky t\u00fdm z\u00edskal V\u00e1clava Hladk\u00e9ho, b\u00fdval\u00fd brank\u00e1\u0159 Liberce p\u0159i\u0161el po \u0161taci ve skotsk\u00e9m St.Mirrenu. Tr\u00e9novat jej brank\u00e1\u0159sk\u00fd kou\u010d Carlo Nash, kter\u00fd se mihl v Evertonu v sez\u00f3n\u011b 2009\/10. Podobn\u011b jako on m\u00e1 na kont\u011b jeden z\u00e1pas za Toffees i Alex Denny, kter\u00fd pro\u0161el na\u0161\u00ed akademi\u00ed a m\u00e1 st\u00e1le jen 20 let. T\u00edm ale propojen\u00ed na Everton nekon\u010d\u00ed, proto\u017ee v k\u00e1dru je i dlouholet\u00fd marod, promi\u0148te, z\u00e1lo\u017en\u00edk Darron Gibson, kter\u00fd v letech 2012 a\u017e 2017 odehr\u00e1l za Everton 69 z\u00e1pas\u016f, p\u0159i tom se 2kr\u00e1t trefil do branky.<\/p>\n<p>Tipuji, \u017ee ambice klubu v leto\u0161n\u00ed League Two budou vy\u0161\u0161\u00ed ne\u017e leto\u0161n\u00ed 11. m\u00edsto, p\u0159eci jen m\u00e1 klub siln\u011bj\u0161\u00ed z\u00e1zem\u00ed ne\u017e ostatn\u00ed, Covidem zmo\u017een\u00ed sout\u011b\u017e\u00ed, pro n\u011b\u017e je p\u0159ev\u00e1\u017en\u00fdm zdrojem financ\u00ed pen\u00edze ze vstupn\u00e9ho. V tom jsou si oba dne\u0161n\u00ed soupe\u0159i tedy podobn\u00ed.<\/p>\n<p>T\u011b\u017eko odhadovat, kdo se postav\u00ed na h\u0159i\u0161t\u011b za Everton. V\u0161eobecn\u011b se p\u0159edpokl\u00e1d\u00e1, \u017ee to bude zcela jin\u00e1 sestava, ne\u017e kter\u00e1 rozcupovala v ned\u011bli Spurs. Kdo to ale opravdu bude, je nejasn\u00e9, u\u017e jen v brance; L\u00f6ssl o v\u00edkendu chyb\u011bl a nejsem si jist\u00fd, zda dostane Virginia d\u016fv\u011bru. V obran\u011b se nab\u00edz\u00ed mlad\u00ed Kenny, Nkounkou, Branthwaite, mo\u017en\u00e1 Gibson. Z\u00e1loha je opravdu nyn\u00ed p\u0159elidn\u011bn\u00e1, kdo bude hr\u00e1t a kdo se chyst\u00e1 na odchod, kdo to v\u00ed? V \u00fatoku by se mohl p\u0159edstavit Moise Kean, nov\u00e9 tv\u00e1\u0159e snad dostanou odpo\u010dinek.<\/p>\n<p>Dne\u0161n\u00ed z\u00e1pas se hraje od 21:15 SE\u010c v Goodison Parku, ale op\u011bt bez div\u00e1k\u016f. P\u00edskat bude Marc Edwards se zku\u0161enostmi sp\u00ed\u0161e z ni\u017e\u0161\u00edch sout\u011b\u017e\u00ed. V\u00edt\u011bz se m\u016f\u017ee t\u011b\u0161it v dal\u0161\u00edm kole na Fleetwood, kter\u00fd zat\u00edm pro\u0161el p\u0159es Wigan (3-2) a Port Vale (2-1). 3. kolo je na programu okolo 21. z\u00e1\u0159\u00ed 2020.<\/p>\n<p><strong>Co:<\/strong> Everton FC \u2013 Salford City FC, 2. kolo Ligov\u00fd poh\u00e1r<br \/>\n<strong>Kdy:<\/strong> 16. 09. 2020 od 21:15 SE\u010c<br \/>\n<strong>Kde:<\/strong> Goodison Park \u2013 Goodison Rd, Liverpool L4 4EL (bez div\u00e1k\u016f)<br \/>\n<strong>Hlavn\u00ed rozhod\u010d\u00ed:<\/strong> Marc Edwards <strong>Asistenti:<\/strong> Simon Benett, James Mainwaring<\/p>\n","protected":false},"excerpt":{"rendered":"<p>Tento t\u00fdden je na programu 2. kolo Ligov\u00e9ho poh\u00e1ru zvan\u00e9ho Carabao Cup, co do v\u00fdznamu druh\u00e9 sout\u011b\u017ee vy\u0159azovac\u00edho typu v Anglii. Evertonu tato trofej st\u00e1le chyb\u00ed, honbu za sl\u00e1vou letos za\u010dne proti Salford City.<\/p>\n","protected":false},"author":10,"featured_media":11991,"comment_status":"open","ping_status":"closed","sticky":false,"template":"","format":"standard","meta":{"_eb_attr":"","_monsterinsights_skip_tracking":false,"_monsterinsights_sitenote_active":false,"_monsterinsights_sitenote_note":"","_monsterinsights_sitenote_category":0,"footnotes":""},"categories":[4],"tags":[],"yoast_head":"<!-- This site is optimized with the Yoast SEO plugin v23.4 - https:\/\/yoast.com\/wordpress\/plugins\/seo\/ -->\n<title>LC Preview: Everton - Salford City - Official Czech &amp; Slovak Everton Supporters&#039; Club<\/title>\n<meta name=\"robots\" content=\"index, follow, max-snippet:-1, max-image-preview:large, max-video-preview:-1\" \/>\n<link rel=\"canonical\" href=\"https:\/\/evertonfc.cz\/index.php\/2020\/09\/16\/preview-everton-salford-city\/\" \/>\n<meta property=\"og:locale\" content=\"cs_CZ\" \/>\n<meta property=\"og:type\" content=\"article\" \/>\n<meta property=\"og:title\" content=\"LC Preview: Everton - Salford City - Official Czech &amp; Slovak Everton Supporters&#039; Club\" \/>\n<meta property=\"og:description\" content=\"Tento t\u00fdden je na programu 2. kolo Ligov\u00e9ho poh\u00e1ru zvan\u00e9ho Carabao Cup, co do v\u00fdznamu druh\u00e9 sout\u011b\u017ee vy\u0159azovac\u00edho typu v Anglii. Evertonu tato trofej st\u00e1le chyb\u00ed, honbu za sl\u00e1vou letos za\u010dne proti Salford City.\" \/>\n<meta property=\"og:url\" content=\"https:\/\/evertonfc.cz\/index.php\/2020\/09\/16\/preview-everton-salford-city\/\" \/>\n<meta property=\"og:site_name\" content=\"Official Czech &amp; Slovak Everton Supporters&#039; Club\" \/>\n<meta property=\"article:publisher\" content=\"https:\/\/www.facebook.com\/everton.fans.cz.sk\" \/>\n<meta property=\"article:published_time\" content=\"2020-09-16T06:59:15+00:00\" \/>\n<meta property=\"article:modified_time\" content=\"2020-09-18T06:10:33+00:00\" \/>\n<meta property=\"og:image\" content=\"https:\/\/evertonfc.cz\/wp-content\/uploads\/2020\/09\/salford.jpg\" \/>\n\t<meta property=\"og:image:width\" content=\"720\" \/>\n\t<meta property=\"og:image:height\" content=\"405\" \/>\n\t<meta property=\"og:image:type\" content=\"image\/jpeg\" \/>\n<meta name=\"author\" content=\"Fip\" \/>\n<meta name=\"twitter:card\" content=\"summary_large_image\" \/>\n<meta name=\"twitter:label1\" content=\"Napsal(a)\" \/>\n\t<meta name=\"twitter:data1\" content=\"Fip\" \/>\n\t<meta name=\"twitter:label2\" content=\"Odhadovan\u00e1 doba \u010dten\u00ed\" \/>\n\t<meta name=\"twitter:data2\" content=\"5 minut\" \/>\n<script type=\"application\/ld+json\" class=\"yoast-schema-graph\">{\"@context\":\"https:\/\/schema.org\",\"@graph\":[{\"@type\":\"Article\",\"@id\":\"https:\/\/evertonfc.cz\/index.php\/2020\/09\/16\/preview-everton-salford-city\/#article\",\"isPartOf\":{\"@id\":\"https:\/\/evertonfc.cz\/index.php\/2020\/09\/16\/preview-everton-salford-city\/\"},\"author\":{\"name\":\"Fip\",\"@id\":\"https:\/\/evertonfc.cz\/#\/schema\/person\/35904009755e8eaa0dc1a5f5f0419002\"},\"headline\":\"LC Preview: Everton &#8211; Salford City\",\"datePublished\":\"2020-09-16T06:59:15+00:00\",\"dateModified\":\"2020-09-18T06:10:33+00:00\",\"mainEntityOfPage\":{\"@id\":\"https:\/\/evertonfc.cz\/index.php\/2020\/09\/16\/preview-everton-salford-city\/\"},\"wordCount\":1069,\"commentCount\":12,\"publisher\":{\"@id\":\"https:\/\/evertonfc.cz\/#organization\"},\"image\":{\"@id\":\"https:\/\/evertonfc.cz\/index.php\/2020\/09\/16\/preview-everton-salford-city\/#primaryimage\"},\"thumbnailUrl\":\"https:\/\/evertonfc.cz\/wp-content\/uploads\/2020\/09\/salford.jpg\",\"articleSection\":[\"Z\u00e1pasy\"],\"inLanguage\":\"cs\",\"potentialAction\":[{\"@type\":\"CommentAction\",\"name\":\"Comment\",\"target\":[\"https:\/\/evertonfc.cz\/index.php\/2020\/09\/16\/preview-everton-salford-city\/#respond\"]}]},{\"@type\":\"WebPage\",\"@id\":\"https:\/\/evertonfc.cz\/index.php\/2020\/09\/16\/preview-everton-salford-city\/\",\"url\":\"https:\/\/evertonfc.cz\/index.php\/2020\/09\/16\/preview-everton-salford-city\/\",\"name\":\"LC Preview: Everton - Salford City - Official Czech &amp; Slovak Everton Supporters&#039; Club\",\"isPartOf\":{\"@id\":\"https:\/\/evertonfc.cz\/#website\"},\"primaryImageOfPage\":{\"@id\":\"https:\/\/evertonfc.cz\/index.php\/2020\/09\/16\/preview-everton-salford-city\/#primaryimage\"},\"image\":{\"@id\":\"https:\/\/evertonfc.cz\/index.php\/2020\/09\/16\/preview-everton-salford-city\/#primaryimage\"},\"thumbnailUrl\":\"https:\/\/evertonfc.cz\/wp-content\/uploads\/2020\/09\/salford.jpg\",\"datePublished\":\"2020-09-16T06:59:15+00:00\",\"dateModified\":\"2020-09-18T06:10:33+00:00\",\"breadcrumb\":{\"@id\":\"https:\/\/evertonfc.cz\/index.php\/2020\/09\/16\/preview-everton-salford-city\/#breadcrumb\"},\"inLanguage\":\"cs\",\"potentialAction\":[{\"@type\":\"ReadAction\",\"target\":[\"https:\/\/evertonfc.cz\/index.php\/2020\/09\/16\/preview-everton-salford-city\/\"]}]},{\"@type\":\"ImageObject\",\"inLanguage\":\"cs\",\"@id\":\"https:\/\/evertonfc.cz\/index.php\/2020\/09\/16\/preview-everton-salford-city\/#primaryimage\",\"url\":\"https:\/\/evertonfc.cz\/wp-content\/uploads\/2020\/09\/salford.jpg\",\"contentUrl\":\"https:\/\/evertonfc.cz\/wp-content\/uploads\/2020\/09\/salford.jpg\",\"width\":720,\"height\":405},{\"@type\":\"BreadcrumbList\",\"@id\":\"https:\/\/evertonfc.cz\/index.php\/2020\/09\/16\/preview-everton-salford-city\/#breadcrumb\",\"itemListElement\":[{\"@type\":\"ListItem\",\"position\":1,\"name\":\"Home\",\"item\":\"https:\/\/evertonfc.cz\/\"},{\"@type\":\"ListItem\",\"position\":2,\"name\":\"LC Preview: Everton &#8211; Salford City\"}]},{\"@type\":\"WebSite\",\"@id\":\"https:\/\/evertonfc.cz\/#website\",\"url\":\"https:\/\/evertonfc.cz\/\",\"name\":\"Official Czech &amp; Slovak Everton Supporters&#039; Club\",\"description\":\"\",\"publisher\":{\"@id\":\"https:\/\/evertonfc.cz\/#organization\"},\"potentialAction\":[{\"@type\":\"SearchAction\",\"target\":{\"@type\":\"EntryPoint\",\"urlTemplate\":\"https:\/\/evertonfc.cz\/?s={search_term_string}\"},\"query-input\":{\"@type\":\"PropertyValueSpecification\",\"valueRequired\":true,\"valueName\":\"search_term_string\"}}],\"inLanguage\":\"cs\"},{\"@type\":\"Organization\",\"@id\":\"https:\/\/evertonfc.cz\/#organization\",\"name\":\"Official Czech & Slovak Everton Supporters' Club\",\"url\":\"https:\/\/evertonfc.cz\/\",\"logo\":{\"@type\":\"ImageObject\",\"inLanguage\":\"cs\",\"@id\":\"https:\/\/evertonfc.cz\/#\/schema\/logo\/image\/\",\"url\":\"https:\/\/evertonfc.cz\/wp-content\/uploads\/2019\/05\/logo.png\",\"contentUrl\":\"https:\/\/evertonfc.cz\/wp-content\/uploads\/2019\/05\/logo.png\",\"width\":112,\"height\":112,\"caption\":\"Official Czech & Slovak Everton Supporters' Club\"},\"image\":{\"@id\":\"https:\/\/evertonfc.cz\/#\/schema\/logo\/image\/\"},\"sameAs\":[\"https:\/\/www.facebook.com\/everton.fans.cz.sk\"]},{\"@type\":\"Person\",\"@id\":\"https:\/\/evertonfc.cz\/#\/schema\/person\/35904009755e8eaa0dc1a5f5f0419002\",\"name\":\"Fip\",\"url\":\"https:\/\/evertonfc.cz\/index.php\/author\/fip\/\"}]}<\/script>\n<!-- \/ Yoast SEO plugin. -->","yoast_head_json":{"title":"LC Preview: Everton - Salford City - Official Czech &amp; Slovak Everton Supporters&#039; Club","robots":{"index":"index","follow":"follow","max-snippet":"max-snippet:-1","max-image-preview":"max-image-preview:large","max-video-preview":"max-video-preview:-1"},"canonical":"https:\/\/evertonfc.cz\/index.php\/2020\/09\/16\/preview-everton-salford-city\/","og_locale":"cs_CZ","og_type":"article","og_title":"LC Preview: Everton - Salford City - Official Czech &amp; Slovak Everton Supporters&#039; Club","og_description":"Tento t\u00fdden je na programu 2. kolo Ligov\u00e9ho poh\u00e1ru zvan\u00e9ho Carabao Cup, co do v\u00fdznamu druh\u00e9 sout\u011b\u017ee vy\u0159azovac\u00edho typu v Anglii. Evertonu tato trofej st\u00e1le chyb\u00ed, honbu za sl\u00e1vou letos za\u010dne proti Salford City.","og_url":"https:\/\/evertonfc.cz\/index.php\/2020\/09\/16\/preview-everton-salford-city\/","og_site_name":"Official Czech &amp; Slovak Everton Supporters&#039; Club","article_publisher":"https:\/\/www.facebook.com\/everton.fans.cz.sk","article_published_time":"2020-09-16T06:59:15+00:00","article_modified_time":"2020-09-18T06:10:33+00:00","og_image":[{"width":720,"height":405,"url":"https:\/\/evertonfc.cz\/wp-content\/uploads\/2020\/09\/salford.jpg","type":"image\/jpeg"}],"author":"Fip","twitter_card":"summary_large_image","twitter_misc":{"Napsal(a)":"Fip","Odhadovan\u00e1 doba \u010dten\u00ed":"5 minut"},"schema":{"@context":"https:\/\/schema.org","@graph":[{"@type":"Article","@id":"https:\/\/evertonfc.cz\/index.php\/2020\/09\/16\/preview-everton-salford-city\/#article","isPartOf":{"@id":"https:\/\/evertonfc.cz\/index.php\/2020\/09\/16\/preview-everton-salford-city\/"},"author":{"name":"Fip","@id":"https:\/\/evertonfc.cz\/#\/schema\/person\/35904009755e8eaa0dc1a5f5f0419002"},"headline":"LC Preview: Everton &#8211; Salford City","datePublished":"2020-09-16T06:59:15+00:00","dateModified":"2020-09-18T06:10:33+00:00","mainEntityOfPage":{"@id":"https:\/\/evertonfc.cz\/index.php\/2020\/09\/16\/preview-everton-salford-city\/"},"wordCount":1069,"commentCount":12,"publisher":{"@id":"https:\/\/evertonfc.cz\/#organization"},"image":{"@id":"https:\/\/evertonfc.cz\/index.php\/2020\/09\/16\/preview-everton-salford-city\/#primaryimage"},"thumbnailUrl":"https:\/\/evertonfc.cz\/wp-content\/uploads\/2020\/09\/salford.jpg","articleSection":["Z\u00e1pasy"],"inLanguage":"cs","potentialAction":[{"@type":"CommentAction","name":"Comment","target":["https:\/\/evertonfc.cz\/index.php\/2020\/09\/16\/preview-everton-salford-city\/#respond"]}]},{"@type":"WebPage","@id":"https:\/\/evertonfc.cz\/index.php\/2020\/09\/16\/preview-everton-salford-city\/","url":"https:\/\/evertonfc.cz\/index.php\/2020\/09\/16\/preview-everton-salford-city\/","name":"LC Preview: Everton - Salford City - Official Czech &amp; Slovak Everton Supporters&#039; Club","isPartOf":{"@id":"https:\/\/evertonfc.cz\/#website"},"primaryImageOfPage":{"@id":"https:\/\/evertonfc.cz\/index.php\/2020\/09\/16\/preview-everton-salford-city\/#primaryimage"},"image":{"@id":"https:\/\/evertonfc.cz\/index.php\/2020\/09\/16\/preview-everton-salford-city\/#primaryimage"},"thumbnailUrl":"https:\/\/evertonfc.cz\/wp-content\/uploads\/2020\/09\/salford.jpg","datePublished":"2020-09-16T06:59:15+00:00","dateModified":"2020-09-18T06:10:33+00:00","breadcrumb":{"@id":"https:\/\/evertonfc.cz\/index.php\/2020\/09\/16\/preview-everton-salford-city\/#breadcrumb"},"inLanguage":"cs","potentialAction":[{"@type":"ReadAction","target":["https:\/\/evertonfc.cz\/index.php\/2020\/09\/16\/preview-everton-salford-city\/"]}]},{"@type":"ImageObject","inLanguage":"cs","@id":"https:\/\/evertonfc.cz\/index.php\/2020\/09\/16\/preview-everton-salford-city\/#primaryimage","url":"https:\/\/evertonfc.cz\/wp-content\/uploads\/2020\/09\/salford.jpg","contentUrl":"https:\/\/evertonfc.cz\/wp-content\/uploads\/2020\/09\/salford.jpg","width":720,"height":405},{"@type":"BreadcrumbList","@id":"https:\/\/evertonfc.cz\/index.php\/2020\/09\/16\/preview-everton-salford-city\/#breadcrumb","itemListElement":[{"@type":"ListItem","position":1,"name":"Home","item":"https:\/\/evertonfc.cz\/"},{"@type":"ListItem","position":2,"name":"LC Preview: Everton &#8211; Salford City"}]},{"@type":"WebSite","@id":"https:\/\/evertonfc.cz\/#website","url":"https:\/\/evertonfc.cz\/","name":"Official Czech &amp; Slovak Everton Supporters&#039; Club","description":"","publisher":{"@id":"https:\/\/evertonfc.cz\/#organization"},"potentialAction":[{"@type":"SearchAction","target":{"@type":"EntryPoint","urlTemplate":"https:\/\/evertonfc.cz\/?s={search_term_string}"},"query-input":{"@type":"PropertyValueSpecification","valueRequired":true,"valueName":"search_term_string"}}],"inLanguage":"cs"},{"@type":"Organization","@id":"https:\/\/evertonfc.cz\/#organization","name":"Official Czech & Slovak Everton Supporters' Club","url":"https:\/\/evertonfc.cz\/","logo":{"@type":"ImageObject","inLanguage":"cs","@id":"https:\/\/evertonfc.cz\/#\/schema\/logo\/image\/","url":"https:\/\/evertonfc.cz\/wp-content\/uploads\/2019\/05\/logo.png","contentUrl":"https:\/\/evertonfc.cz\/wp-content\/uploads\/2019\/05\/logo.png","width":112,"height":112,"caption":"Official Czech & Slovak Everton Supporters' Club"},"image":{"@id":"https:\/\/evertonfc.cz\/#\/schema\/logo\/image\/"},"sameAs":["https:\/\/www.facebook.com\/everton.fans.cz.sk"]},{"@type":"Person","@id":"https:\/\/evertonfc.cz\/#\/schema\/person\/35904009755e8eaa0dc1a5f5f0419002","name":"Fip","url":"https:\/\/evertonfc.cz\/index.php\/author\/fip\/"}]}},"_links":{"self":[{"href":"https:\/\/evertonfc.cz\/index.php\/wp-json\/wp\/v2\/posts\/12000"}],"collection":[{"href":"https:\/\/evertonfc.cz\/index.php\/wp-json\/wp\/v2\/posts"}],"about":[{"href":"https:\/\/evertonfc.cz\/index.php\/wp-json\/wp\/v2\/types\/post"}],"author":[{"embeddable":true,"href":"https:\/\/evertonfc.cz\/index.php\/wp-json\/wp\/v2\/users\/10"}],"replies":[{"embeddable":true,"href":"https:\/\/evertonfc.cz\/index.php\/wp-json\/wp\/v2\/comments?post=12000"}],"version-history":[{"count":7,"href":"https:\/\/evertonfc.cz\/index.php\/wp-json\/wp\/v2\/posts\/12000\/revisions"}],"predecessor-version":[{"id":12012,"href":"https:\/\/evertonfc.cz\/index.php\/wp-json\/wp\/v2\/posts\/12000\/revisions\/12012"}],"wp:featuredmedia":[{"embeddable":true,"href":"https:\/\/evertonfc.cz\/index.php\/wp-json\/wp\/v2\/media\/11991"}],"wp:attachment":[{"href":"https:\/\/evertonfc.cz\/index.php\/wp-json\/wp\/v2\/media?parent=12000"}],"wp:term":[{"taxonomy":"category","embeddable":true,"href":"https:\/\/evertonfc.cz\/index.php\/wp-json\/wp\/v2\/categories?post=12000"},{"taxonomy":"post_tag","embeddable":true,"href":"https:\/\/evertonfc.cz\/index.php\/wp-json\/wp\/v2\/tags?post=12000"}],"curies":[{"name":"wp","href":"https:\/\/api.w.org\/{rel}","templated":true}]}}