{"id":12020,"date":"2020-09-17T07:21:47","date_gmt":"2020-09-17T05:21:47","guid":{"rendered":"https:\/\/evertonfc.cz\/?p=12020"},"modified":"2020-09-17T18:08:09","modified_gmt":"2020-09-17T16:08:09","slug":"lc-everton-salford-city-30","status":"publish","type":"post","link":"https:\/\/evertonfc.cz\/index.php\/2020\/09\/17\/lc-everton-salford-city-30\/","title":{"rendered":"LC: Everton &#8211; Salford City 3:0"},"content":{"rendered":"<h4>Toffees vstoupili do Ligov\u00e9ho poh\u00e1ru hladkou v\u00fdhrou 3:0 na \u010dtvrtiligov\u00fdm Salfordem. Jedin\u00fdm p\u0159e\u017eiv\u0161\u00edm ve zm\u011bn\u011bn\u00e9 sestav\u011b byl Michael Keane a byl to on, kdo otev\u0159el sk\u00f3re. Pozd\u011bji se p\u0159idali Sigurdsson a Moise Kean z penalty. Fleetwoode, te\u0161 se!<\/h4>\n<p>V z\u00e1kladn\u00ed jeden\u00e1ctce se poprv\u00e9 objevili Virginia (kde je L\u00f6ssl) a Nkounkou, pro kter\u00e9ho to byl sout\u011b\u017en\u00ed debut. Ve st\u0159edu z\u00e1lohy m\u011bl tvo\u0159it Bernard, branky m\u011bl obstarat na hrotu osamocen\u00fd Moise Kean. V prvn\u00ed \u0161anci se objevil Walcott, kter\u00fd v piruet\u011b hlavi\u010dkoval nad br\u00e1nu. Silnou hru hlavou potvrdil u\u017e v 8. minut\u011b Michael Keane, kdy\u017e si bez velk\u00e9ho odporu nab\u011bhl na Gylfiho roh &#8211; <strong>1:0<\/strong>. Virginia nem\u011bl po cel\u00fd z\u00e1pas skoro moc pr\u00e1ce, st\u0159elu Towella se st\u0159edn\u00ed vzd\u00e1lenosti jist\u011b uv\u00edtal. Do dal\u0161\u00edch \u0161anc\u00ed se n\u00e1sledn\u011b dost\u00e1vali skoro v\u0161ichni mod\u0159\u00ed hr\u00e1\u010di na h\u0159i\u0161ti : Davies k\u0159\u00ed\u017enou st\u0159elou, Nkounkou drze z \u00fahlu, Kean hlavou po dlouh\u00e9m m\u00ed\u010di, Gordon kroucenou st\u0159elou, ale nikdo z nich nem\u00ed\u0159il p\u0159esn\u011b.<\/p>\n<p>V polovin\u011b polo\u010dasu se u p\u016fl\u00edc\u00ed \u010d\u00e1ry sesula k zemi polovina na\u0161\u00ed z obrann\u00e9 dvojice &#8211; cel\u00fd Jarrad Branthwaite. Kr\u00e1tce p\u0159ed t\u00edm \u0161patn\u011b do\u0161l\u00e1pl a odnesl to kotn\u00edk nebo achilovka. Ka\u017edop\u00e1dn\u011b Evertonu vypadl dal\u0161\u00ed st\u0159edn\u00ed obr\u00e1nce a za\u010d\u00ednaj\u00ed n\u00e1m doch\u00e1zet. Na h\u0159i\u0161t\u011b a na st\u0159ed musel Lucas Digne, up\u0159\u00edmn\u011b jsem mu to nez\u00e1vid\u011bl. Polo\u010das pak zakon\u010dil dal\u0161\u00edm slibn\u00fdm pokusem Bernard, proti jeho st\u0159ele se ale vymr\u0161til [Vaglaf Hlatky].<\/p>\n<p>V druh\u00e9 p\u016fli nenechali Toffees nic n\u00e1hod\u011b a do soupe\u0159e, kter\u00e9ho od nich aktu\u00e1ln\u011b d\u011bl\u00ed 68 m\u00edst, se po\u0159\u00e1dn\u011b zakousli. Gylfiho dal\u0161\u00ed p\u011bkn\u00fd centr dok\u00e1zl nasm\u011brovat jen do b\u0159evna Kean. Bernard z druh\u00e9 vlny m\u00e1lem zlomil ty\u010dku za brankou. Dop\u0159edu val\u00edc\u00ed se Nkounkou pak vyzval Walcotta, ale ten na jeho pas nedos\u00e1hl. Postupem \u010dasu u\u017e soupe\u0159i doch\u00e1zeli s\u00edly, \u010deho\u017e po Gordonov\u011b v\u00fdzv\u011b vyu\u017eil nenucen\u011b Gyfi Sigurdsson &#8211; <strong>2:0<\/strong>.<\/p>\n<p>Mo\u017en\u00e1 a\u017e p\u0159\u00edli\u0161 non\u0161alantn\u00ed pak byl Walcott, kdy\u017e nechal vyniknout brank\u00e1\u0159e Hladk\u00e9ho.O ty\u010d se ot\u0159ela dal\u0161\u00ed Gylfiho r\u00e1na, par\u00e1dn\u00ed r\u00e1na Gordona rozezvon\u011bla druhou ty\u010d. Moise a Anthony pak krotili balon ve v\u00e1pn\u011b tak dlouho, a\u017e se kopala penalta. Tu si p\u0159ekvapiv\u011b zabral pro sebe Kean s p\u0159ehledem zakon\u010dil ranou doprost\u0159ed &#8211; <strong>3:0<\/strong>. V\u00fd\u0161e jmenovan\u00ed pak\u00a0 zas\u00e1hli r\u00e1m branky v rychl\u00e9m sledu za sebou, ty\u010d za Hladk\u00fdm tedy v mikrosouboji porazila jeho b\u0159evno 3:2.<\/p>\n<p>Everton prok\u00e1zal pohodu, na branku vyst\u0159elil 32kr\u00e1t. Nebyl to rovnocenn\u00fd duel, ale i v poh\u00e1ru jsou \u010dasto t\u011b\u017ek\u00e9 z\u00e1pasy i proti t\u00fdm\u016fm v krizi ze spodn\u011bj\u0161\u00edch pater ne\u017e kam se vy\u0161kr\u00e1bal Salford. Niels Nkounkou se toho opravdu neboj\u00ed, \u010dasto se vysouval daleko p\u0159ed Bernarda a dob\u0159e dopl\u0148oval Gordona. Moise Kean se dlouho nemohl prosadit, chv\u00edlemi nevolil nejlep\u0161\u00ed m\u00edsta, kde by ho mohli naj\u00edt spoluhr\u00e1\u010di p\u0159ihr\u00e1vkou. Tak\u00e9 mu chyb\u00ed v\u011bt\u0161\u00ed sebed\u016fv\u011bra, jakou zvykl m\u00edt v souboji jeden na jednoho v It\u00e1lii. Jako\u017eto skromn\u011bj\u0161\u00ed fanou\u0161ek jsem byl spokojen i s v\u00fdkony Kennyho, Daviesa a Sigurdssona, \u010dast\u00fdmi ter\u010di kritiky. Nav\u00edc jsme \u00fapln\u011b vymazali \u010dvrthodiny hraj\u00edc\u00edho Gibsona, tak\u017ee m\u016f\u017eeme sm\u011ble d\u00e1l.<\/p>\n<p><strong>Sest\u0159ih:<\/strong> <a href=\"https:\/\/www.evertonfc.com\/news\/1832969\/highlights-everton-3-0-salford-city\" target=\"_blank\" rel=\"noopener noreferrer\">Everton TV<\/a><\/p>\n<p><strong>Branky:<\/strong> 8&#8242; Keane, 74&#8242; Sigurdsson, 87&#8242; Kean (penalta)<\/p>\n<p><strong>\u017dlut\u00e9 karty:<\/strong> 58&#8242; Turnbull, 67&#8242; Thomas-Assante<\/p>\n<p><strong>Everton FC:<\/strong> Virginia &#8211; Kenny, Keane, Branthwaite (24&#8242; Digne), Nkounkou &#8211; Gordon, Davies, Sigurdsson, Bernard, Walcott &#8211; Kean.<\/p>\n<p><strong>Salford City:<\/strong> Hladk\u00fd &#8211; Threkeld (74&#8242; Gibson), Eastham, Turnbull, Touray &#8211; Towell, Lowe, Hunter &#8211; Wilson (61&#8242; Andrade), Henderson, Thomas-Asante (74&#8242; Elliott).<\/p>\n<p><strong>Rozhod\u010d\u00ed:<\/strong> Marc Edwards <strong>Bez div\u00e1k\u016f<\/strong><\/p>\n","protected":false},"excerpt":{"rendered":"<p>Toffees vstoupili do Ligov\u00e9ho poh\u00e1ru hladkou v\u00fdhrou 3:0 na \u010dtvrtiligov\u00fdm Salfordem. Jedin\u00fdm p\u0159e\u017eiv\u0161\u00edm ve zm\u011bn\u011bn\u00e9 sestav\u011b byl Michael Keane a byl to on, kdo otev\u0159el sk\u00f3re. Pozd\u011bji se p\u0159idali Sigurdsson a Moise Kean z penalty. Fleetwoode, te\u0161 se!  <\/p>\n","protected":false},"author":10,"featured_media":12019,"comment_status":"open","ping_status":"closed","sticky":false,"template":"","format":"standard","meta":{"_eb_attr":"","_monsterinsights_skip_tracking":false,"_monsterinsights_sitenote_active":false,"_monsterinsights_sitenote_note":"","_monsterinsights_sitenote_category":0,"footnotes":""},"categories":[4],"tags":[],"yoast_head":"<!-- This site is optimized with the Yoast SEO plugin v23.4 - https:\/\/yoast.com\/wordpress\/plugins\/seo\/ -->\n<title>LC: Everton - Salford City 3:0 - Official Czech &amp; Slovak Everton Supporters&#039; Club<\/title>\n<meta name=\"robots\" content=\"index, follow, max-snippet:-1, max-image-preview:large, max-video-preview:-1\" \/>\n<link rel=\"canonical\" href=\"https:\/\/evertonfc.cz\/index.php\/2020\/09\/17\/lc-everton-salford-city-30\/\" \/>\n<meta property=\"og:locale\" content=\"cs_CZ\" \/>\n<meta property=\"og:type\" content=\"article\" \/>\n<meta property=\"og:title\" content=\"LC: Everton - Salford City 3:0 - Official Czech &amp; Slovak Everton Supporters&#039; Club\" \/>\n<meta property=\"og:description\" content=\"Toffees vstoupili do Ligov\u00e9ho poh\u00e1ru hladkou v\u00fdhrou 3:0 na \u010dtvrtiligov\u00fdm Salfordem. Jedin\u00fdm p\u0159e\u017eiv\u0161\u00edm ve zm\u011bn\u011bn\u00e9 sestav\u011b byl Michael Keane a byl to on, kdo otev\u0159el sk\u00f3re. Pozd\u011bji se p\u0159idali Sigurdsson a Moise Kean z penalty. Fleetwoode, te\u0161 se!\" \/>\n<meta property=\"og:url\" content=\"https:\/\/evertonfc.cz\/index.php\/2020\/09\/17\/lc-everton-salford-city-30\/\" \/>\n<meta property=\"og:site_name\" content=\"Official Czech &amp; Slovak Everton Supporters&#039; Club\" \/>\n<meta property=\"article:publisher\" content=\"https:\/\/www.facebook.com\/everton.fans.cz.sk\" \/>\n<meta property=\"article:published_time\" content=\"2020-09-17T05:21:47+00:00\" \/>\n<meta property=\"article:modified_time\" content=\"2020-09-17T16:08:09+00:00\" \/>\n<meta property=\"og:image\" content=\"https:\/\/evertonfc.cz\/wp-content\/uploads\/2020\/09\/salford30.jpg\" \/>\n\t<meta property=\"og:image:width\" content=\"720\" \/>\n\t<meta property=\"og:image:height\" content=\"405\" \/>\n\t<meta property=\"og:image:type\" content=\"image\/jpeg\" \/>\n<meta name=\"author\" content=\"Fip\" \/>\n<meta name=\"twitter:card\" content=\"summary_large_image\" \/>\n<meta name=\"twitter:label1\" content=\"Napsal(a)\" \/>\n\t<meta name=\"twitter:data1\" content=\"Fip\" \/>\n\t<meta name=\"twitter:label2\" content=\"Odhadovan\u00e1 doba \u010dten\u00ed\" \/>\n\t<meta name=\"twitter:data2\" content=\"3 minuty\" \/>\n<script type=\"application\/ld+json\" class=\"yoast-schema-graph\">{\"@context\":\"https:\/\/schema.org\",\"@graph\":[{\"@type\":\"Article\",\"@id\":\"https:\/\/evertonfc.cz\/index.php\/2020\/09\/17\/lc-everton-salford-city-30\/#article\",\"isPartOf\":{\"@id\":\"https:\/\/evertonfc.cz\/index.php\/2020\/09\/17\/lc-everton-salford-city-30\/\"},\"author\":{\"name\":\"Fip\",\"@id\":\"https:\/\/evertonfc.cz\/#\/schema\/person\/35904009755e8eaa0dc1a5f5f0419002\"},\"headline\":\"LC: Everton &#8211; Salford City 3:0\",\"datePublished\":\"2020-09-17T05:21:47+00:00\",\"dateModified\":\"2020-09-17T16:08:09+00:00\",\"mainEntityOfPage\":{\"@id\":\"https:\/\/evertonfc.cz\/index.php\/2020\/09\/17\/lc-everton-salford-city-30\/\"},\"wordCount\":689,\"commentCount\":6,\"publisher\":{\"@id\":\"https:\/\/evertonfc.cz\/#organization\"},\"image\":{\"@id\":\"https:\/\/evertonfc.cz\/index.php\/2020\/09\/17\/lc-everton-salford-city-30\/#primaryimage\"},\"thumbnailUrl\":\"https:\/\/evertonfc.cz\/wp-content\/uploads\/2020\/09\/salford30.jpg\",\"articleSection\":[\"Z\u00e1pasy\"],\"inLanguage\":\"cs\",\"potentialAction\":[{\"@type\":\"CommentAction\",\"name\":\"Comment\",\"target\":[\"https:\/\/evertonfc.cz\/index.php\/2020\/09\/17\/lc-everton-salford-city-30\/#respond\"]}]},{\"@type\":\"WebPage\",\"@id\":\"https:\/\/evertonfc.cz\/index.php\/2020\/09\/17\/lc-everton-salford-city-30\/\",\"url\":\"https:\/\/evertonfc.cz\/index.php\/2020\/09\/17\/lc-everton-salford-city-30\/\",\"name\":\"LC: Everton - Salford City 3:0 - Official Czech &amp; Slovak Everton Supporters&#039; Club\",\"isPartOf\":{\"@id\":\"https:\/\/evertonfc.cz\/#website\"},\"primaryImageOfPage\":{\"@id\":\"https:\/\/evertonfc.cz\/index.php\/2020\/09\/17\/lc-everton-salford-city-30\/#primaryimage\"},\"image\":{\"@id\":\"https:\/\/evertonfc.cz\/index.php\/2020\/09\/17\/lc-everton-salford-city-30\/#primaryimage\"},\"thumbnailUrl\":\"https:\/\/evertonfc.cz\/wp-content\/uploads\/2020\/09\/salford30.jpg\",\"datePublished\":\"2020-09-17T05:21:47+00:00\",\"dateModified\":\"2020-09-17T16:08:09+00:00\",\"breadcrumb\":{\"@id\":\"https:\/\/evertonfc.cz\/index.php\/2020\/09\/17\/lc-everton-salford-city-30\/#breadcrumb\"},\"inLanguage\":\"cs\",\"potentialAction\":[{\"@type\":\"ReadAction\",\"target\":[\"https:\/\/evertonfc.cz\/index.php\/2020\/09\/17\/lc-everton-salford-city-30\/\"]}]},{\"@type\":\"ImageObject\",\"inLanguage\":\"cs\",\"@id\":\"https:\/\/evertonfc.cz\/index.php\/2020\/09\/17\/lc-everton-salford-city-30\/#primaryimage\",\"url\":\"https:\/\/evertonfc.cz\/wp-content\/uploads\/2020\/09\/salford30.jpg\",\"contentUrl\":\"https:\/\/evertonfc.cz\/wp-content\/uploads\/2020\/09\/salford30.jpg\",\"width\":720,\"height\":405},{\"@type\":\"BreadcrumbList\",\"@id\":\"https:\/\/evertonfc.cz\/index.php\/2020\/09\/17\/lc-everton-salford-city-30\/#breadcrumb\",\"itemListElement\":[{\"@type\":\"ListItem\",\"position\":1,\"name\":\"Home\",\"item\":\"https:\/\/evertonfc.cz\/\"},{\"@type\":\"ListItem\",\"position\":2,\"name\":\"LC: Everton &#8211; Salford City 3:0\"}]},{\"@type\":\"WebSite\",\"@id\":\"https:\/\/evertonfc.cz\/#website\",\"url\":\"https:\/\/evertonfc.cz\/\",\"name\":\"Official Czech &amp; Slovak Everton Supporters&#039; Club\",\"description\":\"\",\"publisher\":{\"@id\":\"https:\/\/evertonfc.cz\/#organization\"},\"potentialAction\":[{\"@type\":\"SearchAction\",\"target\":{\"@type\":\"EntryPoint\",\"urlTemplate\":\"https:\/\/evertonfc.cz\/?s={search_term_string}\"},\"query-input\":{\"@type\":\"PropertyValueSpecification\",\"valueRequired\":true,\"valueName\":\"search_term_string\"}}],\"inLanguage\":\"cs\"},{\"@type\":\"Organization\",\"@id\":\"https:\/\/evertonfc.cz\/#organization\",\"name\":\"Official Czech & Slovak Everton Supporters' Club\",\"url\":\"https:\/\/evertonfc.cz\/\",\"logo\":{\"@type\":\"ImageObject\",\"inLanguage\":\"cs\",\"@id\":\"https:\/\/evertonfc.cz\/#\/schema\/logo\/image\/\",\"url\":\"https:\/\/evertonfc.cz\/wp-content\/uploads\/2019\/05\/logo.png\",\"contentUrl\":\"https:\/\/evertonfc.cz\/wp-content\/uploads\/2019\/05\/logo.png\",\"width\":112,\"height\":112,\"caption\":\"Official Czech & Slovak Everton Supporters' Club\"},\"image\":{\"@id\":\"https:\/\/evertonfc.cz\/#\/schema\/logo\/image\/\"},\"sameAs\":[\"https:\/\/www.facebook.com\/everton.fans.cz.sk\"]},{\"@type\":\"Person\",\"@id\":\"https:\/\/evertonfc.cz\/#\/schema\/person\/35904009755e8eaa0dc1a5f5f0419002\",\"name\":\"Fip\",\"url\":\"https:\/\/evertonfc.cz\/index.php\/author\/fip\/\"}]}<\/script>\n<!-- \/ Yoast SEO plugin. -->","yoast_head_json":{"title":"LC: Everton - Salford City 3:0 - Official Czech &amp; Slovak Everton Supporters&#039; Club","robots":{"index":"index","follow":"follow","max-snippet":"max-snippet:-1","max-image-preview":"max-image-preview:large","max-video-preview":"max-video-preview:-1"},"canonical":"https:\/\/evertonfc.cz\/index.php\/2020\/09\/17\/lc-everton-salford-city-30\/","og_locale":"cs_CZ","og_type":"article","og_title":"LC: Everton - Salford City 3:0 - Official Czech &amp; Slovak Everton Supporters&#039; Club","og_description":"Toffees vstoupili do Ligov\u00e9ho poh\u00e1ru hladkou v\u00fdhrou 3:0 na \u010dtvrtiligov\u00fdm Salfordem. Jedin\u00fdm p\u0159e\u017eiv\u0161\u00edm ve zm\u011bn\u011bn\u00e9 sestav\u011b byl Michael Keane a byl to on, kdo otev\u0159el sk\u00f3re. Pozd\u011bji se p\u0159idali Sigurdsson a Moise Kean z penalty. Fleetwoode, te\u0161 se!","og_url":"https:\/\/evertonfc.cz\/index.php\/2020\/09\/17\/lc-everton-salford-city-30\/","og_site_name":"Official Czech &amp; Slovak Everton Supporters&#039; Club","article_publisher":"https:\/\/www.facebook.com\/everton.fans.cz.sk","article_published_time":"2020-09-17T05:21:47+00:00","article_modified_time":"2020-09-17T16:08:09+00:00","og_image":[{"width":720,"height":405,"url":"https:\/\/evertonfc.cz\/wp-content\/uploads\/2020\/09\/salford30.jpg","type":"image\/jpeg"}],"author":"Fip","twitter_card":"summary_large_image","twitter_misc":{"Napsal(a)":"Fip","Odhadovan\u00e1 doba \u010dten\u00ed":"3 minuty"},"schema":{"@context":"https:\/\/schema.org","@graph":[{"@type":"Article","@id":"https:\/\/evertonfc.cz\/index.php\/2020\/09\/17\/lc-everton-salford-city-30\/#article","isPartOf":{"@id":"https:\/\/evertonfc.cz\/index.php\/2020\/09\/17\/lc-everton-salford-city-30\/"},"author":{"name":"Fip","@id":"https:\/\/evertonfc.cz\/#\/schema\/person\/35904009755e8eaa0dc1a5f5f0419002"},"headline":"LC: Everton &#8211; Salford City 3:0","datePublished":"2020-09-17T05:21:47+00:00","dateModified":"2020-09-17T16:08:09+00:00","mainEntityOfPage":{"@id":"https:\/\/evertonfc.cz\/index.php\/2020\/09\/17\/lc-everton-salford-city-30\/"},"wordCount":689,"commentCount":6,"publisher":{"@id":"https:\/\/evertonfc.cz\/#organization"},"image":{"@id":"https:\/\/evertonfc.cz\/index.php\/2020\/09\/17\/lc-everton-salford-city-30\/#primaryimage"},"thumbnailUrl":"https:\/\/evertonfc.cz\/wp-content\/uploads\/2020\/09\/salford30.jpg","articleSection":["Z\u00e1pasy"],"inLanguage":"cs","potentialAction":[{"@type":"CommentAction","name":"Comment","target":["https:\/\/evertonfc.cz\/index.php\/2020\/09\/17\/lc-everton-salford-city-30\/#respond"]}]},{"@type":"WebPage","@id":"https:\/\/evertonfc.cz\/index.php\/2020\/09\/17\/lc-everton-salford-city-30\/","url":"https:\/\/evertonfc.cz\/index.php\/2020\/09\/17\/lc-everton-salford-city-30\/","name":"LC: Everton - Salford City 3:0 - Official Czech &amp; Slovak Everton Supporters&#039; Club","isPartOf":{"@id":"https:\/\/evertonfc.cz\/#website"},"primaryImageOfPage":{"@id":"https:\/\/evertonfc.cz\/index.php\/2020\/09\/17\/lc-everton-salford-city-30\/#primaryimage"},"image":{"@id":"https:\/\/evertonfc.cz\/index.php\/2020\/09\/17\/lc-everton-salford-city-30\/#primaryimage"},"thumbnailUrl":"https:\/\/evertonfc.cz\/wp-content\/uploads\/2020\/09\/salford30.jpg","datePublished":"2020-09-17T05:21:47+00:00","dateModified":"2020-09-17T16:08:09+00:00","breadcrumb":{"@id":"https:\/\/evertonfc.cz\/index.php\/2020\/09\/17\/lc-everton-salford-city-30\/#breadcrumb"},"inLanguage":"cs","potentialAction":[{"@type":"ReadAction","target":["https:\/\/evertonfc.cz\/index.php\/2020\/09\/17\/lc-everton-salford-city-30\/"]}]},{"@type":"ImageObject","inLanguage":"cs","@id":"https:\/\/evertonfc.cz\/index.php\/2020\/09\/17\/lc-everton-salford-city-30\/#primaryimage","url":"https:\/\/evertonfc.cz\/wp-content\/uploads\/2020\/09\/salford30.jpg","contentUrl":"https:\/\/evertonfc.cz\/wp-content\/uploads\/2020\/09\/salford30.jpg","width":720,"height":405},{"@type":"BreadcrumbList","@id":"https:\/\/evertonfc.cz\/index.php\/2020\/09\/17\/lc-everton-salford-city-30\/#breadcrumb","itemListElement":[{"@type":"ListItem","position":1,"name":"Home","item":"https:\/\/evertonfc.cz\/"},{"@type":"ListItem","position":2,"name":"LC: Everton &#8211; Salford City 3:0"}]},{"@type":"WebSite","@id":"https:\/\/evertonfc.cz\/#website","url":"https:\/\/evertonfc.cz\/","name":"Official Czech &amp; Slovak Everton Supporters&#039; Club","description":"","publisher":{"@id":"https:\/\/evertonfc.cz\/#organization"},"potentialAction":[{"@type":"SearchAction","target":{"@type":"EntryPoint","urlTemplate":"https:\/\/evertonfc.cz\/?s={search_term_string}"},"query-input":{"@type":"PropertyValueSpecification","valueRequired":true,"valueName":"search_term_string"}}],"inLanguage":"cs"},{"@type":"Organization","@id":"https:\/\/evertonfc.cz\/#organization","name":"Official Czech & Slovak Everton Supporters' Club","url":"https:\/\/evertonfc.cz\/","logo":{"@type":"ImageObject","inLanguage":"cs","@id":"https:\/\/evertonfc.cz\/#\/schema\/logo\/image\/","url":"https:\/\/evertonfc.cz\/wp-content\/uploads\/2019\/05\/logo.png","contentUrl":"https:\/\/evertonfc.cz\/wp-content\/uploads\/2019\/05\/logo.png","width":112,"height":112,"caption":"Official Czech & Slovak Everton Supporters' Club"},"image":{"@id":"https:\/\/evertonfc.cz\/#\/schema\/logo\/image\/"},"sameAs":["https:\/\/www.facebook.com\/everton.fans.cz.sk"]},{"@type":"Person","@id":"https:\/\/evertonfc.cz\/#\/schema\/person\/35904009755e8eaa0dc1a5f5f0419002","name":"Fip","url":"https:\/\/evertonfc.cz\/index.php\/author\/fip\/"}]}},"_links":{"self":[{"href":"https:\/\/evertonfc.cz\/index.php\/wp-json\/wp\/v2\/posts\/12020"}],"collection":[{"href":"https:\/\/evertonfc.cz\/index.php\/wp-json\/wp\/v2\/posts"}],"about":[{"href":"https:\/\/evertonfc.cz\/index.php\/wp-json\/wp\/v2\/types\/post"}],"author":[{"embeddable":true,"href":"https:\/\/evertonfc.cz\/index.php\/wp-json\/wp\/v2\/users\/10"}],"replies":[{"embeddable":true,"href":"https:\/\/evertonfc.cz\/index.php\/wp-json\/wp\/v2\/comments?post=12020"}],"version-history":[{"count":4,"href":"https:\/\/evertonfc.cz\/index.php\/wp-json\/wp\/v2\/posts\/12020\/revisions"}],"predecessor-version":[{"id":12041,"href":"https:\/\/evertonfc.cz\/index.php\/wp-json\/wp\/v2\/posts\/12020\/revisions\/12041"}],"wp:featuredmedia":[{"embeddable":true,"href":"https:\/\/evertonfc.cz\/index.php\/wp-json\/wp\/v2\/media\/12019"}],"wp:attachment":[{"href":"https:\/\/evertonfc.cz\/index.php\/wp-json\/wp\/v2\/media?parent=12020"}],"wp:term":[{"taxonomy":"category","embeddable":true,"href":"https:\/\/evertonfc.cz\/index.php\/wp-json\/wp\/v2\/categories?post=12020"},{"taxonomy":"post_tag","embeddable":true,"href":"https:\/\/evertonfc.cz\/index.php\/wp-json\/wp\/v2\/tags?post=12020"}],"curies":[{"name":"wp","href":"https:\/\/api.w.org\/{rel}","templated":true}]}}