{"id":12045,"date":"2020-09-18T10:31:16","date_gmt":"2020-09-18T08:31:16","guid":{"rendered":"https:\/\/evertonfc.cz\/?p=12045"},"modified":"2020-09-18T10:46:32","modified_gmt":"2020-09-18T08:46:32","slug":"potvrdene-james-zadarmo","status":"publish","type":"post","link":"https:\/\/evertonfc.cz\/index.php\/2020\/09\/18\/potvrdene-james-zadarmo\/","title":{"rendered":"Potvrden\u00e9, James zadarmo"},"content":{"rendered":"<h4>Club Atl\u00e9tico Banfield, b\u00fdval\u00fd klub Kolumbij\u010dana v\u00a0Argent\u00edne, vydal vyhl\u00e1senie, v\u00a0ktorom tvrd\u00ed, \u017ee Rodr\u00edguez prest\u00fapil do Evertonu z\u00a0Realu Madrid ako vo\u013en\u00fd hr\u00e1\u010d.<\/h4>\n<p>Dlhmi oklie\u0161ten\u00fd Everton sa neb\u00e1l toto leto op\u00e4\u0165 zainvestova\u0165 a\u00a0zadov\u00e1\u017ei\u0165 si prakticky nov\u00fa z\u00e1lohu. Jej nov\u00fdm \u010dlenom je aj hviezdny James Rodr\u00edguez. Ako sme v\u00e1s <a href=\"https:\/\/evertonfc.cz\/index.php\/2020\/09\/07\/everton-prilakal-superstar\/\" target=\"_blank\" rel=\"noopener noreferrer\">v\u00a0\u010dl\u00e1nku o\u00a0jeho pr\u00edchode<\/a> informovali, klub mal \u00fadajne za jeho slu\u017eby zaplati\u0165 pod\u013ea v\u00e4\u010d\u0161iny zdrojov okolo 20 mili\u00f3nov libier.<\/p>\n<p><a href=\"https:\/\/www.bbc.com\/sport\/amp\/football\/53992937\" target=\"_blank\" rel=\"noopener noreferrer\">T\u00fato inform\u00e1ciu nesk\u00f4r dementovalo BBC<\/a>, ktor\u00e9 tvrdilo, \u017ee suma sa pohybuje podstatne ni\u017e\u0161ie, na \u00farovni \u00a312 mili\u00f3nov. Najnov\u0161ie, a omnoho d\u00f4veryhodnej\u0161ie, vysvit\u00e1 inform\u00e1cia o \u201ekr\u00e1de\u017ei\u201c v podan\u00ed klubu z Merseyside.<\/p>\n<h4><strong>Solidarita sa nekon\u00e1<\/strong><\/h4>\n<p>Atl\u00e9tico Banfield bolo druh\u00fdm klubom v\u00a0kari\u00e9re n\u00e1\u0161ho nov\u00e9ho \u010d\u00edsla 19 a\u00a0moment\u00e1lne hr\u00e1va v\u00a0prvej argent\u00ednskej lige. James tam str\u00e1vil tri sez\u00f3ny. Porto potom za\u0148ho zaplatilo zhruba p\u00e4\u0165 mili\u00f3nov eur. Banfield v\u0161ak na\u010falej disponoval pr\u00e1vami na percent\u00e1 z\u00a0bud\u00facich\u00a0predajov \u2013 tzv. syst\u00e9m solidarity pod\u013ea FIFA.<\/p>\n<p>Ten funguje na z\u00e1klade mechanizmu prestupov konkr\u00e9tneho hr\u00e1\u010da po\u010das trvania zmluvy. \u010ciastka, ktor\u00fa b\u00fdval\u00fd klub dostane, predstavuje 5% akejko\u013evek kompenz\u00e1cie hradenej kupuj\u00facim klubom, s v\u00fdnimkou kompenz\u00e1cie za tr\u00e9ningov\u00e9 pr\u00e1va. Toto percento sa m\u00f4\u017ee zn\u00ed\u017ei\u0165, ak sa mus\u00ed rozdeli\u0165 medzi viac klubov (pod\u013ea pr\u00edpadu), ktor\u00e9 formovali hr\u00e1\u010da vo veku od 12 do 23 rokov.<\/p>\n<h4><strong>Stanovisko Atl\u00e9tica Banfield, zverejnen\u00e9 na ofici\u00e1lnej str\u00e1nke:<\/strong><\/h4>\n<p><em>Po ozn\u00e1men\u00ed spr\u00e1vy o prestupe Jamesa Rodr\u00edgueza z Realu Madrid do Evertonu, a po dodr\u017ean\u00ed platn\u00fdch predpisov FIFA, uskuto\u010dnil Club Atl\u00e9tico Banfield pr\u00edslu\u0161n\u00e9 konzult\u00e1cie s cie\u013eom zisti\u0165, \u010di mu prin\u00e1le\u017e\u00ed pe\u0148a\u017en\u00fd poplatok prostredn\u00edctvom mechanizmu solidarity.<\/em><\/p>\n<p><em>Napriek novin\u00e1rskym verzi\u00e1m, ktor\u00e9 nazna\u010dovali, \u017ee prestup zah\u0155\u0148al finan\u010dn\u00fa kompenz\u00e1ciu &#8211; situ\u00e1cia, v\u00a0ktorej by malo by\u0165 Banfieldu z tejto sumy vyplaten\u00e9 ur\u010dit\u00e9 percento za to, \u017ee prispel k rozvoju hr\u00e1\u010da &#8211; tomu tak nebolo.<\/em><\/p>\n<h4><strong>Ignacio Uzquiza, klubov\u00fd pokladn\u00edk Atl\u00e9tico Banfield:<\/strong><\/h4>\n<p><em>\u201eBohu\u017eia\u013e, Banfield nem\u00e1 n\u00e1rok na \u017eiadne peniaze z prestupu Jamesa Rodr\u00edgueza z Realu Madrid do Evertonu. Transakcia sa uskuto\u010dnila bez ak\u00fdchko\u013evek n\u00e1kladov, akoby i\u0161lo o vo\u013en\u00e9ho hr\u00e1\u010da. Pr\u00edslu\u0161n\u00e9 konzult\u00e1cie sa u\u017e uskuto\u010dnili s obidvoma z\u00fa\u010dastnen\u00fdmi klubmi a s pr\u00edslu\u0161n\u00fdmi organiz\u00e1ciami. Vo v\u0161etk\u00fdch pr\u00edpadoch n\u00e1m potvrdili, \u017ee klub peniaze prostredn\u00edctvom mechanizmu solidarity nedostane.\u201c<\/em><\/p>\n<p>V\u00f4bec prv\u00e1 inform\u00e1cia o\u00a0nie\u010dom takom, \u017ee by Everton na \u010dele so \u0161portov\u00fdm riadite\u013eom Brandsom predviedol hus\u00e1rsky k\u00fasok desa\u0165ro\u010dia, sa dostala na svet 9. septembra. Uv\u00e1dzal to pod\u013ea vlastn\u00fdch zdrojov <a href=\"https:\/\/www.transfermarkt.co.uk\/everton-did-not-pay-a-fee-for-james-only-6-free-transfers-in-history-more-valuable\/view\/news\/370196\" target=\"_blank\" rel=\"noopener noreferrer\">port\u00e1l Transfermarkt<\/a>, a\u00a0nieko\u013eko \u0161panielskych, viac-menej bulv\u00e1rnych m\u00e9di\u00ed.<\/p>\n<p>Niektor\u00e9 neoveren\u00e9 zdroje teraz tvrdia, \u017ee Everton poskytol Jamesovi \u0161tedr\u00fd podpisov\u00fd bonus (jednorazov\u00e1 \u010diastka) a pravdepodobne vyplatil zvy\u0161ok jeho st\u00e1vaj\u00faceho ro\u010dn\u00e9ho kontraktu, alebo poskytol Realu pr\u00e1va z bud\u00faceho predaja. \u010comu veri\u0165, ost\u00e1va ot\u00e1zkou. Ka\u017edop\u00e1dne, tento obchod bol v\u00fdhodn\u00fd. Najm\u00e4 pre Everton.<\/p>\n<p style=\"text-align: right;\"><span style=\"font-size: 8pt;\">(fotozdroj: Everton FC)<br \/>\n<a href=\"https:\/\/clubabanfield.org\/inicio\/pase-de-james-rodriguez-banfield-no-recibira-dinero\/\" target=\"_blank\" rel=\"noopener noreferrer\">(p\u00f4vodn\u00e9 vyhl\u00e1senie Club Atl\u00e9tico Banfield)<\/a><br \/>\n<\/span><\/p>\n","protected":false},"excerpt":{"rendered":"<p>Club Atl\u00e9tico Banfield, b\u00fdval\u00fd klub Kolumbij\u010dana v Argent\u00edne, vydal vyhl\u00e1senie, v ktorom tvrd\u00ed, \u017ee Rodr\u00edguez prest\u00fapil do Evertonu z Realu Madrid ako vo\u013en\u00fd hr\u00e1\u010d.<\/p>\n","protected":false},"author":1,"featured_media":12051,"comment_status":"open","ping_status":"closed","sticky":false,"template":"","format":"standard","meta":{"_eb_attr":"","_monsterinsights_skip_tracking":false,"_monsterinsights_sitenote_active":false,"_monsterinsights_sitenote_note":"","_monsterinsights_sitenote_category":0,"footnotes":""},"categories":[42],"tags":[],"yoast_head":"<!-- This site is optimized with the Yoast SEO plugin v23.4 - https:\/\/yoast.com\/wordpress\/plugins\/seo\/ -->\n<title>Potvrden\u00e9, James zadarmo - Official Czech &amp; Slovak Everton Supporters&#039; Club<\/title>\n<meta name=\"robots\" content=\"index, follow, max-snippet:-1, max-image-preview:large, max-video-preview:-1\" \/>\n<link rel=\"canonical\" href=\"https:\/\/evertonfc.cz\/index.php\/2020\/09\/18\/potvrdene-james-zadarmo\/\" \/>\n<meta property=\"og:locale\" content=\"cs_CZ\" \/>\n<meta property=\"og:type\" content=\"article\" \/>\n<meta property=\"og:title\" content=\"Potvrden\u00e9, James zadarmo - Official Czech &amp; Slovak Everton Supporters&#039; Club\" \/>\n<meta property=\"og:description\" content=\"Club Atl\u00e9tico Banfield, b\u00fdval\u00fd klub Kolumbij\u010dana v Argent\u00edne, vydal vyhl\u00e1senie, v ktorom tvrd\u00ed, \u017ee Rodr\u00edguez prest\u00fapil do Evertonu z Realu Madrid ako vo\u013en\u00fd hr\u00e1\u010d.\" \/>\n<meta property=\"og:url\" content=\"https:\/\/evertonfc.cz\/index.php\/2020\/09\/18\/potvrdene-james-zadarmo\/\" \/>\n<meta property=\"og:site_name\" content=\"Official Czech &amp; Slovak Everton Supporters&#039; Club\" \/>\n<meta property=\"article:publisher\" content=\"https:\/\/www.facebook.com\/everton.fans.cz.sk\" \/>\n<meta property=\"article:published_time\" content=\"2020-09-18T08:31:16+00:00\" \/>\n<meta property=\"article:modified_time\" content=\"2020-09-18T08:46:32+00:00\" \/>\n<meta property=\"og:image\" content=\"https:\/\/evertonfc.cz\/wp-content\/uploads\/2020\/09\/Ancelotti-Rodriguez-unveiling-18-9-2020.jpg\" \/>\n\t<meta property=\"og:image:width\" content=\"720\" \/>\n\t<meta property=\"og:image:height\" content=\"405\" \/>\n\t<meta property=\"og:image:type\" content=\"image\/jpeg\" \/>\n<meta name=\"author\" content=\"BlueBlooded\" \/>\n<meta name=\"twitter:card\" content=\"summary_large_image\" \/>\n<meta name=\"twitter:label1\" content=\"Napsal(a)\" \/>\n\t<meta name=\"twitter:data1\" content=\"BlueBlooded\" \/>\n\t<meta name=\"twitter:label2\" content=\"Odhadovan\u00e1 doba \u010dten\u00ed\" \/>\n\t<meta name=\"twitter:data2\" content=\"3 minuty\" \/>\n<script type=\"application\/ld+json\" class=\"yoast-schema-graph\">{\"@context\":\"https:\/\/schema.org\",\"@graph\":[{\"@type\":\"Article\",\"@id\":\"https:\/\/evertonfc.cz\/index.php\/2020\/09\/18\/potvrdene-james-zadarmo\/#article\",\"isPartOf\":{\"@id\":\"https:\/\/evertonfc.cz\/index.php\/2020\/09\/18\/potvrdene-james-zadarmo\/\"},\"author\":{\"name\":\"BlueBlooded\",\"@id\":\"https:\/\/evertonfc.cz\/#\/schema\/person\/d4493b8cbea51532597fbc4685698916\"},\"headline\":\"Potvrden\u00e9, James zadarmo\",\"datePublished\":\"2020-09-18T08:31:16+00:00\",\"dateModified\":\"2020-09-18T08:46:32+00:00\",\"mainEntityOfPage\":{\"@id\":\"https:\/\/evertonfc.cz\/index.php\/2020\/09\/18\/potvrdene-james-zadarmo\/\"},\"wordCount\":573,\"commentCount\":1,\"publisher\":{\"@id\":\"https:\/\/evertonfc.cz\/#organization\"},\"image\":{\"@id\":\"https:\/\/evertonfc.cz\/index.php\/2020\/09\/18\/potvrdene-james-zadarmo\/#primaryimage\"},\"thumbnailUrl\":\"https:\/\/evertonfc.cz\/wp-content\/uploads\/2020\/09\/Ancelotti-Rodriguez-unveiling-18-9-2020.jpg\",\"articleSection\":[\"Aktuality\"],\"inLanguage\":\"cs\",\"potentialAction\":[{\"@type\":\"CommentAction\",\"name\":\"Comment\",\"target\":[\"https:\/\/evertonfc.cz\/index.php\/2020\/09\/18\/potvrdene-james-zadarmo\/#respond\"]}]},{\"@type\":\"WebPage\",\"@id\":\"https:\/\/evertonfc.cz\/index.php\/2020\/09\/18\/potvrdene-james-zadarmo\/\",\"url\":\"https:\/\/evertonfc.cz\/index.php\/2020\/09\/18\/potvrdene-james-zadarmo\/\",\"name\":\"Potvrden\u00e9, James zadarmo - Official Czech &amp; Slovak Everton Supporters&#039; Club\",\"isPartOf\":{\"@id\":\"https:\/\/evertonfc.cz\/#website\"},\"primaryImageOfPage\":{\"@id\":\"https:\/\/evertonfc.cz\/index.php\/2020\/09\/18\/potvrdene-james-zadarmo\/#primaryimage\"},\"image\":{\"@id\":\"https:\/\/evertonfc.cz\/index.php\/2020\/09\/18\/potvrdene-james-zadarmo\/#primaryimage\"},\"thumbnailUrl\":\"https:\/\/evertonfc.cz\/wp-content\/uploads\/2020\/09\/Ancelotti-Rodriguez-unveiling-18-9-2020.jpg\",\"datePublished\":\"2020-09-18T08:31:16+00:00\",\"dateModified\":\"2020-09-18T08:46:32+00:00\",\"breadcrumb\":{\"@id\":\"https:\/\/evertonfc.cz\/index.php\/2020\/09\/18\/potvrdene-james-zadarmo\/#breadcrumb\"},\"inLanguage\":\"cs\",\"potentialAction\":[{\"@type\":\"ReadAction\",\"target\":[\"https:\/\/evertonfc.cz\/index.php\/2020\/09\/18\/potvrdene-james-zadarmo\/\"]}]},{\"@type\":\"ImageObject\",\"inLanguage\":\"cs\",\"@id\":\"https:\/\/evertonfc.cz\/index.php\/2020\/09\/18\/potvrdene-james-zadarmo\/#primaryimage\",\"url\":\"https:\/\/evertonfc.cz\/wp-content\/uploads\/2020\/09\/Ancelotti-Rodriguez-unveiling-18-9-2020.jpg\",\"contentUrl\":\"https:\/\/evertonfc.cz\/wp-content\/uploads\/2020\/09\/Ancelotti-Rodriguez-unveiling-18-9-2020.jpg\",\"width\":720,\"height\":405},{\"@type\":\"BreadcrumbList\",\"@id\":\"https:\/\/evertonfc.cz\/index.php\/2020\/09\/18\/potvrdene-james-zadarmo\/#breadcrumb\",\"itemListElement\":[{\"@type\":\"ListItem\",\"position\":1,\"name\":\"Home\",\"item\":\"https:\/\/evertonfc.cz\/\"},{\"@type\":\"ListItem\",\"position\":2,\"name\":\"Potvrden\u00e9, James zadarmo\"}]},{\"@type\":\"WebSite\",\"@id\":\"https:\/\/evertonfc.cz\/#website\",\"url\":\"https:\/\/evertonfc.cz\/\",\"name\":\"Official Czech &amp; Slovak Everton Supporters&#039; Club\",\"description\":\"\",\"publisher\":{\"@id\":\"https:\/\/evertonfc.cz\/#organization\"},\"potentialAction\":[{\"@type\":\"SearchAction\",\"target\":{\"@type\":\"EntryPoint\",\"urlTemplate\":\"https:\/\/evertonfc.cz\/?s={search_term_string}\"},\"query-input\":{\"@type\":\"PropertyValueSpecification\",\"valueRequired\":true,\"valueName\":\"search_term_string\"}}],\"inLanguage\":\"cs\"},{\"@type\":\"Organization\",\"@id\":\"https:\/\/evertonfc.cz\/#organization\",\"name\":\"Official Czech & Slovak Everton Supporters' Club\",\"url\":\"https:\/\/evertonfc.cz\/\",\"logo\":{\"@type\":\"ImageObject\",\"inLanguage\":\"cs\",\"@id\":\"https:\/\/evertonfc.cz\/#\/schema\/logo\/image\/\",\"url\":\"https:\/\/evertonfc.cz\/wp-content\/uploads\/2019\/05\/logo.png\",\"contentUrl\":\"https:\/\/evertonfc.cz\/wp-content\/uploads\/2019\/05\/logo.png\",\"width\":112,\"height\":112,\"caption\":\"Official Czech & Slovak Everton Supporters' Club\"},\"image\":{\"@id\":\"https:\/\/evertonfc.cz\/#\/schema\/logo\/image\/\"},\"sameAs\":[\"https:\/\/www.facebook.com\/everton.fans.cz.sk\"]},{\"@type\":\"Person\",\"@id\":\"https:\/\/evertonfc.cz\/#\/schema\/person\/d4493b8cbea51532597fbc4685698916\",\"name\":\"BlueBlooded\",\"url\":\"https:\/\/evertonfc.cz\/index.php\/author\/admin\/\"}]}<\/script>\n<!-- \/ Yoast SEO plugin. -->","yoast_head_json":{"title":"Potvrden\u00e9, James zadarmo - Official Czech &amp; Slovak Everton Supporters&#039; Club","robots":{"index":"index","follow":"follow","max-snippet":"max-snippet:-1","max-image-preview":"max-image-preview:large","max-video-preview":"max-video-preview:-1"},"canonical":"https:\/\/evertonfc.cz\/index.php\/2020\/09\/18\/potvrdene-james-zadarmo\/","og_locale":"cs_CZ","og_type":"article","og_title":"Potvrden\u00e9, James zadarmo - Official Czech &amp; Slovak Everton Supporters&#039; Club","og_description":"Club Atl\u00e9tico Banfield, b\u00fdval\u00fd klub Kolumbij\u010dana v Argent\u00edne, vydal vyhl\u00e1senie, v ktorom tvrd\u00ed, \u017ee Rodr\u00edguez prest\u00fapil do Evertonu z Realu Madrid ako vo\u013en\u00fd hr\u00e1\u010d.","og_url":"https:\/\/evertonfc.cz\/index.php\/2020\/09\/18\/potvrdene-james-zadarmo\/","og_site_name":"Official Czech &amp; Slovak Everton Supporters&#039; Club","article_publisher":"https:\/\/www.facebook.com\/everton.fans.cz.sk","article_published_time":"2020-09-18T08:31:16+00:00","article_modified_time":"2020-09-18T08:46:32+00:00","og_image":[{"width":720,"height":405,"url":"https:\/\/evertonfc.cz\/wp-content\/uploads\/2020\/09\/Ancelotti-Rodriguez-unveiling-18-9-2020.jpg","type":"image\/jpeg"}],"author":"BlueBlooded","twitter_card":"summary_large_image","twitter_misc":{"Napsal(a)":"BlueBlooded","Odhadovan\u00e1 doba \u010dten\u00ed":"3 minuty"},"schema":{"@context":"https:\/\/schema.org","@graph":[{"@type":"Article","@id":"https:\/\/evertonfc.cz\/index.php\/2020\/09\/18\/potvrdene-james-zadarmo\/#article","isPartOf":{"@id":"https:\/\/evertonfc.cz\/index.php\/2020\/09\/18\/potvrdene-james-zadarmo\/"},"author":{"name":"BlueBlooded","@id":"https:\/\/evertonfc.cz\/#\/schema\/person\/d4493b8cbea51532597fbc4685698916"},"headline":"Potvrden\u00e9, James zadarmo","datePublished":"2020-09-18T08:31:16+00:00","dateModified":"2020-09-18T08:46:32+00:00","mainEntityOfPage":{"@id":"https:\/\/evertonfc.cz\/index.php\/2020\/09\/18\/potvrdene-james-zadarmo\/"},"wordCount":573,"commentCount":1,"publisher":{"@id":"https:\/\/evertonfc.cz\/#organization"},"image":{"@id":"https:\/\/evertonfc.cz\/index.php\/2020\/09\/18\/potvrdene-james-zadarmo\/#primaryimage"},"thumbnailUrl":"https:\/\/evertonfc.cz\/wp-content\/uploads\/2020\/09\/Ancelotti-Rodriguez-unveiling-18-9-2020.jpg","articleSection":["Aktuality"],"inLanguage":"cs","potentialAction":[{"@type":"CommentAction","name":"Comment","target":["https:\/\/evertonfc.cz\/index.php\/2020\/09\/18\/potvrdene-james-zadarmo\/#respond"]}]},{"@type":"WebPage","@id":"https:\/\/evertonfc.cz\/index.php\/2020\/09\/18\/potvrdene-james-zadarmo\/","url":"https:\/\/evertonfc.cz\/index.php\/2020\/09\/18\/potvrdene-james-zadarmo\/","name":"Potvrden\u00e9, James zadarmo - Official Czech &amp; Slovak Everton Supporters&#039; Club","isPartOf":{"@id":"https:\/\/evertonfc.cz\/#website"},"primaryImageOfPage":{"@id":"https:\/\/evertonfc.cz\/index.php\/2020\/09\/18\/potvrdene-james-zadarmo\/#primaryimage"},"image":{"@id":"https:\/\/evertonfc.cz\/index.php\/2020\/09\/18\/potvrdene-james-zadarmo\/#primaryimage"},"thumbnailUrl":"https:\/\/evertonfc.cz\/wp-content\/uploads\/2020\/09\/Ancelotti-Rodriguez-unveiling-18-9-2020.jpg","datePublished":"2020-09-18T08:31:16+00:00","dateModified":"2020-09-18T08:46:32+00:00","breadcrumb":{"@id":"https:\/\/evertonfc.cz\/index.php\/2020\/09\/18\/potvrdene-james-zadarmo\/#breadcrumb"},"inLanguage":"cs","potentialAction":[{"@type":"ReadAction","target":["https:\/\/evertonfc.cz\/index.php\/2020\/09\/18\/potvrdene-james-zadarmo\/"]}]},{"@type":"ImageObject","inLanguage":"cs","@id":"https:\/\/evertonfc.cz\/index.php\/2020\/09\/18\/potvrdene-james-zadarmo\/#primaryimage","url":"https:\/\/evertonfc.cz\/wp-content\/uploads\/2020\/09\/Ancelotti-Rodriguez-unveiling-18-9-2020.jpg","contentUrl":"https:\/\/evertonfc.cz\/wp-content\/uploads\/2020\/09\/Ancelotti-Rodriguez-unveiling-18-9-2020.jpg","width":720,"height":405},{"@type":"BreadcrumbList","@id":"https:\/\/evertonfc.cz\/index.php\/2020\/09\/18\/potvrdene-james-zadarmo\/#breadcrumb","itemListElement":[{"@type":"ListItem","position":1,"name":"Home","item":"https:\/\/evertonfc.cz\/"},{"@type":"ListItem","position":2,"name":"Potvrden\u00e9, James zadarmo"}]},{"@type":"WebSite","@id":"https:\/\/evertonfc.cz\/#website","url":"https:\/\/evertonfc.cz\/","name":"Official Czech &amp; Slovak Everton Supporters&#039; Club","description":"","publisher":{"@id":"https:\/\/evertonfc.cz\/#organization"},"potentialAction":[{"@type":"SearchAction","target":{"@type":"EntryPoint","urlTemplate":"https:\/\/evertonfc.cz\/?s={search_term_string}"},"query-input":{"@type":"PropertyValueSpecification","valueRequired":true,"valueName":"search_term_string"}}],"inLanguage":"cs"},{"@type":"Organization","@id":"https:\/\/evertonfc.cz\/#organization","name":"Official Czech & Slovak Everton Supporters' Club","url":"https:\/\/evertonfc.cz\/","logo":{"@type":"ImageObject","inLanguage":"cs","@id":"https:\/\/evertonfc.cz\/#\/schema\/logo\/image\/","url":"https:\/\/evertonfc.cz\/wp-content\/uploads\/2019\/05\/logo.png","contentUrl":"https:\/\/evertonfc.cz\/wp-content\/uploads\/2019\/05\/logo.png","width":112,"height":112,"caption":"Official Czech & Slovak Everton Supporters' Club"},"image":{"@id":"https:\/\/evertonfc.cz\/#\/schema\/logo\/image\/"},"sameAs":["https:\/\/www.facebook.com\/everton.fans.cz.sk"]},{"@type":"Person","@id":"https:\/\/evertonfc.cz\/#\/schema\/person\/d4493b8cbea51532597fbc4685698916","name":"BlueBlooded","url":"https:\/\/evertonfc.cz\/index.php\/author\/admin\/"}]}},"_links":{"self":[{"href":"https:\/\/evertonfc.cz\/index.php\/wp-json\/wp\/v2\/posts\/12045"}],"collection":[{"href":"https:\/\/evertonfc.cz\/index.php\/wp-json\/wp\/v2\/posts"}],"about":[{"href":"https:\/\/evertonfc.cz\/index.php\/wp-json\/wp\/v2\/types\/post"}],"author":[{"embeddable":true,"href":"https:\/\/evertonfc.cz\/index.php\/wp-json\/wp\/v2\/users\/1"}],"replies":[{"embeddable":true,"href":"https:\/\/evertonfc.cz\/index.php\/wp-json\/wp\/v2\/comments?post=12045"}],"version-history":[{"count":7,"href":"https:\/\/evertonfc.cz\/index.php\/wp-json\/wp\/v2\/posts\/12045\/revisions"}],"predecessor-version":[{"id":12055,"href":"https:\/\/evertonfc.cz\/index.php\/wp-json\/wp\/v2\/posts\/12045\/revisions\/12055"}],"wp:featuredmedia":[{"embeddable":true,"href":"https:\/\/evertonfc.cz\/index.php\/wp-json\/wp\/v2\/media\/12051"}],"wp:attachment":[{"href":"https:\/\/evertonfc.cz\/index.php\/wp-json\/wp\/v2\/media?parent=12045"}],"wp:term":[{"taxonomy":"category","embeddable":true,"href":"https:\/\/evertonfc.cz\/index.php\/wp-json\/wp\/v2\/categories?post=12045"},{"taxonomy":"post_tag","embeddable":true,"href":"https:\/\/evertonfc.cz\/index.php\/wp-json\/wp\/v2\/tags?post=12045"}],"curies":[{"name":"wp","href":"https:\/\/api.w.org\/{rel}","templated":true}]}}