{"id":12058,"date":"2020-09-19T10:30:00","date_gmt":"2020-09-19T08:30:00","guid":{"rendered":"https:\/\/evertonfc.cz\/?p=12058"},"modified":"2020-09-19T10:53:36","modified_gmt":"2020-09-19T08:53:36","slug":"preview-everton-west-bromwich-albion-9","status":"publish","type":"post","link":"https:\/\/evertonfc.cz\/index.php\/2020\/09\/19\/preview-everton-west-bromwich-albion-9\/","title":{"rendered":"Preview: Everton &#8211; West Bromwich Albion"},"content":{"rendered":"<h4>Everton se po v\u00edt\u011bzstv\u00ed a skv\u011bl\u00e9m v\u00fdkonu na h\u0159i\u0161ti Tottenhamu pokus\u00ed dostat na prvn\u00ed p\u0159\u00ed\u010dku ligov\u00e9 tabulky t\u00edm, \u017ee nepohraje doma s nov\u00e1\u010dkem.<\/h4>\n<p>Je to tak. Los nov\u00e9 ligov\u00e9 sez\u00f3ny byl ke Karamelk\u00e1m vcelku p\u0159iv\u011btiv\u00fd, po Tottenhamu p\u0159ich\u00e1z\u00ed na \u0159adu slab\u0161\u00ed soupe\u0159i. Ve st\u0159edu byla spln\u011bna povinnost v Ligov\u00e9m poh\u00e1ru a i trojice WBA-Fleetwood Town-Crystal Palace nevzbuzuje zrovna obavy. Ale nep\u0159edb\u00edhejme. Dnes n\u00e1m sv\u00e9 um\u011bn\u00ed p\u0159edvede nov\u00e1\u010dek, kter\u00fd ale na rozd\u00edl od Evertonu odstartoval \u0161patn\u011b. Na druhou stranu, s Leicesterem padnou slovutn\u011bj\u0161\u00ed t\u00fdmy. Chu\u0165 si Baggies spravili ve st\u0159edu v Ligov\u00e9m poh\u00e1ru, kdy doma p\u0159ejeli Harrogate 3:0.<\/p>\n<p>Poj\u010fme si ve stru\u010dnosti p\u0159ipomenout historii klubu. Stejn\u011b jako Everton je to t\u00fdm, kter\u00fd pat\u0159il k zakl\u00e1daj\u00edc\u00ed dvan\u00e1ctce Divison One v roce 1888. Nen\u00ed se co divit, West Bromwich je p\u0159edm\u011bst\u00ed Birminghamu, t\u00edm p\u00e1dem byla jeho \u00fa\u010dast jasn\u00e1. Zalo\u017een byl jako West Bromwich Strollers v n\u00e1m sympatick\u00e9m roce 1878, o dva roky pozd\u011bji slovo Albion vym\u011bnilo slovo Strollers. V\u011bt\u0161inu sv\u00e9 existence str\u00e1vil v nejvy\u0161\u0161\u00ed sout\u011b\u017ei, v sou\u010dasnosti mezi Premier League a Championship celkem pravideln\u011b pendluje. Jednou vyhr\u00e1l titul, v roce 1920, Anglick\u00fd poh\u00e1r zvedl nad hlavu p\u011btkr\u00e1t, naposledy v roce 1968, kdy v prodlou\u017een\u00ed porazil Everton 1:0 brankou Jeffa Astla, klubov\u00e9 legendy, kter\u00e9 ve druh\u00e9 polovin\u011b 60. let pat\u0159ila k nejlep\u0161\u00edm hro\u0165\u00e1k\u016fm ligy. Na sou\u010dasn\u00e9m stadionu The Hawthorns hraj\u00ed od roku 1900. Ze zn\u00e1m\u011bj\u0161\u00edch hr\u00e1\u010d\u016f sou\u010dasn\u00e9ho k\u00e1dru jmenuje aspo\u0148 Kierana Gibbse (exArsenal), Kamila Grosick\u00e9ho a \u010derstvou posilu Branislava Ivanovi\u0107e (exChelsea). Mana\u017eerem t\u00fdmu je od lo\u0148sk\u00e9ho \u010dervna Slaven Bili\u0107, kter\u00fd odkopal dva roky za Everton a pak u\u017e jen \u0161el dohr\u00e1t kari\u00e9ru dom\u016f do Hajduku Split.<\/p>\n<p>Zdravotn\u011b je na tom Everton dob\u0159e a \u0161patn\u011b. Zat\u00edmco utk\u00e1n\u00ed na Tottenhamu zvl\u00e1dli v\u0161ichni bez zran\u011bn\u00ed, tak proti Salfordu se zranil stoper Branthwaite, \u010d\u00edm\u017e je p\u0159i hran\u011bn\u00ed Holgata d\u00e1no, \u017ee v z\u00e1kladn\u00ed sestav\u011b nastoup\u00ed Keane a Mina. Povol\u00e1n\u00ed na lavi\u010dku by se tak mohl do\u010dkat mlad\u00fd stoper Gibson. Branthwaite m\u00e1 zran\u011bn\u00fd kotn\u00edk, na operaci nep\u016fjde, ale k dispozici nebude m\u011bs\u00edc. Holgate nebude minim\u00e1ln\u011b dva m\u011bs\u00edce a man\u017eer Ancelotti nijak netaj\u00ed, \u017ee na p\u0159estupov\u00e9m trhu sh\u00e1n\u00ed stopera. Samoz\u0159ejm\u011b chyb\u00ed dlouhodob\u00ed absent\u00e9\u0159i Delph, Gbamin a Tosun. Naopak ji\u017e leh\u010d\u00ed zran\u011bn\u00ed vyl\u00e9\u010dil Iwobi a mohl by b\u00fdt nominov\u00e1n na lavi\u010dku. West Bromwich Albion podepsal na ro\u010dn\u00ed hostov\u00e1n\u00ed z\u00e1lo\u017en\u00edka Chelsea Conora Gallaghera, mohl by b\u00fdt nominov\u00e1n na lavi\u010dku.<\/p>\n<p><strong>Co:\u00a0<\/strong>Everton FC &#8211; West Bromwich Albion FC, 2. kolo Premier League<br \/>\n<strong>Kdy:\u00a0<\/strong>19. 9. 2020 od 13:30<br \/>\n<strong>TV:\u00a0<\/strong>P\u0159\u00edm\u00fd p\u0159enos na stanici Premier Sport<br \/>\n<strong>Rozhod\u010d\u00ed:\u00a0<\/strong>Mike Dean &#8211; Darren Cann, Dan Robathan\u00a0<strong>\u010ctvrt\u00fd rozhod\u010d\u00ed:\u00a0<\/strong>Jeremy Simpson<br \/>\n<strong>Videorozhod\u010d\u00ed:\u00a0<\/strong>Simon Hooper\u00a0<strong>Asistent videorozhod\u010d\u00edho:\u00a0<\/strong>Stephen Child<\/p>\n","protected":false},"excerpt":{"rendered":"<p>Everton se po v\u00edt\u011bzstv\u00ed a skv\u011bl\u00e9m v\u00fdkonu na h\u0159i\u0161ti Tottenhamu pokus\u00ed dostat na prvn\u00ed p\u0159\u00ed\u010dku ligov\u00e9 tabulky t\u00edm, \u017ee nepohraje doma s nov\u00e1\u010dkem.<\/p>\n","protected":false},"author":12,"featured_media":12056,"comment_status":"open","ping_status":"closed","sticky":false,"template":"","format":"standard","meta":{"_eb_attr":"","_monsterinsights_skip_tracking":false,"_monsterinsights_sitenote_active":false,"_monsterinsights_sitenote_note":"","_monsterinsights_sitenote_category":0,"footnotes":""},"categories":[4],"tags":[],"yoast_head":"<!-- This site is optimized with the Yoast SEO plugin v23.4 - https:\/\/yoast.com\/wordpress\/plugins\/seo\/ -->\n<title>Preview: Everton - West Bromwich Albion - Official Czech &amp; Slovak Everton Supporters&#039; Club<\/title>\n<meta name=\"robots\" content=\"index, follow, max-snippet:-1, max-image-preview:large, max-video-preview:-1\" \/>\n<link rel=\"canonical\" href=\"https:\/\/evertonfc.cz\/index.php\/2020\/09\/19\/preview-everton-west-bromwich-albion-9\/\" \/>\n<meta property=\"og:locale\" content=\"cs_CZ\" \/>\n<meta property=\"og:type\" content=\"article\" \/>\n<meta property=\"og:title\" content=\"Preview: Everton - West Bromwich Albion - Official Czech &amp; Slovak Everton Supporters&#039; Club\" \/>\n<meta property=\"og:description\" content=\"Everton se po v\u00edt\u011bzstv\u00ed a skv\u011bl\u00e9m v\u00fdkonu na h\u0159i\u0161ti Tottenhamu pokus\u00ed dostat na prvn\u00ed p\u0159\u00ed\u010dku ligov\u00e9 tabulky t\u00edm, \u017ee nepohraje doma s nov\u00e1\u010dkem.\" \/>\n<meta property=\"og:url\" content=\"https:\/\/evertonfc.cz\/index.php\/2020\/09\/19\/preview-everton-west-bromwich-albion-9\/\" \/>\n<meta property=\"og:site_name\" content=\"Official Czech &amp; Slovak Everton Supporters&#039; Club\" \/>\n<meta property=\"article:publisher\" content=\"https:\/\/www.facebook.com\/everton.fans.cz.sk\" \/>\n<meta property=\"article:published_time\" content=\"2020-09-19T08:30:00+00:00\" \/>\n<meta property=\"article:modified_time\" content=\"2020-09-19T08:53:36+00:00\" \/>\n<meta property=\"og:image\" content=\"https:\/\/evertonfc.cz\/wp-content\/uploads\/2020\/09\/Everton-West-Bromwich-18-9-2020.jpg\" \/>\n\t<meta property=\"og:image:width\" content=\"720\" \/>\n\t<meta property=\"og:image:height\" content=\"405\" \/>\n\t<meta property=\"og:image:type\" content=\"image\/jpeg\" \/>\n<meta name=\"author\" content=\"Javor\" \/>\n<meta name=\"twitter:card\" content=\"summary_large_image\" \/>\n<meta name=\"twitter:creator\" content=\"@LoudinJan\" \/>\n<meta name=\"twitter:label1\" content=\"Napsal(a)\" \/>\n\t<meta name=\"twitter:data1\" content=\"Javor\" \/>\n\t<meta name=\"twitter:label2\" content=\"Odhadovan\u00e1 doba \u010dten\u00ed\" \/>\n\t<meta name=\"twitter:data2\" content=\"3 minuty\" \/>\n<script type=\"application\/ld+json\" class=\"yoast-schema-graph\">{\"@context\":\"https:\/\/schema.org\",\"@graph\":[{\"@type\":\"Article\",\"@id\":\"https:\/\/evertonfc.cz\/index.php\/2020\/09\/19\/preview-everton-west-bromwich-albion-9\/#article\",\"isPartOf\":{\"@id\":\"https:\/\/evertonfc.cz\/index.php\/2020\/09\/19\/preview-everton-west-bromwich-albion-9\/\"},\"author\":{\"name\":\"Javor\",\"@id\":\"https:\/\/evertonfc.cz\/#\/schema\/person\/b30daf6a5852f4811f8207a17ec1bf78\"},\"headline\":\"Preview: Everton &#8211; West Bromwich Albion\",\"datePublished\":\"2020-09-19T08:30:00+00:00\",\"dateModified\":\"2020-09-19T08:53:36+00:00\",\"mainEntityOfPage\":{\"@id\":\"https:\/\/evertonfc.cz\/index.php\/2020\/09\/19\/preview-everton-west-bromwich-albion-9\/\"},\"wordCount\":537,\"commentCount\":3,\"publisher\":{\"@id\":\"https:\/\/evertonfc.cz\/#organization\"},\"image\":{\"@id\":\"https:\/\/evertonfc.cz\/index.php\/2020\/09\/19\/preview-everton-west-bromwich-albion-9\/#primaryimage\"},\"thumbnailUrl\":\"https:\/\/evertonfc.cz\/wp-content\/uploads\/2020\/09\/Everton-West-Bromwich-18-9-2020.jpg\",\"articleSection\":[\"Z\u00e1pasy\"],\"inLanguage\":\"cs\",\"potentialAction\":[{\"@type\":\"CommentAction\",\"name\":\"Comment\",\"target\":[\"https:\/\/evertonfc.cz\/index.php\/2020\/09\/19\/preview-everton-west-bromwich-albion-9\/#respond\"]}]},{\"@type\":\"WebPage\",\"@id\":\"https:\/\/evertonfc.cz\/index.php\/2020\/09\/19\/preview-everton-west-bromwich-albion-9\/\",\"url\":\"https:\/\/evertonfc.cz\/index.php\/2020\/09\/19\/preview-everton-west-bromwich-albion-9\/\",\"name\":\"Preview: Everton - West Bromwich Albion - Official Czech &amp; Slovak Everton Supporters&#039; Club\",\"isPartOf\":{\"@id\":\"https:\/\/evertonfc.cz\/#website\"},\"primaryImageOfPage\":{\"@id\":\"https:\/\/evertonfc.cz\/index.php\/2020\/09\/19\/preview-everton-west-bromwich-albion-9\/#primaryimage\"},\"image\":{\"@id\":\"https:\/\/evertonfc.cz\/index.php\/2020\/09\/19\/preview-everton-west-bromwich-albion-9\/#primaryimage\"},\"thumbnailUrl\":\"https:\/\/evertonfc.cz\/wp-content\/uploads\/2020\/09\/Everton-West-Bromwich-18-9-2020.jpg\",\"datePublished\":\"2020-09-19T08:30:00+00:00\",\"dateModified\":\"2020-09-19T08:53:36+00:00\",\"breadcrumb\":{\"@id\":\"https:\/\/evertonfc.cz\/index.php\/2020\/09\/19\/preview-everton-west-bromwich-albion-9\/#breadcrumb\"},\"inLanguage\":\"cs\",\"potentialAction\":[{\"@type\":\"ReadAction\",\"target\":[\"https:\/\/evertonfc.cz\/index.php\/2020\/09\/19\/preview-everton-west-bromwich-albion-9\/\"]}]},{\"@type\":\"ImageObject\",\"inLanguage\":\"cs\",\"@id\":\"https:\/\/evertonfc.cz\/index.php\/2020\/09\/19\/preview-everton-west-bromwich-albion-9\/#primaryimage\",\"url\":\"https:\/\/evertonfc.cz\/wp-content\/uploads\/2020\/09\/Everton-West-Bromwich-18-9-2020.jpg\",\"contentUrl\":\"https:\/\/evertonfc.cz\/wp-content\/uploads\/2020\/09\/Everton-West-Bromwich-18-9-2020.jpg\",\"width\":720,\"height\":405},{\"@type\":\"BreadcrumbList\",\"@id\":\"https:\/\/evertonfc.cz\/index.php\/2020\/09\/19\/preview-everton-west-bromwich-albion-9\/#breadcrumb\",\"itemListElement\":[{\"@type\":\"ListItem\",\"position\":1,\"name\":\"Home\",\"item\":\"https:\/\/evertonfc.cz\/\"},{\"@type\":\"ListItem\",\"position\":2,\"name\":\"Preview: Everton &#8211; West Bromwich Albion\"}]},{\"@type\":\"WebSite\",\"@id\":\"https:\/\/evertonfc.cz\/#website\",\"url\":\"https:\/\/evertonfc.cz\/\",\"name\":\"Official Czech &amp; Slovak Everton Supporters&#039; Club\",\"description\":\"\",\"publisher\":{\"@id\":\"https:\/\/evertonfc.cz\/#organization\"},\"potentialAction\":[{\"@type\":\"SearchAction\",\"target\":{\"@type\":\"EntryPoint\",\"urlTemplate\":\"https:\/\/evertonfc.cz\/?s={search_term_string}\"},\"query-input\":{\"@type\":\"PropertyValueSpecification\",\"valueRequired\":true,\"valueName\":\"search_term_string\"}}],\"inLanguage\":\"cs\"},{\"@type\":\"Organization\",\"@id\":\"https:\/\/evertonfc.cz\/#organization\",\"name\":\"Official Czech & Slovak Everton Supporters' Club\",\"url\":\"https:\/\/evertonfc.cz\/\",\"logo\":{\"@type\":\"ImageObject\",\"inLanguage\":\"cs\",\"@id\":\"https:\/\/evertonfc.cz\/#\/schema\/logo\/image\/\",\"url\":\"https:\/\/evertonfc.cz\/wp-content\/uploads\/2019\/05\/logo.png\",\"contentUrl\":\"https:\/\/evertonfc.cz\/wp-content\/uploads\/2019\/05\/logo.png\",\"width\":112,\"height\":112,\"caption\":\"Official Czech & Slovak Everton Supporters' Club\"},\"image\":{\"@id\":\"https:\/\/evertonfc.cz\/#\/schema\/logo\/image\/\"},\"sameAs\":[\"https:\/\/www.facebook.com\/everton.fans.cz.sk\"]},{\"@type\":\"Person\",\"@id\":\"https:\/\/evertonfc.cz\/#\/schema\/person\/b30daf6a5852f4811f8207a17ec1bf78\",\"name\":\"Javor\",\"sameAs\":[\"https:\/\/x.com\/LoudinJan\"],\"url\":\"https:\/\/evertonfc.cz\/index.php\/author\/javor\/\"}]}<\/script>\n<!-- \/ Yoast SEO plugin. -->","yoast_head_json":{"title":"Preview: Everton - West Bromwich Albion - Official Czech &amp; Slovak Everton Supporters&#039; Club","robots":{"index":"index","follow":"follow","max-snippet":"max-snippet:-1","max-image-preview":"max-image-preview:large","max-video-preview":"max-video-preview:-1"},"canonical":"https:\/\/evertonfc.cz\/index.php\/2020\/09\/19\/preview-everton-west-bromwich-albion-9\/","og_locale":"cs_CZ","og_type":"article","og_title":"Preview: Everton - West Bromwich Albion - Official Czech &amp; Slovak Everton Supporters&#039; Club","og_description":"Everton se po v\u00edt\u011bzstv\u00ed a skv\u011bl\u00e9m v\u00fdkonu na h\u0159i\u0161ti Tottenhamu pokus\u00ed dostat na prvn\u00ed p\u0159\u00ed\u010dku ligov\u00e9 tabulky t\u00edm, \u017ee nepohraje doma s nov\u00e1\u010dkem.","og_url":"https:\/\/evertonfc.cz\/index.php\/2020\/09\/19\/preview-everton-west-bromwich-albion-9\/","og_site_name":"Official Czech &amp; Slovak Everton Supporters&#039; Club","article_publisher":"https:\/\/www.facebook.com\/everton.fans.cz.sk","article_published_time":"2020-09-19T08:30:00+00:00","article_modified_time":"2020-09-19T08:53:36+00:00","og_image":[{"width":720,"height":405,"url":"https:\/\/evertonfc.cz\/wp-content\/uploads\/2020\/09\/Everton-West-Bromwich-18-9-2020.jpg","type":"image\/jpeg"}],"author":"Javor","twitter_card":"summary_large_image","twitter_creator":"@LoudinJan","twitter_misc":{"Napsal(a)":"Javor","Odhadovan\u00e1 doba \u010dten\u00ed":"3 minuty"},"schema":{"@context":"https:\/\/schema.org","@graph":[{"@type":"Article","@id":"https:\/\/evertonfc.cz\/index.php\/2020\/09\/19\/preview-everton-west-bromwich-albion-9\/#article","isPartOf":{"@id":"https:\/\/evertonfc.cz\/index.php\/2020\/09\/19\/preview-everton-west-bromwich-albion-9\/"},"author":{"name":"Javor","@id":"https:\/\/evertonfc.cz\/#\/schema\/person\/b30daf6a5852f4811f8207a17ec1bf78"},"headline":"Preview: Everton &#8211; West Bromwich Albion","datePublished":"2020-09-19T08:30:00+00:00","dateModified":"2020-09-19T08:53:36+00:00","mainEntityOfPage":{"@id":"https:\/\/evertonfc.cz\/index.php\/2020\/09\/19\/preview-everton-west-bromwich-albion-9\/"},"wordCount":537,"commentCount":3,"publisher":{"@id":"https:\/\/evertonfc.cz\/#organization"},"image":{"@id":"https:\/\/evertonfc.cz\/index.php\/2020\/09\/19\/preview-everton-west-bromwich-albion-9\/#primaryimage"},"thumbnailUrl":"https:\/\/evertonfc.cz\/wp-content\/uploads\/2020\/09\/Everton-West-Bromwich-18-9-2020.jpg","articleSection":["Z\u00e1pasy"],"inLanguage":"cs","potentialAction":[{"@type":"CommentAction","name":"Comment","target":["https:\/\/evertonfc.cz\/index.php\/2020\/09\/19\/preview-everton-west-bromwich-albion-9\/#respond"]}]},{"@type":"WebPage","@id":"https:\/\/evertonfc.cz\/index.php\/2020\/09\/19\/preview-everton-west-bromwich-albion-9\/","url":"https:\/\/evertonfc.cz\/index.php\/2020\/09\/19\/preview-everton-west-bromwich-albion-9\/","name":"Preview: Everton - West Bromwich Albion - Official Czech &amp; Slovak Everton Supporters&#039; Club","isPartOf":{"@id":"https:\/\/evertonfc.cz\/#website"},"primaryImageOfPage":{"@id":"https:\/\/evertonfc.cz\/index.php\/2020\/09\/19\/preview-everton-west-bromwich-albion-9\/#primaryimage"},"image":{"@id":"https:\/\/evertonfc.cz\/index.php\/2020\/09\/19\/preview-everton-west-bromwich-albion-9\/#primaryimage"},"thumbnailUrl":"https:\/\/evertonfc.cz\/wp-content\/uploads\/2020\/09\/Everton-West-Bromwich-18-9-2020.jpg","datePublished":"2020-09-19T08:30:00+00:00","dateModified":"2020-09-19T08:53:36+00:00","breadcrumb":{"@id":"https:\/\/evertonfc.cz\/index.php\/2020\/09\/19\/preview-everton-west-bromwich-albion-9\/#breadcrumb"},"inLanguage":"cs","potentialAction":[{"@type":"ReadAction","target":["https:\/\/evertonfc.cz\/index.php\/2020\/09\/19\/preview-everton-west-bromwich-albion-9\/"]}]},{"@type":"ImageObject","inLanguage":"cs","@id":"https:\/\/evertonfc.cz\/index.php\/2020\/09\/19\/preview-everton-west-bromwich-albion-9\/#primaryimage","url":"https:\/\/evertonfc.cz\/wp-content\/uploads\/2020\/09\/Everton-West-Bromwich-18-9-2020.jpg","contentUrl":"https:\/\/evertonfc.cz\/wp-content\/uploads\/2020\/09\/Everton-West-Bromwich-18-9-2020.jpg","width":720,"height":405},{"@type":"BreadcrumbList","@id":"https:\/\/evertonfc.cz\/index.php\/2020\/09\/19\/preview-everton-west-bromwich-albion-9\/#breadcrumb","itemListElement":[{"@type":"ListItem","position":1,"name":"Home","item":"https:\/\/evertonfc.cz\/"},{"@type":"ListItem","position":2,"name":"Preview: Everton &#8211; West Bromwich Albion"}]},{"@type":"WebSite","@id":"https:\/\/evertonfc.cz\/#website","url":"https:\/\/evertonfc.cz\/","name":"Official Czech &amp; Slovak Everton Supporters&#039; Club","description":"","publisher":{"@id":"https:\/\/evertonfc.cz\/#organization"},"potentialAction":[{"@type":"SearchAction","target":{"@type":"EntryPoint","urlTemplate":"https:\/\/evertonfc.cz\/?s={search_term_string}"},"query-input":{"@type":"PropertyValueSpecification","valueRequired":true,"valueName":"search_term_string"}}],"inLanguage":"cs"},{"@type":"Organization","@id":"https:\/\/evertonfc.cz\/#organization","name":"Official Czech & Slovak Everton Supporters' Club","url":"https:\/\/evertonfc.cz\/","logo":{"@type":"ImageObject","inLanguage":"cs","@id":"https:\/\/evertonfc.cz\/#\/schema\/logo\/image\/","url":"https:\/\/evertonfc.cz\/wp-content\/uploads\/2019\/05\/logo.png","contentUrl":"https:\/\/evertonfc.cz\/wp-content\/uploads\/2019\/05\/logo.png","width":112,"height":112,"caption":"Official Czech & Slovak Everton Supporters' Club"},"image":{"@id":"https:\/\/evertonfc.cz\/#\/schema\/logo\/image\/"},"sameAs":["https:\/\/www.facebook.com\/everton.fans.cz.sk"]},{"@type":"Person","@id":"https:\/\/evertonfc.cz\/#\/schema\/person\/b30daf6a5852f4811f8207a17ec1bf78","name":"Javor","sameAs":["https:\/\/x.com\/LoudinJan"],"url":"https:\/\/evertonfc.cz\/index.php\/author\/javor\/"}]}},"_links":{"self":[{"href":"https:\/\/evertonfc.cz\/index.php\/wp-json\/wp\/v2\/posts\/12058"}],"collection":[{"href":"https:\/\/evertonfc.cz\/index.php\/wp-json\/wp\/v2\/posts"}],"about":[{"href":"https:\/\/evertonfc.cz\/index.php\/wp-json\/wp\/v2\/types\/post"}],"author":[{"embeddable":true,"href":"https:\/\/evertonfc.cz\/index.php\/wp-json\/wp\/v2\/users\/12"}],"replies":[{"embeddable":true,"href":"https:\/\/evertonfc.cz\/index.php\/wp-json\/wp\/v2\/comments?post=12058"}],"version-history":[{"count":4,"href":"https:\/\/evertonfc.cz\/index.php\/wp-json\/wp\/v2\/posts\/12058\/revisions"}],"predecessor-version":[{"id":12062,"href":"https:\/\/evertonfc.cz\/index.php\/wp-json\/wp\/v2\/posts\/12058\/revisions\/12062"}],"wp:featuredmedia":[{"embeddable":true,"href":"https:\/\/evertonfc.cz\/index.php\/wp-json\/wp\/v2\/media\/12056"}],"wp:attachment":[{"href":"https:\/\/evertonfc.cz\/index.php\/wp-json\/wp\/v2\/media?parent=12058"}],"wp:term":[{"taxonomy":"category","embeddable":true,"href":"https:\/\/evertonfc.cz\/index.php\/wp-json\/wp\/v2\/categories?post=12058"},{"taxonomy":"post_tag","embeddable":true,"href":"https:\/\/evertonfc.cz\/index.php\/wp-json\/wp\/v2\/tags?post=12058"}],"curies":[{"name":"wp","href":"https:\/\/api.w.org\/{rel}","templated":true}]}}