{"id":12079,"date":"2020-09-20T17:49:46","date_gmt":"2020-09-20T15:49:46","guid":{"rendered":"https:\/\/evertonfc.cz\/?p=12079"},"modified":"2020-09-21T14:28:15","modified_gmt":"2020-09-21T12:28:15","slug":"everton-west-bromwich-albion-52","status":"publish","type":"post","link":"https:\/\/evertonfc.cz\/index.php\/2020\/09\/20\/everton-west-bromwich-albion-52\/","title":{"rendered":"Everton &#8211; West Bromwich Albion 5:2"},"content":{"rendered":"<h4>U\u017e je to v\u011bc jist\u00e1, sledujeme mistra.<\/h4>\n<p>Mana\u017eer Ancelotti zn\u00e1 onu pou\u010dku o nem\u011bnnosti v\u00edt\u011bzn\u00e9 sestavy, tak\u017ee se j\u00ed \u0159\u00eddil. Baggies p\u0159ivedl jako kapit\u00e1n na h\u0159i\u0161t\u011b b\u00fdval\u00fd hr\u00e1\u010d Tottenhamu Livermore. Prvn\u00ed st\u0159elu z\u00e1pasu si vzal na starost Diangana, ale Pickford kryl. Za Everton odov\u011bd\u011bl Calvert-Lewin po p\u0159ihr\u00e1vce Richarlisona, to je\u0161t\u011b hostuj\u00edc\u00edho \u010dapajeva nep\u0159ekonal. Prvn\u00ed desetiminutovka ale jinak pat\u0159ila host\u016fm, hodn\u011b aktivn\u00ed byl pr\u00e1v\u011b Diangana, a tak se nen\u00ed co divit, \u017ee pr\u00e1v\u011b on byl autorem prvn\u00ed branky. P\u0159evzal m\u00ed\u010d cca na polovin\u011b vlastn\u00ed p\u016flky, Mina uk\u00e1zkov\u011b a nepochopiteln\u011b odcouval ze st\u0159edov\u00e9ho kruhu na velk\u00e9 v\u00e1pno a kdy\u017e ho nikdo nenapadal, tak p\u0159edvedl p\u011bknou leva\u010dku ke vzd\u00e1len\u011bj\u0161\u00ed ty\u010di &#8211; <strong>0:1!\u00a0<\/strong>Hned cht\u011bl vyrovnat Richarlison, to se nepovedlo, n\u00e1sledn\u011b byl Gomes moc a moc r\u00e1d, \u017ee za ruku v obli\u010deji Pereiry nedostal kartu. Tu naopak vid\u011bl Doucour\u00e9 za faul na Dianganu. N\u00e1sledn\u011b musel t\u00fdm podr\u017eet Pickford po r\u00e1n\u011b Robinsona, o chvilku pozd\u011bji p\u0159idal r\u00e1nu do ty\u010de Livermore. To m\u011bli dom\u00e1c\u00ed \u0161t\u011bst\u00ed..<\/p>\n<p>A to m\u011bli tak\u00e9 v 31. minut\u011b. Centr Colemana do skrum\u00e1\u017ee p\u0159ed banku se dostal ke Calvertovi-Lewinovi, kter\u00fd hezky zakon\u010dil pati\u010dkou, rozhod\u010d\u00ed odp\u00edskal ofsajd. Kontrola na videu ale odhalila, \u017ee m\u00ed\u010d se k na\u0161emu hro\u0165\u00e1kovi dostal od Ajayiho, co\u017e ofsajd zru\u0161ilo &#8211;\u00a0<strong>1:1!\u00a0<\/strong>To p\u0159ece jen dom\u00e1c\u00ed vybudilo k lep\u0161\u00edmu v\u00fdkonu, do konce polo\u010dasu si vytvo\u0159ili tlak a z n\u011bj i vedouc\u00ed branku. Trefila se nejz\u00e1\u0159iv\u011bj\u0161\u00ed posila. Rodriguez zpracoval p\u0159ihr\u00e1ku od Richarlisonova, vyst\u0159elil zpoza obr\u00e1nce a Johnstone v brance host\u016f se k ty\u010di natahoval marn\u011b &#8211; <strong>2:1!\u00a0<\/strong> Naprosto kl\u00ed\u010dov\u00fd okam\u017eik z\u00e1pasu nastal v nastaven\u00e9m \u010dase prvn\u00ed p\u016fle &#8211; Gibbs nepochopiteln\u011b po odehr\u00e1n\u00ed m\u00ed\u010de a tedy mimo hru str\u010dil do obli\u010deje Rodrigueze a hlavn\u00ed rozhod\u010d\u00ed se s n\u00edm nemazal &#8211; okam\u017eit\u00e1 \u010derven\u00e1. N\u00e1sledn\u00e9 protesty hostuj\u00edc\u00edho t\u00fdmu vy\u00fastil v posl\u00e1n\u00ed mana\u017eera Bili\u0107e na tribunu. Ti jazykov\u011b vybaven\u011bj\u0161\u00ed ne\u017e j\u00e1 \u0159\u00edkali, \u017ee z Bili\u0107ov\u00fdch \u00fast padaly i zna\u010dn\u011b nesalonn\u00ed slovansk\u00e9 v\u00fdrazy.<\/p>\n<p>Nepochybn\u011b si mnoz\u00ed mysleli, \u017ee nyn\u00ed to u\u017e Everton zvl\u00e1dne. Vedou, hrajou proti deseti.. ne tak rychle. Pereira kopnul p\u0159\u00edm\u00e1k kousek za v\u00e1pnem hodn\u011b p\u011bkn\u011b a Pickford\u016fv skok po m\u00ed\u010di vypadal hodn\u011b komicky &#8211;\u00a0<strong>2:2.<\/strong> Definitivn\u00ed zlom n\u00e1sledoval o sedm minut pozd\u011bji. Centr Digneho z trest\u0148\u00e1ku hlavi\u010dkoval Richarlison, brank\u00e1\u0159 vyrazil pouze ke Keanovi, kter\u00fd s dor\u00e1\u017ekou nem\u011bl probl\u00e9m &#8211; <strong>3:2.\u00a0<\/strong>Nyn\u00ed si u\u017e Everton zvl\u00e1dl vytvo\u0159it tlak a setrvat v n\u011bm. A zv\u00fd\u0161il po p\u011bkn\u00e9 akci. P\u0159ihr\u00e1vka Rodrigueze na Richarlisona opravdu m\u011bla o\u010di a jeho posl\u00e1n\u00ed m\u00ed\u010de na nohu Calvera-Lewina tak\u00e9. Hro\u0165\u00e1k sice musel do skluzu, ale z p\u016fl metru se sk\u00f3ruje snadno &#8211; <strong>4:2!<\/strong> Branku si cht\u011bl d\u00e1t i Digne, ale jeho trest\u0148\u00e1k skon\u010dil na b\u0159evnu. O chvilku pozd\u011bji z rohu ji\u017e ale ude\u0159ilo. Rodriguez posadil m\u00ed\u010d na hlavu Calverta-Lewina a ten si hlavi\u010dkou do protipohybu brank\u00e1\u0159e zajistil hat-trick a veden\u00ed v tabulce st\u0159elc\u016f cel\u00e9 ligy &#8211; <strong>5:2!\u00a0<\/strong>V posledn\u00ed dvacetiminutovce se utk\u00e1n\u00ed ji\u017e jen dohr\u00e1valo, zahr\u00e1li si Iwobi a Sigurdsson, za zm\u00ednku stoj\u00ed Richarlisonova branka z ofsajdu. Everton tak shl\u00ed\u017eel chv\u00edli na zbytek ligy z prvn\u00edho m\u00edsta.<\/p>\n<p><strong>Branky:<\/strong>\u00a0<span data-source=\"lightstreamer\" data-grid=\"main\" data-item=\"item_619368\" data-field=\"scorers\">31., 62 a 66. Calvert-Lewin, 45. Rodriguez, 54. M. Keane, \u2013 10. Diangana, 47. Matheus Pereira<\/span><\/p>\n<p><strong><span data-source=\"lightstreamer\" data-grid=\"main\" data-item=\"item_619368\" data-field=\"cards\"><span class=\"redCards\">\u017dK:<\/span><\/span><\/strong><span class=\"redCards\"> 16. Doucour\u00e9 (EVE) <strong>\u010cK: <\/strong><\/span>45+1. Gibbs (WBA)<\/p>\n<p><strong>Everton FC:<\/strong>\u00a0<span data-source=\"lightstreamer\" data-grid=\"main\" data-item=\"item_619368\" data-field=\"report1\">Pickford \u2013 Coleman, M. Keane, Mina, Digne \u2013 Doucour\u00e9 (65. Sigurdsson), Allan, A. Gomes \u2013\u00a0 Rodriguez (78. Kean), Calvert-Lewin (71. Iwobi), Richarlison<\/span><\/p>\n<p><strong>West Bromwich Albion:<\/strong>\u00a0<span data-source=\"lightstreamer\" data-grid=\"main\" data-item=\"item_619368\" data-field=\"report2\">Johnstone \u2013 O&#8217;Shea, Bartley, Ajayi \u2013 Furlong, Sawyers (75. Field), Livermore, Gibbs \u2013 Diangana (71. Edwards), Robinson, Matheus Pereira (71. Phillips)<\/span><\/p>\n<p><strong>Rozhod\u010d\u00ed: <\/strong>Mike Dean\u00a0 \u00a0<strong>Bez div\u00e1k\u016f<\/strong><\/p>\n","protected":false},"excerpt":{"rendered":"<p>U\u017e je to v\u011bc jist\u00e1, sledujeme mistra.<\/p>\n","protected":false},"author":12,"featured_media":12066,"comment_status":"open","ping_status":"closed","sticky":false,"template":"","format":"standard","meta":{"_eb_attr":"","_monsterinsights_skip_tracking":false,"_monsterinsights_sitenote_active":false,"_monsterinsights_sitenote_note":"","_monsterinsights_sitenote_category":0,"footnotes":""},"categories":[4],"tags":[],"yoast_head":"<!-- This site is optimized with the Yoast SEO plugin v23.4 - https:\/\/yoast.com\/wordpress\/plugins\/seo\/ -->\n<title>Everton - West Bromwich Albion 5:2 - Official Czech &amp; Slovak Everton Supporters&#039; Club<\/title>\n<meta name=\"robots\" content=\"index, follow, max-snippet:-1, max-image-preview:large, max-video-preview:-1\" \/>\n<link rel=\"canonical\" href=\"https:\/\/evertonfc.cz\/index.php\/2020\/09\/20\/everton-west-bromwich-albion-52\/\" \/>\n<meta property=\"og:locale\" content=\"cs_CZ\" \/>\n<meta property=\"og:type\" content=\"article\" \/>\n<meta property=\"og:title\" content=\"Everton - West Bromwich Albion 5:2 - Official Czech &amp; Slovak Everton Supporters&#039; Club\" \/>\n<meta property=\"og:description\" content=\"U\u017e je to v\u011bc jist\u00e1, sledujeme mistra.\" \/>\n<meta property=\"og:url\" content=\"https:\/\/evertonfc.cz\/index.php\/2020\/09\/20\/everton-west-bromwich-albion-52\/\" \/>\n<meta property=\"og:site_name\" content=\"Official Czech &amp; Slovak Everton Supporters&#039; Club\" \/>\n<meta property=\"article:publisher\" content=\"https:\/\/www.facebook.com\/everton.fans.cz.sk\" \/>\n<meta property=\"article:published_time\" content=\"2020-09-20T15:49:46+00:00\" \/>\n<meta property=\"article:modified_time\" content=\"2020-09-21T12:28:15+00:00\" \/>\n<meta property=\"og:image\" content=\"https:\/\/evertonfc.cz\/wp-content\/uploads\/2020\/09\/Everton-5-2-West-Bromwich-19-9-2020.jpg\" \/>\n\t<meta property=\"og:image:width\" content=\"720\" \/>\n\t<meta property=\"og:image:height\" content=\"405\" \/>\n\t<meta property=\"og:image:type\" content=\"image\/jpeg\" \/>\n<meta name=\"author\" content=\"Javor\" \/>\n<meta name=\"twitter:card\" content=\"summary_large_image\" \/>\n<meta name=\"twitter:creator\" content=\"@LoudinJan\" \/>\n<meta name=\"twitter:label1\" content=\"Napsal(a)\" \/>\n\t<meta name=\"twitter:data1\" content=\"Javor\" \/>\n\t<meta name=\"twitter:label2\" content=\"Odhadovan\u00e1 doba \u010dten\u00ed\" \/>\n\t<meta name=\"twitter:data2\" content=\"3 minuty\" \/>\n<script type=\"application\/ld+json\" class=\"yoast-schema-graph\">{\"@context\":\"https:\/\/schema.org\",\"@graph\":[{\"@type\":\"Article\",\"@id\":\"https:\/\/evertonfc.cz\/index.php\/2020\/09\/20\/everton-west-bromwich-albion-52\/#article\",\"isPartOf\":{\"@id\":\"https:\/\/evertonfc.cz\/index.php\/2020\/09\/20\/everton-west-bromwich-albion-52\/\"},\"author\":{\"name\":\"Javor\",\"@id\":\"https:\/\/evertonfc.cz\/#\/schema\/person\/b30daf6a5852f4811f8207a17ec1bf78\"},\"headline\":\"Everton &#8211; West Bromwich Albion 5:2\",\"datePublished\":\"2020-09-20T15:49:46+00:00\",\"dateModified\":\"2020-09-21T12:28:15+00:00\",\"mainEntityOfPage\":{\"@id\":\"https:\/\/evertonfc.cz\/index.php\/2020\/09\/20\/everton-west-bromwich-albion-52\/\"},\"wordCount\":687,\"commentCount\":37,\"publisher\":{\"@id\":\"https:\/\/evertonfc.cz\/#organization\"},\"image\":{\"@id\":\"https:\/\/evertonfc.cz\/index.php\/2020\/09\/20\/everton-west-bromwich-albion-52\/#primaryimage\"},\"thumbnailUrl\":\"https:\/\/evertonfc.cz\/wp-content\/uploads\/2020\/09\/Everton-5-2-West-Bromwich-19-9-2020.jpg\",\"articleSection\":[\"Z\u00e1pasy\"],\"inLanguage\":\"cs\",\"potentialAction\":[{\"@type\":\"CommentAction\",\"name\":\"Comment\",\"target\":[\"https:\/\/evertonfc.cz\/index.php\/2020\/09\/20\/everton-west-bromwich-albion-52\/#respond\"]}]},{\"@type\":\"WebPage\",\"@id\":\"https:\/\/evertonfc.cz\/index.php\/2020\/09\/20\/everton-west-bromwich-albion-52\/\",\"url\":\"https:\/\/evertonfc.cz\/index.php\/2020\/09\/20\/everton-west-bromwich-albion-52\/\",\"name\":\"Everton - West Bromwich Albion 5:2 - Official Czech &amp; Slovak Everton Supporters&#039; Club\",\"isPartOf\":{\"@id\":\"https:\/\/evertonfc.cz\/#website\"},\"primaryImageOfPage\":{\"@id\":\"https:\/\/evertonfc.cz\/index.php\/2020\/09\/20\/everton-west-bromwich-albion-52\/#primaryimage\"},\"image\":{\"@id\":\"https:\/\/evertonfc.cz\/index.php\/2020\/09\/20\/everton-west-bromwich-albion-52\/#primaryimage\"},\"thumbnailUrl\":\"https:\/\/evertonfc.cz\/wp-content\/uploads\/2020\/09\/Everton-5-2-West-Bromwich-19-9-2020.jpg\",\"datePublished\":\"2020-09-20T15:49:46+00:00\",\"dateModified\":\"2020-09-21T12:28:15+00:00\",\"breadcrumb\":{\"@id\":\"https:\/\/evertonfc.cz\/index.php\/2020\/09\/20\/everton-west-bromwich-albion-52\/#breadcrumb\"},\"inLanguage\":\"cs\",\"potentialAction\":[{\"@type\":\"ReadAction\",\"target\":[\"https:\/\/evertonfc.cz\/index.php\/2020\/09\/20\/everton-west-bromwich-albion-52\/\"]}]},{\"@type\":\"ImageObject\",\"inLanguage\":\"cs\",\"@id\":\"https:\/\/evertonfc.cz\/index.php\/2020\/09\/20\/everton-west-bromwich-albion-52\/#primaryimage\",\"url\":\"https:\/\/evertonfc.cz\/wp-content\/uploads\/2020\/09\/Everton-5-2-West-Bromwich-19-9-2020.jpg\",\"contentUrl\":\"https:\/\/evertonfc.cz\/wp-content\/uploads\/2020\/09\/Everton-5-2-West-Bromwich-19-9-2020.jpg\",\"width\":720,\"height\":405},{\"@type\":\"BreadcrumbList\",\"@id\":\"https:\/\/evertonfc.cz\/index.php\/2020\/09\/20\/everton-west-bromwich-albion-52\/#breadcrumb\",\"itemListElement\":[{\"@type\":\"ListItem\",\"position\":1,\"name\":\"Home\",\"item\":\"https:\/\/evertonfc.cz\/\"},{\"@type\":\"ListItem\",\"position\":2,\"name\":\"Everton &#8211; West Bromwich Albion 5:2\"}]},{\"@type\":\"WebSite\",\"@id\":\"https:\/\/evertonfc.cz\/#website\",\"url\":\"https:\/\/evertonfc.cz\/\",\"name\":\"Official Czech &amp; Slovak Everton Supporters&#039; Club\",\"description\":\"\",\"publisher\":{\"@id\":\"https:\/\/evertonfc.cz\/#organization\"},\"potentialAction\":[{\"@type\":\"SearchAction\",\"target\":{\"@type\":\"EntryPoint\",\"urlTemplate\":\"https:\/\/evertonfc.cz\/?s={search_term_string}\"},\"query-input\":{\"@type\":\"PropertyValueSpecification\",\"valueRequired\":true,\"valueName\":\"search_term_string\"}}],\"inLanguage\":\"cs\"},{\"@type\":\"Organization\",\"@id\":\"https:\/\/evertonfc.cz\/#organization\",\"name\":\"Official Czech & Slovak Everton Supporters' Club\",\"url\":\"https:\/\/evertonfc.cz\/\",\"logo\":{\"@type\":\"ImageObject\",\"inLanguage\":\"cs\",\"@id\":\"https:\/\/evertonfc.cz\/#\/schema\/logo\/image\/\",\"url\":\"https:\/\/evertonfc.cz\/wp-content\/uploads\/2019\/05\/logo.png\",\"contentUrl\":\"https:\/\/evertonfc.cz\/wp-content\/uploads\/2019\/05\/logo.png\",\"width\":112,\"height\":112,\"caption\":\"Official Czech & Slovak Everton Supporters' Club\"},\"image\":{\"@id\":\"https:\/\/evertonfc.cz\/#\/schema\/logo\/image\/\"},\"sameAs\":[\"https:\/\/www.facebook.com\/everton.fans.cz.sk\"]},{\"@type\":\"Person\",\"@id\":\"https:\/\/evertonfc.cz\/#\/schema\/person\/b30daf6a5852f4811f8207a17ec1bf78\",\"name\":\"Javor\",\"sameAs\":[\"https:\/\/x.com\/LoudinJan\"],\"url\":\"https:\/\/evertonfc.cz\/index.php\/author\/javor\/\"}]}<\/script>\n<!-- \/ Yoast SEO plugin. -->","yoast_head_json":{"title":"Everton - West Bromwich Albion 5:2 - Official Czech &amp; Slovak Everton Supporters&#039; Club","robots":{"index":"index","follow":"follow","max-snippet":"max-snippet:-1","max-image-preview":"max-image-preview:large","max-video-preview":"max-video-preview:-1"},"canonical":"https:\/\/evertonfc.cz\/index.php\/2020\/09\/20\/everton-west-bromwich-albion-52\/","og_locale":"cs_CZ","og_type":"article","og_title":"Everton - West Bromwich Albion 5:2 - Official Czech &amp; Slovak Everton Supporters&#039; Club","og_description":"U\u017e je to v\u011bc jist\u00e1, sledujeme mistra.","og_url":"https:\/\/evertonfc.cz\/index.php\/2020\/09\/20\/everton-west-bromwich-albion-52\/","og_site_name":"Official Czech &amp; Slovak Everton Supporters&#039; Club","article_publisher":"https:\/\/www.facebook.com\/everton.fans.cz.sk","article_published_time":"2020-09-20T15:49:46+00:00","article_modified_time":"2020-09-21T12:28:15+00:00","og_image":[{"width":720,"height":405,"url":"https:\/\/evertonfc.cz\/wp-content\/uploads\/2020\/09\/Everton-5-2-West-Bromwich-19-9-2020.jpg","type":"image\/jpeg"}],"author":"Javor","twitter_card":"summary_large_image","twitter_creator":"@LoudinJan","twitter_misc":{"Napsal(a)":"Javor","Odhadovan\u00e1 doba \u010dten\u00ed":"3 minuty"},"schema":{"@context":"https:\/\/schema.org","@graph":[{"@type":"Article","@id":"https:\/\/evertonfc.cz\/index.php\/2020\/09\/20\/everton-west-bromwich-albion-52\/#article","isPartOf":{"@id":"https:\/\/evertonfc.cz\/index.php\/2020\/09\/20\/everton-west-bromwich-albion-52\/"},"author":{"name":"Javor","@id":"https:\/\/evertonfc.cz\/#\/schema\/person\/b30daf6a5852f4811f8207a17ec1bf78"},"headline":"Everton &#8211; West Bromwich Albion 5:2","datePublished":"2020-09-20T15:49:46+00:00","dateModified":"2020-09-21T12:28:15+00:00","mainEntityOfPage":{"@id":"https:\/\/evertonfc.cz\/index.php\/2020\/09\/20\/everton-west-bromwich-albion-52\/"},"wordCount":687,"commentCount":37,"publisher":{"@id":"https:\/\/evertonfc.cz\/#organization"},"image":{"@id":"https:\/\/evertonfc.cz\/index.php\/2020\/09\/20\/everton-west-bromwich-albion-52\/#primaryimage"},"thumbnailUrl":"https:\/\/evertonfc.cz\/wp-content\/uploads\/2020\/09\/Everton-5-2-West-Bromwich-19-9-2020.jpg","articleSection":["Z\u00e1pasy"],"inLanguage":"cs","potentialAction":[{"@type":"CommentAction","name":"Comment","target":["https:\/\/evertonfc.cz\/index.php\/2020\/09\/20\/everton-west-bromwich-albion-52\/#respond"]}]},{"@type":"WebPage","@id":"https:\/\/evertonfc.cz\/index.php\/2020\/09\/20\/everton-west-bromwich-albion-52\/","url":"https:\/\/evertonfc.cz\/index.php\/2020\/09\/20\/everton-west-bromwich-albion-52\/","name":"Everton - West Bromwich Albion 5:2 - Official Czech &amp; Slovak Everton Supporters&#039; Club","isPartOf":{"@id":"https:\/\/evertonfc.cz\/#website"},"primaryImageOfPage":{"@id":"https:\/\/evertonfc.cz\/index.php\/2020\/09\/20\/everton-west-bromwich-albion-52\/#primaryimage"},"image":{"@id":"https:\/\/evertonfc.cz\/index.php\/2020\/09\/20\/everton-west-bromwich-albion-52\/#primaryimage"},"thumbnailUrl":"https:\/\/evertonfc.cz\/wp-content\/uploads\/2020\/09\/Everton-5-2-West-Bromwich-19-9-2020.jpg","datePublished":"2020-09-20T15:49:46+00:00","dateModified":"2020-09-21T12:28:15+00:00","breadcrumb":{"@id":"https:\/\/evertonfc.cz\/index.php\/2020\/09\/20\/everton-west-bromwich-albion-52\/#breadcrumb"},"inLanguage":"cs","potentialAction":[{"@type":"ReadAction","target":["https:\/\/evertonfc.cz\/index.php\/2020\/09\/20\/everton-west-bromwich-albion-52\/"]}]},{"@type":"ImageObject","inLanguage":"cs","@id":"https:\/\/evertonfc.cz\/index.php\/2020\/09\/20\/everton-west-bromwich-albion-52\/#primaryimage","url":"https:\/\/evertonfc.cz\/wp-content\/uploads\/2020\/09\/Everton-5-2-West-Bromwich-19-9-2020.jpg","contentUrl":"https:\/\/evertonfc.cz\/wp-content\/uploads\/2020\/09\/Everton-5-2-West-Bromwich-19-9-2020.jpg","width":720,"height":405},{"@type":"BreadcrumbList","@id":"https:\/\/evertonfc.cz\/index.php\/2020\/09\/20\/everton-west-bromwich-albion-52\/#breadcrumb","itemListElement":[{"@type":"ListItem","position":1,"name":"Home","item":"https:\/\/evertonfc.cz\/"},{"@type":"ListItem","position":2,"name":"Everton &#8211; West Bromwich Albion 5:2"}]},{"@type":"WebSite","@id":"https:\/\/evertonfc.cz\/#website","url":"https:\/\/evertonfc.cz\/","name":"Official Czech &amp; Slovak Everton Supporters&#039; Club","description":"","publisher":{"@id":"https:\/\/evertonfc.cz\/#organization"},"potentialAction":[{"@type":"SearchAction","target":{"@type":"EntryPoint","urlTemplate":"https:\/\/evertonfc.cz\/?s={search_term_string}"},"query-input":{"@type":"PropertyValueSpecification","valueRequired":true,"valueName":"search_term_string"}}],"inLanguage":"cs"},{"@type":"Organization","@id":"https:\/\/evertonfc.cz\/#organization","name":"Official Czech & Slovak Everton Supporters' Club","url":"https:\/\/evertonfc.cz\/","logo":{"@type":"ImageObject","inLanguage":"cs","@id":"https:\/\/evertonfc.cz\/#\/schema\/logo\/image\/","url":"https:\/\/evertonfc.cz\/wp-content\/uploads\/2019\/05\/logo.png","contentUrl":"https:\/\/evertonfc.cz\/wp-content\/uploads\/2019\/05\/logo.png","width":112,"height":112,"caption":"Official Czech & Slovak Everton Supporters' Club"},"image":{"@id":"https:\/\/evertonfc.cz\/#\/schema\/logo\/image\/"},"sameAs":["https:\/\/www.facebook.com\/everton.fans.cz.sk"]},{"@type":"Person","@id":"https:\/\/evertonfc.cz\/#\/schema\/person\/b30daf6a5852f4811f8207a17ec1bf78","name":"Javor","sameAs":["https:\/\/x.com\/LoudinJan"],"url":"https:\/\/evertonfc.cz\/index.php\/author\/javor\/"}]}},"_links":{"self":[{"href":"https:\/\/evertonfc.cz\/index.php\/wp-json\/wp\/v2\/posts\/12079"}],"collection":[{"href":"https:\/\/evertonfc.cz\/index.php\/wp-json\/wp\/v2\/posts"}],"about":[{"href":"https:\/\/evertonfc.cz\/index.php\/wp-json\/wp\/v2\/types\/post"}],"author":[{"embeddable":true,"href":"https:\/\/evertonfc.cz\/index.php\/wp-json\/wp\/v2\/users\/12"}],"replies":[{"embeddable":true,"href":"https:\/\/evertonfc.cz\/index.php\/wp-json\/wp\/v2\/comments?post=12079"}],"version-history":[{"count":4,"href":"https:\/\/evertonfc.cz\/index.php\/wp-json\/wp\/v2\/posts\/12079\/revisions"}],"predecessor-version":[{"id":12084,"href":"https:\/\/evertonfc.cz\/index.php\/wp-json\/wp\/v2\/posts\/12079\/revisions\/12084"}],"wp:featuredmedia":[{"embeddable":true,"href":"https:\/\/evertonfc.cz\/index.php\/wp-json\/wp\/v2\/media\/12066"}],"wp:attachment":[{"href":"https:\/\/evertonfc.cz\/index.php\/wp-json\/wp\/v2\/media?parent=12079"}],"wp:term":[{"taxonomy":"category","embeddable":true,"href":"https:\/\/evertonfc.cz\/index.php\/wp-json\/wp\/v2\/categories?post=12079"},{"taxonomy":"post_tag","embeddable":true,"href":"https:\/\/evertonfc.cz\/index.php\/wp-json\/wp\/v2\/tags?post=12079"}],"curies":[{"name":"wp","href":"https:\/\/api.w.org\/{rel}","templated":true}]}}