{"id":12103,"date":"2020-09-23T12:21:53","date_gmt":"2020-09-23T10:21:53","guid":{"rendered":"https:\/\/evertonfc.cz\/?p=12103"},"modified":"2020-09-29T14:08:59","modified_gmt":"2020-09-29T12:08:59","slug":"lc-preview-fleetwood-town-everton","status":"publish","type":"post","link":"https:\/\/evertonfc.cz\/index.php\/2020\/09\/23\/lc-preview-fleetwood-town-everton\/","title":{"rendered":"LC Preview: Fleetwood Town \u2013 Everton"},"content":{"rendered":"<h4>V tre\u0165om kole Ligov\u00e9ho poh\u00e1ra n\u00e1s \u010dak\u00e1 s\u00faper, ktor\u00e9ho tr\u00e9nuje fan\u00fa\u0161ik Evertonu. Veru, Joey Barton sa t\u00fdm netaj\u00ed. A\u00a0pod\u013ea vlastn\u00fdch slov by r\u00e1d niekedy tr\u00e9noval aj Everton.<\/h4>\n<p>A\u00a0Evertonians sa zase netaja t\u00fdm, \u017ee t\u00e1to mo\u017enos\u0165 neprich\u00e1dza do \u00favahy. Joey je toti\u017e komplikovan\u00e1 osoba. Sprev\u00e1dzaj\u00fa ho sam\u00e9 kontroverzie, mimo in\u00e9 st\u00e1vkarstvo, disciplin\u00e1rne prehre\u0161ky na aj mimo ihriska, a\u00a0dokonca bol aj dvakr\u00e1t ods\u00faden\u00fd za n\u00e1siln\u00e9 \u010diny. Jednoducho \u010dlovek nehodn\u00fd hodn\u00f4t klubu.<\/p>\n<p>Po tom, ako mu vypr\u0161al posledn\u00fd 18 mesa\u010dn\u00fd trest za st\u00e1vkovanie od Futbalovej asoci\u00e1cie, sa ujal svojej prvej mana\u017e\u00e9rskej \u0161t\u00e1cie. Vzi\u0161lo z\u00a0toho 11. miesto a\u00a0minul\u00fa sez\u00f3nu \u0161ieste, \u010d\u00edm si zabezpe\u010dil klub \u00fa\u010das\u0165 v\u00a0play-off. Na Wycombe Wanderers, neskor\u0161\u00edch v\u00ed\u0165azov postupu do Champonship, v\u0161ak nesta\u010dili.<\/p>\n<p>Do tretieho kola Carabao Cupu sa dostali cez v\u00fdhru nad Wiganom a\u00a0Port Vale. V\u00a0s\u00fa\u010dasnom k\u00e1dri sa spoliehaj\u00fa na veter\u00e1nov ako Glenn Whelan, Mark Duffy \u010di Ched Evans. Maj\u00fa tam v\u0161ak aj perspekt\u00edvu. A\u00a0to v\u00a0podobe Rossitera z\u00a0Rangers alebo syna Alana Stubbsa, Sama, ktor\u00fd pri\u0161iel z\u00a0Middlesbrough.<\/p>\n<h4><strong><em>The Fishermen<\/em><\/strong><\/h4>\n<p>Povedzme si v\u0161ak aj nie\u010do o hist\u00f3rii klubu samotn\u00e9ho. Ten je u\u017e \u0161tvrt\u00e1 inkarn\u00e1cia origin\u00e1lneho Fleetwoodu, zalo\u017een\u00e9ho v roku 1908. O dvadsa\u0165 rokov nesk\u00f4r z ligy rezignoval kv\u00f4li finan\u010dn\u00fdm \u0165a\u017ekostiam. Jeho pokra\u010dovate\u013e vydr\u017eal do roku 1976. Zrodil sa n\u00e1sledne Town, aby tri roky pred nov\u00fdm mil\u00e9niom op\u00e4\u0165 zanikol.<\/p>\n<p>Samozrejme, f\u00e9nix op\u00e4\u0165 povstal z\u00a0popola, otrepal sa a\u00a0za\u010dal sn\u00edva\u0165 o\u00a0dlhodobej\u0161\u00edch zajtraj\u0161koch. V\u00a0roku 2002 sa mu prianie vyplnilo a\u00a0do klubu pri\u0161iel nov\u00fd majite\u013e a\u00a0z\u00e1rove\u0148 predseda, obchodn\u00edk Andrew Pilley.<\/p>\n<p>Ten sa neb\u00e1l zna\u010dne investova\u0165 a odrazilo sa to patri\u010dne aj na ligovej pr\u00edslu\u0161nosti. Klub do roku 2014 post\u00fapil celkom \u0161es\u0165kr\u00e1t a moment\u00e1lne sa sna\u017e\u00ed v League One o siedmy. V\u00fdznamn\u00e1 trofej vo vitr\u00edne im zatia\u013e ch\u00fdba.<\/p>\n<h4><em><strong>On the banks of the Mersey<\/strong><\/em><\/h4>\n<p>N\u00e1lada v t\u00e1bore host\u00ed nem\u00f4\u017ee by\u0165 lep\u0161ia. Perfektn\u00fd \u0161tart do novej sez\u00f3ny znamen\u00e1 tri v\u00ed\u0165azstv\u00e1, doma aj vonku. Pred t\u00fd\u017ed\u0148om sme zdolali s lavi\u010dkov\u00fdm t\u00edmom oponenta zo \u0161tvrtej ligy a podobn\u00fd scen\u00e1r sa o\u010dak\u00e1va aj s protivn\u00edkom o \u00farove\u0148 vy\u0161\u0161ie. Rotovanie je nevyhnutn\u00e9, k\u00e1der je ve\u013ek\u00fd.<\/p>\n<p>\u0160etri\u0165 sa ur\u010dite bud\u00fa v\u0161etky tri nov\u00e9 posily a n\u00e1\u0161 \u00fatok. Naopak, porciu min\u00fat v strede t\u00fd\u017ed\u0148a bud\u00fa musie\u0165 absolvova\u0165 Keane s Minom. The Toffees s\u00fa v strede obrany zna\u010dne poddimenzovan\u00ed a zranenia n\u00e1m zabezpe\u010dili len dve mo\u017enosti na poste stop\u00e9ra. Av\u0161ak v pr\u00edpade n\u00fadze sa r\u00e1ta s mo\u017enos\u0165ou z\u00e1skoku Digneho, Colemana \u010di Kennyho, ktor\u00ed maj\u00fa potrebn\u00e9 pozi\u010dn\u00e9 sk\u00fasenosti.<\/p>\n<p>Mimo je teda Branthwaite s\u00a0\u010dlenkom, Holgate s\u00a0palcom a Tosun s\u00a0kolenom. Delph by sa pod\u013ea posledn\u00fdch inform\u00e1cii mohol kone\u010dne uk\u00e1za\u0165 pr\u00e1ve v\u00a0tomto stretnut\u00ed. Po zranen\u00ed l\u00fdtka pri re\u0161tarte ligy, a\u00a0\u010fal\u0161\u00edch zdravotn\u00fdch probl\u00e9moch po\u010das pr\u00edpravy, je u\u017e v\u00a0plnom tr\u00e9ningu. Gbamin m\u00e1 st\u00e1le individu\u00e1lny program. Ancelotti si mysl\u00ed, \u017ee na n\u00e1vrat bude pripraven\u00fd okolo konca okt\u00f3bra, za\u010diatkom novembra.<\/p>\n<h3 style=\"text-align: center;\"><span style=\"color: #3366ff;\"><strong><em>Up The Toffees !!!<\/em><\/strong><\/span><\/h3>\n<hr \/>\n<p><strong>\u010co:<\/strong> Fleetwood Town FC \u2013 Everton FC, 3. kolo Ligov\u00e9ho poh\u00e1ra<br \/>\n<strong>Kedy:<\/strong> 23.9. 2020 od 20:45 SE\u010c<br \/>\n<strong>Kde:<\/strong> Highbury Stadium \u2013 Park Avenue, Fleetwood, FY7 6TX (bez div\u00e1kov)<br \/>\n<strong>Rozhodca<\/strong> Jeremy Simpson<strong> Asistenti:<\/strong> R. Wild, M. Dwyer <strong>\u0160tvrt\u00fd rozhodca:<\/strong> O. Langford<\/p>\n","protected":false},"excerpt":{"rendered":"<p>V tre\u0165om kole Ligov\u00e9ho poh\u00e1ra n\u00e1s \u010dak\u00e1 s\u00faper, ktor\u00e9ho tr\u00e9nuje fan\u00fa\u0161ik Evertonu. Veru, Joey Barton sa t\u00fdm netaj\u00ed. A pod\u013ea vlastn\u00fdch slov by r\u00e1d niekedy tr\u00e9noval aj Everton.<\/p>\n","protected":false},"author":1,"featured_media":12213,"comment_status":"open","ping_status":"closed","sticky":false,"template":"","format":"standard","meta":{"_eb_attr":"","_monsterinsights_skip_tracking":false,"_monsterinsights_sitenote_active":false,"_monsterinsights_sitenote_note":"","_monsterinsights_sitenote_category":0,"footnotes":""},"categories":[4],"tags":[],"yoast_head":"<!-- This site is optimized with the Yoast SEO plugin v23.4 - https:\/\/yoast.com\/wordpress\/plugins\/seo\/ -->\n<title>LC Preview: Fleetwood Town \u2013 Everton - Official Czech &amp; Slovak Everton Supporters&#039; Club<\/title>\n<meta name=\"robots\" content=\"index, follow, max-snippet:-1, max-image-preview:large, max-video-preview:-1\" \/>\n<link rel=\"canonical\" href=\"https:\/\/evertonfc.cz\/index.php\/2020\/09\/23\/lc-preview-fleetwood-town-everton\/\" \/>\n<meta property=\"og:locale\" content=\"cs_CZ\" \/>\n<meta property=\"og:type\" content=\"article\" \/>\n<meta property=\"og:title\" content=\"LC Preview: Fleetwood Town \u2013 Everton - Official Czech &amp; Slovak Everton Supporters&#039; Club\" \/>\n<meta property=\"og:description\" content=\"V tre\u0165om kole Ligov\u00e9ho poh\u00e1ra n\u00e1s \u010dak\u00e1 s\u00faper, ktor\u00e9ho tr\u00e9nuje fan\u00fa\u0161ik Evertonu. Veru, Joey Barton sa t\u00fdm netaj\u00ed. A pod\u013ea vlastn\u00fdch slov by r\u00e1d niekedy tr\u00e9noval aj Everton.\" \/>\n<meta property=\"og:url\" content=\"https:\/\/evertonfc.cz\/index.php\/2020\/09\/23\/lc-preview-fleetwood-town-everton\/\" \/>\n<meta property=\"og:site_name\" content=\"Official Czech &amp; Slovak Everton Supporters&#039; Club\" \/>\n<meta property=\"article:publisher\" content=\"https:\/\/www.facebook.com\/everton.fans.cz.sk\" \/>\n<meta property=\"article:published_time\" content=\"2020-09-23T10:21:53+00:00\" \/>\n<meta property=\"article:modified_time\" content=\"2020-09-29T12:08:59+00:00\" \/>\n<meta property=\"og:image\" content=\"https:\/\/evertonfc.cz\/wp-content\/uploads\/2020\/09\/Fleetwood-Town-Everton-League-Cup-23-9-2020.jpg\" \/>\n\t<meta property=\"og:image:width\" content=\"720\" \/>\n\t<meta property=\"og:image:height\" content=\"405\" \/>\n\t<meta property=\"og:image:type\" content=\"image\/jpeg\" \/>\n<meta name=\"author\" content=\"BlueBlooded\" \/>\n<meta name=\"twitter:card\" content=\"summary_large_image\" \/>\n<meta name=\"twitter:label1\" content=\"Napsal(a)\" \/>\n\t<meta name=\"twitter:data1\" content=\"BlueBlooded\" \/>\n\t<meta name=\"twitter:label2\" content=\"Odhadovan\u00e1 doba \u010dten\u00ed\" \/>\n\t<meta name=\"twitter:data2\" content=\"3 minuty\" \/>\n<script type=\"application\/ld+json\" class=\"yoast-schema-graph\">{\"@context\":\"https:\/\/schema.org\",\"@graph\":[{\"@type\":\"Article\",\"@id\":\"https:\/\/evertonfc.cz\/index.php\/2020\/09\/23\/lc-preview-fleetwood-town-everton\/#article\",\"isPartOf\":{\"@id\":\"https:\/\/evertonfc.cz\/index.php\/2020\/09\/23\/lc-preview-fleetwood-town-everton\/\"},\"author\":{\"name\":\"BlueBlooded\",\"@id\":\"https:\/\/evertonfc.cz\/#\/schema\/person\/d4493b8cbea51532597fbc4685698916\"},\"headline\":\"LC Preview: Fleetwood Town \u2013 Everton\",\"datePublished\":\"2020-09-23T10:21:53+00:00\",\"dateModified\":\"2020-09-29T12:08:59+00:00\",\"mainEntityOfPage\":{\"@id\":\"https:\/\/evertonfc.cz\/index.php\/2020\/09\/23\/lc-preview-fleetwood-town-everton\/\"},\"wordCount\":638,\"commentCount\":12,\"publisher\":{\"@id\":\"https:\/\/evertonfc.cz\/#organization\"},\"image\":{\"@id\":\"https:\/\/evertonfc.cz\/index.php\/2020\/09\/23\/lc-preview-fleetwood-town-everton\/#primaryimage\"},\"thumbnailUrl\":\"https:\/\/evertonfc.cz\/wp-content\/uploads\/2020\/09\/Fleetwood-Town-Everton-League-Cup-23-9-2020.jpg\",\"articleSection\":[\"Z\u00e1pasy\"],\"inLanguage\":\"cs\",\"potentialAction\":[{\"@type\":\"CommentAction\",\"name\":\"Comment\",\"target\":[\"https:\/\/evertonfc.cz\/index.php\/2020\/09\/23\/lc-preview-fleetwood-town-everton\/#respond\"]}]},{\"@type\":\"WebPage\",\"@id\":\"https:\/\/evertonfc.cz\/index.php\/2020\/09\/23\/lc-preview-fleetwood-town-everton\/\",\"url\":\"https:\/\/evertonfc.cz\/index.php\/2020\/09\/23\/lc-preview-fleetwood-town-everton\/\",\"name\":\"LC Preview: Fleetwood Town \u2013 Everton - Official Czech &amp; Slovak Everton Supporters&#039; Club\",\"isPartOf\":{\"@id\":\"https:\/\/evertonfc.cz\/#website\"},\"primaryImageOfPage\":{\"@id\":\"https:\/\/evertonfc.cz\/index.php\/2020\/09\/23\/lc-preview-fleetwood-town-everton\/#primaryimage\"},\"image\":{\"@id\":\"https:\/\/evertonfc.cz\/index.php\/2020\/09\/23\/lc-preview-fleetwood-town-everton\/#primaryimage\"},\"thumbnailUrl\":\"https:\/\/evertonfc.cz\/wp-content\/uploads\/2020\/09\/Fleetwood-Town-Everton-League-Cup-23-9-2020.jpg\",\"datePublished\":\"2020-09-23T10:21:53+00:00\",\"dateModified\":\"2020-09-29T12:08:59+00:00\",\"breadcrumb\":{\"@id\":\"https:\/\/evertonfc.cz\/index.php\/2020\/09\/23\/lc-preview-fleetwood-town-everton\/#breadcrumb\"},\"inLanguage\":\"cs\",\"potentialAction\":[{\"@type\":\"ReadAction\",\"target\":[\"https:\/\/evertonfc.cz\/index.php\/2020\/09\/23\/lc-preview-fleetwood-town-everton\/\"]}]},{\"@type\":\"ImageObject\",\"inLanguage\":\"cs\",\"@id\":\"https:\/\/evertonfc.cz\/index.php\/2020\/09\/23\/lc-preview-fleetwood-town-everton\/#primaryimage\",\"url\":\"https:\/\/evertonfc.cz\/wp-content\/uploads\/2020\/09\/Fleetwood-Town-Everton-League-Cup-23-9-2020.jpg\",\"contentUrl\":\"https:\/\/evertonfc.cz\/wp-content\/uploads\/2020\/09\/Fleetwood-Town-Everton-League-Cup-23-9-2020.jpg\",\"width\":720,\"height\":405},{\"@type\":\"BreadcrumbList\",\"@id\":\"https:\/\/evertonfc.cz\/index.php\/2020\/09\/23\/lc-preview-fleetwood-town-everton\/#breadcrumb\",\"itemListElement\":[{\"@type\":\"ListItem\",\"position\":1,\"name\":\"Home\",\"item\":\"https:\/\/evertonfc.cz\/\"},{\"@type\":\"ListItem\",\"position\":2,\"name\":\"LC Preview: Fleetwood Town \u2013 Everton\"}]},{\"@type\":\"WebSite\",\"@id\":\"https:\/\/evertonfc.cz\/#website\",\"url\":\"https:\/\/evertonfc.cz\/\",\"name\":\"Official Czech &amp; Slovak Everton Supporters&#039; Club\",\"description\":\"\",\"publisher\":{\"@id\":\"https:\/\/evertonfc.cz\/#organization\"},\"potentialAction\":[{\"@type\":\"SearchAction\",\"target\":{\"@type\":\"EntryPoint\",\"urlTemplate\":\"https:\/\/evertonfc.cz\/?s={search_term_string}\"},\"query-input\":{\"@type\":\"PropertyValueSpecification\",\"valueRequired\":true,\"valueName\":\"search_term_string\"}}],\"inLanguage\":\"cs\"},{\"@type\":\"Organization\",\"@id\":\"https:\/\/evertonfc.cz\/#organization\",\"name\":\"Official Czech & Slovak Everton Supporters' Club\",\"url\":\"https:\/\/evertonfc.cz\/\",\"logo\":{\"@type\":\"ImageObject\",\"inLanguage\":\"cs\",\"@id\":\"https:\/\/evertonfc.cz\/#\/schema\/logo\/image\/\",\"url\":\"https:\/\/evertonfc.cz\/wp-content\/uploads\/2019\/05\/logo.png\",\"contentUrl\":\"https:\/\/evertonfc.cz\/wp-content\/uploads\/2019\/05\/logo.png\",\"width\":112,\"height\":112,\"caption\":\"Official Czech & Slovak Everton Supporters' Club\"},\"image\":{\"@id\":\"https:\/\/evertonfc.cz\/#\/schema\/logo\/image\/\"},\"sameAs\":[\"https:\/\/www.facebook.com\/everton.fans.cz.sk\"]},{\"@type\":\"Person\",\"@id\":\"https:\/\/evertonfc.cz\/#\/schema\/person\/d4493b8cbea51532597fbc4685698916\",\"name\":\"BlueBlooded\",\"url\":\"https:\/\/evertonfc.cz\/index.php\/author\/admin\/\"}]}<\/script>\n<!-- \/ Yoast SEO plugin. -->","yoast_head_json":{"title":"LC Preview: Fleetwood Town \u2013 Everton - Official Czech &amp; Slovak Everton Supporters&#039; Club","robots":{"index":"index","follow":"follow","max-snippet":"max-snippet:-1","max-image-preview":"max-image-preview:large","max-video-preview":"max-video-preview:-1"},"canonical":"https:\/\/evertonfc.cz\/index.php\/2020\/09\/23\/lc-preview-fleetwood-town-everton\/","og_locale":"cs_CZ","og_type":"article","og_title":"LC Preview: Fleetwood Town \u2013 Everton - Official Czech &amp; Slovak Everton Supporters&#039; Club","og_description":"V tre\u0165om kole Ligov\u00e9ho poh\u00e1ra n\u00e1s \u010dak\u00e1 s\u00faper, ktor\u00e9ho tr\u00e9nuje fan\u00fa\u0161ik Evertonu. Veru, Joey Barton sa t\u00fdm netaj\u00ed. A pod\u013ea vlastn\u00fdch slov by r\u00e1d niekedy tr\u00e9noval aj Everton.","og_url":"https:\/\/evertonfc.cz\/index.php\/2020\/09\/23\/lc-preview-fleetwood-town-everton\/","og_site_name":"Official Czech &amp; Slovak Everton Supporters&#039; Club","article_publisher":"https:\/\/www.facebook.com\/everton.fans.cz.sk","article_published_time":"2020-09-23T10:21:53+00:00","article_modified_time":"2020-09-29T12:08:59+00:00","og_image":[{"width":720,"height":405,"url":"https:\/\/evertonfc.cz\/wp-content\/uploads\/2020\/09\/Fleetwood-Town-Everton-League-Cup-23-9-2020.jpg","type":"image\/jpeg"}],"author":"BlueBlooded","twitter_card":"summary_large_image","twitter_misc":{"Napsal(a)":"BlueBlooded","Odhadovan\u00e1 doba \u010dten\u00ed":"3 minuty"},"schema":{"@context":"https:\/\/schema.org","@graph":[{"@type":"Article","@id":"https:\/\/evertonfc.cz\/index.php\/2020\/09\/23\/lc-preview-fleetwood-town-everton\/#article","isPartOf":{"@id":"https:\/\/evertonfc.cz\/index.php\/2020\/09\/23\/lc-preview-fleetwood-town-everton\/"},"author":{"name":"BlueBlooded","@id":"https:\/\/evertonfc.cz\/#\/schema\/person\/d4493b8cbea51532597fbc4685698916"},"headline":"LC Preview: Fleetwood Town \u2013 Everton","datePublished":"2020-09-23T10:21:53+00:00","dateModified":"2020-09-29T12:08:59+00:00","mainEntityOfPage":{"@id":"https:\/\/evertonfc.cz\/index.php\/2020\/09\/23\/lc-preview-fleetwood-town-everton\/"},"wordCount":638,"commentCount":12,"publisher":{"@id":"https:\/\/evertonfc.cz\/#organization"},"image":{"@id":"https:\/\/evertonfc.cz\/index.php\/2020\/09\/23\/lc-preview-fleetwood-town-everton\/#primaryimage"},"thumbnailUrl":"https:\/\/evertonfc.cz\/wp-content\/uploads\/2020\/09\/Fleetwood-Town-Everton-League-Cup-23-9-2020.jpg","articleSection":["Z\u00e1pasy"],"inLanguage":"cs","potentialAction":[{"@type":"CommentAction","name":"Comment","target":["https:\/\/evertonfc.cz\/index.php\/2020\/09\/23\/lc-preview-fleetwood-town-everton\/#respond"]}]},{"@type":"WebPage","@id":"https:\/\/evertonfc.cz\/index.php\/2020\/09\/23\/lc-preview-fleetwood-town-everton\/","url":"https:\/\/evertonfc.cz\/index.php\/2020\/09\/23\/lc-preview-fleetwood-town-everton\/","name":"LC Preview: Fleetwood Town \u2013 Everton - Official Czech &amp; Slovak Everton Supporters&#039; Club","isPartOf":{"@id":"https:\/\/evertonfc.cz\/#website"},"primaryImageOfPage":{"@id":"https:\/\/evertonfc.cz\/index.php\/2020\/09\/23\/lc-preview-fleetwood-town-everton\/#primaryimage"},"image":{"@id":"https:\/\/evertonfc.cz\/index.php\/2020\/09\/23\/lc-preview-fleetwood-town-everton\/#primaryimage"},"thumbnailUrl":"https:\/\/evertonfc.cz\/wp-content\/uploads\/2020\/09\/Fleetwood-Town-Everton-League-Cup-23-9-2020.jpg","datePublished":"2020-09-23T10:21:53+00:00","dateModified":"2020-09-29T12:08:59+00:00","breadcrumb":{"@id":"https:\/\/evertonfc.cz\/index.php\/2020\/09\/23\/lc-preview-fleetwood-town-everton\/#breadcrumb"},"inLanguage":"cs","potentialAction":[{"@type":"ReadAction","target":["https:\/\/evertonfc.cz\/index.php\/2020\/09\/23\/lc-preview-fleetwood-town-everton\/"]}]},{"@type":"ImageObject","inLanguage":"cs","@id":"https:\/\/evertonfc.cz\/index.php\/2020\/09\/23\/lc-preview-fleetwood-town-everton\/#primaryimage","url":"https:\/\/evertonfc.cz\/wp-content\/uploads\/2020\/09\/Fleetwood-Town-Everton-League-Cup-23-9-2020.jpg","contentUrl":"https:\/\/evertonfc.cz\/wp-content\/uploads\/2020\/09\/Fleetwood-Town-Everton-League-Cup-23-9-2020.jpg","width":720,"height":405},{"@type":"BreadcrumbList","@id":"https:\/\/evertonfc.cz\/index.php\/2020\/09\/23\/lc-preview-fleetwood-town-everton\/#breadcrumb","itemListElement":[{"@type":"ListItem","position":1,"name":"Home","item":"https:\/\/evertonfc.cz\/"},{"@type":"ListItem","position":2,"name":"LC Preview: Fleetwood Town \u2013 Everton"}]},{"@type":"WebSite","@id":"https:\/\/evertonfc.cz\/#website","url":"https:\/\/evertonfc.cz\/","name":"Official Czech &amp; Slovak Everton Supporters&#039; Club","description":"","publisher":{"@id":"https:\/\/evertonfc.cz\/#organization"},"potentialAction":[{"@type":"SearchAction","target":{"@type":"EntryPoint","urlTemplate":"https:\/\/evertonfc.cz\/?s={search_term_string}"},"query-input":{"@type":"PropertyValueSpecification","valueRequired":true,"valueName":"search_term_string"}}],"inLanguage":"cs"},{"@type":"Organization","@id":"https:\/\/evertonfc.cz\/#organization","name":"Official Czech & Slovak Everton Supporters' Club","url":"https:\/\/evertonfc.cz\/","logo":{"@type":"ImageObject","inLanguage":"cs","@id":"https:\/\/evertonfc.cz\/#\/schema\/logo\/image\/","url":"https:\/\/evertonfc.cz\/wp-content\/uploads\/2019\/05\/logo.png","contentUrl":"https:\/\/evertonfc.cz\/wp-content\/uploads\/2019\/05\/logo.png","width":112,"height":112,"caption":"Official Czech & Slovak Everton Supporters' Club"},"image":{"@id":"https:\/\/evertonfc.cz\/#\/schema\/logo\/image\/"},"sameAs":["https:\/\/www.facebook.com\/everton.fans.cz.sk"]},{"@type":"Person","@id":"https:\/\/evertonfc.cz\/#\/schema\/person\/d4493b8cbea51532597fbc4685698916","name":"BlueBlooded","url":"https:\/\/evertonfc.cz\/index.php\/author\/admin\/"}]}},"_links":{"self":[{"href":"https:\/\/evertonfc.cz\/index.php\/wp-json\/wp\/v2\/posts\/12103"}],"collection":[{"href":"https:\/\/evertonfc.cz\/index.php\/wp-json\/wp\/v2\/posts"}],"about":[{"href":"https:\/\/evertonfc.cz\/index.php\/wp-json\/wp\/v2\/types\/post"}],"author":[{"embeddable":true,"href":"https:\/\/evertonfc.cz\/index.php\/wp-json\/wp\/v2\/users\/1"}],"replies":[{"embeddable":true,"href":"https:\/\/evertonfc.cz\/index.php\/wp-json\/wp\/v2\/comments?post=12103"}],"version-history":[{"count":4,"href":"https:\/\/evertonfc.cz\/index.php\/wp-json\/wp\/v2\/posts\/12103\/revisions"}],"predecessor-version":[{"id":12108,"href":"https:\/\/evertonfc.cz\/index.php\/wp-json\/wp\/v2\/posts\/12103\/revisions\/12108"}],"wp:featuredmedia":[{"embeddable":true,"href":"https:\/\/evertonfc.cz\/index.php\/wp-json\/wp\/v2\/media\/12213"}],"wp:attachment":[{"href":"https:\/\/evertonfc.cz\/index.php\/wp-json\/wp\/v2\/media?parent=12103"}],"wp:term":[{"taxonomy":"category","embeddable":true,"href":"https:\/\/evertonfc.cz\/index.php\/wp-json\/wp\/v2\/categories?post=12103"},{"taxonomy":"post_tag","embeddable":true,"href":"https:\/\/evertonfc.cz\/index.php\/wp-json\/wp\/v2\/tags?post=12103"}],"curies":[{"name":"wp","href":"https:\/\/api.w.org\/{rel}","templated":true}]}}