{"id":12145,"date":"2020-09-25T16:56:27","date_gmt":"2020-09-25T14:56:27","guid":{"rendered":"https:\/\/evertonfc.cz\/?p=12145"},"modified":"2021-04-04T13:58:24","modified_gmt":"2021-04-04T11:58:24","slug":"preview-crystal-palace-everton-26-9-2020","status":"publish","type":"post","link":"https:\/\/evertonfc.cz\/index.php\/2020\/09\/25\/preview-crystal-palace-everton-26-9-2020\/","title":{"rendered":"Preview: Crystal Palace &#8211; Everton"},"content":{"rendered":"<h4>Everton poprv\u00e9 od sez\u00f3ny 1978\/79 zah\u00e1jil nov\u00fd ro\u010dn\u00edk \u010dty\u0159mi sout\u011b\u017en\u00edmi v\u00fdhrami, vyzyvatel\u00e9 ze Selhurst Parku se ale rovn\u011b\u017e py\u0161n\u00ed perfektn\u00edm startem do nov\u00e9 kampan\u011b Premier League.<\/h4>\n<p>Toffees za\u010dali sez\u00f3nu a\u017e nezvykle dob\u0159e, p\u0159i chut\u00ed jsou zejm\u00e9na ofenzivn\u00ed hr\u00e1\u010di, kte\u0159\u00ed jenom v posledn\u00edch dvou z\u00e1pasech nast\u0159\u00edleli deset branek. Na druhou stranu p\u0159i v\u00fdhr\u00e1ch v pom\u011bru 5:2 v lize s West Bromem a v poh\u00e1ru s Fleetwoodem nelze ignorovat chyby v defenziv\u011b, zvl\u00e1\u0161t\u011b varovn\u00fd byl hlavn\u011b st\u0159ede\u010dn\u00ed v\u00fdkon brank\u00e1\u0159e Jordana Pickforda. Carlo Ancelotti ov\u0161em svou jedni\u010dku ve\u0159ejn\u011b podpo\u0159il a vylou\u010dil mo\u017enost anga\u017eov\u00e1n\u00ed nov\u00e9 konkurence mezi t\u0159i ty\u010de.<\/p>\n<p>Italsk\u00fd mana\u017eer nicm\u00e9n\u011b p\u0159ipustil snahu z\u00edskat nov\u00e9ho st\u0159edn\u00edho obr\u00e1nce, moment\u00e1ln\u011b m\u00e1 toti\u017e p\u0159i n\u011bkolikat\u00fddenn\u00edch absenc\u00edch Holgatea a Branthwaitea k dispozici pouze dva zdrav\u00e9 stopery.<\/p>\n<p>V prvn\u00edch dvou ligov\u00fdch kolech nastoupil Everton v nezm\u011bn\u011bn\u00e9 sestav\u011b a velk\u00e9 ro\u0161\u00e1dy nelze o\u010dek\u00e1vat ani v sobotu v Lond\u00fdn\u011b, t\u0159eba\u017ee v Ligov\u00e9m poh\u00e1ru se zaskv\u011blo n\u011bkolik jmen. Ancelotti ale nejsp\u00ed\u0161e hr\u00e1\u010de z lavi\u010dky nasad\u00ed do z\u00e1kladn\u00ed sestavy a\u017e ve st\u0159edu v poh\u00e1rov\u00e9m souboji s Hammers.<\/p>\n<p>Pozitivn\u00ed zpr\u00e1vou je, \u017ee Everton nehl\u00e1s\u00ed \u017e\u00e1dn\u00e1 nov\u00e1 zran\u011bn\u00ed. Na p\u0159edz\u00e1pasov\u00e9m tr\u00e9ninku se dokonce objevil \u00fato\u010dn\u00edk Cenk Tosun, kter\u00fd si na ja\u0159e p\u0159etrhl p\u0159edn\u00ed zk\u0159\u00ed\u017een\u00fd kolenn\u00ed vaz. Od z\u00e1pasov\u00e9 nominace ho ale bude d\u011blit je\u0161t\u011b p\u00e1r t\u00fddn\u016f. Prvn\u00ed utk\u00e1n\u00ed od \u00fanora odehr\u00e1l ve st\u0159edu s Fleetwoodem Fabian Delph. Podle slov mana\u017eera av\u0161ak je\u0161t\u011b nen\u00ed p\u0159ipraven\u00fd na n\u00e1ro\u010dn\u011bj\u0161\u00ed tempo Premier League, tak\u017ee o v\u00edkendu bude pracovat na Finch Farm.<\/p>\n<p>Wilfried Zaha. Spojoval se za posledn\u00ed roky n\u011bjak\u00fd jin\u00fd hr\u00e1\u010d \u010dast\u011bji s p\u0159estupem do Evertonu? Nehled\u011b na novin\u00e1\u0159sk\u00e9 spekulace, rod\u00e1k z Pob\u0159e\u017e\u00ed Slonoviny zah\u00e1jil sez\u00f3nu u Eagles s kapit\u00e1nskou p\u00e1skou a po slab\u0161\u00edm lo\u0148sk\u00e9m ro\u010dn\u00edku p\u0159edv\u00e1d\u00ed skv\u011bl\u00e9 v\u00fdkony. Jako \u00fato\u010dn\u00edk v rozestaven\u00ed 4-4-2 se t\u011b\u0161\u00ed z volnosti a v \u00favodn\u00edch dvou kolech t\u0159emi g\u00f3ly notn\u011b pomohl k v\u00fdhr\u00e1m nad Southamptonem a Manchesterem United.<\/p>\n<p>Zku\u0161en\u00fd li\u0161\u00e1k Roy Hodgson s\u00e1z\u00ed na sehranost sv\u00fdch sv\u011b\u0159enc\u016f, mu\u017estvu tak p\u0159\u00edli\u0161 neu\u0161kodila kr\u00e1tk\u00e1 letn\u00ed p\u0159\u00edprava, b\u011bhem n\u00ed\u017e doplnil st\u00e1rnouc\u00ed k\u00e1dr mlad\u00fd \u00fato\u010dn\u00fd talent Eberechi Eze z druholigov\u00e9ho QPR.<\/p>\n<p>A i kdy\u017e Eagles vypadli p\u0159ed t\u00fddnem a p\u016fl z Ligov\u00e9ho poh\u00e1ru po souboji s Bournemouthem, na Everton, kter\u00e9ho v lize neporazili u\u017e 11 utk\u00e1n\u00ed v \u0159ad\u011b, si v\u011b\u0159\u00ed. Forma obou mu\u017estev slibuje zaj\u00edmav\u00e9 st\u0159etnut\u00ed.<\/p>\n<p><strong>Co:<\/strong> Crystal Palace FC \u2013 Everton FC, 3. kolo Premier League<br \/>\n<strong>Kdy:<\/strong> 26. 09. 2020 od 16:00 SE\u010c<br \/>\n<strong>Kde:<\/strong> Selhurst Park, Lond\u00fdn (kapacita: 25 486)<br \/>\n<strong>Hlavn\u00ed rozhod\u010d\u00ed:<\/strong> Kevin Friend<br \/>\n<strong>VAR rozhod\u010d\u00ed:<\/strong> Anthony Taylor<br \/>\n<strong>\u017div\u00fd p\u0159enos Premier Sport:<\/strong> Ano, od 15:55<\/p>\n","protected":false},"excerpt":{"rendered":"<p>Everton poprv\u00e9 od sez\u00f3ny 1978\/79 zah\u00e1jil nov\u00fd ro\u010dn\u00edk \u010dty\u0159mi sout\u011b\u017en\u00edmi v\u00fdhrami, vyzyvatel\u00e9 ze Selhurst Parku se ale rovn\u011b\u017e py\u0161n\u00ed perfektn\u00edm startem do nov\u00e9 kampan\u011b Premier League.<\/p>\n","protected":false},"author":6,"featured_media":12110,"comment_status":"open","ping_status":"closed","sticky":false,"template":"","format":"standard","meta":{"_eb_attr":"","_monsterinsights_skip_tracking":false,"_monsterinsights_sitenote_active":false,"_monsterinsights_sitenote_note":"","_monsterinsights_sitenote_category":0,"footnotes":""},"categories":[4],"tags":[],"yoast_head":"<!-- This site is optimized with the Yoast SEO plugin v23.4 - https:\/\/yoast.com\/wordpress\/plugins\/seo\/ -->\n<title>Preview: Crystal Palace - Everton - Official Czech &amp; Slovak Everton Supporters&#039; Club<\/title>\n<meta name=\"description\" content=\"Everton poprv\u00e9 od sez\u00f3ny 1978\/79 zah\u00e1jil nov\u00fd ro\u010dn\u00edk \u010dty\u0159mi sout\u011b\u017en\u00edmi v\u00fdhrami, vyzyvatel\u00e9 ze Selhurst Parku se ale rovn\u011b\u017e py\u0161n\u00ed perfektn\u00edm startem do nov\u00e9 kampan\u011b Premier League.\" \/>\n<meta name=\"robots\" content=\"index, follow, max-snippet:-1, max-image-preview:large, max-video-preview:-1\" \/>\n<link rel=\"canonical\" href=\"https:\/\/evertonfc.cz\/index.php\/2020\/09\/25\/preview-crystal-palace-everton-26-9-2020\/\" \/>\n<meta property=\"og:locale\" content=\"cs_CZ\" \/>\n<meta property=\"og:type\" content=\"article\" \/>\n<meta property=\"og:title\" content=\"Preview: Crystal Palace - Everton - Official Czech &amp; Slovak Everton Supporters&#039; Club\" \/>\n<meta property=\"og:description\" content=\"Everton poprv\u00e9 od sez\u00f3ny 1978\/79 zah\u00e1jil nov\u00fd ro\u010dn\u00edk \u010dty\u0159mi sout\u011b\u017en\u00edmi v\u00fdhrami, vyzyvatel\u00e9 ze Selhurst Parku se ale rovn\u011b\u017e py\u0161n\u00ed perfektn\u00edm startem do nov\u00e9 kampan\u011b Premier League.\" \/>\n<meta property=\"og:url\" content=\"https:\/\/evertonfc.cz\/index.php\/2020\/09\/25\/preview-crystal-palace-everton-26-9-2020\/\" \/>\n<meta property=\"og:site_name\" content=\"Official Czech &amp; Slovak Everton Supporters&#039; Club\" \/>\n<meta property=\"article:publisher\" content=\"https:\/\/www.facebook.com\/everton.fans.cz.sk\" \/>\n<meta property=\"article:published_time\" content=\"2020-09-25T14:56:27+00:00\" \/>\n<meta property=\"article:modified_time\" content=\"2021-04-04T11:58:24+00:00\" \/>\n<meta property=\"og:image\" content=\"https:\/\/evertonfc.cz\/wp-content\/uploads\/2020\/09\/Crystal-Palace-VS-Everton-26-9-2020.jpg\" \/>\n\t<meta property=\"og:image:width\" content=\"720\" \/>\n\t<meta property=\"og:image:height\" content=\"405\" \/>\n\t<meta property=\"og:image:type\" content=\"image\/jpeg\" \/>\n<meta name=\"author\" content=\"Ri\u010di\" \/>\n<meta name=\"twitter:card\" content=\"summary_large_image\" \/>\n<meta name=\"twitter:creator\" content=\"@rbrejsa\" \/>\n<meta name=\"twitter:label1\" content=\"Napsal(a)\" \/>\n\t<meta name=\"twitter:data1\" content=\"Ri\u010di\" \/>\n\t<meta name=\"twitter:label2\" content=\"Odhadovan\u00e1 doba \u010dten\u00ed\" \/>\n\t<meta name=\"twitter:data2\" content=\"3 minuty\" \/>\n<script type=\"application\/ld+json\" class=\"yoast-schema-graph\">{\"@context\":\"https:\/\/schema.org\",\"@graph\":[{\"@type\":\"Article\",\"@id\":\"https:\/\/evertonfc.cz\/index.php\/2020\/09\/25\/preview-crystal-palace-everton-26-9-2020\/#article\",\"isPartOf\":{\"@id\":\"https:\/\/evertonfc.cz\/index.php\/2020\/09\/25\/preview-crystal-palace-everton-26-9-2020\/\"},\"author\":{\"name\":\"Ri\u010di\",\"@id\":\"https:\/\/evertonfc.cz\/#\/schema\/person\/f7a5daedb2ffee98480bc70e191aaef1\"},\"headline\":\"Preview: Crystal Palace &#8211; Everton\",\"datePublished\":\"2020-09-25T14:56:27+00:00\",\"dateModified\":\"2021-04-04T11:58:24+00:00\",\"mainEntityOfPage\":{\"@id\":\"https:\/\/evertonfc.cz\/index.php\/2020\/09\/25\/preview-crystal-palace-everton-26-9-2020\/\"},\"wordCount\":551,\"commentCount\":5,\"publisher\":{\"@id\":\"https:\/\/evertonfc.cz\/#organization\"},\"image\":{\"@id\":\"https:\/\/evertonfc.cz\/index.php\/2020\/09\/25\/preview-crystal-palace-everton-26-9-2020\/#primaryimage\"},\"thumbnailUrl\":\"https:\/\/evertonfc.cz\/wp-content\/uploads\/2020\/09\/Crystal-Palace-VS-Everton-26-9-2020.jpg\",\"articleSection\":[\"Z\u00e1pasy\"],\"inLanguage\":\"cs\",\"potentialAction\":[{\"@type\":\"CommentAction\",\"name\":\"Comment\",\"target\":[\"https:\/\/evertonfc.cz\/index.php\/2020\/09\/25\/preview-crystal-palace-everton-26-9-2020\/#respond\"]}]},{\"@type\":\"WebPage\",\"@id\":\"https:\/\/evertonfc.cz\/index.php\/2020\/09\/25\/preview-crystal-palace-everton-26-9-2020\/\",\"url\":\"https:\/\/evertonfc.cz\/index.php\/2020\/09\/25\/preview-crystal-palace-everton-26-9-2020\/\",\"name\":\"Preview: Crystal Palace - Everton - Official Czech &amp; Slovak Everton Supporters&#039; Club\",\"isPartOf\":{\"@id\":\"https:\/\/evertonfc.cz\/#website\"},\"primaryImageOfPage\":{\"@id\":\"https:\/\/evertonfc.cz\/index.php\/2020\/09\/25\/preview-crystal-palace-everton-26-9-2020\/#primaryimage\"},\"image\":{\"@id\":\"https:\/\/evertonfc.cz\/index.php\/2020\/09\/25\/preview-crystal-palace-everton-26-9-2020\/#primaryimage\"},\"thumbnailUrl\":\"https:\/\/evertonfc.cz\/wp-content\/uploads\/2020\/09\/Crystal-Palace-VS-Everton-26-9-2020.jpg\",\"datePublished\":\"2020-09-25T14:56:27+00:00\",\"dateModified\":\"2021-04-04T11:58:24+00:00\",\"description\":\"Everton poprv\u00e9 od sez\u00f3ny 1978\/79 zah\u00e1jil nov\u00fd ro\u010dn\u00edk \u010dty\u0159mi sout\u011b\u017en\u00edmi v\u00fdhrami, vyzyvatel\u00e9 ze Selhurst Parku se ale rovn\u011b\u017e py\u0161n\u00ed perfektn\u00edm startem do nov\u00e9 kampan\u011b Premier League.\",\"breadcrumb\":{\"@id\":\"https:\/\/evertonfc.cz\/index.php\/2020\/09\/25\/preview-crystal-palace-everton-26-9-2020\/#breadcrumb\"},\"inLanguage\":\"cs\",\"potentialAction\":[{\"@type\":\"ReadAction\",\"target\":[\"https:\/\/evertonfc.cz\/index.php\/2020\/09\/25\/preview-crystal-palace-everton-26-9-2020\/\"]}]},{\"@type\":\"ImageObject\",\"inLanguage\":\"cs\",\"@id\":\"https:\/\/evertonfc.cz\/index.php\/2020\/09\/25\/preview-crystal-palace-everton-26-9-2020\/#primaryimage\",\"url\":\"https:\/\/evertonfc.cz\/wp-content\/uploads\/2020\/09\/Crystal-Palace-VS-Everton-26-9-2020.jpg\",\"contentUrl\":\"https:\/\/evertonfc.cz\/wp-content\/uploads\/2020\/09\/Crystal-Palace-VS-Everton-26-9-2020.jpg\",\"width\":720,\"height\":405},{\"@type\":\"BreadcrumbList\",\"@id\":\"https:\/\/evertonfc.cz\/index.php\/2020\/09\/25\/preview-crystal-palace-everton-26-9-2020\/#breadcrumb\",\"itemListElement\":[{\"@type\":\"ListItem\",\"position\":1,\"name\":\"Home\",\"item\":\"https:\/\/evertonfc.cz\/\"},{\"@type\":\"ListItem\",\"position\":2,\"name\":\"Preview: Crystal Palace &#8211; Everton\"}]},{\"@type\":\"WebSite\",\"@id\":\"https:\/\/evertonfc.cz\/#website\",\"url\":\"https:\/\/evertonfc.cz\/\",\"name\":\"Official Czech &amp; Slovak Everton Supporters&#039; Club\",\"description\":\"\",\"publisher\":{\"@id\":\"https:\/\/evertonfc.cz\/#organization\"},\"potentialAction\":[{\"@type\":\"SearchAction\",\"target\":{\"@type\":\"EntryPoint\",\"urlTemplate\":\"https:\/\/evertonfc.cz\/?s={search_term_string}\"},\"query-input\":{\"@type\":\"PropertyValueSpecification\",\"valueRequired\":true,\"valueName\":\"search_term_string\"}}],\"inLanguage\":\"cs\"},{\"@type\":\"Organization\",\"@id\":\"https:\/\/evertonfc.cz\/#organization\",\"name\":\"Official Czech & Slovak Everton Supporters' Club\",\"url\":\"https:\/\/evertonfc.cz\/\",\"logo\":{\"@type\":\"ImageObject\",\"inLanguage\":\"cs\",\"@id\":\"https:\/\/evertonfc.cz\/#\/schema\/logo\/image\/\",\"url\":\"https:\/\/evertonfc.cz\/wp-content\/uploads\/2019\/05\/logo.png\",\"contentUrl\":\"https:\/\/evertonfc.cz\/wp-content\/uploads\/2019\/05\/logo.png\",\"width\":112,\"height\":112,\"caption\":\"Official Czech & Slovak Everton Supporters' Club\"},\"image\":{\"@id\":\"https:\/\/evertonfc.cz\/#\/schema\/logo\/image\/\"},\"sameAs\":[\"https:\/\/www.facebook.com\/everton.fans.cz.sk\"]},{\"@type\":\"Person\",\"@id\":\"https:\/\/evertonfc.cz\/#\/schema\/person\/f7a5daedb2ffee98480bc70e191aaef1\",\"name\":\"Ri\u010di\",\"sameAs\":[\"https:\/\/x.com\/rbrejsa\"],\"url\":\"https:\/\/evertonfc.cz\/index.php\/author\/rici\/\"}]}<\/script>\n<!-- \/ Yoast SEO plugin. -->","yoast_head_json":{"title":"Preview: Crystal Palace - Everton - Official Czech &amp; Slovak Everton Supporters&#039; Club","description":"Everton poprv\u00e9 od sez\u00f3ny 1978\/79 zah\u00e1jil nov\u00fd ro\u010dn\u00edk \u010dty\u0159mi sout\u011b\u017en\u00edmi v\u00fdhrami, vyzyvatel\u00e9 ze Selhurst Parku se ale rovn\u011b\u017e py\u0161n\u00ed perfektn\u00edm startem do nov\u00e9 kampan\u011b Premier League.","robots":{"index":"index","follow":"follow","max-snippet":"max-snippet:-1","max-image-preview":"max-image-preview:large","max-video-preview":"max-video-preview:-1"},"canonical":"https:\/\/evertonfc.cz\/index.php\/2020\/09\/25\/preview-crystal-palace-everton-26-9-2020\/","og_locale":"cs_CZ","og_type":"article","og_title":"Preview: Crystal Palace - Everton - Official Czech &amp; Slovak Everton Supporters&#039; Club","og_description":"Everton poprv\u00e9 od sez\u00f3ny 1978\/79 zah\u00e1jil nov\u00fd ro\u010dn\u00edk \u010dty\u0159mi sout\u011b\u017en\u00edmi v\u00fdhrami, vyzyvatel\u00e9 ze Selhurst Parku se ale rovn\u011b\u017e py\u0161n\u00ed perfektn\u00edm startem do nov\u00e9 kampan\u011b Premier League.","og_url":"https:\/\/evertonfc.cz\/index.php\/2020\/09\/25\/preview-crystal-palace-everton-26-9-2020\/","og_site_name":"Official Czech &amp; Slovak Everton Supporters&#039; Club","article_publisher":"https:\/\/www.facebook.com\/everton.fans.cz.sk","article_published_time":"2020-09-25T14:56:27+00:00","article_modified_time":"2021-04-04T11:58:24+00:00","og_image":[{"width":720,"height":405,"url":"https:\/\/evertonfc.cz\/wp-content\/uploads\/2020\/09\/Crystal-Palace-VS-Everton-26-9-2020.jpg","type":"image\/jpeg"}],"author":"Ri\u010di","twitter_card":"summary_large_image","twitter_creator":"@rbrejsa","twitter_misc":{"Napsal(a)":"Ri\u010di","Odhadovan\u00e1 doba \u010dten\u00ed":"3 minuty"},"schema":{"@context":"https:\/\/schema.org","@graph":[{"@type":"Article","@id":"https:\/\/evertonfc.cz\/index.php\/2020\/09\/25\/preview-crystal-palace-everton-26-9-2020\/#article","isPartOf":{"@id":"https:\/\/evertonfc.cz\/index.php\/2020\/09\/25\/preview-crystal-palace-everton-26-9-2020\/"},"author":{"name":"Ri\u010di","@id":"https:\/\/evertonfc.cz\/#\/schema\/person\/f7a5daedb2ffee98480bc70e191aaef1"},"headline":"Preview: Crystal Palace &#8211; Everton","datePublished":"2020-09-25T14:56:27+00:00","dateModified":"2021-04-04T11:58:24+00:00","mainEntityOfPage":{"@id":"https:\/\/evertonfc.cz\/index.php\/2020\/09\/25\/preview-crystal-palace-everton-26-9-2020\/"},"wordCount":551,"commentCount":5,"publisher":{"@id":"https:\/\/evertonfc.cz\/#organization"},"image":{"@id":"https:\/\/evertonfc.cz\/index.php\/2020\/09\/25\/preview-crystal-palace-everton-26-9-2020\/#primaryimage"},"thumbnailUrl":"https:\/\/evertonfc.cz\/wp-content\/uploads\/2020\/09\/Crystal-Palace-VS-Everton-26-9-2020.jpg","articleSection":["Z\u00e1pasy"],"inLanguage":"cs","potentialAction":[{"@type":"CommentAction","name":"Comment","target":["https:\/\/evertonfc.cz\/index.php\/2020\/09\/25\/preview-crystal-palace-everton-26-9-2020\/#respond"]}]},{"@type":"WebPage","@id":"https:\/\/evertonfc.cz\/index.php\/2020\/09\/25\/preview-crystal-palace-everton-26-9-2020\/","url":"https:\/\/evertonfc.cz\/index.php\/2020\/09\/25\/preview-crystal-palace-everton-26-9-2020\/","name":"Preview: Crystal Palace - Everton - Official Czech &amp; Slovak Everton Supporters&#039; Club","isPartOf":{"@id":"https:\/\/evertonfc.cz\/#website"},"primaryImageOfPage":{"@id":"https:\/\/evertonfc.cz\/index.php\/2020\/09\/25\/preview-crystal-palace-everton-26-9-2020\/#primaryimage"},"image":{"@id":"https:\/\/evertonfc.cz\/index.php\/2020\/09\/25\/preview-crystal-palace-everton-26-9-2020\/#primaryimage"},"thumbnailUrl":"https:\/\/evertonfc.cz\/wp-content\/uploads\/2020\/09\/Crystal-Palace-VS-Everton-26-9-2020.jpg","datePublished":"2020-09-25T14:56:27+00:00","dateModified":"2021-04-04T11:58:24+00:00","description":"Everton poprv\u00e9 od sez\u00f3ny 1978\/79 zah\u00e1jil nov\u00fd ro\u010dn\u00edk \u010dty\u0159mi sout\u011b\u017en\u00edmi v\u00fdhrami, vyzyvatel\u00e9 ze Selhurst Parku se ale rovn\u011b\u017e py\u0161n\u00ed perfektn\u00edm startem do nov\u00e9 kampan\u011b Premier League.","breadcrumb":{"@id":"https:\/\/evertonfc.cz\/index.php\/2020\/09\/25\/preview-crystal-palace-everton-26-9-2020\/#breadcrumb"},"inLanguage":"cs","potentialAction":[{"@type":"ReadAction","target":["https:\/\/evertonfc.cz\/index.php\/2020\/09\/25\/preview-crystal-palace-everton-26-9-2020\/"]}]},{"@type":"ImageObject","inLanguage":"cs","@id":"https:\/\/evertonfc.cz\/index.php\/2020\/09\/25\/preview-crystal-palace-everton-26-9-2020\/#primaryimage","url":"https:\/\/evertonfc.cz\/wp-content\/uploads\/2020\/09\/Crystal-Palace-VS-Everton-26-9-2020.jpg","contentUrl":"https:\/\/evertonfc.cz\/wp-content\/uploads\/2020\/09\/Crystal-Palace-VS-Everton-26-9-2020.jpg","width":720,"height":405},{"@type":"BreadcrumbList","@id":"https:\/\/evertonfc.cz\/index.php\/2020\/09\/25\/preview-crystal-palace-everton-26-9-2020\/#breadcrumb","itemListElement":[{"@type":"ListItem","position":1,"name":"Home","item":"https:\/\/evertonfc.cz\/"},{"@type":"ListItem","position":2,"name":"Preview: Crystal Palace &#8211; Everton"}]},{"@type":"WebSite","@id":"https:\/\/evertonfc.cz\/#website","url":"https:\/\/evertonfc.cz\/","name":"Official Czech &amp; Slovak Everton Supporters&#039; Club","description":"","publisher":{"@id":"https:\/\/evertonfc.cz\/#organization"},"potentialAction":[{"@type":"SearchAction","target":{"@type":"EntryPoint","urlTemplate":"https:\/\/evertonfc.cz\/?s={search_term_string}"},"query-input":{"@type":"PropertyValueSpecification","valueRequired":true,"valueName":"search_term_string"}}],"inLanguage":"cs"},{"@type":"Organization","@id":"https:\/\/evertonfc.cz\/#organization","name":"Official Czech & Slovak Everton Supporters' Club","url":"https:\/\/evertonfc.cz\/","logo":{"@type":"ImageObject","inLanguage":"cs","@id":"https:\/\/evertonfc.cz\/#\/schema\/logo\/image\/","url":"https:\/\/evertonfc.cz\/wp-content\/uploads\/2019\/05\/logo.png","contentUrl":"https:\/\/evertonfc.cz\/wp-content\/uploads\/2019\/05\/logo.png","width":112,"height":112,"caption":"Official Czech & Slovak Everton Supporters' Club"},"image":{"@id":"https:\/\/evertonfc.cz\/#\/schema\/logo\/image\/"},"sameAs":["https:\/\/www.facebook.com\/everton.fans.cz.sk"]},{"@type":"Person","@id":"https:\/\/evertonfc.cz\/#\/schema\/person\/f7a5daedb2ffee98480bc70e191aaef1","name":"Ri\u010di","sameAs":["https:\/\/x.com\/rbrejsa"],"url":"https:\/\/evertonfc.cz\/index.php\/author\/rici\/"}]}},"_links":{"self":[{"href":"https:\/\/evertonfc.cz\/index.php\/wp-json\/wp\/v2\/posts\/12145"}],"collection":[{"href":"https:\/\/evertonfc.cz\/index.php\/wp-json\/wp\/v2\/posts"}],"about":[{"href":"https:\/\/evertonfc.cz\/index.php\/wp-json\/wp\/v2\/types\/post"}],"author":[{"embeddable":true,"href":"https:\/\/evertonfc.cz\/index.php\/wp-json\/wp\/v2\/users\/6"}],"replies":[{"embeddable":true,"href":"https:\/\/evertonfc.cz\/index.php\/wp-json\/wp\/v2\/comments?post=12145"}],"version-history":[{"count":9,"href":"https:\/\/evertonfc.cz\/index.php\/wp-json\/wp\/v2\/posts\/12145\/revisions"}],"predecessor-version":[{"id":12160,"href":"https:\/\/evertonfc.cz\/index.php\/wp-json\/wp\/v2\/posts\/12145\/revisions\/12160"}],"wp:featuredmedia":[{"embeddable":true,"href":"https:\/\/evertonfc.cz\/index.php\/wp-json\/wp\/v2\/media\/12110"}],"wp:attachment":[{"href":"https:\/\/evertonfc.cz\/index.php\/wp-json\/wp\/v2\/media?parent=12145"}],"wp:term":[{"taxonomy":"category","embeddable":true,"href":"https:\/\/evertonfc.cz\/index.php\/wp-json\/wp\/v2\/categories?post=12145"},{"taxonomy":"post_tag","embeddable":true,"href":"https:\/\/evertonfc.cz\/index.php\/wp-json\/wp\/v2\/tags?post=12145"}],"curies":[{"name":"wp","href":"https:\/\/api.w.org\/{rel}","templated":true}]}}