{"id":12311,"date":"2020-10-04T20:28:02","date_gmt":"2020-10-04T18:28:02","guid":{"rendered":"https:\/\/evertonfc.cz\/?p=12311"},"modified":"2020-10-04T20:33:30","modified_gmt":"2020-10-04T18:33:30","slug":"everton-brighton-hove-albion-42","status":"publish","type":"post","link":"https:\/\/evertonfc.cz\/index.php\/2020\/10\/04\/everton-brighton-hove-albion-42\/","title":{"rendered":"Everton \u2013 Brighton &#038; Hove Albion 4:2"},"content":{"rendered":"<h4>Sedmi\u010dka je \u0161\u0165astn\u00e9 \u010d\u00edslo. Presne to\u013eko maj\u00fa moment\u00e1lne Karamelky na konte v\u00fdhier vo v\u0161etk\u00fdch s\u00fa\u0165a\u017eiach. Ved\u00fa zatia\u013e tabu\u013eku a do derby p\u00f4jdu ako rovnocenn\u00fd s\u00faper.<\/h4>\n<p>Ak sa nie\u010doho fan\u00fa\u0161ikovia pred t\u00fdmto z\u00e1pasom b\u00e1li, tak to bola absencia niektor\u00fdch hr\u00e1\u010dov skrz zranenia. Ako sa proti tomuto oponentovi uk\u00e1zalo, pr\u00edli\u0161n\u00fd efekt sa nedostavil. Aspo\u0148 nie pov\u0161imnutia hodn\u00fd. Davies zvl\u00e1dol \u00falohu \u0161t\u00edtu, Sigurdsson behal ako za mlada a\u00a0Iwobi sa kreat\u00edvne \u010dinil.<\/p>\n<h4><strong>Prv\u00fd pol\u010das<\/strong><\/h4>\n<p>Everton dominoval. Pomaly si za\u010d\u00edname zvyka\u0165, \u017ee to nie je len \u0161tatistka dr\u017eania lopty, ale hol\u00fd fakt porovn\u00e1vania hernej \u010dinnosti dvoch mu\u017estiev. Po \u0161tvr\u0165hodine hry padol prv\u00fd g\u00f3l z rohu. James nachytal s\u00fapera nepripraven\u00e9ho, ke\u010f rozohral \u0161tandardku nakr\u00e1tko a Sigurdsson z oto\u010dky poslal nad\u00fdchan\u00fd na zadn\u00fa ty\u010d. Tam sk\u00e1kal u\u017e po g\u00f3le hladn\u00fd Calvert-Lewin, zakon\u010duj\u00faci pod\u013ea \u0161koly Duncana Fergusona. <strong>1:0<\/strong><\/p>\n<p>\u0160tyri min\u00faty pred koncom pol\u010dasu sa hostia ale do\u010dkali odpovede. Vytvorili si tlak na na\u0161u \u0161estn\u00e1stku, ktor\u00fd vy\u00fastil v\u00a0center na Trossarda. Ten sklepol loptu o zem na Pickforda, s\u00a0\u010d\u00edm si st\u00e1le brank\u00e1r reprezent\u00e1cie v\u00a0da\u017ediv\u00fdch podmienkach neporadil najlep\u0161ie. Z\u00a0rukav\u00edc mu vypadla a\u00a0k\u00a0dor\u00e1\u017eke sa dostal Maupay. <strong>1:1<\/strong><\/p>\n<p>Jordan si n\u00e1sledne vybil na kon\u0161trukcii br\u00e1ny zlos\u0165 s\u00e1m na seba. Yerry Mina mu v\u0161ak odchod od \u0161atn\u00ed u\u013eah\u010dil, nako\u013eko poslal Everton do vedenia v nadstavenom \u010dase. Situ\u00e1cia toti\u017e vznikla po faule na Colemana na kraji v\u00e1pna. K lopte sa postavil James a citlivo posadil loptu na hlavu kolegovi z Kolumbie. <strong>2:1<\/strong><\/p>\n<h4><strong>Druh\u00fd pol\u010das<\/strong><\/h4>\n<p>Zo \u0161atne sa podarilo dom\u00e1cim nadviaza\u0165 na g\u00f3lov\u00e9 hody. Trossard non\u0161alantne stratil loptu na p\u00e4te Rodr\u00edgueza, \u010d\u00edm sa od\u0161tartoval proti\u00fatok v obrannej tretine Brightonu. DCL vysunul do v\u00e1pna Iwobiho a ten obl\u00fakom na\u0161iel vo\u013en\u00e9ho zakladate\u013ea akcie. \u010c\u00edslo 19 si n\u00e1sledn\u00fd fini\u0161 v p\u00e1de vychutnalo. <strong>3:1<\/strong><\/p>\n<p>\u010eal\u0161\u00ed proti\u00fatok zo strany The Toffees bol tie\u017e smrte\u013en\u00fd. Za\u010dal v\u0161ak u\u017e na vlastnej polovici. Loptu z\u00edskal Doucour\u00e9 po po\u0161myknut\u00ed sa s\u00fapera, n\u00e1sledne zakombinoval s Iwobim a\u017e sa dostal do vn\u00fatra pokutov\u00e9ho \u00fazemia. Op\u00e4\u0165 nasledoval obl\u00fa\u010dik a znovu bol adres\u00e1t spo\u013eahliv\u00fd James. Svoje double rozv\u00e1\u017ene premenil. <strong>4:1<\/strong><\/p>\n<p>Perfektn\u00fd dojem na konci z\u00e1pasu pokazil druh\u00fd inkasovan\u00fd g\u00f3l. Ju\u017eania postupne prevzali opraty stretnutia, ke\u010f\u017ee u\u017e nemali \u010do strati\u0165. Dr\u017eali loptu, obliehali Everton, ktor\u00fd sa v z\u00e1vere dopustil i p\u00e1r ch\u00fdb. Hasil ich najm\u00e4 Mina. Na volej Bissoumy bola ale cel\u00e1 obrana prikr\u00e1tka. Malij\u010dan spracoval pred v\u00e1pnom na prsia a nechytate\u013ene zakon\u010dil do rohu br\u00e1ny, aby uzavrel kone\u010dn\u00e9 sk\u00f3re na <strong>4:2<\/strong>.<\/p>\n<h4><strong>Dojmy redakcie<\/strong><\/h4>\n<p>126 rokov nemal Everton podobn\u00fd \u0161tart do novej sez\u00f3ny. N\u00e1hoda? Ur\u010dite viac napovie Merseyside derby, do ktor\u00e9ho by sa mali uzdravi\u0165 aj vystriedan\u00ed Coleman s Richarlisonom. Jedno je ale ist\u00e9. Everton sa kone\u010dne posunul a to t\u00fdm spr\u00e1vnym smerom. Je skoro si d\u00e1va\u0165 nov\u00e9 ciele v sez\u00f3ne? Bude sta\u010di\u0165 pri takejto forme umiestnenie v Top 6? Alebo by sme mali pom\u00fd\u0161\u013ea\u0165 aj na vzne\u0161enej\u0161ie poz\u00edcie? Kandid\u00e1ti na titul e\u0161te nie sme. Ale k tomuto pomenovaniu iste smerujeme.<\/p>\n<p style=\"text-align: right;\"><span style=\"font-size: 8pt;\">(fotozdroj: evertonfc.com)<\/span><\/p>\n<hr \/>\n<p><strong>Zostrihy:<\/strong><a href=\"https:\/\/www.evertonfc.com\/video\/1852253\/extended-highlights-everton-4-2-brighton?tagNames=latest-video\" target=\"_blank\" rel=\"noopener noreferrer\"> Everton TV \u00a0<\/a><strong>Mu\u017e z\u00e1pasu redakcie: <\/strong>James Rodr\u00edguez<\/p>\n<p><strong>G\u00f3ly: <\/strong>16\u00b4 Calvert-Lewin (Sigurdsson), 41\u00b4 Maupay, 45+2\u00b4 Mina (James), 52\u00b4 James (Iwobi), 70\u00b4 James (Doucour\u00e9), 90+2\u00b4 Bissouma (March)<\/p>\n<p><strong>\u017dlt\u00e9 karty: <\/strong>4\u00b4 Alzate<\/p>\n<p><strong>Brighton &amp; Hove Albion FC:\u00a0<\/strong>Ryan \u2013 White, Dunk, Webster \u2013 Lamptey (46\u00b4 Veltman), Bissouma, Alzate (82\u00b4 Gro\u00df), March \u2013 Trossard, Connolly (66\u00b4 Lallana), Maupay<\/p>\n<p><strong>Everton FC:\u00a0<\/strong>Pickford \u2013 Coleman (58\u00b4 Delph), Mina, Keane, Digne \u2013 Sigurdsson, Davies, Doucour\u00e9 \u2013 James (78\u00b4 Walcott), Calvert-Lewin, Richarlison (25\u00b4 Iwobi)<\/p>\n<p><strong>Rozhodca:\u00a0<\/strong>Simon Hooper\u00a0 <strong>Bez div\u00e1kov<\/strong><\/p>\n","protected":false},"excerpt":{"rendered":"<p>Sedmi\u010dka je \u0161\u0165astn\u00e9 \u010d\u00edslo. Presne to\u013eko maj\u00fa moment\u00e1lne Karamelky na konte v\u00fdhier vo v\u0161etk\u00fdch s\u00fa\u0165a\u017eiach. Ved\u00fa zatia\u013e tabu\u013eku a do derby p\u00f4jdu ako rovnocenn\u00fd s\u00faper.<\/p>\n","protected":false},"author":1,"featured_media":12312,"comment_status":"open","ping_status":"closed","sticky":false,"template":"","format":"standard","meta":{"_eb_attr":"","_monsterinsights_skip_tracking":false,"_monsterinsights_sitenote_active":false,"_monsterinsights_sitenote_note":"","_monsterinsights_sitenote_category":0,"footnotes":""},"categories":[4],"tags":[],"yoast_head":"<!-- This site is optimized with the Yoast SEO plugin v23.4 - https:\/\/yoast.com\/wordpress\/plugins\/seo\/ -->\n<title>Everton \u2013 Brighton &amp; Hove Albion 4:2 - Official Czech &amp; Slovak Everton Supporters&#039; Club<\/title>\n<meta name=\"robots\" content=\"index, follow, max-snippet:-1, max-image-preview:large, max-video-preview:-1\" \/>\n<link rel=\"canonical\" href=\"https:\/\/evertonfc.cz\/index.php\/2020\/10\/04\/everton-brighton-hove-albion-42\/\" \/>\n<meta property=\"og:locale\" content=\"cs_CZ\" \/>\n<meta property=\"og:type\" content=\"article\" \/>\n<meta property=\"og:title\" content=\"Everton \u2013 Brighton &amp; Hove Albion 4:2 - Official Czech &amp; Slovak Everton Supporters&#039; Club\" \/>\n<meta property=\"og:description\" content=\"Sedmi\u010dka je \u0161\u0165astn\u00e9 \u010d\u00edslo. Presne to\u013eko maj\u00fa moment\u00e1lne Karamelky na konte v\u00fdhier vo v\u0161etk\u00fdch s\u00fa\u0165a\u017eiach. Ved\u00fa zatia\u013e tabu\u013eku a do derby p\u00f4jdu ako rovnocenn\u00fd s\u00faper.\" \/>\n<meta property=\"og:url\" content=\"https:\/\/evertonfc.cz\/index.php\/2020\/10\/04\/everton-brighton-hove-albion-42\/\" \/>\n<meta property=\"og:site_name\" content=\"Official Czech &amp; Slovak Everton Supporters&#039; Club\" \/>\n<meta property=\"article:publisher\" content=\"https:\/\/www.facebook.com\/everton.fans.cz.sk\" \/>\n<meta property=\"article:published_time\" content=\"2020-10-04T18:28:02+00:00\" \/>\n<meta property=\"article:modified_time\" content=\"2020-10-04T18:33:30+00:00\" \/>\n<meta property=\"og:image\" content=\"https:\/\/evertonfc.cz\/wp-content\/uploads\/2020\/10\/James-Everton-Brighton-3-10-2020.jpg\" \/>\n\t<meta property=\"og:image:width\" content=\"720\" \/>\n\t<meta property=\"og:image:height\" content=\"405\" \/>\n\t<meta property=\"og:image:type\" content=\"image\/jpeg\" \/>\n<meta name=\"author\" content=\"BlueBlooded\" \/>\n<meta name=\"twitter:card\" content=\"summary_large_image\" \/>\n<meta name=\"twitter:label1\" content=\"Napsal(a)\" \/>\n\t<meta name=\"twitter:data1\" content=\"BlueBlooded\" \/>\n\t<meta name=\"twitter:label2\" content=\"Odhadovan\u00e1 doba \u010dten\u00ed\" \/>\n\t<meta name=\"twitter:data2\" content=\"3 minuty\" \/>\n<script type=\"application\/ld+json\" class=\"yoast-schema-graph\">{\"@context\":\"https:\/\/schema.org\",\"@graph\":[{\"@type\":\"Article\",\"@id\":\"https:\/\/evertonfc.cz\/index.php\/2020\/10\/04\/everton-brighton-hove-albion-42\/#article\",\"isPartOf\":{\"@id\":\"https:\/\/evertonfc.cz\/index.php\/2020\/10\/04\/everton-brighton-hove-albion-42\/\"},\"author\":{\"name\":\"BlueBlooded\",\"@id\":\"https:\/\/evertonfc.cz\/#\/schema\/person\/d4493b8cbea51532597fbc4685698916\"},\"headline\":\"Everton \u2013 Brighton &#038; Hove Albion 4:2\",\"datePublished\":\"2020-10-04T18:28:02+00:00\",\"dateModified\":\"2020-10-04T18:33:30+00:00\",\"mainEntityOfPage\":{\"@id\":\"https:\/\/evertonfc.cz\/index.php\/2020\/10\/04\/everton-brighton-hove-albion-42\/\"},\"wordCount\":661,\"commentCount\":8,\"publisher\":{\"@id\":\"https:\/\/evertonfc.cz\/#organization\"},\"image\":{\"@id\":\"https:\/\/evertonfc.cz\/index.php\/2020\/10\/04\/everton-brighton-hove-albion-42\/#primaryimage\"},\"thumbnailUrl\":\"https:\/\/evertonfc.cz\/wp-content\/uploads\/2020\/10\/James-Everton-Brighton-3-10-2020.jpg\",\"articleSection\":[\"Z\u00e1pasy\"],\"inLanguage\":\"cs\",\"potentialAction\":[{\"@type\":\"CommentAction\",\"name\":\"Comment\",\"target\":[\"https:\/\/evertonfc.cz\/index.php\/2020\/10\/04\/everton-brighton-hove-albion-42\/#respond\"]}]},{\"@type\":\"WebPage\",\"@id\":\"https:\/\/evertonfc.cz\/index.php\/2020\/10\/04\/everton-brighton-hove-albion-42\/\",\"url\":\"https:\/\/evertonfc.cz\/index.php\/2020\/10\/04\/everton-brighton-hove-albion-42\/\",\"name\":\"Everton \u2013 Brighton & Hove Albion 4:2 - Official Czech &amp; Slovak Everton Supporters&#039; Club\",\"isPartOf\":{\"@id\":\"https:\/\/evertonfc.cz\/#website\"},\"primaryImageOfPage\":{\"@id\":\"https:\/\/evertonfc.cz\/index.php\/2020\/10\/04\/everton-brighton-hove-albion-42\/#primaryimage\"},\"image\":{\"@id\":\"https:\/\/evertonfc.cz\/index.php\/2020\/10\/04\/everton-brighton-hove-albion-42\/#primaryimage\"},\"thumbnailUrl\":\"https:\/\/evertonfc.cz\/wp-content\/uploads\/2020\/10\/James-Everton-Brighton-3-10-2020.jpg\",\"datePublished\":\"2020-10-04T18:28:02+00:00\",\"dateModified\":\"2020-10-04T18:33:30+00:00\",\"breadcrumb\":{\"@id\":\"https:\/\/evertonfc.cz\/index.php\/2020\/10\/04\/everton-brighton-hove-albion-42\/#breadcrumb\"},\"inLanguage\":\"cs\",\"potentialAction\":[{\"@type\":\"ReadAction\",\"target\":[\"https:\/\/evertonfc.cz\/index.php\/2020\/10\/04\/everton-brighton-hove-albion-42\/\"]}]},{\"@type\":\"ImageObject\",\"inLanguage\":\"cs\",\"@id\":\"https:\/\/evertonfc.cz\/index.php\/2020\/10\/04\/everton-brighton-hove-albion-42\/#primaryimage\",\"url\":\"https:\/\/evertonfc.cz\/wp-content\/uploads\/2020\/10\/James-Everton-Brighton-3-10-2020.jpg\",\"contentUrl\":\"https:\/\/evertonfc.cz\/wp-content\/uploads\/2020\/10\/James-Everton-Brighton-3-10-2020.jpg\",\"width\":720,\"height\":405},{\"@type\":\"BreadcrumbList\",\"@id\":\"https:\/\/evertonfc.cz\/index.php\/2020\/10\/04\/everton-brighton-hove-albion-42\/#breadcrumb\",\"itemListElement\":[{\"@type\":\"ListItem\",\"position\":1,\"name\":\"Home\",\"item\":\"https:\/\/evertonfc.cz\/\"},{\"@type\":\"ListItem\",\"position\":2,\"name\":\"Everton \u2013 Brighton &#038; Hove Albion 4:2\"}]},{\"@type\":\"WebSite\",\"@id\":\"https:\/\/evertonfc.cz\/#website\",\"url\":\"https:\/\/evertonfc.cz\/\",\"name\":\"Official Czech &amp; Slovak Everton Supporters&#039; Club\",\"description\":\"\",\"publisher\":{\"@id\":\"https:\/\/evertonfc.cz\/#organization\"},\"potentialAction\":[{\"@type\":\"SearchAction\",\"target\":{\"@type\":\"EntryPoint\",\"urlTemplate\":\"https:\/\/evertonfc.cz\/?s={search_term_string}\"},\"query-input\":{\"@type\":\"PropertyValueSpecification\",\"valueRequired\":true,\"valueName\":\"search_term_string\"}}],\"inLanguage\":\"cs\"},{\"@type\":\"Organization\",\"@id\":\"https:\/\/evertonfc.cz\/#organization\",\"name\":\"Official Czech & Slovak Everton Supporters' Club\",\"url\":\"https:\/\/evertonfc.cz\/\",\"logo\":{\"@type\":\"ImageObject\",\"inLanguage\":\"cs\",\"@id\":\"https:\/\/evertonfc.cz\/#\/schema\/logo\/image\/\",\"url\":\"https:\/\/evertonfc.cz\/wp-content\/uploads\/2019\/05\/logo.png\",\"contentUrl\":\"https:\/\/evertonfc.cz\/wp-content\/uploads\/2019\/05\/logo.png\",\"width\":112,\"height\":112,\"caption\":\"Official Czech & Slovak Everton Supporters' Club\"},\"image\":{\"@id\":\"https:\/\/evertonfc.cz\/#\/schema\/logo\/image\/\"},\"sameAs\":[\"https:\/\/www.facebook.com\/everton.fans.cz.sk\"]},{\"@type\":\"Person\",\"@id\":\"https:\/\/evertonfc.cz\/#\/schema\/person\/d4493b8cbea51532597fbc4685698916\",\"name\":\"BlueBlooded\",\"url\":\"https:\/\/evertonfc.cz\/index.php\/author\/admin\/\"}]}<\/script>\n<!-- \/ Yoast SEO plugin. -->","yoast_head_json":{"title":"Everton \u2013 Brighton & Hove Albion 4:2 - Official Czech &amp; Slovak Everton Supporters&#039; Club","robots":{"index":"index","follow":"follow","max-snippet":"max-snippet:-1","max-image-preview":"max-image-preview:large","max-video-preview":"max-video-preview:-1"},"canonical":"https:\/\/evertonfc.cz\/index.php\/2020\/10\/04\/everton-brighton-hove-albion-42\/","og_locale":"cs_CZ","og_type":"article","og_title":"Everton \u2013 Brighton & Hove Albion 4:2 - Official Czech &amp; Slovak Everton Supporters&#039; Club","og_description":"Sedmi\u010dka je \u0161\u0165astn\u00e9 \u010d\u00edslo. Presne to\u013eko maj\u00fa moment\u00e1lne Karamelky na konte v\u00fdhier vo v\u0161etk\u00fdch s\u00fa\u0165a\u017eiach. Ved\u00fa zatia\u013e tabu\u013eku a do derby p\u00f4jdu ako rovnocenn\u00fd s\u00faper.","og_url":"https:\/\/evertonfc.cz\/index.php\/2020\/10\/04\/everton-brighton-hove-albion-42\/","og_site_name":"Official Czech &amp; Slovak Everton Supporters&#039; Club","article_publisher":"https:\/\/www.facebook.com\/everton.fans.cz.sk","article_published_time":"2020-10-04T18:28:02+00:00","article_modified_time":"2020-10-04T18:33:30+00:00","og_image":[{"width":720,"height":405,"url":"https:\/\/evertonfc.cz\/wp-content\/uploads\/2020\/10\/James-Everton-Brighton-3-10-2020.jpg","type":"image\/jpeg"}],"author":"BlueBlooded","twitter_card":"summary_large_image","twitter_misc":{"Napsal(a)":"BlueBlooded","Odhadovan\u00e1 doba \u010dten\u00ed":"3 minuty"},"schema":{"@context":"https:\/\/schema.org","@graph":[{"@type":"Article","@id":"https:\/\/evertonfc.cz\/index.php\/2020\/10\/04\/everton-brighton-hove-albion-42\/#article","isPartOf":{"@id":"https:\/\/evertonfc.cz\/index.php\/2020\/10\/04\/everton-brighton-hove-albion-42\/"},"author":{"name":"BlueBlooded","@id":"https:\/\/evertonfc.cz\/#\/schema\/person\/d4493b8cbea51532597fbc4685698916"},"headline":"Everton \u2013 Brighton &#038; Hove Albion 4:2","datePublished":"2020-10-04T18:28:02+00:00","dateModified":"2020-10-04T18:33:30+00:00","mainEntityOfPage":{"@id":"https:\/\/evertonfc.cz\/index.php\/2020\/10\/04\/everton-brighton-hove-albion-42\/"},"wordCount":661,"commentCount":8,"publisher":{"@id":"https:\/\/evertonfc.cz\/#organization"},"image":{"@id":"https:\/\/evertonfc.cz\/index.php\/2020\/10\/04\/everton-brighton-hove-albion-42\/#primaryimage"},"thumbnailUrl":"https:\/\/evertonfc.cz\/wp-content\/uploads\/2020\/10\/James-Everton-Brighton-3-10-2020.jpg","articleSection":["Z\u00e1pasy"],"inLanguage":"cs","potentialAction":[{"@type":"CommentAction","name":"Comment","target":["https:\/\/evertonfc.cz\/index.php\/2020\/10\/04\/everton-brighton-hove-albion-42\/#respond"]}]},{"@type":"WebPage","@id":"https:\/\/evertonfc.cz\/index.php\/2020\/10\/04\/everton-brighton-hove-albion-42\/","url":"https:\/\/evertonfc.cz\/index.php\/2020\/10\/04\/everton-brighton-hove-albion-42\/","name":"Everton \u2013 Brighton & Hove Albion 4:2 - Official Czech &amp; Slovak Everton Supporters&#039; Club","isPartOf":{"@id":"https:\/\/evertonfc.cz\/#website"},"primaryImageOfPage":{"@id":"https:\/\/evertonfc.cz\/index.php\/2020\/10\/04\/everton-brighton-hove-albion-42\/#primaryimage"},"image":{"@id":"https:\/\/evertonfc.cz\/index.php\/2020\/10\/04\/everton-brighton-hove-albion-42\/#primaryimage"},"thumbnailUrl":"https:\/\/evertonfc.cz\/wp-content\/uploads\/2020\/10\/James-Everton-Brighton-3-10-2020.jpg","datePublished":"2020-10-04T18:28:02+00:00","dateModified":"2020-10-04T18:33:30+00:00","breadcrumb":{"@id":"https:\/\/evertonfc.cz\/index.php\/2020\/10\/04\/everton-brighton-hove-albion-42\/#breadcrumb"},"inLanguage":"cs","potentialAction":[{"@type":"ReadAction","target":["https:\/\/evertonfc.cz\/index.php\/2020\/10\/04\/everton-brighton-hove-albion-42\/"]}]},{"@type":"ImageObject","inLanguage":"cs","@id":"https:\/\/evertonfc.cz\/index.php\/2020\/10\/04\/everton-brighton-hove-albion-42\/#primaryimage","url":"https:\/\/evertonfc.cz\/wp-content\/uploads\/2020\/10\/James-Everton-Brighton-3-10-2020.jpg","contentUrl":"https:\/\/evertonfc.cz\/wp-content\/uploads\/2020\/10\/James-Everton-Brighton-3-10-2020.jpg","width":720,"height":405},{"@type":"BreadcrumbList","@id":"https:\/\/evertonfc.cz\/index.php\/2020\/10\/04\/everton-brighton-hove-albion-42\/#breadcrumb","itemListElement":[{"@type":"ListItem","position":1,"name":"Home","item":"https:\/\/evertonfc.cz\/"},{"@type":"ListItem","position":2,"name":"Everton \u2013 Brighton &#038; Hove Albion 4:2"}]},{"@type":"WebSite","@id":"https:\/\/evertonfc.cz\/#website","url":"https:\/\/evertonfc.cz\/","name":"Official Czech &amp; Slovak Everton Supporters&#039; Club","description":"","publisher":{"@id":"https:\/\/evertonfc.cz\/#organization"},"potentialAction":[{"@type":"SearchAction","target":{"@type":"EntryPoint","urlTemplate":"https:\/\/evertonfc.cz\/?s={search_term_string}"},"query-input":{"@type":"PropertyValueSpecification","valueRequired":true,"valueName":"search_term_string"}}],"inLanguage":"cs"},{"@type":"Organization","@id":"https:\/\/evertonfc.cz\/#organization","name":"Official Czech & Slovak Everton Supporters' Club","url":"https:\/\/evertonfc.cz\/","logo":{"@type":"ImageObject","inLanguage":"cs","@id":"https:\/\/evertonfc.cz\/#\/schema\/logo\/image\/","url":"https:\/\/evertonfc.cz\/wp-content\/uploads\/2019\/05\/logo.png","contentUrl":"https:\/\/evertonfc.cz\/wp-content\/uploads\/2019\/05\/logo.png","width":112,"height":112,"caption":"Official Czech & Slovak Everton Supporters' Club"},"image":{"@id":"https:\/\/evertonfc.cz\/#\/schema\/logo\/image\/"},"sameAs":["https:\/\/www.facebook.com\/everton.fans.cz.sk"]},{"@type":"Person","@id":"https:\/\/evertonfc.cz\/#\/schema\/person\/d4493b8cbea51532597fbc4685698916","name":"BlueBlooded","url":"https:\/\/evertonfc.cz\/index.php\/author\/admin\/"}]}},"_links":{"self":[{"href":"https:\/\/evertonfc.cz\/index.php\/wp-json\/wp\/v2\/posts\/12311"}],"collection":[{"href":"https:\/\/evertonfc.cz\/index.php\/wp-json\/wp\/v2\/posts"}],"about":[{"href":"https:\/\/evertonfc.cz\/index.php\/wp-json\/wp\/v2\/types\/post"}],"author":[{"embeddable":true,"href":"https:\/\/evertonfc.cz\/index.php\/wp-json\/wp\/v2\/users\/1"}],"replies":[{"embeddable":true,"href":"https:\/\/evertonfc.cz\/index.php\/wp-json\/wp\/v2\/comments?post=12311"}],"version-history":[{"count":3,"href":"https:\/\/evertonfc.cz\/index.php\/wp-json\/wp\/v2\/posts\/12311\/revisions"}],"predecessor-version":[{"id":12320,"href":"https:\/\/evertonfc.cz\/index.php\/wp-json\/wp\/v2\/posts\/12311\/revisions\/12320"}],"wp:featuredmedia":[{"embeddable":true,"href":"https:\/\/evertonfc.cz\/index.php\/wp-json\/wp\/v2\/media\/12312"}],"wp:attachment":[{"href":"https:\/\/evertonfc.cz\/index.php\/wp-json\/wp\/v2\/media?parent=12311"}],"wp:term":[{"taxonomy":"category","embeddable":true,"href":"https:\/\/evertonfc.cz\/index.php\/wp-json\/wp\/v2\/categories?post=12311"},{"taxonomy":"post_tag","embeddable":true,"href":"https:\/\/evertonfc.cz\/index.php\/wp-json\/wp\/v2\/tags?post=12311"}],"curies":[{"name":"wp","href":"https:\/\/api.w.org\/{rel}","templated":true}]}}