{"id":12314,"date":"2020-10-04T22:16:17","date_gmt":"2020-10-04T20:16:17","guid":{"rendered":"https:\/\/evertonfc.cz\/?p=12314"},"modified":"2021-02-08T08:27:14","modified_gmt":"2021-02-08T07:27:14","slug":"kean-hostuje-v-psg","status":"publish","type":"post","link":"https:\/\/evertonfc.cz\/index.php\/2020\/10\/04\/kean-hostuje-v-psg\/","title":{"rendered":"Kean hostuje v PSG"},"content":{"rendered":"<h4>Mlad\u00fd \u00fato\u010dn\u00edk Moise Kean str\u00e1v\u00ed ro\u010dn\u00edk 2020\/21 p\u0159ekvapiv\u011b na hostov\u00e1n\u00ed ve francouzsk\u00e9m velkoklubu Paris Saint-Germain, finalistovi lo\u0148sk\u00e9 edice Ligy mistr\u016f.<\/h4>\n<p>Kylian Mbapp\u00e9, Neymar nebo \u00c1ngel Di Mar\u00eda. Moise Keana \u010dek\u00e1 pod Eiffelovou v\u011b\u017e\u00ed vskutku zaj\u00edmav\u00e1 sez\u00f3na, na druhou stranu s anga\u017em\u00e1 ve \u0161pi\u010dkov\u00e9m klubu m\u00e1 ji\u017e zku\u0161enost. Do Evertonu p\u0159ece p\u0159i\u0161el z Juventusu.<\/p>\n<p>Jeho lo\u0148sk\u00fd transfer z It\u00e1lie na Goodison Park za 25 mili\u00f3n\u016f liber doprov\u00e1zela velk\u00e1 vlna o\u010dek\u00e1v\u00e1n\u00ed. Ta v\u0161ak zat\u00edm z\u016fstala nenapln\u011bna. 20let\u00fd \u00fato\u010dn\u00edk sice plat\u00ed za obrovsk\u00fd talent, \u010dek\u00e1 ho ale je\u0161t\u011b dlouh\u00e1 cesta, aby naplnil sv\u016fj potenci\u00e1l.<\/p>\n<p>Nejl\u00e9pe se pochopiteln\u011b rozv\u00edj\u00ed talent p\u0159\u00edmo na h\u0159i\u0161ti v ostr\u00fdch sout\u011b\u017en\u00edch z\u00e1pasech. Keanovi se pravd\u011bpodobn\u011b necht\u011blo \u010dekat na \u0161anci v Evertonu, kde je moment\u00e1ln\u011b druhou a\u017e t\u0159et\u00ed volbou do \u00fatoku (za Calvertem-Lewinem a Richarlisonem). Loni za Toffees nasko\u010dil do 33 utk\u00e1n\u00edch, p\u0159i\u010dem\u017e pouze osmkr\u00e1t v z\u00e1kladn\u00ed sestav\u011b, a v\u0161ehov\u0161udy zaznamenal jen dv\u011b branky. V nov\u00e9m ro\u010dn\u00edku u\u017e stihl vyrovnat svou lo\u0148skou g\u00f3lovou bilanci, i kdy\u017e nastoupil pouze jednou v z\u00e1kladn\u00ed sestav\u011b a t\u0159ikr\u00e1t st\u0159\u00eddal.<\/p>\n<p>V PSG bude m\u00edt Kean za \u00fakol nahradit \u00fato\u010dn\u00edky Cavaniho a Choupa-Motinga, s nimi\u017e se v l\u00e9t\u011b t\u00fdm veden\u00fd N\u011bmcem Tuchelem rozlou\u010dil. Oba zku\u0161en\u00e1 hro\u0165\u00e1ci p\u0159itom v minul\u00e9m ro\u010dn\u00edku nastoupili do 20 z\u00e1pas\u016f.<\/p>\n<p>Podle neofici\u00e1ln\u00edch, ale ov\u011b\u0159en\u00fdch zdroj\u016f budou Francouzi hradit cel\u00fd Kean\u016fv plat ve v\u00fd\u0161i 50 tis\u00edc liber t\u00fddn\u011b a ve smlouv\u011b o hostov\u00e1n\u00ed nen\u00ed zahrnuta opce na p\u0159estup. V Evertonu pr\u00fd s italsk\u00fdm reprezentantem st\u00e1le po\u010d\u00edtaj\u00ed do budoucna, v\u00edce ale napov\u00ed p\u0159\u00ed\u0161t\u00ed l\u00e9to.<\/p>\n<p>Zat\u00edm nen\u00ed jasn\u00e9, zda Everton p\u0159ivede za Keana n\u00e1hradu. M\u00e9dia hovo\u0159\u00ed o Arkadiuszovi Milikovi \u010di Fernandovi Llorentem, \u00fato\u010dn\u00edc\u00edch Neapole a b\u00fdval\u00fdch sv\u011b\u0159enc\u00edch mana\u017eera Toffees Carla Ancelottiho.<\/p>\n","protected":false},"excerpt":{"rendered":"<p>Mlad\u00fd \u00fato\u010dn\u00edk Moise Kean str\u00e1v\u00ed ro\u010dn\u00edk 2020\/21 p\u0159ekvapiv\u011b na hostov\u00e1n\u00ed ve francouzsk\u00e9m velkoklubu Paris Saint-Germain, finalistovi lo\u0148sk\u00e9 edice Ligy mistr\u016f.<\/p>\n","protected":false},"author":6,"featured_media":12313,"comment_status":"open","ping_status":"closed","sticky":false,"template":"","format":"standard","meta":{"_eb_attr":"","_monsterinsights_skip_tracking":false,"_monsterinsights_sitenote_active":false,"_monsterinsights_sitenote_note":"","_monsterinsights_sitenote_category":0,"footnotes":""},"categories":[41],"tags":[],"yoast_head":"<!-- This site is optimized with the Yoast SEO plugin v23.4 - https:\/\/yoast.com\/wordpress\/plugins\/seo\/ -->\n<title>Kean hostuje v PSG - Official Czech &amp; Slovak Everton Supporters&#039; Club<\/title>\n<meta name=\"description\" content=\"Mlad\u00fd \u00fato\u010dn\u00edk Moise Kean str\u00e1v\u00ed ro\u010dn\u00edk 2020\/21 p\u0159ekvapiv\u011b na hostov\u00e1n\u00ed ve francouzsk\u00e9m velkoklubu Paris St-Germain, finalistovi lo\u0148sk\u00e9 edice Ligy mistr\u016f.\" \/>\n<meta name=\"robots\" content=\"index, follow, max-snippet:-1, max-image-preview:large, max-video-preview:-1\" \/>\n<link rel=\"canonical\" href=\"https:\/\/evertonfc.cz\/index.php\/2020\/10\/04\/kean-hostuje-v-psg\/\" \/>\n<meta property=\"og:locale\" content=\"cs_CZ\" \/>\n<meta property=\"og:type\" content=\"article\" \/>\n<meta property=\"og:title\" content=\"Kean hostuje v PSG - Official Czech &amp; Slovak Everton Supporters&#039; Club\" \/>\n<meta property=\"og:description\" content=\"Mlad\u00fd \u00fato\u010dn\u00edk Moise Kean str\u00e1v\u00ed ro\u010dn\u00edk 2020\/21 p\u0159ekvapiv\u011b na hostov\u00e1n\u00ed ve francouzsk\u00e9m velkoklubu Paris St-Germain, finalistovi lo\u0148sk\u00e9 edice Ligy mistr\u016f.\" \/>\n<meta property=\"og:url\" content=\"https:\/\/evertonfc.cz\/index.php\/2020\/10\/04\/kean-hostuje-v-psg\/\" \/>\n<meta property=\"og:site_name\" content=\"Official Czech &amp; Slovak Everton Supporters&#039; Club\" \/>\n<meta property=\"article:publisher\" content=\"https:\/\/www.facebook.com\/everton.fans.cz.sk\" \/>\n<meta property=\"article:published_time\" content=\"2020-10-04T20:16:17+00:00\" \/>\n<meta property=\"article:modified_time\" content=\"2021-02-08T07:27:14+00:00\" \/>\n<meta property=\"og:image\" content=\"https:\/\/evertonfc.cz\/wp-content\/uploads\/2020\/10\/kean_5_10_2020.jpg\" \/>\n\t<meta property=\"og:image:width\" content=\"720\" \/>\n\t<meta property=\"og:image:height\" content=\"405\" \/>\n\t<meta property=\"og:image:type\" content=\"image\/jpeg\" \/>\n<meta name=\"author\" content=\"Ri\u010di\" \/>\n<meta name=\"twitter:card\" content=\"summary_large_image\" \/>\n<meta name=\"twitter:creator\" content=\"@rbrejsa\" \/>\n<meta name=\"twitter:label1\" content=\"Napsal(a)\" \/>\n\t<meta name=\"twitter:data1\" content=\"Ri\u010di\" \/>\n\t<meta name=\"twitter:label2\" content=\"Odhadovan\u00e1 doba \u010dten\u00ed\" \/>\n\t<meta name=\"twitter:data2\" content=\"2 minuty\" \/>\n<script type=\"application\/ld+json\" class=\"yoast-schema-graph\">{\"@context\":\"https:\/\/schema.org\",\"@graph\":[{\"@type\":\"Article\",\"@id\":\"https:\/\/evertonfc.cz\/index.php\/2020\/10\/04\/kean-hostuje-v-psg\/#article\",\"isPartOf\":{\"@id\":\"https:\/\/evertonfc.cz\/index.php\/2020\/10\/04\/kean-hostuje-v-psg\/\"},\"author\":{\"name\":\"Ri\u010di\",\"@id\":\"https:\/\/evertonfc.cz\/#\/schema\/person\/f7a5daedb2ffee98480bc70e191aaef1\"},\"headline\":\"Kean hostuje v PSG\",\"datePublished\":\"2020-10-04T20:16:17+00:00\",\"dateModified\":\"2021-02-08T07:27:14+00:00\",\"mainEntityOfPage\":{\"@id\":\"https:\/\/evertonfc.cz\/index.php\/2020\/10\/04\/kean-hostuje-v-psg\/\"},\"wordCount\":373,\"commentCount\":8,\"publisher\":{\"@id\":\"https:\/\/evertonfc.cz\/#organization\"},\"image\":{\"@id\":\"https:\/\/evertonfc.cz\/index.php\/2020\/10\/04\/kean-hostuje-v-psg\/#primaryimage\"},\"thumbnailUrl\":\"https:\/\/evertonfc.cz\/wp-content\/uploads\/2020\/10\/kean_5_10_2020.jpg\",\"articleSection\":[\"P\u0159estupy\"],\"inLanguage\":\"cs\",\"potentialAction\":[{\"@type\":\"CommentAction\",\"name\":\"Comment\",\"target\":[\"https:\/\/evertonfc.cz\/index.php\/2020\/10\/04\/kean-hostuje-v-psg\/#respond\"]}]},{\"@type\":\"WebPage\",\"@id\":\"https:\/\/evertonfc.cz\/index.php\/2020\/10\/04\/kean-hostuje-v-psg\/\",\"url\":\"https:\/\/evertonfc.cz\/index.php\/2020\/10\/04\/kean-hostuje-v-psg\/\",\"name\":\"Kean hostuje v PSG - Official Czech &amp; Slovak Everton Supporters&#039; Club\",\"isPartOf\":{\"@id\":\"https:\/\/evertonfc.cz\/#website\"},\"primaryImageOfPage\":{\"@id\":\"https:\/\/evertonfc.cz\/index.php\/2020\/10\/04\/kean-hostuje-v-psg\/#primaryimage\"},\"image\":{\"@id\":\"https:\/\/evertonfc.cz\/index.php\/2020\/10\/04\/kean-hostuje-v-psg\/#primaryimage\"},\"thumbnailUrl\":\"https:\/\/evertonfc.cz\/wp-content\/uploads\/2020\/10\/kean_5_10_2020.jpg\",\"datePublished\":\"2020-10-04T20:16:17+00:00\",\"dateModified\":\"2021-02-08T07:27:14+00:00\",\"description\":\"Mlad\u00fd \u00fato\u010dn\u00edk Moise Kean str\u00e1v\u00ed ro\u010dn\u00edk 2020\/21 p\u0159ekvapiv\u011b na hostov\u00e1n\u00ed ve francouzsk\u00e9m velkoklubu Paris St-Germain, finalistovi lo\u0148sk\u00e9 edice Ligy mistr\u016f.\",\"breadcrumb\":{\"@id\":\"https:\/\/evertonfc.cz\/index.php\/2020\/10\/04\/kean-hostuje-v-psg\/#breadcrumb\"},\"inLanguage\":\"cs\",\"potentialAction\":[{\"@type\":\"ReadAction\",\"target\":[\"https:\/\/evertonfc.cz\/index.php\/2020\/10\/04\/kean-hostuje-v-psg\/\"]}]},{\"@type\":\"ImageObject\",\"inLanguage\":\"cs\",\"@id\":\"https:\/\/evertonfc.cz\/index.php\/2020\/10\/04\/kean-hostuje-v-psg\/#primaryimage\",\"url\":\"https:\/\/evertonfc.cz\/wp-content\/uploads\/2020\/10\/kean_5_10_2020.jpg\",\"contentUrl\":\"https:\/\/evertonfc.cz\/wp-content\/uploads\/2020\/10\/kean_5_10_2020.jpg\",\"width\":720,\"height\":405},{\"@type\":\"BreadcrumbList\",\"@id\":\"https:\/\/evertonfc.cz\/index.php\/2020\/10\/04\/kean-hostuje-v-psg\/#breadcrumb\",\"itemListElement\":[{\"@type\":\"ListItem\",\"position\":1,\"name\":\"Home\",\"item\":\"https:\/\/evertonfc.cz\/\"},{\"@type\":\"ListItem\",\"position\":2,\"name\":\"Kean hostuje v PSG\"}]},{\"@type\":\"WebSite\",\"@id\":\"https:\/\/evertonfc.cz\/#website\",\"url\":\"https:\/\/evertonfc.cz\/\",\"name\":\"Official Czech &amp; Slovak Everton Supporters&#039; Club\",\"description\":\"\",\"publisher\":{\"@id\":\"https:\/\/evertonfc.cz\/#organization\"},\"potentialAction\":[{\"@type\":\"SearchAction\",\"target\":{\"@type\":\"EntryPoint\",\"urlTemplate\":\"https:\/\/evertonfc.cz\/?s={search_term_string}\"},\"query-input\":{\"@type\":\"PropertyValueSpecification\",\"valueRequired\":true,\"valueName\":\"search_term_string\"}}],\"inLanguage\":\"cs\"},{\"@type\":\"Organization\",\"@id\":\"https:\/\/evertonfc.cz\/#organization\",\"name\":\"Official Czech & Slovak Everton Supporters' Club\",\"url\":\"https:\/\/evertonfc.cz\/\",\"logo\":{\"@type\":\"ImageObject\",\"inLanguage\":\"cs\",\"@id\":\"https:\/\/evertonfc.cz\/#\/schema\/logo\/image\/\",\"url\":\"https:\/\/evertonfc.cz\/wp-content\/uploads\/2019\/05\/logo.png\",\"contentUrl\":\"https:\/\/evertonfc.cz\/wp-content\/uploads\/2019\/05\/logo.png\",\"width\":112,\"height\":112,\"caption\":\"Official Czech & Slovak Everton Supporters' Club\"},\"image\":{\"@id\":\"https:\/\/evertonfc.cz\/#\/schema\/logo\/image\/\"},\"sameAs\":[\"https:\/\/www.facebook.com\/everton.fans.cz.sk\"]},{\"@type\":\"Person\",\"@id\":\"https:\/\/evertonfc.cz\/#\/schema\/person\/f7a5daedb2ffee98480bc70e191aaef1\",\"name\":\"Ri\u010di\",\"sameAs\":[\"https:\/\/x.com\/rbrejsa\"],\"url\":\"https:\/\/evertonfc.cz\/index.php\/author\/rici\/\"}]}<\/script>\n<!-- \/ Yoast SEO plugin. -->","yoast_head_json":{"title":"Kean hostuje v PSG - Official Czech &amp; Slovak Everton Supporters&#039; Club","description":"Mlad\u00fd \u00fato\u010dn\u00edk Moise Kean str\u00e1v\u00ed ro\u010dn\u00edk 2020\/21 p\u0159ekvapiv\u011b na hostov\u00e1n\u00ed ve francouzsk\u00e9m velkoklubu Paris St-Germain, finalistovi lo\u0148sk\u00e9 edice Ligy mistr\u016f.","robots":{"index":"index","follow":"follow","max-snippet":"max-snippet:-1","max-image-preview":"max-image-preview:large","max-video-preview":"max-video-preview:-1"},"canonical":"https:\/\/evertonfc.cz\/index.php\/2020\/10\/04\/kean-hostuje-v-psg\/","og_locale":"cs_CZ","og_type":"article","og_title":"Kean hostuje v PSG - Official Czech &amp; Slovak Everton Supporters&#039; Club","og_description":"Mlad\u00fd \u00fato\u010dn\u00edk Moise Kean str\u00e1v\u00ed ro\u010dn\u00edk 2020\/21 p\u0159ekvapiv\u011b na hostov\u00e1n\u00ed ve francouzsk\u00e9m velkoklubu Paris St-Germain, finalistovi lo\u0148sk\u00e9 edice Ligy mistr\u016f.","og_url":"https:\/\/evertonfc.cz\/index.php\/2020\/10\/04\/kean-hostuje-v-psg\/","og_site_name":"Official Czech &amp; Slovak Everton Supporters&#039; Club","article_publisher":"https:\/\/www.facebook.com\/everton.fans.cz.sk","article_published_time":"2020-10-04T20:16:17+00:00","article_modified_time":"2021-02-08T07:27:14+00:00","og_image":[{"width":720,"height":405,"url":"https:\/\/evertonfc.cz\/wp-content\/uploads\/2020\/10\/kean_5_10_2020.jpg","type":"image\/jpeg"}],"author":"Ri\u010di","twitter_card":"summary_large_image","twitter_creator":"@rbrejsa","twitter_misc":{"Napsal(a)":"Ri\u010di","Odhadovan\u00e1 doba \u010dten\u00ed":"2 minuty"},"schema":{"@context":"https:\/\/schema.org","@graph":[{"@type":"Article","@id":"https:\/\/evertonfc.cz\/index.php\/2020\/10\/04\/kean-hostuje-v-psg\/#article","isPartOf":{"@id":"https:\/\/evertonfc.cz\/index.php\/2020\/10\/04\/kean-hostuje-v-psg\/"},"author":{"name":"Ri\u010di","@id":"https:\/\/evertonfc.cz\/#\/schema\/person\/f7a5daedb2ffee98480bc70e191aaef1"},"headline":"Kean hostuje v PSG","datePublished":"2020-10-04T20:16:17+00:00","dateModified":"2021-02-08T07:27:14+00:00","mainEntityOfPage":{"@id":"https:\/\/evertonfc.cz\/index.php\/2020\/10\/04\/kean-hostuje-v-psg\/"},"wordCount":373,"commentCount":8,"publisher":{"@id":"https:\/\/evertonfc.cz\/#organization"},"image":{"@id":"https:\/\/evertonfc.cz\/index.php\/2020\/10\/04\/kean-hostuje-v-psg\/#primaryimage"},"thumbnailUrl":"https:\/\/evertonfc.cz\/wp-content\/uploads\/2020\/10\/kean_5_10_2020.jpg","articleSection":["P\u0159estupy"],"inLanguage":"cs","potentialAction":[{"@type":"CommentAction","name":"Comment","target":["https:\/\/evertonfc.cz\/index.php\/2020\/10\/04\/kean-hostuje-v-psg\/#respond"]}]},{"@type":"WebPage","@id":"https:\/\/evertonfc.cz\/index.php\/2020\/10\/04\/kean-hostuje-v-psg\/","url":"https:\/\/evertonfc.cz\/index.php\/2020\/10\/04\/kean-hostuje-v-psg\/","name":"Kean hostuje v PSG - Official Czech &amp; Slovak Everton Supporters&#039; Club","isPartOf":{"@id":"https:\/\/evertonfc.cz\/#website"},"primaryImageOfPage":{"@id":"https:\/\/evertonfc.cz\/index.php\/2020\/10\/04\/kean-hostuje-v-psg\/#primaryimage"},"image":{"@id":"https:\/\/evertonfc.cz\/index.php\/2020\/10\/04\/kean-hostuje-v-psg\/#primaryimage"},"thumbnailUrl":"https:\/\/evertonfc.cz\/wp-content\/uploads\/2020\/10\/kean_5_10_2020.jpg","datePublished":"2020-10-04T20:16:17+00:00","dateModified":"2021-02-08T07:27:14+00:00","description":"Mlad\u00fd \u00fato\u010dn\u00edk Moise Kean str\u00e1v\u00ed ro\u010dn\u00edk 2020\/21 p\u0159ekvapiv\u011b na hostov\u00e1n\u00ed ve francouzsk\u00e9m velkoklubu Paris St-Germain, finalistovi lo\u0148sk\u00e9 edice Ligy mistr\u016f.","breadcrumb":{"@id":"https:\/\/evertonfc.cz\/index.php\/2020\/10\/04\/kean-hostuje-v-psg\/#breadcrumb"},"inLanguage":"cs","potentialAction":[{"@type":"ReadAction","target":["https:\/\/evertonfc.cz\/index.php\/2020\/10\/04\/kean-hostuje-v-psg\/"]}]},{"@type":"ImageObject","inLanguage":"cs","@id":"https:\/\/evertonfc.cz\/index.php\/2020\/10\/04\/kean-hostuje-v-psg\/#primaryimage","url":"https:\/\/evertonfc.cz\/wp-content\/uploads\/2020\/10\/kean_5_10_2020.jpg","contentUrl":"https:\/\/evertonfc.cz\/wp-content\/uploads\/2020\/10\/kean_5_10_2020.jpg","width":720,"height":405},{"@type":"BreadcrumbList","@id":"https:\/\/evertonfc.cz\/index.php\/2020\/10\/04\/kean-hostuje-v-psg\/#breadcrumb","itemListElement":[{"@type":"ListItem","position":1,"name":"Home","item":"https:\/\/evertonfc.cz\/"},{"@type":"ListItem","position":2,"name":"Kean hostuje v PSG"}]},{"@type":"WebSite","@id":"https:\/\/evertonfc.cz\/#website","url":"https:\/\/evertonfc.cz\/","name":"Official Czech &amp; Slovak Everton Supporters&#039; Club","description":"","publisher":{"@id":"https:\/\/evertonfc.cz\/#organization"},"potentialAction":[{"@type":"SearchAction","target":{"@type":"EntryPoint","urlTemplate":"https:\/\/evertonfc.cz\/?s={search_term_string}"},"query-input":{"@type":"PropertyValueSpecification","valueRequired":true,"valueName":"search_term_string"}}],"inLanguage":"cs"},{"@type":"Organization","@id":"https:\/\/evertonfc.cz\/#organization","name":"Official Czech & Slovak Everton Supporters' Club","url":"https:\/\/evertonfc.cz\/","logo":{"@type":"ImageObject","inLanguage":"cs","@id":"https:\/\/evertonfc.cz\/#\/schema\/logo\/image\/","url":"https:\/\/evertonfc.cz\/wp-content\/uploads\/2019\/05\/logo.png","contentUrl":"https:\/\/evertonfc.cz\/wp-content\/uploads\/2019\/05\/logo.png","width":112,"height":112,"caption":"Official Czech & Slovak Everton Supporters' Club"},"image":{"@id":"https:\/\/evertonfc.cz\/#\/schema\/logo\/image\/"},"sameAs":["https:\/\/www.facebook.com\/everton.fans.cz.sk"]},{"@type":"Person","@id":"https:\/\/evertonfc.cz\/#\/schema\/person\/f7a5daedb2ffee98480bc70e191aaef1","name":"Ri\u010di","sameAs":["https:\/\/x.com\/rbrejsa"],"url":"https:\/\/evertonfc.cz\/index.php\/author\/rici\/"}]}},"_links":{"self":[{"href":"https:\/\/evertonfc.cz\/index.php\/wp-json\/wp\/v2\/posts\/12314"}],"collection":[{"href":"https:\/\/evertonfc.cz\/index.php\/wp-json\/wp\/v2\/posts"}],"about":[{"href":"https:\/\/evertonfc.cz\/index.php\/wp-json\/wp\/v2\/types\/post"}],"author":[{"embeddable":true,"href":"https:\/\/evertonfc.cz\/index.php\/wp-json\/wp\/v2\/users\/6"}],"replies":[{"embeddable":true,"href":"https:\/\/evertonfc.cz\/index.php\/wp-json\/wp\/v2\/comments?post=12314"}],"version-history":[{"count":16,"href":"https:\/\/evertonfc.cz\/index.php\/wp-json\/wp\/v2\/posts\/12314\/revisions"}],"predecessor-version":[{"id":14007,"href":"https:\/\/evertonfc.cz\/index.php\/wp-json\/wp\/v2\/posts\/12314\/revisions\/14007"}],"wp:featuredmedia":[{"embeddable":true,"href":"https:\/\/evertonfc.cz\/index.php\/wp-json\/wp\/v2\/media\/12313"}],"wp:attachment":[{"href":"https:\/\/evertonfc.cz\/index.php\/wp-json\/wp\/v2\/media?parent=12314"}],"wp:term":[{"taxonomy":"category","embeddable":true,"href":"https:\/\/evertonfc.cz\/index.php\/wp-json\/wp\/v2\/categories?post=12314"},{"taxonomy":"post_tag","embeddable":true,"href":"https:\/\/evertonfc.cz\/index.php\/wp-json\/wp\/v2\/tags?post=12314"}],"curies":[{"name":"wp","href":"https:\/\/api.w.org\/{rel}","templated":true}]}}