{"id":12343,"date":"2020-10-05T12:35:34","date_gmt":"2020-10-05T10:35:34","guid":{"rendered":"https:\/\/evertonfc.cz\/?p=12343"},"modified":"2020-10-08T14:17:46","modified_gmt":"2020-10-08T12:17:46","slug":"obranu-vystuzi-godfrey","status":"publish","type":"post","link":"https:\/\/evertonfc.cz\/index.php\/2020\/10\/05\/obranu-vystuzi-godfrey\/","title":{"rendered":"Obranu vystu\u017e\u00ed Godfrey"},"content":{"rendered":"<h4>Everton kone\u010dne adresoval nedostatok stredn\u00fdch obrancov. P\u00e1l\u010div\u00fd probl\u00e9m, ktor\u00fd sa nepodaril vyrie\u0161i\u0165 minul\u00e9 leto, has\u00ed Marcel Brands mlad\u00fdm, perspekt\u00edvnym Angli\u010danom.<\/h4>\n<p>Ben Godfrey. Nov\u00e9 meno s\u00a0\u010d\u00edslom 22, ktor\u00e9 si mus\u00edte zapam\u00e4ta\u0165. T\u00e1to cifra nepredstavuje len tla\u010d na zadnej strane jeho dresu, ale aj vek rod\u00e1ka z\u00a0Yorku. V\u00a0miestnom City tie\u017e futbalovo vyrastal, a\u017e k\u00fdm ho z\u00a0League Two v\u00a0zime 2016 nek\u00fapil Norwich za necel\u00fdch dva a\u00a0pol mili\u00f3na libier spolu s\u00a0bonusmi.<\/p>\n<p>The Toffees pod\u013ea v\u00e4\u010d\u0161iny spr\u00e1v museli t\u00fato sumu zdesa\u0165n\u00e1sobi\u0165. Reprezentant Troch levov do 21 rokov toti\u017e neprich\u00e1dza do Goodison Parku len pre potenci\u00e1l a\u00a0pr\u00eds\u013eub do bud\u00facnosti. Je to plnohodnotn\u00fd \u010dlen k\u00e1dra. V\u00a0minulej sez\u00f3ne odohral za Kan\u00e1rikov v\u00a0Premier League tridsa\u0165 z\u00e1pasov a\u00a0rok predt\u00fdm zohral integr\u00e1lnu rolu v\u00a0zisku titulu v\u00a0Championship, odkia\u013e prich\u00e1dza aj teraz, po zostupe Farkeho t\u00edmu.<\/p>\n<h4><strong>Godfrey \u010derstvo po prestupe:<\/strong><\/h4>\n<blockquote><p><em>\u201eJe to \u010des\u0165 prest\u00fapi\u0165 do Evertonu a\u00a0by\u0165 s\u00fa\u010das\u0165ou tak ve\u013ek\u00e9ho klubu. Som ve\u013emi v\u010fa\u010dn\u00fd za t\u00fato pr\u00edle\u017eitos\u0165 a\u00a0u\u017e sa neviem do\u010dka\u0165 kedy za\u010dnem. Cie\u013e je pre m\u0148a vyhr\u00e1va\u0165 z\u00e1pasy a\u00a0trofeje. R\u00e1d vyhr\u00e1vam. Som emocion\u00e1lny a\u00a0v\u00e1\u0161niv\u00fd \u010dlovek, ktor\u00e9mu z\u00e1le\u017e\u00ed na veciach. Fan\u00fa\u0161ikom m\u00f4\u017eem garantova\u0165, \u017ee v\u017edy kedy som na ihrisku dostan\u00fa zo m\u0148a 110%.\u201c<\/em><\/p><\/blockquote>\n<blockquote class=\"twitter-tweet\" data-width=\"550\" data-dnt=\"true\">\n<p lang=\"en\" dir=\"ltr\">\u270d\ufe0f | It\u2019s good news for the Blues\u2026 ?<a href=\"https:\/\/twitter.com\/hashtag\/WelcomeGodfrey?src=hash&amp;ref_src=twsrc%5Etfw\">#WelcomeGodfrey<\/a> <a href=\"https:\/\/t.co\/ZhcGTRyMXk\">pic.twitter.com\/ZhcGTRyMXk<\/a><\/p>\n<p>&mdash; Everton (@Everton) <a href=\"https:\/\/twitter.com\/Everton\/status\/1313026146355814401?ref_src=twsrc%5Etfw\">October 5, 2020<\/a><\/p><\/blockquote>\n<p><script async src=\"https:\/\/platform.twitter.com\/widgets.js\" charset=\"utf-8\"><\/script><\/p>\n<p>186 centimetrov\u00fd stop\u00e9r alebo defenz\u00edvny z\u00e1lo\u017en\u00edk, ktor\u00fd sa na Merseyside up\u00edsal do roku 2025, \u00a0sa teraz pripoj\u00ed k\u00a0anglickej U21 po boku nov\u00e9ho spoluhr\u00e1\u010da Toma Daviesa na kvalifik\u00e1cii do Eur\u00f3pskeho \u0161ampion\u00e1tu proti Andorre a Turecku. Potom sa vr\u00e1ti a pom\u00f4\u017ee Evertonu pokra\u010dova\u0165 v impozantnom \u00favode sez\u00f3ny.<\/p>\n<h4><strong>O\u00a0svojej univerz\u00e1lnosti:<\/strong><\/h4>\n<blockquote><p><em>\u201eR\u00e1d vn\u00e1\u0161am do hry tempo. R\u00e1d hr\u00e1m odzadu. M\u00f4\u017eem by\u0165 na viacer\u00fdch poz\u00edci\u00e1ch: v\u013eavo alebo vpravo ako stredn\u00fd obranca, hral som aj krajn\u00e9ho obrancu alebo strede z\u00e1lohy. Budem hra\u0165 v\u0161ade, kde to mana\u017e\u00e9r uzn\u00e1 za vhodn\u00e9, preto\u017ee absol\u00fatne ver\u00edm jeho n\u00e1zoru.\u201c<\/em><\/p><\/blockquote>\n<p>Ako sme u\u017e spom\u00ednali, Ben si pre\u0161iel akad\u00e9miou York City. V lete 2011 prest\u00fapil do Middlesbrough, odkia\u013e ho nesk\u00f4r prepustili. Nasledovali sk\u00fa\u0161ky v Leeds United a Sheffielde Wednesday, a\u017e k\u00fdm sa znovu nevr\u00e1til do rodn\u00e9ho City. Debutu v prvom t\u00edme sa potom do\u010dkal ako 17 ro\u010dn\u00fd v auguste 2015.<\/p>\n<p>Len 12 z\u00e1pasov za The Minstermen sta\u010dilo, aby si ho vyhliadol Norwich do jeho ml\u00e1de\u017en\u00edckych \u0161trukt\u00far. Sez\u00f3nu 2017\/18 str\u00e1vil na hos\u0165ovan\u00ed v Shrewsbury Town v League One, s ktor\u00fdmi sa prebojoval a\u017e do fin\u00e1le Play-off. Bolo s\u00edce ne\u00faspe\u0161n\u00e9, no odvtedy sa jeho pokrok nezastavil a zvy\u0161ok u\u017e pozn\u00e1te.<\/p>\n<p style=\"text-align: right;\"><span style=\"font-size: 8pt;\">(fotozdroj: evertonfc.com)<\/span><\/p>\n","protected":false},"excerpt":{"rendered":"<p>Everton kone\u010dne adresoval nedostatok stredn\u00fdch obrancov. P\u00e1l\u010div\u00fd probl\u00e9m, ktor\u00fd sa nepodaril vyrie\u0161i\u0165 minul\u00e9 leto, has\u00ed Marcel Brands mlad\u00fdm, perspekt\u00edvnym Angli\u010danom.<\/p>\n","protected":false},"author":1,"featured_media":12345,"comment_status":"open","ping_status":"closed","sticky":false,"template":"","format":"standard","meta":{"_eb_attr":"","_monsterinsights_skip_tracking":false,"_monsterinsights_sitenote_active":false,"_monsterinsights_sitenote_note":"","_monsterinsights_sitenote_category":0,"footnotes":""},"categories":[41],"tags":[],"yoast_head":"<!-- This site is optimized with the Yoast SEO plugin v23.4 - https:\/\/yoast.com\/wordpress\/plugins\/seo\/ -->\n<title>Obranu vystu\u017e\u00ed Godfrey - Official Czech &amp; Slovak Everton Supporters&#039; Club<\/title>\n<meta name=\"robots\" content=\"index, follow, max-snippet:-1, max-image-preview:large, max-video-preview:-1\" \/>\n<link rel=\"canonical\" href=\"https:\/\/evertonfc.cz\/index.php\/2020\/10\/05\/obranu-vystuzi-godfrey\/\" \/>\n<meta property=\"og:locale\" content=\"cs_CZ\" \/>\n<meta property=\"og:type\" content=\"article\" \/>\n<meta property=\"og:title\" content=\"Obranu vystu\u017e\u00ed Godfrey - Official Czech &amp; Slovak Everton Supporters&#039; Club\" \/>\n<meta property=\"og:description\" content=\"Everton kone\u010dne adresoval nedostatok stredn\u00fdch obrancov. P\u00e1l\u010div\u00fd probl\u00e9m, ktor\u00fd sa nepodaril vyrie\u0161i\u0165 minul\u00e9 leto, has\u00ed Marcel Brands mlad\u00fdm, perspekt\u00edvnym Angli\u010danom.\" \/>\n<meta property=\"og:url\" content=\"https:\/\/evertonfc.cz\/index.php\/2020\/10\/05\/obranu-vystuzi-godfrey\/\" \/>\n<meta property=\"og:site_name\" content=\"Official Czech &amp; Slovak Everton Supporters&#039; Club\" \/>\n<meta property=\"article:publisher\" content=\"https:\/\/www.facebook.com\/everton.fans.cz.sk\" \/>\n<meta property=\"article:published_time\" content=\"2020-10-05T10:35:34+00:00\" \/>\n<meta property=\"article:modified_time\" content=\"2020-10-08T12:17:46+00:00\" \/>\n<meta property=\"og:image\" content=\"https:\/\/evertonfc.cz\/wp-content\/uploads\/2020\/10\/Ben-Godfrey-5-10-2020.jpg\" \/>\n\t<meta property=\"og:image:width\" content=\"720\" \/>\n\t<meta property=\"og:image:height\" content=\"405\" \/>\n\t<meta property=\"og:image:type\" content=\"image\/jpeg\" \/>\n<meta name=\"author\" content=\"BlueBlooded\" \/>\n<meta name=\"twitter:card\" content=\"summary_large_image\" \/>\n<meta name=\"twitter:label1\" content=\"Napsal(a)\" \/>\n\t<meta name=\"twitter:data1\" content=\"BlueBlooded\" \/>\n\t<meta name=\"twitter:label2\" content=\"Odhadovan\u00e1 doba \u010dten\u00ed\" \/>\n\t<meta name=\"twitter:data2\" content=\"3 minuty\" \/>\n<script type=\"application\/ld+json\" class=\"yoast-schema-graph\">{\"@context\":\"https:\/\/schema.org\",\"@graph\":[{\"@type\":\"Article\",\"@id\":\"https:\/\/evertonfc.cz\/index.php\/2020\/10\/05\/obranu-vystuzi-godfrey\/#article\",\"isPartOf\":{\"@id\":\"https:\/\/evertonfc.cz\/index.php\/2020\/10\/05\/obranu-vystuzi-godfrey\/\"},\"author\":{\"name\":\"BlueBlooded\",\"@id\":\"https:\/\/evertonfc.cz\/#\/schema\/person\/d4493b8cbea51532597fbc4685698916\"},\"headline\":\"Obranu vystu\u017e\u00ed Godfrey\",\"datePublished\":\"2020-10-05T10:35:34+00:00\",\"dateModified\":\"2020-10-08T12:17:46+00:00\",\"mainEntityOfPage\":{\"@id\":\"https:\/\/evertonfc.cz\/index.php\/2020\/10\/05\/obranu-vystuzi-godfrey\/\"},\"wordCount\":507,\"commentCount\":3,\"publisher\":{\"@id\":\"https:\/\/evertonfc.cz\/#organization\"},\"image\":{\"@id\":\"https:\/\/evertonfc.cz\/index.php\/2020\/10\/05\/obranu-vystuzi-godfrey\/#primaryimage\"},\"thumbnailUrl\":\"https:\/\/evertonfc.cz\/wp-content\/uploads\/2020\/10\/Ben-Godfrey-5-10-2020.jpg\",\"articleSection\":[\"P\u0159estupy\"],\"inLanguage\":\"cs\",\"potentialAction\":[{\"@type\":\"CommentAction\",\"name\":\"Comment\",\"target\":[\"https:\/\/evertonfc.cz\/index.php\/2020\/10\/05\/obranu-vystuzi-godfrey\/#respond\"]}]},{\"@type\":\"WebPage\",\"@id\":\"https:\/\/evertonfc.cz\/index.php\/2020\/10\/05\/obranu-vystuzi-godfrey\/\",\"url\":\"https:\/\/evertonfc.cz\/index.php\/2020\/10\/05\/obranu-vystuzi-godfrey\/\",\"name\":\"Obranu vystu\u017e\u00ed Godfrey - Official Czech &amp; Slovak Everton Supporters&#039; Club\",\"isPartOf\":{\"@id\":\"https:\/\/evertonfc.cz\/#website\"},\"primaryImageOfPage\":{\"@id\":\"https:\/\/evertonfc.cz\/index.php\/2020\/10\/05\/obranu-vystuzi-godfrey\/#primaryimage\"},\"image\":{\"@id\":\"https:\/\/evertonfc.cz\/index.php\/2020\/10\/05\/obranu-vystuzi-godfrey\/#primaryimage\"},\"thumbnailUrl\":\"https:\/\/evertonfc.cz\/wp-content\/uploads\/2020\/10\/Ben-Godfrey-5-10-2020.jpg\",\"datePublished\":\"2020-10-05T10:35:34+00:00\",\"dateModified\":\"2020-10-08T12:17:46+00:00\",\"breadcrumb\":{\"@id\":\"https:\/\/evertonfc.cz\/index.php\/2020\/10\/05\/obranu-vystuzi-godfrey\/#breadcrumb\"},\"inLanguage\":\"cs\",\"potentialAction\":[{\"@type\":\"ReadAction\",\"target\":[\"https:\/\/evertonfc.cz\/index.php\/2020\/10\/05\/obranu-vystuzi-godfrey\/\"]}]},{\"@type\":\"ImageObject\",\"inLanguage\":\"cs\",\"@id\":\"https:\/\/evertonfc.cz\/index.php\/2020\/10\/05\/obranu-vystuzi-godfrey\/#primaryimage\",\"url\":\"https:\/\/evertonfc.cz\/wp-content\/uploads\/2020\/10\/Ben-Godfrey-5-10-2020.jpg\",\"contentUrl\":\"https:\/\/evertonfc.cz\/wp-content\/uploads\/2020\/10\/Ben-Godfrey-5-10-2020.jpg\",\"width\":720,\"height\":405},{\"@type\":\"BreadcrumbList\",\"@id\":\"https:\/\/evertonfc.cz\/index.php\/2020\/10\/05\/obranu-vystuzi-godfrey\/#breadcrumb\",\"itemListElement\":[{\"@type\":\"ListItem\",\"position\":1,\"name\":\"Home\",\"item\":\"https:\/\/evertonfc.cz\/\"},{\"@type\":\"ListItem\",\"position\":2,\"name\":\"Obranu vystu\u017e\u00ed Godfrey\"}]},{\"@type\":\"WebSite\",\"@id\":\"https:\/\/evertonfc.cz\/#website\",\"url\":\"https:\/\/evertonfc.cz\/\",\"name\":\"Official Czech &amp; Slovak Everton Supporters&#039; Club\",\"description\":\"\",\"publisher\":{\"@id\":\"https:\/\/evertonfc.cz\/#organization\"},\"potentialAction\":[{\"@type\":\"SearchAction\",\"target\":{\"@type\":\"EntryPoint\",\"urlTemplate\":\"https:\/\/evertonfc.cz\/?s={search_term_string}\"},\"query-input\":{\"@type\":\"PropertyValueSpecification\",\"valueRequired\":true,\"valueName\":\"search_term_string\"}}],\"inLanguage\":\"cs\"},{\"@type\":\"Organization\",\"@id\":\"https:\/\/evertonfc.cz\/#organization\",\"name\":\"Official Czech & Slovak Everton Supporters' Club\",\"url\":\"https:\/\/evertonfc.cz\/\",\"logo\":{\"@type\":\"ImageObject\",\"inLanguage\":\"cs\",\"@id\":\"https:\/\/evertonfc.cz\/#\/schema\/logo\/image\/\",\"url\":\"https:\/\/evertonfc.cz\/wp-content\/uploads\/2019\/05\/logo.png\",\"contentUrl\":\"https:\/\/evertonfc.cz\/wp-content\/uploads\/2019\/05\/logo.png\",\"width\":112,\"height\":112,\"caption\":\"Official Czech & Slovak Everton Supporters' Club\"},\"image\":{\"@id\":\"https:\/\/evertonfc.cz\/#\/schema\/logo\/image\/\"},\"sameAs\":[\"https:\/\/www.facebook.com\/everton.fans.cz.sk\"]},{\"@type\":\"Person\",\"@id\":\"https:\/\/evertonfc.cz\/#\/schema\/person\/d4493b8cbea51532597fbc4685698916\",\"name\":\"BlueBlooded\",\"url\":\"https:\/\/evertonfc.cz\/index.php\/author\/admin\/\"}]}<\/script>\n<!-- \/ Yoast SEO plugin. -->","yoast_head_json":{"title":"Obranu vystu\u017e\u00ed Godfrey - Official Czech &amp; Slovak Everton Supporters&#039; Club","robots":{"index":"index","follow":"follow","max-snippet":"max-snippet:-1","max-image-preview":"max-image-preview:large","max-video-preview":"max-video-preview:-1"},"canonical":"https:\/\/evertonfc.cz\/index.php\/2020\/10\/05\/obranu-vystuzi-godfrey\/","og_locale":"cs_CZ","og_type":"article","og_title":"Obranu vystu\u017e\u00ed Godfrey - Official Czech &amp; Slovak Everton Supporters&#039; Club","og_description":"Everton kone\u010dne adresoval nedostatok stredn\u00fdch obrancov. P\u00e1l\u010div\u00fd probl\u00e9m, ktor\u00fd sa nepodaril vyrie\u0161i\u0165 minul\u00e9 leto, has\u00ed Marcel Brands mlad\u00fdm, perspekt\u00edvnym Angli\u010danom.","og_url":"https:\/\/evertonfc.cz\/index.php\/2020\/10\/05\/obranu-vystuzi-godfrey\/","og_site_name":"Official Czech &amp; Slovak Everton Supporters&#039; Club","article_publisher":"https:\/\/www.facebook.com\/everton.fans.cz.sk","article_published_time":"2020-10-05T10:35:34+00:00","article_modified_time":"2020-10-08T12:17:46+00:00","og_image":[{"width":720,"height":405,"url":"https:\/\/evertonfc.cz\/wp-content\/uploads\/2020\/10\/Ben-Godfrey-5-10-2020.jpg","type":"image\/jpeg"}],"author":"BlueBlooded","twitter_card":"summary_large_image","twitter_misc":{"Napsal(a)":"BlueBlooded","Odhadovan\u00e1 doba \u010dten\u00ed":"3 minuty"},"schema":{"@context":"https:\/\/schema.org","@graph":[{"@type":"Article","@id":"https:\/\/evertonfc.cz\/index.php\/2020\/10\/05\/obranu-vystuzi-godfrey\/#article","isPartOf":{"@id":"https:\/\/evertonfc.cz\/index.php\/2020\/10\/05\/obranu-vystuzi-godfrey\/"},"author":{"name":"BlueBlooded","@id":"https:\/\/evertonfc.cz\/#\/schema\/person\/d4493b8cbea51532597fbc4685698916"},"headline":"Obranu vystu\u017e\u00ed Godfrey","datePublished":"2020-10-05T10:35:34+00:00","dateModified":"2020-10-08T12:17:46+00:00","mainEntityOfPage":{"@id":"https:\/\/evertonfc.cz\/index.php\/2020\/10\/05\/obranu-vystuzi-godfrey\/"},"wordCount":507,"commentCount":3,"publisher":{"@id":"https:\/\/evertonfc.cz\/#organization"},"image":{"@id":"https:\/\/evertonfc.cz\/index.php\/2020\/10\/05\/obranu-vystuzi-godfrey\/#primaryimage"},"thumbnailUrl":"https:\/\/evertonfc.cz\/wp-content\/uploads\/2020\/10\/Ben-Godfrey-5-10-2020.jpg","articleSection":["P\u0159estupy"],"inLanguage":"cs","potentialAction":[{"@type":"CommentAction","name":"Comment","target":["https:\/\/evertonfc.cz\/index.php\/2020\/10\/05\/obranu-vystuzi-godfrey\/#respond"]}]},{"@type":"WebPage","@id":"https:\/\/evertonfc.cz\/index.php\/2020\/10\/05\/obranu-vystuzi-godfrey\/","url":"https:\/\/evertonfc.cz\/index.php\/2020\/10\/05\/obranu-vystuzi-godfrey\/","name":"Obranu vystu\u017e\u00ed Godfrey - Official Czech &amp; Slovak Everton Supporters&#039; Club","isPartOf":{"@id":"https:\/\/evertonfc.cz\/#website"},"primaryImageOfPage":{"@id":"https:\/\/evertonfc.cz\/index.php\/2020\/10\/05\/obranu-vystuzi-godfrey\/#primaryimage"},"image":{"@id":"https:\/\/evertonfc.cz\/index.php\/2020\/10\/05\/obranu-vystuzi-godfrey\/#primaryimage"},"thumbnailUrl":"https:\/\/evertonfc.cz\/wp-content\/uploads\/2020\/10\/Ben-Godfrey-5-10-2020.jpg","datePublished":"2020-10-05T10:35:34+00:00","dateModified":"2020-10-08T12:17:46+00:00","breadcrumb":{"@id":"https:\/\/evertonfc.cz\/index.php\/2020\/10\/05\/obranu-vystuzi-godfrey\/#breadcrumb"},"inLanguage":"cs","potentialAction":[{"@type":"ReadAction","target":["https:\/\/evertonfc.cz\/index.php\/2020\/10\/05\/obranu-vystuzi-godfrey\/"]}]},{"@type":"ImageObject","inLanguage":"cs","@id":"https:\/\/evertonfc.cz\/index.php\/2020\/10\/05\/obranu-vystuzi-godfrey\/#primaryimage","url":"https:\/\/evertonfc.cz\/wp-content\/uploads\/2020\/10\/Ben-Godfrey-5-10-2020.jpg","contentUrl":"https:\/\/evertonfc.cz\/wp-content\/uploads\/2020\/10\/Ben-Godfrey-5-10-2020.jpg","width":720,"height":405},{"@type":"BreadcrumbList","@id":"https:\/\/evertonfc.cz\/index.php\/2020\/10\/05\/obranu-vystuzi-godfrey\/#breadcrumb","itemListElement":[{"@type":"ListItem","position":1,"name":"Home","item":"https:\/\/evertonfc.cz\/"},{"@type":"ListItem","position":2,"name":"Obranu vystu\u017e\u00ed Godfrey"}]},{"@type":"WebSite","@id":"https:\/\/evertonfc.cz\/#website","url":"https:\/\/evertonfc.cz\/","name":"Official Czech &amp; Slovak Everton Supporters&#039; Club","description":"","publisher":{"@id":"https:\/\/evertonfc.cz\/#organization"},"potentialAction":[{"@type":"SearchAction","target":{"@type":"EntryPoint","urlTemplate":"https:\/\/evertonfc.cz\/?s={search_term_string}"},"query-input":{"@type":"PropertyValueSpecification","valueRequired":true,"valueName":"search_term_string"}}],"inLanguage":"cs"},{"@type":"Organization","@id":"https:\/\/evertonfc.cz\/#organization","name":"Official Czech & Slovak Everton Supporters' Club","url":"https:\/\/evertonfc.cz\/","logo":{"@type":"ImageObject","inLanguage":"cs","@id":"https:\/\/evertonfc.cz\/#\/schema\/logo\/image\/","url":"https:\/\/evertonfc.cz\/wp-content\/uploads\/2019\/05\/logo.png","contentUrl":"https:\/\/evertonfc.cz\/wp-content\/uploads\/2019\/05\/logo.png","width":112,"height":112,"caption":"Official Czech & Slovak Everton Supporters' Club"},"image":{"@id":"https:\/\/evertonfc.cz\/#\/schema\/logo\/image\/"},"sameAs":["https:\/\/www.facebook.com\/everton.fans.cz.sk"]},{"@type":"Person","@id":"https:\/\/evertonfc.cz\/#\/schema\/person\/d4493b8cbea51532597fbc4685698916","name":"BlueBlooded","url":"https:\/\/evertonfc.cz\/index.php\/author\/admin\/"}]}},"_links":{"self":[{"href":"https:\/\/evertonfc.cz\/index.php\/wp-json\/wp\/v2\/posts\/12343"}],"collection":[{"href":"https:\/\/evertonfc.cz\/index.php\/wp-json\/wp\/v2\/posts"}],"about":[{"href":"https:\/\/evertonfc.cz\/index.php\/wp-json\/wp\/v2\/types\/post"}],"author":[{"embeddable":true,"href":"https:\/\/evertonfc.cz\/index.php\/wp-json\/wp\/v2\/users\/1"}],"replies":[{"embeddable":true,"href":"https:\/\/evertonfc.cz\/index.php\/wp-json\/wp\/v2\/comments?post=12343"}],"version-history":[{"count":4,"href":"https:\/\/evertonfc.cz\/index.php\/wp-json\/wp\/v2\/posts\/12343\/revisions"}],"predecessor-version":[{"id":12406,"href":"https:\/\/evertonfc.cz\/index.php\/wp-json\/wp\/v2\/posts\/12343\/revisions\/12406"}],"wp:featuredmedia":[{"embeddable":true,"href":"https:\/\/evertonfc.cz\/index.php\/wp-json\/wp\/v2\/media\/12345"}],"wp:attachment":[{"href":"https:\/\/evertonfc.cz\/index.php\/wp-json\/wp\/v2\/media?parent=12343"}],"wp:term":[{"taxonomy":"category","embeddable":true,"href":"https:\/\/evertonfc.cz\/index.php\/wp-json\/wp\/v2\/categories?post=12343"},{"taxonomy":"post_tag","embeddable":true,"href":"https:\/\/evertonfc.cz\/index.php\/wp-json\/wp\/v2\/tags?post=12343"}],"curies":[{"name":"wp","href":"https:\/\/api.w.org\/{rel}","templated":true}]}}