{"id":12357,"date":"2020-10-05T23:33:30","date_gmt":"2020-10-05T21:33:30","guid":{"rendered":"https:\/\/evertonfc.cz\/?p=12357"},"modified":"2021-02-08T08:27:06","modified_gmt":"2021-02-08T07:27:06","slug":"walcott-hostem-u-saints","status":"publish","type":"post","link":"https:\/\/evertonfc.cz\/index.php\/2020\/10\/05\/walcott-hostem-u-saints\/","title":{"rendered":"Walcott hostem u Saints"},"content":{"rendered":"<h4>Zku\u0161en\u00fd Theo Walcott se rok p\u0159ed koncem smlouvy lou\u010d\u00ed s Evertonem. Formou hostov\u00e1n\u00ed do konce sez\u00f3ny se po 14 letech vrac\u00ed do Southamptonu, sv\u00e9ho mate\u0159sk\u00e9ho celku.<\/h4>\n<p>Rychlonoh\u00fd k\u0159\u00eddeln\u00edk dorazil na Goodison Park p\u0159ed dv\u011bma a p\u016fl lety z Arsenalu za 20 milion\u016f liber. Ve sv\u00fdch 28 letech jako zku\u0161en\u00fdch anglick\u00fd reprezentant s t\u00e9m\u011b\u0159 50 starty p\u0159estupoval do Evertonu s motivac\u00ed st\u00e1t se l\u00eddrem t\u00fdmu a pomoct mu k posunu mezi anglickou \u0161pi\u010dku.<\/p>\n<p>A tehdej\u0161\u00ed vysn\u011bn\u00e1 posila mana\u017eera Sama Allardycea zah\u00e1jila sv\u00e9 p\u016fsoben\u00ed v modr\u00e9m dresu vskutku impozantn\u011b, v prvn\u00edch dvou startech se uvedla dv\u011bma brankami a asistenc\u00ed. Do konce ro\u010dn\u00edku 2017\/18 potom pod\u00e1vala slu\u0161n\u00e9 v\u00fdkony a p\u0159idala dal\u0161\u00ed g\u00f3l a dv\u011b p\u0159ihr\u00e1vky.<\/p>\n<p>Nad\u011bjn\u00fd p\u016flrok ale m\u00edsto napl\u0148ov\u00e1n\u00ed neskromn\u00fdch ambic\u00ed vyst\u0159\u00eddal pomal\u00fd v\u00fdkonnostn\u00ed \u00fapadek. S\u00a0nov\u00fdm mana\u017eerem Marcem Silvou p\u0159e\u0161el Everton od s\u00e1zky na brejky k\u00a0v\u00edce kombina\u010dn\u00edmu stylu hry, v\u00a0n\u011bm\u017e se zbrkl\u00fd a kreativn\u011b slab\u0161\u00ed Walcott ztr\u00e1cel.<\/p>\n<p>I kdy\u017e v sez\u00f3n\u00e1ch 2018\/19 a 2019\/20 nastupoval pravideln\u011b, jeho p\u0159\u00ednos pro t\u00fdm se omezil jen <a href=\"https:\/\/youtu.be\/jwolaBPtmrw?t=90\" target=\"_blank\" rel=\"noopener noreferrer\">na n\u011bkolik sv\u011btl\u00fdch moment\u016f<\/a>. Everton nyn\u00ed opou\u0161t\u00ed s bilanc\u00ed 85 odehran\u00fdch z\u00e1pas\u016f, v nich\u017e zaknihoval podpr\u016fm\u011brn\u00fdch 11 branek a dev\u011bt asistenc\u00ed. Pl\u00e1novanou oporou se nikdy nestal a Blues paradoxn\u011b opou\u0161t\u00ed pr\u00e1v\u011b v moment, kdy kone\u010dn\u011b za dlouhou dobu za\u010d\u00ednaj\u00ed vypadat jako konkurenceschopn\u00ed.<\/p>\n<p>Podle neofici\u00e1ln\u00edch zpr\u00e1v bude Southampton hradit pouhou polovinu Walcottova t\u00fddenn\u00edho platu ve v\u00fd\u0161i 100 tis\u00edc liber. Toffees tak budou a\u017e do \u010dervna 2021 hradit nemalou \u010d\u00e1stku sv\u00e9 n\u011bkdej\u0161\u00ed velk\u00e9 20milionov\u00e9 posily, kter\u00e1 je posl\u00e9ze v\u00a0tichosti jako voln\u00fd hr\u00e1\u010d opust\u00ed po vypr\u0161en\u00ed smlouvy.<\/p>\n","protected":false},"excerpt":{"rendered":"<p>Zku\u0161en\u00fd Theo Walcott se rok p\u0159ed koncem smlouvy lou\u010d\u00ed s Evertonem. Formou hostov\u00e1n\u00ed do konce sez\u00f3ny se po 14 letech vrac\u00ed do Southamptonu, sv\u00e9ho mate\u0159sk\u00e9ho celku.<\/p>\n","protected":false},"author":6,"featured_media":12356,"comment_status":"open","ping_status":"closed","sticky":false,"template":"","format":"standard","meta":{"_eb_attr":"","_monsterinsights_skip_tracking":false,"_monsterinsights_sitenote_active":false,"_monsterinsights_sitenote_note":"","_monsterinsights_sitenote_category":0,"footnotes":""},"categories":[41],"tags":[],"yoast_head":"<!-- This site is optimized with the Yoast SEO plugin v23.4 - https:\/\/yoast.com\/wordpress\/plugins\/seo\/ -->\n<title>Walcott hostem u Saints - Official Czech &amp; Slovak Everton Supporters&#039; Club<\/title>\n<meta name=\"description\" content=\"Zku\u0161en\u00fd Theo Walcott se rok p\u0159ed koncem smlouvy lou\u010d\u00ed s Evertonem. Formou hostov\u00e1n\u00ed do konce sez\u00f3ny se po 14 letech vrac\u00ed do Southamptonu, sv\u00e9ho mate\u0159sk\u00e9ho celku.\" \/>\n<meta name=\"robots\" content=\"index, follow, max-snippet:-1, max-image-preview:large, max-video-preview:-1\" \/>\n<link rel=\"canonical\" href=\"https:\/\/evertonfc.cz\/index.php\/2020\/10\/05\/walcott-hostem-u-saints\/\" \/>\n<meta property=\"og:locale\" content=\"cs_CZ\" \/>\n<meta property=\"og:type\" content=\"article\" \/>\n<meta property=\"og:title\" content=\"Walcott hostem u Saints - Official Czech &amp; Slovak Everton Supporters&#039; Club\" \/>\n<meta property=\"og:description\" content=\"Zku\u0161en\u00fd Theo Walcott se rok p\u0159ed koncem smlouvy lou\u010d\u00ed s Evertonem. Formou hostov\u00e1n\u00ed do konce sez\u00f3ny se po 14 letech vrac\u00ed do Southamptonu, sv\u00e9ho mate\u0159sk\u00e9ho celku.\" \/>\n<meta property=\"og:url\" content=\"https:\/\/evertonfc.cz\/index.php\/2020\/10\/05\/walcott-hostem-u-saints\/\" \/>\n<meta property=\"og:site_name\" content=\"Official Czech &amp; Slovak Everton Supporters&#039; Club\" \/>\n<meta property=\"article:publisher\" content=\"https:\/\/www.facebook.com\/everton.fans.cz.sk\" \/>\n<meta property=\"article:published_time\" content=\"2020-10-05T21:33:30+00:00\" \/>\n<meta property=\"article:modified_time\" content=\"2021-02-08T07:27:06+00:00\" \/>\n<meta property=\"og:image\" content=\"https:\/\/evertonfc.cz\/wp-content\/uploads\/2020\/10\/walcott_5_10_2020.jpg\" \/>\n\t<meta property=\"og:image:width\" content=\"720\" \/>\n\t<meta property=\"og:image:height\" content=\"405\" \/>\n\t<meta property=\"og:image:type\" content=\"image\/jpeg\" \/>\n<meta name=\"author\" content=\"Ri\u010di\" \/>\n<meta name=\"twitter:card\" content=\"summary_large_image\" \/>\n<meta name=\"twitter:creator\" content=\"@rbrejsa\" \/>\n<meta name=\"twitter:label1\" content=\"Napsal(a)\" \/>\n\t<meta name=\"twitter:data1\" content=\"Ri\u010di\" \/>\n\t<meta name=\"twitter:label2\" content=\"Odhadovan\u00e1 doba \u010dten\u00ed\" \/>\n\t<meta name=\"twitter:data2\" content=\"2 minuty\" \/>\n<script type=\"application\/ld+json\" class=\"yoast-schema-graph\">{\"@context\":\"https:\/\/schema.org\",\"@graph\":[{\"@type\":\"Article\",\"@id\":\"https:\/\/evertonfc.cz\/index.php\/2020\/10\/05\/walcott-hostem-u-saints\/#article\",\"isPartOf\":{\"@id\":\"https:\/\/evertonfc.cz\/index.php\/2020\/10\/05\/walcott-hostem-u-saints\/\"},\"author\":{\"name\":\"Ri\u010di\",\"@id\":\"https:\/\/evertonfc.cz\/#\/schema\/person\/f7a5daedb2ffee98480bc70e191aaef1\"},\"headline\":\"Walcott hostem u Saints\",\"datePublished\":\"2020-10-05T21:33:30+00:00\",\"dateModified\":\"2021-02-08T07:27:06+00:00\",\"mainEntityOfPage\":{\"@id\":\"https:\/\/evertonfc.cz\/index.php\/2020\/10\/05\/walcott-hostem-u-saints\/\"},\"wordCount\":326,\"commentCount\":4,\"publisher\":{\"@id\":\"https:\/\/evertonfc.cz\/#organization\"},\"image\":{\"@id\":\"https:\/\/evertonfc.cz\/index.php\/2020\/10\/05\/walcott-hostem-u-saints\/#primaryimage\"},\"thumbnailUrl\":\"https:\/\/evertonfc.cz\/wp-content\/uploads\/2020\/10\/walcott_5_10_2020.jpg\",\"articleSection\":[\"P\u0159estupy\"],\"inLanguage\":\"cs\",\"potentialAction\":[{\"@type\":\"CommentAction\",\"name\":\"Comment\",\"target\":[\"https:\/\/evertonfc.cz\/index.php\/2020\/10\/05\/walcott-hostem-u-saints\/#respond\"]}]},{\"@type\":\"WebPage\",\"@id\":\"https:\/\/evertonfc.cz\/index.php\/2020\/10\/05\/walcott-hostem-u-saints\/\",\"url\":\"https:\/\/evertonfc.cz\/index.php\/2020\/10\/05\/walcott-hostem-u-saints\/\",\"name\":\"Walcott hostem u Saints - Official Czech &amp; Slovak Everton Supporters&#039; Club\",\"isPartOf\":{\"@id\":\"https:\/\/evertonfc.cz\/#website\"},\"primaryImageOfPage\":{\"@id\":\"https:\/\/evertonfc.cz\/index.php\/2020\/10\/05\/walcott-hostem-u-saints\/#primaryimage\"},\"image\":{\"@id\":\"https:\/\/evertonfc.cz\/index.php\/2020\/10\/05\/walcott-hostem-u-saints\/#primaryimage\"},\"thumbnailUrl\":\"https:\/\/evertonfc.cz\/wp-content\/uploads\/2020\/10\/walcott_5_10_2020.jpg\",\"datePublished\":\"2020-10-05T21:33:30+00:00\",\"dateModified\":\"2021-02-08T07:27:06+00:00\",\"description\":\"Zku\u0161en\u00fd Theo Walcott se rok p\u0159ed koncem smlouvy lou\u010d\u00ed s Evertonem. Formou hostov\u00e1n\u00ed do konce sez\u00f3ny se po 14 letech vrac\u00ed do Southamptonu, sv\u00e9ho mate\u0159sk\u00e9ho celku.\",\"breadcrumb\":{\"@id\":\"https:\/\/evertonfc.cz\/index.php\/2020\/10\/05\/walcott-hostem-u-saints\/#breadcrumb\"},\"inLanguage\":\"cs\",\"potentialAction\":[{\"@type\":\"ReadAction\",\"target\":[\"https:\/\/evertonfc.cz\/index.php\/2020\/10\/05\/walcott-hostem-u-saints\/\"]}]},{\"@type\":\"ImageObject\",\"inLanguage\":\"cs\",\"@id\":\"https:\/\/evertonfc.cz\/index.php\/2020\/10\/05\/walcott-hostem-u-saints\/#primaryimage\",\"url\":\"https:\/\/evertonfc.cz\/wp-content\/uploads\/2020\/10\/walcott_5_10_2020.jpg\",\"contentUrl\":\"https:\/\/evertonfc.cz\/wp-content\/uploads\/2020\/10\/walcott_5_10_2020.jpg\",\"width\":720,\"height\":405},{\"@type\":\"BreadcrumbList\",\"@id\":\"https:\/\/evertonfc.cz\/index.php\/2020\/10\/05\/walcott-hostem-u-saints\/#breadcrumb\",\"itemListElement\":[{\"@type\":\"ListItem\",\"position\":1,\"name\":\"Home\",\"item\":\"https:\/\/evertonfc.cz\/\"},{\"@type\":\"ListItem\",\"position\":2,\"name\":\"Walcott hostem u Saints\"}]},{\"@type\":\"WebSite\",\"@id\":\"https:\/\/evertonfc.cz\/#website\",\"url\":\"https:\/\/evertonfc.cz\/\",\"name\":\"Official Czech &amp; Slovak Everton Supporters&#039; Club\",\"description\":\"\",\"publisher\":{\"@id\":\"https:\/\/evertonfc.cz\/#organization\"},\"potentialAction\":[{\"@type\":\"SearchAction\",\"target\":{\"@type\":\"EntryPoint\",\"urlTemplate\":\"https:\/\/evertonfc.cz\/?s={search_term_string}\"},\"query-input\":{\"@type\":\"PropertyValueSpecification\",\"valueRequired\":true,\"valueName\":\"search_term_string\"}}],\"inLanguage\":\"cs\"},{\"@type\":\"Organization\",\"@id\":\"https:\/\/evertonfc.cz\/#organization\",\"name\":\"Official Czech & Slovak Everton Supporters' Club\",\"url\":\"https:\/\/evertonfc.cz\/\",\"logo\":{\"@type\":\"ImageObject\",\"inLanguage\":\"cs\",\"@id\":\"https:\/\/evertonfc.cz\/#\/schema\/logo\/image\/\",\"url\":\"https:\/\/evertonfc.cz\/wp-content\/uploads\/2019\/05\/logo.png\",\"contentUrl\":\"https:\/\/evertonfc.cz\/wp-content\/uploads\/2019\/05\/logo.png\",\"width\":112,\"height\":112,\"caption\":\"Official Czech & Slovak Everton Supporters' Club\"},\"image\":{\"@id\":\"https:\/\/evertonfc.cz\/#\/schema\/logo\/image\/\"},\"sameAs\":[\"https:\/\/www.facebook.com\/everton.fans.cz.sk\"]},{\"@type\":\"Person\",\"@id\":\"https:\/\/evertonfc.cz\/#\/schema\/person\/f7a5daedb2ffee98480bc70e191aaef1\",\"name\":\"Ri\u010di\",\"sameAs\":[\"https:\/\/x.com\/rbrejsa\"],\"url\":\"https:\/\/evertonfc.cz\/index.php\/author\/rici\/\"}]}<\/script>\n<!-- \/ Yoast SEO plugin. -->","yoast_head_json":{"title":"Walcott hostem u Saints - Official Czech &amp; Slovak Everton Supporters&#039; Club","description":"Zku\u0161en\u00fd Theo Walcott se rok p\u0159ed koncem smlouvy lou\u010d\u00ed s Evertonem. Formou hostov\u00e1n\u00ed do konce sez\u00f3ny se po 14 letech vrac\u00ed do Southamptonu, sv\u00e9ho mate\u0159sk\u00e9ho celku.","robots":{"index":"index","follow":"follow","max-snippet":"max-snippet:-1","max-image-preview":"max-image-preview:large","max-video-preview":"max-video-preview:-1"},"canonical":"https:\/\/evertonfc.cz\/index.php\/2020\/10\/05\/walcott-hostem-u-saints\/","og_locale":"cs_CZ","og_type":"article","og_title":"Walcott hostem u Saints - Official Czech &amp; Slovak Everton Supporters&#039; Club","og_description":"Zku\u0161en\u00fd Theo Walcott se rok p\u0159ed koncem smlouvy lou\u010d\u00ed s Evertonem. Formou hostov\u00e1n\u00ed do konce sez\u00f3ny se po 14 letech vrac\u00ed do Southamptonu, sv\u00e9ho mate\u0159sk\u00e9ho celku.","og_url":"https:\/\/evertonfc.cz\/index.php\/2020\/10\/05\/walcott-hostem-u-saints\/","og_site_name":"Official Czech &amp; Slovak Everton Supporters&#039; Club","article_publisher":"https:\/\/www.facebook.com\/everton.fans.cz.sk","article_published_time":"2020-10-05T21:33:30+00:00","article_modified_time":"2021-02-08T07:27:06+00:00","og_image":[{"width":720,"height":405,"url":"https:\/\/evertonfc.cz\/wp-content\/uploads\/2020\/10\/walcott_5_10_2020.jpg","type":"image\/jpeg"}],"author":"Ri\u010di","twitter_card":"summary_large_image","twitter_creator":"@rbrejsa","twitter_misc":{"Napsal(a)":"Ri\u010di","Odhadovan\u00e1 doba \u010dten\u00ed":"2 minuty"},"schema":{"@context":"https:\/\/schema.org","@graph":[{"@type":"Article","@id":"https:\/\/evertonfc.cz\/index.php\/2020\/10\/05\/walcott-hostem-u-saints\/#article","isPartOf":{"@id":"https:\/\/evertonfc.cz\/index.php\/2020\/10\/05\/walcott-hostem-u-saints\/"},"author":{"name":"Ri\u010di","@id":"https:\/\/evertonfc.cz\/#\/schema\/person\/f7a5daedb2ffee98480bc70e191aaef1"},"headline":"Walcott hostem u Saints","datePublished":"2020-10-05T21:33:30+00:00","dateModified":"2021-02-08T07:27:06+00:00","mainEntityOfPage":{"@id":"https:\/\/evertonfc.cz\/index.php\/2020\/10\/05\/walcott-hostem-u-saints\/"},"wordCount":326,"commentCount":4,"publisher":{"@id":"https:\/\/evertonfc.cz\/#organization"},"image":{"@id":"https:\/\/evertonfc.cz\/index.php\/2020\/10\/05\/walcott-hostem-u-saints\/#primaryimage"},"thumbnailUrl":"https:\/\/evertonfc.cz\/wp-content\/uploads\/2020\/10\/walcott_5_10_2020.jpg","articleSection":["P\u0159estupy"],"inLanguage":"cs","potentialAction":[{"@type":"CommentAction","name":"Comment","target":["https:\/\/evertonfc.cz\/index.php\/2020\/10\/05\/walcott-hostem-u-saints\/#respond"]}]},{"@type":"WebPage","@id":"https:\/\/evertonfc.cz\/index.php\/2020\/10\/05\/walcott-hostem-u-saints\/","url":"https:\/\/evertonfc.cz\/index.php\/2020\/10\/05\/walcott-hostem-u-saints\/","name":"Walcott hostem u Saints - Official Czech &amp; Slovak Everton Supporters&#039; Club","isPartOf":{"@id":"https:\/\/evertonfc.cz\/#website"},"primaryImageOfPage":{"@id":"https:\/\/evertonfc.cz\/index.php\/2020\/10\/05\/walcott-hostem-u-saints\/#primaryimage"},"image":{"@id":"https:\/\/evertonfc.cz\/index.php\/2020\/10\/05\/walcott-hostem-u-saints\/#primaryimage"},"thumbnailUrl":"https:\/\/evertonfc.cz\/wp-content\/uploads\/2020\/10\/walcott_5_10_2020.jpg","datePublished":"2020-10-05T21:33:30+00:00","dateModified":"2021-02-08T07:27:06+00:00","description":"Zku\u0161en\u00fd Theo Walcott se rok p\u0159ed koncem smlouvy lou\u010d\u00ed s Evertonem. Formou hostov\u00e1n\u00ed do konce sez\u00f3ny se po 14 letech vrac\u00ed do Southamptonu, sv\u00e9ho mate\u0159sk\u00e9ho celku.","breadcrumb":{"@id":"https:\/\/evertonfc.cz\/index.php\/2020\/10\/05\/walcott-hostem-u-saints\/#breadcrumb"},"inLanguage":"cs","potentialAction":[{"@type":"ReadAction","target":["https:\/\/evertonfc.cz\/index.php\/2020\/10\/05\/walcott-hostem-u-saints\/"]}]},{"@type":"ImageObject","inLanguage":"cs","@id":"https:\/\/evertonfc.cz\/index.php\/2020\/10\/05\/walcott-hostem-u-saints\/#primaryimage","url":"https:\/\/evertonfc.cz\/wp-content\/uploads\/2020\/10\/walcott_5_10_2020.jpg","contentUrl":"https:\/\/evertonfc.cz\/wp-content\/uploads\/2020\/10\/walcott_5_10_2020.jpg","width":720,"height":405},{"@type":"BreadcrumbList","@id":"https:\/\/evertonfc.cz\/index.php\/2020\/10\/05\/walcott-hostem-u-saints\/#breadcrumb","itemListElement":[{"@type":"ListItem","position":1,"name":"Home","item":"https:\/\/evertonfc.cz\/"},{"@type":"ListItem","position":2,"name":"Walcott hostem u Saints"}]},{"@type":"WebSite","@id":"https:\/\/evertonfc.cz\/#website","url":"https:\/\/evertonfc.cz\/","name":"Official Czech &amp; Slovak Everton Supporters&#039; Club","description":"","publisher":{"@id":"https:\/\/evertonfc.cz\/#organization"},"potentialAction":[{"@type":"SearchAction","target":{"@type":"EntryPoint","urlTemplate":"https:\/\/evertonfc.cz\/?s={search_term_string}"},"query-input":{"@type":"PropertyValueSpecification","valueRequired":true,"valueName":"search_term_string"}}],"inLanguage":"cs"},{"@type":"Organization","@id":"https:\/\/evertonfc.cz\/#organization","name":"Official Czech & Slovak Everton Supporters' Club","url":"https:\/\/evertonfc.cz\/","logo":{"@type":"ImageObject","inLanguage":"cs","@id":"https:\/\/evertonfc.cz\/#\/schema\/logo\/image\/","url":"https:\/\/evertonfc.cz\/wp-content\/uploads\/2019\/05\/logo.png","contentUrl":"https:\/\/evertonfc.cz\/wp-content\/uploads\/2019\/05\/logo.png","width":112,"height":112,"caption":"Official Czech & Slovak Everton Supporters' Club"},"image":{"@id":"https:\/\/evertonfc.cz\/#\/schema\/logo\/image\/"},"sameAs":["https:\/\/www.facebook.com\/everton.fans.cz.sk"]},{"@type":"Person","@id":"https:\/\/evertonfc.cz\/#\/schema\/person\/f7a5daedb2ffee98480bc70e191aaef1","name":"Ri\u010di","sameAs":["https:\/\/x.com\/rbrejsa"],"url":"https:\/\/evertonfc.cz\/index.php\/author\/rici\/"}]}},"_links":{"self":[{"href":"https:\/\/evertonfc.cz\/index.php\/wp-json\/wp\/v2\/posts\/12357"}],"collection":[{"href":"https:\/\/evertonfc.cz\/index.php\/wp-json\/wp\/v2\/posts"}],"about":[{"href":"https:\/\/evertonfc.cz\/index.php\/wp-json\/wp\/v2\/types\/post"}],"author":[{"embeddable":true,"href":"https:\/\/evertonfc.cz\/index.php\/wp-json\/wp\/v2\/users\/6"}],"replies":[{"embeddable":true,"href":"https:\/\/evertonfc.cz\/index.php\/wp-json\/wp\/v2\/comments?post=12357"}],"version-history":[{"count":7,"href":"https:\/\/evertonfc.cz\/index.php\/wp-json\/wp\/v2\/posts\/12357\/revisions"}],"predecessor-version":[{"id":14006,"href":"https:\/\/evertonfc.cz\/index.php\/wp-json\/wp\/v2\/posts\/12357\/revisions\/14006"}],"wp:featuredmedia":[{"embeddable":true,"href":"https:\/\/evertonfc.cz\/index.php\/wp-json\/wp\/v2\/media\/12356"}],"wp:attachment":[{"href":"https:\/\/evertonfc.cz\/index.php\/wp-json\/wp\/v2\/media?parent=12357"}],"wp:term":[{"taxonomy":"category","embeddable":true,"href":"https:\/\/evertonfc.cz\/index.php\/wp-json\/wp\/v2\/categories?post=12357"},{"taxonomy":"post_tag","embeddable":true,"href":"https:\/\/evertonfc.cz\/index.php\/wp-json\/wp\/v2\/tags?post=12357"}],"curies":[{"name":"wp","href":"https:\/\/api.w.org\/{rel}","templated":true}]}}